{"id":383,"date":"2004-12-18T13:18:00","date_gmt":"2004-12-18T13:18:00","guid":{"rendered":"https:\/\/bozsogiattila.hu\/?p=383"},"modified":"2024-01-06T15:16:26","modified_gmt":"2024-01-06T15:16:26","slug":"karacsony","status":"publish","type":"post","link":"https:\/\/bozsogiattila.hu\/?p=383","title":{"rendered":"KAR\u00c1CSONY"},"content":{"rendered":"\n<p class=\"wp-block-paragraph\">KAR\u00c1CSONY<\/p>\n\n\n\n<p class=\"wp-block-paragraph\">Kar\u00e1csony van elj\u00f6tt v\u00e9gre,<br>Mindenfel\u00e9 k\u00e9sz\u00fcl\u0151dnek,<br>Feny\u0151f\u00e1kat d\u00edsz\u00edtenek,<br>S \u00edgy kezd\u0151dik el az \u00fcnnep.<\/p>\n\n\n\n<p class=\"wp-block-paragraph\">Gyermek, feln\u0151tt, id\u0151s \u00e9s agg,<br>V\u00e1rva-v\u00e1rta szeg\u00e9ny s gazdag.<br>A szeretetnek \u00fcnnep\u00e9n,<br>E forr\u00f3 \u00e9rz\u00e9s sz\u00edv\u00fcnkben \u00e9l.<\/p>\n\n\n\n<p class=\"wp-block-paragraph\">A kis J\u00e9zus N\u00e1z\u00e1retben,<br>Vil\u00e1gra j\u00f6tt s megsz\u00fcletett,<br>J\u00e1szol k\u00f6r\u00fcl m\u00e9cses \u00e9gett,<br>S boldog sz\u00fcl\u0151k t\u00e9rdepeltek.<\/p>\n\n\n\n<p class=\"wp-block-paragraph\">A szenteste hangulata,<br>\u00darr\u00e1 lesz most mifelett\u00fcnk,<br>\/A\/Megv\u00e1lt\u00f3ra eml\u00e9kez\u00fcnk,<br>Ki kereszten halt \u00e9rett\u00fcnk.<\/p>\n\n\n\n<p class=\"wp-block-paragraph\">B\u00fcszk\u00e9n \u00e1ll a kar\u00e1csonyfa,<br>A h\u00e1zakban, a szob\u00e1kban,<br>F\u0151tereken, \u00fczletekben,<br>\u00d3vod\u00e1kban, iskol\u00e1kban.<\/p>\n\n\n\n<p class=\"wp-block-paragraph\">Csillagsz\u00f3r\u00f3, szaloncukor,<br>D\u00edszek, gyerty\u00e1k vannak rajta.<br>K\u00f6r\u00fcl\u00e1llja azt mindenki,<br>Sok aj\u00e1nd\u00e9k van alatta.<\/p>\n\n\n\n<p class=\"wp-block-paragraph\">Ki-ki aj\u00e1nd\u00e9k\u00e1t fogja<br>\u00c9s ser\u00e9nyen bontogatja,<br>Mint egy m\u00e9hkasnak zsong\u00e1sa,<br>Olyan a csal\u00e1dok h\u00e1za.<\/p>\n\n\n\n<p class=\"wp-block-paragraph\">Nincs boldogabb ann\u00e1l ki ad,<br>Tal\u00e1n csak az, aki kaphat.<br>Szem\u00fcnk csillog, sz\u00edv\u00fcnk \u00f6r\u00fcl,<br>\/A\/ csillagos \u00e9g is kider\u00fcl.<\/p>\n\n\n\n<p class=\"wp-block-paragraph\">Csengetnek \u00e9s csilingelnek,<br>J\u00e1t\u00e9kos gyermekek j\u00f6nnek.<br>Nagy betlehemet cipelnek,<br>S kintr\u0151l bebocs\u00e1t\u00e1st k\u00e9rnek<\/p>\n\n\n\n<p class=\"wp-block-paragraph\">Elmondj\u00e1k a verseiket,<br>Kis J\u00e9zusr\u00f3l \u00e9nekelnek.<br>Boldog \u00fcnnepet k\u00edv\u00e1nnak,<br>Gyors l\u00e9ptekkel tov\u00e1bb \u00e1llnak.<\/p>\n\n\n\n<p class=\"wp-block-paragraph\">Kar\u00e1csony van elj\u00f6tt \u00fajra,<br>Sok-sok \u00f6r\u00f6m\u00f6ket hozva.<br>Megsz\u00f3lal a harang hangja,<br>\u00c9jf\u00e9li mis\u00e9re h\u00edva.<\/p>\n\n\n\n<p class=\"wp-block-paragraph\">Im\u00e1dkozzunk ott azok\u00e9rt,<br>Kikt\u0151l elvett\u00e9k a rem\u00e9nyt.<br>Kiknek sz\u00e1ll\u00e1st a nagy \u00e9g \u00e1d.<br>V\u00e1rj\u00e1k azt, hogy Isten hozz\u00e1d.<\/p>\n\n\n\n<p class=\"wp-block-paragraph\">.Mak\u00f3, 2004. 12. 18.<\/p>\n","protected":false},"excerpt":{"rendered":"<p>KAR\u00c1CSONY Kar\u00e1csony van elj\u00f6tt v\u00e9gre,Mindenfel\u00e9 k\u00e9sz\u00fcl\u0151dnek,Feny\u0151f\u00e1kat d\u00edsz\u00edtenek,S \u00edgy kezd\u0151dik el az \u00fcnnep. Gyermek, feln\u0151tt, id\u0151s \u00e9s agg,V\u00e1rva-v\u00e1rta szeg\u00e9ny s gazdag.A szeretetnek \u00fcnnep\u00e9n,E forr\u00f3 \u00e9rz\u00e9s sz\u00edv\u00fcnkben \u00e9l. A kis J\u00e9zus N\u00e1z\u00e1retben,Vil\u00e1gra j\u00f6tt s megsz\u00fcletett,J\u00e1szol k\u00f6r\u00fcl m\u00e9cses \u00e9gett,S boldog sz\u00fcl\u0151k t\u00e9rdepeltek. A szenteste hangulata,\u00darr\u00e1 lesz most mifelett\u00fcnk,\/A\/Megv\u00e1lt\u00f3ra eml\u00e9kez\u00fcnk,Ki kereszten halt \u00e9rett\u00fcnk. B\u00fcszk\u00e9n \u00e1ll a kar\u00e1csonyfa,A h\u00e1zakban, a &#8230; <a title=\"KAR\u00c1CSONY\" class=\"read-more\" href=\"https:\/\/bozsogiattila.hu\/?p=383\" aria-label=\"Tov\u00e1bbiak KAR\u00c1CSONY\">Olvass tov\u00e1bb<\/a><\/p>\n","protected":false},"author":3,"featured_media":0,"comment_status":"closed","ping_status":"open","sticky":false,"template":"","format":"standard","meta":{"footnotes":""},"categories":[180],"tags":[14,147,12],"class_list":["post-383","post","type-post","status-publish","format-standard","hentry","category-versek2","tag-14","tag-karacsony","tag-mako"],"yoast_head":"<!-- This site is optimized with the Yoast SEO plugin v21.8 - https:\/\/yoast.com\/wordpress\/plugins\/seo\/ -->\n<title>KAR\u00c1CSONY - Bozsogi Attila<\/title>\n<meta name=\"robots\" content=\"index, follow, max-snippet:-1, max-image-preview:large, max-video-preview:-1\" \/>\n<link rel=\"canonical\" href=\"https:\/\/bozsogiattila.hu\/?p=383\" \/>\n<meta property=\"og:locale\" content=\"hu_HU\" \/>\n<meta property=\"og:type\" content=\"article\" \/>\n<meta property=\"og:title\" content=\"KAR\u00c1CSONY - Bozsogi Attila\" \/>\n<meta property=\"og:description\" content=\"KAR\u00c1CSONY Kar\u00e1csony van elj\u00f6tt v\u00e9gre,Mindenfel\u00e9 k\u00e9sz\u00fcl\u0151dnek,Feny\u0151f\u00e1kat d\u00edsz\u00edtenek,S \u00edgy kezd\u0151dik el az \u00fcnnep. Gyermek, feln\u0151tt, id\u0151s \u00e9s agg,V\u00e1rva-v\u00e1rta szeg\u00e9ny s gazdag.A szeretetnek \u00fcnnep\u00e9n,E forr\u00f3 \u00e9rz\u00e9s sz\u00edv\u00fcnkben \u00e9l. A kis J\u00e9zus N\u00e1z\u00e1retben,Vil\u00e1gra j\u00f6tt s megsz\u00fcletett,J\u00e1szol k\u00f6r\u00fcl m\u00e9cses \u00e9gett,S boldog sz\u00fcl\u0151k t\u00e9rdepeltek. A szenteste hangulata,\u00darr\u00e1 lesz most mifelett\u00fcnk,\/A\/Megv\u00e1lt\u00f3ra eml\u00e9kez\u00fcnk,Ki kereszten halt \u00e9rett\u00fcnk. B\u00fcszk\u00e9n \u00e1ll a kar\u00e1csonyfa,A h\u00e1zakban, a ... Olvass tov\u00e1bb\" \/>\n<meta property=\"og:url\" content=\"https:\/\/bozsogiattila.hu\/?p=383\" \/>\n<meta property=\"og:site_name\" content=\"Bozsogi Attila\" \/>\n<meta property=\"article:published_time\" content=\"2004-12-18T13:18:00+00:00\" \/>\n<meta property=\"article:modified_time\" content=\"2024-01-06T15:16:26+00:00\" \/>\n<meta name=\"author\" content=\"Bozsogi Attila\" \/>\n<meta name=\"twitter:card\" content=\"summary_large_image\" \/>\n<meta name=\"twitter:label1\" content=\"Szerz\u0151:\" \/>\n\t<meta name=\"twitter:data1\" content=\"Bozsogi Attila\" \/>\n\t<meta name=\"twitter:label2\" content=\"Becs\u00fclt olvas\u00e1si id\u0151\" \/>\n\t<meta name=\"twitter:data2\" content=\"1 perc\" \/>\n<script type=\"application\/ld+json\" class=\"yoast-schema-graph\">{\"@context\":\"https:\/\/schema.org\",\"@graph\":[{\"@type\":\"WebPage\",\"@id\":\"https:\/\/bozsogiattila.hu\/?p=383\",\"url\":\"https:\/\/bozsogiattila.hu\/?p=383\",\"name\":\"KAR\u00c1CSONY - Bozsogi Attila\",\"isPartOf\":{\"@id\":\"https:\/\/bozsogiattila.hu\/#website\"},\"datePublished\":\"2004-12-18T13:18:00+00:00\",\"dateModified\":\"2024-01-06T15:16:26+00:00\",\"author\":{\"@id\":\"https:\/\/bozsogiattila.hu\/#\/schema\/person\/488c99f554a8c4039201260dd5eb795e\"},\"breadcrumb\":{\"@id\":\"https:\/\/bozsogiattila.hu\/?p=383#breadcrumb\"},\"inLanguage\":\"hu\",\"potentialAction\":[{\"@type\":\"ReadAction\",\"target\":[\"https:\/\/bozsogiattila.hu\/?p=383\"]}]},{\"@type\":\"BreadcrumbList\",\"@id\":\"https:\/\/bozsogiattila.hu\/?p=383#breadcrumb\",\"itemListElement\":[{\"@type\":\"ListItem\",\"position\":1,\"name\":\"Kezd\u0151lap\",\"item\":\"https:\/\/bozsogiattila.hu\/\"},{\"@type\":\"ListItem\",\"position\":2,\"name\":\"KAR\u00c1CSONY\"}]},{\"@type\":\"WebSite\",\"@id\":\"https:\/\/bozsogiattila.hu\/#website\",\"url\":\"https:\/\/bozsogiattila.hu\/\",\"name\":\"Bozsogi Attila\",\"description\":\"a zen\u00e9sz, \u00edr\u00f3 munk\u00e1ss\u00e1g\u00e1nak \u00e9s a mak\u00f3i muzsikusok eml\u00e9k\u00e9t \u0151rz\u0151 oldal\",\"potentialAction\":[{\"@type\":\"SearchAction\",\"target\":{\"@type\":\"EntryPoint\",\"urlTemplate\":\"https:\/\/bozsogiattila.hu\/?s={search_term_string}\"},\"query-input\":\"required name=search_term_string\"}],\"inLanguage\":\"hu\"},{\"@type\":\"Person\",\"@id\":\"https:\/\/bozsogiattila.hu\/#\/schema\/person\/488c99f554a8c4039201260dd5eb795e\",\"name\":\"Bozsogi Attila\",\"image\":{\"@type\":\"ImageObject\",\"inLanguage\":\"hu\",\"@id\":\"https:\/\/bozsogiattila.hu\/#\/schema\/person\/image\/\",\"url\":\"https:\/\/secure.gravatar.com\/avatar\/7da6b5985e34ed798d1670c54ce7d20e6a53b800bb0c07945c64b09392f3dbfd?s=96&d=mm&r=g\",\"contentUrl\":\"https:\/\/secure.gravatar.com\/avatar\/7da6b5985e34ed798d1670c54ce7d20e6a53b800bb0c07945c64b09392f3dbfd?s=96&d=mm&r=g\",\"caption\":\"Bozsogi Attila\"},\"sameAs\":[\"http:\/\/www.boszogiattila.hu\"],\"url\":\"https:\/\/bozsogiattila.hu\/?author=3\"}]}<\/script>\n<!-- \/ Yoast SEO plugin. -->","yoast_head_json":{"title":"KAR\u00c1CSONY - Bozsogi Attila","robots":{"index":"index","follow":"follow","max-snippet":"max-snippet:-1","max-image-preview":"max-image-preview:large","max-video-preview":"max-video-preview:-1"},"canonical":"https:\/\/bozsogiattila.hu\/?p=383","og_locale":"hu_HU","og_type":"article","og_title":"KAR\u00c1CSONY - Bozsogi Attila","og_description":"KAR\u00c1CSONY Kar\u00e1csony van elj\u00f6tt v\u00e9gre,Mindenfel\u00e9 k\u00e9sz\u00fcl\u0151dnek,Feny\u0151f\u00e1kat d\u00edsz\u00edtenek,S \u00edgy kezd\u0151dik el az \u00fcnnep. Gyermek, feln\u0151tt, id\u0151s \u00e9s agg,V\u00e1rva-v\u00e1rta szeg\u00e9ny s gazdag.A szeretetnek \u00fcnnep\u00e9n,E forr\u00f3 \u00e9rz\u00e9s sz\u00edv\u00fcnkben \u00e9l. A kis J\u00e9zus N\u00e1z\u00e1retben,Vil\u00e1gra j\u00f6tt s megsz\u00fcletett,J\u00e1szol k\u00f6r\u00fcl m\u00e9cses \u00e9gett,S boldog sz\u00fcl\u0151k t\u00e9rdepeltek. A szenteste hangulata,\u00darr\u00e1 lesz most mifelett\u00fcnk,\/A\/Megv\u00e1lt\u00f3ra eml\u00e9kez\u00fcnk,Ki kereszten halt \u00e9rett\u00fcnk. B\u00fcszk\u00e9n \u00e1ll a kar\u00e1csonyfa,A h\u00e1zakban, a ... Olvass tov\u00e1bb","og_url":"https:\/\/bozsogiattila.hu\/?p=383","og_site_name":"Bozsogi Attila","article_published_time":"2004-12-18T13:18:00+00:00","article_modified_time":"2024-01-06T15:16:26+00:00","author":"Bozsogi Attila","twitter_card":"summary_large_image","twitter_misc":{"Szerz\u0151:":"Bozsogi Attila","Becs\u00fclt olvas\u00e1si id\u0151":"1 perc"},"schema":{"@context":"https:\/\/schema.org","@graph":[{"@type":"WebPage","@id":"https:\/\/bozsogiattila.hu\/?p=383","url":"https:\/\/bozsogiattila.hu\/?p=383","name":"KAR\u00c1CSONY - Bozsogi Attila","isPartOf":{"@id":"https:\/\/bozsogiattila.hu\/#website"},"datePublished":"2004-12-18T13:18:00+00:00","dateModified":"2024-01-06T15:16:26+00:00","author":{"@id":"https:\/\/bozsogiattila.hu\/#\/schema\/person\/488c99f554a8c4039201260dd5eb795e"},"breadcrumb":{"@id":"https:\/\/bozsogiattila.hu\/?p=383#breadcrumb"},"inLanguage":"hu","potentialAction":[{"@type":"ReadAction","target":["https:\/\/bozsogiattila.hu\/?p=383"]}]},{"@type":"BreadcrumbList","@id":"https:\/\/bozsogiattila.hu\/?p=383#breadcrumb","itemListElement":[{"@type":"ListItem","position":1,"name":"Kezd\u0151lap","item":"https:\/\/bozsogiattila.hu\/"},{"@type":"ListItem","position":2,"name":"KAR\u00c1CSONY"}]},{"@type":"WebSite","@id":"https:\/\/bozsogiattila.hu\/#website","url":"https:\/\/bozsogiattila.hu\/","name":"Bozsogi Attila","description":"a zen\u00e9sz, \u00edr\u00f3 munk\u00e1ss\u00e1g\u00e1nak \u00e9s a mak\u00f3i muzsikusok eml\u00e9k\u00e9t \u0151rz\u0151 oldal","potentialAction":[{"@type":"SearchAction","target":{"@type":"EntryPoint","urlTemplate":"https:\/\/bozsogiattila.hu\/?s={search_term_string}"},"query-input":"required name=search_term_string"}],"inLanguage":"hu"},{"@type":"Person","@id":"https:\/\/bozsogiattila.hu\/#\/schema\/person\/488c99f554a8c4039201260dd5eb795e","name":"Bozsogi Attila","image":{"@type":"ImageObject","inLanguage":"hu","@id":"https:\/\/bozsogiattila.hu\/#\/schema\/person\/image\/","url":"https:\/\/secure.gravatar.com\/avatar\/7da6b5985e34ed798d1670c54ce7d20e6a53b800bb0c07945c64b09392f3dbfd?s=96&d=mm&r=g","contentUrl":"https:\/\/secure.gravatar.com\/avatar\/7da6b5985e34ed798d1670c54ce7d20e6a53b800bb0c07945c64b09392f3dbfd?s=96&d=mm&r=g","caption":"Bozsogi Attila"},"sameAs":["http:\/\/www.boszogiattila.hu"],"url":"https:\/\/bozsogiattila.hu\/?author=3"}]}},"jetpack_featured_media_url":"","_links":{"self":[{"href":"https:\/\/bozsogiattila.hu\/index.php?rest_route=\/wp\/v2\/posts\/383","targetHints":{"allow":["GET"]}}],"collection":[{"href":"https:\/\/bozsogiattila.hu\/index.php?rest_route=\/wp\/v2\/posts"}],"about":[{"href":"https:\/\/bozsogiattila.hu\/index.php?rest_route=\/wp\/v2\/types\/post"}],"author":[{"embeddable":true,"href":"https:\/\/bozsogiattila.hu\/index.php?rest_route=\/wp\/v2\/users\/3"}],"replies":[{"embeddable":true,"href":"https:\/\/bozsogiattila.hu\/index.php?rest_route=%2Fwp%2Fv2%2Fcomments&post=383"}],"version-history":[{"count":1,"href":"https:\/\/bozsogiattila.hu\/index.php?rest_route=\/wp\/v2\/posts\/383\/revisions"}],"predecessor-version":[{"id":388,"href":"https:\/\/bozsogiattila.hu\/index.php?rest_route=\/wp\/v2\/posts\/383\/revisions\/388"}],"wp:attachment":[{"href":"https:\/\/bozsogiattila.hu\/index.php?rest_route=%2Fwp%2Fv2%2Fmedia&parent=383"}],"wp:term":[{"taxonomy":"category","embeddable":true,"href":"https:\/\/bozsogiattila.hu\/index.php?rest_route=%2Fwp%2Fv2%2Fcategories&post=383"},{"taxonomy":"post_tag","embeddable":true,"href":"https:\/\/bozsogiattila.hu\/index.php?rest_route=%2Fwp%2Fv2%2Ftags&post=383"}],"curies":[{"name":"wp","href":"https:\/\/api.w.org\/{rel}","templated":true}]}}