{"id":409,"date":"2012-02-28T13:32:00","date_gmt":"2012-02-28T13:32:00","guid":{"rendered":"https:\/\/bozsogiattila.hu\/?p=409"},"modified":"2024-01-06T15:17:50","modified_gmt":"2024-01-06T15:17:50","slug":"makoi-fatyol-mihaly","status":"publish","type":"post","link":"https:\/\/bozsogiattila.hu\/?p=409","title":{"rendered":"MAK\u00d3I F\u00c1TYOL MIH\u00c1LY"},"content":{"rendered":"\n<p class=\"wp-block-paragraph\">MAK\u00d3I F\u00c1TYOL MIH\u00c1LY<br>(Cig\u00e1nypr\u00edm\u00e1s eml\u00e9k\u00e9re)<br>1909-1980<\/p>\n\n\n\n<p class=\"wp-block-paragraph\">Bronzba \u00f6ntve \u00e1ll ott,<br>Az egykori m\u0171v\u00e9sz,<br>Heged\u0171j\u00e9t tartja,<br>Ahogy valaha r\u00e9g.<\/p>\n\n\n\n<p class=\"wp-block-paragraph\">Sok n\u00f3ta volt abban<br>\/A\/ r\u00e9gi sz\u00e1razf\u00e1ban,<br>S\u00edrt-zokogott vala,<br>Bent a Koron\u00e1ban.<\/p>\n\n\n\n<p class=\"wp-block-paragraph\">Felkereste r\u00e9gen,<br>Mak\u00f3 v\u00e1ros n\u00e9pe,<br>\u00c9s az \u00e1tutaz\u00f3<br>K\u00fclf\u00f6ldi vend\u00e9ge.<\/p>\n\n\n\n<p class=\"wp-block-paragraph\">A p\u00f3diumon \u00e1llva<br>H\u00fazta a sok n\u00f3t\u00e1t,<br>Kinek \u00f6r\u00f6m\u00e9re,<br>\/Vagy\/ enyh\u00edtve b\u00e1nat\u00e1t.<\/p>\n\n\n\n<p class=\"wp-block-paragraph\">\u201e\u00dagy sz\u00e1llnak az \u00e9vek,<br>Mint a t\u0171n\u0151 \u00e1lom,<br>Sz\u00e1rnyukat megk\u00f6tni,<br>Hi\u00e1ba pr\u00f3b\u00e1lom.\u201d<\/p>\n\n\n\n<p class=\"wp-block-paragraph\">Kedves n\u00f3t\u00e1j\u00e1ra<br>Eml\u00e9kez\u00e9k mostan,<br>Szobra el\u0151tt \u00e1llva<br>A sz\u00edvem megdobban.<\/p>\n\n\n\n<p class=\"wp-block-paragraph\">Lepereg el\u0151ttem<br>A r\u00e9gi sz\u00e9p eml\u00e9k,<br>Boldog id\u0151k dala<br>A f\u00fclemben cseng m\u00e9g.<\/p>\n\n\n\n<p class=\"wp-block-paragraph\">Eml\u00e9kk\u00e9 v\u00e1lt minden,<br>S \u00f6r\u00f6k eml\u00e9k marad,<br>A zord hideg t\u00e9lben,<br>Vagy, ha j\u0151 a tavasz.<\/p>\n\n\n\n<p class=\"wp-block-paragraph\">Vir\u00e1ggal bor\u00edtj\u00e1k<br>Szobr\u00e1t n\u00e9ha napj\u00e1n,<br>Tisztel\u0151i n\u00e9ki<br>Friss vir\u00e1got hozv\u00e1n.<\/p>\n\n\n\n<p class=\"wp-block-paragraph\">\/A\/ m\u00fal\u00f3 \u00e9vekb\u0151l majd<br>\u00c9vsz\u00e1zadok lesznek,<br>Kik nem ismert\u00e9k,<br>\u0150k is eml\u00e9keznek.<\/p>\n\n\n\n<p class=\"wp-block-paragraph\">\u201eIsten \u00edgy akarja,<br>Isten \u00edgy teremti,<br>Kid\u0151lt keresztf\u00e1nak,<br>Nem k\u00f6sz\u00f6n m\u00e1r senki.\u201d<\/p>\n\n\n\n<p class=\"wp-block-paragraph\">H\u00edres cig\u00e1nypr\u00edm\u00e1s,<br>Legend\u00e1k pr\u00edm\u00e1sa,<br>Mak\u00f3 f\u0151ter\u00e9n lett,<br>Szobor, \u2013 \u201ekeresztf\u00e1ja!\u201d<\/p>\n\n\n\n<p class=\"wp-block-paragraph\">Mak\u00f3, 2012-02-28<\/p>\n","protected":false},"excerpt":{"rendered":"<p>MAK\u00d3I F\u00c1TYOL MIH\u00c1LY(Cig\u00e1nypr\u00edm\u00e1s eml\u00e9k\u00e9re)1909-1980 Bronzba \u00f6ntve \u00e1ll ott,Az egykori m\u0171v\u00e9sz,Heged\u0171j\u00e9t tartja,Ahogy valaha r\u00e9g. Sok n\u00f3ta volt abban\/A\/ r\u00e9gi sz\u00e1razf\u00e1ban,S\u00edrt-zokogott vala,Bent a Koron\u00e1ban. Felkereste r\u00e9gen,Mak\u00f3 v\u00e1ros n\u00e9pe,\u00c9s az \u00e1tutaz\u00f3K\u00fclf\u00f6ldi vend\u00e9ge. A p\u00f3diumon \u00e1llvaH\u00fazta a sok n\u00f3t\u00e1t,Kinek \u00f6r\u00f6m\u00e9re,\/Vagy\/ enyh\u00edtve b\u00e1nat\u00e1t. \u201e\u00dagy sz\u00e1llnak az \u00e9vek,Mint a t\u0171n\u0151 \u00e1lom,Sz\u00e1rnyukat megk\u00f6tni,Hi\u00e1ba pr\u00f3b\u00e1lom.\u201d Kedves n\u00f3t\u00e1j\u00e1raEml\u00e9kez\u00e9k mostan,Szobra el\u0151tt \u00e1llvaA sz\u00edvem megdobban. Lepereg &#8230; <a title=\"MAK\u00d3I F\u00c1TYOL MIH\u00c1LY\" class=\"read-more\" href=\"https:\/\/bozsogiattila.hu\/?p=409\" aria-label=\"Tov\u00e1bbiak MAK\u00d3I F\u00c1TYOL MIH\u00c1LY\">Olvass tov\u00e1bb<\/a><\/p>\n","protected":false},"author":3,"featured_media":0,"comment_status":"closed","ping_status":"open","sticky":false,"template":"","format":"standard","meta":{"footnotes":""},"categories":[4,180],"tags":[71,159,179,163,12,160,164],"class_list":["post-409","post","type-post","status-publish","format-standard","hentry","category-versek","category-versek2","tag-71","tag-cigany","tag-fatyol-mihaly","tag-hegedu","tag-mako","tag-primas","tag-vono"],"yoast_head":"<!-- This site is optimized with the Yoast SEO plugin v21.8 - https:\/\/yoast.com\/wordpress\/plugins\/seo\/ -->\n<title>MAK\u00d3I F\u00c1TYOL MIH\u00c1LY - Bozsogi Attila<\/title>\n<meta name=\"robots\" content=\"index, follow, max-snippet:-1, max-image-preview:large, max-video-preview:-1\" \/>\n<link rel=\"canonical\" href=\"https:\/\/bozsogiattila.hu\/?p=409\" \/>\n<meta property=\"og:locale\" content=\"hu_HU\" \/>\n<meta property=\"og:type\" content=\"article\" \/>\n<meta property=\"og:title\" content=\"MAK\u00d3I F\u00c1TYOL MIH\u00c1LY - Bozsogi Attila\" \/>\n<meta property=\"og:description\" content=\"MAK\u00d3I F\u00c1TYOL MIH\u00c1LY(Cig\u00e1nypr\u00edm\u00e1s eml\u00e9k\u00e9re)1909-1980 Bronzba \u00f6ntve \u00e1ll ott,Az egykori m\u0171v\u00e9sz,Heged\u0171j\u00e9t tartja,Ahogy valaha r\u00e9g. Sok n\u00f3ta volt abban\/A\/ r\u00e9gi sz\u00e1razf\u00e1ban,S\u00edrt-zokogott vala,Bent a Koron\u00e1ban. Felkereste r\u00e9gen,Mak\u00f3 v\u00e1ros n\u00e9pe,\u00c9s az \u00e1tutaz\u00f3K\u00fclf\u00f6ldi vend\u00e9ge. A p\u00f3diumon \u00e1llvaH\u00fazta a sok n\u00f3t\u00e1t,Kinek \u00f6r\u00f6m\u00e9re,\/Vagy\/ enyh\u00edtve b\u00e1nat\u00e1t. \u201e\u00dagy sz\u00e1llnak az \u00e9vek,Mint a t\u0171n\u0151 \u00e1lom,Sz\u00e1rnyukat megk\u00f6tni,Hi\u00e1ba pr\u00f3b\u00e1lom.\u201d Kedves n\u00f3t\u00e1j\u00e1raEml\u00e9kez\u00e9k mostan,Szobra el\u0151tt \u00e1llvaA sz\u00edvem megdobban. Lepereg ... Olvass tov\u00e1bb\" \/>\n<meta property=\"og:url\" content=\"https:\/\/bozsogiattila.hu\/?p=409\" \/>\n<meta property=\"og:site_name\" content=\"Bozsogi Attila\" \/>\n<meta property=\"article:published_time\" content=\"2012-02-28T13:32:00+00:00\" \/>\n<meta property=\"article:modified_time\" content=\"2024-01-06T15:17:50+00:00\" \/>\n<meta name=\"author\" content=\"Bozsogi Attila\" \/>\n<meta name=\"twitter:card\" content=\"summary_large_image\" \/>\n<meta name=\"twitter:label1\" content=\"Szerz\u0151:\" \/>\n\t<meta name=\"twitter:data1\" content=\"Bozsogi Attila\" \/>\n\t<meta name=\"twitter:label2\" content=\"Becs\u00fclt olvas\u00e1si id\u0151\" \/>\n\t<meta name=\"twitter:data2\" content=\"1 perc\" \/>\n<script type=\"application\/ld+json\" class=\"yoast-schema-graph\">{\"@context\":\"https:\/\/schema.org\",\"@graph\":[{\"@type\":\"WebPage\",\"@id\":\"https:\/\/bozsogiattila.hu\/?p=409\",\"url\":\"https:\/\/bozsogiattila.hu\/?p=409\",\"name\":\"MAK\u00d3I F\u00c1TYOL MIH\u00c1LY - Bozsogi Attila\",\"isPartOf\":{\"@id\":\"https:\/\/bozsogiattila.hu\/#website\"},\"datePublished\":\"2012-02-28T13:32:00+00:00\",\"dateModified\":\"2024-01-06T15:17:50+00:00\",\"author\":{\"@id\":\"https:\/\/bozsogiattila.hu\/#\/schema\/person\/488c99f554a8c4039201260dd5eb795e\"},\"breadcrumb\":{\"@id\":\"https:\/\/bozsogiattila.hu\/?p=409#breadcrumb\"},\"inLanguage\":\"hu\",\"potentialAction\":[{\"@type\":\"ReadAction\",\"target\":[\"https:\/\/bozsogiattila.hu\/?p=409\"]}]},{\"@type\":\"BreadcrumbList\",\"@id\":\"https:\/\/bozsogiattila.hu\/?p=409#breadcrumb\",\"itemListElement\":[{\"@type\":\"ListItem\",\"position\":1,\"name\":\"Kezd\u0151lap\",\"item\":\"https:\/\/bozsogiattila.hu\/\"},{\"@type\":\"ListItem\",\"position\":2,\"name\":\"MAK\u00d3I F\u00c1TYOL MIH\u00c1LY\"}]},{\"@type\":\"WebSite\",\"@id\":\"https:\/\/bozsogiattila.hu\/#website\",\"url\":\"https:\/\/bozsogiattila.hu\/\",\"name\":\"Bozsogi Attila\",\"description\":\"a zen\u00e9sz, \u00edr\u00f3 munk\u00e1ss\u00e1g\u00e1nak \u00e9s a mak\u00f3i muzsikusok eml\u00e9k\u00e9t \u0151rz\u0151 oldal\",\"potentialAction\":[{\"@type\":\"SearchAction\",\"target\":{\"@type\":\"EntryPoint\",\"urlTemplate\":\"https:\/\/bozsogiattila.hu\/?s={search_term_string}\"},\"query-input\":\"required name=search_term_string\"}],\"inLanguage\":\"hu\"},{\"@type\":\"Person\",\"@id\":\"https:\/\/bozsogiattila.hu\/#\/schema\/person\/488c99f554a8c4039201260dd5eb795e\",\"name\":\"Bozsogi Attila\",\"image\":{\"@type\":\"ImageObject\",\"inLanguage\":\"hu\",\"@id\":\"https:\/\/bozsogiattila.hu\/#\/schema\/person\/image\/\",\"url\":\"https:\/\/secure.gravatar.com\/avatar\/7da6b5985e34ed798d1670c54ce7d20e6a53b800bb0c07945c64b09392f3dbfd?s=96&d=mm&r=g\",\"contentUrl\":\"https:\/\/secure.gravatar.com\/avatar\/7da6b5985e34ed798d1670c54ce7d20e6a53b800bb0c07945c64b09392f3dbfd?s=96&d=mm&r=g\",\"caption\":\"Bozsogi Attila\"},\"sameAs\":[\"http:\/\/www.boszogiattila.hu\"],\"url\":\"https:\/\/bozsogiattila.hu\/?author=3\"}]}<\/script>\n<!-- \/ Yoast SEO plugin. -->","yoast_head_json":{"title":"MAK\u00d3I F\u00c1TYOL MIH\u00c1LY - Bozsogi Attila","robots":{"index":"index","follow":"follow","max-snippet":"max-snippet:-1","max-image-preview":"max-image-preview:large","max-video-preview":"max-video-preview:-1"},"canonical":"https:\/\/bozsogiattila.hu\/?p=409","og_locale":"hu_HU","og_type":"article","og_title":"MAK\u00d3I F\u00c1TYOL MIH\u00c1LY - Bozsogi Attila","og_description":"MAK\u00d3I F\u00c1TYOL MIH\u00c1LY(Cig\u00e1nypr\u00edm\u00e1s eml\u00e9k\u00e9re)1909-1980 Bronzba \u00f6ntve \u00e1ll ott,Az egykori m\u0171v\u00e9sz,Heged\u0171j\u00e9t tartja,Ahogy valaha r\u00e9g. Sok n\u00f3ta volt abban\/A\/ r\u00e9gi sz\u00e1razf\u00e1ban,S\u00edrt-zokogott vala,Bent a Koron\u00e1ban. Felkereste r\u00e9gen,Mak\u00f3 v\u00e1ros n\u00e9pe,\u00c9s az \u00e1tutaz\u00f3K\u00fclf\u00f6ldi vend\u00e9ge. A p\u00f3diumon \u00e1llvaH\u00fazta a sok n\u00f3t\u00e1t,Kinek \u00f6r\u00f6m\u00e9re,\/Vagy\/ enyh\u00edtve b\u00e1nat\u00e1t. \u201e\u00dagy sz\u00e1llnak az \u00e9vek,Mint a t\u0171n\u0151 \u00e1lom,Sz\u00e1rnyukat megk\u00f6tni,Hi\u00e1ba pr\u00f3b\u00e1lom.\u201d Kedves n\u00f3t\u00e1j\u00e1raEml\u00e9kez\u00e9k mostan,Szobra el\u0151tt \u00e1llvaA sz\u00edvem megdobban. Lepereg ... Olvass tov\u00e1bb","og_url":"https:\/\/bozsogiattila.hu\/?p=409","og_site_name":"Bozsogi Attila","article_published_time":"2012-02-28T13:32:00+00:00","article_modified_time":"2024-01-06T15:17:50+00:00","author":"Bozsogi Attila","twitter_card":"summary_large_image","twitter_misc":{"Szerz\u0151:":"Bozsogi Attila","Becs\u00fclt olvas\u00e1si id\u0151":"1 perc"},"schema":{"@context":"https:\/\/schema.org","@graph":[{"@type":"WebPage","@id":"https:\/\/bozsogiattila.hu\/?p=409","url":"https:\/\/bozsogiattila.hu\/?p=409","name":"MAK\u00d3I F\u00c1TYOL MIH\u00c1LY - Bozsogi Attila","isPartOf":{"@id":"https:\/\/bozsogiattila.hu\/#website"},"datePublished":"2012-02-28T13:32:00+00:00","dateModified":"2024-01-06T15:17:50+00:00","author":{"@id":"https:\/\/bozsogiattila.hu\/#\/schema\/person\/488c99f554a8c4039201260dd5eb795e"},"breadcrumb":{"@id":"https:\/\/bozsogiattila.hu\/?p=409#breadcrumb"},"inLanguage":"hu","potentialAction":[{"@type":"ReadAction","target":["https:\/\/bozsogiattila.hu\/?p=409"]}]},{"@type":"BreadcrumbList","@id":"https:\/\/bozsogiattila.hu\/?p=409#breadcrumb","itemListElement":[{"@type":"ListItem","position":1,"name":"Kezd\u0151lap","item":"https:\/\/bozsogiattila.hu\/"},{"@type":"ListItem","position":2,"name":"MAK\u00d3I F\u00c1TYOL MIH\u00c1LY"}]},{"@type":"WebSite","@id":"https:\/\/bozsogiattila.hu\/#website","url":"https:\/\/bozsogiattila.hu\/","name":"Bozsogi Attila","description":"a zen\u00e9sz, \u00edr\u00f3 munk\u00e1ss\u00e1g\u00e1nak \u00e9s a mak\u00f3i muzsikusok eml\u00e9k\u00e9t \u0151rz\u0151 oldal","potentialAction":[{"@type":"SearchAction","target":{"@type":"EntryPoint","urlTemplate":"https:\/\/bozsogiattila.hu\/?s={search_term_string}"},"query-input":"required name=search_term_string"}],"inLanguage":"hu"},{"@type":"Person","@id":"https:\/\/bozsogiattila.hu\/#\/schema\/person\/488c99f554a8c4039201260dd5eb795e","name":"Bozsogi Attila","image":{"@type":"ImageObject","inLanguage":"hu","@id":"https:\/\/bozsogiattila.hu\/#\/schema\/person\/image\/","url":"https:\/\/secure.gravatar.com\/avatar\/7da6b5985e34ed798d1670c54ce7d20e6a53b800bb0c07945c64b09392f3dbfd?s=96&d=mm&r=g","contentUrl":"https:\/\/secure.gravatar.com\/avatar\/7da6b5985e34ed798d1670c54ce7d20e6a53b800bb0c07945c64b09392f3dbfd?s=96&d=mm&r=g","caption":"Bozsogi Attila"},"sameAs":["http:\/\/www.boszogiattila.hu"],"url":"https:\/\/bozsogiattila.hu\/?author=3"}]}},"jetpack_featured_media_url":"","_links":{"self":[{"href":"https:\/\/bozsogiattila.hu\/index.php?rest_route=\/wp\/v2\/posts\/409","targetHints":{"allow":["GET"]}}],"collection":[{"href":"https:\/\/bozsogiattila.hu\/index.php?rest_route=\/wp\/v2\/posts"}],"about":[{"href":"https:\/\/bozsogiattila.hu\/index.php?rest_route=\/wp\/v2\/types\/post"}],"author":[{"embeddable":true,"href":"https:\/\/bozsogiattila.hu\/index.php?rest_route=\/wp\/v2\/users\/3"}],"replies":[{"embeddable":true,"href":"https:\/\/bozsogiattila.hu\/index.php?rest_route=%2Fwp%2Fv2%2Fcomments&post=409"}],"version-history":[{"count":1,"href":"https:\/\/bozsogiattila.hu\/index.php?rest_route=\/wp\/v2\/posts\/409\/revisions"}],"predecessor-version":[{"id":412,"href":"https:\/\/bozsogiattila.hu\/index.php?rest_route=\/wp\/v2\/posts\/409\/revisions\/412"}],"wp:attachment":[{"href":"https:\/\/bozsogiattila.hu\/index.php?rest_route=%2Fwp%2Fv2%2Fmedia&parent=409"}],"wp:term":[{"taxonomy":"category","embeddable":true,"href":"https:\/\/bozsogiattila.hu\/index.php?rest_route=%2Fwp%2Fv2%2Fcategories&post=409"},{"taxonomy":"post_tag","embeddable":true,"href":"https:\/\/bozsogiattila.hu\/index.php?rest_route=%2Fwp%2Fv2%2Ftags&post=409"}],"curies":[{"name":"wp","href":"https:\/\/api.w.org\/{rel}","templated":true}]}}