{"id":425,"date":"1999-09-28T13:43:00","date_gmt":"1999-09-28T13:43:00","guid":{"rendered":"https:\/\/bozsogiattila.hu\/?p=425"},"modified":"2024-01-06T15:20:20","modified_gmt":"2024-01-06T15:20:20","slug":"megproballak-lassan-elfeledni","status":"publish","type":"post","link":"https:\/\/bozsogiattila.hu\/?p=425","title":{"rendered":"MEGPR\u00d3B\u00c1LLAK LASSAN ELFELEDNI"},"content":{"rendered":"\n<p class=\"wp-block-paragraph\"><strong>MEGPR\u00d3B\u00c1LLAK LASSAN ELFELEDNI<\/strong><\/p>\n\n\n\n<p class=\"wp-block-paragraph\">Megpr\u00f3b\u00e1llak lassan<br>Elfeledni T\u00e9ged,<br>Sz\u00edvemb\u0151l kit\u00e9pni,<br>Minden sz\u00e9p eml\u00e9ket.<\/p>\n\n\n\n<p class=\"wp-block-paragraph\">A lelkem becsapni,<br>Hogy \u00f6r\u00f6kre v\u00e9ge,<br>Nem nevet m\u00e1r \u00e9nr\u00e1m,<br>Senki sem bec\u00e9zve.<\/p>\n\n\n\n<p class=\"wp-block-paragraph\">Sz\u00edvem tiltakozik<br>Becsapni nem lehet,<br>Tudja, hogy b\u00e1nt engem,<br>Hogy \u0150 m\u00e1r nem szeret.<\/p>\n\n\n\n<p class=\"wp-block-paragraph\">Fels\u00f3hajt a lelkem,<br>Sokszor szomor\u00faan,<br>Siratja gazd\u00e1j\u00e1t,<br>Mindig b\u00e1natosan.<\/p>\n\n\n\n<p class=\"wp-block-paragraph\">Mak\u00f3, 1999. 09. 28.<\/p>\n","protected":false},"excerpt":{"rendered":"<p>MEGPR\u00d3B\u00c1LLAK LASSAN ELFELEDNI Megpr\u00f3b\u00e1llak lassanElfeledni T\u00e9ged,Sz\u00edvemb\u0151l kit\u00e9pni,Minden sz\u00e9p eml\u00e9ket. A lelkem becsapni,Hogy \u00f6r\u00f6kre v\u00e9ge,Nem nevet m\u00e1r \u00e9nr\u00e1m,Senki sem bec\u00e9zve. Sz\u00edvem tiltakozikBecsapni nem lehet,Tudja, hogy b\u00e1nt engem,Hogy \u0150 m\u00e1r nem szeret. Fels\u00f3hajt a lelkem,Sokszor szomor\u00faan,Siratja gazd\u00e1j\u00e1t,Mindig b\u00e1natosan. Mak\u00f3, 1999. 09. 28.<\/p>\n","protected":false},"author":3,"featured_media":0,"comment_status":"closed","ping_status":"open","sticky":false,"template":"","format":"standard","meta":{"footnotes":""},"categories":[4,180],"tags":[23,12,48],"class_list":["post-425","post","type-post","status-publish","format-standard","hentry","category-versek","category-versek2","tag-23","tag-mako","tag-szerelem"],"yoast_head":"<!-- This site is optimized with the Yoast SEO plugin v21.8 - https:\/\/yoast.com\/wordpress\/plugins\/seo\/ -->\n<title>MEGPR\u00d3B\u00c1LLAK LASSAN ELFELEDNI - Bozsogi Attila<\/title>\n<meta name=\"robots\" content=\"index, follow, max-snippet:-1, max-image-preview:large, max-video-preview:-1\" \/>\n<link rel=\"canonical\" href=\"https:\/\/bozsogiattila.hu\/?p=425\" \/>\n<meta property=\"og:locale\" content=\"hu_HU\" \/>\n<meta property=\"og:type\" content=\"article\" \/>\n<meta property=\"og:title\" content=\"MEGPR\u00d3B\u00c1LLAK LASSAN ELFELEDNI - Bozsogi Attila\" \/>\n<meta property=\"og:description\" content=\"MEGPR\u00d3B\u00c1LLAK LASSAN ELFELEDNI Megpr\u00f3b\u00e1llak lassanElfeledni T\u00e9ged,Sz\u00edvemb\u0151l kit\u00e9pni,Minden sz\u00e9p eml\u00e9ket. A lelkem becsapni,Hogy \u00f6r\u00f6kre v\u00e9ge,Nem nevet m\u00e1r \u00e9nr\u00e1m,Senki sem bec\u00e9zve. Sz\u00edvem tiltakozikBecsapni nem lehet,Tudja, hogy b\u00e1nt engem,Hogy \u0150 m\u00e1r nem szeret. Fels\u00f3hajt a lelkem,Sokszor szomor\u00faan,Siratja gazd\u00e1j\u00e1t,Mindig b\u00e1natosan. Mak\u00f3, 1999. 09. 28.\" \/>\n<meta property=\"og:url\" content=\"https:\/\/bozsogiattila.hu\/?p=425\" \/>\n<meta property=\"og:site_name\" content=\"Bozsogi Attila\" \/>\n<meta property=\"article:published_time\" content=\"1999-09-28T13:43:00+00:00\" \/>\n<meta property=\"article:modified_time\" content=\"2024-01-06T15:20:20+00:00\" \/>\n<meta name=\"author\" content=\"Bozsogi Attila\" \/>\n<meta name=\"twitter:card\" content=\"summary_large_image\" \/>\n<meta name=\"twitter:label1\" content=\"Szerz\u0151:\" \/>\n\t<meta name=\"twitter:data1\" content=\"Bozsogi Attila\" \/>\n<script type=\"application\/ld+json\" class=\"yoast-schema-graph\">{\"@context\":\"https:\/\/schema.org\",\"@graph\":[{\"@type\":\"WebPage\",\"@id\":\"https:\/\/bozsogiattila.hu\/?p=425\",\"url\":\"https:\/\/bozsogiattila.hu\/?p=425\",\"name\":\"MEGPR\u00d3B\u00c1LLAK LASSAN ELFELEDNI - Bozsogi Attila\",\"isPartOf\":{\"@id\":\"https:\/\/bozsogiattila.hu\/#website\"},\"datePublished\":\"1999-09-28T13:43:00+00:00\",\"dateModified\":\"2024-01-06T15:20:20+00:00\",\"author\":{\"@id\":\"https:\/\/bozsogiattila.hu\/#\/schema\/person\/488c99f554a8c4039201260dd5eb795e\"},\"breadcrumb\":{\"@id\":\"https:\/\/bozsogiattila.hu\/?p=425#breadcrumb\"},\"inLanguage\":\"hu\",\"potentialAction\":[{\"@type\":\"ReadAction\",\"target\":[\"https:\/\/bozsogiattila.hu\/?p=425\"]}]},{\"@type\":\"BreadcrumbList\",\"@id\":\"https:\/\/bozsogiattila.hu\/?p=425#breadcrumb\",\"itemListElement\":[{\"@type\":\"ListItem\",\"position\":1,\"name\":\"Kezd\u0151lap\",\"item\":\"https:\/\/bozsogiattila.hu\/\"},{\"@type\":\"ListItem\",\"position\":2,\"name\":\"MEGPR\u00d3B\u00c1LLAK LASSAN ELFELEDNI\"}]},{\"@type\":\"WebSite\",\"@id\":\"https:\/\/bozsogiattila.hu\/#website\",\"url\":\"https:\/\/bozsogiattila.hu\/\",\"name\":\"Bozsogi Attila\",\"description\":\"a zen\u00e9sz, \u00edr\u00f3 munk\u00e1ss\u00e1g\u00e1nak \u00e9s a mak\u00f3i muzsikusok eml\u00e9k\u00e9t \u0151rz\u0151 oldal\",\"potentialAction\":[{\"@type\":\"SearchAction\",\"target\":{\"@type\":\"EntryPoint\",\"urlTemplate\":\"https:\/\/bozsogiattila.hu\/?s={search_term_string}\"},\"query-input\":\"required name=search_term_string\"}],\"inLanguage\":\"hu\"},{\"@type\":\"Person\",\"@id\":\"https:\/\/bozsogiattila.hu\/#\/schema\/person\/488c99f554a8c4039201260dd5eb795e\",\"name\":\"Bozsogi Attila\",\"image\":{\"@type\":\"ImageObject\",\"inLanguage\":\"hu\",\"@id\":\"https:\/\/bozsogiattila.hu\/#\/schema\/person\/image\/\",\"url\":\"https:\/\/secure.gravatar.com\/avatar\/7da6b5985e34ed798d1670c54ce7d20e6a53b800bb0c07945c64b09392f3dbfd?s=96&d=mm&r=g\",\"contentUrl\":\"https:\/\/secure.gravatar.com\/avatar\/7da6b5985e34ed798d1670c54ce7d20e6a53b800bb0c07945c64b09392f3dbfd?s=96&d=mm&r=g\",\"caption\":\"Bozsogi Attila\"},\"sameAs\":[\"http:\/\/www.boszogiattila.hu\"],\"url\":\"https:\/\/bozsogiattila.hu\/?author=3\"}]}<\/script>\n<!-- \/ Yoast SEO plugin. -->","yoast_head_json":{"title":"MEGPR\u00d3B\u00c1LLAK LASSAN ELFELEDNI - Bozsogi Attila","robots":{"index":"index","follow":"follow","max-snippet":"max-snippet:-1","max-image-preview":"max-image-preview:large","max-video-preview":"max-video-preview:-1"},"canonical":"https:\/\/bozsogiattila.hu\/?p=425","og_locale":"hu_HU","og_type":"article","og_title":"MEGPR\u00d3B\u00c1LLAK LASSAN ELFELEDNI - Bozsogi Attila","og_description":"MEGPR\u00d3B\u00c1LLAK LASSAN ELFELEDNI Megpr\u00f3b\u00e1llak lassanElfeledni T\u00e9ged,Sz\u00edvemb\u0151l kit\u00e9pni,Minden sz\u00e9p eml\u00e9ket. A lelkem becsapni,Hogy \u00f6r\u00f6kre v\u00e9ge,Nem nevet m\u00e1r \u00e9nr\u00e1m,Senki sem bec\u00e9zve. Sz\u00edvem tiltakozikBecsapni nem lehet,Tudja, hogy b\u00e1nt engem,Hogy \u0150 m\u00e1r nem szeret. Fels\u00f3hajt a lelkem,Sokszor szomor\u00faan,Siratja gazd\u00e1j\u00e1t,Mindig b\u00e1natosan. Mak\u00f3, 1999. 09. 28.","og_url":"https:\/\/bozsogiattila.hu\/?p=425","og_site_name":"Bozsogi Attila","article_published_time":"1999-09-28T13:43:00+00:00","article_modified_time":"2024-01-06T15:20:20+00:00","author":"Bozsogi Attila","twitter_card":"summary_large_image","twitter_misc":{"Szerz\u0151:":"Bozsogi Attila"},"schema":{"@context":"https:\/\/schema.org","@graph":[{"@type":"WebPage","@id":"https:\/\/bozsogiattila.hu\/?p=425","url":"https:\/\/bozsogiattila.hu\/?p=425","name":"MEGPR\u00d3B\u00c1LLAK LASSAN ELFELEDNI - Bozsogi Attila","isPartOf":{"@id":"https:\/\/bozsogiattila.hu\/#website"},"datePublished":"1999-09-28T13:43:00+00:00","dateModified":"2024-01-06T15:20:20+00:00","author":{"@id":"https:\/\/bozsogiattila.hu\/#\/schema\/person\/488c99f554a8c4039201260dd5eb795e"},"breadcrumb":{"@id":"https:\/\/bozsogiattila.hu\/?p=425#breadcrumb"},"inLanguage":"hu","potentialAction":[{"@type":"ReadAction","target":["https:\/\/bozsogiattila.hu\/?p=425"]}]},{"@type":"BreadcrumbList","@id":"https:\/\/bozsogiattila.hu\/?p=425#breadcrumb","itemListElement":[{"@type":"ListItem","position":1,"name":"Kezd\u0151lap","item":"https:\/\/bozsogiattila.hu\/"},{"@type":"ListItem","position":2,"name":"MEGPR\u00d3B\u00c1LLAK LASSAN ELFELEDNI"}]},{"@type":"WebSite","@id":"https:\/\/bozsogiattila.hu\/#website","url":"https:\/\/bozsogiattila.hu\/","name":"Bozsogi Attila","description":"a zen\u00e9sz, \u00edr\u00f3 munk\u00e1ss\u00e1g\u00e1nak \u00e9s a mak\u00f3i muzsikusok eml\u00e9k\u00e9t \u0151rz\u0151 oldal","potentialAction":[{"@type":"SearchAction","target":{"@type":"EntryPoint","urlTemplate":"https:\/\/bozsogiattila.hu\/?s={search_term_string}"},"query-input":"required name=search_term_string"}],"inLanguage":"hu"},{"@type":"Person","@id":"https:\/\/bozsogiattila.hu\/#\/schema\/person\/488c99f554a8c4039201260dd5eb795e","name":"Bozsogi Attila","image":{"@type":"ImageObject","inLanguage":"hu","@id":"https:\/\/bozsogiattila.hu\/#\/schema\/person\/image\/","url":"https:\/\/secure.gravatar.com\/avatar\/7da6b5985e34ed798d1670c54ce7d20e6a53b800bb0c07945c64b09392f3dbfd?s=96&d=mm&r=g","contentUrl":"https:\/\/secure.gravatar.com\/avatar\/7da6b5985e34ed798d1670c54ce7d20e6a53b800bb0c07945c64b09392f3dbfd?s=96&d=mm&r=g","caption":"Bozsogi Attila"},"sameAs":["http:\/\/www.boszogiattila.hu"],"url":"https:\/\/bozsogiattila.hu\/?author=3"}]}},"jetpack_featured_media_url":"","_links":{"self":[{"href":"https:\/\/bozsogiattila.hu\/index.php?rest_route=\/wp\/v2\/posts\/425","targetHints":{"allow":["GET"]}}],"collection":[{"href":"https:\/\/bozsogiattila.hu\/index.php?rest_route=\/wp\/v2\/posts"}],"about":[{"href":"https:\/\/bozsogiattila.hu\/index.php?rest_route=\/wp\/v2\/types\/post"}],"author":[{"embeddable":true,"href":"https:\/\/bozsogiattila.hu\/index.php?rest_route=\/wp\/v2\/users\/3"}],"replies":[{"embeddable":true,"href":"https:\/\/bozsogiattila.hu\/index.php?rest_route=%2Fwp%2Fv2%2Fcomments&post=425"}],"version-history":[{"count":1,"href":"https:\/\/bozsogiattila.hu\/index.php?rest_route=\/wp\/v2\/posts\/425\/revisions"}],"predecessor-version":[{"id":430,"href":"https:\/\/bozsogiattila.hu\/index.php?rest_route=\/wp\/v2\/posts\/425\/revisions\/430"}],"wp:attachment":[{"href":"https:\/\/bozsogiattila.hu\/index.php?rest_route=%2Fwp%2Fv2%2Fmedia&parent=425"}],"wp:term":[{"taxonomy":"category","embeddable":true,"href":"https:\/\/bozsogiattila.hu\/index.php?rest_route=%2Fwp%2Fv2%2Fcategories&post=425"},{"taxonomy":"post_tag","embeddable":true,"href":"https:\/\/bozsogiattila.hu\/index.php?rest_route=%2Fwp%2Fv2%2Ftags&post=425"}],"curies":[{"name":"wp","href":"https:\/\/api.w.org\/{rel}","templated":true}]}}