{"id":479,"date":"1999-05-17T17:40:00","date_gmt":"1999-05-17T17:40:00","guid":{"rendered":"https:\/\/bozsogiattila.hu\/?p=479"},"modified":"2024-01-06T17:41:23","modified_gmt":"2024-01-06T17:41:23","slug":"nem-felejtem-el-en-soha","status":"publish","type":"post","link":"https:\/\/bozsogiattila.hu\/?p=479","title":{"rendered":"NEM FELEJTEM EL \u00c9N SOHA"},"content":{"rendered":"\n<p class=\"wp-block-paragraph\">NEM FELEJTEM EL \u00c9N SOHA<\/p>\n\n\n\n<p class=\"wp-block-paragraph\">Nem felejtem el \u00e9n soha,<br>Azt a sz\u00e9p id\u0151t,<br>Amikor m\u00e9g egy\u00fctt j\u00e1rtunk,<br>R\u00e9gen ezel\u0151tt.<\/p>\n\n\n\n<p class=\"wp-block-paragraph\">Mosoly volt mindig arcodon,<br>Mikor v\u00e1rt\u00e1l r\u00e1m,<br>\u00d6r\u00fclt\u00e9l akkor \u00e9nnekem,<br>\u00dagy b\u00fajt\u00e1l hozz\u00e1m.<\/p>\n\n\n\n<p class=\"wp-block-paragraph\">A j\u00f3t mindig rossz k\u00f6veti,<br>S elv\u00e1ltunk m\u00e1r r\u00e9g,<br>Szerelm\u00fcnkb\u0151l nem maradt m\u00e1s,<br>Csak egy sz\u00e9p eml\u00e9k.<\/p>\n\n\n\n<p class=\"wp-block-paragraph\">Hogyha n\u00e9ha tal\u00e1lkozunk,<br>Sz\u00edv\u00fcnk nagyon f\u00e1j,<br>Esz\u00fcnkbe jut boldogs\u00e1gunk,<br>K\u00e1r, hogy v\u00e9ge m\u00e1r!<\/p>\n\n\n\n<p class=\"wp-block-paragraph\">Mak\u00f3, 1999. 05. 17<\/p>\n","protected":false},"excerpt":{"rendered":"<p>NEM FELEJTEM EL \u00c9N SOHA Nem felejtem el \u00e9n soha,Azt a sz\u00e9p id\u0151t,Amikor m\u00e9g egy\u00fctt j\u00e1rtunk,R\u00e9gen ezel\u0151tt. Mosoly volt mindig arcodon,Mikor v\u00e1rt\u00e1l r\u00e1m,\u00d6r\u00fclt\u00e9l akkor \u00e9nnekem,\u00dagy b\u00fajt\u00e1l hozz\u00e1m. A j\u00f3t mindig rossz k\u00f6veti,S elv\u00e1ltunk m\u00e1r r\u00e9g,Szerelm\u00fcnkb\u0151l nem maradt m\u00e1s,Csak egy sz\u00e9p eml\u00e9k. Hogyha n\u00e9ha tal\u00e1lkozunk,Sz\u00edv\u00fcnk nagyon f\u00e1j,Esz\u00fcnkbe jut boldogs\u00e1gunk,K\u00e1r, hogy v\u00e9ge m\u00e1r! Mak\u00f3, 1999. 05. 17<\/p>\n","protected":false},"author":3,"featured_media":0,"comment_status":"closed","ping_status":"open","sticky":false,"template":"","format":"standard","meta":{"footnotes":""},"categories":[4],"tags":[23,52,183,12,48,182],"class_list":["post-479","post","type-post","status-publish","format-standard","hentry","category-versek","tag-23","tag-banat","tag-elvalas","tag-mako","tag-szerelem","tag-szerelmi-banat"],"yoast_head":"<!-- This site is optimized with the Yoast SEO plugin v21.8 - https:\/\/yoast.com\/wordpress\/plugins\/seo\/ -->\n<title>NEM FELEJTEM EL \u00c9N SOHA - Bozsogi Attila<\/title>\n<meta name=\"robots\" content=\"index, follow, max-snippet:-1, max-image-preview:large, max-video-preview:-1\" \/>\n<link rel=\"canonical\" href=\"https:\/\/bozsogiattila.hu\/?p=479\" \/>\n<meta property=\"og:locale\" content=\"hu_HU\" \/>\n<meta property=\"og:type\" content=\"article\" \/>\n<meta property=\"og:title\" content=\"NEM FELEJTEM EL \u00c9N SOHA - Bozsogi Attila\" \/>\n<meta property=\"og:description\" content=\"NEM FELEJTEM EL \u00c9N SOHA Nem felejtem el \u00e9n soha,Azt a sz\u00e9p id\u0151t,Amikor m\u00e9g egy\u00fctt j\u00e1rtunk,R\u00e9gen ezel\u0151tt. Mosoly volt mindig arcodon,Mikor v\u00e1rt\u00e1l r\u00e1m,\u00d6r\u00fclt\u00e9l akkor \u00e9nnekem,\u00dagy b\u00fajt\u00e1l hozz\u00e1m. A j\u00f3t mindig rossz k\u00f6veti,S elv\u00e1ltunk m\u00e1r r\u00e9g,Szerelm\u00fcnkb\u0151l nem maradt m\u00e1s,Csak egy sz\u00e9p eml\u00e9k. Hogyha n\u00e9ha tal\u00e1lkozunk,Sz\u00edv\u00fcnk nagyon f\u00e1j,Esz\u00fcnkbe jut boldogs\u00e1gunk,K\u00e1r, hogy v\u00e9ge m\u00e1r! Mak\u00f3, 1999. 05. 17\" \/>\n<meta property=\"og:url\" content=\"https:\/\/bozsogiattila.hu\/?p=479\" \/>\n<meta property=\"og:site_name\" content=\"Bozsogi Attila\" \/>\n<meta property=\"article:published_time\" content=\"1999-05-17T17:40:00+00:00\" \/>\n<meta property=\"article:modified_time\" content=\"2024-01-06T17:41:23+00:00\" \/>\n<meta name=\"author\" content=\"Bozsogi Attila\" \/>\n<meta name=\"twitter:card\" content=\"summary_large_image\" \/>\n<meta name=\"twitter:label1\" content=\"Szerz\u0151:\" \/>\n\t<meta name=\"twitter:data1\" content=\"Bozsogi Attila\" \/>\n<script type=\"application\/ld+json\" class=\"yoast-schema-graph\">{\"@context\":\"https:\/\/schema.org\",\"@graph\":[{\"@type\":\"WebPage\",\"@id\":\"https:\/\/bozsogiattila.hu\/?p=479\",\"url\":\"https:\/\/bozsogiattila.hu\/?p=479\",\"name\":\"NEM FELEJTEM EL \u00c9N SOHA - Bozsogi Attila\",\"isPartOf\":{\"@id\":\"https:\/\/bozsogiattila.hu\/#website\"},\"datePublished\":\"1999-05-17T17:40:00+00:00\",\"dateModified\":\"2024-01-06T17:41:23+00:00\",\"author\":{\"@id\":\"https:\/\/bozsogiattila.hu\/#\/schema\/person\/488c99f554a8c4039201260dd5eb795e\"},\"breadcrumb\":{\"@id\":\"https:\/\/bozsogiattila.hu\/?p=479#breadcrumb\"},\"inLanguage\":\"hu\",\"potentialAction\":[{\"@type\":\"ReadAction\",\"target\":[\"https:\/\/bozsogiattila.hu\/?p=479\"]}]},{\"@type\":\"BreadcrumbList\",\"@id\":\"https:\/\/bozsogiattila.hu\/?p=479#breadcrumb\",\"itemListElement\":[{\"@type\":\"ListItem\",\"position\":1,\"name\":\"Kezd\u0151lap\",\"item\":\"https:\/\/bozsogiattila.hu\/\"},{\"@type\":\"ListItem\",\"position\":2,\"name\":\"NEM FELEJTEM EL \u00c9N SOHA\"}]},{\"@type\":\"WebSite\",\"@id\":\"https:\/\/bozsogiattila.hu\/#website\",\"url\":\"https:\/\/bozsogiattila.hu\/\",\"name\":\"Bozsogi Attila\",\"description\":\"a zen\u00e9sz, \u00edr\u00f3 munk\u00e1ss\u00e1g\u00e1nak \u00e9s a mak\u00f3i muzsikusok eml\u00e9k\u00e9t \u0151rz\u0151 oldal\",\"potentialAction\":[{\"@type\":\"SearchAction\",\"target\":{\"@type\":\"EntryPoint\",\"urlTemplate\":\"https:\/\/bozsogiattila.hu\/?s={search_term_string}\"},\"query-input\":\"required name=search_term_string\"}],\"inLanguage\":\"hu\"},{\"@type\":\"Person\",\"@id\":\"https:\/\/bozsogiattila.hu\/#\/schema\/person\/488c99f554a8c4039201260dd5eb795e\",\"name\":\"Bozsogi Attila\",\"image\":{\"@type\":\"ImageObject\",\"inLanguage\":\"hu\",\"@id\":\"https:\/\/bozsogiattila.hu\/#\/schema\/person\/image\/\",\"url\":\"https:\/\/secure.gravatar.com\/avatar\/7da6b5985e34ed798d1670c54ce7d20e6a53b800bb0c07945c64b09392f3dbfd?s=96&d=mm&r=g\",\"contentUrl\":\"https:\/\/secure.gravatar.com\/avatar\/7da6b5985e34ed798d1670c54ce7d20e6a53b800bb0c07945c64b09392f3dbfd?s=96&d=mm&r=g\",\"caption\":\"Bozsogi Attila\"},\"sameAs\":[\"http:\/\/www.boszogiattila.hu\"],\"url\":\"https:\/\/bozsogiattila.hu\/?author=3\"}]}<\/script>\n<!-- \/ Yoast SEO plugin. -->","yoast_head_json":{"title":"NEM FELEJTEM EL \u00c9N SOHA - Bozsogi Attila","robots":{"index":"index","follow":"follow","max-snippet":"max-snippet:-1","max-image-preview":"max-image-preview:large","max-video-preview":"max-video-preview:-1"},"canonical":"https:\/\/bozsogiattila.hu\/?p=479","og_locale":"hu_HU","og_type":"article","og_title":"NEM FELEJTEM EL \u00c9N SOHA - Bozsogi Attila","og_description":"NEM FELEJTEM EL \u00c9N SOHA Nem felejtem el \u00e9n soha,Azt a sz\u00e9p id\u0151t,Amikor m\u00e9g egy\u00fctt j\u00e1rtunk,R\u00e9gen ezel\u0151tt. Mosoly volt mindig arcodon,Mikor v\u00e1rt\u00e1l r\u00e1m,\u00d6r\u00fclt\u00e9l akkor \u00e9nnekem,\u00dagy b\u00fajt\u00e1l hozz\u00e1m. A j\u00f3t mindig rossz k\u00f6veti,S elv\u00e1ltunk m\u00e1r r\u00e9g,Szerelm\u00fcnkb\u0151l nem maradt m\u00e1s,Csak egy sz\u00e9p eml\u00e9k. Hogyha n\u00e9ha tal\u00e1lkozunk,Sz\u00edv\u00fcnk nagyon f\u00e1j,Esz\u00fcnkbe jut boldogs\u00e1gunk,K\u00e1r, hogy v\u00e9ge m\u00e1r! Mak\u00f3, 1999. 05. 17","og_url":"https:\/\/bozsogiattila.hu\/?p=479","og_site_name":"Bozsogi Attila","article_published_time":"1999-05-17T17:40:00+00:00","article_modified_time":"2024-01-06T17:41:23+00:00","author":"Bozsogi Attila","twitter_card":"summary_large_image","twitter_misc":{"Szerz\u0151:":"Bozsogi Attila"},"schema":{"@context":"https:\/\/schema.org","@graph":[{"@type":"WebPage","@id":"https:\/\/bozsogiattila.hu\/?p=479","url":"https:\/\/bozsogiattila.hu\/?p=479","name":"NEM FELEJTEM EL \u00c9N SOHA - Bozsogi Attila","isPartOf":{"@id":"https:\/\/bozsogiattila.hu\/#website"},"datePublished":"1999-05-17T17:40:00+00:00","dateModified":"2024-01-06T17:41:23+00:00","author":{"@id":"https:\/\/bozsogiattila.hu\/#\/schema\/person\/488c99f554a8c4039201260dd5eb795e"},"breadcrumb":{"@id":"https:\/\/bozsogiattila.hu\/?p=479#breadcrumb"},"inLanguage":"hu","potentialAction":[{"@type":"ReadAction","target":["https:\/\/bozsogiattila.hu\/?p=479"]}]},{"@type":"BreadcrumbList","@id":"https:\/\/bozsogiattila.hu\/?p=479#breadcrumb","itemListElement":[{"@type":"ListItem","position":1,"name":"Kezd\u0151lap","item":"https:\/\/bozsogiattila.hu\/"},{"@type":"ListItem","position":2,"name":"NEM FELEJTEM EL \u00c9N SOHA"}]},{"@type":"WebSite","@id":"https:\/\/bozsogiattila.hu\/#website","url":"https:\/\/bozsogiattila.hu\/","name":"Bozsogi Attila","description":"a zen\u00e9sz, \u00edr\u00f3 munk\u00e1ss\u00e1g\u00e1nak \u00e9s a mak\u00f3i muzsikusok eml\u00e9k\u00e9t \u0151rz\u0151 oldal","potentialAction":[{"@type":"SearchAction","target":{"@type":"EntryPoint","urlTemplate":"https:\/\/bozsogiattila.hu\/?s={search_term_string}"},"query-input":"required name=search_term_string"}],"inLanguage":"hu"},{"@type":"Person","@id":"https:\/\/bozsogiattila.hu\/#\/schema\/person\/488c99f554a8c4039201260dd5eb795e","name":"Bozsogi Attila","image":{"@type":"ImageObject","inLanguage":"hu","@id":"https:\/\/bozsogiattila.hu\/#\/schema\/person\/image\/","url":"https:\/\/secure.gravatar.com\/avatar\/7da6b5985e34ed798d1670c54ce7d20e6a53b800bb0c07945c64b09392f3dbfd?s=96&d=mm&r=g","contentUrl":"https:\/\/secure.gravatar.com\/avatar\/7da6b5985e34ed798d1670c54ce7d20e6a53b800bb0c07945c64b09392f3dbfd?s=96&d=mm&r=g","caption":"Bozsogi Attila"},"sameAs":["http:\/\/www.boszogiattila.hu"],"url":"https:\/\/bozsogiattila.hu\/?author=3"}]}},"jetpack_featured_media_url":"","_links":{"self":[{"href":"https:\/\/bozsogiattila.hu\/index.php?rest_route=\/wp\/v2\/posts\/479","targetHints":{"allow":["GET"]}}],"collection":[{"href":"https:\/\/bozsogiattila.hu\/index.php?rest_route=\/wp\/v2\/posts"}],"about":[{"href":"https:\/\/bozsogiattila.hu\/index.php?rest_route=\/wp\/v2\/types\/post"}],"author":[{"embeddable":true,"href":"https:\/\/bozsogiattila.hu\/index.php?rest_route=\/wp\/v2\/users\/3"}],"replies":[{"embeddable":true,"href":"https:\/\/bozsogiattila.hu\/index.php?rest_route=%2Fwp%2Fv2%2Fcomments&post=479"}],"version-history":[{"count":1,"href":"https:\/\/bozsogiattila.hu\/index.php?rest_route=\/wp\/v2\/posts\/479\/revisions"}],"predecessor-version":[{"id":480,"href":"https:\/\/bozsogiattila.hu\/index.php?rest_route=\/wp\/v2\/posts\/479\/revisions\/480"}],"wp:attachment":[{"href":"https:\/\/bozsogiattila.hu\/index.php?rest_route=%2Fwp%2Fv2%2Fmedia&parent=479"}],"wp:term":[{"taxonomy":"category","embeddable":true,"href":"https:\/\/bozsogiattila.hu\/index.php?rest_route=%2Fwp%2Fv2%2Fcategories&post=479"},{"taxonomy":"post_tag","embeddable":true,"href":"https:\/\/bozsogiattila.hu\/index.php?rest_route=%2Fwp%2Fv2%2Ftags&post=479"}],"curies":[{"name":"wp","href":"https:\/\/api.w.org\/{rel}","templated":true}]}}