{"id":489,"date":"1999-07-22T17:47:00","date_gmt":"1999-07-22T17:47:00","guid":{"rendered":"https:\/\/bozsogiattila.hu\/?p=489"},"modified":"2024-01-06T17:48:39","modified_gmt":"2024-01-06T17:48:39","slug":"nem-tudom-hogy-gondolsz-e-ram","status":"publish","type":"post","link":"https:\/\/bozsogiattila.hu\/?p=489","title":{"rendered":"NEM TUDOM, HOGY GONDOLSZ-E R\u00c1M"},"content":{"rendered":"\n<p class=\"wp-block-paragraph\">NEM TUDOM, HOGY GONDOLSZ-E R\u00c1M<\/p>\n\n\n\n<p class=\"wp-block-paragraph\">Nem tudom, hogy gondolsz-e r\u00e1m,<br>Vagy m\u00e1r elfeledt\u00e9l?<br>Nem tudom, hogy eml\u00e9kszel-e,<br>Egykor, hogy szerett\u00e9l?<\/p>\n\n\n\n<p class=\"wp-block-paragraph\">Nem tudom, hogy megb\u00e1ntad-e,<br>Ami\u00e9rt elment\u00e9l?<br>Nem tudom, hogy visszaj\u00f6ssz-e,<br>Vagy m\u00e1r eltemett\u00e9l?<\/p>\n\n\n\n<p class=\"wp-block-paragraph\">Tudom azt, hogy gondolatban<br>Sokat vagyok N\u00e1lad!<br>Tudom azt, hogy \u00e9jszak\u00e1nk\u00e9nt,<br>V\u00e1gy\u00f3dom ut\u00e1nad!<\/p>\n\n\n\n<p class=\"wp-block-paragraph\">Tudom, hogy f\u00e1j az \u00e9n sz\u00edvem,<br>Ami\u00e9rt elment\u00e9l!<br>Tudom, megbocs\u00e1tok Neked,<br>Hogyha visszaj\u00f6nn\u00e9l!<\/p>\n\n\n\n<p class=\"wp-block-paragraph\">Mak\u00f3, 1999. 07. 22.<\/p>\n","protected":false},"excerpt":{"rendered":"<p>NEM TUDOM, HOGY GONDOLSZ-E R\u00c1M Nem tudom, hogy gondolsz-e r\u00e1m,Vagy m\u00e1r elfeledt\u00e9l?Nem tudom, hogy eml\u00e9kszel-e,Egykor, hogy szerett\u00e9l? Nem tudom, hogy megb\u00e1ntad-e,Ami\u00e9rt elment\u00e9l?Nem tudom, hogy visszaj\u00f6ssz-e,Vagy m\u00e1r eltemett\u00e9l? Tudom azt, hogy gondolatbanSokat vagyok N\u00e1lad!Tudom azt, hogy \u00e9jszak\u00e1nk\u00e9nt,V\u00e1gy\u00f3dom ut\u00e1nad! Tudom, hogy f\u00e1j az \u00e9n sz\u00edvem,Ami\u00e9rt elment\u00e9l!Tudom, megbocs\u00e1tok Neked,Hogyha visszaj\u00f6nn\u00e9l! Mak\u00f3, 1999. 07. 22.<\/p>\n","protected":false},"author":3,"featured_media":0,"comment_status":"closed","ping_status":"open","sticky":false,"template":"","format":"standard","meta":{"footnotes":""},"categories":[4],"tags":[23,51,12,48,186],"class_list":["post-489","post","type-post","status-publish","format-standard","hentry","category-versek","tag-23","tag-csalodas","tag-mako","tag-szerelem","tag-vagyodas"],"yoast_head":"<!-- This site is optimized with the Yoast SEO plugin v21.8 - https:\/\/yoast.com\/wordpress\/plugins\/seo\/ -->\n<title>NEM TUDOM, HOGY GONDOLSZ-E R\u00c1M - Bozsogi Attila<\/title>\n<meta name=\"robots\" content=\"index, follow, max-snippet:-1, max-image-preview:large, max-video-preview:-1\" \/>\n<link rel=\"canonical\" href=\"https:\/\/bozsogiattila.hu\/?p=489\" \/>\n<meta property=\"og:locale\" content=\"hu_HU\" \/>\n<meta property=\"og:type\" content=\"article\" \/>\n<meta property=\"og:title\" content=\"NEM TUDOM, HOGY GONDOLSZ-E R\u00c1M - Bozsogi Attila\" \/>\n<meta property=\"og:description\" content=\"NEM TUDOM, HOGY GONDOLSZ-E R\u00c1M Nem tudom, hogy gondolsz-e r\u00e1m,Vagy m\u00e1r elfeledt\u00e9l?Nem tudom, hogy eml\u00e9kszel-e,Egykor, hogy szerett\u00e9l? Nem tudom, hogy megb\u00e1ntad-e,Ami\u00e9rt elment\u00e9l?Nem tudom, hogy visszaj\u00f6ssz-e,Vagy m\u00e1r eltemett\u00e9l? Tudom azt, hogy gondolatbanSokat vagyok N\u00e1lad!Tudom azt, hogy \u00e9jszak\u00e1nk\u00e9nt,V\u00e1gy\u00f3dom ut\u00e1nad! Tudom, hogy f\u00e1j az \u00e9n sz\u00edvem,Ami\u00e9rt elment\u00e9l!Tudom, megbocs\u00e1tok Neked,Hogyha visszaj\u00f6nn\u00e9l! Mak\u00f3, 1999. 07. 22.\" \/>\n<meta property=\"og:url\" content=\"https:\/\/bozsogiattila.hu\/?p=489\" \/>\n<meta property=\"og:site_name\" content=\"Bozsogi Attila\" \/>\n<meta property=\"article:published_time\" content=\"1999-07-22T17:47:00+00:00\" \/>\n<meta property=\"article:modified_time\" content=\"2024-01-06T17:48:39+00:00\" \/>\n<meta name=\"author\" content=\"Bozsogi Attila\" \/>\n<meta name=\"twitter:card\" content=\"summary_large_image\" \/>\n<meta name=\"twitter:label1\" content=\"Szerz\u0151:\" \/>\n\t<meta name=\"twitter:data1\" content=\"Bozsogi Attila\" \/>\n<script type=\"application\/ld+json\" class=\"yoast-schema-graph\">{\"@context\":\"https:\/\/schema.org\",\"@graph\":[{\"@type\":\"WebPage\",\"@id\":\"https:\/\/bozsogiattila.hu\/?p=489\",\"url\":\"https:\/\/bozsogiattila.hu\/?p=489\",\"name\":\"NEM TUDOM, HOGY GONDOLSZ-E R\u00c1M - Bozsogi Attila\",\"isPartOf\":{\"@id\":\"https:\/\/bozsogiattila.hu\/#website\"},\"datePublished\":\"1999-07-22T17:47:00+00:00\",\"dateModified\":\"2024-01-06T17:48:39+00:00\",\"author\":{\"@id\":\"https:\/\/bozsogiattila.hu\/#\/schema\/person\/488c99f554a8c4039201260dd5eb795e\"},\"breadcrumb\":{\"@id\":\"https:\/\/bozsogiattila.hu\/?p=489#breadcrumb\"},\"inLanguage\":\"hu\",\"potentialAction\":[{\"@type\":\"ReadAction\",\"target\":[\"https:\/\/bozsogiattila.hu\/?p=489\"]}]},{\"@type\":\"BreadcrumbList\",\"@id\":\"https:\/\/bozsogiattila.hu\/?p=489#breadcrumb\",\"itemListElement\":[{\"@type\":\"ListItem\",\"position\":1,\"name\":\"Kezd\u0151lap\",\"item\":\"https:\/\/bozsogiattila.hu\/\"},{\"@type\":\"ListItem\",\"position\":2,\"name\":\"NEM TUDOM, HOGY GONDOLSZ-E R\u00c1M\"}]},{\"@type\":\"WebSite\",\"@id\":\"https:\/\/bozsogiattila.hu\/#website\",\"url\":\"https:\/\/bozsogiattila.hu\/\",\"name\":\"Bozsogi Attila\",\"description\":\"a zen\u00e9sz, \u00edr\u00f3 munk\u00e1ss\u00e1g\u00e1nak \u00e9s a mak\u00f3i muzsikusok eml\u00e9k\u00e9t \u0151rz\u0151 oldal\",\"potentialAction\":[{\"@type\":\"SearchAction\",\"target\":{\"@type\":\"EntryPoint\",\"urlTemplate\":\"https:\/\/bozsogiattila.hu\/?s={search_term_string}\"},\"query-input\":\"required name=search_term_string\"}],\"inLanguage\":\"hu\"},{\"@type\":\"Person\",\"@id\":\"https:\/\/bozsogiattila.hu\/#\/schema\/person\/488c99f554a8c4039201260dd5eb795e\",\"name\":\"Bozsogi Attila\",\"image\":{\"@type\":\"ImageObject\",\"inLanguage\":\"hu\",\"@id\":\"https:\/\/bozsogiattila.hu\/#\/schema\/person\/image\/\",\"url\":\"https:\/\/secure.gravatar.com\/avatar\/7da6b5985e34ed798d1670c54ce7d20e6a53b800bb0c07945c64b09392f3dbfd?s=96&d=mm&r=g\",\"contentUrl\":\"https:\/\/secure.gravatar.com\/avatar\/7da6b5985e34ed798d1670c54ce7d20e6a53b800bb0c07945c64b09392f3dbfd?s=96&d=mm&r=g\",\"caption\":\"Bozsogi Attila\"},\"sameAs\":[\"http:\/\/www.boszogiattila.hu\"],\"url\":\"https:\/\/bozsogiattila.hu\/?author=3\"}]}<\/script>\n<!-- \/ Yoast SEO plugin. -->","yoast_head_json":{"title":"NEM TUDOM, HOGY GONDOLSZ-E R\u00c1M - Bozsogi Attila","robots":{"index":"index","follow":"follow","max-snippet":"max-snippet:-1","max-image-preview":"max-image-preview:large","max-video-preview":"max-video-preview:-1"},"canonical":"https:\/\/bozsogiattila.hu\/?p=489","og_locale":"hu_HU","og_type":"article","og_title":"NEM TUDOM, HOGY GONDOLSZ-E R\u00c1M - Bozsogi Attila","og_description":"NEM TUDOM, HOGY GONDOLSZ-E R\u00c1M Nem tudom, hogy gondolsz-e r\u00e1m,Vagy m\u00e1r elfeledt\u00e9l?Nem tudom, hogy eml\u00e9kszel-e,Egykor, hogy szerett\u00e9l? Nem tudom, hogy megb\u00e1ntad-e,Ami\u00e9rt elment\u00e9l?Nem tudom, hogy visszaj\u00f6ssz-e,Vagy m\u00e1r eltemett\u00e9l? Tudom azt, hogy gondolatbanSokat vagyok N\u00e1lad!Tudom azt, hogy \u00e9jszak\u00e1nk\u00e9nt,V\u00e1gy\u00f3dom ut\u00e1nad! Tudom, hogy f\u00e1j az \u00e9n sz\u00edvem,Ami\u00e9rt elment\u00e9l!Tudom, megbocs\u00e1tok Neked,Hogyha visszaj\u00f6nn\u00e9l! Mak\u00f3, 1999. 07. 22.","og_url":"https:\/\/bozsogiattila.hu\/?p=489","og_site_name":"Bozsogi Attila","article_published_time":"1999-07-22T17:47:00+00:00","article_modified_time":"2024-01-06T17:48:39+00:00","author":"Bozsogi Attila","twitter_card":"summary_large_image","twitter_misc":{"Szerz\u0151:":"Bozsogi Attila"},"schema":{"@context":"https:\/\/schema.org","@graph":[{"@type":"WebPage","@id":"https:\/\/bozsogiattila.hu\/?p=489","url":"https:\/\/bozsogiattila.hu\/?p=489","name":"NEM TUDOM, HOGY GONDOLSZ-E R\u00c1M - Bozsogi Attila","isPartOf":{"@id":"https:\/\/bozsogiattila.hu\/#website"},"datePublished":"1999-07-22T17:47:00+00:00","dateModified":"2024-01-06T17:48:39+00:00","author":{"@id":"https:\/\/bozsogiattila.hu\/#\/schema\/person\/488c99f554a8c4039201260dd5eb795e"},"breadcrumb":{"@id":"https:\/\/bozsogiattila.hu\/?p=489#breadcrumb"},"inLanguage":"hu","potentialAction":[{"@type":"ReadAction","target":["https:\/\/bozsogiattila.hu\/?p=489"]}]},{"@type":"BreadcrumbList","@id":"https:\/\/bozsogiattila.hu\/?p=489#breadcrumb","itemListElement":[{"@type":"ListItem","position":1,"name":"Kezd\u0151lap","item":"https:\/\/bozsogiattila.hu\/"},{"@type":"ListItem","position":2,"name":"NEM TUDOM, HOGY GONDOLSZ-E R\u00c1M"}]},{"@type":"WebSite","@id":"https:\/\/bozsogiattila.hu\/#website","url":"https:\/\/bozsogiattila.hu\/","name":"Bozsogi Attila","description":"a zen\u00e9sz, \u00edr\u00f3 munk\u00e1ss\u00e1g\u00e1nak \u00e9s a mak\u00f3i muzsikusok eml\u00e9k\u00e9t \u0151rz\u0151 oldal","potentialAction":[{"@type":"SearchAction","target":{"@type":"EntryPoint","urlTemplate":"https:\/\/bozsogiattila.hu\/?s={search_term_string}"},"query-input":"required name=search_term_string"}],"inLanguage":"hu"},{"@type":"Person","@id":"https:\/\/bozsogiattila.hu\/#\/schema\/person\/488c99f554a8c4039201260dd5eb795e","name":"Bozsogi Attila","image":{"@type":"ImageObject","inLanguage":"hu","@id":"https:\/\/bozsogiattila.hu\/#\/schema\/person\/image\/","url":"https:\/\/secure.gravatar.com\/avatar\/7da6b5985e34ed798d1670c54ce7d20e6a53b800bb0c07945c64b09392f3dbfd?s=96&d=mm&r=g","contentUrl":"https:\/\/secure.gravatar.com\/avatar\/7da6b5985e34ed798d1670c54ce7d20e6a53b800bb0c07945c64b09392f3dbfd?s=96&d=mm&r=g","caption":"Bozsogi Attila"},"sameAs":["http:\/\/www.boszogiattila.hu"],"url":"https:\/\/bozsogiattila.hu\/?author=3"}]}},"jetpack_featured_media_url":"","_links":{"self":[{"href":"https:\/\/bozsogiattila.hu\/index.php?rest_route=\/wp\/v2\/posts\/489","targetHints":{"allow":["GET"]}}],"collection":[{"href":"https:\/\/bozsogiattila.hu\/index.php?rest_route=\/wp\/v2\/posts"}],"about":[{"href":"https:\/\/bozsogiattila.hu\/index.php?rest_route=\/wp\/v2\/types\/post"}],"author":[{"embeddable":true,"href":"https:\/\/bozsogiattila.hu\/index.php?rest_route=\/wp\/v2\/users\/3"}],"replies":[{"embeddable":true,"href":"https:\/\/bozsogiattila.hu\/index.php?rest_route=%2Fwp%2Fv2%2Fcomments&post=489"}],"version-history":[{"count":1,"href":"https:\/\/bozsogiattila.hu\/index.php?rest_route=\/wp\/v2\/posts\/489\/revisions"}],"predecessor-version":[{"id":490,"href":"https:\/\/bozsogiattila.hu\/index.php?rest_route=\/wp\/v2\/posts\/489\/revisions\/490"}],"wp:attachment":[{"href":"https:\/\/bozsogiattila.hu\/index.php?rest_route=%2Fwp%2Fv2%2Fmedia&parent=489"}],"wp:term":[{"taxonomy":"category","embeddable":true,"href":"https:\/\/bozsogiattila.hu\/index.php?rest_route=%2Fwp%2Fv2%2Fcategories&post=489"},{"taxonomy":"post_tag","embeddable":true,"href":"https:\/\/bozsogiattila.hu\/index.php?rest_route=%2Fwp%2Fv2%2Ftags&post=489"}],"curies":[{"name":"wp","href":"https:\/\/api.w.org\/{rel}","templated":true}]}}