{"id":499,"date":"2001-09-08T17:55:00","date_gmt":"2001-09-08T17:55:00","guid":{"rendered":"https:\/\/bozsogiattila.hu\/?p=499"},"modified":"2024-01-06T17:57:17","modified_gmt":"2024-01-06T17:57:17","slug":"odaadtam-a-jovot-a-maert","status":"publish","type":"post","link":"https:\/\/bozsogiattila.hu\/?p=499","title":{"rendered":"ODAADTAM A J\u00d6V\u0150T A M\u00c1\u00c9RT"},"content":{"rendered":"\n<p class=\"wp-block-paragraph\">ODAADTAM A J\u00d6V\u0150T A M\u00c1\u00c9RT<\/p>\n\n\n\n<p class=\"wp-block-paragraph\">\u00c9jszak\u00e1nk\u00e9nt<br>J\u00e1rom az utc\u00e1kat,<br>Pedig tudom<br>\u00c1lmot kergetek.<\/p>\n\n\n\n<p class=\"wp-block-paragraph\">Elfeledni<br>Nem tudok egy v\u00e1gyat,<br>Amely mindig<br>Hozz\u00e1d vezetett.<\/p>\n\n\n\n<p class=\"wp-block-paragraph\">Elvesztettem<br>R\u00e9g a boldogs\u00e1got,<br>A szerelemben<br>Sokszor csal\u00f3dtam.<\/p>\n\n\n\n<p class=\"wp-block-paragraph\">Odaadtam<br>A j\u00f6v\u0151t a m\u00e1\u00e9rt,<br>Hogyha egy sz\u00e9p<br>L\u00e1nyra tal\u00e1ltam.<\/p>\n\n\n\n<p class=\"wp-block-paragraph\">De az \u00e9vek<br>Gyorsan elrep\u00fcltek,<br>A l\u00e1nyokb\u00f3l<br>Nagyany\u00f3ka lett.<\/p>\n\n\n\n<p class=\"wp-block-paragraph\">\u00c9n m\u00e9g mindig<br>Egymagamban j\u00e1rok,<br>A sz\u00edvem nem<br>\u00d6regedett meg.<\/p>\n\n\n\n<p class=\"wp-block-paragraph\">Mikor hajnalt\u00e1jban<br>Hazat\u00e9rek,<br>Mindig egy n\u00f3t\u00e1t<br>\u00c9nekelek.<\/p>\n\n\n\n<p class=\"wp-block-paragraph\">Elfeledni nem lehet<br>A m\u00faltat,<br>Amikor sok sz\u00e9pl\u00e1ny<br>Szeretett.<\/p>\n\n\n\n<p class=\"wp-block-paragraph\">Mak\u00f3, 2001. 09. 08.<\/p>\n","protected":false},"excerpt":{"rendered":"<p>ODAADTAM A J\u00d6V\u0150T A M\u00c1\u00c9RT \u00c9jszak\u00e1nk\u00e9ntJ\u00e1rom az utc\u00e1kat,Pedig tudom\u00c1lmot kergetek. ElfeledniNem tudok egy v\u00e1gyat,Amely mindigHozz\u00e1d vezetett. ElvesztettemR\u00e9g a boldogs\u00e1got,A szerelembenSokszor csal\u00f3dtam. OdaadtamA j\u00f6v\u0151t a m\u00e1\u00e9rt,Hogyha egy sz\u00e9pL\u00e1nyra tal\u00e1ltam. De az \u00e9vekGyorsan elrep\u00fcltek,A l\u00e1nyokb\u00f3lNagyany\u00f3ka lett. \u00c9n m\u00e9g mindigEgymagamban j\u00e1rok,A sz\u00edvem nem\u00d6regedett meg. Mikor hajnalt\u00e1jbanHazat\u00e9rek,Mindig egy n\u00f3t\u00e1t\u00c9nekelek. Elfeledni nem lehetA m\u00faltat,Amikor sok sz\u00e9pl\u00e1nySzeretett. Mak\u00f3, 2001. 09. 08.<\/p>\n","protected":false},"author":3,"featured_media":0,"comment_status":"closed","ping_status":"open","sticky":false,"template":"","format":"standard","meta":{"footnotes":""},"categories":[4],"tags":[45,51,193,146,109,195,12,142,194],"class_list":["post-499","post","type-post","status-publish","format-standard","hentry","category-versek","tag-45","tag-csalodas","tag-elfeledni","tag-jovo","tag-lanyok","tag-ma","tag-mako","tag-nota","tag-repulnek"],"yoast_head":"<!-- This site is optimized with the Yoast SEO plugin v21.8 - https:\/\/yoast.com\/wordpress\/plugins\/seo\/ -->\n<title>ODAADTAM A J\u00d6V\u0150T A M\u00c1\u00c9RT - Bozsogi Attila<\/title>\n<meta name=\"robots\" content=\"index, follow, max-snippet:-1, max-image-preview:large, max-video-preview:-1\" \/>\n<link rel=\"canonical\" href=\"https:\/\/bozsogiattila.hu\/?p=499\" \/>\n<meta property=\"og:locale\" content=\"hu_HU\" \/>\n<meta property=\"og:type\" content=\"article\" \/>\n<meta property=\"og:title\" content=\"ODAADTAM A J\u00d6V\u0150T A M\u00c1\u00c9RT - Bozsogi Attila\" \/>\n<meta property=\"og:description\" content=\"ODAADTAM A J\u00d6V\u0150T A M\u00c1\u00c9RT \u00c9jszak\u00e1nk\u00e9ntJ\u00e1rom az utc\u00e1kat,Pedig tudom\u00c1lmot kergetek. ElfeledniNem tudok egy v\u00e1gyat,Amely mindigHozz\u00e1d vezetett. ElvesztettemR\u00e9g a boldogs\u00e1got,A szerelembenSokszor csal\u00f3dtam. OdaadtamA j\u00f6v\u0151t a m\u00e1\u00e9rt,Hogyha egy sz\u00e9pL\u00e1nyra tal\u00e1ltam. De az \u00e9vekGyorsan elrep\u00fcltek,A l\u00e1nyokb\u00f3lNagyany\u00f3ka lett. \u00c9n m\u00e9g mindigEgymagamban j\u00e1rok,A sz\u00edvem nem\u00d6regedett meg. Mikor hajnalt\u00e1jbanHazat\u00e9rek,Mindig egy n\u00f3t\u00e1t\u00c9nekelek. Elfeledni nem lehetA m\u00faltat,Amikor sok sz\u00e9pl\u00e1nySzeretett. Mak\u00f3, 2001. 09. 08.\" \/>\n<meta property=\"og:url\" content=\"https:\/\/bozsogiattila.hu\/?p=499\" \/>\n<meta property=\"og:site_name\" content=\"Bozsogi Attila\" \/>\n<meta property=\"article:published_time\" content=\"2001-09-08T17:55:00+00:00\" \/>\n<meta property=\"article:modified_time\" content=\"2024-01-06T17:57:17+00:00\" \/>\n<meta name=\"author\" content=\"Bozsogi Attila\" \/>\n<meta name=\"twitter:card\" content=\"summary_large_image\" \/>\n<meta name=\"twitter:label1\" content=\"Szerz\u0151:\" \/>\n\t<meta name=\"twitter:data1\" content=\"Bozsogi Attila\" \/>\n<script type=\"application\/ld+json\" class=\"yoast-schema-graph\">{\"@context\":\"https:\/\/schema.org\",\"@graph\":[{\"@type\":\"WebPage\",\"@id\":\"https:\/\/bozsogiattila.hu\/?p=499\",\"url\":\"https:\/\/bozsogiattila.hu\/?p=499\",\"name\":\"ODAADTAM A J\u00d6V\u0150T A M\u00c1\u00c9RT - Bozsogi Attila\",\"isPartOf\":{\"@id\":\"https:\/\/bozsogiattila.hu\/#website\"},\"datePublished\":\"2001-09-08T17:55:00+00:00\",\"dateModified\":\"2024-01-06T17:57:17+00:00\",\"author\":{\"@id\":\"https:\/\/bozsogiattila.hu\/#\/schema\/person\/488c99f554a8c4039201260dd5eb795e\"},\"breadcrumb\":{\"@id\":\"https:\/\/bozsogiattila.hu\/?p=499#breadcrumb\"},\"inLanguage\":\"hu\",\"potentialAction\":[{\"@type\":\"ReadAction\",\"target\":[\"https:\/\/bozsogiattila.hu\/?p=499\"]}]},{\"@type\":\"BreadcrumbList\",\"@id\":\"https:\/\/bozsogiattila.hu\/?p=499#breadcrumb\",\"itemListElement\":[{\"@type\":\"ListItem\",\"position\":1,\"name\":\"Kezd\u0151lap\",\"item\":\"https:\/\/bozsogiattila.hu\/\"},{\"@type\":\"ListItem\",\"position\":2,\"name\":\"ODAADTAM A J\u00d6V\u0150T A M\u00c1\u00c9RT\"}]},{\"@type\":\"WebSite\",\"@id\":\"https:\/\/bozsogiattila.hu\/#website\",\"url\":\"https:\/\/bozsogiattila.hu\/\",\"name\":\"Bozsogi Attila\",\"description\":\"a zen\u00e9sz, \u00edr\u00f3 munk\u00e1ss\u00e1g\u00e1nak \u00e9s a mak\u00f3i muzsikusok eml\u00e9k\u00e9t \u0151rz\u0151 oldal\",\"potentialAction\":[{\"@type\":\"SearchAction\",\"target\":{\"@type\":\"EntryPoint\",\"urlTemplate\":\"https:\/\/bozsogiattila.hu\/?s={search_term_string}\"},\"query-input\":\"required name=search_term_string\"}],\"inLanguage\":\"hu\"},{\"@type\":\"Person\",\"@id\":\"https:\/\/bozsogiattila.hu\/#\/schema\/person\/488c99f554a8c4039201260dd5eb795e\",\"name\":\"Bozsogi Attila\",\"image\":{\"@type\":\"ImageObject\",\"inLanguage\":\"hu\",\"@id\":\"https:\/\/bozsogiattila.hu\/#\/schema\/person\/image\/\",\"url\":\"https:\/\/secure.gravatar.com\/avatar\/7da6b5985e34ed798d1670c54ce7d20e6a53b800bb0c07945c64b09392f3dbfd?s=96&d=mm&r=g\",\"contentUrl\":\"https:\/\/secure.gravatar.com\/avatar\/7da6b5985e34ed798d1670c54ce7d20e6a53b800bb0c07945c64b09392f3dbfd?s=96&d=mm&r=g\",\"caption\":\"Bozsogi Attila\"},\"sameAs\":[\"http:\/\/www.boszogiattila.hu\"],\"url\":\"https:\/\/bozsogiattila.hu\/?author=3\"}]}<\/script>\n<!-- \/ Yoast SEO plugin. -->","yoast_head_json":{"title":"ODAADTAM A J\u00d6V\u0150T A M\u00c1\u00c9RT - Bozsogi Attila","robots":{"index":"index","follow":"follow","max-snippet":"max-snippet:-1","max-image-preview":"max-image-preview:large","max-video-preview":"max-video-preview:-1"},"canonical":"https:\/\/bozsogiattila.hu\/?p=499","og_locale":"hu_HU","og_type":"article","og_title":"ODAADTAM A J\u00d6V\u0150T A M\u00c1\u00c9RT - Bozsogi Attila","og_description":"ODAADTAM A J\u00d6V\u0150T A M\u00c1\u00c9RT \u00c9jszak\u00e1nk\u00e9ntJ\u00e1rom az utc\u00e1kat,Pedig tudom\u00c1lmot kergetek. ElfeledniNem tudok egy v\u00e1gyat,Amely mindigHozz\u00e1d vezetett. ElvesztettemR\u00e9g a boldogs\u00e1got,A szerelembenSokszor csal\u00f3dtam. OdaadtamA j\u00f6v\u0151t a m\u00e1\u00e9rt,Hogyha egy sz\u00e9pL\u00e1nyra tal\u00e1ltam. De az \u00e9vekGyorsan elrep\u00fcltek,A l\u00e1nyokb\u00f3lNagyany\u00f3ka lett. \u00c9n m\u00e9g mindigEgymagamban j\u00e1rok,A sz\u00edvem nem\u00d6regedett meg. Mikor hajnalt\u00e1jbanHazat\u00e9rek,Mindig egy n\u00f3t\u00e1t\u00c9nekelek. Elfeledni nem lehetA m\u00faltat,Amikor sok sz\u00e9pl\u00e1nySzeretett. Mak\u00f3, 2001. 09. 08.","og_url":"https:\/\/bozsogiattila.hu\/?p=499","og_site_name":"Bozsogi Attila","article_published_time":"2001-09-08T17:55:00+00:00","article_modified_time":"2024-01-06T17:57:17+00:00","author":"Bozsogi Attila","twitter_card":"summary_large_image","twitter_misc":{"Szerz\u0151:":"Bozsogi Attila"},"schema":{"@context":"https:\/\/schema.org","@graph":[{"@type":"WebPage","@id":"https:\/\/bozsogiattila.hu\/?p=499","url":"https:\/\/bozsogiattila.hu\/?p=499","name":"ODAADTAM A J\u00d6V\u0150T A M\u00c1\u00c9RT - Bozsogi Attila","isPartOf":{"@id":"https:\/\/bozsogiattila.hu\/#website"},"datePublished":"2001-09-08T17:55:00+00:00","dateModified":"2024-01-06T17:57:17+00:00","author":{"@id":"https:\/\/bozsogiattila.hu\/#\/schema\/person\/488c99f554a8c4039201260dd5eb795e"},"breadcrumb":{"@id":"https:\/\/bozsogiattila.hu\/?p=499#breadcrumb"},"inLanguage":"hu","potentialAction":[{"@type":"ReadAction","target":["https:\/\/bozsogiattila.hu\/?p=499"]}]},{"@type":"BreadcrumbList","@id":"https:\/\/bozsogiattila.hu\/?p=499#breadcrumb","itemListElement":[{"@type":"ListItem","position":1,"name":"Kezd\u0151lap","item":"https:\/\/bozsogiattila.hu\/"},{"@type":"ListItem","position":2,"name":"ODAADTAM A J\u00d6V\u0150T A M\u00c1\u00c9RT"}]},{"@type":"WebSite","@id":"https:\/\/bozsogiattila.hu\/#website","url":"https:\/\/bozsogiattila.hu\/","name":"Bozsogi Attila","description":"a zen\u00e9sz, \u00edr\u00f3 munk\u00e1ss\u00e1g\u00e1nak \u00e9s a mak\u00f3i muzsikusok eml\u00e9k\u00e9t \u0151rz\u0151 oldal","potentialAction":[{"@type":"SearchAction","target":{"@type":"EntryPoint","urlTemplate":"https:\/\/bozsogiattila.hu\/?s={search_term_string}"},"query-input":"required name=search_term_string"}],"inLanguage":"hu"},{"@type":"Person","@id":"https:\/\/bozsogiattila.hu\/#\/schema\/person\/488c99f554a8c4039201260dd5eb795e","name":"Bozsogi Attila","image":{"@type":"ImageObject","inLanguage":"hu","@id":"https:\/\/bozsogiattila.hu\/#\/schema\/person\/image\/","url":"https:\/\/secure.gravatar.com\/avatar\/7da6b5985e34ed798d1670c54ce7d20e6a53b800bb0c07945c64b09392f3dbfd?s=96&d=mm&r=g","contentUrl":"https:\/\/secure.gravatar.com\/avatar\/7da6b5985e34ed798d1670c54ce7d20e6a53b800bb0c07945c64b09392f3dbfd?s=96&d=mm&r=g","caption":"Bozsogi Attila"},"sameAs":["http:\/\/www.boszogiattila.hu"],"url":"https:\/\/bozsogiattila.hu\/?author=3"}]}},"jetpack_featured_media_url":"","_links":{"self":[{"href":"https:\/\/bozsogiattila.hu\/index.php?rest_route=\/wp\/v2\/posts\/499","targetHints":{"allow":["GET"]}}],"collection":[{"href":"https:\/\/bozsogiattila.hu\/index.php?rest_route=\/wp\/v2\/posts"}],"about":[{"href":"https:\/\/bozsogiattila.hu\/index.php?rest_route=\/wp\/v2\/types\/post"}],"author":[{"embeddable":true,"href":"https:\/\/bozsogiattila.hu\/index.php?rest_route=\/wp\/v2\/users\/3"}],"replies":[{"embeddable":true,"href":"https:\/\/bozsogiattila.hu\/index.php?rest_route=%2Fwp%2Fv2%2Fcomments&post=499"}],"version-history":[{"count":1,"href":"https:\/\/bozsogiattila.hu\/index.php?rest_route=\/wp\/v2\/posts\/499\/revisions"}],"predecessor-version":[{"id":500,"href":"https:\/\/bozsogiattila.hu\/index.php?rest_route=\/wp\/v2\/posts\/499\/revisions\/500"}],"wp:attachment":[{"href":"https:\/\/bozsogiattila.hu\/index.php?rest_route=%2Fwp%2Fv2%2Fmedia&parent=499"}],"wp:term":[{"taxonomy":"category","embeddable":true,"href":"https:\/\/bozsogiattila.hu\/index.php?rest_route=%2Fwp%2Fv2%2Fcategories&post=499"},{"taxonomy":"post_tag","embeddable":true,"href":"https:\/\/bozsogiattila.hu\/index.php?rest_route=%2Fwp%2Fv2%2Ftags&post=499"}],"curies":[{"name":"wp","href":"https:\/\/api.w.org\/{rel}","templated":true}]}}