{"id":501,"date":"2007-09-26T17:57:00","date_gmt":"2007-09-26T17:57:00","guid":{"rendered":"https:\/\/bozsogiattila.hu\/?p=501"},"modified":"2024-01-06T17:59:58","modified_gmt":"2024-01-06T17:59:58","slug":"otven-eves-lettel","status":"publish","type":"post","link":"https:\/\/bozsogiattila.hu\/?p=501","title":{"rendered":"\u00d6TVEN \u00c9VES LETT\u00c9L"},"content":{"rendered":"\n<p class=\"wp-block-paragraph\">\u00d6TVEN \u00c9VES LETT\u00c9L<\/p>\n\n\n\n<p class=\"wp-block-paragraph\">\u00d6tven \u00e9ves lett\u00e9l,<br>S te \u00e9szre sem vetted,<br>Elrohant az id\u0151,<br>Oly gyorsan feletted.<\/p>\n\n\n\n<p class=\"wp-block-paragraph\">Sz\u00e1guldva v\u00e1gtatt\u00e1l,<br>S bej\u00e1rt\u00e1l sok helyet,<br>De az \u00e9veinket<br>F\u00e9kezni nem lehet!<\/p>\n\n\n\n<p class=\"wp-block-paragraph\">Ha egy l\u00e1ny r\u00e1d nevet,<br>Ez m\u00e1r nem neked sz\u00f3l.<br>A gondolat is f\u00e1j,<br>Ha korod megzsarol.<\/p>\n\n\n\n<p class=\"wp-block-paragraph\">A sz\u00edved megdobban,<br>S az eszed meg\u00e9rti,<br>Nem is haragudhatsz,<br>Ha azt mondj\u00e1k: &#8211; b\u00e1csi.<\/p>\n\n\n\n<p class=\"wp-block-paragraph\">A gyermekkor elm\u00falt,<br>S (az) ifj\u00fas\u00e1gnak v\u00e9ge,<br>Lassan elindult\u00e1l<br>(az) \u00f6regkor el\u00e9be.<\/p>\n\n\n\n<p class=\"wp-block-paragraph\">P\u00e1r \u00e9v: s szem\u00fcveg kell,<br>A fogaid kihullnak.<br>K\u00ednoz a f\u00e1jdalom,<br>Ezt hozza a holnap.<\/p>\n\n\n\n<p class=\"wp-block-paragraph\">Hajad k\u00e9s\u0151 \u0151szk\u00e9nt<br>Deress\u00e9 v\u00e1ltozik.<br>T\u00e9rded a tehert\u0151l<br>Sokszor meg-megcsuklik.<\/p>\n\n\n\n<p class=\"wp-block-paragraph\">Most m\u00e9g virgonc lehetsz,<br>De a gyepl\u0151 szorul.<br>Rendes ember leszel,<br>Amikor beborul.<\/p>\n\n\n\n<p class=\"wp-block-paragraph\">Ezt v\u00e9gig\u00e9lik mind,<br>Ha egyszer meg\u00e9rik,<br>S asszonyukat \u0151k m\u00e1r<br>Sohasem cser\u00e9lik.<\/p>\n\n\n\n<p class=\"wp-block-paragraph\">\u00d6ssze\u00f6regedtek,<br>S egym\u00e1st t\u00e1mogatj\u00e1k,<br>Karonfogva j\u00e1rnak,<br>A mank\u00f3t \u00fagy hordj\u00e1k.<\/p>\n\n\n\n<p class=\"wp-block-paragraph\">A h\u00e1zass\u00e1g pajt\u00e1s<br>Csak nappalra sz\u00f3l.<br>\u00c9jszaka az \u00f6reg<br>J\u00f3 hangosan horkol.<\/p>\n\n\n\n<p class=\"wp-block-paragraph\">Mit mondjak e napon?<br>\u00dcnnepelj, vagy b\u00fasulj;<br>Legy\u00e9l nagyon boldog,<br>Majd s\u00edrsz, ha elborul.<\/p>\n\n\n\n<p class=\"wp-block-paragraph\">Mak\u00f3, 2007. 09. 26<\/p>\n","protected":false},"excerpt":{"rendered":"<p>\u00d6TVEN \u00c9VES LETT\u00c9L \u00d6tven \u00e9ves lett\u00e9l,S te \u00e9szre sem vetted,Elrohant az id\u0151,Oly gyorsan feletted. Sz\u00e1guldva v\u00e1gtatt\u00e1l,S bej\u00e1rt\u00e1l sok helyet,De az \u00e9veinketF\u00e9kezni nem lehet! Ha egy l\u00e1ny r\u00e1d nevet,Ez m\u00e1r nem neked sz\u00f3l.A gondolat is f\u00e1j,Ha korod megzsarol. A sz\u00edved megdobban,S az eszed meg\u00e9rti,Nem is haragudhatsz,Ha azt mondj\u00e1k: &#8211; b\u00e1csi. A gyermekkor elm\u00falt,S (az) ifj\u00fas\u00e1gnak v\u00e9ge,Lassan &#8230; <a title=\"\u00d6TVEN \u00c9VES LETT\u00c9L\" class=\"read-more\" href=\"https:\/\/bozsogiattila.hu\/?p=501\" aria-label=\"Tov\u00e1bbiak \u00d6TVEN \u00c9VES LETT\u00c9L\">Olvass tov\u00e1bb<\/a><\/p>\n","protected":false},"author":3,"featured_media":0,"comment_status":"closed","ping_status":"open","sticky":false,"template":"","format":"standard","meta":{"footnotes":""},"categories":[4],"tags":[35,196,12,197,133],"class_list":["post-501","post","type-post","status-publish","format-standard","hentry","category-versek","tag-35","tag-kor","tag-mako","tag-otven","tag-szuletesnap"],"yoast_head":"<!-- This site is optimized with the Yoast SEO plugin v21.8 - https:\/\/yoast.com\/wordpress\/plugins\/seo\/ -->\n<title>\u00d6TVEN \u00c9VES LETT\u00c9L - Bozsogi Attila<\/title>\n<meta name=\"robots\" content=\"index, follow, max-snippet:-1, max-image-preview:large, max-video-preview:-1\" \/>\n<link rel=\"canonical\" href=\"https:\/\/bozsogiattila.hu\/?p=501\" \/>\n<meta property=\"og:locale\" content=\"hu_HU\" \/>\n<meta property=\"og:type\" content=\"article\" \/>\n<meta property=\"og:title\" content=\"\u00d6TVEN \u00c9VES LETT\u00c9L - Bozsogi Attila\" \/>\n<meta property=\"og:description\" content=\"\u00d6TVEN \u00c9VES LETT\u00c9L \u00d6tven \u00e9ves lett\u00e9l,S te \u00e9szre sem vetted,Elrohant az id\u0151,Oly gyorsan feletted. Sz\u00e1guldva v\u00e1gtatt\u00e1l,S bej\u00e1rt\u00e1l sok helyet,De az \u00e9veinketF\u00e9kezni nem lehet! Ha egy l\u00e1ny r\u00e1d nevet,Ez m\u00e1r nem neked sz\u00f3l.A gondolat is f\u00e1j,Ha korod megzsarol. A sz\u00edved megdobban,S az eszed meg\u00e9rti,Nem is haragudhatsz,Ha azt mondj\u00e1k: &#8211; b\u00e1csi. A gyermekkor elm\u00falt,S (az) ifj\u00fas\u00e1gnak v\u00e9ge,Lassan ... Olvass tov\u00e1bb\" \/>\n<meta property=\"og:url\" content=\"https:\/\/bozsogiattila.hu\/?p=501\" \/>\n<meta property=\"og:site_name\" content=\"Bozsogi Attila\" \/>\n<meta property=\"article:published_time\" content=\"2007-09-26T17:57:00+00:00\" \/>\n<meta property=\"article:modified_time\" content=\"2024-01-06T17:59:58+00:00\" \/>\n<meta name=\"author\" content=\"Bozsogi Attila\" \/>\n<meta name=\"twitter:card\" content=\"summary_large_image\" \/>\n<meta name=\"twitter:label1\" content=\"Szerz\u0151:\" \/>\n\t<meta name=\"twitter:data1\" content=\"Bozsogi Attila\" \/>\n\t<meta name=\"twitter:label2\" content=\"Becs\u00fclt olvas\u00e1si id\u0151\" \/>\n\t<meta name=\"twitter:data2\" content=\"1 perc\" \/>\n<script type=\"application\/ld+json\" class=\"yoast-schema-graph\">{\"@context\":\"https:\/\/schema.org\",\"@graph\":[{\"@type\":\"WebPage\",\"@id\":\"https:\/\/bozsogiattila.hu\/?p=501\",\"url\":\"https:\/\/bozsogiattila.hu\/?p=501\",\"name\":\"\u00d6TVEN \u00c9VES LETT\u00c9L - Bozsogi Attila\",\"isPartOf\":{\"@id\":\"https:\/\/bozsogiattila.hu\/#website\"},\"datePublished\":\"2007-09-26T17:57:00+00:00\",\"dateModified\":\"2024-01-06T17:59:58+00:00\",\"author\":{\"@id\":\"https:\/\/bozsogiattila.hu\/#\/schema\/person\/488c99f554a8c4039201260dd5eb795e\"},\"breadcrumb\":{\"@id\":\"https:\/\/bozsogiattila.hu\/?p=501#breadcrumb\"},\"inLanguage\":\"hu\",\"potentialAction\":[{\"@type\":\"ReadAction\",\"target\":[\"https:\/\/bozsogiattila.hu\/?p=501\"]}]},{\"@type\":\"BreadcrumbList\",\"@id\":\"https:\/\/bozsogiattila.hu\/?p=501#breadcrumb\",\"itemListElement\":[{\"@type\":\"ListItem\",\"position\":1,\"name\":\"Kezd\u0151lap\",\"item\":\"https:\/\/bozsogiattila.hu\/\"},{\"@type\":\"ListItem\",\"position\":2,\"name\":\"\u00d6TVEN \u00c9VES LETT\u00c9L\"}]},{\"@type\":\"WebSite\",\"@id\":\"https:\/\/bozsogiattila.hu\/#website\",\"url\":\"https:\/\/bozsogiattila.hu\/\",\"name\":\"Bozsogi Attila\",\"description\":\"a zen\u00e9sz, \u00edr\u00f3 munk\u00e1ss\u00e1g\u00e1nak \u00e9s a mak\u00f3i muzsikusok eml\u00e9k\u00e9t \u0151rz\u0151 oldal\",\"potentialAction\":[{\"@type\":\"SearchAction\",\"target\":{\"@type\":\"EntryPoint\",\"urlTemplate\":\"https:\/\/bozsogiattila.hu\/?s={search_term_string}\"},\"query-input\":\"required name=search_term_string\"}],\"inLanguage\":\"hu\"},{\"@type\":\"Person\",\"@id\":\"https:\/\/bozsogiattila.hu\/#\/schema\/person\/488c99f554a8c4039201260dd5eb795e\",\"name\":\"Bozsogi Attila\",\"image\":{\"@type\":\"ImageObject\",\"inLanguage\":\"hu\",\"@id\":\"https:\/\/bozsogiattila.hu\/#\/schema\/person\/image\/\",\"url\":\"https:\/\/secure.gravatar.com\/avatar\/7da6b5985e34ed798d1670c54ce7d20e6a53b800bb0c07945c64b09392f3dbfd?s=96&d=mm&r=g\",\"contentUrl\":\"https:\/\/secure.gravatar.com\/avatar\/7da6b5985e34ed798d1670c54ce7d20e6a53b800bb0c07945c64b09392f3dbfd?s=96&d=mm&r=g\",\"caption\":\"Bozsogi Attila\"},\"sameAs\":[\"http:\/\/www.boszogiattila.hu\"],\"url\":\"https:\/\/bozsogiattila.hu\/?author=3\"}]}<\/script>\n<!-- \/ Yoast SEO plugin. -->","yoast_head_json":{"title":"\u00d6TVEN \u00c9VES LETT\u00c9L - Bozsogi Attila","robots":{"index":"index","follow":"follow","max-snippet":"max-snippet:-1","max-image-preview":"max-image-preview:large","max-video-preview":"max-video-preview:-1"},"canonical":"https:\/\/bozsogiattila.hu\/?p=501","og_locale":"hu_HU","og_type":"article","og_title":"\u00d6TVEN \u00c9VES LETT\u00c9L - Bozsogi Attila","og_description":"\u00d6TVEN \u00c9VES LETT\u00c9L \u00d6tven \u00e9ves lett\u00e9l,S te \u00e9szre sem vetted,Elrohant az id\u0151,Oly gyorsan feletted. Sz\u00e1guldva v\u00e1gtatt\u00e1l,S bej\u00e1rt\u00e1l sok helyet,De az \u00e9veinketF\u00e9kezni nem lehet! Ha egy l\u00e1ny r\u00e1d nevet,Ez m\u00e1r nem neked sz\u00f3l.A gondolat is f\u00e1j,Ha korod megzsarol. A sz\u00edved megdobban,S az eszed meg\u00e9rti,Nem is haragudhatsz,Ha azt mondj\u00e1k: &#8211; b\u00e1csi. A gyermekkor elm\u00falt,S (az) ifj\u00fas\u00e1gnak v\u00e9ge,Lassan ... Olvass tov\u00e1bb","og_url":"https:\/\/bozsogiattila.hu\/?p=501","og_site_name":"Bozsogi Attila","article_published_time":"2007-09-26T17:57:00+00:00","article_modified_time":"2024-01-06T17:59:58+00:00","author":"Bozsogi Attila","twitter_card":"summary_large_image","twitter_misc":{"Szerz\u0151:":"Bozsogi Attila","Becs\u00fclt olvas\u00e1si id\u0151":"1 perc"},"schema":{"@context":"https:\/\/schema.org","@graph":[{"@type":"WebPage","@id":"https:\/\/bozsogiattila.hu\/?p=501","url":"https:\/\/bozsogiattila.hu\/?p=501","name":"\u00d6TVEN \u00c9VES LETT\u00c9L - Bozsogi Attila","isPartOf":{"@id":"https:\/\/bozsogiattila.hu\/#website"},"datePublished":"2007-09-26T17:57:00+00:00","dateModified":"2024-01-06T17:59:58+00:00","author":{"@id":"https:\/\/bozsogiattila.hu\/#\/schema\/person\/488c99f554a8c4039201260dd5eb795e"},"breadcrumb":{"@id":"https:\/\/bozsogiattila.hu\/?p=501#breadcrumb"},"inLanguage":"hu","potentialAction":[{"@type":"ReadAction","target":["https:\/\/bozsogiattila.hu\/?p=501"]}]},{"@type":"BreadcrumbList","@id":"https:\/\/bozsogiattila.hu\/?p=501#breadcrumb","itemListElement":[{"@type":"ListItem","position":1,"name":"Kezd\u0151lap","item":"https:\/\/bozsogiattila.hu\/"},{"@type":"ListItem","position":2,"name":"\u00d6TVEN \u00c9VES LETT\u00c9L"}]},{"@type":"WebSite","@id":"https:\/\/bozsogiattila.hu\/#website","url":"https:\/\/bozsogiattila.hu\/","name":"Bozsogi Attila","description":"a zen\u00e9sz, \u00edr\u00f3 munk\u00e1ss\u00e1g\u00e1nak \u00e9s a mak\u00f3i muzsikusok eml\u00e9k\u00e9t \u0151rz\u0151 oldal","potentialAction":[{"@type":"SearchAction","target":{"@type":"EntryPoint","urlTemplate":"https:\/\/bozsogiattila.hu\/?s={search_term_string}"},"query-input":"required name=search_term_string"}],"inLanguage":"hu"},{"@type":"Person","@id":"https:\/\/bozsogiattila.hu\/#\/schema\/person\/488c99f554a8c4039201260dd5eb795e","name":"Bozsogi Attila","image":{"@type":"ImageObject","inLanguage":"hu","@id":"https:\/\/bozsogiattila.hu\/#\/schema\/person\/image\/","url":"https:\/\/secure.gravatar.com\/avatar\/7da6b5985e34ed798d1670c54ce7d20e6a53b800bb0c07945c64b09392f3dbfd?s=96&d=mm&r=g","contentUrl":"https:\/\/secure.gravatar.com\/avatar\/7da6b5985e34ed798d1670c54ce7d20e6a53b800bb0c07945c64b09392f3dbfd?s=96&d=mm&r=g","caption":"Bozsogi Attila"},"sameAs":["http:\/\/www.boszogiattila.hu"],"url":"https:\/\/bozsogiattila.hu\/?author=3"}]}},"jetpack_featured_media_url":"","_links":{"self":[{"href":"https:\/\/bozsogiattila.hu\/index.php?rest_route=\/wp\/v2\/posts\/501","targetHints":{"allow":["GET"]}}],"collection":[{"href":"https:\/\/bozsogiattila.hu\/index.php?rest_route=\/wp\/v2\/posts"}],"about":[{"href":"https:\/\/bozsogiattila.hu\/index.php?rest_route=\/wp\/v2\/types\/post"}],"author":[{"embeddable":true,"href":"https:\/\/bozsogiattila.hu\/index.php?rest_route=\/wp\/v2\/users\/3"}],"replies":[{"embeddable":true,"href":"https:\/\/bozsogiattila.hu\/index.php?rest_route=%2Fwp%2Fv2%2Fcomments&post=501"}],"version-history":[{"count":1,"href":"https:\/\/bozsogiattila.hu\/index.php?rest_route=\/wp\/v2\/posts\/501\/revisions"}],"predecessor-version":[{"id":503,"href":"https:\/\/bozsogiattila.hu\/index.php?rest_route=\/wp\/v2\/posts\/501\/revisions\/503"}],"wp:attachment":[{"href":"https:\/\/bozsogiattila.hu\/index.php?rest_route=%2Fwp%2Fv2%2Fmedia&parent=501"}],"wp:term":[{"taxonomy":"category","embeddable":true,"href":"https:\/\/bozsogiattila.hu\/index.php?rest_route=%2Fwp%2Fv2%2Fcategories&post=501"},{"taxonomy":"post_tag","embeddable":true,"href":"https:\/\/bozsogiattila.hu\/index.php?rest_route=%2Fwp%2Fv2%2Ftags&post=501"}],"curies":[{"name":"wp","href":"https:\/\/api.w.org\/{rel}","templated":true}]}}