{"id":504,"date":"2004-09-28T18:00:00","date_gmt":"2004-09-28T18:00:00","guid":{"rendered":"https:\/\/bozsogiattila.hu\/?p=504"},"modified":"2024-01-06T18:01:49","modified_gmt":"2024-01-06T18:01:49","slug":"osz-van-osz-van-ujra","status":"publish","type":"post","link":"https:\/\/bozsogiattila.hu\/?p=504","title":{"rendered":"\u0150SZ VAN! \u0150SZ VAN \u00daJRA!"},"content":{"rendered":"\n<p class=\"wp-block-paragraph\">\u0150SZ VAN! \u0150SZ VAN \u00daJRA!<\/p>\n\n\n\n<p class=\"wp-block-paragraph\">\u0150sz van! \u0150sz van \u00fajra, a levelek megs\u00e1rgulnak,<br>S reggelente a Napnak mosolya arc\u00e1ra fagy.<br>Ha k\u00f6zelebb volna, hallhatn\u00e1nk g\u00fanyos kacaj\u00e1t,<br>Vil\u00e1g\u00edt csak, nem meleg\u00edt s \u00edgy \u00e9li ki mag\u00e1t.<br>Felh\u0151k \u00fasznak alatta, s k\u00f6z\u00fcl\u00fck kikandik\u00e1l,<br>S a zordd\u00e1 v\u00e1lt term\u00e9szett\u0151l tal\u00e1n b\u00edztat\u00e1st v\u00e1r.<br>M\u00e9g ny\u00e1r volt elb\u00fajtunk \u00e9ltet\u0151 melege el\u0151l,<br>Most dideregve figyelj\u00fck s v\u00e1rjuk, hogy kider\u00fcl.<\/p>\n\n\n\n<p class=\"wp-block-paragraph\">Megb\u00fcntet benn\u00fcnket, am\u00e9rt t\u0151le elfordultunk<br>Sugarainak is gyakran h\u00e1tat ford\u00edtottunk.<br>Nem tekint most mir\u00e1nk, fentr\u0151l a nagy magass\u00e1gb\u00f3l,<br>Boldoguljunk, ha nem kellett, &#8211; tal\u00e1n arra gondol.<br>K\u00f6d nehezedik a v\u00e1rosokra \u00e9s hat\u00e1ra,<br>K\u00f6z\u00f6mb\u00f6sen n\u00e9zi azt az \u00fatj\u00e1n bandukolva.<br>A nagy k\u00f6dben a j\u00e1rm\u0171vek gyakran \u00f6sszefutnak,<br>Sok \u00e1ldozata van az \u0151szi karamboloknak.<\/p>\n\n\n\n<p class=\"wp-block-paragraph\">A gyerekek t\u00e1sk\u00e1kkal az iskol\u00e1ba mennek,<br>G\u00e9mberedett kezeik a zsebben melegednek.<br>A naftalinszag\u00fa kab\u00e1tok el\u0151ker\u00fclnek,<br>Sz\u00fcks\u00e9ge van erre fiatalnak \u00e9s \u00f6regnek.<br>Munk\u00e1ba igyekeznek, kiknek m\u00e9g van munk\u00e1juk,<br>Akiknek nincs egyre szomor\u00fabb lesz az \u0151 sorsuk.<br>A Nap, k\u00e9s\u0151bben k\u00e9l, s kor\u00e1bban megy nyugov\u00f3ra,<br>Hidegebb \u00e9s zsarnokibb az \u00e9j minden \u00f3r\u00e1ja.<br>Els\u00f6t\u00e9t\u00fcl az \u00e9g, \u00e9s hatalmas vihar k\u00e9sz\u00fcl,<br>Megt\u00e9p\u00e1zza a tet\u0151ket, s f\u00e1kat kegyetlen\u00fcl.<br>Napokon kereszt\u00fcl \u00f6mlik az es\u0151 sz\u00fcntelen,<br>A f\u00f6ld fuldokolva nyeli a vizet \u2013 k\u00e9nytelen.<br>Majd a s\u00f6t\u00e9t felh\u0151k megfakulnak s eloszlanak,<br>Der\u0171s napok k\u00f6vetkeznek, \u00e9s ism\u00e9t elm\u00falnak.<br>\u00cdgy v\u00e1ltj\u00e1k egym\u00e1st ilyenkor a rossz \u00e9s sz\u00e9p napok<br>Mintha Isten sem tudn\u00e1, &#8211; hogy mit csin\u00e1l fent, &#8211; ott.<\/p>\n\n\n\n<p class=\"wp-block-paragraph\">A Nap egyszer csak, mintha megembereln\u00e9 mag\u00e1t,<br>Ontani kezdi, v\u00edgan melenget\u0151 sugar\u00e1t.<br>Elj\u00f6tt v\u00e9gre a nagyon v\u00e1rt v\u00e9nasszonyok nyara,<br>A sz\u00e1nt\u00f3f\u00f6ldeken \u00e9s mez\u0151n vid\u00e1mabb lett a munka.<br>Betakar\u00edtj\u00e1k a term\u00e9st, ami m\u00e9g l\u00e1bon \u00e1ll,<br>Megtelik majd a sok \u00fcresen t\u00e1tong\u00f3 magt\u00e1r.<br>A sz\u00e9p hossz\u00fa \u0151sz minden perce most aj\u00e1nd\u00e9k,<br>A h\u00f3bortos term\u00e9szet ny\u00fajtotta csalfa j\u00e1t\u00e9k.<\/p>\n\n\n\n<p class=\"wp-block-paragraph\">A szesz\u00e9lyes \u0151sz idej\u00e9n a hal\u00e1l is arat,<br>Ki beteg \u00e9s gyenge kegyetlen\u00fcl elviszi azt.<br>A sz\u00fclet\u00e9s \u00e9s elm\u00fal\u00e1s az \u00e9let k\u00e9t v\u00e9ge,<br>M\u00e9g sem becs\u00fclj\u00fck meg azt, ami ott van k\u00f6zte.<br>\u0150sz van! \u0150sz van \u00fajra s megint \u00f6regebbek lett\u00fcnk,<br>Egy \u00e9v eltelt s v\u00e1gtatva elsz\u00e1guldott felett\u00fcnk.<br>Tavasznak \u00e9s ny\u00e1rnak h\u00edre-hamva sem maradt,<br>\u00c9s csendben messze sz\u00e1llnak, \u201eV\u201d alakban a darvak!<\/p>\n\n\n\n<p class=\"wp-block-paragraph\">Mak\u00f3, 2004. 09. 28.<\/p>\n","protected":false},"excerpt":{"rendered":"<p>\u0150SZ VAN! \u0150SZ VAN \u00daJRA! \u0150sz van! \u0150sz van \u00fajra, a levelek megs\u00e1rgulnak,S reggelente a Napnak mosolya arc\u00e1ra fagy.Ha k\u00f6zelebb volna, hallhatn\u00e1nk g\u00fanyos kacaj\u00e1t,Vil\u00e1g\u00edt csak, nem meleg\u00edt s \u00edgy \u00e9li ki mag\u00e1t.Felh\u0151k \u00fasznak alatta, s k\u00f6z\u00fcl\u00fck kikandik\u00e1l,S a zordd\u00e1 v\u00e1lt term\u00e9szett\u0151l tal\u00e1n b\u00edztat\u00e1st v\u00e1r.M\u00e9g ny\u00e1r volt elb\u00fajtunk \u00e9ltet\u0151 melege el\u0151l,Most dideregve figyelj\u00fck s v\u00e1rjuk, hogy &#8230; <a title=\"\u0150SZ VAN! \u0150SZ VAN \u00daJRA!\" class=\"read-more\" href=\"https:\/\/bozsogiattila.hu\/?p=504\" aria-label=\"Tov\u00e1bbiak \u0150SZ VAN! \u0150SZ VAN \u00daJRA!\">Olvass tov\u00e1bb<\/a><\/p>\n","protected":false},"author":3,"featured_media":0,"comment_status":"closed","ping_status":"open","sticky":false,"template":"","format":"standard","meta":{"footnotes":""},"categories":[4],"tags":[14,122,198,70,199,201,12,200,25],"class_list":["post-504","post","type-post","status-publish","format-standard","hentry","category-versek","tag-14","tag-ajandek","tag-dravak","tag-elmulas","tag-evaszakok","tag-felhok","tag-mako","tag-napsugar","tag-osz"],"yoast_head":"<!-- This site is optimized with the Yoast SEO plugin v21.8 - https:\/\/yoast.com\/wordpress\/plugins\/seo\/ -->\n<title>\u0150SZ VAN! \u0150SZ VAN \u00daJRA! - Bozsogi Attila<\/title>\n<meta name=\"robots\" content=\"index, follow, max-snippet:-1, max-image-preview:large, max-video-preview:-1\" \/>\n<link rel=\"canonical\" href=\"https:\/\/bozsogiattila.hu\/?p=504\" \/>\n<meta property=\"og:locale\" content=\"hu_HU\" \/>\n<meta property=\"og:type\" content=\"article\" \/>\n<meta property=\"og:title\" content=\"\u0150SZ VAN! \u0150SZ VAN \u00daJRA! - Bozsogi Attila\" \/>\n<meta property=\"og:description\" content=\"\u0150SZ VAN! \u0150SZ VAN \u00daJRA! \u0150sz van! \u0150sz van \u00fajra, a levelek megs\u00e1rgulnak,S reggelente a Napnak mosolya arc\u00e1ra fagy.Ha k\u00f6zelebb volna, hallhatn\u00e1nk g\u00fanyos kacaj\u00e1t,Vil\u00e1g\u00edt csak, nem meleg\u00edt s \u00edgy \u00e9li ki mag\u00e1t.Felh\u0151k \u00fasznak alatta, s k\u00f6z\u00fcl\u00fck kikandik\u00e1l,S a zordd\u00e1 v\u00e1lt term\u00e9szett\u0151l tal\u00e1n b\u00edztat\u00e1st v\u00e1r.M\u00e9g ny\u00e1r volt elb\u00fajtunk \u00e9ltet\u0151 melege el\u0151l,Most dideregve figyelj\u00fck s v\u00e1rjuk, hogy ... Olvass tov\u00e1bb\" \/>\n<meta property=\"og:url\" content=\"https:\/\/bozsogiattila.hu\/?p=504\" \/>\n<meta property=\"og:site_name\" content=\"Bozsogi Attila\" \/>\n<meta property=\"article:published_time\" content=\"2004-09-28T18:00:00+00:00\" \/>\n<meta property=\"article:modified_time\" content=\"2024-01-06T18:01:49+00:00\" \/>\n<meta name=\"author\" content=\"Bozsogi Attila\" \/>\n<meta name=\"twitter:card\" content=\"summary_large_image\" \/>\n<meta name=\"twitter:label1\" content=\"Szerz\u0151:\" \/>\n\t<meta name=\"twitter:data1\" content=\"Bozsogi Attila\" \/>\n\t<meta name=\"twitter:label2\" content=\"Becs\u00fclt olvas\u00e1si id\u0151\" \/>\n\t<meta name=\"twitter:data2\" content=\"2 perc\" \/>\n<script type=\"application\/ld+json\" class=\"yoast-schema-graph\">{\"@context\":\"https:\/\/schema.org\",\"@graph\":[{\"@type\":\"WebPage\",\"@id\":\"https:\/\/bozsogiattila.hu\/?p=504\",\"url\":\"https:\/\/bozsogiattila.hu\/?p=504\",\"name\":\"\u0150SZ VAN! \u0150SZ VAN \u00daJRA! - Bozsogi Attila\",\"isPartOf\":{\"@id\":\"https:\/\/bozsogiattila.hu\/#website\"},\"datePublished\":\"2004-09-28T18:00:00+00:00\",\"dateModified\":\"2024-01-06T18:01:49+00:00\",\"author\":{\"@id\":\"https:\/\/bozsogiattila.hu\/#\/schema\/person\/488c99f554a8c4039201260dd5eb795e\"},\"breadcrumb\":{\"@id\":\"https:\/\/bozsogiattila.hu\/?p=504#breadcrumb\"},\"inLanguage\":\"hu\",\"potentialAction\":[{\"@type\":\"ReadAction\",\"target\":[\"https:\/\/bozsogiattila.hu\/?p=504\"]}]},{\"@type\":\"BreadcrumbList\",\"@id\":\"https:\/\/bozsogiattila.hu\/?p=504#breadcrumb\",\"itemListElement\":[{\"@type\":\"ListItem\",\"position\":1,\"name\":\"Kezd\u0151lap\",\"item\":\"https:\/\/bozsogiattila.hu\/\"},{\"@type\":\"ListItem\",\"position\":2,\"name\":\"\u0150SZ VAN! \u0150SZ VAN \u00daJRA!\"}]},{\"@type\":\"WebSite\",\"@id\":\"https:\/\/bozsogiattila.hu\/#website\",\"url\":\"https:\/\/bozsogiattila.hu\/\",\"name\":\"Bozsogi Attila\",\"description\":\"a zen\u00e9sz, \u00edr\u00f3 munk\u00e1ss\u00e1g\u00e1nak \u00e9s a mak\u00f3i muzsikusok eml\u00e9k\u00e9t \u0151rz\u0151 oldal\",\"potentialAction\":[{\"@type\":\"SearchAction\",\"target\":{\"@type\":\"EntryPoint\",\"urlTemplate\":\"https:\/\/bozsogiattila.hu\/?s={search_term_string}\"},\"query-input\":\"required name=search_term_string\"}],\"inLanguage\":\"hu\"},{\"@type\":\"Person\",\"@id\":\"https:\/\/bozsogiattila.hu\/#\/schema\/person\/488c99f554a8c4039201260dd5eb795e\",\"name\":\"Bozsogi Attila\",\"image\":{\"@type\":\"ImageObject\",\"inLanguage\":\"hu\",\"@id\":\"https:\/\/bozsogiattila.hu\/#\/schema\/person\/image\/\",\"url\":\"https:\/\/secure.gravatar.com\/avatar\/7da6b5985e34ed798d1670c54ce7d20e6a53b800bb0c07945c64b09392f3dbfd?s=96&d=mm&r=g\",\"contentUrl\":\"https:\/\/secure.gravatar.com\/avatar\/7da6b5985e34ed798d1670c54ce7d20e6a53b800bb0c07945c64b09392f3dbfd?s=96&d=mm&r=g\",\"caption\":\"Bozsogi Attila\"},\"sameAs\":[\"http:\/\/www.boszogiattila.hu\"],\"url\":\"https:\/\/bozsogiattila.hu\/?author=3\"}]}<\/script>\n<!-- \/ Yoast SEO plugin. -->","yoast_head_json":{"title":"\u0150SZ VAN! \u0150SZ VAN \u00daJRA! - Bozsogi Attila","robots":{"index":"index","follow":"follow","max-snippet":"max-snippet:-1","max-image-preview":"max-image-preview:large","max-video-preview":"max-video-preview:-1"},"canonical":"https:\/\/bozsogiattila.hu\/?p=504","og_locale":"hu_HU","og_type":"article","og_title":"\u0150SZ VAN! \u0150SZ VAN \u00daJRA! - Bozsogi Attila","og_description":"\u0150SZ VAN! \u0150SZ VAN \u00daJRA! \u0150sz van! \u0150sz van \u00fajra, a levelek megs\u00e1rgulnak,S reggelente a Napnak mosolya arc\u00e1ra fagy.Ha k\u00f6zelebb volna, hallhatn\u00e1nk g\u00fanyos kacaj\u00e1t,Vil\u00e1g\u00edt csak, nem meleg\u00edt s \u00edgy \u00e9li ki mag\u00e1t.Felh\u0151k \u00fasznak alatta, s k\u00f6z\u00fcl\u00fck kikandik\u00e1l,S a zordd\u00e1 v\u00e1lt term\u00e9szett\u0151l tal\u00e1n b\u00edztat\u00e1st v\u00e1r.M\u00e9g ny\u00e1r volt elb\u00fajtunk \u00e9ltet\u0151 melege el\u0151l,Most dideregve figyelj\u00fck s v\u00e1rjuk, hogy ... Olvass tov\u00e1bb","og_url":"https:\/\/bozsogiattila.hu\/?p=504","og_site_name":"Bozsogi Attila","article_published_time":"2004-09-28T18:00:00+00:00","article_modified_time":"2024-01-06T18:01:49+00:00","author":"Bozsogi Attila","twitter_card":"summary_large_image","twitter_misc":{"Szerz\u0151:":"Bozsogi Attila","Becs\u00fclt olvas\u00e1si id\u0151":"2 perc"},"schema":{"@context":"https:\/\/schema.org","@graph":[{"@type":"WebPage","@id":"https:\/\/bozsogiattila.hu\/?p=504","url":"https:\/\/bozsogiattila.hu\/?p=504","name":"\u0150SZ VAN! \u0150SZ VAN \u00daJRA! - Bozsogi Attila","isPartOf":{"@id":"https:\/\/bozsogiattila.hu\/#website"},"datePublished":"2004-09-28T18:00:00+00:00","dateModified":"2024-01-06T18:01:49+00:00","author":{"@id":"https:\/\/bozsogiattila.hu\/#\/schema\/person\/488c99f554a8c4039201260dd5eb795e"},"breadcrumb":{"@id":"https:\/\/bozsogiattila.hu\/?p=504#breadcrumb"},"inLanguage":"hu","potentialAction":[{"@type":"ReadAction","target":["https:\/\/bozsogiattila.hu\/?p=504"]}]},{"@type":"BreadcrumbList","@id":"https:\/\/bozsogiattila.hu\/?p=504#breadcrumb","itemListElement":[{"@type":"ListItem","position":1,"name":"Kezd\u0151lap","item":"https:\/\/bozsogiattila.hu\/"},{"@type":"ListItem","position":2,"name":"\u0150SZ VAN! \u0150SZ VAN \u00daJRA!"}]},{"@type":"WebSite","@id":"https:\/\/bozsogiattila.hu\/#website","url":"https:\/\/bozsogiattila.hu\/","name":"Bozsogi Attila","description":"a zen\u00e9sz, \u00edr\u00f3 munk\u00e1ss\u00e1g\u00e1nak \u00e9s a mak\u00f3i muzsikusok eml\u00e9k\u00e9t \u0151rz\u0151 oldal","potentialAction":[{"@type":"SearchAction","target":{"@type":"EntryPoint","urlTemplate":"https:\/\/bozsogiattila.hu\/?s={search_term_string}"},"query-input":"required name=search_term_string"}],"inLanguage":"hu"},{"@type":"Person","@id":"https:\/\/bozsogiattila.hu\/#\/schema\/person\/488c99f554a8c4039201260dd5eb795e","name":"Bozsogi Attila","image":{"@type":"ImageObject","inLanguage":"hu","@id":"https:\/\/bozsogiattila.hu\/#\/schema\/person\/image\/","url":"https:\/\/secure.gravatar.com\/avatar\/7da6b5985e34ed798d1670c54ce7d20e6a53b800bb0c07945c64b09392f3dbfd?s=96&d=mm&r=g","contentUrl":"https:\/\/secure.gravatar.com\/avatar\/7da6b5985e34ed798d1670c54ce7d20e6a53b800bb0c07945c64b09392f3dbfd?s=96&d=mm&r=g","caption":"Bozsogi Attila"},"sameAs":["http:\/\/www.boszogiattila.hu"],"url":"https:\/\/bozsogiattila.hu\/?author=3"}]}},"jetpack_featured_media_url":"","_links":{"self":[{"href":"https:\/\/bozsogiattila.hu\/index.php?rest_route=\/wp\/v2\/posts\/504","targetHints":{"allow":["GET"]}}],"collection":[{"href":"https:\/\/bozsogiattila.hu\/index.php?rest_route=\/wp\/v2\/posts"}],"about":[{"href":"https:\/\/bozsogiattila.hu\/index.php?rest_route=\/wp\/v2\/types\/post"}],"author":[{"embeddable":true,"href":"https:\/\/bozsogiattila.hu\/index.php?rest_route=\/wp\/v2\/users\/3"}],"replies":[{"embeddable":true,"href":"https:\/\/bozsogiattila.hu\/index.php?rest_route=%2Fwp%2Fv2%2Fcomments&post=504"}],"version-history":[{"count":1,"href":"https:\/\/bozsogiattila.hu\/index.php?rest_route=\/wp\/v2\/posts\/504\/revisions"}],"predecessor-version":[{"id":505,"href":"https:\/\/bozsogiattila.hu\/index.php?rest_route=\/wp\/v2\/posts\/504\/revisions\/505"}],"wp:attachment":[{"href":"https:\/\/bozsogiattila.hu\/index.php?rest_route=%2Fwp%2Fv2%2Fmedia&parent=504"}],"wp:term":[{"taxonomy":"category","embeddable":true,"href":"https:\/\/bozsogiattila.hu\/index.php?rest_route=%2Fwp%2Fv2%2Fcategories&post=504"},{"taxonomy":"post_tag","embeddable":true,"href":"https:\/\/bozsogiattila.hu\/index.php?rest_route=%2Fwp%2Fv2%2Ftags&post=504"}],"curies":[{"name":"wp","href":"https:\/\/api.w.org\/{rel}","templated":true}]}}