{"id":542,"date":"1999-09-17T19:21:00","date_gmt":"1999-09-17T19:21:00","guid":{"rendered":"https:\/\/bozsogiattila.hu\/?p=542"},"modified":"2024-01-06T19:22:42","modified_gmt":"2024-01-06T19:22:42","slug":"unnepeltunk-nalad","status":"publish","type":"post","link":"https:\/\/bozsogiattila.hu\/?p=542","title":{"rendered":"\u00dcNNEPELT\u00dcNK N\u00c1LAD"},"content":{"rendered":"\n<p class=\"wp-block-paragraph\">\u00dcNNEPELT\u00dcNK N\u00c1LAD<\/p>\n\n\n\n<p class=\"wp-block-paragraph\">\u00dcnnepelt\u00fcnk N\u00e1lad, Te meg \u00e9n,<br>De elrontottad azt a v\u00e9g\u00e9n.<br>Egy meghitt eb\u00e9d, kedves szavak,<br>Majd elv\u00e1ltunk, de nyolckor v\u00e1rlak.<\/p>\n\n\n\n<p class=\"wp-block-paragraph\">Mondtad: \u00edgy lesz teljes a nap,<br>V\u00e1rtam az est\u00e9t, de elmaradt.<br>Nyolc \u00f3ra az elj\u00f6tt, de Te nem,<br>Z\u00e1rva maradt az ajt\u00f3d \u00e9nnekem.<\/p>\n\n\n\n<p class=\"wp-block-paragraph\">Nem tudom, hogy mi t\u00f6rt\u00e9nt k\u00f6zt\u00fcnk,<br>Hogy becsapt\u00e1l s ez lett \u00fcnnep\u00fcnk.<br>N\u0151 vagy ezt le sem tagadhatod,<br>Elfelejted, hogy szavad adod.<\/p>\n\n\n\n<p class=\"wp-block-paragraph\">Vagy olyan szek\u00e9r ut\u00e1n futok,<br>Mely fel nem vesz, &#8211; ilyet gondolok!<br>Agytekerv\u00e9nyem nem \u00e9rti azt,<br>\u00d6r\u00f6m ez Neked, &#8211; Te ilyen vagy?<\/p>\n\n\n\n<p class=\"wp-block-paragraph\">Kilencig v\u00e1rtalak hi\u00e1ba,<br>\u00cdgy most boldogabb vagy? \u2013vagy \u00e1rva!<br>Megb\u00e1ntod azt, ki szeret t\u00e9ged,<br>Hat\u00e1sos ez a fegyvert\u00e9nyed!<\/p>\n\n\n\n<p class=\"wp-block-paragraph\">Visszaveszed, amit egyszer adsz,<br>\u00d6r\u00f6m\u00f6k ut\u00e1n m\u00e9g be is csapsz?<br>E pluszr\u00f3l lemondtam volna \u00e9n,<br>Hi\u00e1ba ne h\u00edvj, azt szeretn\u00e9m!<\/p>\n\n\n\n<p class=\"wp-block-paragraph\">Programot, ha csin\u00e1lsz magadnak,<br>Olyankor tedd azt, ha nem v\u00e1rlak<br>Felejthetetlen lett \u00edgy e nap,<br>N\u00e9ha az ember ilyet is kap!<\/p>\n\n\n\n<p class=\"wp-block-paragraph\">Veled \u00e9n ezt soha nem teszem,<br>F\u00e9rfi vagyok \u00e9s ez j\u00f3 nekem.<br>Adott szavam, mint a szent\u00edr\u00e1s,<br>Egy n\u0151 persze eg\u00e9szen m\u00e1s.<\/p>\n\n\n\n<p class=\"wp-block-paragraph\">Csak fel\u00fcletes lelkivil\u00e1g,<br>Csillog\u00e1s, uralkod\u00e1si v\u00e1gy!<br>\u00cdgy siker\u00fclt k\u00f6z\u00f6s \u00fcnnep\u00fcnk,<br>Eml\u00e9k marad nekem, &#8211; vagy nek\u00fcnk!<\/p>\n\n\n\n<p class=\"wp-block-paragraph\">Mak\u00f3, l999. 09. 17.<\/p>\n","protected":false},"excerpt":{"rendered":"<p>\u00dcNNEPELT\u00dcNK N\u00c1LAD \u00dcnnepelt\u00fcnk N\u00e1lad, Te meg \u00e9n,De elrontottad azt a v\u00e9g\u00e9n.Egy meghitt eb\u00e9d, kedves szavak,Majd elv\u00e1ltunk, de nyolckor v\u00e1rlak. Mondtad: \u00edgy lesz teljes a nap,V\u00e1rtam az est\u00e9t, de elmaradt.Nyolc \u00f3ra az elj\u00f6tt, de Te nem,Z\u00e1rva maradt az ajt\u00f3d \u00e9nnekem. Nem tudom, hogy mi t\u00f6rt\u00e9nt k\u00f6zt\u00fcnk,Hogy becsapt\u00e1l s ez lett \u00fcnnep\u00fcnk.N\u0151 vagy ezt le sem tagadhatod,Elfelejted, &#8230; <a title=\"\u00dcNNEPELT\u00dcNK N\u00c1LAD\" class=\"read-more\" href=\"https:\/\/bozsogiattila.hu\/?p=542\" aria-label=\"Tov\u00e1bbiak \u00dcNNEPELT\u00dcNK N\u00c1LAD\">Olvass tov\u00e1bb<\/a><\/p>\n","protected":false},"author":3,"featured_media":0,"comment_status":"closed","ping_status":"open","sticky":false,"template":"","format":"standard","meta":{"footnotes":""},"categories":[4],"tags":[23,51,235,12,234,233],"class_list":["post-542","post","type-post","status-publish","format-standard","hentry","category-versek","tag-23","tag-csalodas","tag-ferfi","tag-mako","tag-no","tag-unnep"],"yoast_head":"<!-- This site is optimized with the Yoast SEO plugin v21.8 - https:\/\/yoast.com\/wordpress\/plugins\/seo\/ -->\n<title>\u00dcNNEPELT\u00dcNK N\u00c1LAD - Bozsogi Attila<\/title>\n<meta name=\"robots\" content=\"index, follow, max-snippet:-1, max-image-preview:large, max-video-preview:-1\" \/>\n<link rel=\"canonical\" href=\"https:\/\/bozsogiattila.hu\/?p=542\" \/>\n<meta property=\"og:locale\" content=\"hu_HU\" \/>\n<meta property=\"og:type\" content=\"article\" \/>\n<meta property=\"og:title\" content=\"\u00dcNNEPELT\u00dcNK N\u00c1LAD - Bozsogi Attila\" \/>\n<meta property=\"og:description\" content=\"\u00dcNNEPELT\u00dcNK N\u00c1LAD \u00dcnnepelt\u00fcnk N\u00e1lad, Te meg \u00e9n,De elrontottad azt a v\u00e9g\u00e9n.Egy meghitt eb\u00e9d, kedves szavak,Majd elv\u00e1ltunk, de nyolckor v\u00e1rlak. Mondtad: \u00edgy lesz teljes a nap,V\u00e1rtam az est\u00e9t, de elmaradt.Nyolc \u00f3ra az elj\u00f6tt, de Te nem,Z\u00e1rva maradt az ajt\u00f3d \u00e9nnekem. Nem tudom, hogy mi t\u00f6rt\u00e9nt k\u00f6zt\u00fcnk,Hogy becsapt\u00e1l s ez lett \u00fcnnep\u00fcnk.N\u0151 vagy ezt le sem tagadhatod,Elfelejted, ... Olvass tov\u00e1bb\" \/>\n<meta property=\"og:url\" content=\"https:\/\/bozsogiattila.hu\/?p=542\" \/>\n<meta property=\"og:site_name\" content=\"Bozsogi Attila\" \/>\n<meta property=\"article:published_time\" content=\"1999-09-17T19:21:00+00:00\" \/>\n<meta property=\"article:modified_time\" content=\"2024-01-06T19:22:42+00:00\" \/>\n<meta name=\"author\" content=\"Bozsogi Attila\" \/>\n<meta name=\"twitter:card\" content=\"summary_large_image\" \/>\n<meta name=\"twitter:label1\" content=\"Szerz\u0151:\" \/>\n\t<meta name=\"twitter:data1\" content=\"Bozsogi Attila\" \/>\n\t<meta name=\"twitter:label2\" content=\"Becs\u00fclt olvas\u00e1si id\u0151\" \/>\n\t<meta name=\"twitter:data2\" content=\"1 perc\" \/>\n<script type=\"application\/ld+json\" class=\"yoast-schema-graph\">{\"@context\":\"https:\/\/schema.org\",\"@graph\":[{\"@type\":\"WebPage\",\"@id\":\"https:\/\/bozsogiattila.hu\/?p=542\",\"url\":\"https:\/\/bozsogiattila.hu\/?p=542\",\"name\":\"\u00dcNNEPELT\u00dcNK N\u00c1LAD - Bozsogi Attila\",\"isPartOf\":{\"@id\":\"https:\/\/bozsogiattila.hu\/#website\"},\"datePublished\":\"1999-09-17T19:21:00+00:00\",\"dateModified\":\"2024-01-06T19:22:42+00:00\",\"author\":{\"@id\":\"https:\/\/bozsogiattila.hu\/#\/schema\/person\/488c99f554a8c4039201260dd5eb795e\"},\"breadcrumb\":{\"@id\":\"https:\/\/bozsogiattila.hu\/?p=542#breadcrumb\"},\"inLanguage\":\"hu\",\"potentialAction\":[{\"@type\":\"ReadAction\",\"target\":[\"https:\/\/bozsogiattila.hu\/?p=542\"]}]},{\"@type\":\"BreadcrumbList\",\"@id\":\"https:\/\/bozsogiattila.hu\/?p=542#breadcrumb\",\"itemListElement\":[{\"@type\":\"ListItem\",\"position\":1,\"name\":\"Kezd\u0151lap\",\"item\":\"https:\/\/bozsogiattila.hu\/\"},{\"@type\":\"ListItem\",\"position\":2,\"name\":\"\u00dcNNEPELT\u00dcNK N\u00c1LAD\"}]},{\"@type\":\"WebSite\",\"@id\":\"https:\/\/bozsogiattila.hu\/#website\",\"url\":\"https:\/\/bozsogiattila.hu\/\",\"name\":\"Bozsogi Attila\",\"description\":\"a zen\u00e9sz, \u00edr\u00f3 munk\u00e1ss\u00e1g\u00e1nak \u00e9s a mak\u00f3i muzsikusok eml\u00e9k\u00e9t \u0151rz\u0151 oldal\",\"potentialAction\":[{\"@type\":\"SearchAction\",\"target\":{\"@type\":\"EntryPoint\",\"urlTemplate\":\"https:\/\/bozsogiattila.hu\/?s={search_term_string}\"},\"query-input\":\"required name=search_term_string\"}],\"inLanguage\":\"hu\"},{\"@type\":\"Person\",\"@id\":\"https:\/\/bozsogiattila.hu\/#\/schema\/person\/488c99f554a8c4039201260dd5eb795e\",\"name\":\"Bozsogi Attila\",\"image\":{\"@type\":\"ImageObject\",\"inLanguage\":\"hu\",\"@id\":\"https:\/\/bozsogiattila.hu\/#\/schema\/person\/image\/\",\"url\":\"https:\/\/secure.gravatar.com\/avatar\/7da6b5985e34ed798d1670c54ce7d20e6a53b800bb0c07945c64b09392f3dbfd?s=96&d=mm&r=g\",\"contentUrl\":\"https:\/\/secure.gravatar.com\/avatar\/7da6b5985e34ed798d1670c54ce7d20e6a53b800bb0c07945c64b09392f3dbfd?s=96&d=mm&r=g\",\"caption\":\"Bozsogi Attila\"},\"sameAs\":[\"http:\/\/www.boszogiattila.hu\"],\"url\":\"https:\/\/bozsogiattila.hu\/?author=3\"}]}<\/script>\n<!-- \/ Yoast SEO plugin. -->","yoast_head_json":{"title":"\u00dcNNEPELT\u00dcNK N\u00c1LAD - Bozsogi Attila","robots":{"index":"index","follow":"follow","max-snippet":"max-snippet:-1","max-image-preview":"max-image-preview:large","max-video-preview":"max-video-preview:-1"},"canonical":"https:\/\/bozsogiattila.hu\/?p=542","og_locale":"hu_HU","og_type":"article","og_title":"\u00dcNNEPELT\u00dcNK N\u00c1LAD - Bozsogi Attila","og_description":"\u00dcNNEPELT\u00dcNK N\u00c1LAD \u00dcnnepelt\u00fcnk N\u00e1lad, Te meg \u00e9n,De elrontottad azt a v\u00e9g\u00e9n.Egy meghitt eb\u00e9d, kedves szavak,Majd elv\u00e1ltunk, de nyolckor v\u00e1rlak. Mondtad: \u00edgy lesz teljes a nap,V\u00e1rtam az est\u00e9t, de elmaradt.Nyolc \u00f3ra az elj\u00f6tt, de Te nem,Z\u00e1rva maradt az ajt\u00f3d \u00e9nnekem. Nem tudom, hogy mi t\u00f6rt\u00e9nt k\u00f6zt\u00fcnk,Hogy becsapt\u00e1l s ez lett \u00fcnnep\u00fcnk.N\u0151 vagy ezt le sem tagadhatod,Elfelejted, ... Olvass tov\u00e1bb","og_url":"https:\/\/bozsogiattila.hu\/?p=542","og_site_name":"Bozsogi Attila","article_published_time":"1999-09-17T19:21:00+00:00","article_modified_time":"2024-01-06T19:22:42+00:00","author":"Bozsogi Attila","twitter_card":"summary_large_image","twitter_misc":{"Szerz\u0151:":"Bozsogi Attila","Becs\u00fclt olvas\u00e1si id\u0151":"1 perc"},"schema":{"@context":"https:\/\/schema.org","@graph":[{"@type":"WebPage","@id":"https:\/\/bozsogiattila.hu\/?p=542","url":"https:\/\/bozsogiattila.hu\/?p=542","name":"\u00dcNNEPELT\u00dcNK N\u00c1LAD - Bozsogi Attila","isPartOf":{"@id":"https:\/\/bozsogiattila.hu\/#website"},"datePublished":"1999-09-17T19:21:00+00:00","dateModified":"2024-01-06T19:22:42+00:00","author":{"@id":"https:\/\/bozsogiattila.hu\/#\/schema\/person\/488c99f554a8c4039201260dd5eb795e"},"breadcrumb":{"@id":"https:\/\/bozsogiattila.hu\/?p=542#breadcrumb"},"inLanguage":"hu","potentialAction":[{"@type":"ReadAction","target":["https:\/\/bozsogiattila.hu\/?p=542"]}]},{"@type":"BreadcrumbList","@id":"https:\/\/bozsogiattila.hu\/?p=542#breadcrumb","itemListElement":[{"@type":"ListItem","position":1,"name":"Kezd\u0151lap","item":"https:\/\/bozsogiattila.hu\/"},{"@type":"ListItem","position":2,"name":"\u00dcNNEPELT\u00dcNK N\u00c1LAD"}]},{"@type":"WebSite","@id":"https:\/\/bozsogiattila.hu\/#website","url":"https:\/\/bozsogiattila.hu\/","name":"Bozsogi Attila","description":"a zen\u00e9sz, \u00edr\u00f3 munk\u00e1ss\u00e1g\u00e1nak \u00e9s a mak\u00f3i muzsikusok eml\u00e9k\u00e9t \u0151rz\u0151 oldal","potentialAction":[{"@type":"SearchAction","target":{"@type":"EntryPoint","urlTemplate":"https:\/\/bozsogiattila.hu\/?s={search_term_string}"},"query-input":"required name=search_term_string"}],"inLanguage":"hu"},{"@type":"Person","@id":"https:\/\/bozsogiattila.hu\/#\/schema\/person\/488c99f554a8c4039201260dd5eb795e","name":"Bozsogi Attila","image":{"@type":"ImageObject","inLanguage":"hu","@id":"https:\/\/bozsogiattila.hu\/#\/schema\/person\/image\/","url":"https:\/\/secure.gravatar.com\/avatar\/7da6b5985e34ed798d1670c54ce7d20e6a53b800bb0c07945c64b09392f3dbfd?s=96&d=mm&r=g","contentUrl":"https:\/\/secure.gravatar.com\/avatar\/7da6b5985e34ed798d1670c54ce7d20e6a53b800bb0c07945c64b09392f3dbfd?s=96&d=mm&r=g","caption":"Bozsogi Attila"},"sameAs":["http:\/\/www.boszogiattila.hu"],"url":"https:\/\/bozsogiattila.hu\/?author=3"}]}},"jetpack_featured_media_url":"","_links":{"self":[{"href":"https:\/\/bozsogiattila.hu\/index.php?rest_route=\/wp\/v2\/posts\/542","targetHints":{"allow":["GET"]}}],"collection":[{"href":"https:\/\/bozsogiattila.hu\/index.php?rest_route=\/wp\/v2\/posts"}],"about":[{"href":"https:\/\/bozsogiattila.hu\/index.php?rest_route=\/wp\/v2\/types\/post"}],"author":[{"embeddable":true,"href":"https:\/\/bozsogiattila.hu\/index.php?rest_route=\/wp\/v2\/users\/3"}],"replies":[{"embeddable":true,"href":"https:\/\/bozsogiattila.hu\/index.php?rest_route=%2Fwp%2Fv2%2Fcomments&post=542"}],"version-history":[{"count":1,"href":"https:\/\/bozsogiattila.hu\/index.php?rest_route=\/wp\/v2\/posts\/542\/revisions"}],"predecessor-version":[{"id":543,"href":"https:\/\/bozsogiattila.hu\/index.php?rest_route=\/wp\/v2\/posts\/542\/revisions\/543"}],"wp:attachment":[{"href":"https:\/\/bozsogiattila.hu\/index.php?rest_route=%2Fwp%2Fv2%2Fmedia&parent=542"}],"wp:term":[{"taxonomy":"category","embeddable":true,"href":"https:\/\/bozsogiattila.hu\/index.php?rest_route=%2Fwp%2Fv2%2Fcategories&post=542"},{"taxonomy":"post_tag","embeddable":true,"href":"https:\/\/bozsogiattila.hu\/index.php?rest_route=%2Fwp%2Fv2%2Ftags&post=542"}],"curies":[{"name":"wp","href":"https:\/\/api.w.org\/{rel}","templated":true}]}}