{"id":548,"date":"2006-09-16T19:25:00","date_gmt":"2006-09-16T19:25:00","guid":{"rendered":"https:\/\/bozsogiattila.hu\/?p=548"},"modified":"2024-01-06T19:26:56","modified_gmt":"2024-01-06T19:26:56","slug":"varazstukor","status":"publish","type":"post","link":"https:\/\/bozsogiattila.hu\/?p=548","title":{"rendered":"VAR\u00c1ZST\u00dcK\u00d6R"},"content":{"rendered":"\n<p class=\"wp-block-paragraph\">VAR\u00c1ZST\u00dcK\u00d6R<\/p>\n\n\n\n<p class=\"wp-block-paragraph\">Szeretn\u00e9k a t\u00fckr\u00f6d lenni,<br>K\u00e9rd\u00e9sedre azt felelni:<br>Te vagy legszebb, nincs N\u00e1lad szebb,<br>Szemem szebbet nem is keres.<\/p>\n\n\n\n<p class=\"wp-block-paragraph\">T\u00e9ged n\u00e9zve csak azt l\u00e1tom,<br>Boldogs\u00e1g vagy, igaz \u00e1lom.<br>\u00c1lomk\u00e9p egy \u00fatnak v\u00e9g\u00e9n,<br>D\u00e9lib\u00e1bos igaz rem\u00e9ny.<\/p>\n\n\n\n<p class=\"wp-block-paragraph\">Var\u00e1zst\u00fckr\u00f6d, ha lehetn\u00e9k,<br>Mindenhova Veled menn\u00e9k.<br>Bej\u00e1rn\u00e1nk a nagyvil\u00e1got:<br>Erd\u0151t, mez\u0151t, hegyet, dombot.<\/p>\n\n\n\n<p class=\"wp-block-paragraph\">Megmutatn\u00e1m, amit \u00e9rzek,<br>Mindent mi sz\u00e9p,- \u00e9rt\u00e9keket.<br>Gy\u00e9m\u00e1ntok k\u00f6zt, hogyha j\u00e1rn\u00e1nk,<br>Te voln\u00e1l a legszebb gy\u00e9m\u00e1nt.<\/p>\n\n\n\n<p class=\"wp-block-paragraph\">Ha csillagot v\u00e1lasztan\u00e1nk,<br>Az \u00f6sszeset, Neked adn\u00e1m.<br>F\u00e9nyl\u0151 Napot, ahogy ragyog,<br>Mutassa mind\u00e9g mosolyod.<\/p>\n\n\n\n<p class=\"wp-block-paragraph\">Holdvil\u00e1got s az \u00e9jszak\u00e1t,<br>A s\u00f6t\u00e9ts\u00e9g boldogs\u00e1g\u00e1t.<br>A felkel\u0151 Napnak f\u00e9ny\u00e9t,<br>A term\u00e9szet \u00e9bred\u00e9s\u00e9t.<\/p>\n\n\n\n<p class=\"wp-block-paragraph\">Tied volna minden mi sz\u00e9p,<br>Neked lenne oly k\u00e9k az \u00e9g.<br>A z\u00f6ldell\u0151 hat\u00e1r, r\u00f3na,<br>\u00c9nekesmadarak dala.<\/p>\n\n\n\n<p class=\"wp-block-paragraph\">R\u00e1d vigy\u00e1zn\u00e9k szeretetben,<br>S a kezedet fogn\u00e1m csendben.<br>A f\u00fcledbe azt suttogn\u00e1m,<br>Cs\u00f3koddal szebb minden \u00f3r\u00e1m.<\/p>\n\n\n\n<p class=\"wp-block-paragraph\">Cs\u00f3kjaidat visszaadn\u00e1m,<br>Rem\u00e9nyeket fellobbantv\u00e1n.<br>\u00c1lmaimat \u00fajra \u00e9ln\u00e9m,<br>Veled egy\u00fctt fel\u00e9bredv\u00e9n.<\/p>\n\n\n\n<p class=\"wp-block-paragraph\">\u00c9bren j\u00e1rn\u00e1nk \u00e1lmodozva,<br>Szerelm\u00fcnket eldalolva.<br>Muzsik\u00e1val sz\u00e1rnyra keln\u00e9nk,<br>Csak a sz\u00e9pre eml\u00e9kezn\u00e9nk.<\/p>\n\n\n\n<p class=\"wp-block-paragraph\">Var\u00e1zst\u00fckr\u00f6d, ha lehetn\u00e9k,<br>Megn\u00e9zn\u00e9m a lelked t\u00fckr\u00e9t.<br>K\u00e9t szemedben, hogy mi ragyog,<br>V\u00e1rhatok-e boldogs\u00e1got?<\/p>\n\n\n\n<p class=\"wp-block-paragraph\">Ha szemeden f\u00e1tyol volna,<br>\u00c9rz\u00e9seid eltakarva,<br>\u00dajb\u00f3l s \u00fajra pr\u00f3b\u00e1lkozn\u00e9k,<br>M\u00edg lelkedbe belel\u00e1tn\u00e9k.<\/p>\n\n\n\n<p class=\"wp-block-paragraph\">Ha el\u0151lem elbujdosn\u00e1l,<br>A nagyvil\u00e1got bej\u00e1rn\u00e1m.<br>Keresn\u00e9lek, kutatn\u00e1lak,<br>Am\u00edg meg nem tal\u00e1ln\u00e1lak.<\/p>\n\n\n\n<p class=\"wp-block-paragraph\">Mount Everesten, ha \u00e1lln\u00e1l,<br>Azt a hegyet is megm\u00e1szn\u00e1m.<br>Visszahozn\u00e1lak \u00e9n fentr\u0151l,<br>A vil\u00e1gnak tetej\u00e9r\u0151l.<\/p>\n\n\n\n<p class=\"wp-block-paragraph\">Var\u00e1zst\u00fckr\u00f6d, ha lehetn\u00e9k,<br>Minden sz\u00e9pet megmutatn\u00e9k.<br>Rosszat, cs\u00fany\u00e1t eltakarn\u00e1m,<br>Sz\u00e9p orc\u00e1dat simogatn\u00e1m.<\/p>\n\n\n\n<p class=\"wp-block-paragraph\">Elmondan\u00e1m akkor Neked,<br>Az \u00e9n utam Hozz\u00e1d vezet.<br>Megtal\u00e1ltam azt a helyet,<br>Minek neve: Kincses-sziget!<\/p>\n\n\n\n<p class=\"wp-block-paragraph\">Mak\u00f3, 2006. 09. 16.<\/p>\n","protected":false},"excerpt":{"rendered":"<p>VAR\u00c1ZST\u00dcK\u00d6R Szeretn\u00e9k a t\u00fckr\u00f6d lenni,K\u00e9rd\u00e9sedre azt felelni:Te vagy legszebb, nincs N\u00e1lad szebb,Szemem szebbet nem is keres. T\u00e9ged n\u00e9zve csak azt l\u00e1tom,Boldogs\u00e1g vagy, igaz \u00e1lom.\u00c1lomk\u00e9p egy \u00fatnak v\u00e9g\u00e9n,D\u00e9lib\u00e1bos igaz rem\u00e9ny. Var\u00e1zst\u00fckr\u00f6d, ha lehetn\u00e9k,Mindenhova Veled menn\u00e9k.Bej\u00e1rn\u00e1nk a nagyvil\u00e1got:Erd\u0151t, mez\u0151t, hegyet, dombot. Megmutatn\u00e1m, amit \u00e9rzek,Mindent mi sz\u00e9p,- \u00e9rt\u00e9keket.Gy\u00e9m\u00e1ntok k\u00f6zt, hogyha j\u00e1rn\u00e1nk,Te voln\u00e1l a legszebb gy\u00e9m\u00e1nt. Ha csillagot v\u00e1lasztan\u00e1nk,Az &#8230; <a title=\"VAR\u00c1ZST\u00dcK\u00d6R\" class=\"read-more\" href=\"https:\/\/bozsogiattila.hu\/?p=548\" aria-label=\"Tov\u00e1bbiak VAR\u00c1ZST\u00dcK\u00d6R\">Olvass tov\u00e1bb<\/a><\/p>\n","protected":false},"author":3,"featured_media":0,"comment_status":"closed","ping_status":"open","sticky":false,"template":"","format":"standard","meta":{"footnotes":""},"categories":[4],"tags":[30,242,94,12,38,240,243,241],"class_list":["post-548","post","type-post","status-publish","format-standard","hentry","category-versek","tag-30","tag-csokok","tag-hozzad","tag-mako","tag-nap","tag-neked","tag-tukor","tag-utam"],"yoast_head":"<!-- This site is optimized with the Yoast SEO plugin v21.8 - https:\/\/yoast.com\/wordpress\/plugins\/seo\/ -->\n<title>VAR\u00c1ZST\u00dcK\u00d6R - Bozsogi Attila<\/title>\n<meta name=\"robots\" content=\"index, follow, max-snippet:-1, max-image-preview:large, max-video-preview:-1\" \/>\n<link rel=\"canonical\" href=\"https:\/\/bozsogiattila.hu\/?p=548\" \/>\n<meta property=\"og:locale\" content=\"hu_HU\" \/>\n<meta property=\"og:type\" content=\"article\" \/>\n<meta property=\"og:title\" content=\"VAR\u00c1ZST\u00dcK\u00d6R - Bozsogi Attila\" \/>\n<meta property=\"og:description\" content=\"VAR\u00c1ZST\u00dcK\u00d6R Szeretn\u00e9k a t\u00fckr\u00f6d lenni,K\u00e9rd\u00e9sedre azt felelni:Te vagy legszebb, nincs N\u00e1lad szebb,Szemem szebbet nem is keres. T\u00e9ged n\u00e9zve csak azt l\u00e1tom,Boldogs\u00e1g vagy, igaz \u00e1lom.\u00c1lomk\u00e9p egy \u00fatnak v\u00e9g\u00e9n,D\u00e9lib\u00e1bos igaz rem\u00e9ny. Var\u00e1zst\u00fckr\u00f6d, ha lehetn\u00e9k,Mindenhova Veled menn\u00e9k.Bej\u00e1rn\u00e1nk a nagyvil\u00e1got:Erd\u0151t, mez\u0151t, hegyet, dombot. Megmutatn\u00e1m, amit \u00e9rzek,Mindent mi sz\u00e9p,- \u00e9rt\u00e9keket.Gy\u00e9m\u00e1ntok k\u00f6zt, hogyha j\u00e1rn\u00e1nk,Te voln\u00e1l a legszebb gy\u00e9m\u00e1nt. Ha csillagot v\u00e1lasztan\u00e1nk,Az ... Olvass tov\u00e1bb\" \/>\n<meta property=\"og:url\" content=\"https:\/\/bozsogiattila.hu\/?p=548\" \/>\n<meta property=\"og:site_name\" content=\"Bozsogi Attila\" \/>\n<meta property=\"article:published_time\" content=\"2006-09-16T19:25:00+00:00\" \/>\n<meta property=\"article:modified_time\" content=\"2024-01-06T19:26:56+00:00\" \/>\n<meta name=\"author\" content=\"Bozsogi Attila\" \/>\n<meta name=\"twitter:card\" content=\"summary_large_image\" \/>\n<meta name=\"twitter:label1\" content=\"Szerz\u0151:\" \/>\n\t<meta name=\"twitter:data1\" content=\"Bozsogi Attila\" \/>\n\t<meta name=\"twitter:label2\" content=\"Becs\u00fclt olvas\u00e1si id\u0151\" \/>\n\t<meta name=\"twitter:data2\" content=\"2 perc\" \/>\n<script type=\"application\/ld+json\" class=\"yoast-schema-graph\">{\"@context\":\"https:\/\/schema.org\",\"@graph\":[{\"@type\":\"WebPage\",\"@id\":\"https:\/\/bozsogiattila.hu\/?p=548\",\"url\":\"https:\/\/bozsogiattila.hu\/?p=548\",\"name\":\"VAR\u00c1ZST\u00dcK\u00d6R - Bozsogi Attila\",\"isPartOf\":{\"@id\":\"https:\/\/bozsogiattila.hu\/#website\"},\"datePublished\":\"2006-09-16T19:25:00+00:00\",\"dateModified\":\"2024-01-06T19:26:56+00:00\",\"author\":{\"@id\":\"https:\/\/bozsogiattila.hu\/#\/schema\/person\/488c99f554a8c4039201260dd5eb795e\"},\"breadcrumb\":{\"@id\":\"https:\/\/bozsogiattila.hu\/?p=548#breadcrumb\"},\"inLanguage\":\"hu\",\"potentialAction\":[{\"@type\":\"ReadAction\",\"target\":[\"https:\/\/bozsogiattila.hu\/?p=548\"]}]},{\"@type\":\"BreadcrumbList\",\"@id\":\"https:\/\/bozsogiattila.hu\/?p=548#breadcrumb\",\"itemListElement\":[{\"@type\":\"ListItem\",\"position\":1,\"name\":\"Kezd\u0151lap\",\"item\":\"https:\/\/bozsogiattila.hu\/\"},{\"@type\":\"ListItem\",\"position\":2,\"name\":\"VAR\u00c1ZST\u00dcK\u00d6R\"}]},{\"@type\":\"WebSite\",\"@id\":\"https:\/\/bozsogiattila.hu\/#website\",\"url\":\"https:\/\/bozsogiattila.hu\/\",\"name\":\"Bozsogi Attila\",\"description\":\"a zen\u00e9sz, \u00edr\u00f3 munk\u00e1ss\u00e1g\u00e1nak \u00e9s a mak\u00f3i muzsikusok eml\u00e9k\u00e9t \u0151rz\u0151 oldal\",\"potentialAction\":[{\"@type\":\"SearchAction\",\"target\":{\"@type\":\"EntryPoint\",\"urlTemplate\":\"https:\/\/bozsogiattila.hu\/?s={search_term_string}\"},\"query-input\":\"required name=search_term_string\"}],\"inLanguage\":\"hu\"},{\"@type\":\"Person\",\"@id\":\"https:\/\/bozsogiattila.hu\/#\/schema\/person\/488c99f554a8c4039201260dd5eb795e\",\"name\":\"Bozsogi Attila\",\"image\":{\"@type\":\"ImageObject\",\"inLanguage\":\"hu\",\"@id\":\"https:\/\/bozsogiattila.hu\/#\/schema\/person\/image\/\",\"url\":\"https:\/\/secure.gravatar.com\/avatar\/7da6b5985e34ed798d1670c54ce7d20e6a53b800bb0c07945c64b09392f3dbfd?s=96&d=mm&r=g\",\"contentUrl\":\"https:\/\/secure.gravatar.com\/avatar\/7da6b5985e34ed798d1670c54ce7d20e6a53b800bb0c07945c64b09392f3dbfd?s=96&d=mm&r=g\",\"caption\":\"Bozsogi Attila\"},\"sameAs\":[\"http:\/\/www.boszogiattila.hu\"],\"url\":\"https:\/\/bozsogiattila.hu\/?author=3\"}]}<\/script>\n<!-- \/ Yoast SEO plugin. -->","yoast_head_json":{"title":"VAR\u00c1ZST\u00dcK\u00d6R - Bozsogi Attila","robots":{"index":"index","follow":"follow","max-snippet":"max-snippet:-1","max-image-preview":"max-image-preview:large","max-video-preview":"max-video-preview:-1"},"canonical":"https:\/\/bozsogiattila.hu\/?p=548","og_locale":"hu_HU","og_type":"article","og_title":"VAR\u00c1ZST\u00dcK\u00d6R - Bozsogi Attila","og_description":"VAR\u00c1ZST\u00dcK\u00d6R Szeretn\u00e9k a t\u00fckr\u00f6d lenni,K\u00e9rd\u00e9sedre azt felelni:Te vagy legszebb, nincs N\u00e1lad szebb,Szemem szebbet nem is keres. T\u00e9ged n\u00e9zve csak azt l\u00e1tom,Boldogs\u00e1g vagy, igaz \u00e1lom.\u00c1lomk\u00e9p egy \u00fatnak v\u00e9g\u00e9n,D\u00e9lib\u00e1bos igaz rem\u00e9ny. Var\u00e1zst\u00fckr\u00f6d, ha lehetn\u00e9k,Mindenhova Veled menn\u00e9k.Bej\u00e1rn\u00e1nk a nagyvil\u00e1got:Erd\u0151t, mez\u0151t, hegyet, dombot. Megmutatn\u00e1m, amit \u00e9rzek,Mindent mi sz\u00e9p,- \u00e9rt\u00e9keket.Gy\u00e9m\u00e1ntok k\u00f6zt, hogyha j\u00e1rn\u00e1nk,Te voln\u00e1l a legszebb gy\u00e9m\u00e1nt. Ha csillagot v\u00e1lasztan\u00e1nk,Az ... Olvass tov\u00e1bb","og_url":"https:\/\/bozsogiattila.hu\/?p=548","og_site_name":"Bozsogi Attila","article_published_time":"2006-09-16T19:25:00+00:00","article_modified_time":"2024-01-06T19:26:56+00:00","author":"Bozsogi Attila","twitter_card":"summary_large_image","twitter_misc":{"Szerz\u0151:":"Bozsogi Attila","Becs\u00fclt olvas\u00e1si id\u0151":"2 perc"},"schema":{"@context":"https:\/\/schema.org","@graph":[{"@type":"WebPage","@id":"https:\/\/bozsogiattila.hu\/?p=548","url":"https:\/\/bozsogiattila.hu\/?p=548","name":"VAR\u00c1ZST\u00dcK\u00d6R - Bozsogi Attila","isPartOf":{"@id":"https:\/\/bozsogiattila.hu\/#website"},"datePublished":"2006-09-16T19:25:00+00:00","dateModified":"2024-01-06T19:26:56+00:00","author":{"@id":"https:\/\/bozsogiattila.hu\/#\/schema\/person\/488c99f554a8c4039201260dd5eb795e"},"breadcrumb":{"@id":"https:\/\/bozsogiattila.hu\/?p=548#breadcrumb"},"inLanguage":"hu","potentialAction":[{"@type":"ReadAction","target":["https:\/\/bozsogiattila.hu\/?p=548"]}]},{"@type":"BreadcrumbList","@id":"https:\/\/bozsogiattila.hu\/?p=548#breadcrumb","itemListElement":[{"@type":"ListItem","position":1,"name":"Kezd\u0151lap","item":"https:\/\/bozsogiattila.hu\/"},{"@type":"ListItem","position":2,"name":"VAR\u00c1ZST\u00dcK\u00d6R"}]},{"@type":"WebSite","@id":"https:\/\/bozsogiattila.hu\/#website","url":"https:\/\/bozsogiattila.hu\/","name":"Bozsogi Attila","description":"a zen\u00e9sz, \u00edr\u00f3 munk\u00e1ss\u00e1g\u00e1nak \u00e9s a mak\u00f3i muzsikusok eml\u00e9k\u00e9t \u0151rz\u0151 oldal","potentialAction":[{"@type":"SearchAction","target":{"@type":"EntryPoint","urlTemplate":"https:\/\/bozsogiattila.hu\/?s={search_term_string}"},"query-input":"required name=search_term_string"}],"inLanguage":"hu"},{"@type":"Person","@id":"https:\/\/bozsogiattila.hu\/#\/schema\/person\/488c99f554a8c4039201260dd5eb795e","name":"Bozsogi Attila","image":{"@type":"ImageObject","inLanguage":"hu","@id":"https:\/\/bozsogiattila.hu\/#\/schema\/person\/image\/","url":"https:\/\/secure.gravatar.com\/avatar\/7da6b5985e34ed798d1670c54ce7d20e6a53b800bb0c07945c64b09392f3dbfd?s=96&d=mm&r=g","contentUrl":"https:\/\/secure.gravatar.com\/avatar\/7da6b5985e34ed798d1670c54ce7d20e6a53b800bb0c07945c64b09392f3dbfd?s=96&d=mm&r=g","caption":"Bozsogi Attila"},"sameAs":["http:\/\/www.boszogiattila.hu"],"url":"https:\/\/bozsogiattila.hu\/?author=3"}]}},"jetpack_featured_media_url":"","_links":{"self":[{"href":"https:\/\/bozsogiattila.hu\/index.php?rest_route=\/wp\/v2\/posts\/548","targetHints":{"allow":["GET"]}}],"collection":[{"href":"https:\/\/bozsogiattila.hu\/index.php?rest_route=\/wp\/v2\/posts"}],"about":[{"href":"https:\/\/bozsogiattila.hu\/index.php?rest_route=\/wp\/v2\/types\/post"}],"author":[{"embeddable":true,"href":"https:\/\/bozsogiattila.hu\/index.php?rest_route=\/wp\/v2\/users\/3"}],"replies":[{"embeddable":true,"href":"https:\/\/bozsogiattila.hu\/index.php?rest_route=%2Fwp%2Fv2%2Fcomments&post=548"}],"version-history":[{"count":1,"href":"https:\/\/bozsogiattila.hu\/index.php?rest_route=\/wp\/v2\/posts\/548\/revisions"}],"predecessor-version":[{"id":549,"href":"https:\/\/bozsogiattila.hu\/index.php?rest_route=\/wp\/v2\/posts\/548\/revisions\/549"}],"wp:attachment":[{"href":"https:\/\/bozsogiattila.hu\/index.php?rest_route=%2Fwp%2Fv2%2Fmedia&parent=548"}],"wp:term":[{"taxonomy":"category","embeddable":true,"href":"https:\/\/bozsogiattila.hu\/index.php?rest_route=%2Fwp%2Fv2%2Fcategories&post=548"},{"taxonomy":"post_tag","embeddable":true,"href":"https:\/\/bozsogiattila.hu\/index.php?rest_route=%2Fwp%2Fv2%2Ftags&post=548"}],"curies":[{"name":"wp","href":"https:\/\/api.w.org\/{rel}","templated":true}]}}