{"id":560,"date":"1998-12-15T19:38:00","date_gmt":"1998-12-15T19:38:00","guid":{"rendered":"https:\/\/bozsogiattila.hu\/?p=560"},"modified":"2024-01-06T19:40:02","modified_gmt":"2024-01-06T19:40:02","slug":"van-e-megoldas","status":"publish","type":"post","link":"https:\/\/bozsogiattila.hu\/?p=560","title":{"rendered":"VAN-E MEGOLD\u00c1S"},"content":{"rendered":"\n<p class=\"wp-block-paragraph\">VAN-E MEGOLD\u00c1S<\/p>\n\n\n\n<p class=\"wp-block-paragraph\">\u201eA napokban egy ki\u00e1ll\u00edt\u00e1son<br>Egy gy\u00f6ny\u00f6r\u0171 bik\u00e1t l\u00e1ttam,<br>Aki szarvait b\u00fcszk\u00e9n hordta,<br>\u00c9s err\u0151l jutott eszembe a k\u00f6vetkez\u0151 str\u00f3fa:\u201d<\/p>\n\n\n\n<p class=\"wp-block-paragraph\">Szerencs\u00e9s \u00e1llat a bika,<br>Mert a szarva a saj\u00e1tja.<br>B\u00fcszke arra, hogy a szarva,<br>Nem a p\u00e1rja aj\u00e1nd\u00e9ka!<\/p>\n\n\n\n<p class=\"wp-block-paragraph\">Ily egyszer\u0171 a marh\u00e1kn\u00e1l,<br>Nincs soha baj a szarvakn\u00e1l.<br>Bika \u00e9s a teh\u00e9n egy p\u00e1r,<br>Mind a kett\u0151 szarvakkal j\u00e1r.<\/p>\n\n\n\n<p class=\"wp-block-paragraph\">A megcsal\u00e1s\u00e9rt szarv nem j\u00e1r,<br>Mert az, r\u00e9gen meg van m\u00e1r!<br>Nem ily szerencs\u00e9s az ember,<br>A csal\u00e1s\u00e9rt szenvedni kell!<\/p>\n\n\n\n<p class=\"wp-block-paragraph\">F\u00e9rj\u00e9t asszony, ha megcsalja,<br>M\u00e1r is n\u0151 a f\u00e9rjnek szarva.<br>Jelk\u00e9pes a tr\u00f3fe\u00e1ja,<br>Megcsal\u00e1snak ez az \u00e1ra!<\/p>\n\n\n\n<p class=\"wp-block-paragraph\">Becs\u00fcletesebb a teh\u00e9n,<br>Szarva ott van az \u0151 fej\u00e9n.<br>Csal az asszony szarvat, nem hord,<br>Hogy h\u00e1nyat kapsz ez a rekord<\/p>\n\n\n\n<p class=\"wp-block-paragraph\">Mi\u00f3ta a vil\u00e1g-vil\u00e1g,<br>Legt\u00f6bb asszony sokszor hib\u00e1z.<br>Kett\u0151 kell a megcsal\u00e1shoz,<br>F\u00e9rj is \u00e9rt az udvarl\u00e1shoz.<\/p>\n\n\n\n<p class=\"wp-block-paragraph\">Szoknyapec\u00e9r a f\u00e9rj neve,<br>Ha kitud\u00f3dik a tette. <br>Feles\u00e9g, ha f\u00e9lre l\u00e9pett,<br>Nincs bocs\u00e1nat, &#8211; mi\u00e9rt v\u00e9tett!<\/p>\n\n\n\n<p class=\"wp-block-paragraph\">Boh\u00e9m a f\u00e9rj nem lesz baja,<br>Feles\u00e9g, ha hib\u00e1z, &#8211; \u201ebuta\u201d.<br>A h\u0171s\u00e9g az, kutya dolog,<br>Ha h\u00e1zas vagy majd megtudod.<\/p>\n\n\n\n<p class=\"wp-block-paragraph\">Sz\u00e9pet veszel, f\u00e9lre l\u00e9phet,<br>Nincsen nyugtod, nem is lehet.<br>Cs\u00fany\u00e1nak is van egy baja,<br>Zs\u00e1k a foltj\u00e1t megtal\u00e1lja.<\/p>\n\n\n\n<p class=\"wp-block-paragraph\">Orvoss\u00e1g az\u00e9rt m\u00e9g volna,<br>Ne tudja meg senki soha.<br>Ha kihagyod a kalandot,<br>Szent P\u00e9tern\u00e9l orron hordod!<\/p>\n\n\n\n<p class=\"wp-block-paragraph\">Mak\u00f3, 1998. 12. 15.<\/p>\n","protected":false},"excerpt":{"rendered":"<p>VAN-E MEGOLD\u00c1S \u201eA napokban egy ki\u00e1ll\u00edt\u00e1sonEgy gy\u00f6ny\u00f6r\u0171 bik\u00e1t l\u00e1ttam,Aki szarvait b\u00fcszk\u00e9n hordta,\u00c9s err\u0151l jutott eszembe a k\u00f6vetkez\u0151 str\u00f3fa:\u201d Szerencs\u00e9s \u00e1llat a bika,Mert a szarva a saj\u00e1tja.B\u00fcszke arra, hogy a szarva,Nem a p\u00e1rja aj\u00e1nd\u00e9ka! Ily egyszer\u0171 a marh\u00e1kn\u00e1l,Nincs soha baj a szarvakn\u00e1l.Bika \u00e9s a teh\u00e9n egy p\u00e1r,Mind a kett\u0151 szarvakkal j\u00e1r. A megcsal\u00e1s\u00e9rt szarv nem j\u00e1r,Mert &#8230; <a title=\"VAN-E MEGOLD\u00c1S\" class=\"read-more\" href=\"https:\/\/bozsogiattila.hu\/?p=560\" aria-label=\"Tov\u00e1bbiak VAN-E MEGOLD\u00c1S\">Olvass tov\u00e1bb<\/a><\/p>\n","protected":false},"author":3,"featured_media":0,"comment_status":"closed","ping_status":"open","sticky":false,"template":"","format":"standard","meta":{"footnotes":""},"categories":[4],"tags":[42,12],"class_list":["post-560","post","type-post","status-publish","format-standard","hentry","category-versek","tag-42","tag-mako"],"yoast_head":"<!-- This site is optimized with the Yoast SEO plugin v21.8 - https:\/\/yoast.com\/wordpress\/plugins\/seo\/ -->\n<title>VAN-E MEGOLD\u00c1S - Bozsogi Attila<\/title>\n<meta name=\"robots\" content=\"index, follow, max-snippet:-1, max-image-preview:large, max-video-preview:-1\" \/>\n<link rel=\"canonical\" href=\"https:\/\/bozsogiattila.hu\/?p=560\" \/>\n<meta property=\"og:locale\" content=\"hu_HU\" \/>\n<meta property=\"og:type\" content=\"article\" \/>\n<meta property=\"og:title\" content=\"VAN-E MEGOLD\u00c1S - Bozsogi Attila\" \/>\n<meta property=\"og:description\" content=\"VAN-E MEGOLD\u00c1S \u201eA napokban egy ki\u00e1ll\u00edt\u00e1sonEgy gy\u00f6ny\u00f6r\u0171 bik\u00e1t l\u00e1ttam,Aki szarvait b\u00fcszk\u00e9n hordta,\u00c9s err\u0151l jutott eszembe a k\u00f6vetkez\u0151 str\u00f3fa:\u201d Szerencs\u00e9s \u00e1llat a bika,Mert a szarva a saj\u00e1tja.B\u00fcszke arra, hogy a szarva,Nem a p\u00e1rja aj\u00e1nd\u00e9ka! Ily egyszer\u0171 a marh\u00e1kn\u00e1l,Nincs soha baj a szarvakn\u00e1l.Bika \u00e9s a teh\u00e9n egy p\u00e1r,Mind a kett\u0151 szarvakkal j\u00e1r. A megcsal\u00e1s\u00e9rt szarv nem j\u00e1r,Mert ... Olvass tov\u00e1bb\" \/>\n<meta property=\"og:url\" content=\"https:\/\/bozsogiattila.hu\/?p=560\" \/>\n<meta property=\"og:site_name\" content=\"Bozsogi Attila\" \/>\n<meta property=\"article:published_time\" content=\"1998-12-15T19:38:00+00:00\" \/>\n<meta property=\"article:modified_time\" content=\"2024-01-06T19:40:02+00:00\" \/>\n<meta name=\"author\" content=\"Bozsogi Attila\" \/>\n<meta name=\"twitter:card\" content=\"summary_large_image\" \/>\n<meta name=\"twitter:label1\" content=\"Szerz\u0151:\" \/>\n\t<meta name=\"twitter:data1\" content=\"Bozsogi Attila\" \/>\n\t<meta name=\"twitter:label2\" content=\"Becs\u00fclt olvas\u00e1si id\u0151\" \/>\n\t<meta name=\"twitter:data2\" content=\"1 perc\" \/>\n<script type=\"application\/ld+json\" class=\"yoast-schema-graph\">{\"@context\":\"https:\/\/schema.org\",\"@graph\":[{\"@type\":\"WebPage\",\"@id\":\"https:\/\/bozsogiattila.hu\/?p=560\",\"url\":\"https:\/\/bozsogiattila.hu\/?p=560\",\"name\":\"VAN-E MEGOLD\u00c1S - Bozsogi Attila\",\"isPartOf\":{\"@id\":\"https:\/\/bozsogiattila.hu\/#website\"},\"datePublished\":\"1998-12-15T19:38:00+00:00\",\"dateModified\":\"2024-01-06T19:40:02+00:00\",\"author\":{\"@id\":\"https:\/\/bozsogiattila.hu\/#\/schema\/person\/488c99f554a8c4039201260dd5eb795e\"},\"breadcrumb\":{\"@id\":\"https:\/\/bozsogiattila.hu\/?p=560#breadcrumb\"},\"inLanguage\":\"hu\",\"potentialAction\":[{\"@type\":\"ReadAction\",\"target\":[\"https:\/\/bozsogiattila.hu\/?p=560\"]}]},{\"@type\":\"BreadcrumbList\",\"@id\":\"https:\/\/bozsogiattila.hu\/?p=560#breadcrumb\",\"itemListElement\":[{\"@type\":\"ListItem\",\"position\":1,\"name\":\"Kezd\u0151lap\",\"item\":\"https:\/\/bozsogiattila.hu\/\"},{\"@type\":\"ListItem\",\"position\":2,\"name\":\"VAN-E MEGOLD\u00c1S\"}]},{\"@type\":\"WebSite\",\"@id\":\"https:\/\/bozsogiattila.hu\/#website\",\"url\":\"https:\/\/bozsogiattila.hu\/\",\"name\":\"Bozsogi Attila\",\"description\":\"a zen\u00e9sz, \u00edr\u00f3 munk\u00e1ss\u00e1g\u00e1nak \u00e9s a mak\u00f3i muzsikusok eml\u00e9k\u00e9t \u0151rz\u0151 oldal\",\"potentialAction\":[{\"@type\":\"SearchAction\",\"target\":{\"@type\":\"EntryPoint\",\"urlTemplate\":\"https:\/\/bozsogiattila.hu\/?s={search_term_string}\"},\"query-input\":\"required name=search_term_string\"}],\"inLanguage\":\"hu\"},{\"@type\":\"Person\",\"@id\":\"https:\/\/bozsogiattila.hu\/#\/schema\/person\/488c99f554a8c4039201260dd5eb795e\",\"name\":\"Bozsogi Attila\",\"image\":{\"@type\":\"ImageObject\",\"inLanguage\":\"hu\",\"@id\":\"https:\/\/bozsogiattila.hu\/#\/schema\/person\/image\/\",\"url\":\"https:\/\/secure.gravatar.com\/avatar\/7da6b5985e34ed798d1670c54ce7d20e6a53b800bb0c07945c64b09392f3dbfd?s=96&d=mm&r=g\",\"contentUrl\":\"https:\/\/secure.gravatar.com\/avatar\/7da6b5985e34ed798d1670c54ce7d20e6a53b800bb0c07945c64b09392f3dbfd?s=96&d=mm&r=g\",\"caption\":\"Bozsogi Attila\"},\"sameAs\":[\"http:\/\/www.boszogiattila.hu\"],\"url\":\"https:\/\/bozsogiattila.hu\/?author=3\"}]}<\/script>\n<!-- \/ Yoast SEO plugin. -->","yoast_head_json":{"title":"VAN-E MEGOLD\u00c1S - Bozsogi Attila","robots":{"index":"index","follow":"follow","max-snippet":"max-snippet:-1","max-image-preview":"max-image-preview:large","max-video-preview":"max-video-preview:-1"},"canonical":"https:\/\/bozsogiattila.hu\/?p=560","og_locale":"hu_HU","og_type":"article","og_title":"VAN-E MEGOLD\u00c1S - Bozsogi Attila","og_description":"VAN-E MEGOLD\u00c1S \u201eA napokban egy ki\u00e1ll\u00edt\u00e1sonEgy gy\u00f6ny\u00f6r\u0171 bik\u00e1t l\u00e1ttam,Aki szarvait b\u00fcszk\u00e9n hordta,\u00c9s err\u0151l jutott eszembe a k\u00f6vetkez\u0151 str\u00f3fa:\u201d Szerencs\u00e9s \u00e1llat a bika,Mert a szarva a saj\u00e1tja.B\u00fcszke arra, hogy a szarva,Nem a p\u00e1rja aj\u00e1nd\u00e9ka! Ily egyszer\u0171 a marh\u00e1kn\u00e1l,Nincs soha baj a szarvakn\u00e1l.Bika \u00e9s a teh\u00e9n egy p\u00e1r,Mind a kett\u0151 szarvakkal j\u00e1r. A megcsal\u00e1s\u00e9rt szarv nem j\u00e1r,Mert ... Olvass tov\u00e1bb","og_url":"https:\/\/bozsogiattila.hu\/?p=560","og_site_name":"Bozsogi Attila","article_published_time":"1998-12-15T19:38:00+00:00","article_modified_time":"2024-01-06T19:40:02+00:00","author":"Bozsogi Attila","twitter_card":"summary_large_image","twitter_misc":{"Szerz\u0151:":"Bozsogi Attila","Becs\u00fclt olvas\u00e1si id\u0151":"1 perc"},"schema":{"@context":"https:\/\/schema.org","@graph":[{"@type":"WebPage","@id":"https:\/\/bozsogiattila.hu\/?p=560","url":"https:\/\/bozsogiattila.hu\/?p=560","name":"VAN-E MEGOLD\u00c1S - Bozsogi Attila","isPartOf":{"@id":"https:\/\/bozsogiattila.hu\/#website"},"datePublished":"1998-12-15T19:38:00+00:00","dateModified":"2024-01-06T19:40:02+00:00","author":{"@id":"https:\/\/bozsogiattila.hu\/#\/schema\/person\/488c99f554a8c4039201260dd5eb795e"},"breadcrumb":{"@id":"https:\/\/bozsogiattila.hu\/?p=560#breadcrumb"},"inLanguage":"hu","potentialAction":[{"@type":"ReadAction","target":["https:\/\/bozsogiattila.hu\/?p=560"]}]},{"@type":"BreadcrumbList","@id":"https:\/\/bozsogiattila.hu\/?p=560#breadcrumb","itemListElement":[{"@type":"ListItem","position":1,"name":"Kezd\u0151lap","item":"https:\/\/bozsogiattila.hu\/"},{"@type":"ListItem","position":2,"name":"VAN-E MEGOLD\u00c1S"}]},{"@type":"WebSite","@id":"https:\/\/bozsogiattila.hu\/#website","url":"https:\/\/bozsogiattila.hu\/","name":"Bozsogi Attila","description":"a zen\u00e9sz, \u00edr\u00f3 munk\u00e1ss\u00e1g\u00e1nak \u00e9s a mak\u00f3i muzsikusok eml\u00e9k\u00e9t \u0151rz\u0151 oldal","potentialAction":[{"@type":"SearchAction","target":{"@type":"EntryPoint","urlTemplate":"https:\/\/bozsogiattila.hu\/?s={search_term_string}"},"query-input":"required name=search_term_string"}],"inLanguage":"hu"},{"@type":"Person","@id":"https:\/\/bozsogiattila.hu\/#\/schema\/person\/488c99f554a8c4039201260dd5eb795e","name":"Bozsogi Attila","image":{"@type":"ImageObject","inLanguage":"hu","@id":"https:\/\/bozsogiattila.hu\/#\/schema\/person\/image\/","url":"https:\/\/secure.gravatar.com\/avatar\/7da6b5985e34ed798d1670c54ce7d20e6a53b800bb0c07945c64b09392f3dbfd?s=96&d=mm&r=g","contentUrl":"https:\/\/secure.gravatar.com\/avatar\/7da6b5985e34ed798d1670c54ce7d20e6a53b800bb0c07945c64b09392f3dbfd?s=96&d=mm&r=g","caption":"Bozsogi Attila"},"sameAs":["http:\/\/www.boszogiattila.hu"],"url":"https:\/\/bozsogiattila.hu\/?author=3"}]}},"jetpack_featured_media_url":"","_links":{"self":[{"href":"https:\/\/bozsogiattila.hu\/index.php?rest_route=\/wp\/v2\/posts\/560","targetHints":{"allow":["GET"]}}],"collection":[{"href":"https:\/\/bozsogiattila.hu\/index.php?rest_route=\/wp\/v2\/posts"}],"about":[{"href":"https:\/\/bozsogiattila.hu\/index.php?rest_route=\/wp\/v2\/types\/post"}],"author":[{"embeddable":true,"href":"https:\/\/bozsogiattila.hu\/index.php?rest_route=\/wp\/v2\/users\/3"}],"replies":[{"embeddable":true,"href":"https:\/\/bozsogiattila.hu\/index.php?rest_route=%2Fwp%2Fv2%2Fcomments&post=560"}],"version-history":[{"count":1,"href":"https:\/\/bozsogiattila.hu\/index.php?rest_route=\/wp\/v2\/posts\/560\/revisions"}],"predecessor-version":[{"id":561,"href":"https:\/\/bozsogiattila.hu\/index.php?rest_route=\/wp\/v2\/posts\/560\/revisions\/561"}],"wp:attachment":[{"href":"https:\/\/bozsogiattila.hu\/index.php?rest_route=%2Fwp%2Fv2%2Fmedia&parent=560"}],"wp:term":[{"taxonomy":"category","embeddable":true,"href":"https:\/\/bozsogiattila.hu\/index.php?rest_route=%2Fwp%2Fv2%2Fcategories&post=560"},{"taxonomy":"post_tag","embeddable":true,"href":"https:\/\/bozsogiattila.hu\/index.php?rest_route=%2Fwp%2Fv2%2Ftags&post=560"}],"curies":[{"name":"wp","href":"https:\/\/api.w.org\/{rel}","templated":true}]}}