{"id":59,"date":"2003-12-24T18:10:00","date_gmt":"2003-12-24T18:10:00","guid":{"rendered":"https:\/\/bozsogiattila.hu\/?p=59"},"modified":"2024-01-05T18:47:40","modified_gmt":"2024-01-05T18:47:40","slug":"annacska-elso-karacsonya","status":"publish","type":"post","link":"https:\/\/bozsogiattila.hu\/?p=59","title":{"rendered":"ANN\u00c1CSKA ELS\u0150 KAR\u00c1CSONYA"},"content":{"rendered":"\n<pre class=\"wp-block-verse\">ANN\u00c1CSKA ELS\u0150 KAR\u00c1CSONYA\r\n \r\n\r\nF\u00e9ny\u00e1rban \u00faszik a hatalmas fa,\r\nRajta csillagsz\u00f3r\u00f3, cukor, gyertya.\r\nSz\u00ednes g\u00f6mb\u00f6k, f\u00e9nyes l\u00e1nc \u00e9s d\u00edszek,\r\nVillog\u00f3 \u00e9g\u0151k sz\u00e9pp\u00e9 tett\u00e9k ezt.\r\n\r\nEls\u0151 kar\u00e1csonya \/volt\/ Ann\u00e1csk\u00e1nak,\r\nSzemef\u00e9nye \u0150 a nagy, csal\u00e1dnak.\r\nMint sz\u00e1rnyaszegett mad\u00e1r csak n\u00e9zett,\r\nT\u00edzh\u00f3naposan semmit nem \u00e9rtett.\r\n\r\nK\u00e9zr\u0151l-k\u00e9zre adtuk szeretgetve,\r\nS sz\u00edv\u00e9t mindenki most ki\u00f6nt\u00f6tte.\r\nBoldog volt gagyar\u00e1szott, nevetett,\r\nK\u00f6zben ide-oda tekintgetett.\r\n\r\nA k\u00f6zpontban \u0150 volt s ott is maradt,\r\nHol minden percben \u00f6r\u00f6m\u00f6ket kap.\r\nHogy mit \u00e9rzett \u00e9s mit nem: ki tudja,\r\nBesz\u00e9lni nem tud, s el nem mondhatja?\r\n\r\nEgy maci, mely sz\u00e9tnyitva kis p\u00e1rna,\r\nEz volt a legels\u0151 aj\u00e1nd\u00e9ka.\r\n\u00c1tkarolva ismerkedett vele,\r\nMajd hirtelen a f\u00f6ldre ejtette.\r\n\r\nA f\u00f6ldre k\u00e9redzkedett ut\u00e1na,\r\nMint a r\u00e1k, \u00fagy h\u00e1trafel\u00e9 m\u00e1szva.\r\nMindent l\u00e1tni akart \u00e9s meg fogni,\r\nS az aj\u00e1nd\u00e9kok k\u00f6zt turk\u00e1lni.\r\n\r\nF\u00e1radhatatlanul k\u00faszott, cs\u00faszott,\r\nK\u00f6zben minden szem r\u00e1ir\u00e1nyult ott.\r\nMintha egy matuzs\u00e1lem lett volna,\r\n\u0150r\u00f3la sz\u00f3lt csak minden mond\u00f3ka. \r\n\r\nElj\u00f6tt a vacsor\u00e1nak ideje,\r\n\u00cdgy v\u00e9get \u00e9rt tev\u00e9kenyked\u00e9se.\r\nElfoglalta a hely\u00e9t mindenki,\r\nNeki is csendben kellett maradni.\r\n\r\nAz asztal, roskad\u00e1sig volt rakva,\r\nRajta finom faltok halmaza.\r\nA megb\u00e9k\u00e9l\u00e9s szeretet napja,\r\n\u00d6r\u00f6mteli volt ez a vacsora.\r\n\r\nA kicsi anyja \u00f6l\u00e9ben \/\u00fclt s\/ evett,\r\nS a cs\u00f6pps\u00e9gnek minden falat \u00edzlett.\r\nMajd hirtelen, egy s\u00fctit felkapott,\r\nMit kis kez\u00e9vel nagyon szor\u00edtott.\r\n\r\nA zs\u00e1km\u00e1ny\u00e1t eszegetni kezdte,\r\n\u00c9s azt semmi\u00e9rt el nem engedte.\r\nSz\u00e1ja, orra, keze csupa maszat,\r\nDe nem sz\u00e1m\u00edt a f\u0151, hogy j\u00f3l lakhat.\r\n\r\nAhogy az \u00e9hs\u00e9ge csillapodott,\r\nSzeme egyre nagyokat pislogott.\r\nJele volt ez m\u00e1r a f\u00e1radts\u00e1gnak,\r\nKis \u00e1gy\u00e1ba k\u00edv\u00e1nkozott m\u00e1r csak.\r\n\r\nElt\u00f6rt a m\u00e9cses \u00e9s s\u00edrni kezdett,\r\nA szent este \/\u00edgy\/ v\u00e9g\u00e9hez \u00e9rkezett.\r\nF\u0151szerepl\u0151 a picurka volt ott,\r\nS \u00e9jszaka kar\u00e1csonyr\u00f3l \u00e1lmodott.\r\n\r\nA kar\u00e1csonyfa mag\u00e1nyos maradt,\r\nS tan\u00faja volt egy boldog csal\u00e1dnak.\r\nEml\u00e9ke megmarad s \u00f6r\u00f6kk\u00e9 \u00e9l,\r\nAnn\u00e1cska \/els\u0151\/ kar\u00e1csony\u00e1r\u00f3l reg\u00e9l.\r\n\r\nMak\u00f3, 2003. 12. 24.<\/pre>\n\n\n\n<p class=\"wp-block-paragraph\"><\/p>\n","protected":false},"excerpt":{"rendered":"<p>ANN\u00c1CSKA ELS\u0150 KAR\u00c1CSONYA F\u00e9ny\u00e1rban \u00faszik a hatalmas fa, Rajta csillagsz\u00f3r\u00f3, cukor, gyertya. Sz\u00ednes g\u00f6mb\u00f6k, f\u00e9nyes l\u00e1nc \u00e9s d\u00edszek, Villog\u00f3 \u00e9g\u0151k sz\u00e9pp\u00e9 tett\u00e9k ezt. Els\u0151 kar\u00e1csonya \/volt\/ Ann\u00e1csk\u00e1nak, Szemef\u00e9nye \u0150 a nagy, csal\u00e1dnak. Mint sz\u00e1rnyaszegett mad\u00e1r csak n\u00e9zett, T\u00edzh\u00f3naposan semmit nem \u00e9rtett. K\u00e9zr\u0151l-k\u00e9zre adtuk szeretgetve, S sz\u00edv\u00e9t mindenki most ki\u00f6nt\u00f6tte. Boldog volt gagyar\u00e1szott, nevetett, K\u00f6zben ide-oda &#8230; <a title=\"ANN\u00c1CSKA ELS\u0150 KAR\u00c1CSONYA\" class=\"read-more\" href=\"https:\/\/bozsogiattila.hu\/?p=59\" aria-label=\"Tov\u00e1bbiak ANN\u00c1CSKA ELS\u0150 KAR\u00c1CSONYA\">Olvass tov\u00e1bb<\/a><\/p>\n","protected":false},"author":3,"featured_media":0,"comment_status":"closed","ping_status":"open","sticky":false,"template":"","format":"standard","meta":{"footnotes":""},"categories":[4],"tags":[11,12],"class_list":["post-59","post","type-post","status-publish","format-standard","hentry","category-versek","tag-11","tag-mako"],"yoast_head":"<!-- This site is optimized with the Yoast SEO plugin v21.8 - https:\/\/yoast.com\/wordpress\/plugins\/seo\/ -->\n<title>ANN\u00c1CSKA ELS\u0150 KAR\u00c1CSONYA - Bozsogi Attila<\/title>\n<meta name=\"robots\" content=\"index, follow, max-snippet:-1, max-image-preview:large, max-video-preview:-1\" \/>\n<link rel=\"canonical\" href=\"https:\/\/bozsogiattila.hu\/?p=59\" \/>\n<meta property=\"og:locale\" content=\"hu_HU\" \/>\n<meta property=\"og:type\" content=\"article\" \/>\n<meta property=\"og:title\" content=\"ANN\u00c1CSKA ELS\u0150 KAR\u00c1CSONYA - Bozsogi Attila\" \/>\n<meta property=\"og:description\" content=\"ANN\u00c1CSKA ELS\u0150 KAR\u00c1CSONYA F\u00e9ny\u00e1rban \u00faszik a hatalmas fa, Rajta csillagsz\u00f3r\u00f3, cukor, gyertya. Sz\u00ednes g\u00f6mb\u00f6k, f\u00e9nyes l\u00e1nc \u00e9s d\u00edszek, Villog\u00f3 \u00e9g\u0151k sz\u00e9pp\u00e9 tett\u00e9k ezt. Els\u0151 kar\u00e1csonya \/volt\/ Ann\u00e1csk\u00e1nak, Szemef\u00e9nye \u0150 a nagy, csal\u00e1dnak. Mint sz\u00e1rnyaszegett mad\u00e1r csak n\u00e9zett, T\u00edzh\u00f3naposan semmit nem \u00e9rtett. K\u00e9zr\u0151l-k\u00e9zre adtuk szeretgetve, S sz\u00edv\u00e9t mindenki most ki\u00f6nt\u00f6tte. Boldog volt gagyar\u00e1szott, nevetett, K\u00f6zben ide-oda ... Olvass tov\u00e1bb\" \/>\n<meta property=\"og:url\" content=\"https:\/\/bozsogiattila.hu\/?p=59\" \/>\n<meta property=\"og:site_name\" content=\"Bozsogi Attila\" \/>\n<meta property=\"article:published_time\" content=\"2003-12-24T18:10:00+00:00\" \/>\n<meta property=\"article:modified_time\" content=\"2024-01-05T18:47:40+00:00\" \/>\n<meta name=\"author\" content=\"Bozsogi Attila\" \/>\n<meta name=\"twitter:card\" content=\"summary_large_image\" \/>\n<meta name=\"twitter:label1\" content=\"Szerz\u0151:\" \/>\n\t<meta name=\"twitter:data1\" content=\"Bozsogi Attila\" \/>\n\t<meta name=\"twitter:label2\" content=\"Becs\u00fclt olvas\u00e1si id\u0151\" \/>\n\t<meta name=\"twitter:data2\" content=\"2 perc\" \/>\n<script type=\"application\/ld+json\" class=\"yoast-schema-graph\">{\"@context\":\"https:\/\/schema.org\",\"@graph\":[{\"@type\":\"WebPage\",\"@id\":\"https:\/\/bozsogiattila.hu\/?p=59\",\"url\":\"https:\/\/bozsogiattila.hu\/?p=59\",\"name\":\"ANN\u00c1CSKA ELS\u0150 KAR\u00c1CSONYA - Bozsogi Attila\",\"isPartOf\":{\"@id\":\"https:\/\/bozsogiattila.hu\/#website\"},\"datePublished\":\"2003-12-24T18:10:00+00:00\",\"dateModified\":\"2024-01-05T18:47:40+00:00\",\"author\":{\"@id\":\"https:\/\/bozsogiattila.hu\/#\/schema\/person\/488c99f554a8c4039201260dd5eb795e\"},\"breadcrumb\":{\"@id\":\"https:\/\/bozsogiattila.hu\/?p=59#breadcrumb\"},\"inLanguage\":\"hu\",\"potentialAction\":[{\"@type\":\"ReadAction\",\"target\":[\"https:\/\/bozsogiattila.hu\/?p=59\"]}]},{\"@type\":\"BreadcrumbList\",\"@id\":\"https:\/\/bozsogiattila.hu\/?p=59#breadcrumb\",\"itemListElement\":[{\"@type\":\"ListItem\",\"position\":1,\"name\":\"Kezd\u0151lap\",\"item\":\"https:\/\/bozsogiattila.hu\/\"},{\"@type\":\"ListItem\",\"position\":2,\"name\":\"ANN\u00c1CSKA ELS\u0150 KAR\u00c1CSONYA\"}]},{\"@type\":\"WebSite\",\"@id\":\"https:\/\/bozsogiattila.hu\/#website\",\"url\":\"https:\/\/bozsogiattila.hu\/\",\"name\":\"Bozsogi Attila\",\"description\":\"a zen\u00e9sz, \u00edr\u00f3 munk\u00e1ss\u00e1g\u00e1nak \u00e9s a mak\u00f3i muzsikusok eml\u00e9k\u00e9t \u0151rz\u0151 oldal\",\"potentialAction\":[{\"@type\":\"SearchAction\",\"target\":{\"@type\":\"EntryPoint\",\"urlTemplate\":\"https:\/\/bozsogiattila.hu\/?s={search_term_string}\"},\"query-input\":\"required name=search_term_string\"}],\"inLanguage\":\"hu\"},{\"@type\":\"Person\",\"@id\":\"https:\/\/bozsogiattila.hu\/#\/schema\/person\/488c99f554a8c4039201260dd5eb795e\",\"name\":\"Bozsogi Attila\",\"image\":{\"@type\":\"ImageObject\",\"inLanguage\":\"hu\",\"@id\":\"https:\/\/bozsogiattila.hu\/#\/schema\/person\/image\/\",\"url\":\"https:\/\/secure.gravatar.com\/avatar\/7da6b5985e34ed798d1670c54ce7d20e6a53b800bb0c07945c64b09392f3dbfd?s=96&d=mm&r=g\",\"contentUrl\":\"https:\/\/secure.gravatar.com\/avatar\/7da6b5985e34ed798d1670c54ce7d20e6a53b800bb0c07945c64b09392f3dbfd?s=96&d=mm&r=g\",\"caption\":\"Bozsogi Attila\"},\"sameAs\":[\"http:\/\/www.boszogiattila.hu\"],\"url\":\"https:\/\/bozsogiattila.hu\/?author=3\"}]}<\/script>\n<!-- \/ Yoast SEO plugin. -->","yoast_head_json":{"title":"ANN\u00c1CSKA ELS\u0150 KAR\u00c1CSONYA - Bozsogi Attila","robots":{"index":"index","follow":"follow","max-snippet":"max-snippet:-1","max-image-preview":"max-image-preview:large","max-video-preview":"max-video-preview:-1"},"canonical":"https:\/\/bozsogiattila.hu\/?p=59","og_locale":"hu_HU","og_type":"article","og_title":"ANN\u00c1CSKA ELS\u0150 KAR\u00c1CSONYA - Bozsogi Attila","og_description":"ANN\u00c1CSKA ELS\u0150 KAR\u00c1CSONYA F\u00e9ny\u00e1rban \u00faszik a hatalmas fa, Rajta csillagsz\u00f3r\u00f3, cukor, gyertya. Sz\u00ednes g\u00f6mb\u00f6k, f\u00e9nyes l\u00e1nc \u00e9s d\u00edszek, Villog\u00f3 \u00e9g\u0151k sz\u00e9pp\u00e9 tett\u00e9k ezt. Els\u0151 kar\u00e1csonya \/volt\/ Ann\u00e1csk\u00e1nak, Szemef\u00e9nye \u0150 a nagy, csal\u00e1dnak. Mint sz\u00e1rnyaszegett mad\u00e1r csak n\u00e9zett, T\u00edzh\u00f3naposan semmit nem \u00e9rtett. K\u00e9zr\u0151l-k\u00e9zre adtuk szeretgetve, S sz\u00edv\u00e9t mindenki most ki\u00f6nt\u00f6tte. Boldog volt gagyar\u00e1szott, nevetett, K\u00f6zben ide-oda ... Olvass tov\u00e1bb","og_url":"https:\/\/bozsogiattila.hu\/?p=59","og_site_name":"Bozsogi Attila","article_published_time":"2003-12-24T18:10:00+00:00","article_modified_time":"2024-01-05T18:47:40+00:00","author":"Bozsogi Attila","twitter_card":"summary_large_image","twitter_misc":{"Szerz\u0151:":"Bozsogi Attila","Becs\u00fclt olvas\u00e1si id\u0151":"2 perc"},"schema":{"@context":"https:\/\/schema.org","@graph":[{"@type":"WebPage","@id":"https:\/\/bozsogiattila.hu\/?p=59","url":"https:\/\/bozsogiattila.hu\/?p=59","name":"ANN\u00c1CSKA ELS\u0150 KAR\u00c1CSONYA - Bozsogi Attila","isPartOf":{"@id":"https:\/\/bozsogiattila.hu\/#website"},"datePublished":"2003-12-24T18:10:00+00:00","dateModified":"2024-01-05T18:47:40+00:00","author":{"@id":"https:\/\/bozsogiattila.hu\/#\/schema\/person\/488c99f554a8c4039201260dd5eb795e"},"breadcrumb":{"@id":"https:\/\/bozsogiattila.hu\/?p=59#breadcrumb"},"inLanguage":"hu","potentialAction":[{"@type":"ReadAction","target":["https:\/\/bozsogiattila.hu\/?p=59"]}]},{"@type":"BreadcrumbList","@id":"https:\/\/bozsogiattila.hu\/?p=59#breadcrumb","itemListElement":[{"@type":"ListItem","position":1,"name":"Kezd\u0151lap","item":"https:\/\/bozsogiattila.hu\/"},{"@type":"ListItem","position":2,"name":"ANN\u00c1CSKA ELS\u0150 KAR\u00c1CSONYA"}]},{"@type":"WebSite","@id":"https:\/\/bozsogiattila.hu\/#website","url":"https:\/\/bozsogiattila.hu\/","name":"Bozsogi Attila","description":"a zen\u00e9sz, \u00edr\u00f3 munk\u00e1ss\u00e1g\u00e1nak \u00e9s a mak\u00f3i muzsikusok eml\u00e9k\u00e9t \u0151rz\u0151 oldal","potentialAction":[{"@type":"SearchAction","target":{"@type":"EntryPoint","urlTemplate":"https:\/\/bozsogiattila.hu\/?s={search_term_string}"},"query-input":"required name=search_term_string"}],"inLanguage":"hu"},{"@type":"Person","@id":"https:\/\/bozsogiattila.hu\/#\/schema\/person\/488c99f554a8c4039201260dd5eb795e","name":"Bozsogi Attila","image":{"@type":"ImageObject","inLanguage":"hu","@id":"https:\/\/bozsogiattila.hu\/#\/schema\/person\/image\/","url":"https:\/\/secure.gravatar.com\/avatar\/7da6b5985e34ed798d1670c54ce7d20e6a53b800bb0c07945c64b09392f3dbfd?s=96&d=mm&r=g","contentUrl":"https:\/\/secure.gravatar.com\/avatar\/7da6b5985e34ed798d1670c54ce7d20e6a53b800bb0c07945c64b09392f3dbfd?s=96&d=mm&r=g","caption":"Bozsogi Attila"},"sameAs":["http:\/\/www.boszogiattila.hu"],"url":"https:\/\/bozsogiattila.hu\/?author=3"}]}},"jetpack_featured_media_url":"","_links":{"self":[{"href":"https:\/\/bozsogiattila.hu\/index.php?rest_route=\/wp\/v2\/posts\/59","targetHints":{"allow":["GET"]}}],"collection":[{"href":"https:\/\/bozsogiattila.hu\/index.php?rest_route=\/wp\/v2\/posts"}],"about":[{"href":"https:\/\/bozsogiattila.hu\/index.php?rest_route=\/wp\/v2\/types\/post"}],"author":[{"embeddable":true,"href":"https:\/\/bozsogiattila.hu\/index.php?rest_route=\/wp\/v2\/users\/3"}],"replies":[{"embeddable":true,"href":"https:\/\/bozsogiattila.hu\/index.php?rest_route=%2Fwp%2Fv2%2Fcomments&post=59"}],"version-history":[{"count":2,"href":"https:\/\/bozsogiattila.hu\/index.php?rest_route=\/wp\/v2\/posts\/59\/revisions"}],"predecessor-version":[{"id":63,"href":"https:\/\/bozsogiattila.hu\/index.php?rest_route=\/wp\/v2\/posts\/59\/revisions\/63"}],"wp:attachment":[{"href":"https:\/\/bozsogiattila.hu\/index.php?rest_route=%2Fwp%2Fv2%2Fmedia&parent=59"}],"wp:term":[{"taxonomy":"category","embeddable":true,"href":"https:\/\/bozsogiattila.hu\/index.php?rest_route=%2Fwp%2Fv2%2Fcategories&post=59"},{"taxonomy":"post_tag","embeddable":true,"href":"https:\/\/bozsogiattila.hu\/index.php?rest_route=%2Fwp%2Fv2%2Ftags&post=59"}],"curies":[{"name":"wp","href":"https:\/\/api.w.org\/{rel}","templated":true}]}}