{"id":664,"date":"1999-08-12T11:14:00","date_gmt":"1999-08-12T11:14:00","guid":{"rendered":"https:\/\/bozsogiattila.hu\/?p=664"},"modified":"2024-01-07T11:14:52","modified_gmt":"2024-01-07T11:14:52","slug":"elkerulom-azt-az-utcat","status":"publish","type":"post","link":"https:\/\/bozsogiattila.hu\/?p=664","title":{"rendered":"ELKER\u00dcL\u00d6M AZT AZ UTC\u00c1T"},"content":{"rendered":"\n<p class=\"wp-block-paragraph\">ELKER\u00dcL\u00d6M AZT AZ UTC\u00c1T<\/p>\n\n\n\n<p class=\"wp-block-paragraph\">Elker\u00fcl\u00f6m azt az utc\u00e1t,<br>Ahol Hozz\u00e1d j\u00e1rtam.<br>Nem megyek a kish\u00e1zadba,<br>Mert becsapt\u00e1l ottan.<\/p>\n\n\n\n<p class=\"wp-block-paragraph\">Megal\u00e1ztad hi\u00fas\u00e1gom,<br>\u00d6sszet\u00f6rted sz\u00edvem.<br>A lelkem is f\u00e1j az \u00f3ta,<br>Hogy T\u0151led elj\u00f6ttem.<\/p>\n\n\n\n<p class=\"wp-block-paragraph\">Nem tal\u00e1lom \u00e9n a helyem,<br>Nincsen nyugtom nekem.<br>Valamikor b\u00edztam benned,<br>\u00c9s a szerelm\u00fcnkben.<\/p>\n\n\n\n<p class=\"wp-block-paragraph\">Oly sok \u00e1lmot tett\u00e9l t\u00f6nkre,<br>V\u00e9ge mind\u00f6r\u00f6kre.<br>Elhagyt\u00e1l, \u00e9s m\u00e1st szeretsz Te,<br>Engem elfeledve.<\/p>\n\n\n\n<p class=\"wp-block-paragraph\">Mak\u00f3, 1999. 08 12.<\/p>\n","protected":false},"excerpt":{"rendered":"<p>ELKER\u00dcL\u00d6M AZT AZ UTC\u00c1T Elker\u00fcl\u00f6m azt az utc\u00e1t,Ahol Hozz\u00e1d j\u00e1rtam.Nem megyek a kish\u00e1zadba,Mert becsapt\u00e1l ottan. Megal\u00e1ztad hi\u00fas\u00e1gom,\u00d6sszet\u00f6rted sz\u00edvem.A lelkem is f\u00e1j az \u00f3ta,Hogy T\u0151led elj\u00f6ttem. Nem tal\u00e1lom \u00e9n a helyem,Nincsen nyugtom nekem.Valamikor b\u00edztam benned,\u00c9s a szerelm\u00fcnkben. Oly sok \u00e1lmot tett\u00e9l t\u00f6nkre,V\u00e9ge mind\u00f6r\u00f6kre.Elhagyt\u00e1l, \u00e9s m\u00e1st szeretsz Te,Engem elfeledve. Mak\u00f3, 1999. 08 12.<\/p>\n","protected":false},"author":3,"featured_media":0,"comment_status":"closed","ping_status":"open","sticky":false,"template":"","format":"standard","meta":{"footnotes":""},"categories":[6],"tags":[23,12],"class_list":["post-664","post","type-post","status-publish","format-standard","hentry","category-notak","tag-23","tag-mako"],"yoast_head":"<!-- This site is optimized with the Yoast SEO plugin v21.8 - https:\/\/yoast.com\/wordpress\/plugins\/seo\/ -->\n<title>ELKER\u00dcL\u00d6M AZT AZ UTC\u00c1T - Bozsogi Attila<\/title>\n<meta name=\"robots\" content=\"index, follow, max-snippet:-1, max-image-preview:large, max-video-preview:-1\" \/>\n<link rel=\"canonical\" href=\"https:\/\/bozsogiattila.hu\/?p=664\" \/>\n<meta property=\"og:locale\" content=\"hu_HU\" \/>\n<meta property=\"og:type\" content=\"article\" \/>\n<meta property=\"og:title\" content=\"ELKER\u00dcL\u00d6M AZT AZ UTC\u00c1T - Bozsogi Attila\" \/>\n<meta property=\"og:description\" content=\"ELKER\u00dcL\u00d6M AZT AZ UTC\u00c1T Elker\u00fcl\u00f6m azt az utc\u00e1t,Ahol Hozz\u00e1d j\u00e1rtam.Nem megyek a kish\u00e1zadba,Mert becsapt\u00e1l ottan. Megal\u00e1ztad hi\u00fas\u00e1gom,\u00d6sszet\u00f6rted sz\u00edvem.A lelkem is f\u00e1j az \u00f3ta,Hogy T\u0151led elj\u00f6ttem. Nem tal\u00e1lom \u00e9n a helyem,Nincsen nyugtom nekem.Valamikor b\u00edztam benned,\u00c9s a szerelm\u00fcnkben. Oly sok \u00e1lmot tett\u00e9l t\u00f6nkre,V\u00e9ge mind\u00f6r\u00f6kre.Elhagyt\u00e1l, \u00e9s m\u00e1st szeretsz Te,Engem elfeledve. Mak\u00f3, 1999. 08 12.\" \/>\n<meta property=\"og:url\" content=\"https:\/\/bozsogiattila.hu\/?p=664\" \/>\n<meta property=\"og:site_name\" content=\"Bozsogi Attila\" \/>\n<meta property=\"article:published_time\" content=\"1999-08-12T11:14:00+00:00\" \/>\n<meta property=\"article:modified_time\" content=\"2024-01-07T11:14:52+00:00\" \/>\n<meta name=\"author\" content=\"Bozsogi Attila\" \/>\n<meta name=\"twitter:card\" content=\"summary_large_image\" \/>\n<meta name=\"twitter:label1\" content=\"Szerz\u0151:\" \/>\n\t<meta name=\"twitter:data1\" content=\"Bozsogi Attila\" \/>\n<script type=\"application\/ld+json\" class=\"yoast-schema-graph\">{\"@context\":\"https:\/\/schema.org\",\"@graph\":[{\"@type\":\"WebPage\",\"@id\":\"https:\/\/bozsogiattila.hu\/?p=664\",\"url\":\"https:\/\/bozsogiattila.hu\/?p=664\",\"name\":\"ELKER\u00dcL\u00d6M AZT AZ UTC\u00c1T - Bozsogi Attila\",\"isPartOf\":{\"@id\":\"https:\/\/bozsogiattila.hu\/#website\"},\"datePublished\":\"1999-08-12T11:14:00+00:00\",\"dateModified\":\"2024-01-07T11:14:52+00:00\",\"author\":{\"@id\":\"https:\/\/bozsogiattila.hu\/#\/schema\/person\/488c99f554a8c4039201260dd5eb795e\"},\"breadcrumb\":{\"@id\":\"https:\/\/bozsogiattila.hu\/?p=664#breadcrumb\"},\"inLanguage\":\"hu\",\"potentialAction\":[{\"@type\":\"ReadAction\",\"target\":[\"https:\/\/bozsogiattila.hu\/?p=664\"]}]},{\"@type\":\"BreadcrumbList\",\"@id\":\"https:\/\/bozsogiattila.hu\/?p=664#breadcrumb\",\"itemListElement\":[{\"@type\":\"ListItem\",\"position\":1,\"name\":\"Kezd\u0151lap\",\"item\":\"https:\/\/bozsogiattila.hu\/\"},{\"@type\":\"ListItem\",\"position\":2,\"name\":\"ELKER\u00dcL\u00d6M AZT AZ UTC\u00c1T\"}]},{\"@type\":\"WebSite\",\"@id\":\"https:\/\/bozsogiattila.hu\/#website\",\"url\":\"https:\/\/bozsogiattila.hu\/\",\"name\":\"Bozsogi Attila\",\"description\":\"a zen\u00e9sz, \u00edr\u00f3 munk\u00e1ss\u00e1g\u00e1nak \u00e9s a mak\u00f3i muzsikusok eml\u00e9k\u00e9t \u0151rz\u0151 oldal\",\"potentialAction\":[{\"@type\":\"SearchAction\",\"target\":{\"@type\":\"EntryPoint\",\"urlTemplate\":\"https:\/\/bozsogiattila.hu\/?s={search_term_string}\"},\"query-input\":\"required name=search_term_string\"}],\"inLanguage\":\"hu\"},{\"@type\":\"Person\",\"@id\":\"https:\/\/bozsogiattila.hu\/#\/schema\/person\/488c99f554a8c4039201260dd5eb795e\",\"name\":\"Bozsogi Attila\",\"image\":{\"@type\":\"ImageObject\",\"inLanguage\":\"hu\",\"@id\":\"https:\/\/bozsogiattila.hu\/#\/schema\/person\/image\/\",\"url\":\"https:\/\/secure.gravatar.com\/avatar\/7da6b5985e34ed798d1670c54ce7d20e6a53b800bb0c07945c64b09392f3dbfd?s=96&d=mm&r=g\",\"contentUrl\":\"https:\/\/secure.gravatar.com\/avatar\/7da6b5985e34ed798d1670c54ce7d20e6a53b800bb0c07945c64b09392f3dbfd?s=96&d=mm&r=g\",\"caption\":\"Bozsogi Attila\"},\"sameAs\":[\"http:\/\/www.boszogiattila.hu\"],\"url\":\"https:\/\/bozsogiattila.hu\/?author=3\"}]}<\/script>\n<!-- \/ Yoast SEO plugin. -->","yoast_head_json":{"title":"ELKER\u00dcL\u00d6M AZT AZ UTC\u00c1T - Bozsogi Attila","robots":{"index":"index","follow":"follow","max-snippet":"max-snippet:-1","max-image-preview":"max-image-preview:large","max-video-preview":"max-video-preview:-1"},"canonical":"https:\/\/bozsogiattila.hu\/?p=664","og_locale":"hu_HU","og_type":"article","og_title":"ELKER\u00dcL\u00d6M AZT AZ UTC\u00c1T - Bozsogi Attila","og_description":"ELKER\u00dcL\u00d6M AZT AZ UTC\u00c1T Elker\u00fcl\u00f6m azt az utc\u00e1t,Ahol Hozz\u00e1d j\u00e1rtam.Nem megyek a kish\u00e1zadba,Mert becsapt\u00e1l ottan. Megal\u00e1ztad hi\u00fas\u00e1gom,\u00d6sszet\u00f6rted sz\u00edvem.A lelkem is f\u00e1j az \u00f3ta,Hogy T\u0151led elj\u00f6ttem. Nem tal\u00e1lom \u00e9n a helyem,Nincsen nyugtom nekem.Valamikor b\u00edztam benned,\u00c9s a szerelm\u00fcnkben. Oly sok \u00e1lmot tett\u00e9l t\u00f6nkre,V\u00e9ge mind\u00f6r\u00f6kre.Elhagyt\u00e1l, \u00e9s m\u00e1st szeretsz Te,Engem elfeledve. Mak\u00f3, 1999. 08 12.","og_url":"https:\/\/bozsogiattila.hu\/?p=664","og_site_name":"Bozsogi Attila","article_published_time":"1999-08-12T11:14:00+00:00","article_modified_time":"2024-01-07T11:14:52+00:00","author":"Bozsogi Attila","twitter_card":"summary_large_image","twitter_misc":{"Szerz\u0151:":"Bozsogi Attila"},"schema":{"@context":"https:\/\/schema.org","@graph":[{"@type":"WebPage","@id":"https:\/\/bozsogiattila.hu\/?p=664","url":"https:\/\/bozsogiattila.hu\/?p=664","name":"ELKER\u00dcL\u00d6M AZT AZ UTC\u00c1T - Bozsogi Attila","isPartOf":{"@id":"https:\/\/bozsogiattila.hu\/#website"},"datePublished":"1999-08-12T11:14:00+00:00","dateModified":"2024-01-07T11:14:52+00:00","author":{"@id":"https:\/\/bozsogiattila.hu\/#\/schema\/person\/488c99f554a8c4039201260dd5eb795e"},"breadcrumb":{"@id":"https:\/\/bozsogiattila.hu\/?p=664#breadcrumb"},"inLanguage":"hu","potentialAction":[{"@type":"ReadAction","target":["https:\/\/bozsogiattila.hu\/?p=664"]}]},{"@type":"BreadcrumbList","@id":"https:\/\/bozsogiattila.hu\/?p=664#breadcrumb","itemListElement":[{"@type":"ListItem","position":1,"name":"Kezd\u0151lap","item":"https:\/\/bozsogiattila.hu\/"},{"@type":"ListItem","position":2,"name":"ELKER\u00dcL\u00d6M AZT AZ UTC\u00c1T"}]},{"@type":"WebSite","@id":"https:\/\/bozsogiattila.hu\/#website","url":"https:\/\/bozsogiattila.hu\/","name":"Bozsogi Attila","description":"a zen\u00e9sz, \u00edr\u00f3 munk\u00e1ss\u00e1g\u00e1nak \u00e9s a mak\u00f3i muzsikusok eml\u00e9k\u00e9t \u0151rz\u0151 oldal","potentialAction":[{"@type":"SearchAction","target":{"@type":"EntryPoint","urlTemplate":"https:\/\/bozsogiattila.hu\/?s={search_term_string}"},"query-input":"required name=search_term_string"}],"inLanguage":"hu"},{"@type":"Person","@id":"https:\/\/bozsogiattila.hu\/#\/schema\/person\/488c99f554a8c4039201260dd5eb795e","name":"Bozsogi Attila","image":{"@type":"ImageObject","inLanguage":"hu","@id":"https:\/\/bozsogiattila.hu\/#\/schema\/person\/image\/","url":"https:\/\/secure.gravatar.com\/avatar\/7da6b5985e34ed798d1670c54ce7d20e6a53b800bb0c07945c64b09392f3dbfd?s=96&d=mm&r=g","contentUrl":"https:\/\/secure.gravatar.com\/avatar\/7da6b5985e34ed798d1670c54ce7d20e6a53b800bb0c07945c64b09392f3dbfd?s=96&d=mm&r=g","caption":"Bozsogi Attila"},"sameAs":["http:\/\/www.boszogiattila.hu"],"url":"https:\/\/bozsogiattila.hu\/?author=3"}]}},"jetpack_featured_media_url":"","_links":{"self":[{"href":"https:\/\/bozsogiattila.hu\/index.php?rest_route=\/wp\/v2\/posts\/664","targetHints":{"allow":["GET"]}}],"collection":[{"href":"https:\/\/bozsogiattila.hu\/index.php?rest_route=\/wp\/v2\/posts"}],"about":[{"href":"https:\/\/bozsogiattila.hu\/index.php?rest_route=\/wp\/v2\/types\/post"}],"author":[{"embeddable":true,"href":"https:\/\/bozsogiattila.hu\/index.php?rest_route=\/wp\/v2\/users\/3"}],"replies":[{"embeddable":true,"href":"https:\/\/bozsogiattila.hu\/index.php?rest_route=%2Fwp%2Fv2%2Fcomments&post=664"}],"version-history":[{"count":1,"href":"https:\/\/bozsogiattila.hu\/index.php?rest_route=\/wp\/v2\/posts\/664\/revisions"}],"predecessor-version":[{"id":665,"href":"https:\/\/bozsogiattila.hu\/index.php?rest_route=\/wp\/v2\/posts\/664\/revisions\/665"}],"wp:attachment":[{"href":"https:\/\/bozsogiattila.hu\/index.php?rest_route=%2Fwp%2Fv2%2Fmedia&parent=664"}],"wp:term":[{"taxonomy":"category","embeddable":true,"href":"https:\/\/bozsogiattila.hu\/index.php?rest_route=%2Fwp%2Fv2%2Fcategories&post=664"},{"taxonomy":"post_tag","embeddable":true,"href":"https:\/\/bozsogiattila.hu\/index.php?rest_route=%2Fwp%2Fv2%2Ftags&post=664"}],"curies":[{"name":"wp","href":"https:\/\/api.w.org\/{rel}","templated":true}]}}