{"id":738,"date":"1999-08-17T11:56:00","date_gmt":"1999-08-17T11:56:00","guid":{"rendered":"https:\/\/bozsogiattila.hu\/?p=738"},"modified":"2024-01-07T11:56:46","modified_gmt":"2024-01-07T11:56:46","slug":"oregasszonynak-mar-nem-kurizalnak","status":"publish","type":"post","link":"https:\/\/bozsogiattila.hu\/?p=738","title":{"rendered":"\u00d6REGASSZONYNAK M\u00c1R NEM KURIZ\u00c1LNAK"},"content":{"rendered":"\n<p class=\"wp-block-paragraph\">\u00d6REGASSZONYNAK M\u00c1R NEM KURIZ\u00c1LNAK<\/p>\n\n\n\n<p class=\"wp-block-paragraph\">T\u00f6r\u00f6tt l\u00e1bbal az ember nem ugr\u00e1lhat.<br>\u00d6regasszonynak m\u00e1r nem kuriz\u00e1lnak.<br>Az id\u0151, ha elszalad, ha elszalad.<br>Minden csak eml\u00e9k marad, csak az marad!<\/p>\n\n\n\n<p class=\"wp-block-paragraph\">A sz\u00e9ps\u00e9g az, m\u00faland\u00f3, de m\u00faland\u00f3.<br>Aki \u00f6reg fiatalhoz nem val\u00f3.<br>Mert az \u00f6reg elalszik az asztaln\u00e1l.<br>A fiatal ilyenkor egyed\u00fcl h\u00e1l.<\/p>\n\n\n\n<p class=\"wp-block-paragraph\">Az \u00f6reget elhagyja a fiatal.<br>Mert az \u00e9jjel nemcsak aludni akar.<br>\u00cdgy j\u00e1r, ha az \u00f6reg fiatalhoz j\u00e1r.<br>Maga marad, a kuty\u00e1nak sem kell m\u00e1r!<\/p>\n\n\n\n<p class=\"wp-block-paragraph\">Mak\u00f3, 1999. 08. 17.<\/p>\n","protected":false},"excerpt":{"rendered":"<p>\u00d6REGASSZONYNAK M\u00c1R NEM KURIZ\u00c1LNAK T\u00f6r\u00f6tt l\u00e1bbal az ember nem ugr\u00e1lhat.\u00d6regasszonynak m\u00e1r nem kuriz\u00e1lnak.Az id\u0151, ha elszalad, ha elszalad.Minden csak eml\u00e9k marad, csak az marad! A sz\u00e9ps\u00e9g az, m\u00faland\u00f3, de m\u00faland\u00f3.Aki \u00f6reg fiatalhoz nem val\u00f3.Mert az \u00f6reg elalszik az asztaln\u00e1l.A fiatal ilyenkor egyed\u00fcl h\u00e1l. Az \u00f6reget elhagyja a fiatal.Mert az \u00e9jjel nemcsak aludni akar.\u00cdgy j\u00e1r, ha &#8230; <a title=\"\u00d6REGASSZONYNAK M\u00c1R NEM KURIZ\u00c1LNAK\" class=\"read-more\" href=\"https:\/\/bozsogiattila.hu\/?p=738\" aria-label=\"Tov\u00e1bbiak \u00d6REGASSZONYNAK M\u00c1R NEM KURIZ\u00c1LNAK\">Olvass tov\u00e1bb<\/a><\/p>\n","protected":false},"author":3,"featured_media":0,"comment_status":"closed","ping_status":"open","sticky":false,"template":"","format":"standard","meta":{"footnotes":""},"categories":[6],"tags":[23,12],"class_list":["post-738","post","type-post","status-publish","format-standard","hentry","category-notak","tag-23","tag-mako"],"yoast_head":"<!-- This site is optimized with the Yoast SEO plugin v21.8 - https:\/\/yoast.com\/wordpress\/plugins\/seo\/ -->\n<title>\u00d6REGASSZONYNAK M\u00c1R NEM KURIZ\u00c1LNAK - Bozsogi Attila<\/title>\n<meta name=\"robots\" content=\"index, follow, max-snippet:-1, max-image-preview:large, max-video-preview:-1\" \/>\n<link rel=\"canonical\" href=\"https:\/\/bozsogiattila.hu\/?p=738\" \/>\n<meta property=\"og:locale\" content=\"hu_HU\" \/>\n<meta property=\"og:type\" content=\"article\" \/>\n<meta property=\"og:title\" content=\"\u00d6REGASSZONYNAK M\u00c1R NEM KURIZ\u00c1LNAK - Bozsogi Attila\" \/>\n<meta property=\"og:description\" content=\"\u00d6REGASSZONYNAK M\u00c1R NEM KURIZ\u00c1LNAK T\u00f6r\u00f6tt l\u00e1bbal az ember nem ugr\u00e1lhat.\u00d6regasszonynak m\u00e1r nem kuriz\u00e1lnak.Az id\u0151, ha elszalad, ha elszalad.Minden csak eml\u00e9k marad, csak az marad! A sz\u00e9ps\u00e9g az, m\u00faland\u00f3, de m\u00faland\u00f3.Aki \u00f6reg fiatalhoz nem val\u00f3.Mert az \u00f6reg elalszik az asztaln\u00e1l.A fiatal ilyenkor egyed\u00fcl h\u00e1l. Az \u00f6reget elhagyja a fiatal.Mert az \u00e9jjel nemcsak aludni akar.\u00cdgy j\u00e1r, ha ... Olvass tov\u00e1bb\" \/>\n<meta property=\"og:url\" content=\"https:\/\/bozsogiattila.hu\/?p=738\" \/>\n<meta property=\"og:site_name\" content=\"Bozsogi Attila\" \/>\n<meta property=\"article:published_time\" content=\"1999-08-17T11:56:00+00:00\" \/>\n<meta property=\"article:modified_time\" content=\"2024-01-07T11:56:46+00:00\" \/>\n<meta name=\"author\" content=\"Bozsogi Attila\" \/>\n<meta name=\"twitter:card\" content=\"summary_large_image\" \/>\n<meta name=\"twitter:label1\" content=\"Szerz\u0151:\" \/>\n\t<meta name=\"twitter:data1\" content=\"Bozsogi Attila\" \/>\n<script type=\"application\/ld+json\" class=\"yoast-schema-graph\">{\"@context\":\"https:\/\/schema.org\",\"@graph\":[{\"@type\":\"WebPage\",\"@id\":\"https:\/\/bozsogiattila.hu\/?p=738\",\"url\":\"https:\/\/bozsogiattila.hu\/?p=738\",\"name\":\"\u00d6REGASSZONYNAK M\u00c1R NEM KURIZ\u00c1LNAK - Bozsogi Attila\",\"isPartOf\":{\"@id\":\"https:\/\/bozsogiattila.hu\/#website\"},\"datePublished\":\"1999-08-17T11:56:00+00:00\",\"dateModified\":\"2024-01-07T11:56:46+00:00\",\"author\":{\"@id\":\"https:\/\/bozsogiattila.hu\/#\/schema\/person\/488c99f554a8c4039201260dd5eb795e\"},\"breadcrumb\":{\"@id\":\"https:\/\/bozsogiattila.hu\/?p=738#breadcrumb\"},\"inLanguage\":\"hu\",\"potentialAction\":[{\"@type\":\"ReadAction\",\"target\":[\"https:\/\/bozsogiattila.hu\/?p=738\"]}]},{\"@type\":\"BreadcrumbList\",\"@id\":\"https:\/\/bozsogiattila.hu\/?p=738#breadcrumb\",\"itemListElement\":[{\"@type\":\"ListItem\",\"position\":1,\"name\":\"Kezd\u0151lap\",\"item\":\"https:\/\/bozsogiattila.hu\/\"},{\"@type\":\"ListItem\",\"position\":2,\"name\":\"\u00d6REGASSZONYNAK M\u00c1R NEM KURIZ\u00c1LNAK\"}]},{\"@type\":\"WebSite\",\"@id\":\"https:\/\/bozsogiattila.hu\/#website\",\"url\":\"https:\/\/bozsogiattila.hu\/\",\"name\":\"Bozsogi Attila\",\"description\":\"a zen\u00e9sz, \u00edr\u00f3 munk\u00e1ss\u00e1g\u00e1nak \u00e9s a mak\u00f3i muzsikusok eml\u00e9k\u00e9t \u0151rz\u0151 oldal\",\"potentialAction\":[{\"@type\":\"SearchAction\",\"target\":{\"@type\":\"EntryPoint\",\"urlTemplate\":\"https:\/\/bozsogiattila.hu\/?s={search_term_string}\"},\"query-input\":\"required name=search_term_string\"}],\"inLanguage\":\"hu\"},{\"@type\":\"Person\",\"@id\":\"https:\/\/bozsogiattila.hu\/#\/schema\/person\/488c99f554a8c4039201260dd5eb795e\",\"name\":\"Bozsogi Attila\",\"image\":{\"@type\":\"ImageObject\",\"inLanguage\":\"hu\",\"@id\":\"https:\/\/bozsogiattila.hu\/#\/schema\/person\/image\/\",\"url\":\"https:\/\/secure.gravatar.com\/avatar\/7da6b5985e34ed798d1670c54ce7d20e6a53b800bb0c07945c64b09392f3dbfd?s=96&d=mm&r=g\",\"contentUrl\":\"https:\/\/secure.gravatar.com\/avatar\/7da6b5985e34ed798d1670c54ce7d20e6a53b800bb0c07945c64b09392f3dbfd?s=96&d=mm&r=g\",\"caption\":\"Bozsogi Attila\"},\"sameAs\":[\"http:\/\/www.boszogiattila.hu\"],\"url\":\"https:\/\/bozsogiattila.hu\/?author=3\"}]}<\/script>\n<!-- \/ Yoast SEO plugin. -->","yoast_head_json":{"title":"\u00d6REGASSZONYNAK M\u00c1R NEM KURIZ\u00c1LNAK - Bozsogi Attila","robots":{"index":"index","follow":"follow","max-snippet":"max-snippet:-1","max-image-preview":"max-image-preview:large","max-video-preview":"max-video-preview:-1"},"canonical":"https:\/\/bozsogiattila.hu\/?p=738","og_locale":"hu_HU","og_type":"article","og_title":"\u00d6REGASSZONYNAK M\u00c1R NEM KURIZ\u00c1LNAK - Bozsogi Attila","og_description":"\u00d6REGASSZONYNAK M\u00c1R NEM KURIZ\u00c1LNAK T\u00f6r\u00f6tt l\u00e1bbal az ember nem ugr\u00e1lhat.\u00d6regasszonynak m\u00e1r nem kuriz\u00e1lnak.Az id\u0151, ha elszalad, ha elszalad.Minden csak eml\u00e9k marad, csak az marad! A sz\u00e9ps\u00e9g az, m\u00faland\u00f3, de m\u00faland\u00f3.Aki \u00f6reg fiatalhoz nem val\u00f3.Mert az \u00f6reg elalszik az asztaln\u00e1l.A fiatal ilyenkor egyed\u00fcl h\u00e1l. Az \u00f6reget elhagyja a fiatal.Mert az \u00e9jjel nemcsak aludni akar.\u00cdgy j\u00e1r, ha ... Olvass tov\u00e1bb","og_url":"https:\/\/bozsogiattila.hu\/?p=738","og_site_name":"Bozsogi Attila","article_published_time":"1999-08-17T11:56:00+00:00","article_modified_time":"2024-01-07T11:56:46+00:00","author":"Bozsogi Attila","twitter_card":"summary_large_image","twitter_misc":{"Szerz\u0151:":"Bozsogi Attila"},"schema":{"@context":"https:\/\/schema.org","@graph":[{"@type":"WebPage","@id":"https:\/\/bozsogiattila.hu\/?p=738","url":"https:\/\/bozsogiattila.hu\/?p=738","name":"\u00d6REGASSZONYNAK M\u00c1R NEM KURIZ\u00c1LNAK - Bozsogi Attila","isPartOf":{"@id":"https:\/\/bozsogiattila.hu\/#website"},"datePublished":"1999-08-17T11:56:00+00:00","dateModified":"2024-01-07T11:56:46+00:00","author":{"@id":"https:\/\/bozsogiattila.hu\/#\/schema\/person\/488c99f554a8c4039201260dd5eb795e"},"breadcrumb":{"@id":"https:\/\/bozsogiattila.hu\/?p=738#breadcrumb"},"inLanguage":"hu","potentialAction":[{"@type":"ReadAction","target":["https:\/\/bozsogiattila.hu\/?p=738"]}]},{"@type":"BreadcrumbList","@id":"https:\/\/bozsogiattila.hu\/?p=738#breadcrumb","itemListElement":[{"@type":"ListItem","position":1,"name":"Kezd\u0151lap","item":"https:\/\/bozsogiattila.hu\/"},{"@type":"ListItem","position":2,"name":"\u00d6REGASSZONYNAK M\u00c1R NEM KURIZ\u00c1LNAK"}]},{"@type":"WebSite","@id":"https:\/\/bozsogiattila.hu\/#website","url":"https:\/\/bozsogiattila.hu\/","name":"Bozsogi Attila","description":"a zen\u00e9sz, \u00edr\u00f3 munk\u00e1ss\u00e1g\u00e1nak \u00e9s a mak\u00f3i muzsikusok eml\u00e9k\u00e9t \u0151rz\u0151 oldal","potentialAction":[{"@type":"SearchAction","target":{"@type":"EntryPoint","urlTemplate":"https:\/\/bozsogiattila.hu\/?s={search_term_string}"},"query-input":"required name=search_term_string"}],"inLanguage":"hu"},{"@type":"Person","@id":"https:\/\/bozsogiattila.hu\/#\/schema\/person\/488c99f554a8c4039201260dd5eb795e","name":"Bozsogi Attila","image":{"@type":"ImageObject","inLanguage":"hu","@id":"https:\/\/bozsogiattila.hu\/#\/schema\/person\/image\/","url":"https:\/\/secure.gravatar.com\/avatar\/7da6b5985e34ed798d1670c54ce7d20e6a53b800bb0c07945c64b09392f3dbfd?s=96&d=mm&r=g","contentUrl":"https:\/\/secure.gravatar.com\/avatar\/7da6b5985e34ed798d1670c54ce7d20e6a53b800bb0c07945c64b09392f3dbfd?s=96&d=mm&r=g","caption":"Bozsogi Attila"},"sameAs":["http:\/\/www.boszogiattila.hu"],"url":"https:\/\/bozsogiattila.hu\/?author=3"}]}},"jetpack_featured_media_url":"","_links":{"self":[{"href":"https:\/\/bozsogiattila.hu\/index.php?rest_route=\/wp\/v2\/posts\/738","targetHints":{"allow":["GET"]}}],"collection":[{"href":"https:\/\/bozsogiattila.hu\/index.php?rest_route=\/wp\/v2\/posts"}],"about":[{"href":"https:\/\/bozsogiattila.hu\/index.php?rest_route=\/wp\/v2\/types\/post"}],"author":[{"embeddable":true,"href":"https:\/\/bozsogiattila.hu\/index.php?rest_route=\/wp\/v2\/users\/3"}],"replies":[{"embeddable":true,"href":"https:\/\/bozsogiattila.hu\/index.php?rest_route=%2Fwp%2Fv2%2Fcomments&post=738"}],"version-history":[{"count":1,"href":"https:\/\/bozsogiattila.hu\/index.php?rest_route=\/wp\/v2\/posts\/738\/revisions"}],"predecessor-version":[{"id":739,"href":"https:\/\/bozsogiattila.hu\/index.php?rest_route=\/wp\/v2\/posts\/738\/revisions\/739"}],"wp:attachment":[{"href":"https:\/\/bozsogiattila.hu\/index.php?rest_route=%2Fwp%2Fv2%2Fmedia&parent=738"}],"wp:term":[{"taxonomy":"category","embeddable":true,"href":"https:\/\/bozsogiattila.hu\/index.php?rest_route=%2Fwp%2Fv2%2Fcategories&post=738"},{"taxonomy":"post_tag","embeddable":true,"href":"https:\/\/bozsogiattila.hu\/index.php?rest_route=%2Fwp%2Fv2%2Ftags&post=738"}],"curies":[{"name":"wp","href":"https:\/\/api.w.org\/{rel}","templated":true}]}}