{"id":760,"date":"1999-08-20T12:06:00","date_gmt":"1999-08-20T12:06:00","guid":{"rendered":"https:\/\/bozsogiattila.hu\/?p=760"},"modified":"2024-01-07T12:07:43","modified_gmt":"2024-01-07T12:07:43","slug":"temetoben-muzsikalnak","status":"publish","type":"post","link":"https:\/\/bozsogiattila.hu\/?p=760","title":{"rendered":"TEMET\u0150BEN MUZSIK\u00c1LNAK"},"content":{"rendered":"\n<p class=\"wp-block-paragraph\">TEMET\u0150BEN MUZSIK\u00c1LNAK<br>\/Cimbi bar\u00e1tom eml\u00e9k\u00e9re\/<\/p>\n\n\n\n<p class=\"wp-block-paragraph\">Temet\u0151ben muzsik\u00e1lnak,<br>B\u00facs\u00faznak egy j\u00f3 bar\u00e1tt\u00f3l.<br>S\u00edr a heged\u0171 n\u00e9gy h\u00farja,<br>Elk\u00f6sz\u00f6n egy zen\u00e9st\u00e1rst\u00f3l.<\/p>\n\n\n\n<p class=\"wp-block-paragraph\">Sok sz\u00e9p n\u00f3ta felid\u00e9zi,<br>Azt a r\u00e9gi sz\u00e9p id\u0151ket,<br>Amikor m\u00e9g v\u00edgan voltak,<br>Nem temettek eml\u00e9keket.<\/p>\n\n\n\n<p class=\"wp-block-paragraph\">Nem felejtik sohasem el,<br>Aki\u00e9rt most a harang sz\u00f3l.<br>Aki egykor oly boldog volt,<br>A lelke is v\u00edgan dalolt.<\/p>\n\n\n\n<p class=\"wp-block-paragraph\">Szerette \u0150 az \u00e9letet,<br>A n\u00f3t\u00e1kat \u00e9s a j\u00f3 bort.<br>Sok \u00e9jszak\u00e1t \u00e1tvirrasztott,<br>Mindig egy asszonyra gondolt.<\/p>\n\n\n\n<p class=\"wp-block-paragraph\">\/Az\/ \u00f6reg templom nagyharangja,<br>Utolj\u00e1ra sz\u00f3l most neki.<br>Azaz asszony ki elhagyta,<br>Tal\u00e1n soha nem is sejti.<\/p>\n\n\n\n<p class=\"wp-block-paragraph\">Hogy a sz\u00edv\u00e9t \u00f6sszet\u00f6rte,<br>\u00c9s a lelk\u00e9re sem gondolt.<br>Pedig neki a mindene,<br>Mindig az a sz\u00e9passzony volt!<\/p>\n\n\n\n<p class=\"wp-block-paragraph\">Mak\u00f3, 1999. 08. 20.<\/p>\n","protected":false},"excerpt":{"rendered":"<p>TEMET\u0150BEN MUZSIK\u00c1LNAK\/Cimbi bar\u00e1tom eml\u00e9k\u00e9re\/ Temet\u0151ben muzsik\u00e1lnak,B\u00facs\u00faznak egy j\u00f3 bar\u00e1tt\u00f3l.S\u00edr a heged\u0171 n\u00e9gy h\u00farja,Elk\u00f6sz\u00f6n egy zen\u00e9st\u00e1rst\u00f3l. Sok sz\u00e9p n\u00f3ta felid\u00e9zi,Azt a r\u00e9gi sz\u00e9p id\u0151ket,Amikor m\u00e9g v\u00edgan voltak,Nem temettek eml\u00e9keket. Nem felejtik sohasem el,Aki\u00e9rt most a harang sz\u00f3l.Aki egykor oly boldog volt,A lelke is v\u00edgan dalolt. Szerette \u0150 az \u00e9letet,A n\u00f3t\u00e1kat \u00e9s a j\u00f3 bort.Sok \u00e9jszak\u00e1t \u00e1tvirrasztott,Mindig &#8230; <a title=\"TEMET\u0150BEN MUZSIK\u00c1LNAK\" class=\"read-more\" href=\"https:\/\/bozsogiattila.hu\/?p=760\" aria-label=\"Tov\u00e1bbiak TEMET\u0150BEN MUZSIK\u00c1LNAK\">Olvass tov\u00e1bb<\/a><\/p>\n","protected":false},"author":3,"featured_media":0,"comment_status":"closed","ping_status":"open","sticky":false,"template":"","format":"standard","meta":{"footnotes":""},"categories":[6],"tags":[23,296,12,292],"class_list":["post-760","post","type-post","status-publish","format-standard","hentry","category-notak","tag-23","tag-cimbi","tag-mako","tag-temeto"],"yoast_head":"<!-- This site is optimized with the Yoast SEO plugin v21.8 - https:\/\/yoast.com\/wordpress\/plugins\/seo\/ -->\n<title>TEMET\u0150BEN MUZSIK\u00c1LNAK - Bozsogi Attila<\/title>\n<meta name=\"robots\" content=\"index, follow, max-snippet:-1, max-image-preview:large, max-video-preview:-1\" \/>\n<link rel=\"canonical\" href=\"https:\/\/bozsogiattila.hu\/?p=760\" \/>\n<meta property=\"og:locale\" content=\"hu_HU\" \/>\n<meta property=\"og:type\" content=\"article\" \/>\n<meta property=\"og:title\" content=\"TEMET\u0150BEN MUZSIK\u00c1LNAK - Bozsogi Attila\" \/>\n<meta property=\"og:description\" content=\"TEMET\u0150BEN MUZSIK\u00c1LNAK\/Cimbi bar\u00e1tom eml\u00e9k\u00e9re\/ Temet\u0151ben muzsik\u00e1lnak,B\u00facs\u00faznak egy j\u00f3 bar\u00e1tt\u00f3l.S\u00edr a heged\u0171 n\u00e9gy h\u00farja,Elk\u00f6sz\u00f6n egy zen\u00e9st\u00e1rst\u00f3l. Sok sz\u00e9p n\u00f3ta felid\u00e9zi,Azt a r\u00e9gi sz\u00e9p id\u0151ket,Amikor m\u00e9g v\u00edgan voltak,Nem temettek eml\u00e9keket. Nem felejtik sohasem el,Aki\u00e9rt most a harang sz\u00f3l.Aki egykor oly boldog volt,A lelke is v\u00edgan dalolt. Szerette \u0150 az \u00e9letet,A n\u00f3t\u00e1kat \u00e9s a j\u00f3 bort.Sok \u00e9jszak\u00e1t \u00e1tvirrasztott,Mindig ... Olvass tov\u00e1bb\" \/>\n<meta property=\"og:url\" content=\"https:\/\/bozsogiattila.hu\/?p=760\" \/>\n<meta property=\"og:site_name\" content=\"Bozsogi Attila\" \/>\n<meta property=\"article:published_time\" content=\"1999-08-20T12:06:00+00:00\" \/>\n<meta property=\"article:modified_time\" content=\"2024-01-07T12:07:43+00:00\" \/>\n<meta name=\"author\" content=\"Bozsogi Attila\" \/>\n<meta name=\"twitter:card\" content=\"summary_large_image\" \/>\n<meta name=\"twitter:label1\" content=\"Szerz\u0151:\" \/>\n\t<meta name=\"twitter:data1\" content=\"Bozsogi Attila\" \/>\n\t<meta name=\"twitter:label2\" content=\"Becs\u00fclt olvas\u00e1si id\u0151\" \/>\n\t<meta name=\"twitter:data2\" content=\"1 perc\" \/>\n<script type=\"application\/ld+json\" class=\"yoast-schema-graph\">{\"@context\":\"https:\/\/schema.org\",\"@graph\":[{\"@type\":\"WebPage\",\"@id\":\"https:\/\/bozsogiattila.hu\/?p=760\",\"url\":\"https:\/\/bozsogiattila.hu\/?p=760\",\"name\":\"TEMET\u0150BEN MUZSIK\u00c1LNAK - Bozsogi Attila\",\"isPartOf\":{\"@id\":\"https:\/\/bozsogiattila.hu\/#website\"},\"datePublished\":\"1999-08-20T12:06:00+00:00\",\"dateModified\":\"2024-01-07T12:07:43+00:00\",\"author\":{\"@id\":\"https:\/\/bozsogiattila.hu\/#\/schema\/person\/488c99f554a8c4039201260dd5eb795e\"},\"breadcrumb\":{\"@id\":\"https:\/\/bozsogiattila.hu\/?p=760#breadcrumb\"},\"inLanguage\":\"hu\",\"potentialAction\":[{\"@type\":\"ReadAction\",\"target\":[\"https:\/\/bozsogiattila.hu\/?p=760\"]}]},{\"@type\":\"BreadcrumbList\",\"@id\":\"https:\/\/bozsogiattila.hu\/?p=760#breadcrumb\",\"itemListElement\":[{\"@type\":\"ListItem\",\"position\":1,\"name\":\"Kezd\u0151lap\",\"item\":\"https:\/\/bozsogiattila.hu\/\"},{\"@type\":\"ListItem\",\"position\":2,\"name\":\"TEMET\u0150BEN MUZSIK\u00c1LNAK\"}]},{\"@type\":\"WebSite\",\"@id\":\"https:\/\/bozsogiattila.hu\/#website\",\"url\":\"https:\/\/bozsogiattila.hu\/\",\"name\":\"Bozsogi Attila\",\"description\":\"a zen\u00e9sz, \u00edr\u00f3 munk\u00e1ss\u00e1g\u00e1nak \u00e9s a mak\u00f3i muzsikusok eml\u00e9k\u00e9t \u0151rz\u0151 oldal\",\"potentialAction\":[{\"@type\":\"SearchAction\",\"target\":{\"@type\":\"EntryPoint\",\"urlTemplate\":\"https:\/\/bozsogiattila.hu\/?s={search_term_string}\"},\"query-input\":\"required name=search_term_string\"}],\"inLanguage\":\"hu\"},{\"@type\":\"Person\",\"@id\":\"https:\/\/bozsogiattila.hu\/#\/schema\/person\/488c99f554a8c4039201260dd5eb795e\",\"name\":\"Bozsogi Attila\",\"image\":{\"@type\":\"ImageObject\",\"inLanguage\":\"hu\",\"@id\":\"https:\/\/bozsogiattila.hu\/#\/schema\/person\/image\/\",\"url\":\"https:\/\/secure.gravatar.com\/avatar\/7da6b5985e34ed798d1670c54ce7d20e6a53b800bb0c07945c64b09392f3dbfd?s=96&d=mm&r=g\",\"contentUrl\":\"https:\/\/secure.gravatar.com\/avatar\/7da6b5985e34ed798d1670c54ce7d20e6a53b800bb0c07945c64b09392f3dbfd?s=96&d=mm&r=g\",\"caption\":\"Bozsogi Attila\"},\"sameAs\":[\"http:\/\/www.boszogiattila.hu\"],\"url\":\"https:\/\/bozsogiattila.hu\/?author=3\"}]}<\/script>\n<!-- \/ Yoast SEO plugin. -->","yoast_head_json":{"title":"TEMET\u0150BEN MUZSIK\u00c1LNAK - Bozsogi Attila","robots":{"index":"index","follow":"follow","max-snippet":"max-snippet:-1","max-image-preview":"max-image-preview:large","max-video-preview":"max-video-preview:-1"},"canonical":"https:\/\/bozsogiattila.hu\/?p=760","og_locale":"hu_HU","og_type":"article","og_title":"TEMET\u0150BEN MUZSIK\u00c1LNAK - Bozsogi Attila","og_description":"TEMET\u0150BEN MUZSIK\u00c1LNAK\/Cimbi bar\u00e1tom eml\u00e9k\u00e9re\/ Temet\u0151ben muzsik\u00e1lnak,B\u00facs\u00faznak egy j\u00f3 bar\u00e1tt\u00f3l.S\u00edr a heged\u0171 n\u00e9gy h\u00farja,Elk\u00f6sz\u00f6n egy zen\u00e9st\u00e1rst\u00f3l. Sok sz\u00e9p n\u00f3ta felid\u00e9zi,Azt a r\u00e9gi sz\u00e9p id\u0151ket,Amikor m\u00e9g v\u00edgan voltak,Nem temettek eml\u00e9keket. Nem felejtik sohasem el,Aki\u00e9rt most a harang sz\u00f3l.Aki egykor oly boldog volt,A lelke is v\u00edgan dalolt. Szerette \u0150 az \u00e9letet,A n\u00f3t\u00e1kat \u00e9s a j\u00f3 bort.Sok \u00e9jszak\u00e1t \u00e1tvirrasztott,Mindig ... Olvass tov\u00e1bb","og_url":"https:\/\/bozsogiattila.hu\/?p=760","og_site_name":"Bozsogi Attila","article_published_time":"1999-08-20T12:06:00+00:00","article_modified_time":"2024-01-07T12:07:43+00:00","author":"Bozsogi Attila","twitter_card":"summary_large_image","twitter_misc":{"Szerz\u0151:":"Bozsogi Attila","Becs\u00fclt olvas\u00e1si id\u0151":"1 perc"},"schema":{"@context":"https:\/\/schema.org","@graph":[{"@type":"WebPage","@id":"https:\/\/bozsogiattila.hu\/?p=760","url":"https:\/\/bozsogiattila.hu\/?p=760","name":"TEMET\u0150BEN MUZSIK\u00c1LNAK - Bozsogi Attila","isPartOf":{"@id":"https:\/\/bozsogiattila.hu\/#website"},"datePublished":"1999-08-20T12:06:00+00:00","dateModified":"2024-01-07T12:07:43+00:00","author":{"@id":"https:\/\/bozsogiattila.hu\/#\/schema\/person\/488c99f554a8c4039201260dd5eb795e"},"breadcrumb":{"@id":"https:\/\/bozsogiattila.hu\/?p=760#breadcrumb"},"inLanguage":"hu","potentialAction":[{"@type":"ReadAction","target":["https:\/\/bozsogiattila.hu\/?p=760"]}]},{"@type":"BreadcrumbList","@id":"https:\/\/bozsogiattila.hu\/?p=760#breadcrumb","itemListElement":[{"@type":"ListItem","position":1,"name":"Kezd\u0151lap","item":"https:\/\/bozsogiattila.hu\/"},{"@type":"ListItem","position":2,"name":"TEMET\u0150BEN MUZSIK\u00c1LNAK"}]},{"@type":"WebSite","@id":"https:\/\/bozsogiattila.hu\/#website","url":"https:\/\/bozsogiattila.hu\/","name":"Bozsogi Attila","description":"a zen\u00e9sz, \u00edr\u00f3 munk\u00e1ss\u00e1g\u00e1nak \u00e9s a mak\u00f3i muzsikusok eml\u00e9k\u00e9t \u0151rz\u0151 oldal","potentialAction":[{"@type":"SearchAction","target":{"@type":"EntryPoint","urlTemplate":"https:\/\/bozsogiattila.hu\/?s={search_term_string}"},"query-input":"required name=search_term_string"}],"inLanguage":"hu"},{"@type":"Person","@id":"https:\/\/bozsogiattila.hu\/#\/schema\/person\/488c99f554a8c4039201260dd5eb795e","name":"Bozsogi Attila","image":{"@type":"ImageObject","inLanguage":"hu","@id":"https:\/\/bozsogiattila.hu\/#\/schema\/person\/image\/","url":"https:\/\/secure.gravatar.com\/avatar\/7da6b5985e34ed798d1670c54ce7d20e6a53b800bb0c07945c64b09392f3dbfd?s=96&d=mm&r=g","contentUrl":"https:\/\/secure.gravatar.com\/avatar\/7da6b5985e34ed798d1670c54ce7d20e6a53b800bb0c07945c64b09392f3dbfd?s=96&d=mm&r=g","caption":"Bozsogi Attila"},"sameAs":["http:\/\/www.boszogiattila.hu"],"url":"https:\/\/bozsogiattila.hu\/?author=3"}]}},"jetpack_featured_media_url":"","_links":{"self":[{"href":"https:\/\/bozsogiattila.hu\/index.php?rest_route=\/wp\/v2\/posts\/760","targetHints":{"allow":["GET"]}}],"collection":[{"href":"https:\/\/bozsogiattila.hu\/index.php?rest_route=\/wp\/v2\/posts"}],"about":[{"href":"https:\/\/bozsogiattila.hu\/index.php?rest_route=\/wp\/v2\/types\/post"}],"author":[{"embeddable":true,"href":"https:\/\/bozsogiattila.hu\/index.php?rest_route=\/wp\/v2\/users\/3"}],"replies":[{"embeddable":true,"href":"https:\/\/bozsogiattila.hu\/index.php?rest_route=%2Fwp%2Fv2%2Fcomments&post=760"}],"version-history":[{"count":1,"href":"https:\/\/bozsogiattila.hu\/index.php?rest_route=\/wp\/v2\/posts\/760\/revisions"}],"predecessor-version":[{"id":761,"href":"https:\/\/bozsogiattila.hu\/index.php?rest_route=\/wp\/v2\/posts\/760\/revisions\/761"}],"wp:attachment":[{"href":"https:\/\/bozsogiattila.hu\/index.php?rest_route=%2Fwp%2Fv2%2Fmedia&parent=760"}],"wp:term":[{"taxonomy":"category","embeddable":true,"href":"https:\/\/bozsogiattila.hu\/index.php?rest_route=%2Fwp%2Fv2%2Fcategories&post=760"},{"taxonomy":"post_tag","embeddable":true,"href":"https:\/\/bozsogiattila.hu\/index.php?rest_route=%2Fwp%2Fv2%2Ftags&post=760"}],"curies":[{"name":"wp","href":"https:\/\/api.w.org\/{rel}","templated":true}]}}