{"id":780,"date":"2005-08-07T12:22:00","date_gmt":"2005-08-07T12:22:00","guid":{"rendered":"https:\/\/bozsogiattila.hu\/?p=780"},"modified":"2024-01-07T12:23:34","modified_gmt":"2024-01-07T12:23:34","slug":"elmelkedes-az-oreg-korrol","status":"publish","type":"post","link":"https:\/\/bozsogiattila.hu\/?p=780","title":{"rendered":"ELM\u00c9LKED\u00c9S AZ \u00d6REG KORR\u00d3L"},"content":{"rendered":"\n<p class=\"wp-block-paragraph\">ELM\u00c9LKED\u00c9S AZ \u00d6REG KORR\u00d3L<\/p>\n\n\n\n<p class=\"wp-block-paragraph\">Ahogy m\u00falik az id\u0151 felett\u00fcnk \u00e9s szaporodnak az \u00e9veink, rohamosan fogy, azaz id\u0151, ami az \u00f6regkor v\u00e9g\u00e9t jelenti: &#8211; az elker\u00fclhetetlen elm\u00fal\u00e1st.<br>A F\u00f6ld\u00f6n csak \u00e1tutaz\u00f3k vagyunk \u00e9s minden perc, \u00f3ra \u00e9s nap, egy- egy \u00e1llom\u00e1sa csup\u00e1n az \u00e9let\u00fcnknek. Am\u00edg a gyermekkor \u00e9s az ifj\u00fas\u00e1g sokszor mes\u00e9be ill\u0151 eml\u00e9keket ny\u00fajt, addig az \u00f6regkor a kegyetlen val\u00f3s\u00e1g\u00e1val megvil\u00e1g\u00edtja el\u0151tt\u00fcnk addigi \u00e9let\u00fcnk minden mozzanat\u00e1t, hib\u00e1it, \u00e9s pozit\u00edv t\u00f6rekv\u00e9seit egyar\u00e1nt.<br>Persze az \u00f6regkornak is vannak sz\u00e9ps\u00e9gei: gyermekeink boldogs\u00e1g\u00e1nak tudata, unok\u00e1ink megjelen\u00e9se \u00e9s felcsepered\u00e9se \u00e9s az a filozofikus gondolat, hogy mi m\u00e1r meg\u00e9rt\u00fck az \u00f6regkort: voltunk kisgyermekek, serd\u00fcl\u0151k, ifjak, k\u00f6z\u00e9pkor\u00faak \u00e9s \u00f6regek, de akik, most fiatalok nem biztos, hogy lesznek \u00f6regek.<br>Ezen k\u00edv\u00fcl vannak \u00f6regkori szerelmek is, amelyek a maguk val\u00f3s\u00e1g\u00e1ban bearanyozz\u00e1k k\u00e9t boldog ember \u00e9let\u00e9t.<br>Az \u00f6regkor velej\u00e1r\u00f3ja az a kegyetlen j\u00e1t\u00e9ka a sorsnak, hogy \u00e1t kell \u00e9ln\u00fcnk, v\u00e9gig kell szenvedn\u00fcnk, szeretteink \u00e9s bar\u00e1taink elveszt\u00e9s\u00e9t, \u00e9s azonosulni kell azzal a gondolattal, hogy egyszer el\u00e9rkezik, majd azaz id\u0151, amikor bele kell nyugodnunk a legborzaszt\u00f3bba; a mag\u00e1nyba!<br>Amikor elvesz\u00edt\u00fcnk valakit, mindig benn\u00fcnk is meghal egy r\u00e9sz, \u00e9s \u00e9rzelmileg lassan megfogyatkozik az a ragaszkod\u00e1s, amit \u00fagy neveznek: \u00e9let!<br>Valamikor volt egy \u00f6reg bar\u00e1tom, &#8211; aki kor\u00e1n\u00e1l fogva, ap\u00e1m is lehetet volna. Rengeteg b\u00f6lcs gondolattal, tan\u00e1ccsal l\u00e1tott el \u00e9s mindig kegyetlen val\u00f3s\u00e1g\u00e1val t\u00e1rta el\u00e9m, az \u00e9let minden apr\u00f3 mozzanat\u00e1t. Ironikus hangon besz\u00e9lt arr\u00f3l, hogy az \u00f6tven \u00e9ves kor el\u00e9r\u00e9se, milyen sok v\u00e1ltoz\u00e1st hoz \u00e9let\u00fcnkben. Megromlik a l\u00e1t\u00e1sunk, szem\u00fcveget kell viseln\u00fcnk, fogaink t\u00f6nkremennek \u00e9s cserbenhagynak benn\u00fcnket, kihullik a hajunk, a hall\u00e1sunk gyeng\u00fcl, s\u00fcket\u00fcl\u00fcnk, de ahogy mondta a legborzaszt\u00f3bb az, hogy lassan h\u00fcly\u00fcl\u00fcnk.<br>Eml\u00e9kezet\u00fcnk megkopik, nem jut esz\u00fcnkbe sokszor r\u00e9gi ismer\u0151seink neve, feled\u00e9kenny\u00e9 v\u00e1lunk, viszont ahogy k\u00f6zeled\u00fcnk a m\u00e1sodik gyermekkor fel\u00e9, egyre \u00e9lesebben eml\u00e9kez\u00fcnk vissza, h\u00e1rom-n\u00e9gy \u00e9ves korunkra is.<\/p>\n\n\n\n<p class=\"wp-block-paragraph\">Olvastam egyszer egy orosz orvosprofesszor tanulm\u00e1ny\u00e1t, melyben szint\u00e9n az \u00f6tven\u00e9ves kort hat\u00e1rolta meg az emberi \u00e9let v\u00e1laszt\u00f3vonal\u00e1nak, \u00e9s javaslatot tett arra, hogy azokat, akik el\u00e9rt\u00e9k ezt a kritikus id\u0151pontot korh\u00e1zakba, klinik\u00e1kba kellene beutalni,- ak\u00e1r betegek ak\u00e1r nem- legal\u00e1bb egy h\u00f3napra teljes kivizsg\u00e1l\u00e1sra, fel\u00faj\u00edt\u00e1sra. \u00cdgy el\u00e9rhet\u0151 volna az, hogy fizikailag, \u00e9s szellemileg kitol\u00f3dna az elhaszn\u00e1l\u00f3d\u00e1s ideje.<br>Erre sajnos a vil\u00e1g mai anyagi felk\u00e9sz\u00fclts\u00e9ge mellet nincs lehet\u0151s\u00e9g, \u00edgy bele kell t\u00f6r\u0151dn\u00fcnk abba, amit a sors sz\u00e1munkra el\u0151\u00edrt!<br>\u00dagy kell tervezni az \u00e9let\u00fcnket, \u00e9s \u00fagy kell le\u00e9lni azt, hogy amikor r\u00e1nk mosolyog az \u00f6regs\u00e9g kegyetlen\u00fcl gonosz arca, vissza tudjunk nevetni szem\u00e9be \u00e9s b\u00e1tran v\u00e1llaljuk e kor minden megpr\u00f3b\u00e1ltat\u00e1s\u00e1t.<br>Eg\u00e9sz \u00e9let\u00fcnkben egy c\u00e9l lebegjen el\u0151tt\u00fcnk: a h\u00edres Mad\u00e1ch-i mond\u00e1s:<\/p>\n\n\n\n<p class=\"wp-block-paragraph\">\u201eEmber k\u00fczdj, \u00e9s b\u00edzva b\u00edzz\u00e1l!\u201d<\/p>\n\n\n\n<p class=\"wp-block-paragraph\">Mak\u00f3, 2005. 08 07.<\/p>\n","protected":false},"excerpt":{"rendered":"<p>ELM\u00c9LKED\u00c9S AZ \u00d6REG KORR\u00d3L Ahogy m\u00falik az id\u0151 felett\u00fcnk \u00e9s szaporodnak az \u00e9veink, rohamosan fogy, azaz id\u0151, ami az \u00f6regkor v\u00e9g\u00e9t jelenti: &#8211; az elker\u00fclhetetlen elm\u00fal\u00e1st.A F\u00f6ld\u00f6n csak \u00e1tutaz\u00f3k vagyunk \u00e9s minden perc, \u00f3ra \u00e9s nap, egy- egy \u00e1llom\u00e1sa csup\u00e1n az \u00e9let\u00fcnknek. Am\u00edg a gyermekkor \u00e9s az ifj\u00fas\u00e1g sokszor mes\u00e9be ill\u0151 eml\u00e9keket ny\u00fajt, addig az &#8230; <a title=\"ELM\u00c9LKED\u00c9S AZ \u00d6REG KORR\u00d3L\" class=\"read-more\" href=\"https:\/\/bozsogiattila.hu\/?p=780\" aria-label=\"Tov\u00e1bbiak ELM\u00c9LKED\u00c9S AZ \u00d6REG KORR\u00d3L\">Olvass tov\u00e1bb<\/a><\/p>\n","protected":false},"author":3,"featured_media":0,"comment_status":"closed","ping_status":"open","sticky":false,"template":"","format":"standard","meta":{"footnotes":""},"categories":[300],"tags":[19,12],"class_list":["post-780","post","type-post","status-publish","format-standard","hentry","category-esszek-ujsagcikkek-tanulmanyok-kritikak","tag-19","tag-mako"],"yoast_head":"<!-- This site is optimized with the Yoast SEO plugin v21.8 - https:\/\/yoast.com\/wordpress\/plugins\/seo\/ -->\n<title>ELM\u00c9LKED\u00c9S AZ \u00d6REG KORR\u00d3L - Bozsogi Attila<\/title>\n<meta name=\"robots\" content=\"index, follow, max-snippet:-1, max-image-preview:large, max-video-preview:-1\" \/>\n<link rel=\"canonical\" href=\"https:\/\/bozsogiattila.hu\/?p=780\" \/>\n<meta property=\"og:locale\" content=\"hu_HU\" \/>\n<meta property=\"og:type\" content=\"article\" \/>\n<meta property=\"og:title\" content=\"ELM\u00c9LKED\u00c9S AZ \u00d6REG KORR\u00d3L - Bozsogi Attila\" \/>\n<meta property=\"og:description\" content=\"ELM\u00c9LKED\u00c9S AZ \u00d6REG KORR\u00d3L Ahogy m\u00falik az id\u0151 felett\u00fcnk \u00e9s szaporodnak az \u00e9veink, rohamosan fogy, azaz id\u0151, ami az \u00f6regkor v\u00e9g\u00e9t jelenti: &#8211; az elker\u00fclhetetlen elm\u00fal\u00e1st.A F\u00f6ld\u00f6n csak \u00e1tutaz\u00f3k vagyunk \u00e9s minden perc, \u00f3ra \u00e9s nap, egy- egy \u00e1llom\u00e1sa csup\u00e1n az \u00e9let\u00fcnknek. Am\u00edg a gyermekkor \u00e9s az ifj\u00fas\u00e1g sokszor mes\u00e9be ill\u0151 eml\u00e9keket ny\u00fajt, addig az ... Olvass tov\u00e1bb\" \/>\n<meta property=\"og:url\" content=\"https:\/\/bozsogiattila.hu\/?p=780\" \/>\n<meta property=\"og:site_name\" content=\"Bozsogi Attila\" \/>\n<meta property=\"article:published_time\" content=\"2005-08-07T12:22:00+00:00\" \/>\n<meta property=\"article:modified_time\" content=\"2024-01-07T12:23:34+00:00\" \/>\n<meta name=\"author\" content=\"Bozsogi Attila\" \/>\n<meta name=\"twitter:card\" content=\"summary_large_image\" \/>\n<meta name=\"twitter:label1\" content=\"Szerz\u0151:\" \/>\n\t<meta name=\"twitter:data1\" content=\"Bozsogi Attila\" \/>\n\t<meta name=\"twitter:label2\" content=\"Becs\u00fclt olvas\u00e1si id\u0151\" \/>\n\t<meta name=\"twitter:data2\" content=\"3 perc\" \/>\n<script type=\"application\/ld+json\" class=\"yoast-schema-graph\">{\"@context\":\"https:\/\/schema.org\",\"@graph\":[{\"@type\":\"WebPage\",\"@id\":\"https:\/\/bozsogiattila.hu\/?p=780\",\"url\":\"https:\/\/bozsogiattila.hu\/?p=780\",\"name\":\"ELM\u00c9LKED\u00c9S AZ \u00d6REG KORR\u00d3L - Bozsogi Attila\",\"isPartOf\":{\"@id\":\"https:\/\/bozsogiattila.hu\/#website\"},\"datePublished\":\"2005-08-07T12:22:00+00:00\",\"dateModified\":\"2024-01-07T12:23:34+00:00\",\"author\":{\"@id\":\"https:\/\/bozsogiattila.hu\/#\/schema\/person\/488c99f554a8c4039201260dd5eb795e\"},\"breadcrumb\":{\"@id\":\"https:\/\/bozsogiattila.hu\/?p=780#breadcrumb\"},\"inLanguage\":\"hu\",\"potentialAction\":[{\"@type\":\"ReadAction\",\"target\":[\"https:\/\/bozsogiattila.hu\/?p=780\"]}]},{\"@type\":\"BreadcrumbList\",\"@id\":\"https:\/\/bozsogiattila.hu\/?p=780#breadcrumb\",\"itemListElement\":[{\"@type\":\"ListItem\",\"position\":1,\"name\":\"Kezd\u0151lap\",\"item\":\"https:\/\/bozsogiattila.hu\/\"},{\"@type\":\"ListItem\",\"position\":2,\"name\":\"ELM\u00c9LKED\u00c9S AZ \u00d6REG KORR\u00d3L\"}]},{\"@type\":\"WebSite\",\"@id\":\"https:\/\/bozsogiattila.hu\/#website\",\"url\":\"https:\/\/bozsogiattila.hu\/\",\"name\":\"Bozsogi Attila\",\"description\":\"a zen\u00e9sz, \u00edr\u00f3 munk\u00e1ss\u00e1g\u00e1nak \u00e9s a mak\u00f3i muzsikusok eml\u00e9k\u00e9t \u0151rz\u0151 oldal\",\"potentialAction\":[{\"@type\":\"SearchAction\",\"target\":{\"@type\":\"EntryPoint\",\"urlTemplate\":\"https:\/\/bozsogiattila.hu\/?s={search_term_string}\"},\"query-input\":\"required name=search_term_string\"}],\"inLanguage\":\"hu\"},{\"@type\":\"Person\",\"@id\":\"https:\/\/bozsogiattila.hu\/#\/schema\/person\/488c99f554a8c4039201260dd5eb795e\",\"name\":\"Bozsogi Attila\",\"image\":{\"@type\":\"ImageObject\",\"inLanguage\":\"hu\",\"@id\":\"https:\/\/bozsogiattila.hu\/#\/schema\/person\/image\/\",\"url\":\"https:\/\/secure.gravatar.com\/avatar\/7da6b5985e34ed798d1670c54ce7d20e6a53b800bb0c07945c64b09392f3dbfd?s=96&d=mm&r=g\",\"contentUrl\":\"https:\/\/secure.gravatar.com\/avatar\/7da6b5985e34ed798d1670c54ce7d20e6a53b800bb0c07945c64b09392f3dbfd?s=96&d=mm&r=g\",\"caption\":\"Bozsogi Attila\"},\"sameAs\":[\"http:\/\/www.boszogiattila.hu\"],\"url\":\"https:\/\/bozsogiattila.hu\/?author=3\"}]}<\/script>\n<!-- \/ Yoast SEO plugin. -->","yoast_head_json":{"title":"ELM\u00c9LKED\u00c9S AZ \u00d6REG KORR\u00d3L - Bozsogi Attila","robots":{"index":"index","follow":"follow","max-snippet":"max-snippet:-1","max-image-preview":"max-image-preview:large","max-video-preview":"max-video-preview:-1"},"canonical":"https:\/\/bozsogiattila.hu\/?p=780","og_locale":"hu_HU","og_type":"article","og_title":"ELM\u00c9LKED\u00c9S AZ \u00d6REG KORR\u00d3L - Bozsogi Attila","og_description":"ELM\u00c9LKED\u00c9S AZ \u00d6REG KORR\u00d3L Ahogy m\u00falik az id\u0151 felett\u00fcnk \u00e9s szaporodnak az \u00e9veink, rohamosan fogy, azaz id\u0151, ami az \u00f6regkor v\u00e9g\u00e9t jelenti: &#8211; az elker\u00fclhetetlen elm\u00fal\u00e1st.A F\u00f6ld\u00f6n csak \u00e1tutaz\u00f3k vagyunk \u00e9s minden perc, \u00f3ra \u00e9s nap, egy- egy \u00e1llom\u00e1sa csup\u00e1n az \u00e9let\u00fcnknek. Am\u00edg a gyermekkor \u00e9s az ifj\u00fas\u00e1g sokszor mes\u00e9be ill\u0151 eml\u00e9keket ny\u00fajt, addig az ... Olvass tov\u00e1bb","og_url":"https:\/\/bozsogiattila.hu\/?p=780","og_site_name":"Bozsogi Attila","article_published_time":"2005-08-07T12:22:00+00:00","article_modified_time":"2024-01-07T12:23:34+00:00","author":"Bozsogi Attila","twitter_card":"summary_large_image","twitter_misc":{"Szerz\u0151:":"Bozsogi Attila","Becs\u00fclt olvas\u00e1si id\u0151":"3 perc"},"schema":{"@context":"https:\/\/schema.org","@graph":[{"@type":"WebPage","@id":"https:\/\/bozsogiattila.hu\/?p=780","url":"https:\/\/bozsogiattila.hu\/?p=780","name":"ELM\u00c9LKED\u00c9S AZ \u00d6REG KORR\u00d3L - Bozsogi Attila","isPartOf":{"@id":"https:\/\/bozsogiattila.hu\/#website"},"datePublished":"2005-08-07T12:22:00+00:00","dateModified":"2024-01-07T12:23:34+00:00","author":{"@id":"https:\/\/bozsogiattila.hu\/#\/schema\/person\/488c99f554a8c4039201260dd5eb795e"},"breadcrumb":{"@id":"https:\/\/bozsogiattila.hu\/?p=780#breadcrumb"},"inLanguage":"hu","potentialAction":[{"@type":"ReadAction","target":["https:\/\/bozsogiattila.hu\/?p=780"]}]},{"@type":"BreadcrumbList","@id":"https:\/\/bozsogiattila.hu\/?p=780#breadcrumb","itemListElement":[{"@type":"ListItem","position":1,"name":"Kezd\u0151lap","item":"https:\/\/bozsogiattila.hu\/"},{"@type":"ListItem","position":2,"name":"ELM\u00c9LKED\u00c9S AZ \u00d6REG KORR\u00d3L"}]},{"@type":"WebSite","@id":"https:\/\/bozsogiattila.hu\/#website","url":"https:\/\/bozsogiattila.hu\/","name":"Bozsogi Attila","description":"a zen\u00e9sz, \u00edr\u00f3 munk\u00e1ss\u00e1g\u00e1nak \u00e9s a mak\u00f3i muzsikusok eml\u00e9k\u00e9t \u0151rz\u0151 oldal","potentialAction":[{"@type":"SearchAction","target":{"@type":"EntryPoint","urlTemplate":"https:\/\/bozsogiattila.hu\/?s={search_term_string}"},"query-input":"required name=search_term_string"}],"inLanguage":"hu"},{"@type":"Person","@id":"https:\/\/bozsogiattila.hu\/#\/schema\/person\/488c99f554a8c4039201260dd5eb795e","name":"Bozsogi Attila","image":{"@type":"ImageObject","inLanguage":"hu","@id":"https:\/\/bozsogiattila.hu\/#\/schema\/person\/image\/","url":"https:\/\/secure.gravatar.com\/avatar\/7da6b5985e34ed798d1670c54ce7d20e6a53b800bb0c07945c64b09392f3dbfd?s=96&d=mm&r=g","contentUrl":"https:\/\/secure.gravatar.com\/avatar\/7da6b5985e34ed798d1670c54ce7d20e6a53b800bb0c07945c64b09392f3dbfd?s=96&d=mm&r=g","caption":"Bozsogi Attila"},"sameAs":["http:\/\/www.boszogiattila.hu"],"url":"https:\/\/bozsogiattila.hu\/?author=3"}]}},"jetpack_featured_media_url":"","_links":{"self":[{"href":"https:\/\/bozsogiattila.hu\/index.php?rest_route=\/wp\/v2\/posts\/780","targetHints":{"allow":["GET"]}}],"collection":[{"href":"https:\/\/bozsogiattila.hu\/index.php?rest_route=\/wp\/v2\/posts"}],"about":[{"href":"https:\/\/bozsogiattila.hu\/index.php?rest_route=\/wp\/v2\/types\/post"}],"author":[{"embeddable":true,"href":"https:\/\/bozsogiattila.hu\/index.php?rest_route=\/wp\/v2\/users\/3"}],"replies":[{"embeddable":true,"href":"https:\/\/bozsogiattila.hu\/index.php?rest_route=%2Fwp%2Fv2%2Fcomments&post=780"}],"version-history":[{"count":1,"href":"https:\/\/bozsogiattila.hu\/index.php?rest_route=\/wp\/v2\/posts\/780\/revisions"}],"predecessor-version":[{"id":781,"href":"https:\/\/bozsogiattila.hu\/index.php?rest_route=\/wp\/v2\/posts\/780\/revisions\/781"}],"wp:attachment":[{"href":"https:\/\/bozsogiattila.hu\/index.php?rest_route=%2Fwp%2Fv2%2Fmedia&parent=780"}],"wp:term":[{"taxonomy":"category","embeddable":true,"href":"https:\/\/bozsogiattila.hu\/index.php?rest_route=%2Fwp%2Fv2%2Fcategories&post=780"},{"taxonomy":"post_tag","embeddable":true,"href":"https:\/\/bozsogiattila.hu\/index.php?rest_route=%2Fwp%2Fv2%2Ftags&post=780"}],"curies":[{"name":"wp","href":"https:\/\/api.w.org\/{rel}","templated":true}]}}