{"id":782,"date":"2011-08-12T12:24:00","date_gmt":"2011-08-12T12:24:00","guid":{"rendered":"https:\/\/bozsogiattila.hu\/?p=782"},"modified":"2024-01-07T12:24:56","modified_gmt":"2024-01-07T12:24:56","slug":"eletszukseglet","status":"publish","type":"post","link":"https:\/\/bozsogiattila.hu\/?p=782","title":{"rendered":"\u00c9LETSZ\u00dcKS\u00c9GLET"},"content":{"rendered":"\n<p class=\"wp-block-paragraph\">\u00c9LETSZ\u00dcKS\u00c9GLET<\/p>\n\n\n\n<p class=\"wp-block-paragraph\">Eg\u00e9sz \u00e9letemet kisebb megszak\u00edt\u00e1sokkal Mak\u00f3n \u00e9ltem le. Feln\u0151ttk\u00e9nt visszaeml\u00e9kezem a v\u00e1ros \u00f6tven \u00e9vvel ezel\u0151tti arculat\u00e1ra, az akkori id\u0151k roskatag h\u00e1zaira, melyek a r\u00e9gi f\u0151teret jelentett\u00e9k a mak\u00f3iaknak, \u00e9s a ritk\u00e1n az ide l\u00e1togat\u00f3 idegeneknek.<br>Ebben a kis alf\u00f6ldi v\u00e1rosban valamikor k\u00f6zel negyvenezer ember \u00e9lt, nyugalomban \u00e9s b\u00e9kess\u00e9gben. A v\u00e1ros utc\u00e1in gyalogosok, ker\u00e9kp\u00e1rosok, lovas kocsik k\u00f6zlekedtek, \u00e9s id\u0151nk\u00e9nt megcsod\u00e1lhattak a j\u00e1r\u00f3kel\u0151k egy-egy idet\u00e9vedt szem\u00e9ly vagy teheraut\u00f3t. A buszp\u00e1lyaudvar a Korona Sz\u00e1ll\u00f3 el\u0151tti parkol\u00f3ban volt. Naponta k\u00e9tszer \u00e9rkezett ide egy-egy j\u00e1rat. Ezt az ar\u00e1nylag kicsi teret megosztott\u00e1k a helyi konflisokkal, akik naphosszat v\u00e1rakoztak utasokra.<br>A v\u00e1ros utols\u00f3 konflisa Kecskem\u00e9ti Ferenc volt, aki z\u00e1rt fi\u00e1kerban sz\u00e1ll\u00edtotta utasait, v\u00e9dve \u0151ket az id\u0151j\u00e1r\u00e1s viszontags\u00e1g\u00e1t\u00f3l. A konflisokat B\u00e1lint S\u00e1ndor \u00e9s Kardos Istv\u00e1n taxisok v\u00e1ltott\u00e1k fel.<br>Az utaz\u00f3 embereknek mindig nagy gondot okoz a toalettek hi\u00e1nya. Mikor meg\u00e9rkeznek valahov\u00e1, az els\u0151 teend\u0151j\u00fck k\u00f6z\u00e9 tartozik (a hossz\u00fa utaz\u00e1s ut\u00e1n) a toalettek felkutat\u00e1sa.<br>A r\u00e9gi Mak\u00f3 belv\u00e1ros\u00e1ban volt nyilv\u00e1nos WC a Pet\u0151fi Parkban, a mai Sportcsarnok el\u0151tti t\u00e9ren, a De\u00e1k Ferenc utca elej\u00e9n a keny\u00e9rbolt el\u0151tti t\u00e9ren, \u00e9s a mai \u00d6nkorm\u00e1nyzat kocsibej\u00e1r\u00f3ja mellett.(akkor Megyeh\u00e1z volt. 1730-t\u00f3l 1950-ig Csan\u00e1d \u2013Arad -Toront\u00e1l megye sz\u00e9khelye volt Mak\u00f3)<br>Ma m\u00e1r 24 ezerre cs\u00f6kkent a v\u00e1ros lak\u00f3inak sz\u00e1ma. A v\u00e1rost \u00e1tszel\u0151 43-as \u00faton viszont elviselhetetlenn\u00e9 v\u00e1lt a forgalom, szinte egym\u00e1st \u00e9rik a kamionok, teheraut\u00f3k \u00e9s szem\u00e9lykocsik. A v\u00e1ros f\u0151ter\u00e9n hatalmas emeletes \u00e9p\u00fcletek v\u00e1ltott\u00e1k fel az egykori korszer\u0171tlen h\u00e1zakat. Megn\u0151tt az idegenforgalom, rengeteg \u00e1tutaz\u00f3 fordul meg a v\u00e1ros n\u00e9gy nagy\u00e1ruh\u00e1z\u00e1ban. (Tesco, Sp\u00e1r, Penny, Lidl, vagy, ahogy Mak\u00f3n nevezik Lidi)<br>Ahogy n\u0151tt a forgalom a v\u00e1rosban: p\u00e1rhuzamosan elbontott\u00e1k a nyilv\u00e1nos WC-ket. \u00c9p\u00fclt ugyan egy eldugva mindenki el\u00f6l a Posta utc\u00e1ban, mely csak a szabadt\u00e9ri idej\u00e9n \u00fczemel.<br>Az \u00e1ruh\u00e1zakat a szem\u00e9lykocsival \u00e9rkez\u0151k\u00f6n k\u00edv\u00fcl bev\u00e1s\u00e1rl\u00f3 buszok is gyakran l\u00e1togatj\u00e1k. A kisv\u00e1llalkoz\u00f3kat retteg\u00e9sben tart\u00f3 \u00c1NTSZ szakembereinek is elker\u00fclte a figyelm\u00e9t az, hogy a v\u00e1s\u00e1rl\u00f3k r\u00e9sz\u00e9re nincs WC. Illetve a Sp\u00e1r \u00e1ruh\u00e1zhoz tartozik egy nagyon modern WC. \u00e9p\u00fclet, mely a nyit\u00e1st\u00f3l kezdve z\u00e1rva van.<br>A napokban a Lidl \u00e1ruh\u00e1z parkol\u00f3j\u00e1ban megsz\u00f3l\u00edtott egy fiatal csinos n\u00e9met h\u00f6lgy. Sajnos nem besz\u00e9lek n\u00e9met\u00fcl, de mikor a toalettet emlegette t\u00f6bbsz\u00f6r is meg\u00e9rtettem k\u00e9ts\u00e9gbees\u00e9s\u00e9t. Jeleztem, hogy nincs toalett. Erre tov\u00e1bb ostromolt sz\u00e1momra \u00e9rthetetlen k\u00e9rd\u00e9seivel. Ekkor a mak\u00f3i emberek tal\u00e1l\u00e9konys\u00e1g\u00e1val r\u00e1mutattam a parkol\u00f3, \u00e9s a szomsz\u00e9d telek k\u00f6z\u00f6tti f\u00e1s, bokros z\u00f6ld\u00f6vezetre. Felh\u00e1borodva n\u00e9zett r\u00e1m, de a k\u00f6vetkez\u0151 percben m\u00e1r elt\u0171nt a cserj\u00e9k k\u00f6z\u00f6tt, \u00e9s megismerhette a Lidl \u00c1ruh\u00e1z l\u00e9g\u00f6bl\u00edt\u00e9ses WC-j\u00e9t, mely a v\u00e1s\u00e1rl\u00f3k rendelkez\u00e9s\u00e9re \u00e1ll.<br>Percekkel k\u00e9s\u0151bb tal\u00e1lkoztunk az \u00e1ruh\u00e1zban a roskad\u00e1sig megrakott polcok k\u00f6z\u00f6tt. R\u00e1m mosolygott, majd tov\u00e1bb kutatott az \u00e1ruk\u00e9szletben. Mosoly\u00e1ban a megk\u00f6nnyebb\u00fcl\u00e9s tal\u00e1n a megvet\u00e9s l\u00e1tszott, mely \u00fagy \u00e9rzem nem nekem sz\u00f3lt, hanem a Lidl \u00c1ruh\u00e1znak, Mak\u00f3 v\u00e1ros\u00e1nak, net\u00e1n Magyarorsz\u00e1gnak. Lehet, hogy az Uni\u00f3s besorol\u00e1sn\u00e1l balk\u00e1ni k\u00f6nny\u00edt\u00e9st kaptunk.<br>Javasoln\u00e1m az \u00c1NTSZ szakembereinek, hogy rendelj\u00e9k el az \u00e1ruh\u00e1zak r\u00e9sz\u00e9re azt, hogy j\u00f3l l\u00e1that\u00f3 helyeken \u00e1s\u00f3lap\u00e1tokat helyezzenek el higi\u00e9niai okok miatt. \u00cdgy nem fordulhatna el\u0151 olyan eset, hogy egy figyelmetlen turista egyugyanazon rak\u00e1sba k\u00e9tszer is belel\u00e9pjen.<br>Nincs sz\u00e1nd\u00e9komban senkit sem megb\u00e1ntani, de \u00fagy \u00e9rzem a nagy haszon megszerz\u00e9se mellett, meg\u00e9rdemeln\u00e9nek a v\u00e1s\u00e1rl\u00f3k ilyen szolg\u00e1ltat\u00e1st is d\u00edjtalanul. Ennyi figyelmess\u00e9ggel tartozni kellene azoknak, akik a l\u00e9tet jelentik sz\u00e1mukra! <\/p>\n\n\n\n<p class=\"wp-block-paragraph\">Mak\u00f3, 2011. 08. 12.<\/p>\n","protected":false},"excerpt":{"rendered":"<p>\u00c9LETSZ\u00dcKS\u00c9GLET Eg\u00e9sz \u00e9letemet kisebb megszak\u00edt\u00e1sokkal Mak\u00f3n \u00e9ltem le. Feln\u0151ttk\u00e9nt visszaeml\u00e9kezem a v\u00e1ros \u00f6tven \u00e9vvel ezel\u0151tti arculat\u00e1ra, az akkori id\u0151k roskatag h\u00e1zaira, melyek a r\u00e9gi f\u0151teret jelentett\u00e9k a mak\u00f3iaknak, \u00e9s a ritk\u00e1n az ide l\u00e1togat\u00f3 idegeneknek.Ebben a kis alf\u00f6ldi v\u00e1rosban valamikor k\u00f6zel negyvenezer ember \u00e9lt, nyugalomban \u00e9s b\u00e9kess\u00e9gben. A v\u00e1ros utc\u00e1in gyalogosok, ker\u00e9kp\u00e1rosok, lovas kocsik k\u00f6zlekedtek, &#8230; <a title=\"\u00c9LETSZ\u00dcKS\u00c9GLET\" class=\"read-more\" href=\"https:\/\/bozsogiattila.hu\/?p=782\" aria-label=\"Tov\u00e1bbiak \u00c9LETSZ\u00dcKS\u00c9GLET\">Olvass tov\u00e1bb<\/a><\/p>\n","protected":false},"author":3,"featured_media":0,"comment_status":"closed","ping_status":"open","sticky":false,"template":"","format":"standard","meta":{"footnotes":""},"categories":[300],"tags":[176,12],"class_list":["post-782","post","type-post","status-publish","format-standard","hentry","category-esszek-ujsagcikkek-tanulmanyok-kritikak","tag-176","tag-mako"],"yoast_head":"<!-- This site is optimized with the Yoast SEO plugin v21.8 - https:\/\/yoast.com\/wordpress\/plugins\/seo\/ -->\n<title>\u00c9LETSZ\u00dcKS\u00c9GLET - Bozsogi Attila<\/title>\n<meta name=\"robots\" content=\"index, follow, max-snippet:-1, max-image-preview:large, max-video-preview:-1\" \/>\n<link rel=\"canonical\" href=\"https:\/\/bozsogiattila.hu\/?p=782\" \/>\n<meta property=\"og:locale\" content=\"hu_HU\" \/>\n<meta property=\"og:type\" content=\"article\" \/>\n<meta property=\"og:title\" content=\"\u00c9LETSZ\u00dcKS\u00c9GLET - Bozsogi Attila\" \/>\n<meta property=\"og:description\" content=\"\u00c9LETSZ\u00dcKS\u00c9GLET Eg\u00e9sz \u00e9letemet kisebb megszak\u00edt\u00e1sokkal Mak\u00f3n \u00e9ltem le. Feln\u0151ttk\u00e9nt visszaeml\u00e9kezem a v\u00e1ros \u00f6tven \u00e9vvel ezel\u0151tti arculat\u00e1ra, az akkori id\u0151k roskatag h\u00e1zaira, melyek a r\u00e9gi f\u0151teret jelentett\u00e9k a mak\u00f3iaknak, \u00e9s a ritk\u00e1n az ide l\u00e1togat\u00f3 idegeneknek.Ebben a kis alf\u00f6ldi v\u00e1rosban valamikor k\u00f6zel negyvenezer ember \u00e9lt, nyugalomban \u00e9s b\u00e9kess\u00e9gben. A v\u00e1ros utc\u00e1in gyalogosok, ker\u00e9kp\u00e1rosok, lovas kocsik k\u00f6zlekedtek, ... Olvass tov\u00e1bb\" \/>\n<meta property=\"og:url\" content=\"https:\/\/bozsogiattila.hu\/?p=782\" \/>\n<meta property=\"og:site_name\" content=\"Bozsogi Attila\" \/>\n<meta property=\"article:published_time\" content=\"2011-08-12T12:24:00+00:00\" \/>\n<meta property=\"article:modified_time\" content=\"2024-01-07T12:24:56+00:00\" \/>\n<meta name=\"author\" content=\"Bozsogi Attila\" \/>\n<meta name=\"twitter:card\" content=\"summary_large_image\" \/>\n<meta name=\"twitter:label1\" content=\"Szerz\u0151:\" \/>\n\t<meta name=\"twitter:data1\" content=\"Bozsogi Attila\" \/>\n\t<meta name=\"twitter:label2\" content=\"Becs\u00fclt olvas\u00e1si id\u0151\" \/>\n\t<meta name=\"twitter:data2\" content=\"4 perc\" \/>\n<script type=\"application\/ld+json\" class=\"yoast-schema-graph\">{\"@context\":\"https:\/\/schema.org\",\"@graph\":[{\"@type\":\"WebPage\",\"@id\":\"https:\/\/bozsogiattila.hu\/?p=782\",\"url\":\"https:\/\/bozsogiattila.hu\/?p=782\",\"name\":\"\u00c9LETSZ\u00dcKS\u00c9GLET - Bozsogi Attila\",\"isPartOf\":{\"@id\":\"https:\/\/bozsogiattila.hu\/#website\"},\"datePublished\":\"2011-08-12T12:24:00+00:00\",\"dateModified\":\"2024-01-07T12:24:56+00:00\",\"author\":{\"@id\":\"https:\/\/bozsogiattila.hu\/#\/schema\/person\/488c99f554a8c4039201260dd5eb795e\"},\"breadcrumb\":{\"@id\":\"https:\/\/bozsogiattila.hu\/?p=782#breadcrumb\"},\"inLanguage\":\"hu\",\"potentialAction\":[{\"@type\":\"ReadAction\",\"target\":[\"https:\/\/bozsogiattila.hu\/?p=782\"]}]},{\"@type\":\"BreadcrumbList\",\"@id\":\"https:\/\/bozsogiattila.hu\/?p=782#breadcrumb\",\"itemListElement\":[{\"@type\":\"ListItem\",\"position\":1,\"name\":\"Kezd\u0151lap\",\"item\":\"https:\/\/bozsogiattila.hu\/\"},{\"@type\":\"ListItem\",\"position\":2,\"name\":\"\u00c9LETSZ\u00dcKS\u00c9GLET\"}]},{\"@type\":\"WebSite\",\"@id\":\"https:\/\/bozsogiattila.hu\/#website\",\"url\":\"https:\/\/bozsogiattila.hu\/\",\"name\":\"Bozsogi Attila\",\"description\":\"a zen\u00e9sz, \u00edr\u00f3 munk\u00e1ss\u00e1g\u00e1nak \u00e9s a mak\u00f3i muzsikusok eml\u00e9k\u00e9t \u0151rz\u0151 oldal\",\"potentialAction\":[{\"@type\":\"SearchAction\",\"target\":{\"@type\":\"EntryPoint\",\"urlTemplate\":\"https:\/\/bozsogiattila.hu\/?s={search_term_string}\"},\"query-input\":\"required name=search_term_string\"}],\"inLanguage\":\"hu\"},{\"@type\":\"Person\",\"@id\":\"https:\/\/bozsogiattila.hu\/#\/schema\/person\/488c99f554a8c4039201260dd5eb795e\",\"name\":\"Bozsogi Attila\",\"image\":{\"@type\":\"ImageObject\",\"inLanguage\":\"hu\",\"@id\":\"https:\/\/bozsogiattila.hu\/#\/schema\/person\/image\/\",\"url\":\"https:\/\/secure.gravatar.com\/avatar\/7da6b5985e34ed798d1670c54ce7d20e6a53b800bb0c07945c64b09392f3dbfd?s=96&d=mm&r=g\",\"contentUrl\":\"https:\/\/secure.gravatar.com\/avatar\/7da6b5985e34ed798d1670c54ce7d20e6a53b800bb0c07945c64b09392f3dbfd?s=96&d=mm&r=g\",\"caption\":\"Bozsogi Attila\"},\"sameAs\":[\"http:\/\/www.boszogiattila.hu\"],\"url\":\"https:\/\/bozsogiattila.hu\/?author=3\"}]}<\/script>\n<!-- \/ Yoast SEO plugin. -->","yoast_head_json":{"title":"\u00c9LETSZ\u00dcKS\u00c9GLET - Bozsogi Attila","robots":{"index":"index","follow":"follow","max-snippet":"max-snippet:-1","max-image-preview":"max-image-preview:large","max-video-preview":"max-video-preview:-1"},"canonical":"https:\/\/bozsogiattila.hu\/?p=782","og_locale":"hu_HU","og_type":"article","og_title":"\u00c9LETSZ\u00dcKS\u00c9GLET - Bozsogi Attila","og_description":"\u00c9LETSZ\u00dcKS\u00c9GLET Eg\u00e9sz \u00e9letemet kisebb megszak\u00edt\u00e1sokkal Mak\u00f3n \u00e9ltem le. Feln\u0151ttk\u00e9nt visszaeml\u00e9kezem a v\u00e1ros \u00f6tven \u00e9vvel ezel\u0151tti arculat\u00e1ra, az akkori id\u0151k roskatag h\u00e1zaira, melyek a r\u00e9gi f\u0151teret jelentett\u00e9k a mak\u00f3iaknak, \u00e9s a ritk\u00e1n az ide l\u00e1togat\u00f3 idegeneknek.Ebben a kis alf\u00f6ldi v\u00e1rosban valamikor k\u00f6zel negyvenezer ember \u00e9lt, nyugalomban \u00e9s b\u00e9kess\u00e9gben. A v\u00e1ros utc\u00e1in gyalogosok, ker\u00e9kp\u00e1rosok, lovas kocsik k\u00f6zlekedtek, ... Olvass tov\u00e1bb","og_url":"https:\/\/bozsogiattila.hu\/?p=782","og_site_name":"Bozsogi Attila","article_published_time":"2011-08-12T12:24:00+00:00","article_modified_time":"2024-01-07T12:24:56+00:00","author":"Bozsogi Attila","twitter_card":"summary_large_image","twitter_misc":{"Szerz\u0151:":"Bozsogi Attila","Becs\u00fclt olvas\u00e1si id\u0151":"4 perc"},"schema":{"@context":"https:\/\/schema.org","@graph":[{"@type":"WebPage","@id":"https:\/\/bozsogiattila.hu\/?p=782","url":"https:\/\/bozsogiattila.hu\/?p=782","name":"\u00c9LETSZ\u00dcKS\u00c9GLET - Bozsogi Attila","isPartOf":{"@id":"https:\/\/bozsogiattila.hu\/#website"},"datePublished":"2011-08-12T12:24:00+00:00","dateModified":"2024-01-07T12:24:56+00:00","author":{"@id":"https:\/\/bozsogiattila.hu\/#\/schema\/person\/488c99f554a8c4039201260dd5eb795e"},"breadcrumb":{"@id":"https:\/\/bozsogiattila.hu\/?p=782#breadcrumb"},"inLanguage":"hu","potentialAction":[{"@type":"ReadAction","target":["https:\/\/bozsogiattila.hu\/?p=782"]}]},{"@type":"BreadcrumbList","@id":"https:\/\/bozsogiattila.hu\/?p=782#breadcrumb","itemListElement":[{"@type":"ListItem","position":1,"name":"Kezd\u0151lap","item":"https:\/\/bozsogiattila.hu\/"},{"@type":"ListItem","position":2,"name":"\u00c9LETSZ\u00dcKS\u00c9GLET"}]},{"@type":"WebSite","@id":"https:\/\/bozsogiattila.hu\/#website","url":"https:\/\/bozsogiattila.hu\/","name":"Bozsogi Attila","description":"a zen\u00e9sz, \u00edr\u00f3 munk\u00e1ss\u00e1g\u00e1nak \u00e9s a mak\u00f3i muzsikusok eml\u00e9k\u00e9t \u0151rz\u0151 oldal","potentialAction":[{"@type":"SearchAction","target":{"@type":"EntryPoint","urlTemplate":"https:\/\/bozsogiattila.hu\/?s={search_term_string}"},"query-input":"required name=search_term_string"}],"inLanguage":"hu"},{"@type":"Person","@id":"https:\/\/bozsogiattila.hu\/#\/schema\/person\/488c99f554a8c4039201260dd5eb795e","name":"Bozsogi Attila","image":{"@type":"ImageObject","inLanguage":"hu","@id":"https:\/\/bozsogiattila.hu\/#\/schema\/person\/image\/","url":"https:\/\/secure.gravatar.com\/avatar\/7da6b5985e34ed798d1670c54ce7d20e6a53b800bb0c07945c64b09392f3dbfd?s=96&d=mm&r=g","contentUrl":"https:\/\/secure.gravatar.com\/avatar\/7da6b5985e34ed798d1670c54ce7d20e6a53b800bb0c07945c64b09392f3dbfd?s=96&d=mm&r=g","caption":"Bozsogi Attila"},"sameAs":["http:\/\/www.boszogiattila.hu"],"url":"https:\/\/bozsogiattila.hu\/?author=3"}]}},"jetpack_featured_media_url":"","_links":{"self":[{"href":"https:\/\/bozsogiattila.hu\/index.php?rest_route=\/wp\/v2\/posts\/782","targetHints":{"allow":["GET"]}}],"collection":[{"href":"https:\/\/bozsogiattila.hu\/index.php?rest_route=\/wp\/v2\/posts"}],"about":[{"href":"https:\/\/bozsogiattila.hu\/index.php?rest_route=\/wp\/v2\/types\/post"}],"author":[{"embeddable":true,"href":"https:\/\/bozsogiattila.hu\/index.php?rest_route=\/wp\/v2\/users\/3"}],"replies":[{"embeddable":true,"href":"https:\/\/bozsogiattila.hu\/index.php?rest_route=%2Fwp%2Fv2%2Fcomments&post=782"}],"version-history":[{"count":1,"href":"https:\/\/bozsogiattila.hu\/index.php?rest_route=\/wp\/v2\/posts\/782\/revisions"}],"predecessor-version":[{"id":783,"href":"https:\/\/bozsogiattila.hu\/index.php?rest_route=\/wp\/v2\/posts\/782\/revisions\/783"}],"wp:attachment":[{"href":"https:\/\/bozsogiattila.hu\/index.php?rest_route=%2Fwp%2Fv2%2Fmedia&parent=782"}],"wp:term":[{"taxonomy":"category","embeddable":true,"href":"https:\/\/bozsogiattila.hu\/index.php?rest_route=%2Fwp%2Fv2%2Fcategories&post=782"},{"taxonomy":"post_tag","embeddable":true,"href":"https:\/\/bozsogiattila.hu\/index.php?rest_route=%2Fwp%2Fv2%2Ftags&post=782"}],"curies":[{"name":"wp","href":"https:\/\/api.w.org\/{rel}","templated":true}]}}