{"id":784,"date":"2012-02-03T12:24:00","date_gmt":"2012-02-03T12:24:00","guid":{"rendered":"https:\/\/bozsogiattila.hu\/?p=784"},"modified":"2024-01-07T12:27:26","modified_gmt":"2024-01-07T12:27:26","slug":"erintetlen-hohalmaz","status":"publish","type":"post","link":"https:\/\/bozsogiattila.hu\/?p=784","title":{"rendered":"\u00c9RINTETLEN H\u00d3HALMAZ"},"content":{"rendered":"\n<p class=\"wp-block-paragraph\">\u00c9RINTETLEN H\u00d3HALMAZ<\/p>\n\n\n\n<p class=\"wp-block-paragraph\">Febru\u00e1r 3- \u00e1n p\u00e9nteken Mak\u00f3 felett is kiszakadt az \u00e9g nagy dunyh\u00e1ja, \u00e9s vak\u00edt\u00f3 feh\u00e9rs\u00e9g borult a v\u00e1rosra, mely olyb\u00e1 tette a t\u00e1jat, h\u00e1zakat, f\u00e1kat, bokrokat, mintha farsangi mulats\u00e1g k\u00e9sz\u00fcl\u0151dne szib\u00e9riai jelmezben. \u20ac<br>A napokig tart\u00f3 h\u00f3es\u00e9s hat\u00e1s\u00e1ra m\u00e1r mintegy f\u00e9lm\u00e9teresre n\u0151tt a h\u00f3r\u00e9teg, melynek eltakar\u00edt\u00e1sa komoly gondot okoz mindenkinek, k\u00fcl\u00f6n\u00f6sen az olyan helyeken, ahol \u00f6regek laknak.<br>Ez a rendk\u00edv\u00fcli \u00e1llapot csup\u00e1n a gyermekeknek kedvez, akik \u00f6r\u00fclhetnek a t\u00e9l sz\u00e9ps\u00e9g\u00e9nek, \u00e9s h\u00f3dolhatnak a fagyos, zimank\u00f3s j\u00e1t\u00e9koknak: sz\u00e1nk\u00f3zhatnak, h\u00f3 csat\u00e1kat v\u00edvhatnak egym\u00e1ssal kif\u00e1rad\u00e1sig.<br>Egy \u00e9rdekes jelens\u00e9g uralkodik v\u00e1rosunkban m\u00e1r hossz\u00fa \u00e9vek \u00f3ta. Ahogy a v\u00e1rosk\u00f6zpontb\u00f3l haladunk a perif\u00e9ri\u00e1k fel\u00e9, azt tapasztalhatjuk, hogy a j\u00e1rd\u00e1k egyre tiszt\u00e1bbak, \u00e9s j\u00e1rhat\u00f3bbak lesznek.<br>K\u00f6ztudott, hogy mindenki k\u00f6teles a h\u00e1za el\u0151tt tiszt\u00e1ntartani a j\u00e1rd\u00e1t. Az egyszer\u0171 emberek igyekeznek ennek eleget tenni, de a v\u00e1rosk\u00f6zpontban, ahol egy-egy t\u00e1rsash\u00e1zban sz\u00e1zan is \u00e9lnek mindenki a szomsz\u00e9dj\u00e1ra v\u00e1r, hogy sepr\u0151t, lap\u00e1tot ragadjon, hogy megszabad\u00edtsa a j\u00e1rd\u00e1t a magasra n\u0151tt h\u00f3r\u00e9tegt\u0151l.<br>Az utc\u00e1kat j\u00e1rva a j\u00e1r\u00f3kel\u0151 \u00e9szreveheti, hogy egyes h\u00e1zak el\u0151tt csup\u00e1n egy keskeny csap\u00e1s j\u00e1rhat\u00f3, mert az ott \u00e9l\u0151 id\u0151s embereknek az erej\u00e9b\u0151l mind\u00f6ssze ennyire futotta, de mindent megtettek annak \u00e9rdek\u00e9ben, hogy embert\u00e1rsaikat seg\u00edts\u00e9k a zavartalan k\u00f6zleked\u00e9sben.<br>A N\u00e1vay Lajos t\u00e9r 5-7 sz\u00e1m\u00fa h\u00e1z a VGV sz\u00e9khelye. Innen indulnak el a h\u00f3kotr\u00f3k, melyeknek hat\u00e1s\u00e1ra megtisztulnak a k\u00f6zutak, \u00e9s munk\u00e1juk nagyr\u00e9szt hozz\u00e1j\u00e1rul a balesetvesz\u00e9ly megel\u0151z\u00e9s\u00e9hez.<br>A sz\u00e9kh\u00e1z el\u0151tti j\u00e1rda viszont \u00e9vtizedek \u00f3ta Csipker\u00f3zsikai \u00e1lomba mer\u00fclt, \u00e9s a felmagasodott h\u00f3r\u00e9teg \u00e9rintetlen\u00fcl pihen a j\u00e1rd\u00e1n, elz\u00e1rva az utat az \u00e1ltal\u00e1nos iskol\u00e1sok el\u00f6l, akik itt k\u00e9nyszer\u00fclnek elmenni az iskol\u00e1b\u00f3l a tornaterembe. Ez az \u00fatvonal vezet a v\u00e1ros piac\u00e1hoz is, \u00e9s meglehet\u0151sen forgalmas, k\u00fcl\u00f6n\u00f6sen hetipiacos napokon.<br>Akik nem akarj\u00e1k cip\u0151j\u00fcket h\u00f3val megt\u00f6lteni, k\u00e9nytelenek kimenni a kocsi\u00fatra, ahol b\u00e1rmikor megcs\u00faszhat egy aut\u00f3, mely trag\u00e9di\u00e1hoz vezethet.<br>A mellett\u00fck l\u00e9v\u0151 h\u00e1z id\u0151s lak\u00f3i naponta megv\u00edvj\u00e1k csat\u00e1jukat a h\u00f3 eltakar\u00edt\u00e1sakor, de m\u00e9gis mindig p\u00e9lda\u00e9rt\u00e9k\u0171en tiszt\u00e1n tartj\u00e1k a j\u00e1rd\u00e1t, pedig nem kellene, hisz a szomsz\u00e9d VGV \u00e9p\u00fclete el\u0151tt, mintegy soromp\u00f3 \u00fagy \u00e9ktelenkedik a felmagasodott h\u00f3r\u00e9teg.<br>Amikor a t\u00e9l elveszti csat\u00e1j\u00e1t tavaszi naps\u00fct\u00e9ssel szemben, nappal megolvad a j\u00e9g, de az \u00e9jszakai hidegek hat\u00e1s\u00e1ra megfagy a h\u00f3l\u00e9, mely reggelre komoly j\u00e9gp\u00e1ly\u00e1v\u00e1 v\u00e1lik, holott nincs erre sz\u00fcks\u00e9g, mivel 200 m\u00e9terre van a j\u00e9gp\u00e1lya.<br>A k\u00f6rny\u00e9ken \u00e9l\u0151k k\u00f6z\u00fcl azt hiszem, kevesen eml\u00e9keznek arra, hogy az eml\u00edtett \u00e9p\u00fclet el\u0151tt mikor volt tiszt\u00e1ntartva a j\u00e1rda t\u00e9len \u00e9s ny\u00e1ron egyar\u00e1nt.<br>Sokat gondolkoztam azon, hogy mi\u00e9rt v\u00e1lt senki f\u00f6ldj\u00e9v\u00e9 az utc\u00e1nak ez a r\u00f6vid szakasza, \u00e9s mi\u00e9rt teszi ki a c\u00e9g vezet\u0151s\u00e9ge mag\u00e1t annak, hogy valaki a figyelmetlens\u00e9g\u00fck, hanyags\u00e1guk miatt balesetet szenvedjen.<br>\u00c1ltal\u00e1ban nyitott szemmel j\u00e1rok a v\u00e1rosban, \u00e9s m\u00e9g soha nem l\u00e1ttam olyan esetet, amikor a vezet\u0151k takar\u00edtott\u00e1k volna az \u00fattestet, ami rendj\u00e9n is volna.<br>K\u00e9rd\u00e9sem csup\u00e1n annyi: Mi\u00e9rt hunynak szemet e dolog felett, hiszen \u0151k is emberb\u0151l vannak, \u00e9s mint ilyeneknek k\u00f6teless\u00e9g\u00fck vigy\u00e1zni m\u00e1sok testi \u00e9ps\u00e9g\u00e9re?<\/p>\n\n\n\n<p class=\"wp-block-paragraph\"><br>Mak\u00f3, 2012. 02. 03.<\/p>\n","protected":false},"excerpt":{"rendered":"<p>\u00c9RINTETLEN H\u00d3HALMAZ Febru\u00e1r 3- \u00e1n p\u00e9nteken Mak\u00f3 felett is kiszakadt az \u00e9g nagy dunyh\u00e1ja, \u00e9s vak\u00edt\u00f3 feh\u00e9rs\u00e9g borult a v\u00e1rosra, mely olyb\u00e1 tette a t\u00e1jat, h\u00e1zakat, f\u00e1kat, bokrokat, mintha farsangi mulats\u00e1g k\u00e9sz\u00fcl\u0151dne szib\u00e9riai jelmezben. \u20acA napokig tart\u00f3 h\u00f3es\u00e9s hat\u00e1s\u00e1ra m\u00e1r mintegy f\u00e9lm\u00e9teresre n\u0151tt a h\u00f3r\u00e9teg, melynek eltakar\u00edt\u00e1sa komoly gondot okoz mindenkinek, k\u00fcl\u00f6n\u00f6sen az olyan helyeken, &#8230; <a title=\"\u00c9RINTETLEN H\u00d3HALMAZ\" class=\"read-more\" href=\"https:\/\/bozsogiattila.hu\/?p=784\" aria-label=\"Tov\u00e1bbiak \u00c9RINTETLEN H\u00d3HALMAZ\">Olvass tov\u00e1bb<\/a><\/p>\n","protected":false},"author":3,"featured_media":0,"comment_status":"closed","ping_status":"open","sticky":false,"template":"","format":"standard","meta":{"footnotes":""},"categories":[300],"tags":[71,301,12],"class_list":["post-784","post","type-post","status-publish","format-standard","hentry","category-esszek-ujsagcikkek-tanulmanyok-kritikak","tag-71","tag-ho","tag-mako"],"yoast_head":"<!-- This site is optimized with the Yoast SEO plugin v21.8 - https:\/\/yoast.com\/wordpress\/plugins\/seo\/ -->\n<title>\u00c9RINTETLEN H\u00d3HALMAZ - Bozsogi Attila<\/title>\n<meta name=\"robots\" content=\"index, follow, max-snippet:-1, max-image-preview:large, max-video-preview:-1\" \/>\n<link rel=\"canonical\" href=\"https:\/\/bozsogiattila.hu\/?p=784\" \/>\n<meta property=\"og:locale\" content=\"hu_HU\" \/>\n<meta property=\"og:type\" content=\"article\" \/>\n<meta property=\"og:title\" content=\"\u00c9RINTETLEN H\u00d3HALMAZ - Bozsogi Attila\" \/>\n<meta property=\"og:description\" content=\"\u00c9RINTETLEN H\u00d3HALMAZ Febru\u00e1r 3- \u00e1n p\u00e9nteken Mak\u00f3 felett is kiszakadt az \u00e9g nagy dunyh\u00e1ja, \u00e9s vak\u00edt\u00f3 feh\u00e9rs\u00e9g borult a v\u00e1rosra, mely olyb\u00e1 tette a t\u00e1jat, h\u00e1zakat, f\u00e1kat, bokrokat, mintha farsangi mulats\u00e1g k\u00e9sz\u00fcl\u0151dne szib\u00e9riai jelmezben. \u20acA napokig tart\u00f3 h\u00f3es\u00e9s hat\u00e1s\u00e1ra m\u00e1r mintegy f\u00e9lm\u00e9teresre n\u0151tt a h\u00f3r\u00e9teg, melynek eltakar\u00edt\u00e1sa komoly gondot okoz mindenkinek, k\u00fcl\u00f6n\u00f6sen az olyan helyeken, ... Olvass tov\u00e1bb\" \/>\n<meta property=\"og:url\" content=\"https:\/\/bozsogiattila.hu\/?p=784\" \/>\n<meta property=\"og:site_name\" content=\"Bozsogi Attila\" \/>\n<meta property=\"article:published_time\" content=\"2012-02-03T12:24:00+00:00\" \/>\n<meta property=\"article:modified_time\" content=\"2024-01-07T12:27:26+00:00\" \/>\n<meta name=\"author\" content=\"Bozsogi Attila\" \/>\n<meta name=\"twitter:card\" content=\"summary_large_image\" \/>\n<meta name=\"twitter:label1\" content=\"Szerz\u0151:\" \/>\n\t<meta name=\"twitter:data1\" content=\"Bozsogi Attila\" \/>\n\t<meta name=\"twitter:label2\" content=\"Becs\u00fclt olvas\u00e1si id\u0151\" \/>\n\t<meta name=\"twitter:data2\" content=\"4 perc\" \/>\n<script type=\"application\/ld+json\" class=\"yoast-schema-graph\">{\"@context\":\"https:\/\/schema.org\",\"@graph\":[{\"@type\":\"WebPage\",\"@id\":\"https:\/\/bozsogiattila.hu\/?p=784\",\"url\":\"https:\/\/bozsogiattila.hu\/?p=784\",\"name\":\"\u00c9RINTETLEN H\u00d3HALMAZ - Bozsogi Attila\",\"isPartOf\":{\"@id\":\"https:\/\/bozsogiattila.hu\/#website\"},\"datePublished\":\"2012-02-03T12:24:00+00:00\",\"dateModified\":\"2024-01-07T12:27:26+00:00\",\"author\":{\"@id\":\"https:\/\/bozsogiattila.hu\/#\/schema\/person\/488c99f554a8c4039201260dd5eb795e\"},\"breadcrumb\":{\"@id\":\"https:\/\/bozsogiattila.hu\/?p=784#breadcrumb\"},\"inLanguage\":\"hu\",\"potentialAction\":[{\"@type\":\"ReadAction\",\"target\":[\"https:\/\/bozsogiattila.hu\/?p=784\"]}]},{\"@type\":\"BreadcrumbList\",\"@id\":\"https:\/\/bozsogiattila.hu\/?p=784#breadcrumb\",\"itemListElement\":[{\"@type\":\"ListItem\",\"position\":1,\"name\":\"Kezd\u0151lap\",\"item\":\"https:\/\/bozsogiattila.hu\/\"},{\"@type\":\"ListItem\",\"position\":2,\"name\":\"\u00c9RINTETLEN H\u00d3HALMAZ\"}]},{\"@type\":\"WebSite\",\"@id\":\"https:\/\/bozsogiattila.hu\/#website\",\"url\":\"https:\/\/bozsogiattila.hu\/\",\"name\":\"Bozsogi Attila\",\"description\":\"a zen\u00e9sz, \u00edr\u00f3 munk\u00e1ss\u00e1g\u00e1nak \u00e9s a mak\u00f3i muzsikusok eml\u00e9k\u00e9t \u0151rz\u0151 oldal\",\"potentialAction\":[{\"@type\":\"SearchAction\",\"target\":{\"@type\":\"EntryPoint\",\"urlTemplate\":\"https:\/\/bozsogiattila.hu\/?s={search_term_string}\"},\"query-input\":\"required name=search_term_string\"}],\"inLanguage\":\"hu\"},{\"@type\":\"Person\",\"@id\":\"https:\/\/bozsogiattila.hu\/#\/schema\/person\/488c99f554a8c4039201260dd5eb795e\",\"name\":\"Bozsogi Attila\",\"image\":{\"@type\":\"ImageObject\",\"inLanguage\":\"hu\",\"@id\":\"https:\/\/bozsogiattila.hu\/#\/schema\/person\/image\/\",\"url\":\"https:\/\/secure.gravatar.com\/avatar\/7da6b5985e34ed798d1670c54ce7d20e6a53b800bb0c07945c64b09392f3dbfd?s=96&d=mm&r=g\",\"contentUrl\":\"https:\/\/secure.gravatar.com\/avatar\/7da6b5985e34ed798d1670c54ce7d20e6a53b800bb0c07945c64b09392f3dbfd?s=96&d=mm&r=g\",\"caption\":\"Bozsogi Attila\"},\"sameAs\":[\"http:\/\/www.boszogiattila.hu\"],\"url\":\"https:\/\/bozsogiattila.hu\/?author=3\"}]}<\/script>\n<!-- \/ Yoast SEO plugin. -->","yoast_head_json":{"title":"\u00c9RINTETLEN H\u00d3HALMAZ - Bozsogi Attila","robots":{"index":"index","follow":"follow","max-snippet":"max-snippet:-1","max-image-preview":"max-image-preview:large","max-video-preview":"max-video-preview:-1"},"canonical":"https:\/\/bozsogiattila.hu\/?p=784","og_locale":"hu_HU","og_type":"article","og_title":"\u00c9RINTETLEN H\u00d3HALMAZ - Bozsogi Attila","og_description":"\u00c9RINTETLEN H\u00d3HALMAZ Febru\u00e1r 3- \u00e1n p\u00e9nteken Mak\u00f3 felett is kiszakadt az \u00e9g nagy dunyh\u00e1ja, \u00e9s vak\u00edt\u00f3 feh\u00e9rs\u00e9g borult a v\u00e1rosra, mely olyb\u00e1 tette a t\u00e1jat, h\u00e1zakat, f\u00e1kat, bokrokat, mintha farsangi mulats\u00e1g k\u00e9sz\u00fcl\u0151dne szib\u00e9riai jelmezben. \u20acA napokig tart\u00f3 h\u00f3es\u00e9s hat\u00e1s\u00e1ra m\u00e1r mintegy f\u00e9lm\u00e9teresre n\u0151tt a h\u00f3r\u00e9teg, melynek eltakar\u00edt\u00e1sa komoly gondot okoz mindenkinek, k\u00fcl\u00f6n\u00f6sen az olyan helyeken, ... Olvass tov\u00e1bb","og_url":"https:\/\/bozsogiattila.hu\/?p=784","og_site_name":"Bozsogi Attila","article_published_time":"2012-02-03T12:24:00+00:00","article_modified_time":"2024-01-07T12:27:26+00:00","author":"Bozsogi Attila","twitter_card":"summary_large_image","twitter_misc":{"Szerz\u0151:":"Bozsogi Attila","Becs\u00fclt olvas\u00e1si id\u0151":"4 perc"},"schema":{"@context":"https:\/\/schema.org","@graph":[{"@type":"WebPage","@id":"https:\/\/bozsogiattila.hu\/?p=784","url":"https:\/\/bozsogiattila.hu\/?p=784","name":"\u00c9RINTETLEN H\u00d3HALMAZ - Bozsogi Attila","isPartOf":{"@id":"https:\/\/bozsogiattila.hu\/#website"},"datePublished":"2012-02-03T12:24:00+00:00","dateModified":"2024-01-07T12:27:26+00:00","author":{"@id":"https:\/\/bozsogiattila.hu\/#\/schema\/person\/488c99f554a8c4039201260dd5eb795e"},"breadcrumb":{"@id":"https:\/\/bozsogiattila.hu\/?p=784#breadcrumb"},"inLanguage":"hu","potentialAction":[{"@type":"ReadAction","target":["https:\/\/bozsogiattila.hu\/?p=784"]}]},{"@type":"BreadcrumbList","@id":"https:\/\/bozsogiattila.hu\/?p=784#breadcrumb","itemListElement":[{"@type":"ListItem","position":1,"name":"Kezd\u0151lap","item":"https:\/\/bozsogiattila.hu\/"},{"@type":"ListItem","position":2,"name":"\u00c9RINTETLEN H\u00d3HALMAZ"}]},{"@type":"WebSite","@id":"https:\/\/bozsogiattila.hu\/#website","url":"https:\/\/bozsogiattila.hu\/","name":"Bozsogi Attila","description":"a zen\u00e9sz, \u00edr\u00f3 munk\u00e1ss\u00e1g\u00e1nak \u00e9s a mak\u00f3i muzsikusok eml\u00e9k\u00e9t \u0151rz\u0151 oldal","potentialAction":[{"@type":"SearchAction","target":{"@type":"EntryPoint","urlTemplate":"https:\/\/bozsogiattila.hu\/?s={search_term_string}"},"query-input":"required name=search_term_string"}],"inLanguage":"hu"},{"@type":"Person","@id":"https:\/\/bozsogiattila.hu\/#\/schema\/person\/488c99f554a8c4039201260dd5eb795e","name":"Bozsogi Attila","image":{"@type":"ImageObject","inLanguage":"hu","@id":"https:\/\/bozsogiattila.hu\/#\/schema\/person\/image\/","url":"https:\/\/secure.gravatar.com\/avatar\/7da6b5985e34ed798d1670c54ce7d20e6a53b800bb0c07945c64b09392f3dbfd?s=96&d=mm&r=g","contentUrl":"https:\/\/secure.gravatar.com\/avatar\/7da6b5985e34ed798d1670c54ce7d20e6a53b800bb0c07945c64b09392f3dbfd?s=96&d=mm&r=g","caption":"Bozsogi Attila"},"sameAs":["http:\/\/www.boszogiattila.hu"],"url":"https:\/\/bozsogiattila.hu\/?author=3"}]}},"jetpack_featured_media_url":"","_links":{"self":[{"href":"https:\/\/bozsogiattila.hu\/index.php?rest_route=\/wp\/v2\/posts\/784","targetHints":{"allow":["GET"]}}],"collection":[{"href":"https:\/\/bozsogiattila.hu\/index.php?rest_route=\/wp\/v2\/posts"}],"about":[{"href":"https:\/\/bozsogiattila.hu\/index.php?rest_route=\/wp\/v2\/types\/post"}],"author":[{"embeddable":true,"href":"https:\/\/bozsogiattila.hu\/index.php?rest_route=\/wp\/v2\/users\/3"}],"replies":[{"embeddable":true,"href":"https:\/\/bozsogiattila.hu\/index.php?rest_route=%2Fwp%2Fv2%2Fcomments&post=784"}],"version-history":[{"count":1,"href":"https:\/\/bozsogiattila.hu\/index.php?rest_route=\/wp\/v2\/posts\/784\/revisions"}],"predecessor-version":[{"id":785,"href":"https:\/\/bozsogiattila.hu\/index.php?rest_route=\/wp\/v2\/posts\/784\/revisions\/785"}],"wp:attachment":[{"href":"https:\/\/bozsogiattila.hu\/index.php?rest_route=%2Fwp%2Fv2%2Fmedia&parent=784"}],"wp:term":[{"taxonomy":"category","embeddable":true,"href":"https:\/\/bozsogiattila.hu\/index.php?rest_route=%2Fwp%2Fv2%2Fcategories&post=784"},{"taxonomy":"post_tag","embeddable":true,"href":"https:\/\/bozsogiattila.hu\/index.php?rest_route=%2Fwp%2Fv2%2Ftags&post=784"}],"curies":[{"name":"wp","href":"https:\/\/api.w.org\/{rel}","templated":true}]}}