{"id":786,"date":"2011-12-20T12:27:00","date_gmt":"2011-12-20T12:27:00","guid":{"rendered":"https:\/\/bozsogiattila.hu\/?p=786"},"modified":"2024-01-07T12:28:52","modified_gmt":"2024-01-07T12:28:52","slug":"karacsony-2","status":"publish","type":"post","link":"https:\/\/bozsogiattila.hu\/?p=786","title":{"rendered":"KAR\u00c1CSONY!"},"content":{"rendered":"\n<p class=\"wp-block-paragraph\">KAR\u00c1CSONY!<\/p>\n\n\n\n<p class=\"wp-block-paragraph\">A vil\u00e1g kereszt\u00e9nys\u00e9g\u00e9nek legnagyobb \u00fcnnepe a minden \u00e9v december 25-26-\u00e1n l\u00e9v\u0151 kar\u00e1csony, mely alkalommal J\u00e9zus Krisztus sz\u00fclet\u00e9s\u00e9re eml\u00e9keznek a vall\u00e1sos h\u00edvek.<br>A kar\u00e1csonyi vall\u00e1si \u00fcnnep az els\u0151 nikaiai zsinathoz f\u0171z\u0151dik.<br>325-ben Konstantin r\u00f3mai cs\u00e1sz\u00e1r \u00f6sszeh\u00edvta a zsinatot, m\u00e1s n\u00e9ven szid\u00f3nust, amely a kereszt\u00e9ny egyh\u00e1z p\u00fcsp\u00f6keinek egyetemes tan\u00e1cskoz\u00e1sa volt.<br>A zsinat c\u00e9lja a n\u00e9zetelt\u00e9r\u00e9sek felold\u00e1sa, J\u00e9zus szem\u00e9ly\u00e9vel kapcsolatosan, mivel az alexandriai egyh\u00e1zban J\u00e9zus egyl\u00e9nyeg\u0171 volt az Atyaistennel.<br>Zsinat m\u00e1sik f\u0151 pontja a h\u00fasv\u00e9t id\u0151pontj\u00e1ban val\u00f3 megegyez\u00e9s.<br>Kor\u00e1bban a t\u00e9li \u00e9s ny\u00e1ri nap\u00e9jegyenl\u0151s\u00e9g, napfordul\u00e1s hat\u00e1rozta meg ezeket az \u00fcnnepeket a pog\u00e1nys\u00e1g k\u00f6r\u00e9ben, \u00e9s ilyenkor igyekeztek az Isteneket j\u00f3kedvre der\u00edteni.<br>A zsinat meghat\u00e1rozta, a m\u00e1rcius 25-i h\u00fasv\u00e9ti fogamz\u00e1shoz viszony\u00edtva, J\u00e9zus sz\u00fclet\u00e9s\u00e9nek napj\u00e1t, december 25-i id\u0151pontban.<br>E d\u00f6nt\u00e9sek \u00e9rtelm\u00e9ben a kereszt\u00e9nys\u00e9g tradicion\u00e1lis \u00fcnnepeiv\u00e9 nyilv\u00e1n\u00edtott\u00e1k a fent nevezett napot.<br>Teh\u00e1t J\u00e9zus Krisztus f\u00f6ldi sz\u00fclet\u00e9s\u00e9nek eml\u00e9knapja december 25, mely az \u00f6r\u00f6m, b\u00e9kess\u00e9g, a csal\u00e1d \u00e9s gyermeks\u00e9g, az otthon, \u00e9s sz\u00fcl\u0151f\u00f6ld \u00fcnnepe!<br>A nem vall\u00e1sos, de kereszt\u00e9ny kult\u00fark\u00f6r\u00f6kh\u00f6z tartoz\u00f3k is \u00fcnnepelnek kar\u00e1csonykor, \u00e9s a maguk felfog\u00e1sa \u00e9rtelm\u00e9ben szeretet \u00fcnnep\u00e9nek tartj\u00e1k e vall\u00e1si megeml\u00e9kez\u00e9st.<br>Az \u00f3kori R\u00f3m\u00e1ban december 17 \u00e9s 25 k\u00f6z\u00f6tt \u00fcnnepelt\u00e9k J\u00e9zus sz\u00fclet\u00e9snapj\u00e1t.<br>A kar\u00e1csonyi \u00fcnnepl\u00e9s velej\u00e1r\u00f3ja lett az aj\u00e1nd\u00e9koz\u00e1s, k\u00e9peslapok k\u00fcld\u00e9se, templomi mise, eb\u00e9d, vacsora, kar\u00e1csonyfa d\u00edsz\u00edt\u00e9s, betlehemi j\u00e1t\u00e9k.<br>A betlehemi dramatiz\u00e1lt j\u00e1t\u00e9k f\u0151 eleme a Krisztust im\u00e1d\u00f3 h\u00e1rom p\u00e1sztor bibliai t\u00f6rt\u00e9nete, k\u00f6z\u00f6tt\u00fck a nagyothall\u00f3 \u00f6reg p\u00e1sztor tr\u00e9f\u00e1s p\u00e1rbesz\u00e9de t\u00e1rsaival.<br>Kell\u00e9kek: templom alak\u00fa betlehem, benne a Szent Csal\u00e1d. A p\u00e1sztorj\u00e1t\u00e9k szerepl\u0151i a kis templomot viv\u0151 k\u00e9t angyal, a h\u00e1rom p\u00e1sztor, illetve a szatm\u00e1ri orsz\u00e1gr\u00e9szben kieg\u00e9sz\u00edtik egy husz\u00e1rral \u00e9s bety\u00e1rral.<\/p>\n\n\n\n<p class=\"wp-block-paragraph\">A 16 sz\u00e1zadi N\u00e9metorsz\u00e1gb\u00f3l ered a kar\u00e1csonyfa d\u00edsz\u00edt\u00e9s, \u00e9s ezzel egy id\u0151ben meghonosodott a csal\u00e1dok, otthoni \u00fcnnepl\u00e9se, vend\u00e9gesked\u00e9s.<br>A f\u00e1t el\u0151sz\u00f6r gy\u00fcm\u00f6lccsel, \u00e9dess\u00e9ggel d\u00edsz\u00edtett\u00e9k, majd k\u00e9s\u0151bb a keresked\u0151k rekl\u00e1md\u00f6mpingj\u00e9nek k\u00f6sz\u00f6nhet\u0151en a legk\u00fcl\u00f6nb\u00f6z\u0151bb d\u00edszekkel \u00e9kes\u00edtett\u00e9k, \u00e9s ki-ki saj\u00e1t elk\u00e9pzel\u00e9se szerint d\u00edsz\u00edti napjainkban is.<br>Kar\u00e1csony manaps\u00e1g az eur\u00f3pai zsid\u00f3-kereszt\u00e9ny kult\u00fark\u00f6rben n\u00e9pszer\u0171 sokakat \u00e9rint\u0151 \u00fcnnepp\u00e9 v\u00e1lt, amely mindenki sz\u00e1m\u00e1ra m\u00e1s-m\u00e1s jelent\u00e9st hordoz.<\/p>\n\n\n\n<p class=\"wp-block-paragraph\">Magyarorsz\u00e1gon december 24 &#8211; \u00e9n a szenteste napj\u00e1n v\u00e1lt divatoss\u00e1 a csal\u00e1di \u00f6sszej\u00f6vetel, aj\u00e1nd\u00e9koz\u00e1ssal, vacsor\u00e1val. \u00c9jf\u00e9lkor \u00e9jf\u00e9li mise, m\u00e1snap 25-\u00e9n d\u00e9lel\u0151tt kar\u00e1csonyi mise.<br>M\u00e1s orsz\u00e1gokban 25-\u00e9n \u00fcnneplik J\u00e9zus sz\u00fclet\u00e9snapj\u00e1t, a magyarok\u00e9hoz hasonl\u00f3 cerem\u00f3ni\u00e1kkal.<br>Az egyh\u00e1zi el\u0151\u00edr\u00e1sok szerint a h\u00fasv\u00e9ti nagyp\u00e9ntekhez hasonl\u00f3an, december 24-\u00e9n b\u00f6jti megtart\u00f3ztat\u00e1s van, \u00e9s ezen a napon alm\u00e1t, di\u00f3t, m\u00e9zet, fokhagym\u00e1t, b\u00f6jt\u00f6s bablevest (h\u00fas n\u00e9lk\u00fcl), \u00e9s m\u00e1kos gub\u00e1t szabad fogyasztani. A mai korban kieg\u00e9sz\u00fclt e m\u00e9rt\u00e9kletes gasztron\u00f3miai aj\u00e1nlat hallal, t\u00f6lt\u00f6tt k\u00e1poszt\u00e1val, \u00e9s mindenf\u00e9le \u00ednyenc falatokkal.<\/p>\n\n\n\n<p class=\"wp-block-paragraph\">A szocializmus idej\u00e9n a kar\u00e1csonyt igyekeztek h\u00e1tt\u00e9rbe szor\u00edtani (eredm\u00e9nytelen\u00fcl) \u00e9s az \u00f3vod\u00e1kban, iskol\u00e1kban, munkahelyeken, \u00e9s \u00f6sszej\u00f6veteleken feny\u0151fa\u00fcnnepk\u00e9nt \u00fcnnepeltek.<br>Manaps\u00e1g kar\u00e1csonykor a r\u00e1szorultakat az orsz\u00e1g nagy v\u00e1rosaiban meleg \u00e9tellel aj\u00e1nd\u00e9kozz\u00e1k meg, \u00e9s ezzel igyekeznek enyh\u00edteni sorstalans\u00e1gukat!<\/p>\n\n\n\n<p class=\"wp-block-paragraph\"><br>Mak\u00f3, 2011. 12. 20.<\/p>\n","protected":false},"excerpt":{"rendered":"<p>KAR\u00c1CSONY! A vil\u00e1g kereszt\u00e9nys\u00e9g\u00e9nek legnagyobb \u00fcnnepe a minden \u00e9v december 25-26-\u00e1n l\u00e9v\u0151 kar\u00e1csony, mely alkalommal J\u00e9zus Krisztus sz\u00fclet\u00e9s\u00e9re eml\u00e9keznek a vall\u00e1sos h\u00edvek.A kar\u00e1csonyi vall\u00e1si \u00fcnnep az els\u0151 nikaiai zsinathoz f\u0171z\u0151dik.325-ben Konstantin r\u00f3mai cs\u00e1sz\u00e1r \u00f6sszeh\u00edvta a zsinatot, m\u00e1s n\u00e9ven szid\u00f3nust, amely a kereszt\u00e9ny egyh\u00e1z p\u00fcsp\u00f6keinek egyetemes tan\u00e1cskoz\u00e1sa volt.A zsinat c\u00e9lja a n\u00e9zetelt\u00e9r\u00e9sek felold\u00e1sa, J\u00e9zus szem\u00e9ly\u00e9vel kapcsolatosan, &#8230; <a title=\"KAR\u00c1CSONY!\" class=\"read-more\" href=\"https:\/\/bozsogiattila.hu\/?p=786\" aria-label=\"Tov\u00e1bbiak KAR\u00c1CSONY!\">Olvass tov\u00e1bb<\/a><\/p>\n","protected":false},"author":3,"featured_media":0,"comment_status":"closed","ping_status":"open","sticky":false,"template":"","format":"standard","meta":{"footnotes":""},"categories":[300],"tags":[176,147,12],"class_list":["post-786","post","type-post","status-publish","format-standard","hentry","category-esszek-ujsagcikkek-tanulmanyok-kritikak","tag-176","tag-karacsony","tag-mako"],"yoast_head":"<!-- This site is optimized with the Yoast SEO plugin v21.8 - https:\/\/yoast.com\/wordpress\/plugins\/seo\/ -->\n<title>KAR\u00c1CSONY! - Bozsogi Attila<\/title>\n<meta name=\"robots\" content=\"index, follow, max-snippet:-1, max-image-preview:large, max-video-preview:-1\" \/>\n<link rel=\"canonical\" href=\"https:\/\/bozsogiattila.hu\/?p=786\" \/>\n<meta property=\"og:locale\" content=\"hu_HU\" \/>\n<meta property=\"og:type\" content=\"article\" \/>\n<meta property=\"og:title\" content=\"KAR\u00c1CSONY! - Bozsogi Attila\" \/>\n<meta property=\"og:description\" content=\"KAR\u00c1CSONY! A vil\u00e1g kereszt\u00e9nys\u00e9g\u00e9nek legnagyobb \u00fcnnepe a minden \u00e9v december 25-26-\u00e1n l\u00e9v\u0151 kar\u00e1csony, mely alkalommal J\u00e9zus Krisztus sz\u00fclet\u00e9s\u00e9re eml\u00e9keznek a vall\u00e1sos h\u00edvek.A kar\u00e1csonyi vall\u00e1si \u00fcnnep az els\u0151 nikaiai zsinathoz f\u0171z\u0151dik.325-ben Konstantin r\u00f3mai cs\u00e1sz\u00e1r \u00f6sszeh\u00edvta a zsinatot, m\u00e1s n\u00e9ven szid\u00f3nust, amely a kereszt\u00e9ny egyh\u00e1z p\u00fcsp\u00f6keinek egyetemes tan\u00e1cskoz\u00e1sa volt.A zsinat c\u00e9lja a n\u00e9zetelt\u00e9r\u00e9sek felold\u00e1sa, J\u00e9zus szem\u00e9ly\u00e9vel kapcsolatosan, ... Olvass tov\u00e1bb\" \/>\n<meta property=\"og:url\" content=\"https:\/\/bozsogiattila.hu\/?p=786\" \/>\n<meta property=\"og:site_name\" content=\"Bozsogi Attila\" \/>\n<meta property=\"article:published_time\" content=\"2011-12-20T12:27:00+00:00\" \/>\n<meta property=\"article:modified_time\" content=\"2024-01-07T12:28:52+00:00\" \/>\n<meta name=\"author\" content=\"Bozsogi Attila\" \/>\n<meta name=\"twitter:card\" content=\"summary_large_image\" \/>\n<meta name=\"twitter:label1\" content=\"Szerz\u0151:\" \/>\n\t<meta name=\"twitter:data1\" content=\"Bozsogi Attila\" \/>\n\t<meta name=\"twitter:label2\" content=\"Becs\u00fclt olvas\u00e1si id\u0151\" \/>\n\t<meta name=\"twitter:data2\" content=\"4 perc\" \/>\n<script type=\"application\/ld+json\" class=\"yoast-schema-graph\">{\"@context\":\"https:\/\/schema.org\",\"@graph\":[{\"@type\":\"WebPage\",\"@id\":\"https:\/\/bozsogiattila.hu\/?p=786\",\"url\":\"https:\/\/bozsogiattila.hu\/?p=786\",\"name\":\"KAR\u00c1CSONY! - Bozsogi Attila\",\"isPartOf\":{\"@id\":\"https:\/\/bozsogiattila.hu\/#website\"},\"datePublished\":\"2011-12-20T12:27:00+00:00\",\"dateModified\":\"2024-01-07T12:28:52+00:00\",\"author\":{\"@id\":\"https:\/\/bozsogiattila.hu\/#\/schema\/person\/488c99f554a8c4039201260dd5eb795e\"},\"breadcrumb\":{\"@id\":\"https:\/\/bozsogiattila.hu\/?p=786#breadcrumb\"},\"inLanguage\":\"hu\",\"potentialAction\":[{\"@type\":\"ReadAction\",\"target\":[\"https:\/\/bozsogiattila.hu\/?p=786\"]}]},{\"@type\":\"BreadcrumbList\",\"@id\":\"https:\/\/bozsogiattila.hu\/?p=786#breadcrumb\",\"itemListElement\":[{\"@type\":\"ListItem\",\"position\":1,\"name\":\"Kezd\u0151lap\",\"item\":\"https:\/\/bozsogiattila.hu\/\"},{\"@type\":\"ListItem\",\"position\":2,\"name\":\"KAR\u00c1CSONY!\"}]},{\"@type\":\"WebSite\",\"@id\":\"https:\/\/bozsogiattila.hu\/#website\",\"url\":\"https:\/\/bozsogiattila.hu\/\",\"name\":\"Bozsogi Attila\",\"description\":\"a zen\u00e9sz, \u00edr\u00f3 munk\u00e1ss\u00e1g\u00e1nak \u00e9s a mak\u00f3i muzsikusok eml\u00e9k\u00e9t \u0151rz\u0151 oldal\",\"potentialAction\":[{\"@type\":\"SearchAction\",\"target\":{\"@type\":\"EntryPoint\",\"urlTemplate\":\"https:\/\/bozsogiattila.hu\/?s={search_term_string}\"},\"query-input\":\"required name=search_term_string\"}],\"inLanguage\":\"hu\"},{\"@type\":\"Person\",\"@id\":\"https:\/\/bozsogiattila.hu\/#\/schema\/person\/488c99f554a8c4039201260dd5eb795e\",\"name\":\"Bozsogi Attila\",\"image\":{\"@type\":\"ImageObject\",\"inLanguage\":\"hu\",\"@id\":\"https:\/\/bozsogiattila.hu\/#\/schema\/person\/image\/\",\"url\":\"https:\/\/secure.gravatar.com\/avatar\/7da6b5985e34ed798d1670c54ce7d20e6a53b800bb0c07945c64b09392f3dbfd?s=96&d=mm&r=g\",\"contentUrl\":\"https:\/\/secure.gravatar.com\/avatar\/7da6b5985e34ed798d1670c54ce7d20e6a53b800bb0c07945c64b09392f3dbfd?s=96&d=mm&r=g\",\"caption\":\"Bozsogi Attila\"},\"sameAs\":[\"http:\/\/www.boszogiattila.hu\"],\"url\":\"https:\/\/bozsogiattila.hu\/?author=3\"}]}<\/script>\n<!-- \/ Yoast SEO plugin. -->","yoast_head_json":{"title":"KAR\u00c1CSONY! - Bozsogi Attila","robots":{"index":"index","follow":"follow","max-snippet":"max-snippet:-1","max-image-preview":"max-image-preview:large","max-video-preview":"max-video-preview:-1"},"canonical":"https:\/\/bozsogiattila.hu\/?p=786","og_locale":"hu_HU","og_type":"article","og_title":"KAR\u00c1CSONY! - Bozsogi Attila","og_description":"KAR\u00c1CSONY! A vil\u00e1g kereszt\u00e9nys\u00e9g\u00e9nek legnagyobb \u00fcnnepe a minden \u00e9v december 25-26-\u00e1n l\u00e9v\u0151 kar\u00e1csony, mely alkalommal J\u00e9zus Krisztus sz\u00fclet\u00e9s\u00e9re eml\u00e9keznek a vall\u00e1sos h\u00edvek.A kar\u00e1csonyi vall\u00e1si \u00fcnnep az els\u0151 nikaiai zsinathoz f\u0171z\u0151dik.325-ben Konstantin r\u00f3mai cs\u00e1sz\u00e1r \u00f6sszeh\u00edvta a zsinatot, m\u00e1s n\u00e9ven szid\u00f3nust, amely a kereszt\u00e9ny egyh\u00e1z p\u00fcsp\u00f6keinek egyetemes tan\u00e1cskoz\u00e1sa volt.A zsinat c\u00e9lja a n\u00e9zetelt\u00e9r\u00e9sek felold\u00e1sa, J\u00e9zus szem\u00e9ly\u00e9vel kapcsolatosan, ... Olvass tov\u00e1bb","og_url":"https:\/\/bozsogiattila.hu\/?p=786","og_site_name":"Bozsogi Attila","article_published_time":"2011-12-20T12:27:00+00:00","article_modified_time":"2024-01-07T12:28:52+00:00","author":"Bozsogi Attila","twitter_card":"summary_large_image","twitter_misc":{"Szerz\u0151:":"Bozsogi Attila","Becs\u00fclt olvas\u00e1si id\u0151":"4 perc"},"schema":{"@context":"https:\/\/schema.org","@graph":[{"@type":"WebPage","@id":"https:\/\/bozsogiattila.hu\/?p=786","url":"https:\/\/bozsogiattila.hu\/?p=786","name":"KAR\u00c1CSONY! - Bozsogi Attila","isPartOf":{"@id":"https:\/\/bozsogiattila.hu\/#website"},"datePublished":"2011-12-20T12:27:00+00:00","dateModified":"2024-01-07T12:28:52+00:00","author":{"@id":"https:\/\/bozsogiattila.hu\/#\/schema\/person\/488c99f554a8c4039201260dd5eb795e"},"breadcrumb":{"@id":"https:\/\/bozsogiattila.hu\/?p=786#breadcrumb"},"inLanguage":"hu","potentialAction":[{"@type":"ReadAction","target":["https:\/\/bozsogiattila.hu\/?p=786"]}]},{"@type":"BreadcrumbList","@id":"https:\/\/bozsogiattila.hu\/?p=786#breadcrumb","itemListElement":[{"@type":"ListItem","position":1,"name":"Kezd\u0151lap","item":"https:\/\/bozsogiattila.hu\/"},{"@type":"ListItem","position":2,"name":"KAR\u00c1CSONY!"}]},{"@type":"WebSite","@id":"https:\/\/bozsogiattila.hu\/#website","url":"https:\/\/bozsogiattila.hu\/","name":"Bozsogi Attila","description":"a zen\u00e9sz, \u00edr\u00f3 munk\u00e1ss\u00e1g\u00e1nak \u00e9s a mak\u00f3i muzsikusok eml\u00e9k\u00e9t \u0151rz\u0151 oldal","potentialAction":[{"@type":"SearchAction","target":{"@type":"EntryPoint","urlTemplate":"https:\/\/bozsogiattila.hu\/?s={search_term_string}"},"query-input":"required name=search_term_string"}],"inLanguage":"hu"},{"@type":"Person","@id":"https:\/\/bozsogiattila.hu\/#\/schema\/person\/488c99f554a8c4039201260dd5eb795e","name":"Bozsogi Attila","image":{"@type":"ImageObject","inLanguage":"hu","@id":"https:\/\/bozsogiattila.hu\/#\/schema\/person\/image\/","url":"https:\/\/secure.gravatar.com\/avatar\/7da6b5985e34ed798d1670c54ce7d20e6a53b800bb0c07945c64b09392f3dbfd?s=96&d=mm&r=g","contentUrl":"https:\/\/secure.gravatar.com\/avatar\/7da6b5985e34ed798d1670c54ce7d20e6a53b800bb0c07945c64b09392f3dbfd?s=96&d=mm&r=g","caption":"Bozsogi Attila"},"sameAs":["http:\/\/www.boszogiattila.hu"],"url":"https:\/\/bozsogiattila.hu\/?author=3"}]}},"jetpack_featured_media_url":"","_links":{"self":[{"href":"https:\/\/bozsogiattila.hu\/index.php?rest_route=\/wp\/v2\/posts\/786","targetHints":{"allow":["GET"]}}],"collection":[{"href":"https:\/\/bozsogiattila.hu\/index.php?rest_route=\/wp\/v2\/posts"}],"about":[{"href":"https:\/\/bozsogiattila.hu\/index.php?rest_route=\/wp\/v2\/types\/post"}],"author":[{"embeddable":true,"href":"https:\/\/bozsogiattila.hu\/index.php?rest_route=\/wp\/v2\/users\/3"}],"replies":[{"embeddable":true,"href":"https:\/\/bozsogiattila.hu\/index.php?rest_route=%2Fwp%2Fv2%2Fcomments&post=786"}],"version-history":[{"count":1,"href":"https:\/\/bozsogiattila.hu\/index.php?rest_route=\/wp\/v2\/posts\/786\/revisions"}],"predecessor-version":[{"id":787,"href":"https:\/\/bozsogiattila.hu\/index.php?rest_route=\/wp\/v2\/posts\/786\/revisions\/787"}],"wp:attachment":[{"href":"https:\/\/bozsogiattila.hu\/index.php?rest_route=%2Fwp%2Fv2%2Fmedia&parent=786"}],"wp:term":[{"taxonomy":"category","embeddable":true,"href":"https:\/\/bozsogiattila.hu\/index.php?rest_route=%2Fwp%2Fv2%2Fcategories&post=786"},{"taxonomy":"post_tag","embeddable":true,"href":"https:\/\/bozsogiattila.hu\/index.php?rest_route=%2Fwp%2Fv2%2Ftags&post=786"}],"curies":[{"name":"wp","href":"https:\/\/api.w.org\/{rel}","templated":true}]}}