{"id":796,"date":"2007-09-18T12:36:00","date_gmt":"2007-09-18T12:36:00","guid":{"rendered":"https:\/\/bozsogiattila.hu\/?p=796"},"modified":"2024-01-07T12:37:19","modified_gmt":"2024-01-07T12:37:19","slug":"makoi-varga-anna-antal-imrene","status":"publish","type":"post","link":"https:\/\/bozsogiattila.hu\/?p=796","title":{"rendered":"MAK\u00d3I VARGA ANNA (Antal Imr\u00e9n\u00e9)"},"content":{"rendered":"\n<p class=\"wp-block-paragraph\">MAK\u00d3I VARGA ANNA<br>(Antal Imr\u00e9n\u00e9)<\/p>\n\n\n\n<p class=\"wp-block-paragraph\">Pet\u0151fi S\u00e1ndor \u201eAz Alf\u00f6ld\u201d c\u00edm\u0171 h\u00edres k\u00f6ltem\u00e9ny\u00e9ben p\u00e1rhuzamot \u00e1ll\u00edtott a \u201ezordonon K\u00e1rp\u00e1tok, \u00e9s az Alf\u00f6ld\u201d k\u00f6z\u00f6tt. A vers els\u0151 n\u00e9gy sor\u00e1ban \u00edgy ki\u00e1lt fel a k\u00f6lt\u0151:<\/p>\n\n\n\n<pre class=\"wp-block-code\"><code>\u201eMit nekem te zordon K\u00e1rp\u00e1toknak\nFenyvesekkel vadreg\u00e9nyes t\u00e1ja?\nT\u00e1n csod\u00e1llak, \u00e1mde nem szeretlek,\nS k\u00e9pzetem hegyv\u00f6lgyedet nem j\u00e1rja.\u201d<\/code><\/pre>\n\n\n\n<p class=\"wp-block-paragraph\">A vers befejez\u0151 n\u00e9gy sor\u00e1ban el\u00e9nk t\u00e1rja Pet\u0151fi po\u00e9tikus hitvall\u00e1s\u00e1t, ragaszkod\u00e1s\u00e1t az alf\u00f6ldi t\u00e1jhoz:<\/p>\n\n\n\n<pre class=\"wp-block-code\"><code>\u201eSz\u00e9p vagy Alf\u00f6ld, legal\u00e1bb nekem sz\u00e9p!\nItt ringatt\u00e1k b\u00f6lcs\u0151m, itt sz\u00fclettem.\nItt boruljon r\u00e1m a szemfed\u00e9l, itt\nDomborodj\u00e9k a s\u00edr f\u00f6l\u00f6ttem\u201d.<\/code><\/pre>\n\n\n\n<p class=\"wp-block-paragraph\">Varga Anna is Pet\u0151fi S\u00e1ndor sz\u00e9p Alf\u00f6ldj\u00e9n sz\u00fcletett. Akkort\u00e1jt m\u00e9g az alf\u00f6ldi v\u00e1rosokat, falvakat a tany\u00e1k sokas\u00e1ga vette k\u00f6r\u00fcl, melyeket a v\u00e1rosok \u00e9l\u00e9st\u00e1r\u00e1nak neveztek.<br>\u00cdgy volt ez a rom\u00e1nhat\u00e1rhoz vezet\u0151 43-as f\u0151\u00fat mellett l\u00e9v\u0151 kis falu, Ap\u00e1tfalva eset\u00e9ben is. A telep\u00fcl\u00e9st k\u00f6r\u00fclvev\u0151 tany\u00e1k egyik\u00e9n l\u00e1tta meg a napvil\u00e1got a kicsi Anna, a csal\u00e1d legkisebb gyermekek\u00e9nt. Sz\u00fclei szorgalmas parasztemberek voltak, akik kora tavaszt\u00f3l k\u00e9s\u0151 \u0151szig l\u00e1t\u00e1st\u00f3l-vakul\u00e1sig dolgoztak. \u00c1m, amikor bek\u00f6sz\u00f6nt\u00f6tt a zord t\u00e9l, a tanyaszomsz\u00e9dok est\u00e9nk\u00e9nt \u00f6sszej\u00e1rtak, \u00e9s a finom falatok \u00e9s a j\u00f3 bor mellett el\u0151ker\u00fclt a citera, majd n\u00e9pdalokat, magyar n\u00f3t\u00e1kat \u00e9nekeltek. A kicsi Anna el\u0151szeretettel hallgatta a feln\u0151ttek \u00f6nfeledt dalol\u00e1s\u00e1t, \u00e9s szinte \u00e9szrev\u00e9tlen\u00fcl elsaj\u00e1t\u00edtotta a szebbn\u00e9l szebb \u00e9nekeket, n\u00f3t\u00e1kat. <br>Mikor be\u00edratt\u00e1k a falu iskol\u00e1j\u00e1ba, m\u00e1r az els\u0151 oszt\u00e1lyban felfigyelt a tan\u00edt\u00f3ja kedvesen cseng\u0151 hangj\u00e1ra, \u00e9s kit\u0171n\u0151 hall\u00e1s\u00e1ra. Ennek k\u00f6sz\u00f6nhette azt, hogy az iskolai \u00fcnneps\u00e9geken minden alkalommal fell\u00e9ptett\u00e9k egy-egy n\u00e9pdal el\u00e9nekl\u00e9s\u00e9vel. Mikor fels\u0151bb oszt\u00e1lyokba ker\u00fclt Szigeti Gy\u00f6rgy n\u00e9prajz \u00e9s n\u00e9pzene kutat\u00f3 is felfigyelt tehets\u00e9g\u00e9re, \u00e9s felkereste a sz\u00fcl\u0151ket, hogy Anna \u00e9let\u00fatj\u00e1t az \u00e9nekesi p\u00e1ly\u00e1ra terelje. A sz\u00fcl\u0151k hallani sem akartak arr\u00f3l, hogy le\u00e1nyuk \u00e9nekes legyen \u00e9s, ahogy \u00e9desapja mondta \u201enem vil\u00e1gcsavarg\u00f3nak, hanem tisztess\u00e9ges csal\u00e1dany\u00e1nak sz\u00e1nt\u00e1k gyermek\u00fcket\u201d.<br>Ann\u00e1t az \u00e9nekl\u00e9st\u0151l viszont nem tiltott\u00e1k el, \u00edgy a tanulm\u00e1nyainak befejez\u00e9se ut\u00e1n, beker\u00fclt a faluban \u201eP\u00e1vak\u00f6r\u201d n\u00e9ven m\u0171k\u00f6d\u0151 dalk\u00f6rbe, ahol t\u00edz \u00e9vig volt sz\u00f3l\u00f3\u00e9nekes.<br>Mikor a csal\u00e1dj\u00e1val Mak\u00f3ra k\u00f6lt\u00f6z\u00f6tt, kil\u00e9pett a P\u00e1vak\u00f6rb\u0151l \u00e9s az akkor Szegeden alakul\u00f3 Magyar N\u00f3taszerz\u0151k \u00e9s \u00c9nekesek D\u00e9l-magyarorsz\u00e1gi Egyes\u00fclet\u00e9nek lett alap\u00edt\u00f3 tagja, ahol a mai napig tev\u00e9kenykedik, mint n\u00f3ta\u00e9nekes. B\u00fcszke arra, hogy soha senkit\u0151l nem tanult \u00e9nekelni, hanem autodidakta m\u00f3don saj\u00e1t\u00edtotta el a n\u00f3ta\u00e9nekl\u00e9s nagyon neh\u00e9z tudom\u00e1ny\u00e1t. Tehets\u00e9g\u00e9re jellemz\u0151, hogy \u00f6ner\u0151b\u0151l h\u00edvat\u00e1sos el\u0151ad\u00f3m\u0171v\u00e9szi vizsg\u00e1t tett, \u00e9s m\u0171k\u00f6d\u00e9si enged\u00e9lyt szerzett.<br>A szegedi egyes\u00fclettel bej\u00e1rta az orsz\u00e1got, \u00e9s m\u00e9g a szomsz\u00e9dos orsz\u00e1gokban is fell\u00e9pett a m\u0171sorok n\u00f3ta\u00e9nekesek\u00e9nt.<br>N\u00f3t\u00e1i felcsengtek t\u00f6bbsz\u00f6r is a Budapest TV-ben, a Pet\u0151fi R\u00e1di\u00f3ban, a H\u00f3dmez\u0151v\u00e1s\u00e1rhelyi R\u00e1di\u00f3 K\u00edv\u00e1ns\u00e1gm\u0171soraiban \u00e9s m\u00e9g sok m\u00e1s helyen.<br>Egy alkalommal egy k\u00f6zeli faluban, falunapon l\u00e9pett fel, ahol egy Amerik\u00e1b\u00f3l hazal\u00e1togat\u00f3 \u00fczletembernek megtetszett az \u00e9nekl\u00e9se, \u00e9s megh\u00edvta Amerik\u00e1ba \u00e9nekelni.<br>A tengeren t\u00fal olyan nagy sikert aratott, hogy m\u00e9g a helysz\u00ednen megh\u00edv\u00e1st kapott a k\u00f6vetkez\u0151 \u00e9vre is, egy h\u00e1romhetes turn\u00e9ra.<br>N\u00f3tam\u0171sor\u00e1b\u00f3l eddig kilenc lemezt \u00e9s hangkazett\u00e1t k\u00e9sz\u00edtett neves hazai zenekarok k\u00f6zrem\u0171k\u00f6d\u00e9s\u00e9vel.<br>Eg\u00e9sz \u00e9let\u00e9t h\u00e1rom dolog t\u00f6lt\u00f6tte ki: a csal\u00e1d, a vir\u00e1gok \u00e9s az \u00e9nekl\u00e9s. Vir\u00e1gtermeszt\u0151 \u00e9s vir\u00e1g\u00e1rusk\u00e9nt dolgozik, \u00e9s f\u0151munk\u00e1ja mellett tev\u00e9kenykedik, mint \u00e9nekes.<br>Kilencedik lemez\u00e9nek c\u00edmad\u00f3 dal\u00e1t is a vir\u00e1gok ir\u00e1nt \u00e9rzett szeretete sugallta: Bozsogi Attila szerzem\u00e9nye \u201eVir\u00e1gok k\u00f6zt \u00e9lek\u201d.<br>M\u0171v\u00e9szet\u00e9nek tisztel\u0151i nev\u00e9ben sikeres fell\u00e9p\u00e9seket k\u00edv\u00e1nok, \u00e9s nagyon sok er\u0151t ahhoz a k\u00fczdelemhez, hogy napjainkban e mostoh\u00e1v\u00e1 v\u00e1lt m\u0171faj ism\u00e9t felvir\u00e1gozz\u00e9k.<br><\/p>\n\n\n\n<p class=\"wp-block-paragraph\">Mak\u00f3, 2007. 09. 18.<\/p>\n","protected":false},"excerpt":{"rendered":"<p>MAK\u00d3I VARGA ANNA(Antal Imr\u00e9n\u00e9) Pet\u0151fi S\u00e1ndor \u201eAz Alf\u00f6ld\u201d c\u00edm\u0171 h\u00edres k\u00f6ltem\u00e9ny\u00e9ben p\u00e1rhuzamot \u00e1ll\u00edtott a \u201ezordonon K\u00e1rp\u00e1tok, \u00e9s az Alf\u00f6ld\u201d k\u00f6z\u00f6tt. A vers els\u0151 n\u00e9gy sor\u00e1ban \u00edgy ki\u00e1lt fel a k\u00f6lt\u0151: A vers befejez\u0151 n\u00e9gy sor\u00e1ban el\u00e9nk t\u00e1rja Pet\u0151fi po\u00e9tikus hitvall\u00e1s\u00e1t, ragaszkod\u00e1s\u00e1t az alf\u00f6ldi t\u00e1jhoz: Varga Anna is Pet\u0151fi S\u00e1ndor sz\u00e9p Alf\u00f6ldj\u00e9n sz\u00fcletett. Akkort\u00e1jt m\u00e9g az &#8230; <a title=\"MAK\u00d3I VARGA ANNA (Antal Imr\u00e9n\u00e9)\" class=\"read-more\" href=\"https:\/\/bozsogiattila.hu\/?p=796\" aria-label=\"Tov\u00e1bbiak MAK\u00d3I VARGA ANNA (Antal Imr\u00e9n\u00e9)\">Olvass tov\u00e1bb<\/a><\/p>\n","protected":false},"author":3,"featured_media":0,"comment_status":"closed","ping_status":"open","sticky":false,"template":"","format":"standard","meta":{"footnotes":""},"categories":[300],"tags":[35,12],"class_list":["post-796","post","type-post","status-publish","format-standard","hentry","category-esszek-ujsagcikkek-tanulmanyok-kritikak","tag-35","tag-mako"],"yoast_head":"<!-- This site is optimized with the Yoast SEO plugin v21.8 - https:\/\/yoast.com\/wordpress\/plugins\/seo\/ -->\n<title>MAK\u00d3I VARGA ANNA (Antal Imr\u00e9n\u00e9) - Bozsogi Attila<\/title>\n<meta name=\"robots\" content=\"index, follow, max-snippet:-1, max-image-preview:large, max-video-preview:-1\" \/>\n<link rel=\"canonical\" href=\"https:\/\/bozsogiattila.hu\/?p=796\" \/>\n<meta property=\"og:locale\" content=\"hu_HU\" \/>\n<meta property=\"og:type\" content=\"article\" \/>\n<meta property=\"og:title\" content=\"MAK\u00d3I VARGA ANNA (Antal Imr\u00e9n\u00e9) - Bozsogi Attila\" \/>\n<meta property=\"og:description\" content=\"MAK\u00d3I VARGA ANNA(Antal Imr\u00e9n\u00e9) Pet\u0151fi S\u00e1ndor \u201eAz Alf\u00f6ld\u201d c\u00edm\u0171 h\u00edres k\u00f6ltem\u00e9ny\u00e9ben p\u00e1rhuzamot \u00e1ll\u00edtott a \u201ezordonon K\u00e1rp\u00e1tok, \u00e9s az Alf\u00f6ld\u201d k\u00f6z\u00f6tt. A vers els\u0151 n\u00e9gy sor\u00e1ban \u00edgy ki\u00e1lt fel a k\u00f6lt\u0151: A vers befejez\u0151 n\u00e9gy sor\u00e1ban el\u00e9nk t\u00e1rja Pet\u0151fi po\u00e9tikus hitvall\u00e1s\u00e1t, ragaszkod\u00e1s\u00e1t az alf\u00f6ldi t\u00e1jhoz: Varga Anna is Pet\u0151fi S\u00e1ndor sz\u00e9p Alf\u00f6ldj\u00e9n sz\u00fcletett. Akkort\u00e1jt m\u00e9g az ... Olvass tov\u00e1bb\" \/>\n<meta property=\"og:url\" content=\"https:\/\/bozsogiattila.hu\/?p=796\" \/>\n<meta property=\"og:site_name\" content=\"Bozsogi Attila\" \/>\n<meta property=\"article:published_time\" content=\"2007-09-18T12:36:00+00:00\" \/>\n<meta property=\"article:modified_time\" content=\"2024-01-07T12:37:19+00:00\" \/>\n<meta name=\"author\" content=\"Bozsogi Attila\" \/>\n<meta name=\"twitter:card\" content=\"summary_large_image\" \/>\n<meta name=\"twitter:label1\" content=\"Szerz\u0151:\" \/>\n\t<meta name=\"twitter:data1\" content=\"Bozsogi Attila\" \/>\n\t<meta name=\"twitter:label2\" content=\"Becs\u00fclt olvas\u00e1si id\u0151\" \/>\n\t<meta name=\"twitter:data2\" content=\"4 perc\" \/>\n<script type=\"application\/ld+json\" class=\"yoast-schema-graph\">{\"@context\":\"https:\/\/schema.org\",\"@graph\":[{\"@type\":\"WebPage\",\"@id\":\"https:\/\/bozsogiattila.hu\/?p=796\",\"url\":\"https:\/\/bozsogiattila.hu\/?p=796\",\"name\":\"MAK\u00d3I VARGA ANNA (Antal Imr\u00e9n\u00e9) - Bozsogi Attila\",\"isPartOf\":{\"@id\":\"https:\/\/bozsogiattila.hu\/#website\"},\"datePublished\":\"2007-09-18T12:36:00+00:00\",\"dateModified\":\"2024-01-07T12:37:19+00:00\",\"author\":{\"@id\":\"https:\/\/bozsogiattila.hu\/#\/schema\/person\/488c99f554a8c4039201260dd5eb795e\"},\"breadcrumb\":{\"@id\":\"https:\/\/bozsogiattila.hu\/?p=796#breadcrumb\"},\"inLanguage\":\"hu\",\"potentialAction\":[{\"@type\":\"ReadAction\",\"target\":[\"https:\/\/bozsogiattila.hu\/?p=796\"]}]},{\"@type\":\"BreadcrumbList\",\"@id\":\"https:\/\/bozsogiattila.hu\/?p=796#breadcrumb\",\"itemListElement\":[{\"@type\":\"ListItem\",\"position\":1,\"name\":\"Kezd\u0151lap\",\"item\":\"https:\/\/bozsogiattila.hu\/\"},{\"@type\":\"ListItem\",\"position\":2,\"name\":\"MAK\u00d3I VARGA ANNA (Antal Imr\u00e9n\u00e9)\"}]},{\"@type\":\"WebSite\",\"@id\":\"https:\/\/bozsogiattila.hu\/#website\",\"url\":\"https:\/\/bozsogiattila.hu\/\",\"name\":\"Bozsogi Attila\",\"description\":\"a zen\u00e9sz, \u00edr\u00f3 munk\u00e1ss\u00e1g\u00e1nak \u00e9s a mak\u00f3i muzsikusok eml\u00e9k\u00e9t \u0151rz\u0151 oldal\",\"potentialAction\":[{\"@type\":\"SearchAction\",\"target\":{\"@type\":\"EntryPoint\",\"urlTemplate\":\"https:\/\/bozsogiattila.hu\/?s={search_term_string}\"},\"query-input\":\"required name=search_term_string\"}],\"inLanguage\":\"hu\"},{\"@type\":\"Person\",\"@id\":\"https:\/\/bozsogiattila.hu\/#\/schema\/person\/488c99f554a8c4039201260dd5eb795e\",\"name\":\"Bozsogi Attila\",\"image\":{\"@type\":\"ImageObject\",\"inLanguage\":\"hu\",\"@id\":\"https:\/\/bozsogiattila.hu\/#\/schema\/person\/image\/\",\"url\":\"https:\/\/secure.gravatar.com\/avatar\/7da6b5985e34ed798d1670c54ce7d20e6a53b800bb0c07945c64b09392f3dbfd?s=96&d=mm&r=g\",\"contentUrl\":\"https:\/\/secure.gravatar.com\/avatar\/7da6b5985e34ed798d1670c54ce7d20e6a53b800bb0c07945c64b09392f3dbfd?s=96&d=mm&r=g\",\"caption\":\"Bozsogi Attila\"},\"sameAs\":[\"http:\/\/www.boszogiattila.hu\"],\"url\":\"https:\/\/bozsogiattila.hu\/?author=3\"}]}<\/script>\n<!-- \/ Yoast SEO plugin. -->","yoast_head_json":{"title":"MAK\u00d3I VARGA ANNA (Antal Imr\u00e9n\u00e9) - Bozsogi Attila","robots":{"index":"index","follow":"follow","max-snippet":"max-snippet:-1","max-image-preview":"max-image-preview:large","max-video-preview":"max-video-preview:-1"},"canonical":"https:\/\/bozsogiattila.hu\/?p=796","og_locale":"hu_HU","og_type":"article","og_title":"MAK\u00d3I VARGA ANNA (Antal Imr\u00e9n\u00e9) - Bozsogi Attila","og_description":"MAK\u00d3I VARGA ANNA(Antal Imr\u00e9n\u00e9) Pet\u0151fi S\u00e1ndor \u201eAz Alf\u00f6ld\u201d c\u00edm\u0171 h\u00edres k\u00f6ltem\u00e9ny\u00e9ben p\u00e1rhuzamot \u00e1ll\u00edtott a \u201ezordonon K\u00e1rp\u00e1tok, \u00e9s az Alf\u00f6ld\u201d k\u00f6z\u00f6tt. A vers els\u0151 n\u00e9gy sor\u00e1ban \u00edgy ki\u00e1lt fel a k\u00f6lt\u0151: A vers befejez\u0151 n\u00e9gy sor\u00e1ban el\u00e9nk t\u00e1rja Pet\u0151fi po\u00e9tikus hitvall\u00e1s\u00e1t, ragaszkod\u00e1s\u00e1t az alf\u00f6ldi t\u00e1jhoz: Varga Anna is Pet\u0151fi S\u00e1ndor sz\u00e9p Alf\u00f6ldj\u00e9n sz\u00fcletett. Akkort\u00e1jt m\u00e9g az ... Olvass tov\u00e1bb","og_url":"https:\/\/bozsogiattila.hu\/?p=796","og_site_name":"Bozsogi Attila","article_published_time":"2007-09-18T12:36:00+00:00","article_modified_time":"2024-01-07T12:37:19+00:00","author":"Bozsogi Attila","twitter_card":"summary_large_image","twitter_misc":{"Szerz\u0151:":"Bozsogi Attila","Becs\u00fclt olvas\u00e1si id\u0151":"4 perc"},"schema":{"@context":"https:\/\/schema.org","@graph":[{"@type":"WebPage","@id":"https:\/\/bozsogiattila.hu\/?p=796","url":"https:\/\/bozsogiattila.hu\/?p=796","name":"MAK\u00d3I VARGA ANNA (Antal Imr\u00e9n\u00e9) - Bozsogi Attila","isPartOf":{"@id":"https:\/\/bozsogiattila.hu\/#website"},"datePublished":"2007-09-18T12:36:00+00:00","dateModified":"2024-01-07T12:37:19+00:00","author":{"@id":"https:\/\/bozsogiattila.hu\/#\/schema\/person\/488c99f554a8c4039201260dd5eb795e"},"breadcrumb":{"@id":"https:\/\/bozsogiattila.hu\/?p=796#breadcrumb"},"inLanguage":"hu","potentialAction":[{"@type":"ReadAction","target":["https:\/\/bozsogiattila.hu\/?p=796"]}]},{"@type":"BreadcrumbList","@id":"https:\/\/bozsogiattila.hu\/?p=796#breadcrumb","itemListElement":[{"@type":"ListItem","position":1,"name":"Kezd\u0151lap","item":"https:\/\/bozsogiattila.hu\/"},{"@type":"ListItem","position":2,"name":"MAK\u00d3I VARGA ANNA (Antal Imr\u00e9n\u00e9)"}]},{"@type":"WebSite","@id":"https:\/\/bozsogiattila.hu\/#website","url":"https:\/\/bozsogiattila.hu\/","name":"Bozsogi Attila","description":"a zen\u00e9sz, \u00edr\u00f3 munk\u00e1ss\u00e1g\u00e1nak \u00e9s a mak\u00f3i muzsikusok eml\u00e9k\u00e9t \u0151rz\u0151 oldal","potentialAction":[{"@type":"SearchAction","target":{"@type":"EntryPoint","urlTemplate":"https:\/\/bozsogiattila.hu\/?s={search_term_string}"},"query-input":"required name=search_term_string"}],"inLanguage":"hu"},{"@type":"Person","@id":"https:\/\/bozsogiattila.hu\/#\/schema\/person\/488c99f554a8c4039201260dd5eb795e","name":"Bozsogi Attila","image":{"@type":"ImageObject","inLanguage":"hu","@id":"https:\/\/bozsogiattila.hu\/#\/schema\/person\/image\/","url":"https:\/\/secure.gravatar.com\/avatar\/7da6b5985e34ed798d1670c54ce7d20e6a53b800bb0c07945c64b09392f3dbfd?s=96&d=mm&r=g","contentUrl":"https:\/\/secure.gravatar.com\/avatar\/7da6b5985e34ed798d1670c54ce7d20e6a53b800bb0c07945c64b09392f3dbfd?s=96&d=mm&r=g","caption":"Bozsogi Attila"},"sameAs":["http:\/\/www.boszogiattila.hu"],"url":"https:\/\/bozsogiattila.hu\/?author=3"}]}},"jetpack_featured_media_url":"","_links":{"self":[{"href":"https:\/\/bozsogiattila.hu\/index.php?rest_route=\/wp\/v2\/posts\/796","targetHints":{"allow":["GET"]}}],"collection":[{"href":"https:\/\/bozsogiattila.hu\/index.php?rest_route=\/wp\/v2\/posts"}],"about":[{"href":"https:\/\/bozsogiattila.hu\/index.php?rest_route=\/wp\/v2\/types\/post"}],"author":[{"embeddable":true,"href":"https:\/\/bozsogiattila.hu\/index.php?rest_route=\/wp\/v2\/users\/3"}],"replies":[{"embeddable":true,"href":"https:\/\/bozsogiattila.hu\/index.php?rest_route=%2Fwp%2Fv2%2Fcomments&post=796"}],"version-history":[{"count":1,"href":"https:\/\/bozsogiattila.hu\/index.php?rest_route=\/wp\/v2\/posts\/796\/revisions"}],"predecessor-version":[{"id":797,"href":"https:\/\/bozsogiattila.hu\/index.php?rest_route=\/wp\/v2\/posts\/796\/revisions\/797"}],"wp:attachment":[{"href":"https:\/\/bozsogiattila.hu\/index.php?rest_route=%2Fwp%2Fv2%2Fmedia&parent=796"}],"wp:term":[{"taxonomy":"category","embeddable":true,"href":"https:\/\/bozsogiattila.hu\/index.php?rest_route=%2Fwp%2Fv2%2Fcategories&post=796"},{"taxonomy":"post_tag","embeddable":true,"href":"https:\/\/bozsogiattila.hu\/index.php?rest_route=%2Fwp%2Fv2%2Ftags&post=796"}],"curies":[{"name":"wp","href":"https:\/\/api.w.org\/{rel}","templated":true}]}}