{"id":798,"date":"2009-05-13T12:37:00","date_gmt":"2009-05-13T12:37:00","guid":{"rendered":"https:\/\/bozsogiattila.hu\/?p=798"},"modified":"2024-01-07T12:39:05","modified_gmt":"2024-01-07T12:39:05","slug":"tisztelt-miniszterelnok-urmedgyessy-peter-nyilt-level-magyarorszag-miniszterelnokehez","status":"publish","type":"post","link":"https:\/\/bozsogiattila.hu\/?p=798","title":{"rendered":"TISZTELT MINISZTERELN\u00d6K \u00daR(Medgyessy P\u00e9ter) &#8211; ny\u00edlt lev\u00e9l Magyarorsz\u00e1g minisztereln\u00f6k\u00e9hez"},"content":{"rendered":"\n<p class=\"wp-block-paragraph\">TISZTELT MINISZTERELN\u00d6K \u00daR<br>(Medgyessy P\u00e9ter)<\/p>\n\n\n\n<p class=\"wp-block-paragraph\">Sohasem voltam semmilyen p\u00e1rtnak sem tagja, de mint hazafias \u00e9rzelmekkel tel\u00edtett nyugd\u00edjas hazafi, ebben a neh\u00e9z gazdas\u00e1gi helyzetben \u00f6tleteimmel igyekszem hasznos tagj\u00e1v\u00e1 v\u00e1lni haz\u00e1nknak.<br>Horn Gyula egyszer tett egy olyan kijelent\u00e9st: \u201eHa Magyarorsz\u00e1gon nem volna egyetlen nyugd\u00edjas sem, nem volna tartoz\u00e1sa az orsz\u00e1gnak\u201d! (\u0150 is felveszi a nem ak\u00e1rmilyen nyugd\u00edj\u00e1t)<br>\u00d6n \u00e9s a MSZP vezet\u00e9se, c\u00e9lul t\u0171zte ki a nyugd\u00edjasok teljes t\u00f6nkretev\u00e9s\u00e9t, \u00e9let\u00fck h\u00e1tral\u00e9v\u0151 r\u00e9sz\u00e9nek megkeser\u00edt\u00e9s\u00e9t. Tudom a nyugd\u00edjas r\u00e1fizet\u00e9s az orsz\u00e1gnak, de a csecsem\u0151 is nyugd\u00edjass\u00e1 v\u00e1lik egyszer, ha meg\u00e9ri.<br>\u00d6n\u00f6k, akik d\u00fask\u00e1lnak az anyagi javakban, nem tudj\u00e1k, vagy nem akarj\u00e1k tudom\u00e1sul venni, hogy a mai \u00e1rak mellett, hogyan lehet 35-40 ezer forintos nyugd\u00edjakb\u00f3l meg\u00e9lni. (Rengeteg ilyen \u00e9s 50-60 ezer forintb\u00f3l \u201e\u00e9l\u0151\u201d nyugd\u00edjas van.) Ahogy mondani szok\u00e1s ez az \u00f6sszeg az \u00e9henhal\u00e1shoz sok, a meg\u00e9lhet\u00e9shez kev\u00e9s.<br>Javasoln\u00e1m \u00d6nnek is, hogy az elk\u00f6vetkez\u0151 t\u00e9len aludjon csal\u00e1dj\u00e1val szolidal\u00edt\u00e1sb\u00f3l hideg szob\u00e1ban. (Nagyon eg\u00e9szs\u00e9ges, csak embert pr\u00f3b\u00e1l\u00f3).<br>A nyugd\u00edjasok sors\u00e1r\u00f3l egy tollvon\u00e1ssal d\u00f6nt\u00f6ttek. A miniszterek fizet\u00e9s\u00e9nek cs\u00f6kkent\u00e9s\u00e9r\u0151l viszont a minden szentnek maga fel\u00e9 hajlik, a keze alapon h\u00fazz\u00e1k az id\u0151t.<br>Sv\u00e1jcban a teljes kantonok k\u00e9t, a f\u00e9l kantonok egy k\u00e9pvisel\u0151t adnak, ennek alapj\u00e1n 52 k\u00e9pvisel\u0151 vesz r\u00e9szt az orsz\u00e1g ir\u00e1ny\u00edt\u00e1s\u00e1ban, irigyl\u00e9sre m\u00e9lt\u00f3 m\u00f3don.<br>N\u00e1lunk a b\u00f3biskol\u00f3 k\u00e9pvisel\u0151k alig f\u00e9rnek az orsz\u00e1gh\u00e1zban. A k\u00e9pvisel\u0151k sz\u00e1ma, ha a fele volna, akkor is sokan voln\u00e1nak. Mi\u00e9rt van sz\u00fcks\u00e9g a list\u00e1s k\u00e9pvisel\u0151kre, mi\u00e9rt nem csak azok t\u00f6ltik be ezeket a posztokat, akiket a n\u00e9p v\u00e1laszt meg. (Sokat lehetne sp\u00f3rolni!)<br>Milli\u00e1rdokat k\u00f6ltenek a kamp\u00e1nyok idej\u00e9n a p\u00e1rtok a siker \u00e9rdek\u00e9ben. Nem kellene erre p\u00e9nzt biztos\u00edtani, oldj\u00e1k meg a tagd\u00edjakb\u00f3l.<br>Az \u00d6n\u00f6k napjai meg vannak sz\u00e1ml\u00e1lva, (J\u00f3 p\u00e9lda erre a p\u00e9csi v\u00e1laszt\u00e1s, ahol az egykori MSZP-s v\u00e1rosban p\u00e1rtjuk cs\u00fafos veres\u00e9get szenvedett) van olyan \u00e9rz\u00e9sem, hogy sz\u00e1nd\u00e9kosan, sanyargatj\u00e1k a nyugd\u00edjasokat, hogy azok szavazatainak elveszt\u00e9s\u00e9vel, m\u00e9g a parlamentbe sem ker\u00fcljenek be. Mint id\u0151s nyugd\u00edjas \u00fagy l\u00e1tom, hogy p\u00e1rtjuk sz\u00e9tzil\u00e1l\u00e1s\u00e1nak megval\u00f3s\u00edt\u00e1s\u00e1ra \u00d6nt jel\u00f6lt\u00e9k ki. Minden int\u00e9zked\u00e9s\u00fckkel a FIDESZNEK kedveznek. C\u00e9lul t\u0171zt\u00e9k ki az MSZP likvid\u00e1l\u00e1s\u00e1t a parlamentb\u0151l?<br>A menek\u00fcl\u0151 patk\u00e1nyokhoz hasonl\u00f3an rengeteg nagy fizet\u00e9ssel rendelkez\u0151 vezet\u0151 elment el\u0151rehozott nyugd\u00edjba, \u00e9s az \u0151 t\u00f6bbsz\u00e1zezer forintos nyugd\u00edjuk k\u00f6vetkezt\u00e9ben az egy f\u0151re es\u0151 \u00e1tlag nyugd\u00edj \u00f6sszege jelent\u0151sen megemelkedett. A fegyveres test\u00fcletekn\u00e9l 40-45 \u00e9ves emberek 25 \u00e9ves szolg\u00e1lat ut\u00e1n nyugd\u00edjba mehetnek. Term\u00e9szetesen \u00f6sszek\u00f6ttet\u00e9s\u00fck r\u00e9v\u00e9n valahol munk\u00e1t v\u00e1llalnak. Rengeteg fiatal rokkantnyugd\u00edjas van, k\u00f6z\u00f6tt\u00fck nagyr\u00e9sz\u00fck \u00f6sszek\u00f6ttet\u00e9s vagy korrupci\u00f3 k\u00f6vetkezt\u00e9ben \u00e9rt\u00e9k el nyugd\u00edjaz\u00e1sukat. (J\u00f3k ezek a rendeletek?) Ezzel szemben szigor\u00faan ellen\u0151rzik az id\u0151s nyugd\u00edjasok rokkantnyugd\u00edj\u00e1nak jogoss\u00e1g\u00e1t. Egy ismer\u0151s\u00f6m mindk\u00e9t l\u00e1b\u00e1t amput\u00e1lt\u00e1k. \u00c9rthetetlen m\u00f3don Mak\u00f3r\u00f3l rendszeresen be kellett vitetni mag\u00e1t Szegedre, fel\u00fclvizsg\u00e1latra, ha nem jelent volna meg, megvont\u00e1k volna az am\u00fagy is kev\u00e9s nyugd\u00edj\u00e1t. K\u00e9rdezn\u00e9m, h\u00e1ny ilyen \u00e9s ehhez hasonl\u00f3 b\u00fcrokratikus int\u00e9zked\u00e9s van az orsz\u00e1gban, vagy b\u00edznak a csod\u00e1ban, hogy kin\u0151nek a leamput\u00e1lt v\u00e9gtagok.<br>Egy alkalommal volt szerencs\u00e9m egy 81 \u00e9ves amerikai zsid\u00f3 nagykeresked\u0151vel besz\u00e9lgetnem, aki Mak\u00f3r\u00f3l ker\u00fclt ki az \u00edg\u00e9ret f\u00f6ldj\u00e9re. Megk\u00e9rdeztem, hogy nyugd\u00edj mellett folytatja az \u00fczleti v\u00e1llalkoz\u00e1s\u00e1t. \u00c9rtetlen\u00fcl n\u00e9zet r\u00e1m k\u00e9rd\u00e9sem ut\u00e1n, \u00e9s elmondta, hogy Amerik\u00e1ban vagy nyugd\u00edjask\u00e9nt \u00e9l valaki, vagy dolgozik. A kett\u0151 egy\u00fctt nem megy. (N\u00e1lunk mi\u00e9rt nincs \u00edgy?)<br>Olyanr\u00f3l soha nem hallottam m\u00e9g, hogy egy kubikos, amikor el\u00e9rte a nyugd\u00edjkorhat\u00e1rt tov\u00e1bb dolgozott volna. A vezet\u0151 beoszt\u00e1s\u00fa egy\u00e9nek viszont alig v\u00e1rj\u00e1k nyugd\u00edjaz\u00e1sukat, \u00e9s ut\u00e1na tov\u00e1bb dolgoznak, \u00e9s felveszik mind a k\u00e9t nagyon magas fizet\u00e9st. &#8211; Mi\u00e9rt? &#8211;<br>Rengeteg a munkan\u00e9lk\u00fcli, a nyugd\u00edjasok elfoglalj\u00e1k a magas j\u00f6vedelm\u0171 \u00e1ll\u00e1sokat, lehetetlenn\u00e9 t\u00e9ve a fiatalabb gener\u00e1ci\u00f3 karrierj\u00e9nek kibontakoz\u00e1s\u00e1t, \u00e9s ezzel megindul az \u00e9rt\u00e9kes, komoly v\u00e9gzetts\u00e9ggel rendelkez\u0151k kiv\u00e1ndorl\u00e1sa haz\u00e1nkb\u00f3l.<br>Engedtess\u00e9k meg nekem, aki az egykori kommunista rendszerben n\u0151ttem fel, \u00e9s \u00e9ltem elfogadhat\u00f3 k\u00f6r\u00fclm\u00e9nyek k\u00f6z\u00f6tt, hogy mint p\u00e1rton k\u00edv\u00fcli az MSZP szimpatiz\u00e1nsa legyek, \u00e9s agg\u00f3djak annak a p\u00e1rtnak a sors\u00e1\u00e9rt, mely jogut\u00f3da az egykori MSZMP-nek, mely p\u00e1rt idej\u00e9re a re\u00e1lisan gondolkoz\u00f3k \u00fagy eml\u00e9keznek: \u201eAbban az id\u0151ben j\u00f3l \u00e9lt\u00fcnk\u201d.<br>A fuvarosok mindig a gyeng\u00e9bb lovat szokt\u00e1k \u00fctni, hogy h\u00fazzon jobban. Most ez a szerep a nyugd\u00edjasokra esik, akikt\u0151l, ha elveszik a kedvezm\u00e9nyes utaz\u00e1st is, olyan f\u00f6ldh\u00f6zragadtak lesznek, mint a jobb\u00e1gyok voltak egykoron.<br>Rohamosan fogy az orsz\u00e1g lakoss\u00e1ga: ezzel szemben nem seg\u00edtik a gyermeket, vagy gyermekeket v\u00e1llal\u00f3k helyzet\u00e9t, hanem \u00e9rthetetlen m\u00f3don cs\u00f6kkentik a t\u00e1mogat\u00e1sukat. Sok b\u00f6lcs\u0151d\u00e9t, \u00f3vod\u00e1t, iskol\u00e1t felsz\u00e1moltak, ezzel megkeser\u00edtett\u00e9k a t\u00f6bb gyermekesek \u00e9let\u00e9t, \u00e9s ha dolgozni szeretn\u00e9nek a csal\u00e1d jobb anyagi k\u00f6r\u00fclm\u00e9ny\u00e9nek \u00e9rdek\u00e9ben, nem tudj\u00e1k hol elhelyezni a gyermekeiket.<br>Minisztereln\u00f6k \u00dar! Javasoln\u00e1m: egy olyan v\u00e1rosban, mint pl. Mak\u00f3 (Ahol 40ezerb\u0151l m\u00e1r csak 24ezren \u00e9lnek) s\u00e9t\u00e1lgasson az utc\u00e1kon, \u00e9s meg fog lep\u0151dni, hogy nem tal\u00e1l olyan utc\u00e1t, ahol ne volna, vagy voln\u00e1nak elad\u00f3 h\u00e1zak. \u00d6n javasolta, hogy azok, akik az egykori csal\u00e1di h\u00e1zakat nem tudj\u00e1k fenntartani, adj\u00e1k el, \u00e9s v\u00e1s\u00e1roljanak kisebbet. Javaslat\u00e1t nem tartom c\u00e9lszer\u0171nek, mert a h\u00e1zak \u00e9rt\u00e9k\u00fcknek megfelel\u0151en nem eladhat\u00f3k, csup\u00e1n szerencs\u00e9vel elherd\u00e1lhat\u00f3k f\u00e9l, vagy ann\u00e1l kisebb \u00e1ron.<br>M\u00e1r azon sem csod\u00e1lkozn\u00e9k, ha egyszer felvet\u0151dne egy olyan javaslat, hogy ad\u00f3ztass\u00e1k meg a f\u00e9ny\u0171z\u00e9snek sz\u00e1m\u00edt\u00f3 t\u00f6bb sz\u00e1zezer vagy milli\u00f3t \u00e9r\u0151 kript\u00e1kban, csal\u00e1di s\u00edrboltokban nyugv\u00f3 \u0151seink hozz\u00e1tartoz\u00f3it, mivel az egyh\u00e1zaknak csak a hely\u00e9rt fizetnek, de a luxus k\u00f6r\u00fclm\u00e9nyek\u00e9rt nem. Megad\u00f3ztat\u00e1sukkal milli\u00e1rdokat lehetne behajtani, \u00e9s itt mindig n\u00f6vekszik a l\u00e9tsz\u00e1m, \u00edgy a bev\u00e9tel is n\u00f6vekedne, hisz a temet\u0151k v\u00e1rom\u00e1nyosai a r\u00e9szint a nyugd\u00edjasok.<br>A rendszerv\u00e1lt\u00e1s ut\u00e1n, mint es\u0151 ut\u00e1n a gomba, \u00fagy n\u0151ttek ki a semmib\u0151l az egyre gazdagod\u00f3 milli\u00e1rdosok. \u201eTerm\u00e9szetesen\u201d az orsz\u00e1g fels\u0151 t\u00edzezr\u00e9hez tartoz\u00f3k mind becs\u00fclettel fizetik az ad\u00f3jukat, &#8211; vagy m\u00e9g sem?<br>Tal\u00e1n itt ezen a t\u00e9ren kellene kereskedni, \u00e9s az ad\u00f3csal\u00f3kat legal\u00e1bb oly m\u00e9rt\u00e9kben b\u00fcntetni, mint az ember\u00f6l\u00e9st. Egy gyilkos \u201ecsup\u00e1n\u201d egy-k\u00e9t \u00e9letet olt ki. Egy ad\u00f3csal\u00f3 viszont gy\u00f6ny\u00f6r\u0171 haz\u00e1nk ellens\u00e9ge.<br>Elgondolkoztam azon, hogy Katona J\u00f3zsef, ha most \u00e9lne, milyen b\u00fcszke volna a B\u00e1nk b\u00e1n c\u00edm\u0171 m\u0171v\u00e9ben \u00edrt Tiborc panasz\u00e1ra, mely jelenleg tal\u00e1n id\u0151szer\u0171bb, mint egykor a meg\u00edr\u00e1sa idej\u00e9n volt.<br>Lehet, hogy nem t\u00falzok, ha azt javasolom: c\u00e9lszer\u0171 volna felolvasni az orsz\u00e1gh\u00e1zban, h\u00e1tha ennek hat\u00e1s\u00e1ra voln\u00e1nak k\u00f6vet\u0151i gr\u00f3f Sz\u00e9chenyi Istv\u00e1nnak, aki hatalmas vagyon\u00e1nak egy \u00e9vi j\u00f6vedelm\u00e9t felaj\u00e1nlotta, mintegy \u00f6szt\u00f6nz\u00e9sk\u00e9nt a nemess\u00e9g el\u0151tt, az orsz\u00e1g \u00e9rdek\u00e9ben a L\u00e1nc-h\u00edd fel\u00e9p\u00edt\u00e9s\u00e9re.<br>Sz\u00e9ch\u00e9nyi gr\u00f3f lehet, hogy annak idej\u00e9n m\u00e1r r\u00e1j\u00f6tt, hogy a gazdagok r\u00e9tege alkalmasabb anyagilag az orsz\u00e1g fellend\u00edt\u00e9s\u00e9hez, mint a szeg\u00e9nyek \u00e9s a nyugd\u00edjasok sanyargat\u00e1s\u00e1val pr\u00f3b\u00e1lkozni e t\u00e9ren.<br>Megnyugtat\u00f3 v\u00e1laszt kaptam, de l\u00e9nyeg\u00e9ben nem t\u00f6rt\u00e9nt semmi!<\/p>\n\n\n\n<p class=\"wp-block-paragraph\"><br>Mak\u00f3, 2009. 05. 13.<\/p>\n","protected":false},"excerpt":{"rendered":"<p>TISZTELT MINISZTERELN\u00d6K \u00daR(Medgyessy P\u00e9ter) Sohasem voltam semmilyen p\u00e1rtnak sem tagja, de mint hazafias \u00e9rzelmekkel tel\u00edtett nyugd\u00edjas hazafi, ebben a neh\u00e9z gazdas\u00e1gi helyzetben \u00f6tleteimmel igyekszem hasznos tagj\u00e1v\u00e1 v\u00e1lni haz\u00e1nknak.Horn Gyula egyszer tett egy olyan kijelent\u00e9st: \u201eHa Magyarorsz\u00e1gon nem volna egyetlen nyugd\u00edjas sem, nem volna tartoz\u00e1sa az orsz\u00e1gnak\u201d! (\u0150 is felveszi a nem ak\u00e1rmilyen nyugd\u00edj\u00e1t)\u00d6n \u00e9s a &#8230; <a title=\"TISZTELT MINISZTERELN\u00d6K \u00daR(Medgyessy P\u00e9ter) &#8211; ny\u00edlt lev\u00e9l Magyarorsz\u00e1g minisztereln\u00f6k\u00e9hez\" class=\"read-more\" href=\"https:\/\/bozsogiattila.hu\/?p=798\" aria-label=\"Tov\u00e1bbiak TISZTELT MINISZTERELN\u00d6K \u00daR(Medgyessy P\u00e9ter) &#8211; ny\u00edlt lev\u00e9l Magyarorsz\u00e1g minisztereln\u00f6k\u00e9hez\">Olvass tov\u00e1bb<\/a><\/p>\n","protected":false},"author":3,"featured_media":0,"comment_status":"closed","ping_status":"open","sticky":false,"template":"","format":"standard","meta":{"footnotes":""},"categories":[300],"tags":[32,12],"class_list":["post-798","post","type-post","status-publish","format-standard","hentry","category-esszek-ujsagcikkek-tanulmanyok-kritikak","tag-32","tag-mako"],"yoast_head":"<!-- This site is optimized with the Yoast SEO plugin v21.8 - https:\/\/yoast.com\/wordpress\/plugins\/seo\/ -->\n<title>TISZTELT MINISZTERELN\u00d6K \u00daR(Medgyessy P\u00e9ter) - ny\u00edlt lev\u00e9l Magyarorsz\u00e1g minisztereln\u00f6k\u00e9hez - Bozsogi Attila<\/title>\n<meta name=\"robots\" content=\"index, follow, max-snippet:-1, max-image-preview:large, max-video-preview:-1\" \/>\n<link rel=\"canonical\" href=\"https:\/\/bozsogiattila.hu\/?p=798\" \/>\n<meta property=\"og:locale\" content=\"hu_HU\" \/>\n<meta property=\"og:type\" content=\"article\" \/>\n<meta property=\"og:title\" content=\"TISZTELT MINISZTERELN\u00d6K \u00daR(Medgyessy P\u00e9ter) - ny\u00edlt lev\u00e9l Magyarorsz\u00e1g minisztereln\u00f6k\u00e9hez - Bozsogi Attila\" \/>\n<meta property=\"og:description\" content=\"TISZTELT MINISZTERELN\u00d6K \u00daR(Medgyessy P\u00e9ter) Sohasem voltam semmilyen p\u00e1rtnak sem tagja, de mint hazafias \u00e9rzelmekkel tel\u00edtett nyugd\u00edjas hazafi, ebben a neh\u00e9z gazdas\u00e1gi helyzetben \u00f6tleteimmel igyekszem hasznos tagj\u00e1v\u00e1 v\u00e1lni haz\u00e1nknak.Horn Gyula egyszer tett egy olyan kijelent\u00e9st: \u201eHa Magyarorsz\u00e1gon nem volna egyetlen nyugd\u00edjas sem, nem volna tartoz\u00e1sa az orsz\u00e1gnak\u201d! (\u0150 is felveszi a nem ak\u00e1rmilyen nyugd\u00edj\u00e1t)\u00d6n \u00e9s a ... Olvass tov\u00e1bb\" \/>\n<meta property=\"og:url\" content=\"https:\/\/bozsogiattila.hu\/?p=798\" \/>\n<meta property=\"og:site_name\" content=\"Bozsogi Attila\" \/>\n<meta property=\"article:published_time\" content=\"2009-05-13T12:37:00+00:00\" \/>\n<meta property=\"article:modified_time\" content=\"2024-01-07T12:39:05+00:00\" \/>\n<meta name=\"author\" content=\"Bozsogi Attila\" \/>\n<meta name=\"twitter:card\" content=\"summary_large_image\" \/>\n<meta name=\"twitter:label1\" content=\"Szerz\u0151:\" \/>\n\t<meta name=\"twitter:data1\" content=\"Bozsogi Attila\" \/>\n\t<meta name=\"twitter:label2\" content=\"Becs\u00fclt olvas\u00e1si id\u0151\" \/>\n\t<meta name=\"twitter:data2\" content=\"8 perc\" \/>\n<script type=\"application\/ld+json\" class=\"yoast-schema-graph\">{\"@context\":\"https:\/\/schema.org\",\"@graph\":[{\"@type\":\"WebPage\",\"@id\":\"https:\/\/bozsogiattila.hu\/?p=798\",\"url\":\"https:\/\/bozsogiattila.hu\/?p=798\",\"name\":\"TISZTELT MINISZTERELN\u00d6K \u00daR(Medgyessy P\u00e9ter) - ny\u00edlt lev\u00e9l Magyarorsz\u00e1g minisztereln\u00f6k\u00e9hez - Bozsogi Attila\",\"isPartOf\":{\"@id\":\"https:\/\/bozsogiattila.hu\/#website\"},\"datePublished\":\"2009-05-13T12:37:00+00:00\",\"dateModified\":\"2024-01-07T12:39:05+00:00\",\"author\":{\"@id\":\"https:\/\/bozsogiattila.hu\/#\/schema\/person\/488c99f554a8c4039201260dd5eb795e\"},\"breadcrumb\":{\"@id\":\"https:\/\/bozsogiattila.hu\/?p=798#breadcrumb\"},\"inLanguage\":\"hu\",\"potentialAction\":[{\"@type\":\"ReadAction\",\"target\":[\"https:\/\/bozsogiattila.hu\/?p=798\"]}]},{\"@type\":\"BreadcrumbList\",\"@id\":\"https:\/\/bozsogiattila.hu\/?p=798#breadcrumb\",\"itemListElement\":[{\"@type\":\"ListItem\",\"position\":1,\"name\":\"Kezd\u0151lap\",\"item\":\"https:\/\/bozsogiattila.hu\/\"},{\"@type\":\"ListItem\",\"position\":2,\"name\":\"TISZTELT MINISZTERELN\u00d6K \u00daR(Medgyessy P\u00e9ter) &#8211; ny\u00edlt lev\u00e9l Magyarorsz\u00e1g minisztereln\u00f6k\u00e9hez\"}]},{\"@type\":\"WebSite\",\"@id\":\"https:\/\/bozsogiattila.hu\/#website\",\"url\":\"https:\/\/bozsogiattila.hu\/\",\"name\":\"Bozsogi Attila\",\"description\":\"a zen\u00e9sz, \u00edr\u00f3 munk\u00e1ss\u00e1g\u00e1nak \u00e9s a mak\u00f3i muzsikusok eml\u00e9k\u00e9t \u0151rz\u0151 oldal\",\"potentialAction\":[{\"@type\":\"SearchAction\",\"target\":{\"@type\":\"EntryPoint\",\"urlTemplate\":\"https:\/\/bozsogiattila.hu\/?s={search_term_string}\"},\"query-input\":\"required name=search_term_string\"}],\"inLanguage\":\"hu\"},{\"@type\":\"Person\",\"@id\":\"https:\/\/bozsogiattila.hu\/#\/schema\/person\/488c99f554a8c4039201260dd5eb795e\",\"name\":\"Bozsogi Attila\",\"image\":{\"@type\":\"ImageObject\",\"inLanguage\":\"hu\",\"@id\":\"https:\/\/bozsogiattila.hu\/#\/schema\/person\/image\/\",\"url\":\"https:\/\/secure.gravatar.com\/avatar\/7da6b5985e34ed798d1670c54ce7d20e6a53b800bb0c07945c64b09392f3dbfd?s=96&d=mm&r=g\",\"contentUrl\":\"https:\/\/secure.gravatar.com\/avatar\/7da6b5985e34ed798d1670c54ce7d20e6a53b800bb0c07945c64b09392f3dbfd?s=96&d=mm&r=g\",\"caption\":\"Bozsogi Attila\"},\"sameAs\":[\"http:\/\/www.boszogiattila.hu\"],\"url\":\"https:\/\/bozsogiattila.hu\/?author=3\"}]}<\/script>\n<!-- \/ Yoast SEO plugin. -->","yoast_head_json":{"title":"TISZTELT MINISZTERELN\u00d6K \u00daR(Medgyessy P\u00e9ter) - ny\u00edlt lev\u00e9l Magyarorsz\u00e1g minisztereln\u00f6k\u00e9hez - Bozsogi Attila","robots":{"index":"index","follow":"follow","max-snippet":"max-snippet:-1","max-image-preview":"max-image-preview:large","max-video-preview":"max-video-preview:-1"},"canonical":"https:\/\/bozsogiattila.hu\/?p=798","og_locale":"hu_HU","og_type":"article","og_title":"TISZTELT MINISZTERELN\u00d6K \u00daR(Medgyessy P\u00e9ter) - ny\u00edlt lev\u00e9l Magyarorsz\u00e1g minisztereln\u00f6k\u00e9hez - Bozsogi Attila","og_description":"TISZTELT MINISZTERELN\u00d6K \u00daR(Medgyessy P\u00e9ter) Sohasem voltam semmilyen p\u00e1rtnak sem tagja, de mint hazafias \u00e9rzelmekkel tel\u00edtett nyugd\u00edjas hazafi, ebben a neh\u00e9z gazdas\u00e1gi helyzetben \u00f6tleteimmel igyekszem hasznos tagj\u00e1v\u00e1 v\u00e1lni haz\u00e1nknak.Horn Gyula egyszer tett egy olyan kijelent\u00e9st: \u201eHa Magyarorsz\u00e1gon nem volna egyetlen nyugd\u00edjas sem, nem volna tartoz\u00e1sa az orsz\u00e1gnak\u201d! (\u0150 is felveszi a nem ak\u00e1rmilyen nyugd\u00edj\u00e1t)\u00d6n \u00e9s a ... Olvass tov\u00e1bb","og_url":"https:\/\/bozsogiattila.hu\/?p=798","og_site_name":"Bozsogi Attila","article_published_time":"2009-05-13T12:37:00+00:00","article_modified_time":"2024-01-07T12:39:05+00:00","author":"Bozsogi Attila","twitter_card":"summary_large_image","twitter_misc":{"Szerz\u0151:":"Bozsogi Attila","Becs\u00fclt olvas\u00e1si id\u0151":"8 perc"},"schema":{"@context":"https:\/\/schema.org","@graph":[{"@type":"WebPage","@id":"https:\/\/bozsogiattila.hu\/?p=798","url":"https:\/\/bozsogiattila.hu\/?p=798","name":"TISZTELT MINISZTERELN\u00d6K \u00daR(Medgyessy P\u00e9ter) - ny\u00edlt lev\u00e9l Magyarorsz\u00e1g minisztereln\u00f6k\u00e9hez - Bozsogi Attila","isPartOf":{"@id":"https:\/\/bozsogiattila.hu\/#website"},"datePublished":"2009-05-13T12:37:00+00:00","dateModified":"2024-01-07T12:39:05+00:00","author":{"@id":"https:\/\/bozsogiattila.hu\/#\/schema\/person\/488c99f554a8c4039201260dd5eb795e"},"breadcrumb":{"@id":"https:\/\/bozsogiattila.hu\/?p=798#breadcrumb"},"inLanguage":"hu","potentialAction":[{"@type":"ReadAction","target":["https:\/\/bozsogiattila.hu\/?p=798"]}]},{"@type":"BreadcrumbList","@id":"https:\/\/bozsogiattila.hu\/?p=798#breadcrumb","itemListElement":[{"@type":"ListItem","position":1,"name":"Kezd\u0151lap","item":"https:\/\/bozsogiattila.hu\/"},{"@type":"ListItem","position":2,"name":"TISZTELT MINISZTERELN\u00d6K \u00daR(Medgyessy P\u00e9ter) &#8211; ny\u00edlt lev\u00e9l Magyarorsz\u00e1g minisztereln\u00f6k\u00e9hez"}]},{"@type":"WebSite","@id":"https:\/\/bozsogiattila.hu\/#website","url":"https:\/\/bozsogiattila.hu\/","name":"Bozsogi Attila","description":"a zen\u00e9sz, \u00edr\u00f3 munk\u00e1ss\u00e1g\u00e1nak \u00e9s a mak\u00f3i muzsikusok eml\u00e9k\u00e9t \u0151rz\u0151 oldal","potentialAction":[{"@type":"SearchAction","target":{"@type":"EntryPoint","urlTemplate":"https:\/\/bozsogiattila.hu\/?s={search_term_string}"},"query-input":"required name=search_term_string"}],"inLanguage":"hu"},{"@type":"Person","@id":"https:\/\/bozsogiattila.hu\/#\/schema\/person\/488c99f554a8c4039201260dd5eb795e","name":"Bozsogi Attila","image":{"@type":"ImageObject","inLanguage":"hu","@id":"https:\/\/bozsogiattila.hu\/#\/schema\/person\/image\/","url":"https:\/\/secure.gravatar.com\/avatar\/7da6b5985e34ed798d1670c54ce7d20e6a53b800bb0c07945c64b09392f3dbfd?s=96&d=mm&r=g","contentUrl":"https:\/\/secure.gravatar.com\/avatar\/7da6b5985e34ed798d1670c54ce7d20e6a53b800bb0c07945c64b09392f3dbfd?s=96&d=mm&r=g","caption":"Bozsogi Attila"},"sameAs":["http:\/\/www.boszogiattila.hu"],"url":"https:\/\/bozsogiattila.hu\/?author=3"}]}},"jetpack_featured_media_url":"","_links":{"self":[{"href":"https:\/\/bozsogiattila.hu\/index.php?rest_route=\/wp\/v2\/posts\/798","targetHints":{"allow":["GET"]}}],"collection":[{"href":"https:\/\/bozsogiattila.hu\/index.php?rest_route=\/wp\/v2\/posts"}],"about":[{"href":"https:\/\/bozsogiattila.hu\/index.php?rest_route=\/wp\/v2\/types\/post"}],"author":[{"embeddable":true,"href":"https:\/\/bozsogiattila.hu\/index.php?rest_route=\/wp\/v2\/users\/3"}],"replies":[{"embeddable":true,"href":"https:\/\/bozsogiattila.hu\/index.php?rest_route=%2Fwp%2Fv2%2Fcomments&post=798"}],"version-history":[{"count":1,"href":"https:\/\/bozsogiattila.hu\/index.php?rest_route=\/wp\/v2\/posts\/798\/revisions"}],"predecessor-version":[{"id":799,"href":"https:\/\/bozsogiattila.hu\/index.php?rest_route=\/wp\/v2\/posts\/798\/revisions\/799"}],"wp:attachment":[{"href":"https:\/\/bozsogiattila.hu\/index.php?rest_route=%2Fwp%2Fv2%2Fmedia&parent=798"}],"wp:term":[{"taxonomy":"category","embeddable":true,"href":"https:\/\/bozsogiattila.hu\/index.php?rest_route=%2Fwp%2Fv2%2Fcategories&post=798"},{"taxonomy":"post_tag","embeddable":true,"href":"https:\/\/bozsogiattila.hu\/index.php?rest_route=%2Fwp%2Fv2%2Ftags&post=798"}],"curies":[{"name":"wp","href":"https:\/\/api.w.org\/{rel}","templated":true}]}}