{"id":802,"date":"2008-06-16T12:40:00","date_gmt":"2008-06-16T12:40:00","guid":{"rendered":"https:\/\/bozsogiattila.hu\/?p=802"},"modified":"2024-01-09T20:39:52","modified_gmt":"2024-01-09T20:39:52","slug":"tisztelt-szerkesztoseg","status":"publish","type":"post","link":"https:\/\/bozsogiattila.hu\/?p=802","title":{"rendered":"TISZTELT SZERKESZT\u0150S\u00c9G"},"content":{"rendered":"\n<p class=\"wp-block-paragraph\">TISZTELT SZERKESZT\u0150S\u00c9G<\/p>\n\n\n\n<p class=\"wp-block-paragraph\">\u00d6n\u00f6k k\u00f6z\u00f6tt bizony\u00e1ra t\u00f6bben is vannak, akik korukn\u00e1l fogva nem eml\u00e9kezhetnek az egykori Csongr\u00e1d-megyei H\u00edrlapra.<br>Mintegy 50 \u00e9vvel ezel\u0151tt rendszeresen \u00edrogattam az akkor n\u00e9pszer\u0171 \u00fajs\u00e1gban. Abban az id\u0151ben m\u00e9g megtisztelt\u00e9k a megjelent cikkek \u00edr\u00f3it tiszteletd\u00edjjal, amit p\u00e1r nappal a megjelen\u00e9s ut\u00e1n post\u00e1ztak.<br>Ez a \u201ej\u00f3 szok\u00e1s\u201d k\u00e9s\u0151bb elmaradt, \u00e9s manaps\u00e1g m\u00e1r nem is v\u00e1rj\u00e1k el azok a szerencs\u00e9sek, akiknek \u00edr\u00e1saik megjelentek.<\/p>\n\n\n\n<p class=\"wp-block-paragraph\">5 \u00e9vvel ezel\u0151tt bek\u00fcldtem egy \u00edr\u00e1somat az egykori h\u00edrlap jogut\u00f3dj\u00e1nak, a D\u00e9lvil\u00e1gnak \u201eIN MEMORIAM PINT\u00c9R FERENC\u201d c\u00edmmel.<br>Miut\u00e1n hetek m\u00falva sem jelent meg: reklam\u00e1ltam. K\u00f6z\u00f6lt\u00e9k velem, hogy elveszett az \u00edr\u00e1som k\u00fcldjem be ism\u00e9telten. Bek\u00fcldtem \u00e9s v\u00e1rtam t\u00fcrelmesen, de eredm\u00e9nytelen\u00fcl.<br>Ism\u00e9t reklam\u00e1ltam: ekkor k\u00f6z\u00f6lt\u00e9k velem, hogy nagyon sok fontosabb anyag \u00e9rkezett a szerkeszt\u0151s\u00e9gbe, ez\u00e9rt nem tudj\u00e1k k\u00f6z\u00f6lni Pint\u00e9r Ferenc hal\u00e1l\u00e1nak 15. \u00e9vfordul\u00f3j\u00e1ra \u00edrt cikkemet.<br>Ekkor tudattam a szerkeszt\u0151s\u00e9ggel, hogy t\u00f6bb mint egy hete a k\u00f3bor kuty\u00e1kr\u00f3l cikkeznek a postabont\u00e1s c. rovatban.<br>Pint\u00e9r Ferenc Mak\u00f3 v\u00e1ros els\u0151 ifj\u00fas\u00e1gi f\u00fav\u00f3szenekar\u00e1nak volt a meg\u00e1lmod\u00f3ja, illetve megalap\u00edt\u00f3ja. Mint \u00e9nek \u00e9s zenetan\u00e1r a Bart\u00f3k B\u00e9la zeneiskol\u00e1ban tev\u00e9kenykedett \u00e9s t\u00f6bb ezer di\u00e1k tanult n\u00e1la p\u00e1lyafut\u00e1sa idej\u00e9n. K\u00f6z\u00fcl\u00fck t\u00f6bben is a budapesti Operah\u00e1z muzsikusai lettek. Mint \u00e9nektan\u00e1rnak n\u00f6vend\u00e9ke volt Szentp\u00e9teri Csilla zongoram\u0171v\u00e9szn\u0151 is.<br>A D\u00e9lvil\u00e1g szerkeszt\u0151s\u00e9ge t\u00f6bbre \u00e9rt\u00e9kelte a k\u00f3bor kuty\u00e1kat, mint a n\u00e9pszer\u0171 pedag\u00f3gust. Soha nem ker\u00fclt sor a cikk k\u00f6zl\u00e9s\u00e9re!<\/p>\n\n\n\n<ol class=\"wp-block-list\" start=\"5\">\n<li>06-\u00e1n Pint\u00e9r Ferenc hal\u00e1l\u00e1nak 20. \u00e9vfordul\u00f3ja alkalm\u00e1val, ism\u00e9t b\u00e1torkodtam a nagyhatalm\u00fa Szerkeszt\u0151s\u00e9gnek elk\u00fcldeni egy eml\u00e9kez\u00e9st bar\u00e1tomr\u00f3l, mely \u201eterm\u00e9szetesen\u201d most sem jelent meg.<br>Most is reklam\u00e1ltam egy h\u00f3nap eltelte ut\u00e1n. Jelenleg szerencs\u00e9sebb helyzetben vagyok, mert k\u00f6z\u00f6lt\u00e9k, velem, hogy a \u201ek\u00f6vetkez\u0151 h\u00e9ten\u201d beker\u00fcl az \u00fajs\u00e1g has\u00e1bjaira \u00edr\u00e1som.<br>Sajnos azt nem tudatt\u00e1k, hogy mikort\u00f3l sz\u00e1m\u00edtva j\u00f6n el a k\u00f6vetkez\u0151 h\u00e9t.<\/li>\n<\/ol>\n\n\n\n<p class=\"wp-block-paragraph\">A cikk c\u00edme ism\u00e9t: \u201eIN MEMORIAM PINT\u00c9R FERENC\u201d.<\/p>\n\n\n\n<ol class=\"wp-block-list\" start=\"2008\">\n<li>\n<ol class=\"wp-block-list\" start=\"16\">\n<li>van ma, amikor ezt a levelem \u00edrom. Belet\u00f6r\u0151dtem a v\u00e1ltoztathatatlanba, \u00e9s tudom\u00e1sul vettem: Mak\u00f3 v\u00e1ros kiemelked\u0151 zenei egy\u00e9nis\u00e9ge nem \u00e9rdemel annyit az \u00d6n\u00f6k elb\u00edr\u00e1l\u00e1s\u00e1ban, hogy hal\u00e1la ut\u00e1n 20 \u00e9vvel tisztel\u0151i eml\u00e9kezhessenek r\u00e1 az \u00fajs\u00e1g olvas\u00e1s\u00e1nak hat\u00e1s\u00e1ra.<\/li>\n<\/ol>\n<\/li>\n<\/ol>\n\n\n\n<p class=\"wp-block-paragraph\">Tisztelettel k\u00f6zl\u00f6m \u00d6n\u00f6kkel, hogy jelenleg is sok k\u00f3bor kutya van a v\u00e1rosban!<\/p>\n\n\n\n<p class=\"wp-block-paragraph\">M\u00e9g annyit: a D\u00e9l-alf\u00f6ldi \u201eN\u00f3t\u00e1s \u00dajs\u00e1gnak\u201d is elk\u00fcldtem ut\u00f3lag ezt az \u00edr\u00e1somat, \u00e9s csod\u00e1val hat\u00e1ros m\u00f3don sz\u00f3 szerint megjelent a k\u00f6vetkez\u0151 sz\u00e1mukban.<br>Sajnos ez a kiadv\u00e1ny csak szakmai berkekben ismeretes, de a szerkeszt\u0151i embers\u00e9gb\u0151l kiv\u00e1l\u00f3an vizsg\u00e1ztak, ami az \u00d6n\u00f6k eset\u00e9ben eddig nem mondhat\u00f3 el!<\/p>\n\n\n\n<p class=\"wp-block-paragraph\"><br>Mak\u00f3, 2008. 06. 16.<\/p>\n","protected":false},"excerpt":{"rendered":"<p>TISZTELT SZERKESZT\u0150S\u00c9G \u00d6n\u00f6k k\u00f6z\u00f6tt bizony\u00e1ra t\u00f6bben is vannak, akik korukn\u00e1l fogva nem eml\u00e9kezhetnek az egykori Csongr\u00e1d-megyei H\u00edrlapra.Mintegy 50 \u00e9vvel ezel\u0151tt rendszeresen \u00edrogattam az akkor n\u00e9pszer\u0171 \u00fajs\u00e1gban. Abban az id\u0151ben m\u00e9g megtisztelt\u00e9k a megjelent cikkek \u00edr\u00f3it tiszteletd\u00edjjal, amit p\u00e1r nappal a megjelen\u00e9s ut\u00e1n post\u00e1ztak.Ez a \u201ej\u00f3 szok\u00e1s\u201d k\u00e9s\u0151bb elmaradt, \u00e9s manaps\u00e1g m\u00e1r nem is v\u00e1rj\u00e1k el &#8230; <a title=\"TISZTELT SZERKESZT\u0150S\u00c9G\" class=\"read-more\" href=\"https:\/\/bozsogiattila.hu\/?p=802\" aria-label=\"Tov\u00e1bbiak TISZTELT SZERKESZT\u0150S\u00c9G\">Olvass tov\u00e1bb<\/a><\/p>\n","protected":false},"author":3,"featured_media":0,"comment_status":"closed","ping_status":"open","sticky":false,"template":"","format":"standard","meta":{"footnotes":""},"categories":[300],"tags":[67,12],"class_list":["post-802","post","type-post","status-publish","format-standard","hentry","category-esszek-ujsagcikkek-tanulmanyok-kritikak","tag-67","tag-mako"],"yoast_head":"<!-- This site is optimized with the Yoast SEO plugin v21.8 - https:\/\/yoast.com\/wordpress\/plugins\/seo\/ -->\n<title>TISZTELT SZERKESZT\u0150S\u00c9G - Bozsogi Attila<\/title>\n<meta name=\"robots\" content=\"index, follow, max-snippet:-1, max-image-preview:large, max-video-preview:-1\" \/>\n<link rel=\"canonical\" href=\"https:\/\/bozsogiattila.hu\/?p=802\" \/>\n<meta property=\"og:locale\" content=\"hu_HU\" \/>\n<meta property=\"og:type\" content=\"article\" \/>\n<meta property=\"og:title\" content=\"TISZTELT SZERKESZT\u0150S\u00c9G - Bozsogi Attila\" \/>\n<meta property=\"og:description\" content=\"TISZTELT SZERKESZT\u0150S\u00c9G \u00d6n\u00f6k k\u00f6z\u00f6tt bizony\u00e1ra t\u00f6bben is vannak, akik korukn\u00e1l fogva nem eml\u00e9kezhetnek az egykori Csongr\u00e1d-megyei H\u00edrlapra.Mintegy 50 \u00e9vvel ezel\u0151tt rendszeresen \u00edrogattam az akkor n\u00e9pszer\u0171 \u00fajs\u00e1gban. Abban az id\u0151ben m\u00e9g megtisztelt\u00e9k a megjelent cikkek \u00edr\u00f3it tiszteletd\u00edjjal, amit p\u00e1r nappal a megjelen\u00e9s ut\u00e1n post\u00e1ztak.Ez a \u201ej\u00f3 szok\u00e1s\u201d k\u00e9s\u0151bb elmaradt, \u00e9s manaps\u00e1g m\u00e1r nem is v\u00e1rj\u00e1k el ... Olvass tov\u00e1bb\" \/>\n<meta property=\"og:url\" content=\"https:\/\/bozsogiattila.hu\/?p=802\" \/>\n<meta property=\"og:site_name\" content=\"Bozsogi Attila\" \/>\n<meta property=\"article:published_time\" content=\"2008-06-16T12:40:00+00:00\" \/>\n<meta property=\"article:modified_time\" content=\"2024-01-09T20:39:52+00:00\" \/>\n<meta name=\"author\" content=\"Bozsogi Attila\" \/>\n<meta name=\"twitter:card\" content=\"summary_large_image\" \/>\n<meta name=\"twitter:label1\" content=\"Szerz\u0151:\" \/>\n\t<meta name=\"twitter:data1\" content=\"Bozsogi Attila\" \/>\n\t<meta name=\"twitter:label2\" content=\"Becs\u00fclt olvas\u00e1si id\u0151\" \/>\n\t<meta name=\"twitter:data2\" content=\"3 perc\" \/>\n<script type=\"application\/ld+json\" class=\"yoast-schema-graph\">{\"@context\":\"https:\/\/schema.org\",\"@graph\":[{\"@type\":\"WebPage\",\"@id\":\"https:\/\/bozsogiattila.hu\/?p=802\",\"url\":\"https:\/\/bozsogiattila.hu\/?p=802\",\"name\":\"TISZTELT SZERKESZT\u0150S\u00c9G - Bozsogi Attila\",\"isPartOf\":{\"@id\":\"https:\/\/bozsogiattila.hu\/#website\"},\"datePublished\":\"2008-06-16T12:40:00+00:00\",\"dateModified\":\"2024-01-09T20:39:52+00:00\",\"author\":{\"@id\":\"https:\/\/bozsogiattila.hu\/#\/schema\/person\/488c99f554a8c4039201260dd5eb795e\"},\"breadcrumb\":{\"@id\":\"https:\/\/bozsogiattila.hu\/?p=802#breadcrumb\"},\"inLanguage\":\"hu\",\"potentialAction\":[{\"@type\":\"ReadAction\",\"target\":[\"https:\/\/bozsogiattila.hu\/?p=802\"]}]},{\"@type\":\"BreadcrumbList\",\"@id\":\"https:\/\/bozsogiattila.hu\/?p=802#breadcrumb\",\"itemListElement\":[{\"@type\":\"ListItem\",\"position\":1,\"name\":\"Kezd\u0151lap\",\"item\":\"https:\/\/bozsogiattila.hu\/\"},{\"@type\":\"ListItem\",\"position\":2,\"name\":\"TISZTELT SZERKESZT\u0150S\u00c9G\"}]},{\"@type\":\"WebSite\",\"@id\":\"https:\/\/bozsogiattila.hu\/#website\",\"url\":\"https:\/\/bozsogiattila.hu\/\",\"name\":\"Bozsogi Attila\",\"description\":\"a zen\u00e9sz, \u00edr\u00f3 munk\u00e1ss\u00e1g\u00e1nak \u00e9s a mak\u00f3i muzsikusok eml\u00e9k\u00e9t \u0151rz\u0151 oldal\",\"potentialAction\":[{\"@type\":\"SearchAction\",\"target\":{\"@type\":\"EntryPoint\",\"urlTemplate\":\"https:\/\/bozsogiattila.hu\/?s={search_term_string}\"},\"query-input\":\"required name=search_term_string\"}],\"inLanguage\":\"hu\"},{\"@type\":\"Person\",\"@id\":\"https:\/\/bozsogiattila.hu\/#\/schema\/person\/488c99f554a8c4039201260dd5eb795e\",\"name\":\"Bozsogi Attila\",\"image\":{\"@type\":\"ImageObject\",\"inLanguage\":\"hu\",\"@id\":\"https:\/\/bozsogiattila.hu\/#\/schema\/person\/image\/\",\"url\":\"https:\/\/secure.gravatar.com\/avatar\/7da6b5985e34ed798d1670c54ce7d20e6a53b800bb0c07945c64b09392f3dbfd?s=96&d=mm&r=g\",\"contentUrl\":\"https:\/\/secure.gravatar.com\/avatar\/7da6b5985e34ed798d1670c54ce7d20e6a53b800bb0c07945c64b09392f3dbfd?s=96&d=mm&r=g\",\"caption\":\"Bozsogi Attila\"},\"sameAs\":[\"http:\/\/www.boszogiattila.hu\"],\"url\":\"https:\/\/bozsogiattila.hu\/?author=3\"}]}<\/script>\n<!-- \/ Yoast SEO plugin. -->","yoast_head_json":{"title":"TISZTELT SZERKESZT\u0150S\u00c9G - Bozsogi Attila","robots":{"index":"index","follow":"follow","max-snippet":"max-snippet:-1","max-image-preview":"max-image-preview:large","max-video-preview":"max-video-preview:-1"},"canonical":"https:\/\/bozsogiattila.hu\/?p=802","og_locale":"hu_HU","og_type":"article","og_title":"TISZTELT SZERKESZT\u0150S\u00c9G - Bozsogi Attila","og_description":"TISZTELT SZERKESZT\u0150S\u00c9G \u00d6n\u00f6k k\u00f6z\u00f6tt bizony\u00e1ra t\u00f6bben is vannak, akik korukn\u00e1l fogva nem eml\u00e9kezhetnek az egykori Csongr\u00e1d-megyei H\u00edrlapra.Mintegy 50 \u00e9vvel ezel\u0151tt rendszeresen \u00edrogattam az akkor n\u00e9pszer\u0171 \u00fajs\u00e1gban. Abban az id\u0151ben m\u00e9g megtisztelt\u00e9k a megjelent cikkek \u00edr\u00f3it tiszteletd\u00edjjal, amit p\u00e1r nappal a megjelen\u00e9s ut\u00e1n post\u00e1ztak.Ez a \u201ej\u00f3 szok\u00e1s\u201d k\u00e9s\u0151bb elmaradt, \u00e9s manaps\u00e1g m\u00e1r nem is v\u00e1rj\u00e1k el ... Olvass tov\u00e1bb","og_url":"https:\/\/bozsogiattila.hu\/?p=802","og_site_name":"Bozsogi Attila","article_published_time":"2008-06-16T12:40:00+00:00","article_modified_time":"2024-01-09T20:39:52+00:00","author":"Bozsogi Attila","twitter_card":"summary_large_image","twitter_misc":{"Szerz\u0151:":"Bozsogi Attila","Becs\u00fclt olvas\u00e1si id\u0151":"3 perc"},"schema":{"@context":"https:\/\/schema.org","@graph":[{"@type":"WebPage","@id":"https:\/\/bozsogiattila.hu\/?p=802","url":"https:\/\/bozsogiattila.hu\/?p=802","name":"TISZTELT SZERKESZT\u0150S\u00c9G - Bozsogi Attila","isPartOf":{"@id":"https:\/\/bozsogiattila.hu\/#website"},"datePublished":"2008-06-16T12:40:00+00:00","dateModified":"2024-01-09T20:39:52+00:00","author":{"@id":"https:\/\/bozsogiattila.hu\/#\/schema\/person\/488c99f554a8c4039201260dd5eb795e"},"breadcrumb":{"@id":"https:\/\/bozsogiattila.hu\/?p=802#breadcrumb"},"inLanguage":"hu","potentialAction":[{"@type":"ReadAction","target":["https:\/\/bozsogiattila.hu\/?p=802"]}]},{"@type":"BreadcrumbList","@id":"https:\/\/bozsogiattila.hu\/?p=802#breadcrumb","itemListElement":[{"@type":"ListItem","position":1,"name":"Kezd\u0151lap","item":"https:\/\/bozsogiattila.hu\/"},{"@type":"ListItem","position":2,"name":"TISZTELT SZERKESZT\u0150S\u00c9G"}]},{"@type":"WebSite","@id":"https:\/\/bozsogiattila.hu\/#website","url":"https:\/\/bozsogiattila.hu\/","name":"Bozsogi Attila","description":"a zen\u00e9sz, \u00edr\u00f3 munk\u00e1ss\u00e1g\u00e1nak \u00e9s a mak\u00f3i muzsikusok eml\u00e9k\u00e9t \u0151rz\u0151 oldal","potentialAction":[{"@type":"SearchAction","target":{"@type":"EntryPoint","urlTemplate":"https:\/\/bozsogiattila.hu\/?s={search_term_string}"},"query-input":"required name=search_term_string"}],"inLanguage":"hu"},{"@type":"Person","@id":"https:\/\/bozsogiattila.hu\/#\/schema\/person\/488c99f554a8c4039201260dd5eb795e","name":"Bozsogi Attila","image":{"@type":"ImageObject","inLanguage":"hu","@id":"https:\/\/bozsogiattila.hu\/#\/schema\/person\/image\/","url":"https:\/\/secure.gravatar.com\/avatar\/7da6b5985e34ed798d1670c54ce7d20e6a53b800bb0c07945c64b09392f3dbfd?s=96&d=mm&r=g","contentUrl":"https:\/\/secure.gravatar.com\/avatar\/7da6b5985e34ed798d1670c54ce7d20e6a53b800bb0c07945c64b09392f3dbfd?s=96&d=mm&r=g","caption":"Bozsogi Attila"},"sameAs":["http:\/\/www.boszogiattila.hu"],"url":"https:\/\/bozsogiattila.hu\/?author=3"}]}},"jetpack_featured_media_url":"","_links":{"self":[{"href":"https:\/\/bozsogiattila.hu\/index.php?rest_route=\/wp\/v2\/posts\/802","targetHints":{"allow":["GET"]}}],"collection":[{"href":"https:\/\/bozsogiattila.hu\/index.php?rest_route=\/wp\/v2\/posts"}],"about":[{"href":"https:\/\/bozsogiattila.hu\/index.php?rest_route=\/wp\/v2\/types\/post"}],"author":[{"embeddable":true,"href":"https:\/\/bozsogiattila.hu\/index.php?rest_route=\/wp\/v2\/users\/3"}],"replies":[{"embeddable":true,"href":"https:\/\/bozsogiattila.hu\/index.php?rest_route=%2Fwp%2Fv2%2Fcomments&post=802"}],"version-history":[{"count":2,"href":"https:\/\/bozsogiattila.hu\/index.php?rest_route=\/wp\/v2\/posts\/802\/revisions"}],"predecessor-version":[{"id":804,"href":"https:\/\/bozsogiattila.hu\/index.php?rest_route=\/wp\/v2\/posts\/802\/revisions\/804"}],"wp:attachment":[{"href":"https:\/\/bozsogiattila.hu\/index.php?rest_route=%2Fwp%2Fv2%2Fmedia&parent=802"}],"wp:term":[{"taxonomy":"category","embeddable":true,"href":"https:\/\/bozsogiattila.hu\/index.php?rest_route=%2Fwp%2Fv2%2Fcategories&post=802"},{"taxonomy":"post_tag","embeddable":true,"href":"https:\/\/bozsogiattila.hu\/index.php?rest_route=%2Fwp%2Fv2%2Ftags&post=802"}],"curies":[{"name":"wp","href":"https:\/\/api.w.org\/{rel}","templated":true}]}}