{"id":810,"date":"2008-05-24T14:03:00","date_gmt":"2008-05-24T14:03:00","guid":{"rendered":"https:\/\/bozsogiattila.hu\/?p=810"},"modified":"2024-01-07T14:05:16","modified_gmt":"2024-01-07T14:05:16","slug":"vi-vall-ker-grill-parti-makon","status":"publish","type":"post","link":"https:\/\/bozsogiattila.hu\/?p=810","title":{"rendered":"VI. V\u00c1LL-KER GRILL PARTI MAK\u00d3N"},"content":{"rendered":"\n<p class=\"wp-block-paragraph\">VI. V\u00c1LL-KER GRILL PARTI MAK\u00d3N<\/p>\n\n\n\n<p class=\"wp-block-paragraph\">Mak\u00f3n, a N\u00e1vay Lajos t\u00e9ren, az impoz\u00e1ns k\u00f6rnyezetben \u00e1ll\u00f3 v\u00edztorony szomsz\u00e9ds\u00e1g\u00e1ban, a felsz\u00e1molt Vas \u00e9s F\u00e9mipari Ktsz. hely\u00e9n tal\u00e1lhat\u00f3 a V\u00e1ll-Ker Kft, melyet az egykori c\u00e9g, volt dolgoz\u00f3ib\u00f3l kiv\u00e1lt 18 f\u0151s kollekt\u00edva hozott l\u00e9tre: 1992. VIII. h\u00f3 1-\u00e9n.<br>R\u00f6vid besz\u00e9lget\u00e9s\u00fcnk alkalm\u00e1val T\u00f3th Istv\u00e1n \u00fcgyvezet\u0151 igazgat\u00f3 elmondta, hogy a kezdeti neh\u00e9zs\u00e9gek ut\u00e1n, ma m\u00e1r 200 f\u0151t sz\u00e1ml\u00e1l\u00f3 \u201egy\u00e1rr\u00e1\u201d alakult \u00e1t v\u00e1llalkoz\u00e1suk.<br>F\u0151 profiljuk: a k\u00fcl\u00f6nb\u00f6z\u0151 t\u00edpus\u00fa fat\u00fczel\u00e9s\u0171 kandall\u00f3k, \u00e9s grills\u00fct\u0151k gy\u00e1rt\u00e1sa, melyek a magyarorsz\u00e1gi piacon t\u00fal: N\u00e9metorsz\u00e1gban, Angli\u00e1ban \u00e9s Rom\u00e1ni\u00e1ban is keresett \u00e1rucikkek. A megrendel\u0151k ig\u00e9nyeit figyelembe v\u00e9ve 2-3 \u00e9venk\u00e9nt m\u00f3dos\u00edtanak, korszer\u0171s\u00edtenek a kandall\u00f3k hat\u00e1sfok\u00e1nak, illetve eszt\u00e9tikai k\u00fcllem\u00e9nek milyens\u00e9g\u00e9n.<br>2006-ban k\u00e9sz\u00edtm\u00e9nyeikb\u0151l 25 ezer darabot export\u00e1ltak k\u00fclf\u00f6ldi megrendel\u0151ik r\u00e9sz\u00e9re.<br>A jelenleg f\u00e9nykor\u00e1t \u00e9l\u0151 Kft. 2008. 05. 24-\u00e9n rendk\u00edv\u00fcl sz\u00ednvonalas k\u00f6r\u00fclm\u00e9nyek k\u00f6z\u00f6tt rendezte meg VI. alkalommal, a hagyom\u00e1nyoss\u00e1 v\u00e1lt, minden koroszt\u00e1lyt kiel\u00e9g\u00edt\u0151 eg\u00e9sz napos kultur\u00e1lis programot.<br>Reggel 9.30-kor Csikota J\u00f3zsef karnagy a Mak\u00f3i Mag\u00e1n Zene-\u00e9s M\u0171v\u00e9szeti Iskola Ifj\u00fas\u00e1gi F\u00fav\u00f3szenekar\u00e1nak \u00e9l\u00e9n a Gold Fire T\u00e1ncegy\u00fcttessel kar\u00f6ltve vonult fel a v\u00e1ros f\u0151ter\u00e9n l\u00e9v\u0151 sz\u00f6k\u0151k\u00fatt\u00f3l V\u00e1ll-Ker Kft. sz\u00e9kh\u00e1z\u00e1ig. Az ifj\u00fa \u201em\u0171v\u00e9szek\u201d muzsik\u00e1l\u00e1sa \u00fcnnep\u00e9lyes hangulatot var\u00e1zsolt a v\u00e1ros utc\u00e1in.<br>A rendezv\u00e9nyt Dr. B\u00faz\u00e1s P\u00e9ter a v\u00e1ros polg\u00e1rmestere \u00e9s orsz\u00e1ggy\u0171l\u00e9si k\u00e9pvisel\u0151je nyitotta meg.<br>A N\u00e1vay Lajos t\u00e9ren fel\u00e1ll\u00edtott sz\u00ednpadon d\u00e9lel\u0151tt 10 \u00f3r\u00e1t\u00f3l 22 \u00f3r\u00e1ig folyamatosan egym\u00e1st v\u00e1ltva, l\u00e9ptek fel a megh\u00edvott neves m\u0171v\u00e9szek.<br>P\u00e1rhuzamosan a m\u0171sorsz\u00e1mokkal az udvarban 100 grills\u00fct\u0151n m\u00e9rt\u00e9k \u00f6ssze tud\u00e1sukat a gasztron\u00f3mia megsz\u00e1llottjai. A szakmai zs\u0171ri \u00e9rt\u00e9kel\u00e9se ut\u00e1n az els\u0151 5 versenyz\u0151 nagy \u00e9rt\u00e9k\u0171 t\u00e1rgynyerem\u00e9nyben r\u00e9szes\u00fclt.<br>A m\u0171sor h\u00e1zigazd\u00e1ja: Janik L\u00e1szl\u00f3 sz\u00ednm\u0171v\u00e9sz, v\u00e9gig katon\u00e1s rendben vez\u00e9nyelte le a maratoni programot, melyet a k\u00e9t alkalommal bek\u00f6vetkezett \u00e1ramsz\u00fcnet, illetve a r\u00f6vid es\u0151 sem t\u00f6rt meg.<br>A k\u00f6z\u00f6ns\u00e9g t\u00fcrelmesen kitartva v\u00e1rta meg a hibaelh\u00e1r\u00edt\u00e1st, \u00e9s az es\u0151 elm\u00fal\u00e1s\u00e1t, ami a m\u0171sor id\u0151beoszt\u00e1s\u00e1t kiss\u00e9 megv\u00e1ltoztatta, de id\u0151kies\u00e9st nem jelentett, mert a k\u00e9nyszersz\u00fcnetben, a s\u00f6rs\u00e1trakban mindenki d\u00fask\u00e1lhatott a grillezett \u00e9telek, \u00e9s italok k\u00f6z\u00f6tt.<br>A legkisebbeknek \u00f6r\u00f6mteli perceket szerzett a l\u00e9gv\u00e1r \u00e9s a cs\u00faszda.<br>A m\u0171sorban fell\u00e9ptek:<br>A Party Zenekar (A lakodalmas zenekarok fesztiv\u00e1lj\u00e1nak K\u00f6z\u00f6ns\u00e9g-d\u00edjasa)<br>A Nefelejcs N\u00f3tasz\u00f3 \u00e9nekesei: Bogn\u00e1r Gyula, Budai Beatrix, N\u00e9meth J\u00f3zsef, valamint Madar\u00e1sz Katalin, aki boldogan \u00fcdv\u00f6z\u00f6lte a k\u00f6z\u00f6ns\u00e9get, \u00e9s elmondta: \u201eNagy \u00f6r\u00f6m sz\u00e1m\u00e1ra, hogy Mak\u00f3n ilyen nagy t\u00e1bora van ennek a m\u0171fajnak, mely a m\u00e9dia kegyvesztettje lett, \u00e9rthetetlen m\u00f3don\u201d.<br>K\u00eds\u00e9rt: B\u00e1der B\u00e9la 6 tag\u00fa szegedi cig\u00e1nyzenekara R\u00e1cz J\u00f3zsef pr\u00edm\u00e1s vezet\u00e9s\u00e9vel.<br>Matyi \u00e9s a Heged\u0171s.<br>Bal\u00e1zs Pali\u2026 A l\u00edra hull\u00e1main<br>Szab\u00f3 Krist\u00f3f: humorista<br>A Szegedi Nemzeti Sz\u00ednh\u00e1z operett m\u0171v\u00e9szei: K\u00f3nya Krisztina, Andrejcsik Istv\u00e1n, Koczka Ferenc.<br>Az eg\u00e9sz nap zs\u00fafolt N\u00e1vay Lajos t\u00e9ren este a V\u00e1ll-Ker Zenekar b\u00e1li muzsik\u00e1val b\u00facs\u00faztatta el a t\u00e1ncol\u00f3 k\u00f6z\u00f6ns\u00e9get.<br>Ez a nap sz\u00e9p \u00e9s k\u00f6vetend\u0151 p\u00e9ld\u00e1ja volt annak, hogy a v\u00e1s\u00e1rl\u00f3kat hogyan kell megbecs\u00fclni! Mak\u00f3, 2008. 05. 24<\/p>\n","protected":false},"excerpt":{"rendered":"<p>VI. V\u00c1LL-KER GRILL PARTI MAK\u00d3N Mak\u00f3n, a N\u00e1vay Lajos t\u00e9ren, az impoz\u00e1ns k\u00f6rnyezetben \u00e1ll\u00f3 v\u00edztorony szomsz\u00e9ds\u00e1g\u00e1ban, a felsz\u00e1molt Vas \u00e9s F\u00e9mipari Ktsz. hely\u00e9n tal\u00e1lhat\u00f3 a V\u00e1ll-Ker Kft, melyet az egykori c\u00e9g, volt dolgoz\u00f3ib\u00f3l kiv\u00e1lt 18 f\u0151s kollekt\u00edva hozott l\u00e9tre: 1992. VIII. h\u00f3 1-\u00e9n.R\u00f6vid besz\u00e9lget\u00e9s\u00fcnk alkalm\u00e1val T\u00f3th Istv\u00e1n \u00fcgyvezet\u0151 igazgat\u00f3 elmondta, hogy a kezdeti neh\u00e9zs\u00e9gek ut\u00e1n, &#8230; <a title=\"VI. V\u00c1LL-KER GRILL PARTI MAK\u00d3N\" class=\"read-more\" href=\"https:\/\/bozsogiattila.hu\/?p=810\" aria-label=\"Tov\u00e1bbiak VI. V\u00c1LL-KER GRILL PARTI MAK\u00d3N\">Olvass tov\u00e1bb<\/a><\/p>\n","protected":false},"author":3,"featured_media":0,"comment_status":"closed","ping_status":"open","sticky":false,"template":"","format":"standard","meta":{"footnotes":""},"categories":[300],"tags":[67,12],"class_list":["post-810","post","type-post","status-publish","format-standard","hentry","category-esszek-ujsagcikkek-tanulmanyok-kritikak","tag-67","tag-mako"],"yoast_head":"<!-- This site is optimized with the Yoast SEO plugin v21.8 - https:\/\/yoast.com\/wordpress\/plugins\/seo\/ -->\n<title>VI. V\u00c1LL-KER GRILL PARTI MAK\u00d3N - Bozsogi Attila<\/title>\n<meta name=\"robots\" content=\"index, follow, max-snippet:-1, max-image-preview:large, max-video-preview:-1\" \/>\n<link rel=\"canonical\" href=\"https:\/\/bozsogiattila.hu\/?p=810\" \/>\n<meta property=\"og:locale\" content=\"hu_HU\" \/>\n<meta property=\"og:type\" content=\"article\" \/>\n<meta property=\"og:title\" content=\"VI. V\u00c1LL-KER GRILL PARTI MAK\u00d3N - Bozsogi Attila\" \/>\n<meta property=\"og:description\" content=\"VI. V\u00c1LL-KER GRILL PARTI MAK\u00d3N Mak\u00f3n, a N\u00e1vay Lajos t\u00e9ren, az impoz\u00e1ns k\u00f6rnyezetben \u00e1ll\u00f3 v\u00edztorony szomsz\u00e9ds\u00e1g\u00e1ban, a felsz\u00e1molt Vas \u00e9s F\u00e9mipari Ktsz. hely\u00e9n tal\u00e1lhat\u00f3 a V\u00e1ll-Ker Kft, melyet az egykori c\u00e9g, volt dolgoz\u00f3ib\u00f3l kiv\u00e1lt 18 f\u0151s kollekt\u00edva hozott l\u00e9tre: 1992. VIII. h\u00f3 1-\u00e9n.R\u00f6vid besz\u00e9lget\u00e9s\u00fcnk alkalm\u00e1val T\u00f3th Istv\u00e1n \u00fcgyvezet\u0151 igazgat\u00f3 elmondta, hogy a kezdeti neh\u00e9zs\u00e9gek ut\u00e1n, ... Olvass tov\u00e1bb\" \/>\n<meta property=\"og:url\" content=\"https:\/\/bozsogiattila.hu\/?p=810\" \/>\n<meta property=\"og:site_name\" content=\"Bozsogi Attila\" \/>\n<meta property=\"article:published_time\" content=\"2008-05-24T14:03:00+00:00\" \/>\n<meta property=\"article:modified_time\" content=\"2024-01-07T14:05:16+00:00\" \/>\n<meta name=\"author\" content=\"Bozsogi Attila\" \/>\n<meta name=\"twitter:card\" content=\"summary_large_image\" \/>\n<meta name=\"twitter:label1\" content=\"Szerz\u0151:\" \/>\n\t<meta name=\"twitter:data1\" content=\"Bozsogi Attila\" \/>\n\t<meta name=\"twitter:label2\" content=\"Becs\u00fclt olvas\u00e1si id\u0151\" \/>\n\t<meta name=\"twitter:data2\" content=\"4 perc\" \/>\n<script type=\"application\/ld+json\" class=\"yoast-schema-graph\">{\"@context\":\"https:\/\/schema.org\",\"@graph\":[{\"@type\":\"WebPage\",\"@id\":\"https:\/\/bozsogiattila.hu\/?p=810\",\"url\":\"https:\/\/bozsogiattila.hu\/?p=810\",\"name\":\"VI. V\u00c1LL-KER GRILL PARTI MAK\u00d3N - Bozsogi Attila\",\"isPartOf\":{\"@id\":\"https:\/\/bozsogiattila.hu\/#website\"},\"datePublished\":\"2008-05-24T14:03:00+00:00\",\"dateModified\":\"2024-01-07T14:05:16+00:00\",\"author\":{\"@id\":\"https:\/\/bozsogiattila.hu\/#\/schema\/person\/488c99f554a8c4039201260dd5eb795e\"},\"breadcrumb\":{\"@id\":\"https:\/\/bozsogiattila.hu\/?p=810#breadcrumb\"},\"inLanguage\":\"hu\",\"potentialAction\":[{\"@type\":\"ReadAction\",\"target\":[\"https:\/\/bozsogiattila.hu\/?p=810\"]}]},{\"@type\":\"BreadcrumbList\",\"@id\":\"https:\/\/bozsogiattila.hu\/?p=810#breadcrumb\",\"itemListElement\":[{\"@type\":\"ListItem\",\"position\":1,\"name\":\"Kezd\u0151lap\",\"item\":\"https:\/\/bozsogiattila.hu\/\"},{\"@type\":\"ListItem\",\"position\":2,\"name\":\"VI. V\u00c1LL-KER GRILL PARTI MAK\u00d3N\"}]},{\"@type\":\"WebSite\",\"@id\":\"https:\/\/bozsogiattila.hu\/#website\",\"url\":\"https:\/\/bozsogiattila.hu\/\",\"name\":\"Bozsogi Attila\",\"description\":\"a zen\u00e9sz, \u00edr\u00f3 munk\u00e1ss\u00e1g\u00e1nak \u00e9s a mak\u00f3i muzsikusok eml\u00e9k\u00e9t \u0151rz\u0151 oldal\",\"potentialAction\":[{\"@type\":\"SearchAction\",\"target\":{\"@type\":\"EntryPoint\",\"urlTemplate\":\"https:\/\/bozsogiattila.hu\/?s={search_term_string}\"},\"query-input\":\"required name=search_term_string\"}],\"inLanguage\":\"hu\"},{\"@type\":\"Person\",\"@id\":\"https:\/\/bozsogiattila.hu\/#\/schema\/person\/488c99f554a8c4039201260dd5eb795e\",\"name\":\"Bozsogi Attila\",\"image\":{\"@type\":\"ImageObject\",\"inLanguage\":\"hu\",\"@id\":\"https:\/\/bozsogiattila.hu\/#\/schema\/person\/image\/\",\"url\":\"https:\/\/secure.gravatar.com\/avatar\/7da6b5985e34ed798d1670c54ce7d20e6a53b800bb0c07945c64b09392f3dbfd?s=96&d=mm&r=g\",\"contentUrl\":\"https:\/\/secure.gravatar.com\/avatar\/7da6b5985e34ed798d1670c54ce7d20e6a53b800bb0c07945c64b09392f3dbfd?s=96&d=mm&r=g\",\"caption\":\"Bozsogi Attila\"},\"sameAs\":[\"http:\/\/www.boszogiattila.hu\"],\"url\":\"https:\/\/bozsogiattila.hu\/?author=3\"}]}<\/script>\n<!-- \/ Yoast SEO plugin. -->","yoast_head_json":{"title":"VI. V\u00c1LL-KER GRILL PARTI MAK\u00d3N - Bozsogi Attila","robots":{"index":"index","follow":"follow","max-snippet":"max-snippet:-1","max-image-preview":"max-image-preview:large","max-video-preview":"max-video-preview:-1"},"canonical":"https:\/\/bozsogiattila.hu\/?p=810","og_locale":"hu_HU","og_type":"article","og_title":"VI. V\u00c1LL-KER GRILL PARTI MAK\u00d3N - Bozsogi Attila","og_description":"VI. V\u00c1LL-KER GRILL PARTI MAK\u00d3N Mak\u00f3n, a N\u00e1vay Lajos t\u00e9ren, az impoz\u00e1ns k\u00f6rnyezetben \u00e1ll\u00f3 v\u00edztorony szomsz\u00e9ds\u00e1g\u00e1ban, a felsz\u00e1molt Vas \u00e9s F\u00e9mipari Ktsz. hely\u00e9n tal\u00e1lhat\u00f3 a V\u00e1ll-Ker Kft, melyet az egykori c\u00e9g, volt dolgoz\u00f3ib\u00f3l kiv\u00e1lt 18 f\u0151s kollekt\u00edva hozott l\u00e9tre: 1992. VIII. h\u00f3 1-\u00e9n.R\u00f6vid besz\u00e9lget\u00e9s\u00fcnk alkalm\u00e1val T\u00f3th Istv\u00e1n \u00fcgyvezet\u0151 igazgat\u00f3 elmondta, hogy a kezdeti neh\u00e9zs\u00e9gek ut\u00e1n, ... Olvass tov\u00e1bb","og_url":"https:\/\/bozsogiattila.hu\/?p=810","og_site_name":"Bozsogi Attila","article_published_time":"2008-05-24T14:03:00+00:00","article_modified_time":"2024-01-07T14:05:16+00:00","author":"Bozsogi Attila","twitter_card":"summary_large_image","twitter_misc":{"Szerz\u0151:":"Bozsogi Attila","Becs\u00fclt olvas\u00e1si id\u0151":"4 perc"},"schema":{"@context":"https:\/\/schema.org","@graph":[{"@type":"WebPage","@id":"https:\/\/bozsogiattila.hu\/?p=810","url":"https:\/\/bozsogiattila.hu\/?p=810","name":"VI. V\u00c1LL-KER GRILL PARTI MAK\u00d3N - Bozsogi Attila","isPartOf":{"@id":"https:\/\/bozsogiattila.hu\/#website"},"datePublished":"2008-05-24T14:03:00+00:00","dateModified":"2024-01-07T14:05:16+00:00","author":{"@id":"https:\/\/bozsogiattila.hu\/#\/schema\/person\/488c99f554a8c4039201260dd5eb795e"},"breadcrumb":{"@id":"https:\/\/bozsogiattila.hu\/?p=810#breadcrumb"},"inLanguage":"hu","potentialAction":[{"@type":"ReadAction","target":["https:\/\/bozsogiattila.hu\/?p=810"]}]},{"@type":"BreadcrumbList","@id":"https:\/\/bozsogiattila.hu\/?p=810#breadcrumb","itemListElement":[{"@type":"ListItem","position":1,"name":"Kezd\u0151lap","item":"https:\/\/bozsogiattila.hu\/"},{"@type":"ListItem","position":2,"name":"VI. V\u00c1LL-KER GRILL PARTI MAK\u00d3N"}]},{"@type":"WebSite","@id":"https:\/\/bozsogiattila.hu\/#website","url":"https:\/\/bozsogiattila.hu\/","name":"Bozsogi Attila","description":"a zen\u00e9sz, \u00edr\u00f3 munk\u00e1ss\u00e1g\u00e1nak \u00e9s a mak\u00f3i muzsikusok eml\u00e9k\u00e9t \u0151rz\u0151 oldal","potentialAction":[{"@type":"SearchAction","target":{"@type":"EntryPoint","urlTemplate":"https:\/\/bozsogiattila.hu\/?s={search_term_string}"},"query-input":"required name=search_term_string"}],"inLanguage":"hu"},{"@type":"Person","@id":"https:\/\/bozsogiattila.hu\/#\/schema\/person\/488c99f554a8c4039201260dd5eb795e","name":"Bozsogi Attila","image":{"@type":"ImageObject","inLanguage":"hu","@id":"https:\/\/bozsogiattila.hu\/#\/schema\/person\/image\/","url":"https:\/\/secure.gravatar.com\/avatar\/7da6b5985e34ed798d1670c54ce7d20e6a53b800bb0c07945c64b09392f3dbfd?s=96&d=mm&r=g","contentUrl":"https:\/\/secure.gravatar.com\/avatar\/7da6b5985e34ed798d1670c54ce7d20e6a53b800bb0c07945c64b09392f3dbfd?s=96&d=mm&r=g","caption":"Bozsogi Attila"},"sameAs":["http:\/\/www.boszogiattila.hu"],"url":"https:\/\/bozsogiattila.hu\/?author=3"}]}},"jetpack_featured_media_url":"","_links":{"self":[{"href":"https:\/\/bozsogiattila.hu\/index.php?rest_route=\/wp\/v2\/posts\/810","targetHints":{"allow":["GET"]}}],"collection":[{"href":"https:\/\/bozsogiattila.hu\/index.php?rest_route=\/wp\/v2\/posts"}],"about":[{"href":"https:\/\/bozsogiattila.hu\/index.php?rest_route=\/wp\/v2\/types\/post"}],"author":[{"embeddable":true,"href":"https:\/\/bozsogiattila.hu\/index.php?rest_route=\/wp\/v2\/users\/3"}],"replies":[{"embeddable":true,"href":"https:\/\/bozsogiattila.hu\/index.php?rest_route=%2Fwp%2Fv2%2Fcomments&post=810"}],"version-history":[{"count":1,"href":"https:\/\/bozsogiattila.hu\/index.php?rest_route=\/wp\/v2\/posts\/810\/revisions"}],"predecessor-version":[{"id":811,"href":"https:\/\/bozsogiattila.hu\/index.php?rest_route=\/wp\/v2\/posts\/810\/revisions\/811"}],"wp:attachment":[{"href":"https:\/\/bozsogiattila.hu\/index.php?rest_route=%2Fwp%2Fv2%2Fmedia&parent=810"}],"wp:term":[{"taxonomy":"category","embeddable":true,"href":"https:\/\/bozsogiattila.hu\/index.php?rest_route=%2Fwp%2Fv2%2Fcategories&post=810"},{"taxonomy":"post_tag","embeddable":true,"href":"https:\/\/bozsogiattila.hu\/index.php?rest_route=%2Fwp%2Fv2%2Ftags&post=810"}],"curies":[{"name":"wp","href":"https:\/\/api.w.org\/{rel}","templated":true}]}}