{"id":814,"date":"2012-01-16T14:06:00","date_gmt":"2012-01-16T14:06:00","guid":{"rendered":"https:\/\/bozsogiattila.hu\/?p=814"},"modified":"2024-01-07T14:07:48","modified_gmt":"2024-01-07T14:07:48","slug":"a-neplavortol-a-hagymatikumig","status":"publish","type":"post","link":"https:\/\/bozsogiattila.hu\/?p=814","title":{"rendered":"A N\u00c9PLAVORT\u00d3L A HAGYMATIKUMIG"},"content":{"rendered":"\n<p class=\"wp-block-paragraph\">A N\u00c9PLAVORT\u00d3L A HAGYMATIKUMIG<\/p>\n\n\n\n<p class=\"wp-block-paragraph\">Az 1960-as \u00e9vekben f\u00fart\u00e1k Mak\u00f3n az els\u0151 term\u00e1l kutat. Mindenki \u00f6r\u00fclt a meleg v\u00edznek, \u00e9s ekkor m\u00e9g senki nem gondolta, hogy milyen \u00e9rt\u00e9kes gy\u00f3gyvizet rejt mag\u00e1ban a v\u00e1ros alatti medence.<br>A k\u00fatf\u00far\u00e1s befejez\u00e9se ut\u00e1n, r\u00f6videsen meg\u00e9p\u00fclt az els\u0151 f\u00fcrd\u0151medence, a t\u0171zolt\u00f3s\u00e1g udvar\u00e1n, amely \u00e9jjel nappal nyitva volt, s eleinte fizets\u00e9g n\u00e9lk\u00fcl haszn\u00e1lhatta mindenki a ferdeoldal\u00fa meszelt medenc\u00e9t. A medenc\u00e9ben l\u00e9v\u0151 sek\u00e9ly v\u00edz, \u00e9s a medence m\u00e9retei miatt, hamar megsz\u00fcletett a mak\u00f3i emberek \u00f6tlet\u00e9nek k\u00f6sz\u00f6nhet\u0151en a N\u00e9plavor elnevez\u00e9s.<br>Ezut\u00e1n hatalmas el\u00e1nnal megkezd\u0151d\u00f6tt a f\u00fcrd\u0151 \u00e9p\u00edt\u00e9se, amelyet 1963-ban adt\u00e1k \u00e1t a v\u00e1ros lak\u00f3inak, \u00e9s az idegenforgalomnak. 1980-ban Dr. Batka Istv\u00e1n orvos \u00e1ltal kor\u00e1bban felfedezett marosi gy\u00f3gyiszap felhaszn\u00e1l\u00e1s\u00e1val, gy\u00f3gy r\u00e9szleggel b\u0151v\u00fclt a f\u00fcrd\u0151 szolg\u00e1ltat\u00e1sa.<br>Az egykori Jugoszl\u00e1vi\u00e1val folytatott rossz viszonynak k\u00f6sz\u00f6nhet\u0151en szinte semmif\u00e9le komolyabb beruh\u00e1z\u00e1s nem sz\u00fcletett a hat\u00e1r menti kis v\u00e1rosunkban \u00e9vtizedeken kereszt\u00fcl. \u00cdgy a f\u00fcrd\u0151 \u00e1tad\u00e1sa komoly l\u00e9p\u00e9st jelentet a fejl\u0151d\u00e9s \u00fatj\u00e1n.<br>A v\u00e1ros fejl\u0151d\u00e9s\u00e9t az 1241-42 tat\u00e1rj\u00e1r\u00e1s, \u00e9s a t\u00f6r\u00f6k h\u00f3dolts\u00e1g nagyban befoly\u00e1solta, ennek ellen\u00e9re 1730-1950-ig Mak\u00f3 megyesz\u00e9khely volt. 1890-ben a t\u00f6rt\u00e9nelmi Magyarorsz\u00e1g 12. legnagyobb v\u00e1rosak\u00e9nt tartott\u00e1k sz\u00e1mon.<br>Az 1950-ben elvesztett megyesz\u00e9khelyi rangot bizonyos m\u00e9rt\u00e9k\u0171 visszaes\u00e9s k\u00f6vette, \u00e9s hossz\u00fa id\u0151n \u00e1t gazdas\u00e1gi \u00e9s kereskedelmi tespedts\u00e9g lett \u00farr\u00e1 a v\u00e1roson.<br>Az 1960-as \u00e9vekt\u0151l lass\u00fa fejl\u0151d\u00e9s form\u00e1lta a v\u00e1ros arculat\u00e1t.<br>A rendszerv\u00e1lt\u00e1st k\u00f6vet\u0151en kezd\u0151d\u00f6tt meg Dr. S\u00e1nta S\u00e1ndor (1990-94) polg\u00e1rmesternek, majd Dr. Buz\u00e1s P\u00e9ternek k\u00f6sz\u00f6nhet\u0151en, a v\u00e1ros menetel\u00e9se a fejl\u0151d\u00e9s \u00fatj\u00e1n.<br>Dr. Buz\u00e1s P\u00e9ter k\u00f6zel h\u00fasz\u00e9ves polg\u00e1rmesteri megb\u00edzat\u00e1sa idej\u00e9n, a v\u00e1rosban olyan hatalmas m\u00e9ret\u0171 \u00e9p\u00edtkez\u00e9s van, melyhez hasonl\u00f3ra a legid\u0151sebbek sem eml\u00e9keznek.<br>A r\u00e9gi f\u00fcrd\u0151 korszer\u0171tlen\u00e9 v\u00e1l\u00e1sa miatt \u00faj modern Wellness, \u00e9s Gy\u00f3gyf\u00fcrd\u0151 \u00e9p\u00fcl, a lebontott r\u00e9gi hely\u00e9n.<br>A polg\u00e1rmester \u00far munk\u00e1ss\u00e1g\u00e1ra minden bizonnyal az \u00faj f\u00fcrd\u0151 elk\u00e9sz\u00fclte teszi fel a koron\u00e1t.<br>A szakemberek v\u00e9lem\u00e9nye szerint az \u00faj l\u00e9tes\u00edtm\u00e9ny tal\u00e1n Eur\u00f3pa kisv\u00e1rosainak egyik legszebb alkot\u00e1sa lesz.<br>Buz\u00e1s P\u00e9ter \u00e9s Makovecz Imre Kossuth-d\u00edjas \u00e9p\u00edt\u00e9sz szerencs\u00e9s tal\u00e1lkoz\u00e1s\u00e1nak k\u00f6sz\u00f6nhet\u0151en, olyan sz\u00ednfoltokkal gazdagodott v\u00e1rosunk, mint a Hagymah\u00e1z, a Sportcsarnok, a Busz\u00e1llom\u00e1s, a K\u00e1lvin t\u00e9ri Iskola, az \u00fajv\u00e1rosi B\u00f6lcs\u0151de \u00e9s a jelenleg sz\u00fclet\u00e9s\u00e9nek vaj\u00fad\u00e1si id\u0151szak\u00e1t \u00e9l\u0151 f\u00fcrd\u0151, valamint a f\u0151t\u00e9r rekonstrukci\u00f3s \u00e1talak\u00edt\u00e1sa.<br>Az \u00faj f\u00fcrd\u0151vel kapcsolatosan k\u00e9t p\u00e1rtra szakadt a v\u00e1ros lakoss\u00e1ga. Hatezer al\u00e1\u00edr\u00e1st gy\u0171jt\u00f6ttek \u00f6ssze a f\u00fcrd\u0151 ellen, de szerencs\u00e9re a m\u00e1sik elk\u00e9pzel\u00e9s gy\u0151z\u00f6tt \u00e9s 2012. janu\u00e1r 20-\u00e1n \u00e1tad\u00e1sra ker\u00fcl a f\u00fcrd\u0151, melyet minden bizonnyal Makovecz Imre remekm\u0171vek\u00e9nt fognak sz\u00e1mon tartani, emlegetni.<br>Sajnos az \u00f6r\u00f6mbe, \u00fcr\u00f6m is vegy\u00fclt \u00e9s az eredeti terveket anyagi okok miatt m\u00f3dos\u00edtani kellett. Polg\u00e1rmester\u00fcnk szavaival \u00e9lve a tims\u00f3z\u00e1soknak k\u00f6sz\u00f6nhet\u0151en kimaradtak: egy belt\u00e9ri \u00e9s egy k\u00fclt\u00e9ri 25 m-es \u00fasz\u00f3medenc\u00e9k, valamint egy \u00e9tterem. \u00cdgy a v\u00e1ros \u00fasz\u00f3medence n\u00e9lk\u00fcli f\u00fcrd\u0151vel gazdagodik, \u00e9s az a paradox helyzet \u00e1llt el\u0151, hogy a fejleszt\u00e9s el\u0151tti v\u00edzfel\u00fclet t\u00f6bb mint 500 n\u00e9gyzetm\u00e9terrel nagyobb volt, mint a fejleszt\u00e9s ut\u00e1n lesz. Ez a t\u00e9ny a Guinness rekordok k\u00f6nyv\u00e9ben is p\u00e9lda\u00e9rt\u00e9k\u0171 volna.<br>A v\u00e1ros vezet\u0151i elvetett\u00e9k a kor\u00e1bbi p\u00e1ly\u00e1zati ki\u00edr\u00e1st melynek \u00e9rtelm\u00e9ben, mindenki p\u00e1ly\u00e1zhatott volna, az \u00faj f\u00fcrd\u0151 nev\u00e9re. E helyett szak\u00e9rt\u0151i bizotts\u00e1g elnevezte Hagymatikumnak. Ezt a nevet mindenki felh\u00e1borod\u00e1ssal fogadta, \u00e9s felh\u00e1bor\u00edt\u00f3nak tart, mivel magyar \u00e9s latin sz\u00f3\u00f6sszet\u00e9telt kre\u00e1ltak az \u201ealkot\u00f3k\u201d.<br>A k\u00fclf\u00f6ldiek Hagimatikumnak fogj\u00e1k olvasni, mivel a mi \u201eGY\u201d bet\u0171nk nem ismertek m\u00e1s ABC-ben. A n\u00e9vad\u00f3knak erre is gondolni kellett volna, mivel ennek a sz\u00f3\u00f6sszet\u00e9telnek nincs semmi jelent\u00e9se a f\u00fcrd\u0151vel kapcsolatosan, \u00e9s nem m\u00e9lt\u00f3 egy nagyon dr\u00e1ga, \u00e9s gy\u00f6ny\u00f6r\u0171 f\u00fcrd\u0151h\u00f6z!<\/p>\n\n\n\n<p class=\"wp-block-paragraph\">A sors kegyetlen megnyilv\u00e1nul\u00e1s\u00e1val alkot\u00e1s\u00e1nak telj\u00e9ben, 2011. szeptember h\u00f3, 27-\u00e9n \u00e9let\u00e9nek 76-ik \u00e9v\u00e9ben elragadta a nemzetk\u00f6zi h\u00edr\u0171 \u00e9p\u00edt\u00e9szt, a Kossuth-d\u00edjas, Corvin-l\u00e1nccal, \u00e9s sz\u00e1mos egy\u00e9b kit\u00fcntet\u00e9ssel m\u00e9ltatott Makovecz Imr\u00e9t.<br>Temet\u00e9s\u00e9n Orb\u00e1n Viktor Minisztereln\u00f6k b\u00facs\u00fabesz\u00e9d\u00e9ben kifejezte: \u201e\u00c9p\u00fcleteiben \u00e9l tov\u00e1bb az \u00e9p\u00edt\u00e9sz\u201d.<br>Mak\u00f3 v\u00e1ros vezet\u0151s\u00e9ge, \u00e9s a mak\u00f3i tisztel\u0151i megrend\u00fclve eml\u00e9keztek meg a neves \u00e9p\u00edt\u00e9szr\u0151l, \u00e9s az \u00e1ltala tervezett Hagymah\u00e1z el\u0151tt, gyertyagy\u00fajt\u00e1ssal r\u00f3tt\u00e1k le tisztelet\u00fcket ir\u00e1nta.<br>Mak\u00f3n, alkot\u00e1saival \u00f6r\u00f6kre be\u00edrta nev\u00e9t v\u00e1rosunk t\u00f6rt\u00e9nelm\u00e9be. B\u00fcszk\u00e9k lehet\u00fcnk arra, hogy sehol a vil\u00e1gon nincs egyetlen telep\u00fcl\u00e9s sem, ahol sz\u00e1m szerint annyi remekm\u0171vel tette gazdagabb\u00e1 az ut\u00f3kor sz\u00e1m\u00e1ra a k\u00f6rnyezetet.<br>\u00dagy gondolom, hogy a v\u00e1ros \u00e9s a f\u00fcrd\u0151 vezet\u0151inek nemes gesztus\u00e1ra vallana, ha a f\u00fcrd\u0151 \u00e1tad\u00e1sakor (2012. janu\u00e1r 20-\u00e1n) a M\u00c9DIA Makovecz f\u00fcrd\u0151k\u00e9nt tudatn\u00e1 a vil\u00e1ggal, a h\u00edres \u00e9p\u00edt\u00e9sz remekm\u0171v\u00e9nek megnyit\u00e1s\u00e1t, \u00e1tad\u00e1s\u00e1t Mak\u00f3n!<br>A r\u00e9gi h\u00edres mond\u00e1s:\u201dEmber tervez, Isten v\u00e9gez\u201d lehet, hogy Mak\u00f3n \u00fagy m\u00f3dosul, \u201eEmber tervez, a Vezet\u0151k d\u00f6ntenek\u201d \u00e9s marad a f\u00fcrd\u0151vel kapcsolatosan a semmitmond\u00f3, HAGYMATIKUM, elnevez\u00e9s!<\/p>\n\n\n\n<p class=\"wp-block-paragraph\">Mak\u00f3, 2012. 01. 16.<\/p>\n","protected":false},"excerpt":{"rendered":"<p>A N\u00c9PLAVORT\u00d3L A HAGYMATIKUMIG Az 1960-as \u00e9vekben f\u00fart\u00e1k Mak\u00f3n az els\u0151 term\u00e1l kutat. Mindenki \u00f6r\u00fclt a meleg v\u00edznek, \u00e9s ekkor m\u00e9g senki nem gondolta, hogy milyen \u00e9rt\u00e9kes gy\u00f3gyvizet rejt mag\u00e1ban a v\u00e1ros alatti medence.A k\u00fatf\u00far\u00e1s befejez\u00e9se ut\u00e1n, r\u00f6videsen meg\u00e9p\u00fclt az els\u0151 f\u00fcrd\u0151medence, a t\u0171zolt\u00f3s\u00e1g udvar\u00e1n, amely \u00e9jjel nappal nyitva volt, s eleinte fizets\u00e9g n\u00e9lk\u00fcl haszn\u00e1lhatta &#8230; <a title=\"A N\u00c9PLAVORT\u00d3L A HAGYMATIKUMIG\" class=\"read-more\" href=\"https:\/\/bozsogiattila.hu\/?p=814\" aria-label=\"Tov\u00e1bbiak A N\u00c9PLAVORT\u00d3L A HAGYMATIKUMIG\">Olvass tov\u00e1bb<\/a><\/p>\n","protected":false},"author":3,"featured_media":0,"comment_status":"closed","ping_status":"open","sticky":false,"template":"","format":"standard","meta":{"footnotes":""},"categories":[300],"tags":[71,155,308,12],"class_list":["post-814","post","type-post","status-publish","format-standard","hentry","category-esszek-ujsagcikkek-tanulmanyok-kritikak","tag-71","tag-furdo","tag-hagymatikum","tag-mako"],"yoast_head":"<!-- This site is optimized with the Yoast SEO plugin v21.8 - https:\/\/yoast.com\/wordpress\/plugins\/seo\/ -->\n<title>A N\u00c9PLAVORT\u00d3L A HAGYMATIKUMIG - Bozsogi Attila<\/title>\n<meta name=\"robots\" content=\"index, follow, max-snippet:-1, max-image-preview:large, max-video-preview:-1\" \/>\n<link rel=\"canonical\" href=\"https:\/\/bozsogiattila.hu\/?p=814\" \/>\n<meta property=\"og:locale\" content=\"hu_HU\" \/>\n<meta property=\"og:type\" content=\"article\" \/>\n<meta property=\"og:title\" content=\"A N\u00c9PLAVORT\u00d3L A HAGYMATIKUMIG - Bozsogi Attila\" \/>\n<meta property=\"og:description\" content=\"A N\u00c9PLAVORT\u00d3L A HAGYMATIKUMIG Az 1960-as \u00e9vekben f\u00fart\u00e1k Mak\u00f3n az els\u0151 term\u00e1l kutat. Mindenki \u00f6r\u00fclt a meleg v\u00edznek, \u00e9s ekkor m\u00e9g senki nem gondolta, hogy milyen \u00e9rt\u00e9kes gy\u00f3gyvizet rejt mag\u00e1ban a v\u00e1ros alatti medence.A k\u00fatf\u00far\u00e1s befejez\u00e9se ut\u00e1n, r\u00f6videsen meg\u00e9p\u00fclt az els\u0151 f\u00fcrd\u0151medence, a t\u0171zolt\u00f3s\u00e1g udvar\u00e1n, amely \u00e9jjel nappal nyitva volt, s eleinte fizets\u00e9g n\u00e9lk\u00fcl haszn\u00e1lhatta ... Olvass tov\u00e1bb\" \/>\n<meta property=\"og:url\" content=\"https:\/\/bozsogiattila.hu\/?p=814\" \/>\n<meta property=\"og:site_name\" content=\"Bozsogi Attila\" \/>\n<meta property=\"article:published_time\" content=\"2012-01-16T14:06:00+00:00\" \/>\n<meta property=\"article:modified_time\" content=\"2024-01-07T14:07:48+00:00\" \/>\n<meta name=\"author\" content=\"Bozsogi Attila\" \/>\n<meta name=\"twitter:card\" content=\"summary_large_image\" \/>\n<meta name=\"twitter:label1\" content=\"Szerz\u0151:\" \/>\n\t<meta name=\"twitter:data1\" content=\"Bozsogi Attila\" \/>\n\t<meta name=\"twitter:label2\" content=\"Becs\u00fclt olvas\u00e1si id\u0151\" \/>\n\t<meta name=\"twitter:data2\" content=\"6 perc\" \/>\n<script type=\"application\/ld+json\" class=\"yoast-schema-graph\">{\"@context\":\"https:\/\/schema.org\",\"@graph\":[{\"@type\":\"WebPage\",\"@id\":\"https:\/\/bozsogiattila.hu\/?p=814\",\"url\":\"https:\/\/bozsogiattila.hu\/?p=814\",\"name\":\"A N\u00c9PLAVORT\u00d3L A HAGYMATIKUMIG - Bozsogi Attila\",\"isPartOf\":{\"@id\":\"https:\/\/bozsogiattila.hu\/#website\"},\"datePublished\":\"2012-01-16T14:06:00+00:00\",\"dateModified\":\"2024-01-07T14:07:48+00:00\",\"author\":{\"@id\":\"https:\/\/bozsogiattila.hu\/#\/schema\/person\/488c99f554a8c4039201260dd5eb795e\"},\"breadcrumb\":{\"@id\":\"https:\/\/bozsogiattila.hu\/?p=814#breadcrumb\"},\"inLanguage\":\"hu\",\"potentialAction\":[{\"@type\":\"ReadAction\",\"target\":[\"https:\/\/bozsogiattila.hu\/?p=814\"]}]},{\"@type\":\"BreadcrumbList\",\"@id\":\"https:\/\/bozsogiattila.hu\/?p=814#breadcrumb\",\"itemListElement\":[{\"@type\":\"ListItem\",\"position\":1,\"name\":\"Kezd\u0151lap\",\"item\":\"https:\/\/bozsogiattila.hu\/\"},{\"@type\":\"ListItem\",\"position\":2,\"name\":\"A N\u00c9PLAVORT\u00d3L A HAGYMATIKUMIG\"}]},{\"@type\":\"WebSite\",\"@id\":\"https:\/\/bozsogiattila.hu\/#website\",\"url\":\"https:\/\/bozsogiattila.hu\/\",\"name\":\"Bozsogi Attila\",\"description\":\"a zen\u00e9sz, \u00edr\u00f3 munk\u00e1ss\u00e1g\u00e1nak \u00e9s a mak\u00f3i muzsikusok eml\u00e9k\u00e9t \u0151rz\u0151 oldal\",\"potentialAction\":[{\"@type\":\"SearchAction\",\"target\":{\"@type\":\"EntryPoint\",\"urlTemplate\":\"https:\/\/bozsogiattila.hu\/?s={search_term_string}\"},\"query-input\":\"required name=search_term_string\"}],\"inLanguage\":\"hu\"},{\"@type\":\"Person\",\"@id\":\"https:\/\/bozsogiattila.hu\/#\/schema\/person\/488c99f554a8c4039201260dd5eb795e\",\"name\":\"Bozsogi Attila\",\"image\":{\"@type\":\"ImageObject\",\"inLanguage\":\"hu\",\"@id\":\"https:\/\/bozsogiattila.hu\/#\/schema\/person\/image\/\",\"url\":\"https:\/\/secure.gravatar.com\/avatar\/7da6b5985e34ed798d1670c54ce7d20e6a53b800bb0c07945c64b09392f3dbfd?s=96&d=mm&r=g\",\"contentUrl\":\"https:\/\/secure.gravatar.com\/avatar\/7da6b5985e34ed798d1670c54ce7d20e6a53b800bb0c07945c64b09392f3dbfd?s=96&d=mm&r=g\",\"caption\":\"Bozsogi Attila\"},\"sameAs\":[\"http:\/\/www.boszogiattila.hu\"],\"url\":\"https:\/\/bozsogiattila.hu\/?author=3\"}]}<\/script>\n<!-- \/ Yoast SEO plugin. -->","yoast_head_json":{"title":"A N\u00c9PLAVORT\u00d3L A HAGYMATIKUMIG - Bozsogi Attila","robots":{"index":"index","follow":"follow","max-snippet":"max-snippet:-1","max-image-preview":"max-image-preview:large","max-video-preview":"max-video-preview:-1"},"canonical":"https:\/\/bozsogiattila.hu\/?p=814","og_locale":"hu_HU","og_type":"article","og_title":"A N\u00c9PLAVORT\u00d3L A HAGYMATIKUMIG - Bozsogi Attila","og_description":"A N\u00c9PLAVORT\u00d3L A HAGYMATIKUMIG Az 1960-as \u00e9vekben f\u00fart\u00e1k Mak\u00f3n az els\u0151 term\u00e1l kutat. Mindenki \u00f6r\u00fclt a meleg v\u00edznek, \u00e9s ekkor m\u00e9g senki nem gondolta, hogy milyen \u00e9rt\u00e9kes gy\u00f3gyvizet rejt mag\u00e1ban a v\u00e1ros alatti medence.A k\u00fatf\u00far\u00e1s befejez\u00e9se ut\u00e1n, r\u00f6videsen meg\u00e9p\u00fclt az els\u0151 f\u00fcrd\u0151medence, a t\u0171zolt\u00f3s\u00e1g udvar\u00e1n, amely \u00e9jjel nappal nyitva volt, s eleinte fizets\u00e9g n\u00e9lk\u00fcl haszn\u00e1lhatta ... Olvass tov\u00e1bb","og_url":"https:\/\/bozsogiattila.hu\/?p=814","og_site_name":"Bozsogi Attila","article_published_time":"2012-01-16T14:06:00+00:00","article_modified_time":"2024-01-07T14:07:48+00:00","author":"Bozsogi Attila","twitter_card":"summary_large_image","twitter_misc":{"Szerz\u0151:":"Bozsogi Attila","Becs\u00fclt olvas\u00e1si id\u0151":"6 perc"},"schema":{"@context":"https:\/\/schema.org","@graph":[{"@type":"WebPage","@id":"https:\/\/bozsogiattila.hu\/?p=814","url":"https:\/\/bozsogiattila.hu\/?p=814","name":"A N\u00c9PLAVORT\u00d3L A HAGYMATIKUMIG - Bozsogi Attila","isPartOf":{"@id":"https:\/\/bozsogiattila.hu\/#website"},"datePublished":"2012-01-16T14:06:00+00:00","dateModified":"2024-01-07T14:07:48+00:00","author":{"@id":"https:\/\/bozsogiattila.hu\/#\/schema\/person\/488c99f554a8c4039201260dd5eb795e"},"breadcrumb":{"@id":"https:\/\/bozsogiattila.hu\/?p=814#breadcrumb"},"inLanguage":"hu","potentialAction":[{"@type":"ReadAction","target":["https:\/\/bozsogiattila.hu\/?p=814"]}]},{"@type":"BreadcrumbList","@id":"https:\/\/bozsogiattila.hu\/?p=814#breadcrumb","itemListElement":[{"@type":"ListItem","position":1,"name":"Kezd\u0151lap","item":"https:\/\/bozsogiattila.hu\/"},{"@type":"ListItem","position":2,"name":"A N\u00c9PLAVORT\u00d3L A HAGYMATIKUMIG"}]},{"@type":"WebSite","@id":"https:\/\/bozsogiattila.hu\/#website","url":"https:\/\/bozsogiattila.hu\/","name":"Bozsogi Attila","description":"a zen\u00e9sz, \u00edr\u00f3 munk\u00e1ss\u00e1g\u00e1nak \u00e9s a mak\u00f3i muzsikusok eml\u00e9k\u00e9t \u0151rz\u0151 oldal","potentialAction":[{"@type":"SearchAction","target":{"@type":"EntryPoint","urlTemplate":"https:\/\/bozsogiattila.hu\/?s={search_term_string}"},"query-input":"required name=search_term_string"}],"inLanguage":"hu"},{"@type":"Person","@id":"https:\/\/bozsogiattila.hu\/#\/schema\/person\/488c99f554a8c4039201260dd5eb795e","name":"Bozsogi Attila","image":{"@type":"ImageObject","inLanguage":"hu","@id":"https:\/\/bozsogiattila.hu\/#\/schema\/person\/image\/","url":"https:\/\/secure.gravatar.com\/avatar\/7da6b5985e34ed798d1670c54ce7d20e6a53b800bb0c07945c64b09392f3dbfd?s=96&d=mm&r=g","contentUrl":"https:\/\/secure.gravatar.com\/avatar\/7da6b5985e34ed798d1670c54ce7d20e6a53b800bb0c07945c64b09392f3dbfd?s=96&d=mm&r=g","caption":"Bozsogi Attila"},"sameAs":["http:\/\/www.boszogiattila.hu"],"url":"https:\/\/bozsogiattila.hu\/?author=3"}]}},"jetpack_featured_media_url":"","_links":{"self":[{"href":"https:\/\/bozsogiattila.hu\/index.php?rest_route=\/wp\/v2\/posts\/814","targetHints":{"allow":["GET"]}}],"collection":[{"href":"https:\/\/bozsogiattila.hu\/index.php?rest_route=\/wp\/v2\/posts"}],"about":[{"href":"https:\/\/bozsogiattila.hu\/index.php?rest_route=\/wp\/v2\/types\/post"}],"author":[{"embeddable":true,"href":"https:\/\/bozsogiattila.hu\/index.php?rest_route=\/wp\/v2\/users\/3"}],"replies":[{"embeddable":true,"href":"https:\/\/bozsogiattila.hu\/index.php?rest_route=%2Fwp%2Fv2%2Fcomments&post=814"}],"version-history":[{"count":1,"href":"https:\/\/bozsogiattila.hu\/index.php?rest_route=\/wp\/v2\/posts\/814\/revisions"}],"predecessor-version":[{"id":815,"href":"https:\/\/bozsogiattila.hu\/index.php?rest_route=\/wp\/v2\/posts\/814\/revisions\/815"}],"wp:attachment":[{"href":"https:\/\/bozsogiattila.hu\/index.php?rest_route=%2Fwp%2Fv2%2Fmedia&parent=814"}],"wp:term":[{"taxonomy":"category","embeddable":true,"href":"https:\/\/bozsogiattila.hu\/index.php?rest_route=%2Fwp%2Fv2%2Fcategories&post=814"},{"taxonomy":"post_tag","embeddable":true,"href":"https:\/\/bozsogiattila.hu\/index.php?rest_route=%2Fwp%2Fv2%2Ftags&post=814"}],"curies":[{"name":"wp","href":"https:\/\/api.w.org\/{rel}","templated":true}]}}