{"id":818,"date":"2012-02-26T14:09:00","date_gmt":"2012-02-26T14:09:00","guid":{"rendered":"https:\/\/bozsogiattila.hu\/?p=818"},"modified":"2024-01-07T14:10:17","modified_gmt":"2024-01-07T14:10:17","slug":"tezisek-a-furdovel-kapcsolatosan","status":"publish","type":"post","link":"https:\/\/bozsogiattila.hu\/?p=818","title":{"rendered":"T\u00c9ZISEK A F\u00dcRD\u0150VEL KAPCSOLATOSAN!"},"content":{"rendered":"\n<p class=\"wp-block-paragraph\">T\u00c9ZISEK A F\u00dcRD\u0150VEL KAPCSOLATOSAN!<\/p>\n\n\n\n<p class=\"wp-block-paragraph\">Mi\u00e9rt t\u00f6rt\u00e9nnek olyan megnyilv\u00e1nul\u00e1sok a f\u00fcrd\u0151ben, melyek nem szerepelnek a Makovecz maketten, teh\u00e1t nem a terv r\u00e9sze?<br>Ker\u00edt\u00e9s k\u00e9sz\u00fcl a f\u00fcrd\u0151ben, amely elv\u00e1lasztja a Tanuszod\u00e1t \u00e9s az \u00e9p\u00fcl\u0151 F\u00fcrd\u0151t. Adotts\u00e1ga folyt\u00e1n am\u00fagy is kicsi a f\u00fcrd\u0151ben a napoz\u00e1shoz haszn\u00e1latos z\u00f6ld ter\u00fclet. Ezzel a ker\u00edt\u00e9ssel szinte teljesen minim\u00e1lisra cs\u00f6kken a tanuszoda \u00f6vezete, f\u00fcves ter\u00fclete.<br>K\u00f6ztudott, hogy az egykori 50 m\u00e9teres medenc\u00e9nek csup\u00e1n 70%-t teszi ki az \u00faj f\u00fcrd\u0151 10 medenc\u00e9j\u00e9nek ter\u00fclete n\u00e9gyzetm\u00e9terben kifejezve.<br>Forgalom t\u00e9len minim\u00e1lis. Ny\u00e1ron lehetetlen lesz bek\u00e9nyszer\u00edteni a mak\u00f3i, \u00e9s k\u00fclf\u00f6ldi vend\u00e9geket az \u00e9p\u00fclet t\u00falm\u00e9retezett f\u00fcrd\u0151k\u00e1djaiba, mert nagys\u00e1gaik miatt csup\u00e1n sok-sok j\u00f3indulattal lehet medenc\u00e9knek nevezni az \u00faj l\u00e9tes\u00edtm\u00e9ny \u201emedenc\u00e9it\u201d!<br>H\u00e1rom r\u00e9szre lesz felosztva a f\u00fcrd\u0151. Az igazgat\u00f3n\u0151 elmond\u00e1sa szerint h\u00e1romf\u00e9le jegy, b\u00e9rlet lesz v\u00e1lthat\u00f3: 1. Tanuszoda, + gy\u00f3gymedenc\u00e9k, 2. \u00c9lm\u00e9nymedence+az \u00faj r\u00e9sz medenc\u00e9i, 3. Kombin\u00e1lt jegy, b\u00e9rlet, mely birtok\u00e1ban minden haszn\u00e1lhat\u00f3.<br>Ez a tagolts\u00e1g teljesen \u00e9sszer\u0171tlen. K\u00f6ztudott, hogy a rom\u00e1n vend\u00e9gek az \u00e9lm\u00e9nymedenc\u00e9t \u00e9s a 33 m\u00e9teres medenc\u00e9t haszn\u00e1lt\u00e1k el\u0151szeretettel. Amennyiben az elk\u00f6vetkez\u0151 ny\u00e1ron befizetnek az \u00e9lm\u00e9nymedenc\u00e9kre, &#8211; ott t\u00falzs\u00fafolts\u00e1g lesz, a f\u00fcrd\u0151 t\u00f6bbi r\u00e9sz\u00e9ben meg pang\u00e1s.<br>A tanuszod\u00e1t haszn\u00e1l\u00f3 fiatalok el\u0151l elrekesztik a cs\u00faszd\u00e1t, \u00e9s ha a gyerekek haszn\u00e1lni szeretn\u00e9k ezt a kedvelt l\u00e9tes\u00edtm\u00e9ny, akkor k\u00e9t helyre kell jegyet v\u00e1ltaniuk. Mak\u00f3 egy elszeg\u00e9nyedett v\u00e1ros, ennek folyt\u00e1n nem val\u00f3sz\u00edn\u0171, hogy a sz\u00fcl\u0151k gyermekeinek k\u00e9t jegyet fognak v\u00e1ltani.<br>K\u00e9rdezn\u00e9m: Akkor minek a cs\u00faszda?<br>Nem vagyok olyan f\u00fcrd\u0151szakember, mint a Mak\u00f3iak szem\u00e9ben meglehet\u0151sen n\u00e9pszer\u0171tlen, Kovacsics \u00dar, de a j\u00f3zan paraszt\u00e9sz elm\u00e9lete szerint gondolkozva sokkal \u00e9sszer\u0171bb volna egyfajta bel\u00e9p\u0151 haszn\u00e1lata elfogadhat\u00f3 \u00e1ron. Ezzel a szomsz\u00e9dos v\u00e1rosokb\u00f3l is idecsalogathatn\u00e1k a f\u00fcrdeni v\u00e1gy\u00f3kat, \u00e9s elterjedne a h\u00edr, hogy a mak\u00f3i f\u00fcrd\u0151ben egy bel\u00e9p\u0151vel minden medence haszn\u00e1lhat\u00f3. Hossz\u00fat\u00e1von \u00edgy elk\u00e9pzelhet\u0151, hogy nagyobb bev\u00e9telre sz\u00e1m\u00edthatn\u00e1nak, mint a sz\u00e9ttagolts\u00e1g m\u00f3dszer\u00e9vel. K\u00fcl\u00f6n\u00f6sen akkor, ha \u00fasz\u00f3medence is \u00e9p\u00fcl majd.<br>A f\u00f3rumok mindegyik\u00e9n ott voltam, ahol elhangzott az a mondat: \u201eC\u00e9lkit\u0171z\u00e9s\u00fcnk a m\u00f3rahalmi f\u00fcrd\u0151 utol\u00e9r\u00e9se, a k\u00e9s\u0151bbiekben elhagy\u00e1sa a forgalma ter\u00e9n\u201d. A kiv\u00e1l\u00f3 szakember V\u00f6r\u00f6s \u00dar kijelentette, hogy a Wellness f\u00fcrd\u0151 nem a mak\u00f3iak zseb\u00e9nek \u00e9p\u00fcl. \u00c9rdemes volna visszakeresni a felv\u00e9teleken ezt a kijelent\u00e9st. V\u00f6r\u00f6s \u00dart\u00f3l S\u00e1rv\u00e1ron m\u00e1r \u201e\u00e9rz\u00e9keny b\u00facs\u00fat vettek\u201d, hasonl\u00f3an, mint Kovacsics \u00dart\u00f3l h\u00e1rom m\u00e1s f\u00fcrd\u0151ben.<br>M\u00f3rahalmon a szaun\u00e1k haszn\u00e1lata is benne van a jegy \u00e1r\u00e1ban, \u00e9s az eg\u00e9sz f\u00fcrd\u0151 haszn\u00e1lhat\u00f3 egy bel\u00e9p\u0151vel, s\u0151t \u00e9rt\u00e9keik meg\u0151rz\u00e9s\u00e9re, m\u00e9g ingyen trezort is lehet ig\u00e9nybe venni.<br>Nem c\u00e9l m\u00e1r M\u00f3rahalom f\u00fcrd\u0151j\u00e9nek utol\u00e9r\u00e9se?<br>Kovacsics \u00dar teljhatalm\u00e1nak k\u00f6sz\u00f6nhet\u0151en d\u00f6nt ezen a t\u00e9ren. Mivel csak l\u00e1togat\u00f3ba j\u00e1r ide id\u0151nk\u00e9nt, \u00e9s nem besz\u00e9lgetett el m\u00e9g a mak\u00f3i emberekkel, akiket szeretne megh\u00f3d\u00edtani a f\u00fcrd\u0151 r\u00e9sz\u00e9re. \u00cdgy elker\u00fclte a figyelm\u00e9t, hogy Mak\u00f3 egy szeg\u00e9ny v\u00e1ros, ahov\u00e1 a m\u00e9g n\u00e1lunk is szeg\u00e9nyebb rom\u00e1n vend\u00e9gekre sz\u00e1m\u00edthat els\u0151sorban.<br>Egyszerre mindenki csak egy medenc\u00e9t tud haszn\u00e1lni. Teh\u00e1t \u00e9rtelmetlen minden f\u00fcrd\u0151z\u0151t megk\u00fcl\u00f6nb\u00f6ztet\u0151 \u00f3r\u00e1kkal ell\u00e1tni. Olyan sz\u00ednezete volna az eg\u00e9sznek ez a megk\u00fcl\u00f6nb\u00f6ztet\u00e9s, mint annak idej\u00e9n a zsid\u00f3k s\u00e1rga csillagja.<br>Nem besz\u00e9lve, az am\u00fagy is meglehet\u0151sen lass\u00fa bel\u00e9ptet\u00e9sr\u0151l cs\u00facsforgalom idej\u00e9n. Az ellen\u0151rz\u00e9s plusz munkaer\u0151ket ig\u00e9nyelne.<br>A f\u00fcrd\u0151vel kapcsolatosan megeml\u00edten\u00e9m a Marczib\u00e1nyi t\u00e9r \u00e1tkeresztel\u00e9s\u00e9t, ami az ott lak\u00f3k \u00f6sszes olyan okm\u00e1ny\u00e1nak melyeken sz\u00fcks\u00e9ges a lakc\u00edm, \u00fajrav\u00e1lt\u00e1s\u00e1t teszi k\u00f6telez\u0151v\u00e9. A k\u00f6lts\u00e9geket az \u00f6nkorm\u00e1nyzat \u00e1tv\u00e1llalja. (Van p\u00e9nz b\u0151ven?!)<br>Egyszer\u0171bb volna a f\u00fcrd\u0151t Makovecz f\u00fcrd\u0151nek elnevezni, mint ilyen tort\u00far\u00e1nak kitenni az ott \u00e9l\u0151ket. \u20ac<br>\u00dagy gondolom, aki annyit tett Mak\u00f3\u00e9rt, mint Makovecz Imre meg\u00e9rdemeln\u00e9, hogy f\u0151 m\u0171v\u00e9t, (mellyel Eur\u00f3pa h\u00edr\u0171v\u00e9 teszi Mak\u00f3t, mint f\u00fcrd\u0151v\u00e1rost) r\u00f3la nevezz\u00e9k el. Ennyit meg\u00e9rdemelne egy Eur\u00f3pa, de lehet, hogy helyes a vil\u00e1gh\u00edr\u0171 \u00e9p\u00edt\u00e9sz kifejez\u00e9s is.<br>Ki tal\u00e1lta ki ezt a k\u00f6zut\u00e1latnak \u00f6rvend\u0151 Hagymatikum elnevez\u00e9s, hogy ennyire ragaszkodnak hozz\u00e1?<\/p>\n\n\n\n<p class=\"wp-block-paragraph\">Mak\u00f3, 2012. 02. 26.<\/p>\n","protected":false},"excerpt":{"rendered":"<p>T\u00c9ZISEK A F\u00dcRD\u0150VEL KAPCSOLATOSAN! Mi\u00e9rt t\u00f6rt\u00e9nnek olyan megnyilv\u00e1nul\u00e1sok a f\u00fcrd\u0151ben, melyek nem szerepelnek a Makovecz maketten, teh\u00e1t nem a terv r\u00e9sze?Ker\u00edt\u00e9s k\u00e9sz\u00fcl a f\u00fcrd\u0151ben, amely elv\u00e1lasztja a Tanuszod\u00e1t \u00e9s az \u00e9p\u00fcl\u0151 F\u00fcrd\u0151t. Adotts\u00e1ga folyt\u00e1n am\u00fagy is kicsi a f\u00fcrd\u0151ben a napoz\u00e1shoz haszn\u00e1latos z\u00f6ld ter\u00fclet. Ezzel a ker\u00edt\u00e9ssel szinte teljesen minim\u00e1lisra cs\u00f6kken a tanuszoda \u00f6vezete, f\u00fcves &#8230; <a title=\"T\u00c9ZISEK A F\u00dcRD\u0150VEL KAPCSOLATOSAN!\" class=\"read-more\" href=\"https:\/\/bozsogiattila.hu\/?p=818\" aria-label=\"Tov\u00e1bbiak T\u00c9ZISEK A F\u00dcRD\u0150VEL KAPCSOLATOSAN!\">Olvass tov\u00e1bb<\/a><\/p>\n","protected":false},"author":3,"featured_media":0,"comment_status":"closed","ping_status":"open","sticky":false,"template":"","format":"standard","meta":{"footnotes":""},"categories":[300],"tags":[71,155,308,12],"class_list":["post-818","post","type-post","status-publish","format-standard","hentry","category-esszek-ujsagcikkek-tanulmanyok-kritikak","tag-71","tag-furdo","tag-hagymatikum","tag-mako"],"yoast_head":"<!-- This site is optimized with the Yoast SEO plugin v21.8 - https:\/\/yoast.com\/wordpress\/plugins\/seo\/ -->\n<title>T\u00c9ZISEK A F\u00dcRD\u0150VEL KAPCSOLATOSAN! - Bozsogi Attila<\/title>\n<meta name=\"robots\" content=\"index, follow, max-snippet:-1, max-image-preview:large, max-video-preview:-1\" \/>\n<link rel=\"canonical\" href=\"https:\/\/bozsogiattila.hu\/?p=818\" \/>\n<meta property=\"og:locale\" content=\"hu_HU\" \/>\n<meta property=\"og:type\" content=\"article\" \/>\n<meta property=\"og:title\" content=\"T\u00c9ZISEK A F\u00dcRD\u0150VEL KAPCSOLATOSAN! - Bozsogi Attila\" \/>\n<meta property=\"og:description\" content=\"T\u00c9ZISEK A F\u00dcRD\u0150VEL KAPCSOLATOSAN! Mi\u00e9rt t\u00f6rt\u00e9nnek olyan megnyilv\u00e1nul\u00e1sok a f\u00fcrd\u0151ben, melyek nem szerepelnek a Makovecz maketten, teh\u00e1t nem a terv r\u00e9sze?Ker\u00edt\u00e9s k\u00e9sz\u00fcl a f\u00fcrd\u0151ben, amely elv\u00e1lasztja a Tanuszod\u00e1t \u00e9s az \u00e9p\u00fcl\u0151 F\u00fcrd\u0151t. Adotts\u00e1ga folyt\u00e1n am\u00fagy is kicsi a f\u00fcrd\u0151ben a napoz\u00e1shoz haszn\u00e1latos z\u00f6ld ter\u00fclet. Ezzel a ker\u00edt\u00e9ssel szinte teljesen minim\u00e1lisra cs\u00f6kken a tanuszoda \u00f6vezete, f\u00fcves ... Olvass tov\u00e1bb\" \/>\n<meta property=\"og:url\" content=\"https:\/\/bozsogiattila.hu\/?p=818\" \/>\n<meta property=\"og:site_name\" content=\"Bozsogi Attila\" \/>\n<meta property=\"article:published_time\" content=\"2012-02-26T14:09:00+00:00\" \/>\n<meta property=\"article:modified_time\" content=\"2024-01-07T14:10:17+00:00\" \/>\n<meta name=\"author\" content=\"Bozsogi Attila\" \/>\n<meta name=\"twitter:card\" content=\"summary_large_image\" \/>\n<meta name=\"twitter:label1\" content=\"Szerz\u0151:\" \/>\n\t<meta name=\"twitter:data1\" content=\"Bozsogi Attila\" \/>\n\t<meta name=\"twitter:label2\" content=\"Becs\u00fclt olvas\u00e1si id\u0151\" \/>\n\t<meta name=\"twitter:data2\" content=\"5 perc\" \/>\n<script type=\"application\/ld+json\" class=\"yoast-schema-graph\">{\"@context\":\"https:\/\/schema.org\",\"@graph\":[{\"@type\":\"WebPage\",\"@id\":\"https:\/\/bozsogiattila.hu\/?p=818\",\"url\":\"https:\/\/bozsogiattila.hu\/?p=818\",\"name\":\"T\u00c9ZISEK A F\u00dcRD\u0150VEL KAPCSOLATOSAN! - Bozsogi Attila\",\"isPartOf\":{\"@id\":\"https:\/\/bozsogiattila.hu\/#website\"},\"datePublished\":\"2012-02-26T14:09:00+00:00\",\"dateModified\":\"2024-01-07T14:10:17+00:00\",\"author\":{\"@id\":\"https:\/\/bozsogiattila.hu\/#\/schema\/person\/488c99f554a8c4039201260dd5eb795e\"},\"breadcrumb\":{\"@id\":\"https:\/\/bozsogiattila.hu\/?p=818#breadcrumb\"},\"inLanguage\":\"hu\",\"potentialAction\":[{\"@type\":\"ReadAction\",\"target\":[\"https:\/\/bozsogiattila.hu\/?p=818\"]}]},{\"@type\":\"BreadcrumbList\",\"@id\":\"https:\/\/bozsogiattila.hu\/?p=818#breadcrumb\",\"itemListElement\":[{\"@type\":\"ListItem\",\"position\":1,\"name\":\"Kezd\u0151lap\",\"item\":\"https:\/\/bozsogiattila.hu\/\"},{\"@type\":\"ListItem\",\"position\":2,\"name\":\"T\u00c9ZISEK A F\u00dcRD\u0150VEL KAPCSOLATOSAN!\"}]},{\"@type\":\"WebSite\",\"@id\":\"https:\/\/bozsogiattila.hu\/#website\",\"url\":\"https:\/\/bozsogiattila.hu\/\",\"name\":\"Bozsogi Attila\",\"description\":\"a zen\u00e9sz, \u00edr\u00f3 munk\u00e1ss\u00e1g\u00e1nak \u00e9s a mak\u00f3i muzsikusok eml\u00e9k\u00e9t \u0151rz\u0151 oldal\",\"potentialAction\":[{\"@type\":\"SearchAction\",\"target\":{\"@type\":\"EntryPoint\",\"urlTemplate\":\"https:\/\/bozsogiattila.hu\/?s={search_term_string}\"},\"query-input\":\"required name=search_term_string\"}],\"inLanguage\":\"hu\"},{\"@type\":\"Person\",\"@id\":\"https:\/\/bozsogiattila.hu\/#\/schema\/person\/488c99f554a8c4039201260dd5eb795e\",\"name\":\"Bozsogi Attila\",\"image\":{\"@type\":\"ImageObject\",\"inLanguage\":\"hu\",\"@id\":\"https:\/\/bozsogiattila.hu\/#\/schema\/person\/image\/\",\"url\":\"https:\/\/secure.gravatar.com\/avatar\/7da6b5985e34ed798d1670c54ce7d20e6a53b800bb0c07945c64b09392f3dbfd?s=96&d=mm&r=g\",\"contentUrl\":\"https:\/\/secure.gravatar.com\/avatar\/7da6b5985e34ed798d1670c54ce7d20e6a53b800bb0c07945c64b09392f3dbfd?s=96&d=mm&r=g\",\"caption\":\"Bozsogi Attila\"},\"sameAs\":[\"http:\/\/www.boszogiattila.hu\"],\"url\":\"https:\/\/bozsogiattila.hu\/?author=3\"}]}<\/script>\n<!-- \/ Yoast SEO plugin. -->","yoast_head_json":{"title":"T\u00c9ZISEK A F\u00dcRD\u0150VEL KAPCSOLATOSAN! - Bozsogi Attila","robots":{"index":"index","follow":"follow","max-snippet":"max-snippet:-1","max-image-preview":"max-image-preview:large","max-video-preview":"max-video-preview:-1"},"canonical":"https:\/\/bozsogiattila.hu\/?p=818","og_locale":"hu_HU","og_type":"article","og_title":"T\u00c9ZISEK A F\u00dcRD\u0150VEL KAPCSOLATOSAN! - Bozsogi Attila","og_description":"T\u00c9ZISEK A F\u00dcRD\u0150VEL KAPCSOLATOSAN! Mi\u00e9rt t\u00f6rt\u00e9nnek olyan megnyilv\u00e1nul\u00e1sok a f\u00fcrd\u0151ben, melyek nem szerepelnek a Makovecz maketten, teh\u00e1t nem a terv r\u00e9sze?Ker\u00edt\u00e9s k\u00e9sz\u00fcl a f\u00fcrd\u0151ben, amely elv\u00e1lasztja a Tanuszod\u00e1t \u00e9s az \u00e9p\u00fcl\u0151 F\u00fcrd\u0151t. Adotts\u00e1ga folyt\u00e1n am\u00fagy is kicsi a f\u00fcrd\u0151ben a napoz\u00e1shoz haszn\u00e1latos z\u00f6ld ter\u00fclet. Ezzel a ker\u00edt\u00e9ssel szinte teljesen minim\u00e1lisra cs\u00f6kken a tanuszoda \u00f6vezete, f\u00fcves ... Olvass tov\u00e1bb","og_url":"https:\/\/bozsogiattila.hu\/?p=818","og_site_name":"Bozsogi Attila","article_published_time":"2012-02-26T14:09:00+00:00","article_modified_time":"2024-01-07T14:10:17+00:00","author":"Bozsogi Attila","twitter_card":"summary_large_image","twitter_misc":{"Szerz\u0151:":"Bozsogi Attila","Becs\u00fclt olvas\u00e1si id\u0151":"5 perc"},"schema":{"@context":"https:\/\/schema.org","@graph":[{"@type":"WebPage","@id":"https:\/\/bozsogiattila.hu\/?p=818","url":"https:\/\/bozsogiattila.hu\/?p=818","name":"T\u00c9ZISEK A F\u00dcRD\u0150VEL KAPCSOLATOSAN! - Bozsogi Attila","isPartOf":{"@id":"https:\/\/bozsogiattila.hu\/#website"},"datePublished":"2012-02-26T14:09:00+00:00","dateModified":"2024-01-07T14:10:17+00:00","author":{"@id":"https:\/\/bozsogiattila.hu\/#\/schema\/person\/488c99f554a8c4039201260dd5eb795e"},"breadcrumb":{"@id":"https:\/\/bozsogiattila.hu\/?p=818#breadcrumb"},"inLanguage":"hu","potentialAction":[{"@type":"ReadAction","target":["https:\/\/bozsogiattila.hu\/?p=818"]}]},{"@type":"BreadcrumbList","@id":"https:\/\/bozsogiattila.hu\/?p=818#breadcrumb","itemListElement":[{"@type":"ListItem","position":1,"name":"Kezd\u0151lap","item":"https:\/\/bozsogiattila.hu\/"},{"@type":"ListItem","position":2,"name":"T\u00c9ZISEK A F\u00dcRD\u0150VEL KAPCSOLATOSAN!"}]},{"@type":"WebSite","@id":"https:\/\/bozsogiattila.hu\/#website","url":"https:\/\/bozsogiattila.hu\/","name":"Bozsogi Attila","description":"a zen\u00e9sz, \u00edr\u00f3 munk\u00e1ss\u00e1g\u00e1nak \u00e9s a mak\u00f3i muzsikusok eml\u00e9k\u00e9t \u0151rz\u0151 oldal","potentialAction":[{"@type":"SearchAction","target":{"@type":"EntryPoint","urlTemplate":"https:\/\/bozsogiattila.hu\/?s={search_term_string}"},"query-input":"required name=search_term_string"}],"inLanguage":"hu"},{"@type":"Person","@id":"https:\/\/bozsogiattila.hu\/#\/schema\/person\/488c99f554a8c4039201260dd5eb795e","name":"Bozsogi Attila","image":{"@type":"ImageObject","inLanguage":"hu","@id":"https:\/\/bozsogiattila.hu\/#\/schema\/person\/image\/","url":"https:\/\/secure.gravatar.com\/avatar\/7da6b5985e34ed798d1670c54ce7d20e6a53b800bb0c07945c64b09392f3dbfd?s=96&d=mm&r=g","contentUrl":"https:\/\/secure.gravatar.com\/avatar\/7da6b5985e34ed798d1670c54ce7d20e6a53b800bb0c07945c64b09392f3dbfd?s=96&d=mm&r=g","caption":"Bozsogi Attila"},"sameAs":["http:\/\/www.boszogiattila.hu"],"url":"https:\/\/bozsogiattila.hu\/?author=3"}]}},"jetpack_featured_media_url":"","_links":{"self":[{"href":"https:\/\/bozsogiattila.hu\/index.php?rest_route=\/wp\/v2\/posts\/818","targetHints":{"allow":["GET"]}}],"collection":[{"href":"https:\/\/bozsogiattila.hu\/index.php?rest_route=\/wp\/v2\/posts"}],"about":[{"href":"https:\/\/bozsogiattila.hu\/index.php?rest_route=\/wp\/v2\/types\/post"}],"author":[{"embeddable":true,"href":"https:\/\/bozsogiattila.hu\/index.php?rest_route=\/wp\/v2\/users\/3"}],"replies":[{"embeddable":true,"href":"https:\/\/bozsogiattila.hu\/index.php?rest_route=%2Fwp%2Fv2%2Fcomments&post=818"}],"version-history":[{"count":1,"href":"https:\/\/bozsogiattila.hu\/index.php?rest_route=\/wp\/v2\/posts\/818\/revisions"}],"predecessor-version":[{"id":819,"href":"https:\/\/bozsogiattila.hu\/index.php?rest_route=\/wp\/v2\/posts\/818\/revisions\/819"}],"wp:attachment":[{"href":"https:\/\/bozsogiattila.hu\/index.php?rest_route=%2Fwp%2Fv2%2Fmedia&parent=818"}],"wp:term":[{"taxonomy":"category","embeddable":true,"href":"https:\/\/bozsogiattila.hu\/index.php?rest_route=%2Fwp%2Fv2%2Fcategories&post=818"},{"taxonomy":"post_tag","embeddable":true,"href":"https:\/\/bozsogiattila.hu\/index.php?rest_route=%2Fwp%2Fv2%2Ftags&post=818"}],"curies":[{"name":"wp","href":"https:\/\/api.w.org\/{rel}","templated":true}]}}