{"id":820,"date":"2012-06-10T14:10:00","date_gmt":"2012-06-10T14:10:00","guid":{"rendered":"https:\/\/bozsogiattila.hu\/?p=820"},"modified":"2024-01-07T14:11:36","modified_gmt":"2024-01-07T14:11:36","slug":"szezon-elott-a-hagymatikumban","status":"publish","type":"post","link":"https:\/\/bozsogiattila.hu\/?p=820","title":{"rendered":"SZEZON EL\u0150TT A HAGYMATIKUMBAN"},"content":{"rendered":"\n<p class=\"wp-block-paragraph\">SZEZON EL\u0150TT A HAGYMATIKUMBAN<\/p>\n\n\n\n<p class=\"wp-block-paragraph\">A hossz\u00fa zord, hideg t\u00e9l ut\u00e1n a term\u00e9szet id\u0151nk\u00e9nt bontogatja sz\u00e1rnyait, \u00e9s az \u00e9ltet\u0151 napsugarak bearanyozz\u00e1k a Mak\u00f3iak b\u00fcszkes\u00e9g\u00e9t, a Kossuth d\u00edjas Makovecz Imre tervezte Hagymatikum f\u00fcrd\u0151 kupol\u00e1it.<br>Napr\u00f3l-napra sz\u00e9p\u00fcl a k\u00f6rny\u00e9k, elk\u00e9sz\u00fclnek a parkok, parkol\u00f3k, hogy a nyit\u00e1s id\u0151pontjakor z\u00f6kken\u0151mentesen kezdhesse majd meg, els\u0151 szezonj\u00e1t a strandolni v\u00e1gy\u00f3k \u00f6r\u00f6m\u00e9re a F\u00fcrd\u0151k-F\u00fcrd\u0151je.<br>Az \u00e9p\u00fcletben is ser\u00e9ny dolgos kezek csinos\u00edtj\u00e1k, jav\u00edtgatj\u00e1k a felmer\u00fcl\u0151 hib\u00e1kat, hogy a szezonban mindenki \u00f6r\u00f6mteli pihen\u00e9sben r\u00e9szes\u00fclhessen.<\/p>\n\n\n\n<p class=\"wp-block-paragraph\">K\u00f6ztudott, hogy nincs \u00e9let hiba n\u00e9lk\u00fcl. Ez \u00edgy van a f\u00fcrd\u0151 eset\u00e9ben is.<br>A komplexum k\u00e9t r\u00e9szre van tagolva, \u00e9s a k\u00e9t r\u00e9szt ker\u00edt\u00e9s v\u00e1lasztja el egym\u00e1st\u00f3l. Egyik r\u00e9szb\u0151l a m\u00e1sikba \u00e1tmenni csak bel\u00e9ptet\u0151 kapukon lehet. Akik a Tanuszoda, \u00e9s Gy\u00f3gyf\u00fcrd\u0151 r\u00e9szt v\u00e1lasztj\u00e1k, \u00e9s oda v\u00e1ltanak bel\u00e9p\u0151t, azokat a bel\u00e9ptet\u0151 kapuk a f\u00fcrd\u0151 m\u00e1s r\u00e9szeibe nem engedik \u00e1t.<br>A kombin\u00e1lt jegyeket v\u00e1lt\u00f3k mindk\u00e9t r\u00e9szt haszn\u00e1lhatj\u00e1k.<br>A szezonban naponta 4-5 ezer vend\u00e9get v\u00e1rnak. Akik a Tanuszodai r\u00e9szt v\u00e1lasztj\u00e1k pihen\u00e9sk\u00e9nt, (Csak \u00fasz\u00f3jeggyel) azoknak javasoln\u00e1m, hogy b\u0151s\u00e9gesen hozzanak magukkal elem\u00f3zsi\u00e1t, mivel a jegy\u00fck nem jogos\u00edtja fel \u0151ket, az impoz\u00e1ns k\u00fclsej\u0171, sz\u00ednvonalas \u00e9tterembe val\u00f3 \u00e1t menetelre, holott az \u00e9ttermet is a f\u00fcrd\u0151 \u00fczemelteti.<\/p>\n\n\n\n<p class=\"wp-block-paragraph\">A vend\u00e9gek miut\u00e1n megismerkedtek a koeduk\u00e1lt \u00f6lt\u00f6z\u0151 labirintus vil\u00e1g\u00e1val, \u00e9s ki-ki megtal\u00e1lta a v\u00e1lasztott medenc\u00e9ket, k\u00fcl\u00f6nleges \u00e9lm\u00e9nyekben lehet r\u00e9sz\u00fck, a k\u00fcl\u00f6nb\u00f6z\u0151 programok megismer\u00e9sekor.<\/p>\n\n\n\n<p class=\"wp-block-paragraph\">Az \u00f6lt\u00f6z\u0151ben csinos, \u00e1polt h\u00f6lgyek fogadj\u00e1k az \u00e9rkez\u0151ket, \u00e9s k\u00e9szs\u00e9gesen \u00fatbaigaz\u00edtj\u00e1k az elt\u00e9ved\u0151ket.<br>A h\u00f6lgydolgoz\u00f3k szert\u00e1rhelys\u00e9g\u00e9t a f\u00e9rfitusol\u00f3, \u00e9s illemhely el\u0151ter\u00e9ben helyezt\u00e9k el, ahov\u00e1 gyakran be kell menni\u00fck, \u00e9s ilyenkor zavartalanul k\u00f6zlekednek a mez\u00edtelen f\u00e9rfiak k\u00f6z\u00f6tt.<br>Egy m\u0171velt ember a saj\u00e1t otthon\u00e1ban sem zavarja a csal\u00e1d tagjait f\u00fcrd\u00e9s, vagy WC haszn\u00e1lat k\u00f6zben.<br>A f\u00fcrd\u0151 \u00c1ltal\u00e1nos Igazgat\u00f3j\u00e1val t\u00f6bbsz\u00f6r sz\u00f3ban \u00e9s \u00edr\u00e1sban is k\u00f6z\u00f6lt\u00fck ezt az \u00e9szrev\u00e9tel\u00fcnket. V\u00e1lasz: A h\u00f6lgyek a munk\u00e1jukat v\u00e9gzik!<br>\u00dagy gondolom, hogy sem a n\u0151i, sem a f\u00e9rfi tusol\u00f3ban nem ildomos takar\u00edt\u00f3 eszk\u00f6z\u00f6k r\u00e9sz\u00e9re rakt\u00e1rt berendezni, \u00e9s a szem\u00e9lyzetnek az ott f\u00fcrd\u0151ket zaklatni, mivel egy ilyen magas sz\u00ednvonal\u00fa f\u00fcrd\u0151ben els\u0151dlegesnek kellene lenni a vend\u00e9gek ir\u00e1nti tiszteletnek.<br>A takar\u00edt\u00f3szem\u00e9lyzetnek megeml\u00edtettem egy alkalommal, hogy az ajt\u00f3 feltal\u00e1l\u00e1sa \u00f3ta, divatba j\u00f6tt a kopogtat\u00e1s is.<br>V\u00e1lasz: \u201eNek\u00fcnk is kellemetlen, de ez a munk\u00e1nk\u201d. Igen, &#8211; Ez a munk\u00e1juk, de nem ilyen paradox k\u00f6r\u00fclm\u00e9nyek k\u00f6z\u00f6tt.<\/p>\n\n\n\n<p class=\"wp-block-paragraph\">Mindezeket az\u00e9rt \u00edrtam le, hogy az idegen, vagy k\u00fclf\u00f6ldi vend\u00e9gek, nehogy azt higgy\u00e9k, hogy a h\u00f6lgyek kukkol\u00f3k, hanem vegy\u00e9k tudom\u00e1sul, hogy a Hagymatikum k\u00fcl\u00f6nleges szolg\u00e1ltat\u00e1s\u00e1val aj\u00e1nd\u00e9kozt\u00e1k meg \u0151ket.<\/p>\n\n\n\n<p class=\"wp-block-paragraph\">Mak\u00f3, 2012. 06. 10.<\/p>\n","protected":false},"excerpt":{"rendered":"<p>SZEZON EL\u0150TT A HAGYMATIKUMBAN A hossz\u00fa zord, hideg t\u00e9l ut\u00e1n a term\u00e9szet id\u0151nk\u00e9nt bontogatja sz\u00e1rnyait, \u00e9s az \u00e9ltet\u0151 napsugarak bearanyozz\u00e1k a Mak\u00f3iak b\u00fcszkes\u00e9g\u00e9t, a Kossuth d\u00edjas Makovecz Imre tervezte Hagymatikum f\u00fcrd\u0151 kupol\u00e1it.Napr\u00f3l-napra sz\u00e9p\u00fcl a k\u00f6rny\u00e9k, elk\u00e9sz\u00fclnek a parkok, parkol\u00f3k, hogy a nyit\u00e1s id\u0151pontjakor z\u00f6kken\u0151mentesen kezdhesse majd meg, els\u0151 szezonj\u00e1t a strandolni v\u00e1gy\u00f3k \u00f6r\u00f6m\u00e9re a F\u00fcrd\u0151k-F\u00fcrd\u0151je.Az &#8230; <a title=\"SZEZON EL\u0150TT A HAGYMATIKUMBAN\" class=\"read-more\" href=\"https:\/\/bozsogiattila.hu\/?p=820\" aria-label=\"Tov\u00e1bbiak SZEZON EL\u0150TT A HAGYMATIKUMBAN\">Olvass tov\u00e1bb<\/a><\/p>\n","protected":false},"author":3,"featured_media":0,"comment_status":"closed","ping_status":"open","sticky":false,"template":"","format":"standard","meta":{"footnotes":""},"categories":[300],"tags":[155,308,12],"class_list":["post-820","post","type-post","status-publish","format-standard","hentry","category-esszek-ujsagcikkek-tanulmanyok-kritikak","tag-furdo","tag-hagymatikum","tag-mako"],"yoast_head":"<!-- This site is optimized with the Yoast SEO plugin v21.8 - https:\/\/yoast.com\/wordpress\/plugins\/seo\/ -->\n<title>SZEZON EL\u0150TT A HAGYMATIKUMBAN - Bozsogi Attila<\/title>\n<meta name=\"robots\" content=\"index, follow, max-snippet:-1, max-image-preview:large, max-video-preview:-1\" \/>\n<link rel=\"canonical\" href=\"https:\/\/bozsogiattila.hu\/?p=820\" \/>\n<meta property=\"og:locale\" content=\"hu_HU\" \/>\n<meta property=\"og:type\" content=\"article\" \/>\n<meta property=\"og:title\" content=\"SZEZON EL\u0150TT A HAGYMATIKUMBAN - Bozsogi Attila\" \/>\n<meta property=\"og:description\" content=\"SZEZON EL\u0150TT A HAGYMATIKUMBAN A hossz\u00fa zord, hideg t\u00e9l ut\u00e1n a term\u00e9szet id\u0151nk\u00e9nt bontogatja sz\u00e1rnyait, \u00e9s az \u00e9ltet\u0151 napsugarak bearanyozz\u00e1k a Mak\u00f3iak b\u00fcszkes\u00e9g\u00e9t, a Kossuth d\u00edjas Makovecz Imre tervezte Hagymatikum f\u00fcrd\u0151 kupol\u00e1it.Napr\u00f3l-napra sz\u00e9p\u00fcl a k\u00f6rny\u00e9k, elk\u00e9sz\u00fclnek a parkok, parkol\u00f3k, hogy a nyit\u00e1s id\u0151pontjakor z\u00f6kken\u0151mentesen kezdhesse majd meg, els\u0151 szezonj\u00e1t a strandolni v\u00e1gy\u00f3k \u00f6r\u00f6m\u00e9re a F\u00fcrd\u0151k-F\u00fcrd\u0151je.Az ... Olvass tov\u00e1bb\" \/>\n<meta property=\"og:url\" content=\"https:\/\/bozsogiattila.hu\/?p=820\" \/>\n<meta property=\"og:site_name\" content=\"Bozsogi Attila\" \/>\n<meta property=\"article:published_time\" content=\"2012-06-10T14:10:00+00:00\" \/>\n<meta property=\"article:modified_time\" content=\"2024-01-07T14:11:36+00:00\" \/>\n<meta name=\"author\" content=\"Bozsogi Attila\" \/>\n<meta name=\"twitter:card\" content=\"summary_large_image\" \/>\n<meta name=\"twitter:label1\" content=\"Szerz\u0151:\" \/>\n\t<meta name=\"twitter:data1\" content=\"Bozsogi Attila\" \/>\n\t<meta name=\"twitter:label2\" content=\"Becs\u00fclt olvas\u00e1si id\u0151\" \/>\n\t<meta name=\"twitter:data2\" content=\"3 perc\" \/>\n<script type=\"application\/ld+json\" class=\"yoast-schema-graph\">{\"@context\":\"https:\/\/schema.org\",\"@graph\":[{\"@type\":\"WebPage\",\"@id\":\"https:\/\/bozsogiattila.hu\/?p=820\",\"url\":\"https:\/\/bozsogiattila.hu\/?p=820\",\"name\":\"SZEZON EL\u0150TT A HAGYMATIKUMBAN - Bozsogi Attila\",\"isPartOf\":{\"@id\":\"https:\/\/bozsogiattila.hu\/#website\"},\"datePublished\":\"2012-06-10T14:10:00+00:00\",\"dateModified\":\"2024-01-07T14:11:36+00:00\",\"author\":{\"@id\":\"https:\/\/bozsogiattila.hu\/#\/schema\/person\/488c99f554a8c4039201260dd5eb795e\"},\"breadcrumb\":{\"@id\":\"https:\/\/bozsogiattila.hu\/?p=820#breadcrumb\"},\"inLanguage\":\"hu\",\"potentialAction\":[{\"@type\":\"ReadAction\",\"target\":[\"https:\/\/bozsogiattila.hu\/?p=820\"]}]},{\"@type\":\"BreadcrumbList\",\"@id\":\"https:\/\/bozsogiattila.hu\/?p=820#breadcrumb\",\"itemListElement\":[{\"@type\":\"ListItem\",\"position\":1,\"name\":\"Kezd\u0151lap\",\"item\":\"https:\/\/bozsogiattila.hu\/\"},{\"@type\":\"ListItem\",\"position\":2,\"name\":\"SZEZON EL\u0150TT A HAGYMATIKUMBAN\"}]},{\"@type\":\"WebSite\",\"@id\":\"https:\/\/bozsogiattila.hu\/#website\",\"url\":\"https:\/\/bozsogiattila.hu\/\",\"name\":\"Bozsogi Attila\",\"description\":\"a zen\u00e9sz, \u00edr\u00f3 munk\u00e1ss\u00e1g\u00e1nak \u00e9s a mak\u00f3i muzsikusok eml\u00e9k\u00e9t \u0151rz\u0151 oldal\",\"potentialAction\":[{\"@type\":\"SearchAction\",\"target\":{\"@type\":\"EntryPoint\",\"urlTemplate\":\"https:\/\/bozsogiattila.hu\/?s={search_term_string}\"},\"query-input\":\"required name=search_term_string\"}],\"inLanguage\":\"hu\"},{\"@type\":\"Person\",\"@id\":\"https:\/\/bozsogiattila.hu\/#\/schema\/person\/488c99f554a8c4039201260dd5eb795e\",\"name\":\"Bozsogi Attila\",\"image\":{\"@type\":\"ImageObject\",\"inLanguage\":\"hu\",\"@id\":\"https:\/\/bozsogiattila.hu\/#\/schema\/person\/image\/\",\"url\":\"https:\/\/secure.gravatar.com\/avatar\/7da6b5985e34ed798d1670c54ce7d20e6a53b800bb0c07945c64b09392f3dbfd?s=96&d=mm&r=g\",\"contentUrl\":\"https:\/\/secure.gravatar.com\/avatar\/7da6b5985e34ed798d1670c54ce7d20e6a53b800bb0c07945c64b09392f3dbfd?s=96&d=mm&r=g\",\"caption\":\"Bozsogi Attila\"},\"sameAs\":[\"http:\/\/www.boszogiattila.hu\"],\"url\":\"https:\/\/bozsogiattila.hu\/?author=3\"}]}<\/script>\n<!-- \/ Yoast SEO plugin. -->","yoast_head_json":{"title":"SZEZON EL\u0150TT A HAGYMATIKUMBAN - Bozsogi Attila","robots":{"index":"index","follow":"follow","max-snippet":"max-snippet:-1","max-image-preview":"max-image-preview:large","max-video-preview":"max-video-preview:-1"},"canonical":"https:\/\/bozsogiattila.hu\/?p=820","og_locale":"hu_HU","og_type":"article","og_title":"SZEZON EL\u0150TT A HAGYMATIKUMBAN - Bozsogi Attila","og_description":"SZEZON EL\u0150TT A HAGYMATIKUMBAN A hossz\u00fa zord, hideg t\u00e9l ut\u00e1n a term\u00e9szet id\u0151nk\u00e9nt bontogatja sz\u00e1rnyait, \u00e9s az \u00e9ltet\u0151 napsugarak bearanyozz\u00e1k a Mak\u00f3iak b\u00fcszkes\u00e9g\u00e9t, a Kossuth d\u00edjas Makovecz Imre tervezte Hagymatikum f\u00fcrd\u0151 kupol\u00e1it.Napr\u00f3l-napra sz\u00e9p\u00fcl a k\u00f6rny\u00e9k, elk\u00e9sz\u00fclnek a parkok, parkol\u00f3k, hogy a nyit\u00e1s id\u0151pontjakor z\u00f6kken\u0151mentesen kezdhesse majd meg, els\u0151 szezonj\u00e1t a strandolni v\u00e1gy\u00f3k \u00f6r\u00f6m\u00e9re a F\u00fcrd\u0151k-F\u00fcrd\u0151je.Az ... Olvass tov\u00e1bb","og_url":"https:\/\/bozsogiattila.hu\/?p=820","og_site_name":"Bozsogi Attila","article_published_time":"2012-06-10T14:10:00+00:00","article_modified_time":"2024-01-07T14:11:36+00:00","author":"Bozsogi Attila","twitter_card":"summary_large_image","twitter_misc":{"Szerz\u0151:":"Bozsogi Attila","Becs\u00fclt olvas\u00e1si id\u0151":"3 perc"},"schema":{"@context":"https:\/\/schema.org","@graph":[{"@type":"WebPage","@id":"https:\/\/bozsogiattila.hu\/?p=820","url":"https:\/\/bozsogiattila.hu\/?p=820","name":"SZEZON EL\u0150TT A HAGYMATIKUMBAN - Bozsogi Attila","isPartOf":{"@id":"https:\/\/bozsogiattila.hu\/#website"},"datePublished":"2012-06-10T14:10:00+00:00","dateModified":"2024-01-07T14:11:36+00:00","author":{"@id":"https:\/\/bozsogiattila.hu\/#\/schema\/person\/488c99f554a8c4039201260dd5eb795e"},"breadcrumb":{"@id":"https:\/\/bozsogiattila.hu\/?p=820#breadcrumb"},"inLanguage":"hu","potentialAction":[{"@type":"ReadAction","target":["https:\/\/bozsogiattila.hu\/?p=820"]}]},{"@type":"BreadcrumbList","@id":"https:\/\/bozsogiattila.hu\/?p=820#breadcrumb","itemListElement":[{"@type":"ListItem","position":1,"name":"Kezd\u0151lap","item":"https:\/\/bozsogiattila.hu\/"},{"@type":"ListItem","position":2,"name":"SZEZON EL\u0150TT A HAGYMATIKUMBAN"}]},{"@type":"WebSite","@id":"https:\/\/bozsogiattila.hu\/#website","url":"https:\/\/bozsogiattila.hu\/","name":"Bozsogi Attila","description":"a zen\u00e9sz, \u00edr\u00f3 munk\u00e1ss\u00e1g\u00e1nak \u00e9s a mak\u00f3i muzsikusok eml\u00e9k\u00e9t \u0151rz\u0151 oldal","potentialAction":[{"@type":"SearchAction","target":{"@type":"EntryPoint","urlTemplate":"https:\/\/bozsogiattila.hu\/?s={search_term_string}"},"query-input":"required name=search_term_string"}],"inLanguage":"hu"},{"@type":"Person","@id":"https:\/\/bozsogiattila.hu\/#\/schema\/person\/488c99f554a8c4039201260dd5eb795e","name":"Bozsogi Attila","image":{"@type":"ImageObject","inLanguage":"hu","@id":"https:\/\/bozsogiattila.hu\/#\/schema\/person\/image\/","url":"https:\/\/secure.gravatar.com\/avatar\/7da6b5985e34ed798d1670c54ce7d20e6a53b800bb0c07945c64b09392f3dbfd?s=96&d=mm&r=g","contentUrl":"https:\/\/secure.gravatar.com\/avatar\/7da6b5985e34ed798d1670c54ce7d20e6a53b800bb0c07945c64b09392f3dbfd?s=96&d=mm&r=g","caption":"Bozsogi Attila"},"sameAs":["http:\/\/www.boszogiattila.hu"],"url":"https:\/\/bozsogiattila.hu\/?author=3"}]}},"jetpack_featured_media_url":"","_links":{"self":[{"href":"https:\/\/bozsogiattila.hu\/index.php?rest_route=\/wp\/v2\/posts\/820","targetHints":{"allow":["GET"]}}],"collection":[{"href":"https:\/\/bozsogiattila.hu\/index.php?rest_route=\/wp\/v2\/posts"}],"about":[{"href":"https:\/\/bozsogiattila.hu\/index.php?rest_route=\/wp\/v2\/types\/post"}],"author":[{"embeddable":true,"href":"https:\/\/bozsogiattila.hu\/index.php?rest_route=\/wp\/v2\/users\/3"}],"replies":[{"embeddable":true,"href":"https:\/\/bozsogiattila.hu\/index.php?rest_route=%2Fwp%2Fv2%2Fcomments&post=820"}],"version-history":[{"count":1,"href":"https:\/\/bozsogiattila.hu\/index.php?rest_route=\/wp\/v2\/posts\/820\/revisions"}],"predecessor-version":[{"id":821,"href":"https:\/\/bozsogiattila.hu\/index.php?rest_route=\/wp\/v2\/posts\/820\/revisions\/821"}],"wp:attachment":[{"href":"https:\/\/bozsogiattila.hu\/index.php?rest_route=%2Fwp%2Fv2%2Fmedia&parent=820"}],"wp:term":[{"taxonomy":"category","embeddable":true,"href":"https:\/\/bozsogiattila.hu\/index.php?rest_route=%2Fwp%2Fv2%2Fcategories&post=820"},{"taxonomy":"post_tag","embeddable":true,"href":"https:\/\/bozsogiattila.hu\/index.php?rest_route=%2Fwp%2Fv2%2Ftags&post=820"}],"curies":[{"name":"wp","href":"https:\/\/api.w.org\/{rel}","templated":true}]}}