{"id":825,"date":"2024-01-07T14:15:38","date_gmt":"2024-01-07T14:15:38","guid":{"rendered":"https:\/\/bozsogiattila.hu\/?p=825"},"modified":"2024-01-08T08:54:20","modified_gmt":"2024-01-08T08:54:20","slug":"racz-monka-altalanos-igazgatonak-furdo","status":"publish","type":"post","link":"https:\/\/bozsogiattila.hu\/?p=825","title":{"rendered":"R\u00c1CZ M\u00d3NKA \u00c1LTAL\u00c1NOS IGAZGAT\u00d3NAK (F\u00dcRD\u0150)"},"content":{"rendered":"\n<p class=\"wp-block-paragraph\">R\u00c1CZ M\u00d3NKA \u00c1LTAL\u00c1NOS IGAZGAT\u00d3NAK (F\u00dcRD\u0150)<\/p>\n\n\n\n<ol class=\"wp-block-list\" start=\"2012\">\n<li>m\u00e1jus 11-\u00e9n, unok\u00e1m szegedi \u00f3v\u00f3n\u0151ivel \u00e9s a mintegy h\u00faszf\u0151s \u00f3v\u00f3n\u0151i csoporttal tal\u00e1lkoztam a f\u00fcrd\u0151ben. Ittl\u00e9t\u00fck c\u00e9lja kiz\u00e1r\u00f3lagosan Makovecz Imre m\u0171v\u00e9szet\u00e9nek sz\u00f3lt, \u00e9s szerettek volna megismerkedni e csod\u00e1s \u00e9p\u00fclet \u00fagy bels\u0151, mind k\u00fcls\u0151 vil\u00e1g\u00e1val.<br>\u00d6r\u00f6m \u00e9s j\u00f3 \u00e9rz\u00e9s t\u00f6lt\u00f6tt el, ahogy fels\u0151fokon nyilatkoztak a l\u00e1tottakr\u00f3l, \u00e9s ahogy mondt\u00e1k visszat\u00e9rnek majd megn\u00e9zni a f\u00fcrd\u0151t k\u00f6r\u00fclvev\u0151 parkokat, utakat, a k\u00f6rny\u00e9k rekonstrukci\u00f3ja ut\u00e1n is, amikor teljess\u00e9 v\u00e1lik a makoveczi \u00e1lom.<br>Mikor k\u00e9rtem, hogy mondjanak \u0151szinte \u00f6sszehasonl\u00edt\u00f3 v\u00e9lem\u00e9nyt a szegedi, \u00e9s a mak\u00f3i f\u00fcrd\u0151r\u0151l, elmondt\u00e1k, hogy a szegediben m\u00e9g nem voltak. Ism\u00e9t b\u00fcszkes\u00e9g t\u00f6lt\u00f6tt el, hiszen ez a t\u00e9ny mag\u00e1r\u00f3l besz\u00e9l, a mi f\u00fcrd\u0151nk h\u00edre h\u00e1tt\u00e9rbe szor\u00edtotta a saj\u00e1tjukat.<\/li>\n<\/ol>\n\n\n\n<p class=\"wp-block-paragraph\">Napokkal ezel\u0151tt egy M\u00f3rahalmi h\u00e1zasp\u00e1rral konzult\u00e1ltam r\u00f6vid ideig. Elmondt\u00e1k, hogy a mak\u00f3i f\u00fcrd\u0151 szebb, mint az \u00f6v\u00e9k\u00e9, de a bel\u00e9ptet\u0151 kapuk sokas\u00e1ga nevets\u00e9gesnek t\u0171nik sz\u00e1mukra, \u00e9s a m\u00f3rahalmi f\u00fcrd\u0151 sokkal ink\u00e1bb a vend\u00e9gek\u00e9rt van, mint a mienk. Ott nincs megosztva a f\u00fcrd\u0151, nincs sz\u00e9ttagolva, hanem egys\u00e9ges \u00e1ron haszn\u00e1lhat\u00f3, teh\u00e1t egy igazi f\u00fcrd\u0151k\u00f6z\u00f6ss\u00e9get l\u00e1tnak vend\u00e9g\u00fcl. Teh\u00e1t nem l\u00e9tezik olyan, mint Mak\u00f3n, ahol ker\u00edt\u00e9s v\u00e1lasztja el a vend\u00e9geket, mely ker\u00edt\u00e9s nem illik a dekorat\u00edv makoveczi f\u00fcrd\u0151h\u00f6z, \u00e9s elk\u00e9pzelni sem tudj\u00e1k, hogy a vil\u00e1gh\u00edr\u0171 \u00e9p\u00edt\u00e9sz ilyen nevets\u00e9ges megold\u00e1st tervezett volna remekm\u0171v\u00e9be. Ez a sz\u00e9ttagolts\u00e1g olyan \u00e9rz\u00e9seket v\u00e1ltott ki benn\u00fck, mintha a ker\u00edt\u00e9s egyik oldal\u00e1n a j\u00f3m\u00f3d\u00fa emberek, m\u00edg a m\u00e1sik oldalon a kev\u00e9sb\u00e9 tehet\u0151s vend\u00e9gek leln\u00e9k \u00f6r\u00f6m\u00fcket a f\u00fcrd\u0151z\u00e9sben.<br>Elk\u00e9pzel\u00e9sem szerint e gazdas\u00e1gi udvarok ker\u00edt\u00e9s\u00e9re eml\u00e9keztet\u0151 f\u00f6rmedv\u00e9ny a vez\u00e9rigazgat\u00f3 \u00far \u201ealkot\u00e1sa\u201d.<\/p>\n\n\n\n<p class=\"wp-block-paragraph\">Nem akartam hinni a f\u00fcleimnek, amikor az \u00f3v\u00f3n\u0151k, mintha \u00f6sszebesz\u00e9ltek volna a m\u00f3rahalmi h\u00e1zasp\u00e1rral, hasonl\u00f3 h\u00farokat pengettek negat\u00edv \u00e9szrev\u00e9teleik ecsetel\u00e9sekor, mint a m\u00f3rahalmi h\u00e1zasp\u00e1r.<br>Mint a f\u00fcrd\u0151 t\u00f6bb mint \u00f6tven\u00e9ves t\u00f6rzsvend\u00e9ge, aki m\u00e1r a r\u00e9gi \u201eN\u00e9plavor korszakban\u201d is jelen voltam, r\u00e9gen \u00edrtam hasonl\u00f3 \u00e9szrev\u00e9teleimr\u0151l a f\u00fcrd\u0151 vezet\u0151s\u00e9g\u00e9nek, de javaslataimat, melyek r\u00e9szben egy t\u00f6rzsvend\u00e9g g\u00e1rda k\u00f6z\u00f6s v\u00e9lem\u00e9nye is, elk\u00e9pzelhet\u0151, hogy v\u00e9gig sem olvass\u00e1k, ha igen akkor annyit jelelt sz\u00e1mukra, mint halottnak a cs\u00f3k.<br>Pl: felh\u00e1borod\u00e1suknak adtak hangot a kialak\u00edtott kukkol\u00f3i helyzetr\u0151l a f\u00e9rfi tusol\u00f3ban: Izraelb\u0151l, Amerik\u00e1b\u00f3l, N\u00e9metorsz\u00e1gb\u00f3l stb. \u00e9s term\u00e9szetesen Magyarorsz\u00e1gr\u00f3l is. Ha \u00f3hajtj\u00e1k, megadom az internet el\u00e9rhet\u0151s\u00e9g\u00fcket, azoknak, akik a nagyvil\u00e1gb\u00f3l f\u00e1radts\u00e1got vettek ennek a zaklat\u00e1snak min\u0151s\u00fcl\u0151 p\u00e9ld\u00e1tlan helyzetnek a megl\u00e9t\u00e9r\u0151l.<br>V\u00e9lem\u00e9nyem szerint nem takar\u00edt\u00f3i tanfolyamra kellett volna beiskol\u00e1zni a dolgoz\u00f3ikat, hanem illemtant kellett volna hallgatniuk fels\u0151fokon. Lehet, hogy annak, aki kital\u00e1lta ezt a megold\u00e1st, szint\u00e9n vannak hi\u00e1nyoss\u00e1gai az illemtant illet\u0151en.<br>Olvastam a m\u00e1jus 12-i cikket a d\u00e9lvil\u00e1gban, mely Kovacsics \u00far \u00e9s Makovecz Imre k\u00f6z\u00f6s munk\u00e1j\u00e1t mutatja be a f\u00fcrd\u0151 \u00e9p\u00edt\u00e9si id\u0151szak\u00e1ban. Az igazgat\u00f3 \u00far t\u00f6k\u00e9letesen \u00e1tvette a neves \u00e9p\u00edt\u00e9sz szok\u00e1sait, aki nem engedte meg, hogy belesz\u00f3ljon valaki a terveibe.<br>Kovacsics \u00far felh\u00edvja a figyelmet a v\u00e9lem\u00e9nyek nyilv\u00e1n\u00edt\u00e1s\u00e1ra, \u00e9s miut\u00e1n megismerte azokat, mintha h\u00fclyegyerekek \u00edrt\u00e1k volna, f\u00e9lredobja, \u00e9s ragaszkodik saj\u00e1t tal\u00e1n \u00f6ntelt elk\u00e9pzel\u00e9seihez, \u00e9s nem enged azokb\u00f3l.<br>Miut\u00e1n tudom, hogy \u00edr\u00e1saim annyit \u00e9rnek \u00d6n\u00f6knek, mint sz\u0151rtariszny\u00e1n a lakat, megfogadtam, hogy nem \u00e9lek a javaslati lehet\u0151s\u00e9gekkel, mert \u00e9rtelmetlen.<br>Ami\u00e9rt fogadalmam megszegem, az\u00e9rt \u00edrtam ism\u00e9t, mert mint sz\u00fcletett Mak\u00f3i b\u00fcszke vagyok a m\u00e1sodik otthonomra, a f\u00fcrd\u0151re, \u00e9s nem tudok elmenni sz\u00f3 n\u00e9lk\u00fcl a dics\u00e9retek mellett. <\/p>\n\n\n\n<p class=\"wp-block-paragraph\">Mak\u00f3, 2012-05-12<\/p>\n","protected":false},"excerpt":{"rendered":"<p>R\u00c1CZ M\u00d3NKA \u00c1LTAL\u00c1NOS IGAZGAT\u00d3NAK (F\u00dcRD\u0150) Napokkal ezel\u0151tt egy M\u00f3rahalmi h\u00e1zasp\u00e1rral konzult\u00e1ltam r\u00f6vid ideig. Elmondt\u00e1k, hogy a mak\u00f3i f\u00fcrd\u0151 szebb, mint az \u00f6v\u00e9k\u00e9, de a bel\u00e9ptet\u0151 kapuk sokas\u00e1ga nevets\u00e9gesnek t\u0171nik sz\u00e1mukra, \u00e9s a m\u00f3rahalmi f\u00fcrd\u0151 sokkal ink\u00e1bb a vend\u00e9gek\u00e9rt van, mint a mienk. Ott nincs megosztva a f\u00fcrd\u0151, nincs sz\u00e9ttagolva, hanem egys\u00e9ges \u00e1ron haszn\u00e1lhat\u00f3, teh\u00e1t egy &#8230; <a title=\"R\u00c1CZ M\u00d3NKA \u00c1LTAL\u00c1NOS IGAZGAT\u00d3NAK (F\u00dcRD\u0150)\" class=\"read-more\" href=\"https:\/\/bozsogiattila.hu\/?p=825\" aria-label=\"Tov\u00e1bbiak R\u00c1CZ M\u00d3NKA \u00c1LTAL\u00c1NOS IGAZGAT\u00d3NAK (F\u00dcRD\u0150)\">Olvass tov\u00e1bb<\/a><\/p>\n","protected":false},"author":3,"featured_media":0,"comment_status":"closed","ping_status":"open","sticky":false,"template":"","format":"standard","meta":{"footnotes":""},"categories":[300],"tags":[71,155,308,12],"class_list":["post-825","post","type-post","status-publish","format-standard","hentry","category-esszek-ujsagcikkek-tanulmanyok-kritikak","tag-71","tag-furdo","tag-hagymatikum","tag-mako"],"yoast_head":"<!-- This site is optimized with the Yoast SEO plugin v21.8 - https:\/\/yoast.com\/wordpress\/plugins\/seo\/ -->\n<title>R\u00c1CZ M\u00d3NKA \u00c1LTAL\u00c1NOS IGAZGAT\u00d3NAK (F\u00dcRD\u0150) - Bozsogi Attila<\/title>\n<meta name=\"robots\" content=\"index, follow, max-snippet:-1, max-image-preview:large, max-video-preview:-1\" \/>\n<link rel=\"canonical\" href=\"https:\/\/bozsogiattila.hu\/?p=825\" \/>\n<meta property=\"og:locale\" content=\"hu_HU\" \/>\n<meta property=\"og:type\" content=\"article\" \/>\n<meta property=\"og:title\" content=\"R\u00c1CZ M\u00d3NKA \u00c1LTAL\u00c1NOS IGAZGAT\u00d3NAK (F\u00dcRD\u0150) - Bozsogi Attila\" \/>\n<meta property=\"og:description\" content=\"R\u00c1CZ M\u00d3NKA \u00c1LTAL\u00c1NOS IGAZGAT\u00d3NAK (F\u00dcRD\u0150) Napokkal ezel\u0151tt egy M\u00f3rahalmi h\u00e1zasp\u00e1rral konzult\u00e1ltam r\u00f6vid ideig. Elmondt\u00e1k, hogy a mak\u00f3i f\u00fcrd\u0151 szebb, mint az \u00f6v\u00e9k\u00e9, de a bel\u00e9ptet\u0151 kapuk sokas\u00e1ga nevets\u00e9gesnek t\u0171nik sz\u00e1mukra, \u00e9s a m\u00f3rahalmi f\u00fcrd\u0151 sokkal ink\u00e1bb a vend\u00e9gek\u00e9rt van, mint a mienk. Ott nincs megosztva a f\u00fcrd\u0151, nincs sz\u00e9ttagolva, hanem egys\u00e9ges \u00e1ron haszn\u00e1lhat\u00f3, teh\u00e1t egy ... Olvass tov\u00e1bb\" \/>\n<meta property=\"og:url\" content=\"https:\/\/bozsogiattila.hu\/?p=825\" \/>\n<meta property=\"og:site_name\" content=\"Bozsogi Attila\" \/>\n<meta property=\"article:published_time\" content=\"2024-01-07T14:15:38+00:00\" \/>\n<meta property=\"article:modified_time\" content=\"2024-01-08T08:54:20+00:00\" \/>\n<meta name=\"author\" content=\"Bozsogi Attila\" \/>\n<meta name=\"twitter:card\" content=\"summary_large_image\" \/>\n<meta name=\"twitter:label1\" content=\"Szerz\u0151:\" \/>\n\t<meta name=\"twitter:data1\" content=\"Bozsogi Attila\" \/>\n\t<meta name=\"twitter:label2\" content=\"Becs\u00fclt olvas\u00e1si id\u0151\" \/>\n\t<meta name=\"twitter:data2\" content=\"4 perc\" \/>\n<script type=\"application\/ld+json\" class=\"yoast-schema-graph\">{\"@context\":\"https:\/\/schema.org\",\"@graph\":[{\"@type\":\"WebPage\",\"@id\":\"https:\/\/bozsogiattila.hu\/?p=825\",\"url\":\"https:\/\/bozsogiattila.hu\/?p=825\",\"name\":\"R\u00c1CZ M\u00d3NKA \u00c1LTAL\u00c1NOS IGAZGAT\u00d3NAK (F\u00dcRD\u0150) - Bozsogi Attila\",\"isPartOf\":{\"@id\":\"https:\/\/bozsogiattila.hu\/#website\"},\"datePublished\":\"2024-01-07T14:15:38+00:00\",\"dateModified\":\"2024-01-08T08:54:20+00:00\",\"author\":{\"@id\":\"https:\/\/bozsogiattila.hu\/#\/schema\/person\/488c99f554a8c4039201260dd5eb795e\"},\"breadcrumb\":{\"@id\":\"https:\/\/bozsogiattila.hu\/?p=825#breadcrumb\"},\"inLanguage\":\"hu\",\"potentialAction\":[{\"@type\":\"ReadAction\",\"target\":[\"https:\/\/bozsogiattila.hu\/?p=825\"]}]},{\"@type\":\"BreadcrumbList\",\"@id\":\"https:\/\/bozsogiattila.hu\/?p=825#breadcrumb\",\"itemListElement\":[{\"@type\":\"ListItem\",\"position\":1,\"name\":\"Kezd\u0151lap\",\"item\":\"https:\/\/bozsogiattila.hu\/\"},{\"@type\":\"ListItem\",\"position\":2,\"name\":\"R\u00c1CZ M\u00d3NKA \u00c1LTAL\u00c1NOS IGAZGAT\u00d3NAK (F\u00dcRD\u0150)\"}]},{\"@type\":\"WebSite\",\"@id\":\"https:\/\/bozsogiattila.hu\/#website\",\"url\":\"https:\/\/bozsogiattila.hu\/\",\"name\":\"Bozsogi Attila\",\"description\":\"a zen\u00e9sz, \u00edr\u00f3 munk\u00e1ss\u00e1g\u00e1nak \u00e9s a mak\u00f3i muzsikusok eml\u00e9k\u00e9t \u0151rz\u0151 oldal\",\"potentialAction\":[{\"@type\":\"SearchAction\",\"target\":{\"@type\":\"EntryPoint\",\"urlTemplate\":\"https:\/\/bozsogiattila.hu\/?s={search_term_string}\"},\"query-input\":\"required name=search_term_string\"}],\"inLanguage\":\"hu\"},{\"@type\":\"Person\",\"@id\":\"https:\/\/bozsogiattila.hu\/#\/schema\/person\/488c99f554a8c4039201260dd5eb795e\",\"name\":\"Bozsogi Attila\",\"image\":{\"@type\":\"ImageObject\",\"inLanguage\":\"hu\",\"@id\":\"https:\/\/bozsogiattila.hu\/#\/schema\/person\/image\/\",\"url\":\"https:\/\/secure.gravatar.com\/avatar\/7da6b5985e34ed798d1670c54ce7d20e6a53b800bb0c07945c64b09392f3dbfd?s=96&d=mm&r=g\",\"contentUrl\":\"https:\/\/secure.gravatar.com\/avatar\/7da6b5985e34ed798d1670c54ce7d20e6a53b800bb0c07945c64b09392f3dbfd?s=96&d=mm&r=g\",\"caption\":\"Bozsogi Attila\"},\"sameAs\":[\"http:\/\/www.boszogiattila.hu\"],\"url\":\"https:\/\/bozsogiattila.hu\/?author=3\"}]}<\/script>\n<!-- \/ Yoast SEO plugin. -->","yoast_head_json":{"title":"R\u00c1CZ M\u00d3NKA \u00c1LTAL\u00c1NOS IGAZGAT\u00d3NAK (F\u00dcRD\u0150) - Bozsogi Attila","robots":{"index":"index","follow":"follow","max-snippet":"max-snippet:-1","max-image-preview":"max-image-preview:large","max-video-preview":"max-video-preview:-1"},"canonical":"https:\/\/bozsogiattila.hu\/?p=825","og_locale":"hu_HU","og_type":"article","og_title":"R\u00c1CZ M\u00d3NKA \u00c1LTAL\u00c1NOS IGAZGAT\u00d3NAK (F\u00dcRD\u0150) - Bozsogi Attila","og_description":"R\u00c1CZ M\u00d3NKA \u00c1LTAL\u00c1NOS IGAZGAT\u00d3NAK (F\u00dcRD\u0150) Napokkal ezel\u0151tt egy M\u00f3rahalmi h\u00e1zasp\u00e1rral konzult\u00e1ltam r\u00f6vid ideig. Elmondt\u00e1k, hogy a mak\u00f3i f\u00fcrd\u0151 szebb, mint az \u00f6v\u00e9k\u00e9, de a bel\u00e9ptet\u0151 kapuk sokas\u00e1ga nevets\u00e9gesnek t\u0171nik sz\u00e1mukra, \u00e9s a m\u00f3rahalmi f\u00fcrd\u0151 sokkal ink\u00e1bb a vend\u00e9gek\u00e9rt van, mint a mienk. Ott nincs megosztva a f\u00fcrd\u0151, nincs sz\u00e9ttagolva, hanem egys\u00e9ges \u00e1ron haszn\u00e1lhat\u00f3, teh\u00e1t egy ... Olvass tov\u00e1bb","og_url":"https:\/\/bozsogiattila.hu\/?p=825","og_site_name":"Bozsogi Attila","article_published_time":"2024-01-07T14:15:38+00:00","article_modified_time":"2024-01-08T08:54:20+00:00","author":"Bozsogi Attila","twitter_card":"summary_large_image","twitter_misc":{"Szerz\u0151:":"Bozsogi Attila","Becs\u00fclt olvas\u00e1si id\u0151":"4 perc"},"schema":{"@context":"https:\/\/schema.org","@graph":[{"@type":"WebPage","@id":"https:\/\/bozsogiattila.hu\/?p=825","url":"https:\/\/bozsogiattila.hu\/?p=825","name":"R\u00c1CZ M\u00d3NKA \u00c1LTAL\u00c1NOS IGAZGAT\u00d3NAK (F\u00dcRD\u0150) - Bozsogi Attila","isPartOf":{"@id":"https:\/\/bozsogiattila.hu\/#website"},"datePublished":"2024-01-07T14:15:38+00:00","dateModified":"2024-01-08T08:54:20+00:00","author":{"@id":"https:\/\/bozsogiattila.hu\/#\/schema\/person\/488c99f554a8c4039201260dd5eb795e"},"breadcrumb":{"@id":"https:\/\/bozsogiattila.hu\/?p=825#breadcrumb"},"inLanguage":"hu","potentialAction":[{"@type":"ReadAction","target":["https:\/\/bozsogiattila.hu\/?p=825"]}]},{"@type":"BreadcrumbList","@id":"https:\/\/bozsogiattila.hu\/?p=825#breadcrumb","itemListElement":[{"@type":"ListItem","position":1,"name":"Kezd\u0151lap","item":"https:\/\/bozsogiattila.hu\/"},{"@type":"ListItem","position":2,"name":"R\u00c1CZ M\u00d3NKA \u00c1LTAL\u00c1NOS IGAZGAT\u00d3NAK (F\u00dcRD\u0150)"}]},{"@type":"WebSite","@id":"https:\/\/bozsogiattila.hu\/#website","url":"https:\/\/bozsogiattila.hu\/","name":"Bozsogi Attila","description":"a zen\u00e9sz, \u00edr\u00f3 munk\u00e1ss\u00e1g\u00e1nak \u00e9s a mak\u00f3i muzsikusok eml\u00e9k\u00e9t \u0151rz\u0151 oldal","potentialAction":[{"@type":"SearchAction","target":{"@type":"EntryPoint","urlTemplate":"https:\/\/bozsogiattila.hu\/?s={search_term_string}"},"query-input":"required name=search_term_string"}],"inLanguage":"hu"},{"@type":"Person","@id":"https:\/\/bozsogiattila.hu\/#\/schema\/person\/488c99f554a8c4039201260dd5eb795e","name":"Bozsogi Attila","image":{"@type":"ImageObject","inLanguage":"hu","@id":"https:\/\/bozsogiattila.hu\/#\/schema\/person\/image\/","url":"https:\/\/secure.gravatar.com\/avatar\/7da6b5985e34ed798d1670c54ce7d20e6a53b800bb0c07945c64b09392f3dbfd?s=96&d=mm&r=g","contentUrl":"https:\/\/secure.gravatar.com\/avatar\/7da6b5985e34ed798d1670c54ce7d20e6a53b800bb0c07945c64b09392f3dbfd?s=96&d=mm&r=g","caption":"Bozsogi Attila"},"sameAs":["http:\/\/www.boszogiattila.hu"],"url":"https:\/\/bozsogiattila.hu\/?author=3"}]}},"jetpack_featured_media_url":"","_links":{"self":[{"href":"https:\/\/bozsogiattila.hu\/index.php?rest_route=\/wp\/v2\/posts\/825","targetHints":{"allow":["GET"]}}],"collection":[{"href":"https:\/\/bozsogiattila.hu\/index.php?rest_route=\/wp\/v2\/posts"}],"about":[{"href":"https:\/\/bozsogiattila.hu\/index.php?rest_route=\/wp\/v2\/types\/post"}],"author":[{"embeddable":true,"href":"https:\/\/bozsogiattila.hu\/index.php?rest_route=\/wp\/v2\/users\/3"}],"replies":[{"embeddable":true,"href":"https:\/\/bozsogiattila.hu\/index.php?rest_route=%2Fwp%2Fv2%2Fcomments&post=825"}],"version-history":[{"count":1,"href":"https:\/\/bozsogiattila.hu\/index.php?rest_route=\/wp\/v2\/posts\/825\/revisions"}],"predecessor-version":[{"id":826,"href":"https:\/\/bozsogiattila.hu\/index.php?rest_route=\/wp\/v2\/posts\/825\/revisions\/826"}],"wp:attachment":[{"href":"https:\/\/bozsogiattila.hu\/index.php?rest_route=%2Fwp%2Fv2%2Fmedia&parent=825"}],"wp:term":[{"taxonomy":"category","embeddable":true,"href":"https:\/\/bozsogiattila.hu\/index.php?rest_route=%2Fwp%2Fv2%2Fcategories&post=825"},{"taxonomy":"post_tag","embeddable":true,"href":"https:\/\/bozsogiattila.hu\/index.php?rest_route=%2Fwp%2Fv2%2Ftags&post=825"}],"curies":[{"name":"wp","href":"https:\/\/api.w.org\/{rel}","templated":true}]}}