{"id":828,"date":"2012-09-03T14:16:00","date_gmt":"2012-09-03T14:16:00","guid":{"rendered":"https:\/\/bozsogiattila.hu\/?p=828"},"modified":"2024-01-07T14:18:00","modified_gmt":"2024-01-07T14:18:00","slug":"tisztelt-polgarmester-urtisztelt-kepviselo-testulet","status":"publish","type":"post","link":"https:\/\/bozsogiattila.hu\/?p=828","title":{"rendered":"TISZTELT POLG\u00c1RMESTER \u00daR,TISZTELT K\u00c9PVISEL\u0150 TEST\u00dcLET!"},"content":{"rendered":"\n<p class=\"wp-block-paragraph\">TISZTELT POLG\u00c1RMESTER \u00daR,<br>TISZTELT K\u00c9PVISEL\u0150 TEST\u00dcLET!<\/p>\n\n\n\n<p class=\"wp-block-paragraph\">Eddig is, \u00e9s ha a j\u00f6v\u0151ben is p\u00e1ly\u00e1zni fog a polg\u00e1rmesteri munkak\u00f6r bet\u00f6lt\u00e9s\u00e9re polg\u00e1rmester\u00fcnk: Dr. Buz\u00e1s P\u00e9ter \u00far, r\u00e1 fogok szavazni. (Ez nem kellene, hogy publikus legyen, de annak \u00e9rdek\u00e9ben, hogy \u00edr\u00e1som \u00e9rthet\u0151v\u00e9 v\u00e1ljon megtettem)<br>\u00dagy gondolom, hogy p\u00e1rt\u00e1ll\u00e1s\u00e1t\u00f3l f\u00fcggetlen\u00fcl minden mak\u00f3i, aki nyitott szemmel r\u00f3ja a v\u00e1ros utc\u00e1it, tereit, figyelemmel k\u00eds\u00e9ri az \u00e9p\u00edtkez\u00e9seket, \u00e9s a v\u00e1ros arculat\u00e1nak v\u00e1ltoz\u00e1s\u00e1t, hozz\u00e1m hasonl\u00f3an t\u00e1mogatni fogja polg\u00e1rmester\u00fcnk t\u00f6rekv\u00e9s\u00e9t a j\u00f6v\u0151ben is.<br>Engedtess\u00e9k meg, hogy ne csak az egy\u00e9ni v\u00e9lem\u00e9nyem fejezzem ki \u00edr\u00e1somban, hanem, mind azon sokak\u00e9t, akik megosztott\u00e1k velem v\u00e9lem\u00e9ny\u00fcket a polg\u00e1rmester\u00fcnkkel kapcsolatosan.<br>E feladat ell\u00e1t\u00e1s\u00e1ra polg\u00e1rmester\u00fcnk rendk\u00edv\u00fcl alkalmas intelligenci\u00e1j\u00e1nak, r\u00e1termetts\u00e9g\u00e9nek k\u00f6vetkezt\u00e9ben.<br>K\u00f6ztudott, hogy minden t\u00e1rsadalomban az orsz\u00e1g vezet\u00e9se bizonyos m\u00e9rt\u00e9kben terrorisztikus m\u00f3don megy v\u00e9gbe. Ez jellemz\u0151 a telep\u00fcl\u00e9sekre is, \u00edgy Mak\u00f3ra is, ahol Dr. Buz\u00e1s P\u00e9ter szem\u00e9ly\u00e9ben a legalkalmasabb vezet\u0151t v\u00e1lasztottuk meg, aki nem mak\u00f3i l\u00e9t\u00e9re igazi mak\u00f3iv\u00e1 v\u00e1lt, \u00e9s \u00e9rzelm\u00e9ben legt\u00f6bb esetbe fel\u00fclm\u00falja a sz\u00fcletett mak\u00f3i vezet\u0151ket, \u00e9s vez\u00e9regy\u00e9nis\u00e9ge lett v\u00e1rosunknak, ha kellett ak\u00e1r er\u0151szakkal is v\u00e9ghezvitte a helyes c\u00e9lkit\u0171z\u00e9st, \u00e9s a v\u00e1ros t\u00f6rt\u00e9net\u00e9be \u00fagy \u00edrta be a nev\u00e9t:<br>\u201eA legnagyobb mak\u00f3iak egyike.\u201d<\/p>\n\n\n\n<p class=\"wp-block-paragraph\">Mak\u00f3n sz\u00fclettem \u00e9s \u00e9ltem le \u00e9letemet. Rendk\u00edv\u00fcl sz\u00e9lesk\u00f6r\u0171 ismerets\u00e9gre tettem szert t\u00f6bb mint h\u00e9t \u00e9vtizedes \u00e9letem folyam\u00e1n, \u00e9s minden t\u00falz\u00e1s n\u00e9lk\u00fcl \u00edrhatom: mindenki sz\u00edvesen t\u00e1rsalog velem b\u00e1rmilyen t\u00e9mak\u00f6rr\u0151l is van sz\u00f3.<br>H\u00f3napok \u00f3ta a f\u00fcrd\u0151 v\u00e1lt a t\u00e1rsalg\u00e1sok k\u00f6z\u00e9ppontj\u00e1v\u00e1, \u00e9s jogos az emberek felh\u00e1borod\u00e1sa, aminek hat\u00e1s\u00e1ra \u00fcltem le sz\u00e1m\u00edt\u00f3g\u00e9pem mell\u00e9 meg\u00edrni a k\u00f6vetkez\u0151ket.<br>Egyhang\u00fa a v\u00e9lem\u00e9ny: Egy olyan okos embert, mint Buz\u00e1s P\u00e9ter \u00far, nem \u00e9rtik a f\u00fcrd\u0151 sors\u00e1nak alakul\u00e1s\u00e1t figyel\u0151k, hogy hogyan vezetheti orr\u00e1n\u00e1l fogva Kovacsics Imre a jelenlegi f\u00fcrd\u0151 vez\u00e9rigazgat\u00f3ja. Ha ez nem \u00edgy lenne m\u00e1r r\u00e9gen v\u00e1ltoztat\u00e1sokat eszk\u00f6z\u00f6ltek volna.<br>Naponta ott vagyunk a f\u00fcrd\u0151ben l\u00e1tjuk a l\u00e1togatotts\u00e1got.<br>84 \u00e9ve nem volt ilyen meleg ny\u00e1r, \u00e9s ennek ellen\u00e9re egy-k\u00e9t alkalom kiv\u00e9tel\u00e9vel csak h\u00e9tv\u00e9geken \u00e9rt\u00e9k el azt a l\u00e1togatotts\u00e1gi l\u00e9tsz\u00e1mot, amit naponta kellene produk\u00e1lni. A f\u00fcrd\u0151 vezet\u0151i sajt\u00f3nyilatkozatban tudatt\u00e1k, hogy minden a legnagyobb rendben van anyagilag, holott \u00f3ri\u00e1si buk\u00e1s v\u00e1rhat\u00f3, ami a v\u00e1ros nagyar\u00e1ny\u00fa vesztes\u00e9g\u00e9t jelenti, mivel a kassz\u00e1ba a v\u00e1ros p\u00e9nz\u00e9t kell majd betenni. Csod\u00e1latosan nyilatkoztak: augusztusra 60 milli\u00f3s forgalmat v\u00e1rt a vezet\u0151s\u00e9g. V\u00e1rhattak volna 120milli\u00f3t is, de arr\u00f3l nyilatkozzanak mennyi lett?<br>A 25. \u00f3r\u00e1ban j\u00e1runk, teh\u00e1t s\u00fcrg\u0151sen korrig\u00e1lni kellene a t\u00e9kozl\u00f3 politik\u00e1t, \u00e9s k\u00e9t sz\u00e1mot kellene fel\u00fclvizsg\u00e1lni: Bev\u00e9tel \u2013 kiad\u00e1s!<br>H\u00e9t k\u00f6zben, amikor alig l\u00e9zengnek, vend\u00e9gek ne pr\u00f3b\u00e1lj\u00e1k vel\u00fcnk megetetni azt a maszlagot, hogy rent\u00e1bilis a f\u00fcrd\u0151.<\/p>\n\n\n\n<p class=\"wp-block-paragraph\">A szezon el\u0151tti sz\u00e9gyenletes f\u00f3rumon, (ahol Dr. V\u00e1ri Csaba hozz\u00e1sz\u00f3l\u00e1s\u00e1ra azt aj\u00e1nlotta Kovacsics \u00far \u201e\u00c1sson g\u00f6dr\u00f6t otthon, \u00e9s f\u00fcr\u00f6dj\u00f6n abban.\u201d) amely a f\u00fcrd\u0151 el\u0151tt zajlott le, ahov\u00e1 Kovacsics \u00faron k\u00edv\u00fcl meg lett h\u00edva a polg\u00e1rmester \u00far is, aki ott volt ugyan, de \u00e9rthetetlen\u00fcl a h\u00e1ts\u00f3 bej\u00e1raton t\u00e1vozott.<br>Kovacsics \u00far elmondta, hogy eddig 20 f\u00fcrd\u0151t vezetett. Ez a jelenlev\u0151kben kiv\u00e1ltott egy jogos felh\u00e1borod\u00e1st: hogyan alkalmazhattak vezet\u0151ink olyan vezet\u0151t Eur\u00f3pa egyik legszebb f\u00fcrd\u0151j\u00e9be, akinek jelenleg 3-4 f\u00fcrd\u0151 tartozik az ir\u00e1ny\u00edt\u00e1sa al\u00e1. Nem gondoltak vezet\u0151ink arra, hogy 16-17 f\u00fcrd\u0151t mi\u00e9rt hagyott ott a vez\u00e9rigazgat\u00f3 \u00far, vagy \u00edrhatn\u00e1m \u00fagy \u201eC\u00edmzetes docens \u00far\u201d. Az Eur\u00f3pa h\u00edr\u0171 gyulai f\u00fcrd\u0151t a sajt\u00f3nyilatkozat\u00e1b\u00f3l tudjuk m\u00e1s elfoglalts\u00e1ga miatt nem tudta tov\u00e1bb vezetni. \u00c9rdemes volna ut\u00e1nan\u00e9zni, hogy mi\u00e9rt hagyta ott a j\u00f3l bej\u00e1ratott, felkapott f\u00fcrd\u0151t, \u00e9s v\u00e1llalta el a null\u00e1r\u00f3l indul\u00f3 mak\u00f3i f\u00fcrd\u0151t?<\/p>\n\n\n\n<p class=\"wp-block-paragraph\">A polg\u00e1rmester \u00far kedvelt szlogenj\u00e9t id\u00e9zem: Mak\u00f3t f\u00fcrd\u0151v\u00e1ross\u00e1 tessz\u00fck, c\u00e9lunk a fiatal \u00e9rtelmis\u00e9g itthon tart\u00e1sa, a Mak\u00f3r\u00f3l elsz\u00e1rmazott \u00e9rtelmis\u00e9g visszah\u00f3d\u00edt\u00e1sa, munkahelyteremt\u00e9s.<br>Ezek hangzatos nagy szavak. A f\u00fcrd\u0151nek egyetlen mak\u00f3i vezet\u0151je sincs. Polg\u00e1rmester \u00far szerint nincs egyetlen \u00e9rtelmes ember sem ebben a v\u00e1rosban, aki elvezetn\u00e9 a f\u00fcrd\u0151t, \u00fagy, hogy egy\u00fctt \u00e9lne, egy\u00fctt l\u00e9legezne a l\u00e9tes\u00edtm\u00e9ny minden napjaival?<br>Ezzel kapcsolatosan k\u00e9rdezn\u00e9m: mi\u00e9rt kell ennyi igazgat\u00f3, igazgat\u00f3helyettes, akiknek semmi hat\u00e1sk\u00f6r\u00fck nincs. Az \u00e1ltal\u00e1nos igazgat\u00f3n\u0151 R\u00e1cz M\u00f3nika a legjobban fizetett telefon\u00fcgyeletes, akinek enged\u00e9lyt kell k\u00e9rni mindennem\u0171 d\u00f6nt\u00e9shez vez\u00e9rigazgat\u00f3j\u00e1t\u00f3l. Mak\u00f3 olyan gazdag, hogy tud nem ak\u00e1rmilyen k\u00f6lts\u00e9ggel fizetni egy olyan vezet\u0151t, aki hetente egyszer teszi tisztelet\u00e9t a munkahely\u00e9nek nevezett f\u00fcrd\u0151nkben. Tudom\u00e1sunk szerint a v\u00e1ros fizeti a Forr\u00e1s Sz\u00e1ll\u00f3ban lakoszt\u00e1ly\u00e1t \u00e9s egy\u00e9b k\u00f6lts\u00e9gt\u00e9r\u00edt\u00e9s\u00e9t is. (Nem kis \u00f6sszegr\u0151l van sz\u00f3 \u00e9ves szinten)<br>Akik sz\u00edv\u00fck\u00f6n viselik a f\u00fcrd\u0151 sors\u00e1t nem \u00e9rtik, hogy mi\u00e9rt van sz\u00fcks\u00e9g egy \u00e1ltal\u00e1nos igazgat\u00f3 felett m\u00e9g egy vez\u00e9rigazgat\u00f3ra? S\u00falyos milli\u00f3kat herd\u00e1l el a v\u00e1ros. Az internetr\u0151l ismerj\u00fck a fizet\u00e9si r\u00e1t\u00e1kat, amelyek csak az alapjuttat\u00e1sok. Ezt mind \u00f6ssze kellene adni, hozz\u00e1adva a k\u00f6lts\u00e9gt\u00e9r\u00edt\u00e9sek d\u00edj\u00e1t, \u00e9s \u00f6sszevetni azzal, hogy P\u0151cz\u00e9n\u00e9 kb. 250 000Ft-\u00e9rt is el tudta \u00e9rni azt, hogy vesztes\u00e9ges legyen a f\u00fcrd\u0151, hasonl\u00f3an a mostani helyzethez, de elk\u00e9pzelhet\u0151, hogy sokkal, kevesebb hi\u00e1nnyal sz\u00e1molt el P\u0151cze L\u00e1szl\u00f3n\u00e9, mint a jelenlegi vezet\u00e9s.<\/p>\n\n\n\n<p class=\"wp-block-paragraph\">A vil\u00e1gh\u00edr\u0171 h\u00e9v\u00edzi f\u00fcrd\u0151nek van egy igazgat\u00f3ja, \u00e9s egy m\u0171szaki helyettese.<br>Eltelt az els\u0151 szezon, akik naponta l\u00e1tj\u00e1k, hogy mi t\u00f6rt\u00e9nik a f\u00fcrd\u0151ben, p\u00e1rhuzamot tudnak vonni a r\u00e9gi \u00e9s az \u00faj vezet\u00e9s k\u00f6z\u00f6tt.<br>P\u0151cz\u00e9n\u00e9 egyed\u00fcl jobban elvezette az akkori l\u00e9tes\u00edtm\u00e9nyt, mint a jelenlegi vezet\u00e9s. Szomor\u00fa val\u00f3s\u00e1g ez!<\/p>\n\n\n\n<p class=\"wp-block-paragraph\">Tisztelt Polg\u00e1rmester \u00dar, Tisztelt K\u00e9pvisel\u0151 test\u00fclet.<\/p>\n\n\n\n<p class=\"wp-block-paragraph\">Le\u00edrom, amit \u00d6n\u00f6k nem l\u00e1thatnak az \u00edr\u00f3asztalaik m\u00f6g\u00fcl: T\u00f6bb milli\u00f3\u00e9rt \u00e9p\u00fclt egy dr\u00f3tker\u00edt\u00e9s, bel\u00e9ptet\u0151 kapukkal elv\u00e1lasztva a Tanuszod\u00e1t az \u00faj l\u00e9tes\u00edtm\u00e9nyt\u0151l. Az els\u0151 perct\u0151l hi\u00e1ba hadakoztunk, v\u00e1laszra sem m\u00e9ltattak benn\u00fcnket. V\u00e9g\u00fcl az id\u0151 igazolta igazunkat. Rendre rosszak voltak a bel\u00e9ptet\u0151 kapuk. Babakocsival beszorultak a kapuba, rokkant kocsival be sem f\u00e9rtek. T\u00e9len volt olyan, hogy \u00e1t kellett m\u00e1sznom a ker\u00edt\u00e9s tetej\u00e9n, hogy visszajussak a ruh\u00e1m\u00e9rt az \u00f6lt\u00f6z\u0151be. Be\u00edrtam a panaszk\u00f6nyvbe. Eln\u00e9z\u00e9st k\u00e9rtek, de minden maradt a r\u00e9giben. A j\u00f3 id\u0151 be\u00e1llt\u00e1val hossz\u00fa sorok \u00e1lltak a kapuk el\u0151tt. Le\u00edrtam ezt is a polg\u00e1rmester \u00farnak, de v\u00e1laszra sem m\u00e9ltattak. V\u00e9g\u00fcl bel\u00e1tt\u00e1k a tarthatatlan helyzetet \u00e9s elbontott\u00e1k a kapukat, \u00e9s elbontj\u00e1k a ker\u00edt\u00e9st is.<br>T\u00f6bb milli\u00f3s tand\u00edj.<br>Ennek k\u00f6vetkezt\u00e9ben egy f\u00e9le jegy lett, \u00e9s mindenki mindent haszn\u00e1lhat. Ezt pr\u00f3b\u00e1ltuk szak\u00e9rtelem n\u00e9lk\u00fcl \u00e9rz\u00e9keltetni vezet\u0151inkkel, \u00e9s a \u201enagy tud\u00e1s\u00fa, rutinos vez\u00e9rigazgat\u00f3val\u201d m\u00e1r a nyit\u00e1s idej\u00e9n.<br>A polg\u00e1rmester \u00far kedvelt kifejez\u00e9se:\u201eKovacsics \u00far az orsz\u00e1g egyik legjobb f\u00fcrd\u0151szakembere, hanem a legjobb!\u201d<br>A ny\u00e1ri cs\u00facsforgalom idej\u00e9n elfogytak a bel\u00e9ptet\u0151 \u00f3r\u00e1k. (904 szekr\u00e9ny van) bel\u00e9p\u00e9skor ahhoz, hogy a kapukon \u00e1t tudjanak menni, mindenki kapott \u00f3r\u00e1t, ami helyes is. Egy esetben mikor 14 \u00f3rakor haza indultam, a p\u00e9nzt\u00e1rn\u00e1l sorban \u00e1lltak mivel nem volt \u00f3ra. Egy boldog ember megkapta az \u00f3r\u00e1mat, aki bel\u00e9phetett, a t\u00f6bbi v\u00e1rakozott tov\u00e1bb.<br>Ekkor j\u00f6tt Kovacsics \u00far szakmai felk\u00e9sz\u00fclts\u00e9g\u00e9nek k\u00f6vetkezt\u00e9ben a zseni\u00e1lis \u00f6tlete, ami egy b\u00fajtatott \u00e1remel\u00e9ssel j\u00e1rt. Aki szekr\u00e9nyre ig\u00e9nyt tartott 250Ft fel\u00e1rat fizetett. Ehhez viszont meg kellett sz\u00fcntetni a m\u00e9regdr\u00e1ga kapukat. Ism\u00e9t nek\u00fcnk lett igazunk, \u00e9s r\u00e1j\u00f6ttek, hogy nincs sz\u00fcks\u00e9g e korl\u00e1toz\u00e1sra.<br>Ez val\u00f3ban j\u00f3 \u00f6tlet volt, de ford\u00edtott megold\u00e1st kellett volna a f\u00fcrd\u0151 n\u00e9pszer\u0171s\u00edt\u00e9s\u00e9nek \u00e9rdek\u00e9ben embers\u00e9gb\u0151l alkalmazni: aki nem k\u00e9rt szekr\u00e9nyt a meg\u00e1llap\u00edtott jegy\u00e1rn\u00e1l ez esetben 250Ft-tal kevesebbet kellett volna fizetnie. Ugye, hogy embers\u00e9gesebb lett volna ez?<\/p>\n\n\n\n<p class=\"wp-block-paragraph\">Fiam \u00e9s h\u00e1rom bar\u00e1tja Szegedr\u0151l \u00e1tj\u00f6ttek egy tavaszi vas\u00e1rnapon este 18 \u00f3rakor, \u00e9s csak a gy\u00f3gymedenc\u00e9kbe k\u00e9rtek jegyet. 2400Ft-t kellett volna m\u00e1sf\u00e9l \u00f3r\u00e1ra fizetni\u00fck, mivel ezeken a napokon emeltd\u00edjas volt a bel\u00e9ptet\u00e9s, \u00e9s csak kombin\u00e1lt jeggyel lehetett bel\u00e9pni, holott szombat \u00e9s vas\u00e1rnap nem \u00fczemelt a tanuszodai r\u00e9sz. Az\u00f3ta egyik\u00fck sem volt a f\u00fcrd\u0151nkben, \u00e9s val\u00f3sz\u00edn\u0171leg nem is j\u00f6nnek el m\u00e9g egyszer. H\u00e1ny ilyen vend\u00e9get vad\u00edtottak el az ilyen megold\u00e1ssal. Nem kellene d\u00e9lut\u00e1ni jegy? \u00c9rdekes m\u00f3don P\u0151cz\u00e9n\u00e9 egyed\u00fcl r\u00e1j\u00f6tt erre a megold\u00e1sra, (az \u0151 f\u00fcrd\u0151j\u00e9ben 17 \u00f3r\u00e1t\u00f3l d\u00e9lut\u00e1ni jeggyel lehetett ig\u00e9nybe venni a f\u00fcrd\u0151t), amire az igazgat\u00f3k serege nem j\u00f6tt r\u00e1 a mai napig sem.<br>Az \u0151sz be\u00e1llt\u00e1val ism\u00e9t ezt a megold\u00e1st c\u00e9lozz\u00e1k meg nagy rutinnal rendelkez\u0151 f\u00fcrd\u0151 vezet\u0151k.<br>Ma mikor \u00edrom \u00e9szrev\u00e9teleimet augusztus 30. van.<br>A p\u00e9nzt\u00e1rn\u00e1l senki sem tudott semmit az \u00faj nyitva tart\u00e1sr\u00f3l.<br>Ki van \u00edrva viszont, hogy a gy\u00f3gykezel\u00e9sek elsej\u00e9t\u0151l csak 12 \u00f3ra ut\u00e1n vehet\u0151k ig\u00e9nybe. R\u00f6videsen el\u00e9rkezik, azaz id\u0151szak, amikor 16 \u00f3rakor m\u00e1r s\u00f6t\u00e9tedik. A beteg, esetenk\u00e9nt mozg\u00e1skorl\u00e1tozott kezel\u00e9sekre r\u00e1szorulok, s\u00f6t\u00e9tben j\u00f6jjenek f\u00e1jdalmaik enyh\u00edt\u00e9s\u00e9re?<br>Nem embertelen ez a megold\u00e1s?<br>Amennyiben az \u00fczemeltet\u00e9sben v\u00e1ltoztat\u00e1st eszk\u00f6z\u00f6lnek nem kellett volna hetekkel kor\u00e1bban tudatni az \u00faj nyitva tart\u00e1st? Akik 50, 100 km-r\u0151l, vagy ann\u00e1l messzebbr\u0151l \u00e9rkeznek, azok d\u00e9lel\u0151tt s\u00e9t\u00e1ljanak, am\u00edg ki nem ny\u00edlnak a kapuk el\u0151tt\u00fck. R\u00e1cz M\u00f3nika erre azt felelte a honlapjukon rajta lesz a v\u00e1ltoz\u00e1s.<br>Nagyk\u00e9p\u0171s\u00e9g azt hinni, hogy \u00e1lland\u00f3an a mak\u00f3i f\u00fcrd\u0151 honlapj\u00e1t b\u00f6ng\u00e9szi a f\u00e9l Eur\u00f3pa.<br>Ha m\u00e1r a honlapot eml\u00edtem, azon megtal\u00e1ljuk, hogy a l\u00e1togat\u00f3k akad\u00e1lymentes\u00edtett f\u00fcrd\u0151nkbe \u00e9rkeznek. Rokkant kocsival be lehet jutni a p\u00e9nzt\u00e1rhoz, onnan lifttel az \u00f6lt\u00f6z\u0151be, a gy\u00f3gy r\u00e9szlegbe, \u00e9s a kupol\u00e1s \u00e9lm\u00e9nyf\u00fcrd\u0151be. Az eml\u00edtett helyekr\u0151l viszont sehov\u00e1 nem lehet kimenni, nem tudnak napozni, vagy az udvari r\u00e9szek medenc\u00e9ihez eljutni. Akik a tanuszoda fel\u0151l \u00e9rkeznek, azok ki mehetnek az udvari medenc\u00e9khez, de az \u00faj r\u00e9sz m\u00e1r ut\u00f3pia marad sz\u00e1mukra. Mi\u00e9rt csapj\u00e1k be az internet olvas\u00f3it, ha nem l\u00e9tezik akad\u00e1lymentes\u00edtett k\u00f6zleked\u00e9s, minden fel\u00e9 l\u00e9pcs\u0151k g\u00e1tolj\u00e1k a rokkantakat.<br>A 20 f\u00fcrd\u0151 rutinos igazgat\u00f3ja janu\u00e1ri nyit\u00e1skor 16 \u00f3r\u00e1t\u00f3l \u00fczemeltette a f\u00fcrd\u0151t. Rom\u00e1nia egy \u00f3r\u00e1val el\u0151r\u00e9bb van, \u00edgy a rom\u00e1n vend\u00e9gek 17- 18 \u00f3ra k\u00f6z\u00f6tt m\u00e1r hazafel\u00e9 igyekeznek, ez\u00e9rt fordulhatott el\u0151 nem egyszer, hogy 18 \u00f3ra ut\u00e1n m\u00e1sf\u00e9l \u00f3r\u00e1ig egyed\u00fcl voltam az \u00e9lm\u00e9nyf\u00fcrd\u0151ben, ahonnan \u00fagy t\u00e1voztam, hogy nem j\u00f6tt senki \u201elev\u00e1ltani\u201d.<br>Ez Dubaiban is luxus volna.<\/p>\n\n\n\n<p class=\"wp-block-paragraph\">Az el\u0151re beharangozott l\u00e1togatotts\u00e1gi elv\u00e1r\u00e1sban 4-5000 vend\u00e9gr\u0151l \u00e1lmodoztak egyes esetekben.<br>Makovecz Imre Kossuth-d\u00edjas \u00e9p\u00edt\u00e9sz arra sz\u00e1m\u00edthatott, hogy p\u00e1r \u00f3ra ut\u00e1n elmennek a vend\u00e9gek, \u00e9s a folyamatos cser\u00e9l\u0151d\u00e9s k\u00f6vetkezt\u00e9ben el\u00e9g lesz 904 szekr\u00e9ny. Ez\u00e9rt nem tervezet egy legal\u00e1bb 2000 f\u0151 r\u00e9sz\u00e9re v\u00e1llf\u00e1s \u00f6lt\u00f6z\u0151t, hogy akiknek nem jut szekr\u00e9ny, ruh\u00e1ikat biztons\u00e1gosan el tudj\u00e1k helyezni, \u00e9s ne kelljen tartaniuk a lop\u00e1sokt\u00f3l. A tanuszod\u00e1ban van h\u00e1romsz\u00e1z szekr\u00e9ny, \u00e9s v\u00e1llf\u00e1s \u00f6lt\u00f6z\u0151 is tervezve, de a kett\u0151 \u00f6sszesen sem elegend\u0151 a cs\u00facsforgalom idej\u00e9n. Akik kinn vetk\u0151znek azoknak a ruh\u00e1ik\u00e9rt, \u00e9rt\u00e9keik\u00e9rt v\u00e1llalja f\u00fcrd\u0151 a felel\u0151ss\u00e9get? Szerencs\u00e9re nem voltak jelent\u0151s lop\u00e1sk\u00e1rok, de lehetnek m\u00e9g a j\u00f6v\u0151ben.<br>K\u00e9t nagy tud\u00e1s\u00fa, rutinos szak\u00e9rt\u0151t fizetett a v\u00e1ros a tervez\u00e9s, \u00e9s \u00e9p\u00edt\u00e9s idej\u00e9re hatalmas nagy tiszteletd\u00edjjal, hogy ezt a p\u00e9nzt hogyan tudt\u00e1k felvenni ez mindenki sz\u00e1m\u00e1ra \u00e9rthetetlen, mivel sem \u00e9p\u00edt\u00e9sz, sem statikusm\u00e9rn\u00f6ki v\u00e9gzetts\u00e9ggel nem rendelkeztek, holott a szak\u00e9rt\u0151knek el\u0151\u00edr\u00e1s \u00e9p\u00edtkez\u00e9s eset\u00e9ben.<br>Egy id\u0151s, ma is praktiz\u00e1l\u00f3 \u00fcgyv\u00e9d nagyon j\u00f3nak, \u00e9s felt\u00e9tlen\u00fcl sz\u00fcks\u00e9gesnek tartotta a szak\u00e9rt\u0151k bevon\u00e1s\u00e1t, de \u00e9rthetetlen sz\u00e1m\u00e1ra, hogy munk\u00e1juk v\u00e9gezt\u00e9vel mi\u00e9rt tartott\u00e1k meg csillag\u00e1szati \u00e1ron Kovacsics urat, aki nem brill\u00edrozik szaktud\u00e1s\u00e1val. Sokkal c\u00e9lravezet\u0151bbnek tartja ma is a helyi nem pedig a t\u00e1vir\u00e1ny\u00edt\u00e1s\u00fa vezet\u00e9st.<\/p>\n\n\n\n<p class=\"wp-block-paragraph\">Mint egy k\u00e9t hete t\u00f6rt\u00e9nt, azaz eset mely szem\u00e9lyemnek k\u00f6sz\u00f6nhet\u0151en nem v\u00e9gz\u0151d\u00f6tt trag\u00e9di\u00e1val. Egy rom\u00e1n asszony Kb. 3 \u00e9ves kisfi\u00e1t levetk\u0151ztette, \u00e9s a medenc\u00e9k melletti nyug\u00e1gy mellett \u0151 is levetk\u0151z\u00f6tt. A kisfi\u00fa ezt az id\u0151t kihaszn\u00e1lva beleszaladt a medenc\u00e9be, melynek hull\u00e1mai \u00f6sszecsaptak a feje felett. Mind\u00f6ssze k\u00e9t m\u00e9terre voltam az esett\u0151l, \u00e9s lebukva a gyerek ut\u00e1n kiemeltem a v\u00edzb\u0151l, aki \u00e9rthet\u0151en nagy ord\u00edt\u00e1sba kezdett, mire el\u0151ker\u00fclt az anyja, aki kikapta kezemb\u0151l fi\u00e1t, \u00e9s \u00fagy meg volt r\u00e9m\u00fclve, hogy esz\u00e9be sem jutott megk\u00f6sz\u00f6nni k\u00f6zrem\u0171k\u00f6d\u00e9sem. \u00c9rthet\u0151!<br>Az esett\u0151l p\u00e1r l\u00e9p\u00e9ssel arr\u00e1bb a medence\u0151r nek\u00fcnk h\u00e1ttal v\u00e9gezte a dolg\u00e1t, \u00e9s a k\u00f6vezet szennyes viz\u00e9t igyekezett a l\u00e1bmos\u00f3ba seperni.<br>M\u00e1s f\u00fcrd\u0151kben ahol nem egy olyan rutinos vezet\u0151 dolgozik, mint n\u00e1lunk, ott a medence\u0151r csak medence\u0151r, nem pedig takar\u00edt\u00f3 szem\u00e9lyzet is. Ahol t\u00f6meg van a v\u00edzben ott a legfigyelmesebb \u0151rz\u00e9s eset\u00e9n is el\u0151fordulhat trag\u00e9dia.<br>Ink\u00e1bb ne takar\u00edtsanak munkaid\u0151 alatt, de a medence\u0151r a biztons\u00e1gos \u0151rz\u00e9s \u00e9rdek\u00e9ben a feladat\u00e1t l\u00e1ssa el csup\u00e1n.<br>Higi\u00e9nia: k\u00e9rdezn\u00e9m a l\u00e1bmos\u00f3knak nem fert\u0151tlen\u00edt\u0151 szerep\u00fcknek kellene lenni, ha igen akkor a szennyvizet mi\u00e9rt a l\u00e1bmos\u00f3ba s\u00f6prik, melybe sokszor undor\u00edt\u00f3an koszos v\u00edz van?<br>B\u00e1rmilyen fejlett a technika ezeket 400 km-r\u0151l nem l\u00e1thatja Kovacsics \u00far.<\/p>\n\n\n\n<p class=\"wp-block-paragraph\">Egy alkalommal rend\u0151rs\u00e9gi rendezv\u00e9ny volt a Teleki utcai vad\u00e1szh\u00e1zban. \u00c9jjel kett\u0151kor kocsival indultam haza, amikor P\u0151cze L\u00e1szl\u00f3 megk\u00e9rt, hogy feles\u00e9g\u00e9t vigyem haza, mert nekik m\u00e9g elsz\u00e1mol\u00e1si teend\u0151j\u00fck van. A f\u00fcrd\u0151 bej\u00e1rat\u00e1hoz \u00e9rve P\u0151cz\u00e9n\u00e9 megk\u00e9rt, hogy v\u00e1rjak r\u00e1 t\u00edz percet, am\u00edg ben\u00e9z, hogy minden rendben van-e a f\u00fcrd\u0151ben.<br>Ilyennek tudom elk\u00e9pzelni a helyi vezet\u00e9s lelkiismeretes ell\u00e1t\u00e1s\u00e1t!<\/p>\n\n\n\n<p class=\"wp-block-paragraph\">Lelkiismeretes ell\u00e1t\u00e1sr\u00f3l, odafigyel\u00e9sr\u0151l besz\u00e9lek, igen, de ez a m\u00falt volt.<br>A h\u00e1rom h\u00f3napos f\u0151szezonban, az \u00e9lm\u00e9nymedenc\u00e9ben (benti) t\u00f6bb mint k\u00e9t h\u00f3napig nem \u00fczemelt, a sodr\u00f3folyos\u00f3 program, mivel egy csempe felv\u00e1lt, kiiktatt\u00e1k ezt a programot \u00e9s egy h\u00f3nap m\u00falva visszaragasztott\u00e1k fugacellel, ami nem v\u00edz\u00e1ll\u00f3. K\u00e9t h\u00e9t m\u00falva ism\u00e9t felv\u00e1lt a csempe, ez\u00e9rt ism\u00e9t lez\u00e1rt\u00e1k a f\u00fcrd\u0151 legn\u00e9pszer\u0171bb programj\u00e1t. T\u00f6bb mint egy h\u00f3nap m\u00falva \u00fajb\u00f3l megragasztott\u00e1k, ami ez esetbe egy f\u00e9l napot b\u00edrt ki, \u00e9s ezzel v\u00e9get \u00e9rt a f\u0151szezon.<br>Ezzel p\u00e1rhuzamosan hetekig nem \u00fczemelt a talpmassz\u00e1s program sem.<br>Term\u00e9szetesen, mintha minden rendben lett volna, teljes \u00e1ru jegyeket \u00e1rultak a p\u00e9nzt\u00e1rn\u00e1l.<br>Ezt \u00e9n \u00fagy nevezn\u00e9m csal\u00e1s, a vend\u00e9gek becsap\u00e1sa.<br>M\u00e1s f\u00fcrd\u0151kben, ahol szer\u00e9nyebb tud\u00e1s\u00fa vezet\u0151 van, ott, ha nem m\u0171k\u00f6dik valami, akkor kevesebbet kell fizetni, mint a teljes \u00e1ru jegy.<\/p>\n\n\n\n<p class=\"wp-block-paragraph\">A kupola WC-j\u00e9nek ajtaja f\u00e9lrees\u0151 helyen van, ahol a fal, jobb oldal\u00e1n fel van t\u00fcntetve a helys\u00e9g funkci\u00f3ja. Mivel akik a mell\u00e9khelys\u00e9get keresik, eln\u00e9znek arra, de nem mennek el od\u00e1ig, mivel nincs szembet\u0171n\u0151 helyen, j\u00f3l l\u00e1that\u00f3an felt\u00fcntetve a nemzetk\u00f6zi jelz\u00e9s: &#8211; WC.<br>Sz\u00e1mtalanszor l\u00e1tjuk a medenc\u00e9b\u0151l, hogy tan\u00e1cstalanul tov\u00e1bb mennek, majd visszat\u00e9rnek a medenc\u00e9be. Tudom\u00e1som szerint ez tiszt\u00e1zva lett k\u00e9pvisel\u0151 gy\u0171l\u00e9sen, ennek ellen\u00e9re nem t\u00f6rt\u00e9nt hat\u00e9kony int\u00e9zked\u00e9s, pedig az \u00e1ltal\u00e1nos igazgat\u00f3n\u0151 rengeteget fejl\u0151d\u00f6tt szakmailag, mivel r\u00e9gen, ha panasszal \u00e9lt\u00fcnk azt v\u00e1laszolta: \u201eDolgoznak rajta.\u201d Esetenk\u00e9nt ma m\u00e1r azt is szokta felelni \u201eFolyamatban van az \u00fcgy.\u201d Ugye, hogy fejl\u0151d\u00e9s ez, de m\u00e9gsem hajtott\u00e1k v\u00e9gre, amit el\u0151\u00edrtak?<br>A f\u00fcrd\u0151 nev\u00e9vel kapcsolatosan szerettem volna javasolni a \u201eSzinkron F\u00fcrd\u0151\u201d nevet, ami a mai napig helyt\u00e1ll\u00f3bb a jelenlegi n\u00e9vn\u00e9l. Sokszor hideg a v\u00edz az \u00e9lm\u00e9ny medenc\u00e9ben, viszont a gy\u00f3gymedenc\u00e9ben forr\u00f3. Az id\u0151j\u00e1r\u00e1st\u00f3l f\u00fcgg\u0151en, ha hideg van, hideg a v\u00edz, ha meleg van t\u00fal meleg a v\u00edz, teh\u00e1t a kett\u0151 szinkronban van. Panasszal \u00e9lt\u00fcnk az igazgat\u00f3 helyettesn\u00e9l, m\u00e1snap az \u00e1ltal\u00e1nos igazgat\u00f3n\u00e1l, akik elismert\u00e9k panaszunkat, de v\u00e1ltoz\u00e1s csak napok m\u00falva k\u00f6vetkezett be.<br>K\u00fcl\u00f6n m\u0171v\u00e9szet elrontani a v\u00edz h\u0151m\u00e9rs\u00e9klet\u00e9t egy olyan f\u00fcrd\u0151ben, ahol mindent automatika vez\u00e9rel. A v\u00e1laszt \u00d6n\u00f6k is tudj\u00e1k \u201eHanyags\u00e1g, oda nem figyel\u00e9s!\u201d<\/p>\n\n\n\n<p class=\"wp-block-paragraph\">A ny\u00e1r elej\u00e9n egy fels\u0151fok\u00fa v\u00e9gzetts\u00e9ggel rendelkez\u0151 h\u00f6lgyet Kovacsics \u00far azonnali hat\u00e1llyal elbocs\u00e1totta, mert szabad napj\u00e1n nem volt hajland\u00f3 fizet\u00e9s n\u00e9lk\u00fcl Szegeden rekl\u00e1mozni a f\u00fcrd\u0151t. A h\u00f6lgynek volt igaza.<\/p>\n\n\n\n<p class=\"wp-block-paragraph\">Egyik legmegb\u00edzhat\u00f3bb medence\u0151rt, Czene Ferencet azonnali hat\u00e1llyal elbocs\u00e1tott\u00e1k, mert v\u00e9lem\u00e9nyt nyilv\u00e1n\u00edtott a f\u00fcrd\u0151vel kapcsolatosan.<br>Czene urat a ny\u00e1r folyam\u00e1n t\u00f6bb alkalommal is l\u00e1ttam, amint b\u00fav\u00e1rszem\u00fcveggel, \u00e9s pip\u00e1val \u00f3r\u00e1kig s\u00farolta a 33 m\u00e9teres medence oldal\u00e1t a v\u00edz alatt. Ezt rajta k\u00edv\u00fcl senki sem tette meg.<br>A f\u00fcrd\u0151ben visszat\u00e9rt a r\u00e9gi R\u00e1kosi rendszer, senkinek nem lehet v\u00e9lem\u00e9nye, nem mernek besz\u00e9lgetni a vend\u00e9ggel, mert f\u00e9ltik az \u00e1ll\u00e1sukat. (Lehet, hogy a spiclinek is spiclije van)<\/p>\n\n\n\n<p class=\"wp-block-paragraph\">Az \u00f6lt\u00f6z\u0151kben az elbocs\u00e1t\u00e1sok miatt sokszor nincs senki, aki fogadn\u00e1 az \u00e9rkez\u0151 vend\u00e9geket.<br>Szinte napirenden van, hogy k\u00e9t, h\u00e1rom esetben vissza kell vinni a szekr\u00e9nyt nyit\u00f3 \u00f3r\u00e1t, mert nem m\u0171k\u00f6d\u0151k\u00e9pes. Ez a jelens\u00e9g egyre gyakoribb.<br>A napokban egyed\u00fcl voltam az \u00f6lt\u00f6z\u0151ben, amikor egy rokkant kocsiban \u00fcl\u0151 h\u00f6lgy \u00e9rkezett a f\u00e9rj\u00e9vel, aki meglehet\u0151sen nehezen tudott j\u00e1rni.<br>A szekr\u00e9ny\u00fcket nem nyitotta az \u00f3r\u00e1juk, ez\u00e9rt a f\u00e9rj vissza akarta vinni a p\u00e9nzt\u00e1rhoz cser\u00e9re.<br>Elk\u00e9rtem t\u0151le, \u00e9s visszavittem kicser\u00e9ltetni a rossz \u00f3r\u00e1t. Ezen a napon nekem a harmadik \u00f3ra nyitotta ki a szekr\u00e9nyemet, \u00edgy n\u00e9gy fordul\u00f3t tettem a p\u00e9nzt\u00e1r, \u00e9s az \u00f6lt\u00f6z\u0151 k\u00f6z\u00f6tti 24 l\u00e9pcs\u0151n.<br>Term\u00e9szetesen ez id\u0151 alatt nem \u00e9rkezett senki a szem\u00e9lyzet k\u00f6z\u00fcl.<br>Nem egyszer el\u0151fordult m\u00e1r, hogy olyan \u00f3r\u00e1t kaptam, amelyik szekr\u00e9nyben m\u00e1r volt ruha.<br>Mi m\u00e1r nevet\u00fcnk ezeken a k\u00ednl\u00f3d\u00e1sokon, de az idegenek, k\u00fclf\u00f6ldiek bosszankodnak a sikertelens\u00e9gek miatt.<\/p>\n\n\n\n<p class=\"wp-block-paragraph\">Munkahelyteremt\u00e9s hangoztatta sokszor a polg\u00e1rmester \u00far. Ennek a hat\u00e1s\u00e1ra sokan saj\u00e1t k\u00f6lts\u00e9g\u00fck\u00f6n elv\u00e9gezt\u00e9k a takar\u00edt\u00f3i tanfolyamot. A legjobb eredm\u00e9nyt el\u00e9r\u0151k k\u00f6z\u00fcl sokan felv\u00e9telt nyertek v\u00e9gzetts\u00e9g\u00fcknek megfelel\u0151en. A m\u00e9zes-madzag r\u00f6vidnek bizonyult, mert a szezon v\u00e9gezt\u00e9vel sokak ker\u00fcltek az elbocs\u00e1t\u00e1s sors\u00e1ra. Az \u00faj szezonban majd ism\u00e9t sokakat visszavesznek, de nem fogj\u00e1k publik\u00e1lni, hogy ezek nem \u00faj munkahelyek, hanem csup\u00e1n \u00e1tmeneti \u00e1llapotr\u00f3l van sz\u00f3, \u00e9s a kor\u00e1bban elbocs\u00e1jtottak hely\u00e9t t\u00f6lt\u00f6tt\u00e9k be, nem pedig \u00fajabb \u00e1ll\u00e1s lehet\u0151s\u00e9get ny\u00fajt a v\u00e1ros.<\/p>\n\n\n\n<p class=\"wp-block-paragraph\">Amit nagyon pozit\u00edvnak nevezn\u00e9k: A p\u00e9nzt\u00e1rosok mindig kedves mosollyal fogadj\u00e1k a vend\u00e9geket. Ez a r\u00e9sz egy m\u00e1s vil\u00e1g. Igaz, hogy fogalmuk sincs, hogy mi t\u00f6rt\u00e9nik benn a f\u00fcrd\u0151ben, m\u0171k\u00f6dnek e a programok vagy sem, err\u0151l nem kapnak t\u00e1j\u00e9koztat\u00e1st. \u00cdgy \u0151k el\u0151z\u00e9kenyen kiadj\u00e1k a teljes \u00e1ru jegyeket.<\/p>\n\n\n\n<p class=\"wp-block-paragraph\">V\u00e9gezet\u00fcl r\u00f6videsen mintegy 50%-al cs\u00f6kkenni fog a szolg\u00e1ltat\u00e1s: k\u00e9rdezn\u00e9m: a jegy \u00e1rak is cs\u00f6kkenni fognak, vagy ism\u00e9t becsap\u00e1s \u00e1ldozativ\u00e1 v\u00e1lnak a vend\u00e9gek.<br>Kovacsics \u00far sz\u00e9gyenletes f\u00f3rum\u00e1n a f\u00fcrd\u0151 el\u0151tt azt \u00edg\u00e9rte a nyugd\u00edjas b\u00e9rletek \u00e1r\u00e1n nem v\u00e1ltoztatnak, de ha m\u00e9gis, akkor a Mak\u00f3-k\u00e1rty\u00e1nak k\u00f6sz\u00f6nhet\u0151en a v\u00e1ros \u00e1tv\u00e1llalja a k\u00fcl\u00f6nb\u00f6zetet, \u00e9s \u00edgy nem k\u00e1rosulnak az eml\u00edtettek. Ezt a Koron\u00e1ban az utols\u00f3 f\u00f3rumon a polg\u00e1rmester \u00far is meger\u0151s\u00edtette.<br>Mi t\u00f6rt\u00e9nt? N\u00e9gyszeres\u00e9re emelt\u00e9k a b\u00e9rletek \u00e1r\u00e1t. Ebb\u0151l a Mak\u00f3-k\u00e1rtya tulajdonosok 50%-kedvezm\u00e9nyt kaptak, \u00e9s \u00edgy dupl\u00e1ja lett az elm\u00falt \u00e9vi b\u00e9rlet \u00e1r.<br>Horn Gyula megmondta egy besz\u00e9d\u00e9ben: A politikusoknak nem kell mindent betartania.<br>Ezt megsz\u00edvlelt\u00e9k vezet\u0151ink, \u00e9s nem is tartott\u00e1k be \u00edg\u00e9ret\u00fcket.<br>K\u00e9rdezn\u00e9m tov\u00e1bb\u00e1: A b\u00e9rletesek visszakapnak valamennyi sz\u00e1zal\u00e9kot a befizetett b\u00e9rleteikb\u0151l az 50%-os szolg\u00e1ltat\u00e1scs\u00f6kkent\u00e9s ut\u00e1n?<\/p>\n\n\n\n<p class=\"wp-block-paragraph\">Tisztelt Polg\u00e1rmester \u00dar, Tisztelt K\u00e9pvisel\u0151 Test\u00fclet<br>Tal\u00e1n sok hi\u00e1nyoss\u00e1g kimaradt \u00edr\u00e1somb\u00f3l, \u00e9s elk\u00e9pzelhet\u0151, hogy a le\u00edrtak sem lesznek orvosolva.<br>Bizony\u00e1ra felmer\u00fcl \u00d6n\u00f6kben a k\u00e9rd\u00e9s, hogy mi\u00e9rt \u00edrtam le a val\u00f3s t\u00e9nyeket, panasz form\u00e1j\u00e1ban.<\/p>\n\n\n\n<p class=\"wp-block-paragraph\">El\u0151sz\u00f6r is nem Kovacsics \u00far elleni unszimp\u00e1tia vez\u00e9relt panaszos levelem beny\u00fajt\u00e1sakor. Lehetett volna b\u00e1rki m\u00e1s az vez\u00e9rigazgat\u00f3, akkor is le\u00edrtam volna mindent a f\u00fcrd\u0151 \u00e9rdek\u00e9ben, ha a hi\u00e1nyoss\u00e1gok, a hanyags\u00e1g a f\u00fcrd\u0151nk s\u00edrba ereszt\u0151 k\u00f6teleit jelenten\u00e9k. \u20ac<br>Szinte egy ember\u00f6lt\u0151t t\u00f6lt\u00f6ttem el a r\u00e9gi, \u00e9s az \u00faj f\u00fcrd\u0151 falai k\u00f6z\u00f6tt.<br>Minden j\u00f3\u00e9rz\u00e9s\u0171 Mak\u00f3inak egy lehet csup\u00e1n a c\u00e9lja: Egy vir\u00e1gz\u00f3, j\u00f3l men\u0151, magas sz\u00ednvonal\u00fa f\u00fcrd\u0151 kialak\u00edt\u00e1sa, mely a jelen vezet\u00e9ssel el\u00e9rhetetlen.<br>Szeretn\u00e9m, \u00e9s boldogg\u00e1 tenne az a tudat, hogy a feln\u00f6v\u0151 nemzed\u00e9k, ha el\u00e9r od\u00e1ig, hogy a nyolcadik x-t tapossa, olyan boldogan eml\u00e9kezzen vissza a Mak\u00f3i f\u00fcrd\u0151re, ahogyan mi eml\u00e9ksz\u00fcnk a vel\u00fcnk egy\u00fctt meg\u00f6regedett r\u00e9gi f\u00fcrd\u0151re, amely helyett az \u00faj nemzed\u00e9k egy \u00faj \u00e9s gy\u00f6ny\u00f6r\u0171 f\u00fcrd\u0151t kapott, \u00e9s amelyet egy \u00e9leten \u00e1t meg is fognak becs\u00fclni. De, hogy ez \u00edgy legyen, cs\u00edr\u00e1j\u00e1ban el kell fojtani a hanyags\u00e1got a nem t\u00f6r\u0151d\u00e9st, amely jelenleg uralkodik Makovecz Imre csod\u00e1s \u00e1lm\u00e1ban, a v\u00e1rosi f\u00fcrd\u0151ben.<\/p>\n\n\n\n<p class=\"wp-block-paragraph\">K\u00e9rem a vezet\u0151inket, hogy azon legyenek, hogy felvir\u00e1gozz\u00e9k a f\u00fcrd\u0151, \u00e9s \u00fasz\u00f3medence \u00e9p\u00edt\u00e9s\u00e9vel legyen ism\u00e9t \u00fasz\u00f3sport, v\u00edzilabda v\u00e1rosunkban, amely vonzani fogja a k\u00f6z\u00f6ns\u00e9get, ami fellend\u00fcl\u00e9st id\u00e9z majd el\u0151.<br>Mak\u00f3t oly kev\u00e9s v\u00e1lasztja el a vil\u00e1gsz\u00ednvonal\u00fa elismer\u00e9st\u0151l: csup\u00e1n egy 50 m\u00e9teres fedett k\u00e9toldali lel\u00e1t\u00f3kkal ell\u00e1tott medence \u00e9p\u00edt\u00e9se egy\u00e9b kieg\u00e9sz\u00edt\u0151kkel.<br>Ami a legfontosabb a gyermekzsivaj, mely hi\u00e1nyzik a jelen f\u00fcrd\u0151nkb\u0151l, \u00e9s ne feledj\u00fck, bel\u0151l\u00fck lesznek a f\u00fcrd\u0151vend\u00e9gek.<br>Ezt l\u00e1tta nagyon j\u00f3l H\u00f3dmez\u0151v\u00e1s\u00e1rhely polg\u00e1rmestere, akinek k\u00f6sz\u00f6nhet\u0151en t\u00e9r\u00edt\u00e9s n\u00e9lk\u00fcl j\u00e1rhatnak, ha j\u00f3l eml\u00e9kszem 12 \u00e9ves korig a gyerekek f\u00fcrd\u0151j\u00fckbe, \u00e9s ingyenes az \u00fasz\u00f3sport is.<br>Ott lehetnek \u00faj Risztov \u00c9v\u00e1k, olimpiai bajnokok. Ha nem struccpolitik\u00e1t folytatunk, a j\u00f6v\u0151 nemzed\u00e9k\u00e9t nek\u00fcnk, Mak\u00f3iaknak is van lehet\u0151s\u00e9g\u00fcnk kialak\u00edtani, felnevelni. <\/p>\n\n\n\n<p class=\"wp-block-paragraph\">Mak\u00f3, 2012. 09. 03.<\/p>\n","protected":false},"excerpt":{"rendered":"<p>TISZTELT POLG\u00c1RMESTER \u00daR,TISZTELT K\u00c9PVISEL\u0150 TEST\u00dcLET! Eddig is, \u00e9s ha a j\u00f6v\u0151ben is p\u00e1ly\u00e1zni fog a polg\u00e1rmesteri munkak\u00f6r bet\u00f6lt\u00e9s\u00e9re polg\u00e1rmester\u00fcnk: Dr. Buz\u00e1s P\u00e9ter \u00far, r\u00e1 fogok szavazni. (Ez nem kellene, hogy publikus legyen, de annak \u00e9rdek\u00e9ben, hogy \u00edr\u00e1som \u00e9rthet\u0151v\u00e9 v\u00e1ljon megtettem)\u00dagy gondolom, hogy p\u00e1rt\u00e1ll\u00e1s\u00e1t\u00f3l f\u00fcggetlen\u00fcl minden mak\u00f3i, aki nyitott szemmel r\u00f3ja a v\u00e1ros utc\u00e1it, tereit, figyelemmel &#8230; <a title=\"TISZTELT POLG\u00c1RMESTER \u00daR,TISZTELT K\u00c9PVISEL\u0150 TEST\u00dcLET!\" class=\"read-more\" href=\"https:\/\/bozsogiattila.hu\/?p=828\" aria-label=\"Tov\u00e1bbiak TISZTELT POLG\u00c1RMESTER \u00daR,TISZTELT K\u00c9PVISEL\u0150 TEST\u00dcLET!\">Olvass tov\u00e1bb<\/a><\/p>\n","protected":false},"author":3,"featured_media":0,"comment_status":"closed","ping_status":"open","sticky":false,"template":"","format":"standard","meta":{"footnotes":""},"categories":[300],"tags":[71,309,155,308,12,310],"class_list":["post-828","post","type-post","status-publish","format-standard","hentry","category-esszek-ujsagcikkek-tanulmanyok-kritikak","tag-71","tag-buuzas-peter","tag-furdo","tag-hagymatikum","tag-mako","tag-polgarmester"],"yoast_head":"<!-- This site is optimized with the Yoast SEO plugin v21.8 - https:\/\/yoast.com\/wordpress\/plugins\/seo\/ -->\n<title>TISZTELT POLG\u00c1RMESTER \u00daR,TISZTELT K\u00c9PVISEL\u0150 TEST\u00dcLET! - Bozsogi Attila<\/title>\n<meta name=\"robots\" content=\"index, follow, max-snippet:-1, max-image-preview:large, max-video-preview:-1\" \/>\n<link rel=\"canonical\" href=\"https:\/\/bozsogiattila.hu\/?p=828\" \/>\n<meta property=\"og:locale\" content=\"hu_HU\" \/>\n<meta property=\"og:type\" content=\"article\" \/>\n<meta property=\"og:title\" content=\"TISZTELT POLG\u00c1RMESTER \u00daR,TISZTELT K\u00c9PVISEL\u0150 TEST\u00dcLET! - Bozsogi Attila\" \/>\n<meta property=\"og:description\" content=\"TISZTELT POLG\u00c1RMESTER \u00daR,TISZTELT K\u00c9PVISEL\u0150 TEST\u00dcLET! Eddig is, \u00e9s ha a j\u00f6v\u0151ben is p\u00e1ly\u00e1zni fog a polg\u00e1rmesteri munkak\u00f6r bet\u00f6lt\u00e9s\u00e9re polg\u00e1rmester\u00fcnk: Dr. Buz\u00e1s P\u00e9ter \u00far, r\u00e1 fogok szavazni. (Ez nem kellene, hogy publikus legyen, de annak \u00e9rdek\u00e9ben, hogy \u00edr\u00e1som \u00e9rthet\u0151v\u00e9 v\u00e1ljon megtettem)\u00dagy gondolom, hogy p\u00e1rt\u00e1ll\u00e1s\u00e1t\u00f3l f\u00fcggetlen\u00fcl minden mak\u00f3i, aki nyitott szemmel r\u00f3ja a v\u00e1ros utc\u00e1it, tereit, figyelemmel ... Olvass tov\u00e1bb\" \/>\n<meta property=\"og:url\" content=\"https:\/\/bozsogiattila.hu\/?p=828\" \/>\n<meta property=\"og:site_name\" content=\"Bozsogi Attila\" \/>\n<meta property=\"article:published_time\" content=\"2012-09-03T14:16:00+00:00\" \/>\n<meta property=\"article:modified_time\" content=\"2024-01-07T14:18:00+00:00\" \/>\n<meta name=\"author\" content=\"Bozsogi Attila\" \/>\n<meta name=\"twitter:card\" content=\"summary_large_image\" \/>\n<meta name=\"twitter:label1\" content=\"Szerz\u0151:\" \/>\n\t<meta name=\"twitter:data1\" content=\"Bozsogi Attila\" \/>\n\t<meta name=\"twitter:label2\" content=\"Becs\u00fclt olvas\u00e1si id\u0151\" \/>\n\t<meta name=\"twitter:data2\" content=\"23 perc\" \/>\n<script type=\"application\/ld+json\" class=\"yoast-schema-graph\">{\"@context\":\"https:\/\/schema.org\",\"@graph\":[{\"@type\":\"WebPage\",\"@id\":\"https:\/\/bozsogiattila.hu\/?p=828\",\"url\":\"https:\/\/bozsogiattila.hu\/?p=828\",\"name\":\"TISZTELT POLG\u00c1RMESTER \u00daR,TISZTELT K\u00c9PVISEL\u0150 TEST\u00dcLET! - Bozsogi Attila\",\"isPartOf\":{\"@id\":\"https:\/\/bozsogiattila.hu\/#website\"},\"datePublished\":\"2012-09-03T14:16:00+00:00\",\"dateModified\":\"2024-01-07T14:18:00+00:00\",\"author\":{\"@id\":\"https:\/\/bozsogiattila.hu\/#\/schema\/person\/488c99f554a8c4039201260dd5eb795e\"},\"breadcrumb\":{\"@id\":\"https:\/\/bozsogiattila.hu\/?p=828#breadcrumb\"},\"inLanguage\":\"hu\",\"potentialAction\":[{\"@type\":\"ReadAction\",\"target\":[\"https:\/\/bozsogiattila.hu\/?p=828\"]}]},{\"@type\":\"BreadcrumbList\",\"@id\":\"https:\/\/bozsogiattila.hu\/?p=828#breadcrumb\",\"itemListElement\":[{\"@type\":\"ListItem\",\"position\":1,\"name\":\"Kezd\u0151lap\",\"item\":\"https:\/\/bozsogiattila.hu\/\"},{\"@type\":\"ListItem\",\"position\":2,\"name\":\"TISZTELT POLG\u00c1RMESTER \u00daR,TISZTELT K\u00c9PVISEL\u0150 TEST\u00dcLET!\"}]},{\"@type\":\"WebSite\",\"@id\":\"https:\/\/bozsogiattila.hu\/#website\",\"url\":\"https:\/\/bozsogiattila.hu\/\",\"name\":\"Bozsogi Attila\",\"description\":\"a zen\u00e9sz, \u00edr\u00f3 munk\u00e1ss\u00e1g\u00e1nak \u00e9s a mak\u00f3i muzsikusok eml\u00e9k\u00e9t \u0151rz\u0151 oldal\",\"potentialAction\":[{\"@type\":\"SearchAction\",\"target\":{\"@type\":\"EntryPoint\",\"urlTemplate\":\"https:\/\/bozsogiattila.hu\/?s={search_term_string}\"},\"query-input\":\"required name=search_term_string\"}],\"inLanguage\":\"hu\"},{\"@type\":\"Person\",\"@id\":\"https:\/\/bozsogiattila.hu\/#\/schema\/person\/488c99f554a8c4039201260dd5eb795e\",\"name\":\"Bozsogi Attila\",\"image\":{\"@type\":\"ImageObject\",\"inLanguage\":\"hu\",\"@id\":\"https:\/\/bozsogiattila.hu\/#\/schema\/person\/image\/\",\"url\":\"https:\/\/secure.gravatar.com\/avatar\/7da6b5985e34ed798d1670c54ce7d20e6a53b800bb0c07945c64b09392f3dbfd?s=96&d=mm&r=g\",\"contentUrl\":\"https:\/\/secure.gravatar.com\/avatar\/7da6b5985e34ed798d1670c54ce7d20e6a53b800bb0c07945c64b09392f3dbfd?s=96&d=mm&r=g\",\"caption\":\"Bozsogi Attila\"},\"sameAs\":[\"http:\/\/www.boszogiattila.hu\"],\"url\":\"https:\/\/bozsogiattila.hu\/?author=3\"}]}<\/script>\n<!-- \/ Yoast SEO plugin. -->","yoast_head_json":{"title":"TISZTELT POLG\u00c1RMESTER \u00daR,TISZTELT K\u00c9PVISEL\u0150 TEST\u00dcLET! - Bozsogi Attila","robots":{"index":"index","follow":"follow","max-snippet":"max-snippet:-1","max-image-preview":"max-image-preview:large","max-video-preview":"max-video-preview:-1"},"canonical":"https:\/\/bozsogiattila.hu\/?p=828","og_locale":"hu_HU","og_type":"article","og_title":"TISZTELT POLG\u00c1RMESTER \u00daR,TISZTELT K\u00c9PVISEL\u0150 TEST\u00dcLET! - Bozsogi Attila","og_description":"TISZTELT POLG\u00c1RMESTER \u00daR,TISZTELT K\u00c9PVISEL\u0150 TEST\u00dcLET! Eddig is, \u00e9s ha a j\u00f6v\u0151ben is p\u00e1ly\u00e1zni fog a polg\u00e1rmesteri munkak\u00f6r bet\u00f6lt\u00e9s\u00e9re polg\u00e1rmester\u00fcnk: Dr. Buz\u00e1s P\u00e9ter \u00far, r\u00e1 fogok szavazni. (Ez nem kellene, hogy publikus legyen, de annak \u00e9rdek\u00e9ben, hogy \u00edr\u00e1som \u00e9rthet\u0151v\u00e9 v\u00e1ljon megtettem)\u00dagy gondolom, hogy p\u00e1rt\u00e1ll\u00e1s\u00e1t\u00f3l f\u00fcggetlen\u00fcl minden mak\u00f3i, aki nyitott szemmel r\u00f3ja a v\u00e1ros utc\u00e1it, tereit, figyelemmel ... Olvass tov\u00e1bb","og_url":"https:\/\/bozsogiattila.hu\/?p=828","og_site_name":"Bozsogi Attila","article_published_time":"2012-09-03T14:16:00+00:00","article_modified_time":"2024-01-07T14:18:00+00:00","author":"Bozsogi Attila","twitter_card":"summary_large_image","twitter_misc":{"Szerz\u0151:":"Bozsogi Attila","Becs\u00fclt olvas\u00e1si id\u0151":"23 perc"},"schema":{"@context":"https:\/\/schema.org","@graph":[{"@type":"WebPage","@id":"https:\/\/bozsogiattila.hu\/?p=828","url":"https:\/\/bozsogiattila.hu\/?p=828","name":"TISZTELT POLG\u00c1RMESTER \u00daR,TISZTELT K\u00c9PVISEL\u0150 TEST\u00dcLET! - Bozsogi Attila","isPartOf":{"@id":"https:\/\/bozsogiattila.hu\/#website"},"datePublished":"2012-09-03T14:16:00+00:00","dateModified":"2024-01-07T14:18:00+00:00","author":{"@id":"https:\/\/bozsogiattila.hu\/#\/schema\/person\/488c99f554a8c4039201260dd5eb795e"},"breadcrumb":{"@id":"https:\/\/bozsogiattila.hu\/?p=828#breadcrumb"},"inLanguage":"hu","potentialAction":[{"@type":"ReadAction","target":["https:\/\/bozsogiattila.hu\/?p=828"]}]},{"@type":"BreadcrumbList","@id":"https:\/\/bozsogiattila.hu\/?p=828#breadcrumb","itemListElement":[{"@type":"ListItem","position":1,"name":"Kezd\u0151lap","item":"https:\/\/bozsogiattila.hu\/"},{"@type":"ListItem","position":2,"name":"TISZTELT POLG\u00c1RMESTER \u00daR,TISZTELT K\u00c9PVISEL\u0150 TEST\u00dcLET!"}]},{"@type":"WebSite","@id":"https:\/\/bozsogiattila.hu\/#website","url":"https:\/\/bozsogiattila.hu\/","name":"Bozsogi Attila","description":"a zen\u00e9sz, \u00edr\u00f3 munk\u00e1ss\u00e1g\u00e1nak \u00e9s a mak\u00f3i muzsikusok eml\u00e9k\u00e9t \u0151rz\u0151 oldal","potentialAction":[{"@type":"SearchAction","target":{"@type":"EntryPoint","urlTemplate":"https:\/\/bozsogiattila.hu\/?s={search_term_string}"},"query-input":"required name=search_term_string"}],"inLanguage":"hu"},{"@type":"Person","@id":"https:\/\/bozsogiattila.hu\/#\/schema\/person\/488c99f554a8c4039201260dd5eb795e","name":"Bozsogi Attila","image":{"@type":"ImageObject","inLanguage":"hu","@id":"https:\/\/bozsogiattila.hu\/#\/schema\/person\/image\/","url":"https:\/\/secure.gravatar.com\/avatar\/7da6b5985e34ed798d1670c54ce7d20e6a53b800bb0c07945c64b09392f3dbfd?s=96&d=mm&r=g","contentUrl":"https:\/\/secure.gravatar.com\/avatar\/7da6b5985e34ed798d1670c54ce7d20e6a53b800bb0c07945c64b09392f3dbfd?s=96&d=mm&r=g","caption":"Bozsogi Attila"},"sameAs":["http:\/\/www.boszogiattila.hu"],"url":"https:\/\/bozsogiattila.hu\/?author=3"}]}},"jetpack_featured_media_url":"","_links":{"self":[{"href":"https:\/\/bozsogiattila.hu\/index.php?rest_route=\/wp\/v2\/posts\/828","targetHints":{"allow":["GET"]}}],"collection":[{"href":"https:\/\/bozsogiattila.hu\/index.php?rest_route=\/wp\/v2\/posts"}],"about":[{"href":"https:\/\/bozsogiattila.hu\/index.php?rest_route=\/wp\/v2\/types\/post"}],"author":[{"embeddable":true,"href":"https:\/\/bozsogiattila.hu\/index.php?rest_route=\/wp\/v2\/users\/3"}],"replies":[{"embeddable":true,"href":"https:\/\/bozsogiattila.hu\/index.php?rest_route=%2Fwp%2Fv2%2Fcomments&post=828"}],"version-history":[{"count":1,"href":"https:\/\/bozsogiattila.hu\/index.php?rest_route=\/wp\/v2\/posts\/828\/revisions"}],"predecessor-version":[{"id":829,"href":"https:\/\/bozsogiattila.hu\/index.php?rest_route=\/wp\/v2\/posts\/828\/revisions\/829"}],"wp:attachment":[{"href":"https:\/\/bozsogiattila.hu\/index.php?rest_route=%2Fwp%2Fv2%2Fmedia&parent=828"}],"wp:term":[{"taxonomy":"category","embeddable":true,"href":"https:\/\/bozsogiattila.hu\/index.php?rest_route=%2Fwp%2Fv2%2Fcategories&post=828"},{"taxonomy":"post_tag","embeddable":true,"href":"https:\/\/bozsogiattila.hu\/index.php?rest_route=%2Fwp%2Fv2%2Ftags&post=828"}],"curies":[{"name":"wp","href":"https:\/\/api.w.org\/{rel}","templated":true}]}}