{"id":830,"date":"2012-09-17T14:18:00","date_gmt":"2012-09-17T14:18:00","guid":{"rendered":"https:\/\/bozsogiattila.hu\/?p=830"},"modified":"2024-01-07T14:19:10","modified_gmt":"2024-01-07T14:19:10","slug":"makoi-eletkepek","status":"publish","type":"post","link":"https:\/\/bozsogiattila.hu\/?p=830","title":{"rendered":"MAK\u00d3I \u00c9LETK\u00c9PEK"},"content":{"rendered":"\n<p class=\"wp-block-paragraph\">MAK\u00d3I \u00c9LETK\u00c9PEK<\/p>\n\n\n\n<p class=\"wp-block-paragraph\">A h\u0151n \u00e1h\u00edtott rendszerv\u00e1lt\u00e1s eredm\u00e9nyekkel, csal\u00f3d\u00e1sokkal k\u00e1pr\u00e1ztatta el az orsz\u00e1g lakoss\u00e1g\u00e1t. Akik figyelemmel k\u00eds\u00e9rik a politikai folyamatokat, azok el\u0151tt nyitott k\u00f6nyv mindennapjaink alakul\u00e1sa. Ezekr\u0151l az esem\u00e9nyekr\u0151l \u00edrni sz\u00fcks\u00e9gtelen, \u00e9s erre nem is vagyok h\u00edvatott v\u00e9lem\u00e9nyt nyilv\u00e1n\u00edtani, esetleg befoly\u00e1solni embert\u00e1rsaimat.<br>Ami\u00e9rt tollat ragadtam azt szeretett v\u00e1rosunk Mak\u00f3 \u00e9rdek\u00e9ben tettem, ahol eg\u00e9sz \u00e9letemet le\u00e9ltem, \u00e9s \u00e9lek napjainkban is.<br>A hozz\u00e1m hasonl\u00f3 kor\u00faak eml\u00e9kezet\u00e9ben m\u00e9g \u00e9lesen \u00e9l a v\u00e1ros 50 \u00e9vvel ezel\u0151tti arculata, \u00e9s akik napjainkban nyitott szemmel r\u00f3j\u00e1k, a v\u00e1ros utc\u00e1it \u00f6r\u00f6mittasan csod\u00e1lhatj\u00e1k meg a pozit\u00edv ir\u00e1nyban halad\u00f3 v\u00e1ltoz\u00e1sokat.<br>A rendszerv\u00e1lt\u00e1s ut\u00e1n a fejl\u0151d\u00e9s rohaml\u00e9ptekkel val\u00f3 megindul\u00e1sa, a v\u00e1ros menetel\u00e9se Dr. S\u00e1nta S\u00e1ndor (els\u0151 polg\u00e1rmester) idej\u00e9n kezd\u0151d\u00f6tt. \u0150t k\u00f6vette Dr. Buz\u00e1s P\u00e9ter polg\u00e1rmester, (egy ciklusban orsz\u00e1ggy\u0171l\u00e9si k\u00e9pvisel\u0151 is volt, mint polg\u00e1rmester) aki jelenleg az \u00f6t\u00f6dik ciklusban egyengeti a fejl\u0151d\u00e9s \u00fatvonal\u00e1t. Eredm\u00e9nyeir\u0151l k\u00fcl\u00f6n fejezetet lehetne \u00f6ssze\u00e1ll\u00edtani.<br>Munk\u00e1ss\u00e1g\u00e1nak cs\u00facs\u00e1t a Hagymatikum f\u00fcrd\u0151 koron\u00e1zta meg.<br>F\u00f6ldes L\u00e1szl\u00f3 az Index h\u00edres kritikusa elmarasztal\u00f3 \u00edr\u00e1s\u00e1ban arr\u00f3l tudatta olvas\u00f3it: Szent Artics\u00f3ka Templom\u00e1t \u00e9p\u00edtett\u00e9k fel Mak\u00f3n. Felt\u00e1rta a hi\u00e1nyoss\u00e1gokat, \u00e9s legf\u0151k\u00e9ppen \u00e9rdemtelennek tartotta egy kis v\u00e1rosban a megalom\u00e1ni\u00e1s \u00e9p\u00fclet kialak\u00edt\u00e1s\u00e1t.<br>A F\u00fcrd\u0151k &#8211; F\u00fcrd\u0151j\u00e9nek titul\u00e1lt komplexumr\u00f3l \u00edrt kritik\u00e1t a v\u00e1ros lakoss\u00e1g\u00e1nak egy r\u00e9sze felh\u00e1bor\u00edt\u00f3nak tartott, m\u00edg az ellenz\u00e9k a realit\u00e1st v\u00e9lte felfedezni a F\u00f6ldes irom\u00e1nyban.<br>Az \u00faj f\u00fcrd\u0151t 2012. janu\u00e1r 20-\u00e1n adt\u00e1k \u00e1t, nagy rem\u00e9nyeket t\u00e1pl\u00e1lva Makovecz Imre Kossuth-d\u00edjas \u00e9p\u00edt\u00e9sz remekm\u0171v\u00e9hez, mely monument\u00e1lis mivolt\u00e1nak k\u00f6sz\u00f6nhet\u0151en, valamint az internet \u00e9s egy\u00e9b rekl\u00e1mok hat\u00e1s\u00e1ra r\u00f6vid id\u0151 alatt, (minden t\u00falz\u00e1s n\u00e9lk\u00fcl \u00edrhatom) Eur\u00f3pa h\u00edr\u0171 lett.<br>A guinness rekordok k\u00f6nyv\u00e9ben is \u00e9rdekess\u00e9gnek sz\u00e1m\u00edtana: az \u00faj f\u00fcrd\u0151 v\u00edzfel\u00fclete t\u00f6bb mint 500 n\u00e9gyzetm\u00e9terrel kisebb, mint a fejleszt\u00e9s el\u0151tti r\u00e9gi f\u00fcrd\u0151 v\u00edzfel\u00fclete volt.<br>Elbontott\u00e1k az 50 m\u00e9teres \u00fasz\u00f3medenc\u00e9t, a term\u00e1lmedenc\u00e9t \u00e9s a pancsol\u00f3t. A Makovczi tervben szerepelt \u00fasz\u00f3medence is, amit az \u00e1remel\u00e9sek hat\u00e1s\u00e1ra polg\u00e1rmester\u00fcnk szavaival \u00e9lve tims\u00f3zni kellett, t\u00f6bb m\u00e1s \u00e9p\u00edtm\u00e9nnyel egyetemben.<br>A patin\u00e1s \u00e9p\u00fclet \u00edgy wellness k\u00f6zpontt\u00e1 v\u00e1lt, ahol az \u00faszni v\u00e1gy\u00f3k 110cm-es v\u00edzben h\u00f3dolhatnak az \u00fasz\u00e1s sz\u00e9ps\u00e9g\u00e9nek.<br>Az interneten akad\u00e1lymentes\u00edtett f\u00fcrd\u0151k\u00e9nt hirdetik a Hagymatikumot, holott a f\u00fcrd\u0151 nagy r\u00e9sz\u00e9ben sok-sok l\u00e9pcs\u0151 \u00e1llja, \u00fatj\u00e1t a tol\u00f3kocsi haszn\u00e1lat\u00e1ra k\u00e9nyszer\u00fcl\u0151knek.<br>A f\u00fcrd\u0151 vezet\u00e9s\u00e9t Kovacsics Imre nyerte el, aki saj\u00e1t bevall\u00e1sa szerint eddig 20 f\u00fcrd\u0151t ir\u00e1ny\u00edtott. Az eredm\u00e9nyeir\u0151l besz\u00e9l, hogy napjainkban 3 \u2013 4 f\u00fcrd\u0151 igazgat\u00f3ja csup\u00e1n.<br>A v\u00e1ros vezet\u00e9se \u00f3ri\u00e1si hib\u00e1t k\u00f6vetett el, mikor olyan p\u00e1ly\u00e1zatot fogadott el nyer\u0151nek, melyben az igazgat\u00f3 Gy\u0151rb\u0151l l\u00e1tja el munk\u00e1j\u00e1t, \u00e9s hetente egy alkalommal l\u00e1togat el \u201emunkahely\u00e9re\u201d Mak\u00f3ra! (\u00c9rthetetlen\u00fcl magas fizet\u00e9s\u00e9rt, \u00e9s k\u00f6lts\u00e9gt\u00e9r\u00edt\u00e9s\u00e9rt)<br>Polg\u00e1rmester\u00fcnk \u00f6r\u00f6k szlogenje: F\u00fcrd\u0151v\u00e1rost \u00e9p\u00edt\u00fcnk, c\u00e9l a fiatal \u00e9rtelmis\u00e9g itthon tart\u00e1sa, a Mak\u00f3r\u00f3l elsz\u00e1rmazott \u00e9rtelmis\u00e9g visszah\u00f3d\u00edt\u00e1sa, valamint munkahelyteremt\u00e9s.<br>Kovacsics \u00far kialak\u00edtotta st\u00e1bj\u00e1t, melyben egyetlen vezet\u0151 sem mak\u00f3i. Egym\u00e1st \u00e9rt\u00e9k a k\u00fcl\u00f6nb\u00f6z\u0151 igazgat\u00f3k, akiknek hat\u00e1sk\u00f6r\u00fck minim\u00e1lis, \u00e9s ennek tudhat\u00f3 be a rengeteg hi\u00e1nyoss\u00e1g, \u00e9s a f\u00fcrd\u0151 vend\u00e9gek el\u00e9gedetlens\u00e9ge. A hib\u00e1t bel\u00e1tva lemin\u0151s\u00edt\u00e9seket hajtottak v\u00e9gre. Az \u0151sz be\u00e1llt\u00e1val t\u00f6bb, mint 50 dolgoz\u00f3nak megsz\u00fcntett\u00e9k munkaviszony\u00e1t.<br>Messze elmaradtak a be\u00edg\u00e9rt terv anyagi elv\u00e1r\u00e1s\u00e1t\u00f3l, mely a f\u00fcrd\u0151 zavartalan m\u0171k\u00f6d\u00e9s\u00e9t volna h\u00edvatott fedezni.<br>Kovacsics \u00farnak k\u00f6sz\u00f6nhet\u0151en sok-sok milli\u00f3 \u00faszott el: bel\u00e9ptet\u0151 rendszer, ker\u00edt\u00e9s, konyhai berendez\u00e9sek, \u00e9s egy\u00e9b mell\u00e9fog\u00e1sok \u00e1r\u00e1n.<br>Beadv\u00e1nnyal fordultam a v\u00e1ros vezet\u0151s\u00e9g\u00e9hez, melyben felt\u00e1rtam a k\u00f6zv\u00e9lem\u00e9ny szerinti hib\u00e1kat: hideg a v\u00edz, nem m\u0171k\u00f6dnek a k\u00fcl\u00f6nb\u00f6z\u0151 programok, szekr\u00e9nyp\u00f3tl\u00e9k stb.<br>\u00c9szrev\u00e9teleink tolm\u00e1csol\u00e1sa ut\u00e1n sem t\u00f6rt\u00e9nt v\u00e1ltoz\u00e1s, kiv\u00e9ve a szekr\u00e9nyp\u00f3tl\u00e9k megsz\u00fcntet\u00e9se.<br>Az \u0150sz be\u00e1llt\u00e1val \u00faj nyitva tart\u00e1s szerint a Tanuszoda reggel 8-t\u00f3l d\u00e9lig \u00fczemel, valamint 16-t\u00f3l 20 \u00f3r\u00e1ig. Reggel a gy\u00f3gymedenc\u00e9t nem haszn\u00e1lhatj\u00e1k ebben az id\u0151szakban a f\u00fcrd\u0151z\u0151k. Szombaton \u00e9s vas\u00e1rnap a Tanuszoda z\u00e1rva tart. A f\u00fcrd\u0151 cs\u00f6kkentette a szolg\u00e1ltat\u00e1st, de az \u00e1rak megmaradtak.<br>A tanuszod\u00e1ban iskol\u00e1sok r\u00e9sz\u00e9re \u00fasz\u00e1soktat\u00e1s van, a szabadt\u00e9ri 33m-es medence vize hideg. Hol f\u00fcr\u00f6djenek a dr\u00e1ga bel\u00e9p\u0151k megv\u00e1lt\u00f3i?<br>D\u00e9li 12-kor nyit a wellness r\u00e9sz \u00e9s a gy\u00f3gymedenc\u00e9k.<br>A gy\u00f3gy\u00e1szati r\u00e9sz is csak d\u00e9lut\u00e1n m\u0171k\u00f6dik. R\u00f6videsen 16 \u00f3r\u00e1t\u00f3l s\u00f6t\u00e9tedni fog. K\u00e9rdezn\u00e9m: a beteg, rokkant kezel\u00e9sre v\u00e1r\u00f3k s\u00f6t\u00e9tben k\u00f6zlekedjenek majd?<br>Amit mindenki tudott csak a vezet\u0151s\u00e9g nem: Mak\u00f3 k\u00e9ptelen egy ilyen hatalmas monstrumot zavartalanul \u00fczemeltetni, k\u00fcl\u00f6n\u00f6sen \u00fagy, hogy vezet\u0151j\u00e9nek az elk\u00e9pzel\u00e9sei egym\u00e1s ut\u00e1n fulladnak kudarcba.<br>Kovacsics \u00far elismerte vezet\u00e9s\u00e9nek hib\u00e1it, \u00e9s nemes gesztussal lemondott az \u00e9v h\u00e1tral\u00e9v\u0151 h\u00f3napjaiban a fizet\u00e9s\u00e9r\u0151l, azzal a kik\u00f6t\u00e9ssel: Ha \u00e9vv\u00e9g\u00e9re nullaszald\u00f3s lesz a jelenleg \u00f3ri\u00e1si hi\u00e1nnyal k\u00fcszk\u00f6d\u0151 f\u00fcrd\u0151 (nevets\u00e9ges optimizmus) akkor foly\u00f3s\u00edts\u00e1k sz\u00e1m\u00e1ra ut\u00f3lag a tiszteletd\u00edj\u00e1t. A k\u00e9pvisel\u0151gy\u0171l\u00e9sen polg\u00e1rmester\u00fcnk bejelentette, hogy fizet\u00e9sr\u0151l nem lehet lemondani, teh\u00e1t m\u00e1s nevet adnak a fizet\u00e9s foly\u00f3s\u00edt\u00e1s\u00e1nak. Milyen \u00f6sszeggel ez titok maradt?<br>\u00cdr\u00e1somat polg\u00e1rmester\u00fcnk kedvenc id\u00e9zet\u00e9vel z\u00e1rn\u00e1m:<br>\u201eKovacsics \u00far az orsz\u00e1g egyik legjobb f\u00fcrd\u0151szakembere, hanem a legjobb.\u201d<br>Ezek ut\u00e1n a mak\u00f3iak optimistak\u00e9nt v\u00e1rj\u00e1k a hat\u00e9kony int\u00e9zked\u00e9st, agg\u00f3dva a f\u00fcrd\u0151 sorsa miatt! <\/p>\n\n\n\n<p class=\"wp-block-paragraph\">Mak\u00f3, 2012-09-17<\/p>\n","protected":false},"excerpt":{"rendered":"<p>MAK\u00d3I \u00c9LETK\u00c9PEK A h\u0151n \u00e1h\u00edtott rendszerv\u00e1lt\u00e1s eredm\u00e9nyekkel, csal\u00f3d\u00e1sokkal k\u00e1pr\u00e1ztatta el az orsz\u00e1g lakoss\u00e1g\u00e1t. Akik figyelemmel k\u00eds\u00e9rik a politikai folyamatokat, azok el\u0151tt nyitott k\u00f6nyv mindennapjaink alakul\u00e1sa. Ezekr\u0151l az esem\u00e9nyekr\u0151l \u00edrni sz\u00fcks\u00e9gtelen, \u00e9s erre nem is vagyok h\u00edvatott v\u00e9lem\u00e9nyt nyilv\u00e1n\u00edtani, esetleg befoly\u00e1solni embert\u00e1rsaimat.Ami\u00e9rt tollat ragadtam azt szeretett v\u00e1rosunk Mak\u00f3 \u00e9rdek\u00e9ben tettem, ahol eg\u00e9sz \u00e9letemet le\u00e9ltem, \u00e9s \u00e9lek &#8230; <a title=\"MAK\u00d3I \u00c9LETK\u00c9PEK\" class=\"read-more\" href=\"https:\/\/bozsogiattila.hu\/?p=830\" aria-label=\"Tov\u00e1bbiak MAK\u00d3I \u00c9LETK\u00c9PEK\">Olvass tov\u00e1bb<\/a><\/p>\n","protected":false},"author":3,"featured_media":0,"comment_status":"closed","ping_status":"open","sticky":false,"template":"","format":"standard","meta":{"footnotes":""},"categories":[300],"tags":[71,155,308,12],"class_list":["post-830","post","type-post","status-publish","format-standard","hentry","category-esszek-ujsagcikkek-tanulmanyok-kritikak","tag-71","tag-furdo","tag-hagymatikum","tag-mako"],"yoast_head":"<!-- This site is optimized with the Yoast SEO plugin v21.8 - https:\/\/yoast.com\/wordpress\/plugins\/seo\/ -->\n<title>MAK\u00d3I \u00c9LETK\u00c9PEK - Bozsogi Attila<\/title>\n<meta name=\"robots\" content=\"index, follow, max-snippet:-1, max-image-preview:large, max-video-preview:-1\" \/>\n<link rel=\"canonical\" href=\"https:\/\/bozsogiattila.hu\/?p=830\" \/>\n<meta property=\"og:locale\" content=\"hu_HU\" \/>\n<meta property=\"og:type\" content=\"article\" \/>\n<meta property=\"og:title\" content=\"MAK\u00d3I \u00c9LETK\u00c9PEK - Bozsogi Attila\" \/>\n<meta property=\"og:description\" content=\"MAK\u00d3I \u00c9LETK\u00c9PEK A h\u0151n \u00e1h\u00edtott rendszerv\u00e1lt\u00e1s eredm\u00e9nyekkel, csal\u00f3d\u00e1sokkal k\u00e1pr\u00e1ztatta el az orsz\u00e1g lakoss\u00e1g\u00e1t. Akik figyelemmel k\u00eds\u00e9rik a politikai folyamatokat, azok el\u0151tt nyitott k\u00f6nyv mindennapjaink alakul\u00e1sa. Ezekr\u0151l az esem\u00e9nyekr\u0151l \u00edrni sz\u00fcks\u00e9gtelen, \u00e9s erre nem is vagyok h\u00edvatott v\u00e9lem\u00e9nyt nyilv\u00e1n\u00edtani, esetleg befoly\u00e1solni embert\u00e1rsaimat.Ami\u00e9rt tollat ragadtam azt szeretett v\u00e1rosunk Mak\u00f3 \u00e9rdek\u00e9ben tettem, ahol eg\u00e9sz \u00e9letemet le\u00e9ltem, \u00e9s \u00e9lek ... Olvass tov\u00e1bb\" \/>\n<meta property=\"og:url\" content=\"https:\/\/bozsogiattila.hu\/?p=830\" \/>\n<meta property=\"og:site_name\" content=\"Bozsogi Attila\" \/>\n<meta property=\"article:published_time\" content=\"2012-09-17T14:18:00+00:00\" \/>\n<meta property=\"article:modified_time\" content=\"2024-01-07T14:19:10+00:00\" \/>\n<meta name=\"author\" content=\"Bozsogi Attila\" \/>\n<meta name=\"twitter:card\" content=\"summary_large_image\" \/>\n<meta name=\"twitter:label1\" content=\"Szerz\u0151:\" \/>\n\t<meta name=\"twitter:data1\" content=\"Bozsogi Attila\" \/>\n\t<meta name=\"twitter:label2\" content=\"Becs\u00fclt olvas\u00e1si id\u0151\" \/>\n\t<meta name=\"twitter:data2\" content=\"6 perc\" \/>\n<script type=\"application\/ld+json\" class=\"yoast-schema-graph\">{\"@context\":\"https:\/\/schema.org\",\"@graph\":[{\"@type\":\"WebPage\",\"@id\":\"https:\/\/bozsogiattila.hu\/?p=830\",\"url\":\"https:\/\/bozsogiattila.hu\/?p=830\",\"name\":\"MAK\u00d3I \u00c9LETK\u00c9PEK - Bozsogi Attila\",\"isPartOf\":{\"@id\":\"https:\/\/bozsogiattila.hu\/#website\"},\"datePublished\":\"2012-09-17T14:18:00+00:00\",\"dateModified\":\"2024-01-07T14:19:10+00:00\",\"author\":{\"@id\":\"https:\/\/bozsogiattila.hu\/#\/schema\/person\/488c99f554a8c4039201260dd5eb795e\"},\"breadcrumb\":{\"@id\":\"https:\/\/bozsogiattila.hu\/?p=830#breadcrumb\"},\"inLanguage\":\"hu\",\"potentialAction\":[{\"@type\":\"ReadAction\",\"target\":[\"https:\/\/bozsogiattila.hu\/?p=830\"]}]},{\"@type\":\"BreadcrumbList\",\"@id\":\"https:\/\/bozsogiattila.hu\/?p=830#breadcrumb\",\"itemListElement\":[{\"@type\":\"ListItem\",\"position\":1,\"name\":\"Kezd\u0151lap\",\"item\":\"https:\/\/bozsogiattila.hu\/\"},{\"@type\":\"ListItem\",\"position\":2,\"name\":\"MAK\u00d3I \u00c9LETK\u00c9PEK\"}]},{\"@type\":\"WebSite\",\"@id\":\"https:\/\/bozsogiattila.hu\/#website\",\"url\":\"https:\/\/bozsogiattila.hu\/\",\"name\":\"Bozsogi Attila\",\"description\":\"a zen\u00e9sz, \u00edr\u00f3 munk\u00e1ss\u00e1g\u00e1nak \u00e9s a mak\u00f3i muzsikusok eml\u00e9k\u00e9t \u0151rz\u0151 oldal\",\"potentialAction\":[{\"@type\":\"SearchAction\",\"target\":{\"@type\":\"EntryPoint\",\"urlTemplate\":\"https:\/\/bozsogiattila.hu\/?s={search_term_string}\"},\"query-input\":\"required name=search_term_string\"}],\"inLanguage\":\"hu\"},{\"@type\":\"Person\",\"@id\":\"https:\/\/bozsogiattila.hu\/#\/schema\/person\/488c99f554a8c4039201260dd5eb795e\",\"name\":\"Bozsogi Attila\",\"image\":{\"@type\":\"ImageObject\",\"inLanguage\":\"hu\",\"@id\":\"https:\/\/bozsogiattila.hu\/#\/schema\/person\/image\/\",\"url\":\"https:\/\/secure.gravatar.com\/avatar\/7da6b5985e34ed798d1670c54ce7d20e6a53b800bb0c07945c64b09392f3dbfd?s=96&d=mm&r=g\",\"contentUrl\":\"https:\/\/secure.gravatar.com\/avatar\/7da6b5985e34ed798d1670c54ce7d20e6a53b800bb0c07945c64b09392f3dbfd?s=96&d=mm&r=g\",\"caption\":\"Bozsogi Attila\"},\"sameAs\":[\"http:\/\/www.boszogiattila.hu\"],\"url\":\"https:\/\/bozsogiattila.hu\/?author=3\"}]}<\/script>\n<!-- \/ Yoast SEO plugin. -->","yoast_head_json":{"title":"MAK\u00d3I \u00c9LETK\u00c9PEK - Bozsogi Attila","robots":{"index":"index","follow":"follow","max-snippet":"max-snippet:-1","max-image-preview":"max-image-preview:large","max-video-preview":"max-video-preview:-1"},"canonical":"https:\/\/bozsogiattila.hu\/?p=830","og_locale":"hu_HU","og_type":"article","og_title":"MAK\u00d3I \u00c9LETK\u00c9PEK - Bozsogi Attila","og_description":"MAK\u00d3I \u00c9LETK\u00c9PEK A h\u0151n \u00e1h\u00edtott rendszerv\u00e1lt\u00e1s eredm\u00e9nyekkel, csal\u00f3d\u00e1sokkal k\u00e1pr\u00e1ztatta el az orsz\u00e1g lakoss\u00e1g\u00e1t. Akik figyelemmel k\u00eds\u00e9rik a politikai folyamatokat, azok el\u0151tt nyitott k\u00f6nyv mindennapjaink alakul\u00e1sa. Ezekr\u0151l az esem\u00e9nyekr\u0151l \u00edrni sz\u00fcks\u00e9gtelen, \u00e9s erre nem is vagyok h\u00edvatott v\u00e9lem\u00e9nyt nyilv\u00e1n\u00edtani, esetleg befoly\u00e1solni embert\u00e1rsaimat.Ami\u00e9rt tollat ragadtam azt szeretett v\u00e1rosunk Mak\u00f3 \u00e9rdek\u00e9ben tettem, ahol eg\u00e9sz \u00e9letemet le\u00e9ltem, \u00e9s \u00e9lek ... Olvass tov\u00e1bb","og_url":"https:\/\/bozsogiattila.hu\/?p=830","og_site_name":"Bozsogi Attila","article_published_time":"2012-09-17T14:18:00+00:00","article_modified_time":"2024-01-07T14:19:10+00:00","author":"Bozsogi Attila","twitter_card":"summary_large_image","twitter_misc":{"Szerz\u0151:":"Bozsogi Attila","Becs\u00fclt olvas\u00e1si id\u0151":"6 perc"},"schema":{"@context":"https:\/\/schema.org","@graph":[{"@type":"WebPage","@id":"https:\/\/bozsogiattila.hu\/?p=830","url":"https:\/\/bozsogiattila.hu\/?p=830","name":"MAK\u00d3I \u00c9LETK\u00c9PEK - Bozsogi Attila","isPartOf":{"@id":"https:\/\/bozsogiattila.hu\/#website"},"datePublished":"2012-09-17T14:18:00+00:00","dateModified":"2024-01-07T14:19:10+00:00","author":{"@id":"https:\/\/bozsogiattila.hu\/#\/schema\/person\/488c99f554a8c4039201260dd5eb795e"},"breadcrumb":{"@id":"https:\/\/bozsogiattila.hu\/?p=830#breadcrumb"},"inLanguage":"hu","potentialAction":[{"@type":"ReadAction","target":["https:\/\/bozsogiattila.hu\/?p=830"]}]},{"@type":"BreadcrumbList","@id":"https:\/\/bozsogiattila.hu\/?p=830#breadcrumb","itemListElement":[{"@type":"ListItem","position":1,"name":"Kezd\u0151lap","item":"https:\/\/bozsogiattila.hu\/"},{"@type":"ListItem","position":2,"name":"MAK\u00d3I \u00c9LETK\u00c9PEK"}]},{"@type":"WebSite","@id":"https:\/\/bozsogiattila.hu\/#website","url":"https:\/\/bozsogiattila.hu\/","name":"Bozsogi Attila","description":"a zen\u00e9sz, \u00edr\u00f3 munk\u00e1ss\u00e1g\u00e1nak \u00e9s a mak\u00f3i muzsikusok eml\u00e9k\u00e9t \u0151rz\u0151 oldal","potentialAction":[{"@type":"SearchAction","target":{"@type":"EntryPoint","urlTemplate":"https:\/\/bozsogiattila.hu\/?s={search_term_string}"},"query-input":"required name=search_term_string"}],"inLanguage":"hu"},{"@type":"Person","@id":"https:\/\/bozsogiattila.hu\/#\/schema\/person\/488c99f554a8c4039201260dd5eb795e","name":"Bozsogi Attila","image":{"@type":"ImageObject","inLanguage":"hu","@id":"https:\/\/bozsogiattila.hu\/#\/schema\/person\/image\/","url":"https:\/\/secure.gravatar.com\/avatar\/7da6b5985e34ed798d1670c54ce7d20e6a53b800bb0c07945c64b09392f3dbfd?s=96&d=mm&r=g","contentUrl":"https:\/\/secure.gravatar.com\/avatar\/7da6b5985e34ed798d1670c54ce7d20e6a53b800bb0c07945c64b09392f3dbfd?s=96&d=mm&r=g","caption":"Bozsogi Attila"},"sameAs":["http:\/\/www.boszogiattila.hu"],"url":"https:\/\/bozsogiattila.hu\/?author=3"}]}},"jetpack_featured_media_url":"","_links":{"self":[{"href":"https:\/\/bozsogiattila.hu\/index.php?rest_route=\/wp\/v2\/posts\/830","targetHints":{"allow":["GET"]}}],"collection":[{"href":"https:\/\/bozsogiattila.hu\/index.php?rest_route=\/wp\/v2\/posts"}],"about":[{"href":"https:\/\/bozsogiattila.hu\/index.php?rest_route=\/wp\/v2\/types\/post"}],"author":[{"embeddable":true,"href":"https:\/\/bozsogiattila.hu\/index.php?rest_route=\/wp\/v2\/users\/3"}],"replies":[{"embeddable":true,"href":"https:\/\/bozsogiattila.hu\/index.php?rest_route=%2Fwp%2Fv2%2Fcomments&post=830"}],"version-history":[{"count":1,"href":"https:\/\/bozsogiattila.hu\/index.php?rest_route=\/wp\/v2\/posts\/830\/revisions"}],"predecessor-version":[{"id":831,"href":"https:\/\/bozsogiattila.hu\/index.php?rest_route=\/wp\/v2\/posts\/830\/revisions\/831"}],"wp:attachment":[{"href":"https:\/\/bozsogiattila.hu\/index.php?rest_route=%2Fwp%2Fv2%2Fmedia&parent=830"}],"wp:term":[{"taxonomy":"category","embeddable":true,"href":"https:\/\/bozsogiattila.hu\/index.php?rest_route=%2Fwp%2Fv2%2Fcategories&post=830"},{"taxonomy":"post_tag","embeddable":true,"href":"https:\/\/bozsogiattila.hu\/index.php?rest_route=%2Fwp%2Fv2%2Ftags&post=830"}],"curies":[{"name":"wp","href":"https:\/\/api.w.org\/{rel}","templated":true}]}}