{"id":832,"date":"2012-10-05T14:19:00","date_gmt":"2012-10-05T14:19:00","guid":{"rendered":"https:\/\/bozsogiattila.hu\/?p=832"},"modified":"2024-01-07T14:23:08","modified_gmt":"2024-01-07T14:23:08","slug":"tisztelt-polgarmester-ur","status":"publish","type":"post","link":"https:\/\/bozsogiattila.hu\/?p=832","title":{"rendered":"TISZTELT POLG\u00c1RMESTER \u00daR!"},"content":{"rendered":"\n<p class=\"wp-block-paragraph\">TISZTELT POLG\u00c1RMESTER \u00daR!<\/p>\n\n\n\n<p class=\"wp-block-paragraph\">Minden j\u00f3\u00e9rz\u00e9s\u0171 mak\u00f3inak, \u00edgy nekem is \u00f6r\u00f6m, amikor a v\u00e1ros fejl\u0151d\u00e9s\u00e9r\u0151l hallhat\u00f3k pozit\u00edv h\u00edrek.<br>Ilyen volt a tegnap \u00e1tadott GIVAUDAN gy\u00e1r avat\u00f3besz\u00e9deinek elhangz\u00e1sa a mak\u00f3i TV ad\u00e1s\u00e1ban.<br>M\u00edg ezeket az \u00fcnnepi sz\u00f3noklatokat hallgattam, eszembe jutott, hogy Mak\u00f3n valamikor k\u00f6zel hatezer zsid\u00f3 \u00e9lt. Abban az id\u0151ben kev\u00e9s volt a v\u00e1ros \u00e9s a j\u00e1r\u00e1s hagymaterm\u00e9se, mivel a kiv\u00e1l\u00f3 keresked\u0151k mindent eladtak.<br>Ezekt\u0151l a zsid\u00f3 keresked\u0151kt\u0151l sz\u00e1rmazik a b\u00f6lcs meg\u00e1llap\u00edt\u00e1s: \u201eEngedni kell az \u00e1rakb\u00f3l, k\u00fcl\u00f6nben a r\u00e1fizet\u00e9sb\u0151l kell meg\u00e9lni.\u201d<br>Elhagyt\u00e1k v\u00e1rosunkat a zsid\u00f3k, a kereskedelem visszaesett, a hagymatermeszt\u0151k v\u00e1ls\u00e1gos helyzetbe jutottak.<br>Felsz\u00e1molt\u00e1k a konzervgy\u00e1rat, amely annak idej\u00e9n t\u00f6bb sz\u00e1z csal\u00e1d meg\u00e9lhet\u00e9s\u00e9t volt h\u00edvatott biztos\u00edtani.<br>Sokan visszal\u00e9ptek a hagymatermeszt\u00e9s f\u00e1radts\u00e1gos munk\u00e1j\u00e1t\u00f3l.<br>A polg\u00e1rmester \u00far \u201eFelh\u00edv\u00e1sa\u201d a k\u00e9pvisel\u0151asszony (Andrea) fel\u00e9, nem \u00faj kelet\u0171 \u00f6tlet, de rendk\u00edv\u00fcl sz\u00fcks\u00e9ges volna, amir\u0151l nem \u00edrok, mert elhangzott l\u00e9tfontoss\u00e1ga.<\/p>\n\n\n\n<p class=\"wp-block-paragraph\">Ezek kapcs\u00e1n, amir\u0151l javaslatot tenn\u00e9k az a Hagymatikum F\u00fcrd\u0151, mely szint\u00e9n meg lett eml\u00edtve a gy\u00e1r \u00e1tad\u00e1sakor.<br>Lehet, hogy a templomokban a szentmis\u00e9ken a pr\u00e9dik\u00e1torok is toboroznak a Hagymatikumba, ennek ellen\u00e9re nem j\u00f6nnek a vend\u00e9gek a f\u00fcrd\u0151be.<br>Valamit tenni kellene, \u00e9s ehhez j\u00e1ruln\u00e9k hozz\u00e1, lehet, hogy k\u00e9ptelennek t\u0171n\u0151 \u00f6tleteimmel.<br>Elk\u00e9pzelhet\u0151, hogy a sokszor b\u00e1lv\u00e1nyozott f\u00fcrd\u0151szakember zseni, Kovacsics Imre \u00farnak is esz\u00e9be jutott m\u00e1r, hogy ki kellene l\u00e9pni a \u201eCsipker\u00f3zsikai\u201d \u00e1lomb\u00f3l, \u00e9s tenni kellene valamit a siker \u00e9rdek\u00e9ben.<br>Mell\u00e9kesen megjegyezn\u00e9m: Kovacsics \u00far zsenialit\u00e1s\u00e1nak k\u00f6sz\u00f6nhet\u0151en eddig t\u00f6bb mint sz\u00e1zmilli\u00f3, azaz \u00f6sszeg, amit r\u00e1fizetett a v\u00e1ros azoknak az \u00f6tleteknek a megval\u00f3s\u00edt\u00e1s\u00e1val, melyek mind kudarcba fulladtak. Lev\u00e9lben tiltakoztunk ezek ellen, de hi\u00e1ba! V\u00e9g\u00fcl nek\u00fcnk a laikusoknak lett igazunk! (Bel\u00e9ptet\u0151k, ker\u00edt\u00e9s stb.)<br>Am\u00edg Kovacsics \u00far, \u00e9s a jelenlegi vezet\u00e9s keresi a kiutat, nincs kil\u00e1t\u00e1s ebb\u0151l a k\u00e1ty\u00fab\u00f3l val\u00f3 kikecmerked\u00e9sre. \u201eNem sz\u00e1nd\u00e9kozom azt a bizonyos halat emlegetni!\u201d<br>Mindent sokszor le\u00edrtam e helyzettel kapcsolatosan f\u00fcrd\u0151vend\u00e9gek \u00e9s a mak\u00f3i emberek \u00e9szrev\u00e9teleinek nev\u00e9ben, \u00e9s v\u00e1laszra sem m\u00e9ltattak benn\u00fcnket.<\/p>\n\n\n\n<p class=\"wp-block-paragraph\">Ennek ellen\u00e9re \u00fajabb javaslataimmal \u00e1lln\u00e9k el\u0151, (Ez kiz\u00e1r\u00f3lag az \u00e9n agyamban sz\u00fcletett meg a f\u00fcrd\u0151 \u00e9rdek\u00e9ben) mely lehet, hogy felesleges id\u0151pocs\u00e9kol\u00e1s r\u00e9szemr\u0151l.<br>Mak\u00f3t\u00f3l a Kiszombori hat\u00e1r\u00e1tkel\u0151ig nincs semmif\u00e9le buszj\u00e1rat. Ez adta az \u00f6tletet, melyet a R\u00e1cz M\u00f3nik\u00e1nak a f\u00fcrd\u0151 \u00c1ltal\u00e1nos Igazgat\u00f3j\u00e1nak elmondtam. T\u00e9li h\u00f3napokban Mak\u00f3 \u2013 Temesv\u00e1r \u00fatvonalon d\u00e9lel\u0151tt k\u00e9t j\u00e1ratot, d\u00e9lut\u00e1n vissza k\u00e9t j\u00e1ratot kellene ind\u00edtani \u201eF\u00fcrd\u0151busz\u201d jelz\u00e9ssel.<br>Ezen az \u00fatvonalon bizony\u00e1ra sokan elj\u00f6nn\u00e9nek a Hagymatikumba az olyan vend\u00e9gek, akiknek nincs aut\u00f3juk. A f\u0151szezonban ezt mindennaposs\u00e1 lehetne tenni.<br>M\u00f3nika elfelejtette mondani: \u201eMajd dolgoznak rajta\u201d, de minden bizonnyal megeml\u00edti a nagy rutinnal rendelkez\u0151 f\u0151n\u00f6k\u00e9nek.<\/p>\n\n\n\n<p class=\"wp-block-paragraph\">A GIVAUDAN megnyit\u00e1sa adta az \u00fajabb elk\u00e9pzel\u00e9sem: Minden dolgoz\u00f3nak kellene adni ingyen, \u00f6t alkalomra sz\u00f3l\u00f3, eg\u00e9sz \u00e9vben bev\u00e1lthat\u00f3 bel\u00e9p\u0151t a f\u00fcrd\u0151be, \u00e9s ezt m\u00e1s nagyobb \u00fczemekben, gy\u00e1rakba is be lehetne vezetni egy-egy \u00fcnnep\u00e9lye alkalom idej\u00e9n.<br>Az iskol\u00e1kban f\u00e9l\u00e9vkor, \u00e9s \u00e9vv\u00e9g\u00e9n kit\u0171n\u0151 tanul\u00f3knak is lehetne ilyen meglepet\u00e9st okozni, mintegy \u00f6szt\u00f6nz\u0151 jutalomk\u00e9nt. Akik elj\u00f6nn\u00e9nek, bizony\u00e1ra nem egyed\u00fcl \u00e9rkezn\u00e9nek, ami m\u00e1r bev\u00e9tel volna.<\/p>\n\n\n\n<p class=\"wp-block-paragraph\">K\u00e9ptelen \u00f6tleteim al\u00e1t\u00e1maszt\u00e1sak\u00e9nt felhozn\u00e1m:<\/p>\n\n\n\n<p class=\"wp-block-paragraph\">A f\u00fcrd\u0151 eg\u00e9sz t\u00e9len pang az \u00fcress\u00e9gt\u0151l, \u00e9s rossz n\u00e9zni, hogy Kovacsics \u00far zsenialit\u00e1s\u00e1t, valamilyen okb\u00f3l kifoly\u00f3lag nem akarja Mak\u00f3n kamatoztatni.<\/p>\n\n\n\n<p class=\"wp-block-paragraph\">M\u00e1sik \u00e9rvem: Aki, vagy akik egyszer elj\u00f6nnek e csod\u00e1latos l\u00e9tes\u00edtm\u00e9nybe, azok, ha nem is rendszeresen, de alkalmank\u00e9nt biztos vagyok benne, hogy \u00fajb\u00f3l tisztelet\u00fcket tenn\u00e9k ott, de az is elk\u00e9pzelhet\u0151, hogy t\u00f6bben b\u00e9rletes f\u00fcrd\u0151z\u0151k\u00e9 v\u00e1ln\u00e1nak.<\/p>\n\n\n\n<p class=\"wp-block-paragraph\">Harmadik \u00e9rvem: \u00d6tlet a zsid\u00f3 keresked\u0151k\u00e9, olcs\u00f3bb\u00e1, mindenki \u00e1ltal el\u00e9rhet\u0151v\u00e9 kellene tenni a bel\u00e9p\u0151ket, \u00e9s nem emelni kellene az \u00e1rakat, hanem cs\u00f6kkenteni a bev\u00e9tel n\u00f6veked\u00e9se \u00e9rdek\u00e9ben, hogy ne a r\u00e1fizet\u00e9sb\u0151l kelljen fenntartani a F\u00fcrd\u0151k- F\u00fcrd\u0151j\u00e9t!<\/p>\n\n\n\n<p class=\"wp-block-paragraph\">Negyedik \u00e9rvem: Mi b\u00e9rletesek, mint egy megsz\u00e1llottak naponta ott vagyunk, \u00e9s az egyik szem\u00fcnk s\u00edr, mivel l\u00e1tjuk a pang\u00e1st, a szolg\u00e1ltat\u00e1s cs\u00f6kkent\u00e9s\u00e9t, \u00e9s a vezet\u0151k tehetetlens\u00e9g\u00e9t. A m\u00e1sik szem\u00fcnk nevet, mivel naponta megcsod\u00e1lhatjuk Eur\u00f3pa egyik legszebb f\u00fcrd\u0151j\u00e9t, a makoveczi \u00e1lmot, a Hagymatikumot.<\/p>\n\n\n\n<p class=\"wp-block-paragraph\">Tisztelt Polg\u00e1rmester \u00dar!<\/p>\n\n\n\n<p class=\"wp-block-paragraph\">\u00d6nnek \u00e9s nek\u00fcnk egyszer\u0171 f\u00f6ldi haland\u00f3knak (b\u00e9rleteseknek) nem egyforma az \u00e9rdek\u00fcnk.<br>\u00d6n\u00e9: V\u00e1ljon F\u00fcrd\u0151v\u00e1ross\u00e1 Mak\u00f3, j\u00f3l men\u0151 f\u00fcrd\u0151 legyen a Hagymatikum, mely nem vesztes\u00e9get, hanem nyeres\u00e9get termel, valamint a munkalehet\u0151s\u00e9g n\u00f6vel\u00e9se.<br>A nyeres\u00e9get nem olyan form\u00e1ban kellene megc\u00e9lozni, mint ahogyan az elm\u00falt b\u00e9rletv\u00e1lt\u00e1skor tett\u00e9k, \u00e9s az \u00edg\u00e9ret ellen\u00e9re dupl\u00e1j\u00e1ra emelt\u00e9k a b\u00e9rleti d\u00edjakat.<br>\u00d6n is vett b\u00e9rletet, de k\u00e9rem, sz\u00edveskedj\u00e9k \u00f6sszehasonl\u00edtani a j\u00f6vedelm\u00e9t azok\u00e9val a sok nyugd\u00edjasok\u00e9val, akik 40-50ezer forintb\u00f3l tengetik \u00e9let\u00fcket, \u00e9s ebb\u0151l k\u00e9nyszer\u00fcltek \u00f6sszesp\u00f3rolni a b\u00e9rletek \u00e1r\u00e1t eg\u00e9szs\u00e9g\u00fck meg\u00f3v\u00e1sa \u00e9rdek\u00e9ben.<br>\u00d6n elj\u00f6n h\u00e1romszor a f\u00fcrd\u0151be egy \u00e9v alatt, mi minden nap ott vagyunk, \u00e9s sokak nem merik kinyilv\u00e1n\u00edtani v\u00e9lem\u00e9ny\u00fcket a f\u00fcrd\u0151 vissz\u00e1s\u00e1gait l\u00e1tv\u00e1n, \u00d6n pedig nem l\u00e1thatja azokat.<\/p>\n\n\n\n<p class=\"wp-block-paragraph\">K\u00e9rdezn\u00e9m, \u201eMire v\u00e1r a f\u00fcrd\u0151 vezet\u00e9se, hiszen M\u00e1ria Ter\u00e9zia megmondta: ,,Etetni kell a juhokat, ha ny\u00edrni akarjuk\u201d (Nem csak v\u00e1rni, hanem ny\u00fajtani is kell, \u00edgy lenne eg\u00e1l)<\/p>\n\n\n\n<p class=\"wp-block-paragraph\">V\u00e9lem\u00e9nyeimet, javaslataimat le\u00edrtam annak \u00e9rdek\u00e9ben: \u201eSzeretn\u00e9m f\u00fcrd\u0151t\u00e1rsaimmal egyetemben el\u00e9rni azt, hogy a Hagymatikumr\u00f3l fels\u0151fokon kommunik\u00e1lhassunk, a k\u00fclf\u00f6ldiek \u00e9lm\u00e9nyekben gazdagodva t\u00e1vozzanak, \u00e9s a kicsi Mak\u00f3 a hagyma ut\u00e1n ism\u00e9t kuri\u00f3zummal k\u00e1pr\u00e1ztassa el a vil\u00e1got a nem hozz\u00e1 m\u00e9lt\u00f3 n\u00e9vvel a Hagymatikummal.<br>Ehhez viszont olyan mak\u00f3i vezet\u00e9s kell, akik egy\u00fctt \u00e9lnek, l\u00e9legeznek, ha kell egy\u00fctt s\u00edrnak \u00e9s nevetnek a sikereken, illetve kudarcon!<\/p>\n\n\n\n<p class=\"wp-block-paragraph\">Mak\u00f3, 2012-10-05<\/p>\n","protected":false},"excerpt":{"rendered":"<p>TISZTELT POLG\u00c1RMESTER \u00daR! Minden j\u00f3\u00e9rz\u00e9s\u0171 mak\u00f3inak, \u00edgy nekem is \u00f6r\u00f6m, amikor a v\u00e1ros fejl\u0151d\u00e9s\u00e9r\u0151l hallhat\u00f3k pozit\u00edv h\u00edrek.Ilyen volt a tegnap \u00e1tadott GIVAUDAN gy\u00e1r avat\u00f3besz\u00e9deinek elhangz\u00e1sa a mak\u00f3i TV ad\u00e1s\u00e1ban.M\u00edg ezeket az \u00fcnnepi sz\u00f3noklatokat hallgattam, eszembe jutott, hogy Mak\u00f3n valamikor k\u00f6zel hatezer zsid\u00f3 \u00e9lt. Abban az id\u0151ben kev\u00e9s volt a v\u00e1ros \u00e9s a j\u00e1r\u00e1s hagymaterm\u00e9se, mivel &#8230; <a title=\"TISZTELT POLG\u00c1RMESTER \u00daR!\" class=\"read-more\" href=\"https:\/\/bozsogiattila.hu\/?p=832\" aria-label=\"Tov\u00e1bbiak TISZTELT POLG\u00c1RMESTER \u00daR!\">Olvass tov\u00e1bb<\/a><\/p>\n","protected":false},"author":3,"featured_media":0,"comment_status":"closed","ping_status":"open","sticky":false,"template":"","format":"standard","meta":{"footnotes":""},"categories":[300],"tags":[71,311,12,310],"class_list":["post-832","post","type-post","status-publish","format-standard","hentry","category-esszek-ujsagcikkek-tanulmanyok-kritikak","tag-71","tag-buzas-peter","tag-mako","tag-polgarmester"],"yoast_head":"<!-- This site is optimized with the Yoast SEO plugin v21.8 - https:\/\/yoast.com\/wordpress\/plugins\/seo\/ -->\n<title>TISZTELT POLG\u00c1RMESTER \u00daR! - Bozsogi Attila<\/title>\n<meta name=\"robots\" content=\"index, follow, max-snippet:-1, max-image-preview:large, max-video-preview:-1\" \/>\n<link rel=\"canonical\" href=\"https:\/\/bozsogiattila.hu\/?p=832\" \/>\n<meta property=\"og:locale\" content=\"hu_HU\" \/>\n<meta property=\"og:type\" content=\"article\" \/>\n<meta property=\"og:title\" content=\"TISZTELT POLG\u00c1RMESTER \u00daR! - Bozsogi Attila\" \/>\n<meta property=\"og:description\" content=\"TISZTELT POLG\u00c1RMESTER \u00daR! Minden j\u00f3\u00e9rz\u00e9s\u0171 mak\u00f3inak, \u00edgy nekem is \u00f6r\u00f6m, amikor a v\u00e1ros fejl\u0151d\u00e9s\u00e9r\u0151l hallhat\u00f3k pozit\u00edv h\u00edrek.Ilyen volt a tegnap \u00e1tadott GIVAUDAN gy\u00e1r avat\u00f3besz\u00e9deinek elhangz\u00e1sa a mak\u00f3i TV ad\u00e1s\u00e1ban.M\u00edg ezeket az \u00fcnnepi sz\u00f3noklatokat hallgattam, eszembe jutott, hogy Mak\u00f3n valamikor k\u00f6zel hatezer zsid\u00f3 \u00e9lt. Abban az id\u0151ben kev\u00e9s volt a v\u00e1ros \u00e9s a j\u00e1r\u00e1s hagymaterm\u00e9se, mivel ... Olvass tov\u00e1bb\" \/>\n<meta property=\"og:url\" content=\"https:\/\/bozsogiattila.hu\/?p=832\" \/>\n<meta property=\"og:site_name\" content=\"Bozsogi Attila\" \/>\n<meta property=\"article:published_time\" content=\"2012-10-05T14:19:00+00:00\" \/>\n<meta property=\"article:modified_time\" content=\"2024-01-07T14:23:08+00:00\" \/>\n<meta name=\"author\" content=\"Bozsogi Attila\" \/>\n<meta name=\"twitter:card\" content=\"summary_large_image\" \/>\n<meta name=\"twitter:label1\" content=\"Szerz\u0151:\" \/>\n\t<meta name=\"twitter:data1\" content=\"Bozsogi Attila\" \/>\n\t<meta name=\"twitter:label2\" content=\"Becs\u00fclt olvas\u00e1si id\u0151\" \/>\n\t<meta name=\"twitter:data2\" content=\"6 perc\" \/>\n<script type=\"application\/ld+json\" class=\"yoast-schema-graph\">{\"@context\":\"https:\/\/schema.org\",\"@graph\":[{\"@type\":\"WebPage\",\"@id\":\"https:\/\/bozsogiattila.hu\/?p=832\",\"url\":\"https:\/\/bozsogiattila.hu\/?p=832\",\"name\":\"TISZTELT POLG\u00c1RMESTER \u00daR! - Bozsogi Attila\",\"isPartOf\":{\"@id\":\"https:\/\/bozsogiattila.hu\/#website\"},\"datePublished\":\"2012-10-05T14:19:00+00:00\",\"dateModified\":\"2024-01-07T14:23:08+00:00\",\"author\":{\"@id\":\"https:\/\/bozsogiattila.hu\/#\/schema\/person\/488c99f554a8c4039201260dd5eb795e\"},\"breadcrumb\":{\"@id\":\"https:\/\/bozsogiattila.hu\/?p=832#breadcrumb\"},\"inLanguage\":\"hu\",\"potentialAction\":[{\"@type\":\"ReadAction\",\"target\":[\"https:\/\/bozsogiattila.hu\/?p=832\"]}]},{\"@type\":\"BreadcrumbList\",\"@id\":\"https:\/\/bozsogiattila.hu\/?p=832#breadcrumb\",\"itemListElement\":[{\"@type\":\"ListItem\",\"position\":1,\"name\":\"Kezd\u0151lap\",\"item\":\"https:\/\/bozsogiattila.hu\/\"},{\"@type\":\"ListItem\",\"position\":2,\"name\":\"TISZTELT POLG\u00c1RMESTER \u00daR!\"}]},{\"@type\":\"WebSite\",\"@id\":\"https:\/\/bozsogiattila.hu\/#website\",\"url\":\"https:\/\/bozsogiattila.hu\/\",\"name\":\"Bozsogi Attila\",\"description\":\"a zen\u00e9sz, \u00edr\u00f3 munk\u00e1ss\u00e1g\u00e1nak \u00e9s a mak\u00f3i muzsikusok eml\u00e9k\u00e9t \u0151rz\u0151 oldal\",\"potentialAction\":[{\"@type\":\"SearchAction\",\"target\":{\"@type\":\"EntryPoint\",\"urlTemplate\":\"https:\/\/bozsogiattila.hu\/?s={search_term_string}\"},\"query-input\":\"required name=search_term_string\"}],\"inLanguage\":\"hu\"},{\"@type\":\"Person\",\"@id\":\"https:\/\/bozsogiattila.hu\/#\/schema\/person\/488c99f554a8c4039201260dd5eb795e\",\"name\":\"Bozsogi Attila\",\"image\":{\"@type\":\"ImageObject\",\"inLanguage\":\"hu\",\"@id\":\"https:\/\/bozsogiattila.hu\/#\/schema\/person\/image\/\",\"url\":\"https:\/\/secure.gravatar.com\/avatar\/7da6b5985e34ed798d1670c54ce7d20e6a53b800bb0c07945c64b09392f3dbfd?s=96&d=mm&r=g\",\"contentUrl\":\"https:\/\/secure.gravatar.com\/avatar\/7da6b5985e34ed798d1670c54ce7d20e6a53b800bb0c07945c64b09392f3dbfd?s=96&d=mm&r=g\",\"caption\":\"Bozsogi Attila\"},\"sameAs\":[\"http:\/\/www.boszogiattila.hu\"],\"url\":\"https:\/\/bozsogiattila.hu\/?author=3\"}]}<\/script>\n<!-- \/ Yoast SEO plugin. -->","yoast_head_json":{"title":"TISZTELT POLG\u00c1RMESTER \u00daR! - Bozsogi Attila","robots":{"index":"index","follow":"follow","max-snippet":"max-snippet:-1","max-image-preview":"max-image-preview:large","max-video-preview":"max-video-preview:-1"},"canonical":"https:\/\/bozsogiattila.hu\/?p=832","og_locale":"hu_HU","og_type":"article","og_title":"TISZTELT POLG\u00c1RMESTER \u00daR! - Bozsogi Attila","og_description":"TISZTELT POLG\u00c1RMESTER \u00daR! Minden j\u00f3\u00e9rz\u00e9s\u0171 mak\u00f3inak, \u00edgy nekem is \u00f6r\u00f6m, amikor a v\u00e1ros fejl\u0151d\u00e9s\u00e9r\u0151l hallhat\u00f3k pozit\u00edv h\u00edrek.Ilyen volt a tegnap \u00e1tadott GIVAUDAN gy\u00e1r avat\u00f3besz\u00e9deinek elhangz\u00e1sa a mak\u00f3i TV ad\u00e1s\u00e1ban.M\u00edg ezeket az \u00fcnnepi sz\u00f3noklatokat hallgattam, eszembe jutott, hogy Mak\u00f3n valamikor k\u00f6zel hatezer zsid\u00f3 \u00e9lt. Abban az id\u0151ben kev\u00e9s volt a v\u00e1ros \u00e9s a j\u00e1r\u00e1s hagymaterm\u00e9se, mivel ... Olvass tov\u00e1bb","og_url":"https:\/\/bozsogiattila.hu\/?p=832","og_site_name":"Bozsogi Attila","article_published_time":"2012-10-05T14:19:00+00:00","article_modified_time":"2024-01-07T14:23:08+00:00","author":"Bozsogi Attila","twitter_card":"summary_large_image","twitter_misc":{"Szerz\u0151:":"Bozsogi Attila","Becs\u00fclt olvas\u00e1si id\u0151":"6 perc"},"schema":{"@context":"https:\/\/schema.org","@graph":[{"@type":"WebPage","@id":"https:\/\/bozsogiattila.hu\/?p=832","url":"https:\/\/bozsogiattila.hu\/?p=832","name":"TISZTELT POLG\u00c1RMESTER \u00daR! - Bozsogi Attila","isPartOf":{"@id":"https:\/\/bozsogiattila.hu\/#website"},"datePublished":"2012-10-05T14:19:00+00:00","dateModified":"2024-01-07T14:23:08+00:00","author":{"@id":"https:\/\/bozsogiattila.hu\/#\/schema\/person\/488c99f554a8c4039201260dd5eb795e"},"breadcrumb":{"@id":"https:\/\/bozsogiattila.hu\/?p=832#breadcrumb"},"inLanguage":"hu","potentialAction":[{"@type":"ReadAction","target":["https:\/\/bozsogiattila.hu\/?p=832"]}]},{"@type":"BreadcrumbList","@id":"https:\/\/bozsogiattila.hu\/?p=832#breadcrumb","itemListElement":[{"@type":"ListItem","position":1,"name":"Kezd\u0151lap","item":"https:\/\/bozsogiattila.hu\/"},{"@type":"ListItem","position":2,"name":"TISZTELT POLG\u00c1RMESTER \u00daR!"}]},{"@type":"WebSite","@id":"https:\/\/bozsogiattila.hu\/#website","url":"https:\/\/bozsogiattila.hu\/","name":"Bozsogi Attila","description":"a zen\u00e9sz, \u00edr\u00f3 munk\u00e1ss\u00e1g\u00e1nak \u00e9s a mak\u00f3i muzsikusok eml\u00e9k\u00e9t \u0151rz\u0151 oldal","potentialAction":[{"@type":"SearchAction","target":{"@type":"EntryPoint","urlTemplate":"https:\/\/bozsogiattila.hu\/?s={search_term_string}"},"query-input":"required name=search_term_string"}],"inLanguage":"hu"},{"@type":"Person","@id":"https:\/\/bozsogiattila.hu\/#\/schema\/person\/488c99f554a8c4039201260dd5eb795e","name":"Bozsogi Attila","image":{"@type":"ImageObject","inLanguage":"hu","@id":"https:\/\/bozsogiattila.hu\/#\/schema\/person\/image\/","url":"https:\/\/secure.gravatar.com\/avatar\/7da6b5985e34ed798d1670c54ce7d20e6a53b800bb0c07945c64b09392f3dbfd?s=96&d=mm&r=g","contentUrl":"https:\/\/secure.gravatar.com\/avatar\/7da6b5985e34ed798d1670c54ce7d20e6a53b800bb0c07945c64b09392f3dbfd?s=96&d=mm&r=g","caption":"Bozsogi Attila"},"sameAs":["http:\/\/www.boszogiattila.hu"],"url":"https:\/\/bozsogiattila.hu\/?author=3"}]}},"jetpack_featured_media_url":"","_links":{"self":[{"href":"https:\/\/bozsogiattila.hu\/index.php?rest_route=\/wp\/v2\/posts\/832","targetHints":{"allow":["GET"]}}],"collection":[{"href":"https:\/\/bozsogiattila.hu\/index.php?rest_route=\/wp\/v2\/posts"}],"about":[{"href":"https:\/\/bozsogiattila.hu\/index.php?rest_route=\/wp\/v2\/types\/post"}],"author":[{"embeddable":true,"href":"https:\/\/bozsogiattila.hu\/index.php?rest_route=\/wp\/v2\/users\/3"}],"replies":[{"embeddable":true,"href":"https:\/\/bozsogiattila.hu\/index.php?rest_route=%2Fwp%2Fv2%2Fcomments&post=832"}],"version-history":[{"count":1,"href":"https:\/\/bozsogiattila.hu\/index.php?rest_route=\/wp\/v2\/posts\/832\/revisions"}],"predecessor-version":[{"id":833,"href":"https:\/\/bozsogiattila.hu\/index.php?rest_route=\/wp\/v2\/posts\/832\/revisions\/833"}],"wp:attachment":[{"href":"https:\/\/bozsogiattila.hu\/index.php?rest_route=%2Fwp%2Fv2%2Fmedia&parent=832"}],"wp:term":[{"taxonomy":"category","embeddable":true,"href":"https:\/\/bozsogiattila.hu\/index.php?rest_route=%2Fwp%2Fv2%2Fcategories&post=832"},{"taxonomy":"post_tag","embeddable":true,"href":"https:\/\/bozsogiattila.hu\/index.php?rest_route=%2Fwp%2Fv2%2Ftags&post=832"}],"curies":[{"name":"wp","href":"https:\/\/api.w.org\/{rel}","templated":true}]}}