{"id":834,"date":"2012-10-07T14:23:00","date_gmt":"2012-10-07T14:23:00","guid":{"rendered":"https:\/\/bozsogiattila.hu\/?p=834"},"modified":"2024-01-07T14:24:26","modified_gmt":"2024-01-07T14:24:26","slug":"facebook-mi-jar-a-fejedben","status":"publish","type":"post","link":"https:\/\/bozsogiattila.hu\/?p=834","title":{"rendered":"FACEBOOK: MI J\u00c1R A FEJEDBEN?"},"content":{"rendered":"\n<p class=\"wp-block-paragraph\">FACEBOOK: MI J\u00c1R A FEJEDBEN?<\/p>\n\n\n\n<p class=\"wp-block-paragraph\">A nyomdai munk\u00e1latok elh\u00faz\u00f3d\u00e1s\u00e1nak k\u00f6sz\u00f6nhet\u0151en, ut\u00f3lag siker\u00fclt a f\u00fcrd\u0151sorozatom utols\u00f3 h\u00e1rom \u00edr\u00e1s\u00e1t beiktatni k\u00f6nyvembe, melynek k\u00f6vetkezt\u00e9ben megismerkedhetnek az olvas\u00f3k az id\u0151szer\u0171 vezet\u0151v\u00e1lt\u00e1s bek\u00f6vetkezt\u00e9vel!<\/p>\n\n\n\n<p class=\"wp-block-paragraph\">Az ut\u00f3bbi id\u0151ben egyre gyakrabban gondolkozom azon a h\u00e9t\u00e9vtizeden, amit sajnos m\u00e1r magam m\u00f6g\u00f6tt hagytam. Meg lehet\u0151sen sz\u00e9les l\u00e1t\u00f3k\u00f6r\u0171 ember l\u00e9v\u00e9n koromat meghazudtol\u00f3an nagy \u00e9rdekl\u0151d\u00e9ssel vonz\u00f3dom a technikai v\u00edvm\u00e1nyok ir\u00e1nt.<br>Ennek k\u00f6sz\u00f6nhet\u0151en naponta bekapcsolom kedvenc sz\u00e1m\u00edt\u00f3g\u00e9pem, \u00e9s igyekszem naprak\u00e9sz lenni a vil\u00e1g foly\u00e1s\u00e1nak sors\u00e1r\u00f3l. \u00cdgy t\u00f6rt\u00e9nt ez ma is, mikor megnyitottam a Facebook oldalt, \u00e9s szemembe t\u0171nt: Mi j\u00e1r a fejedben?<br>Agyam p\u00e1r villan\u00e1sa ut\u00e1n k\u00e9sz volt a v\u00e1lasz, melyet mindenki sz\u00e1m\u00e1ra el\u00e9rhet\u0151v\u00e9 teszek.<\/p>\n\n\n\n<p class=\"wp-block-paragraph\">Hazafel\u00e9 menet a f\u0151t\u00e9ri boltok el\u0151tt vezetett el utam, melyek \u00edzl\u00e9sesen dekor\u00e1lt k\u00e9pet ny\u00fajtanak az arra j\u00e1r\u00f3knak, \u00e9s mint egy m\u00e1gnes \u00fagy vonzz\u00e1k a szemeket a felk\u00edn\u00e1lt port\u00e9k\u00e1k.<br>Nekem most nem kirakatok l\u00e1tv\u00e1nya keltette fel \u00e9rdekl\u0151d\u00e9sem, hanem a keresked\u0151k\u00e9, akik minden fondorlatot bevetnek annak \u00e9rdek\u00e9ben, hogy port\u00e9k\u00e1juk min\u00e9l el\u0151bb gazd\u00e1t cser\u00e9ljen.<br>A kereskedelem tal\u00e1n egyid\u0151s a vil\u00e1ggal, \u00e9s al\u00e1zatot, furfangot, \u00e9lesl\u00e1t\u00e1st, \u00fczleti fort\u00e9lyokat, \u00e9s m\u00e9g ki tudja, mi mindent rejt mag\u00e1ba.<br>Kereskedelem, egy sz\u00f3 csup\u00e1n mely az eg\u00e9sz vil\u00e1g l\u00e9tez\u00e9s\u00e9t jelenti, \u00e9s hi\u00e1nya katasztr\u00f3f\u00e1t id\u00e9zne el\u0151, e n\u00e9lk\u00fcl meghalna a l\u00e9t.<br>A kereskedelem alatt ne csak bolti, vend\u00e9gl\u00e1t\u00f3i, valamint m\u0171szaki dolgok forgalmaz\u00e1s\u00e1ra gondoljunk, hanem minden emberi megnyilv\u00e1nul\u00e1sra, mely a l\u00e9tfenntart\u00e1s\u00e1t jelenti.<\/p>\n\n\n\n<p class=\"wp-block-paragraph\">Mak\u00f3n \u00e9vek \u00f3ta a v\u00e1ros legnagyobb beruh\u00e1z\u00e1sa a Hagymatikum F\u00fcrd\u0151 a besz\u00e9lget\u00e9sek f\u0151 k\u00f6zpontja. Mindenki mondja a mag\u00e1\u00e9t: j\u00f3t, rosszat, okosat, but\u00e1t, ki-ki, t\u00e1j\u00e9kozotts\u00e1g\u00e1nak megfelel\u0151en.<br>Elm\u00falt a ny\u00e1r, \u00e9s a Hagymatikum mint \u00faj f\u00fcrd\u0151 forgalm\u00e1val, sz\u00ednvonal\u00e1val megnyerte az els\u0151 csat\u00e1t, \u00e9s rengeteg l\u00e1togat\u00f3 kellemes eml\u00e9kekkel t\u00e1vozott, akik minden bizonnyal az elk\u00f6vetkez\u0151kben is fel\u00fcd\u00fcl\u00e9st fognak keresni a F\u00fcrd\u0151k &#8211; F\u00fcrd\u0151j\u00e9ben.<br>L\u00e1tv\u00e1nya kolossz\u00e1lis, elk\u00e1pr\u00e1ztatja k\u00f6rnyezet\u00e9vel Mak\u00f3 b\u00fcszkes\u00e9ge az ide l\u00e1togat\u00f3t, \u00e9s el\u0151ker\u00fclnek a kamer\u00e1k, f\u00e9nyk\u00e9pez\u0151g\u00e9pek. Mindenki szeretn\u00e9 meg\u00f6r\u00f6k\u00edteni +Makovecz Imre Kossuth-d\u00edjas \u00e9p\u00edt\u00e9sz remekm\u0171v\u00e9t, a Hagymatikumot.<br>Igen, megnyerte az els\u0151 csat\u00e1t a f\u00fcrd\u0151, de a l\u00e1togatotts\u00e1g, bev\u00e9tel a f\u0151szezonban messze a v\u00e1rakoz\u00e1s alatt maradt, ami \u00e9rthet\u0151 is, mivel \u00faj l\u00e9tes\u00edtm\u00e9nyr\u0151l van sz\u00f3.<br>Jusson esz\u00fcnkbe a t\u00f6rt\u00e9nelem tr\u00f3jai h\u00e1bor\u00faja, ahol szint\u00e9n nem egy nap alatt nyert\u00e9k meg a csat\u00e1t, foglalt\u00e1k el Tr\u00f3j\u00e1t. Ehhez a gy\u0151zelemhez kellett a fondorlatosan kital\u00e1lt fal\u00f3.<br>El\u00e9rkezett az \u0151sz, mely a hossz\u00fa t\u00e9lbe torkollik, amikor pang\u00e1s jellemzi a csod\u00e1k-csod\u00e1j\u00e1t, ami \u00f3ri\u00e1si vesztes\u00e9get jelent, egy ilyen monument\u00e1lis l\u00e9tes\u00edtm\u00e9ny \u00e9let\u00e9ben.<br>A tervek melyek megel\u0151zt\u00e9k a f\u00fcrd\u0151 megnyit\u00e1s\u00e1t, szertefoszlottak, \u00e9s elsz\u00e1lltak, mint Hortob\u00e1gyon a furulyasz\u00f3.<\/p>\n\n\n\n<p class=\"wp-block-paragraph\">Naponta agg\u00f3d\u00f3 szemekkel figyelem az \u00e9letet a f\u00fcrd\u0151ben, \u00e9s mint oly sokan m\u00e1sok v\u00e1rom a csod\u00e1t, mely feloldja a tespedts\u00e9get, \u00e9s ben\u00e9pes\u00fclnek a medenc\u00e9k, gyermekkacajt\u00f3l lesz hangos a korai t\u00e9li \u00e1lomba vonult F\u00fcrd\u0151, \u00e9s a gondot der\u0171 v\u00e1ltja fel.<br>M\u00edg gondolataim a t\u00e1volban cik\u00e1ztak eszembe jutott Kovacsics Imre igazgat\u00f3 \u00far egy kor\u00e1bbi mond\u00e1sa, (\u201eEzut\u00e1n jobban odafigyelek a f\u00fcrd\u0151re) mely akkor is megnyugtatott, \u00e9s most is bizakod\u00f3v\u00e1 tesz.<br>Nem volt hi\u00e1baval\u00f3 a bizakod\u00e1som, mert egy \u00faj \u00e9s kolossz\u00e1lis \u00f6tlet hat\u00e1s\u00e1ra, kezdet\u00e9t vette a vend\u00e9gek l\u00e9tsz\u00e1m\u00e1nak gyarapod\u00e1sa f\u00fcrd\u0151nkben.<br>Mint laikus, soha nem l\u00e1ttam volna fant\u00e1zi\u00e1t abban, hogy \u00e9jszakai f\u00fcrd\u0151z\u00e9st szorgalmazzon valaki. A hozz\u00e1 nem \u00e9rt\u00e9semnek k\u00f6sz\u00f6nhet\u0151en ezt csak akkor tal\u00e1ltam volna j\u00f3 \u00f6tletnek, ha nappal zs\u00fafol\u00e1sig megtelik minden nap a f\u00fcrd\u0151, \u00e9s az \u00e9jszakai \u00fczemel\u00e9s pluszt jelentene.<br>Mivel nappal nagyon gy\u00e9r a l\u00e1togatotts\u00e1g, meglehet\u0151sen mer\u00e9sz elk\u00e9pzel\u00e9snek tartan\u00e1 minden nem szakember az \u00e9jszakai f\u00fcrd\u0151z\u00e9st.<br>Kovacsics \u00far zseni\u00e1lis \u00f6tlet\u00e9nek k\u00f6vetkezt\u00e9ben \u00e9jszaka (20 &#8211; 24 \u00f3r\u00e1ig) nagy \u00f6r\u00f6m\u00fcnkre n\u00f6vekszik a l\u00e1togatotts\u00e1g.<br>A korai \u00f6r\u00f6mben az \u00fcr\u00f6m csup\u00e1n annyi, hogy ezzel az \u00f6tlettel a f\u00fcrd\u0151 vezet\u0151i megteremtett\u00e9k saj\u00e1t ter\u00fclet\u00fck\u00f6n a konkurenci\u00e1t.<br>Annak ellen\u00e9re, hogy v\u00e1rosunk vezet\u0151i len\u00e9zt\u00e9k a mak\u00f3iak szellemi k\u00e9pess\u00e9g\u00e9t, \u00e9s nincs egyetlen mak\u00f3i sem a f\u00fcrd\u0151 vezet\u0151i k\u00f6z\u00f6tt, m\u00e9gis tudnak a v\u00e1ros lak\u00f3i sz\u00e1molni, \u00e9s gyorsan r\u00e1j\u00f6ttek, hogy 1000Ft-os \u00e9jszakai jeggyel jobban j\u00e1rnak, mintha d\u00e9lut\u00e1n 2400Ft-t fizetn\u00e9nek ugyan azon szolg\u00e1ltat\u00e1s\u00e9rt.<br>Ilyen a kereskedelem, amihez sajnos nem \u00e9rtek, csup\u00e1n j\u00f3zan eszemet pr\u00f3b\u00e1lom haszn\u00e1lni gondolkoz\u00e1s k\u00f6zben. J\u00f3, hogy nem jutok ilyen d\u00f6nt\u00e9sek k\u00f6zel\u00e9be sem, \u00edgy nem tudok senkit befoly\u00e1solni, hogy nappal engedjenek az \u00e1rakb\u00f3l, minek k\u00f6vetkezt\u00e9ben elk\u00e9pzelhet\u0151 a forgalom n\u00f6veked\u00e9se, \u00e9s nincs k\u00fcl\u00f6n \u00e9jszakai energiafogyaszt\u00e1s.<br>K\u00e9nytelen voltam r\u00e1j\u00f6nni, hogy okosan tettem, mikor eg\u00e9sz \u00e9letemben muzsik\u00e1ltam, \u00e9s nem pr\u00f3b\u00e1lkoztam soha a kereskedelem labirintus\u00e1ban kiigazodni.<br>Koromn\u00e1l fogva m\u00e1r nincs v\u00e1lt\u00e1si lehet\u0151s\u00e9gem, ez\u00e9rt f\u00e9lre\u00e1llok, \u00e9s az ilyen fondorlatos \u00fczleti fog\u00e1sok alkalmaz\u00e1s\u00e1t, meghagyom Kovacsics \u00farnak, \u00e9s a hozz\u00e1 hasonl\u00f3 szakembereknek.<\/p>\n\n\n\n<p class=\"wp-block-paragraph\">Facebook, Mi j\u00e1r a fejedben? K\u00e9rd\u00e9se m\u00e9g egy gondolatot sajtolt ki bel\u0151lem, ami val\u00f3sz\u00edn\u0171leg tudatlans\u00e1gomb\u00f3l fakad.<br>Lehet, hogy konzervat\u00edv vagyok, \u00e9s elfogadom azokat a r\u00e9gi felh\u00edv\u00e1sokat egy ilyen nagy volumen\u0171 beruh\u00e1z\u00e1skor: 5 \u2013 10 vagy 15 \u00e9ves szakmai gyakorlattal rendelkez\u0151 vezet\u0151ket keres\u00fcnk x munkak\u00f6r bet\u00f6lt\u00e9s\u00e9hez.<br>V\u00e1ltoznak az id\u0151k, m\u00e1sok a fels\u0151fok\u00fa int\u00e9zm\u00e9nyekben az oktat\u00e1sok, \u00edgy elk\u00e9pzelhet\u0151, hogy az iskolapadb\u00f3l is ki lehet nevezni igazgat\u00f3kat, vezet\u0151ket.<br>A Hagymatikumban ez \u00edgy t\u00f6rt\u00e9nt, biztosan ez \u00edgy a j\u00f3, hiszen megmondta Kovacsics \u00far:<br>\u201eEzut\u00e1n jobban odafigyel a dolgokra\u201d!<\/p>\n\n\n\n<p class=\"wp-block-paragraph\">Mak\u00f3, 2012-10-07<\/p>\n","protected":false},"excerpt":{"rendered":"<p>FACEBOOK: MI J\u00c1R A FEJEDBEN? A nyomdai munk\u00e1latok elh\u00faz\u00f3d\u00e1s\u00e1nak k\u00f6sz\u00f6nhet\u0151en, ut\u00f3lag siker\u00fclt a f\u00fcrd\u0151sorozatom utols\u00f3 h\u00e1rom \u00edr\u00e1s\u00e1t beiktatni k\u00f6nyvembe, melynek k\u00f6vetkezt\u00e9ben megismerkedhetnek az olvas\u00f3k az id\u0151szer\u0171 vezet\u0151v\u00e1lt\u00e1s bek\u00f6vetkezt\u00e9vel! Az ut\u00f3bbi id\u0151ben egyre gyakrabban gondolkozom azon a h\u00e9t\u00e9vtizeden, amit sajnos m\u00e1r magam m\u00f6g\u00f6tt hagytam. Meg lehet\u0151sen sz\u00e9les l\u00e1t\u00f3k\u00f6r\u0171 ember l\u00e9v\u00e9n koromat meghazudtol\u00f3an nagy \u00e9rdekl\u0151d\u00e9ssel vonz\u00f3dom a &#8230; <a title=\"FACEBOOK: MI J\u00c1R A FEJEDBEN?\" class=\"read-more\" href=\"https:\/\/bozsogiattila.hu\/?p=834\" aria-label=\"Tov\u00e1bbiak FACEBOOK: MI J\u00c1R A FEJEDBEN?\">Olvass tov\u00e1bb<\/a><\/p>\n","protected":false},"author":3,"featured_media":0,"comment_status":"closed","ping_status":"open","sticky":false,"template":"","format":"standard","meta":{"footnotes":""},"categories":[300],"tags":[71,155,308,12],"class_list":["post-834","post","type-post","status-publish","format-standard","hentry","category-esszek-ujsagcikkek-tanulmanyok-kritikak","tag-71","tag-furdo","tag-hagymatikum","tag-mako"],"yoast_head":"<!-- This site is optimized with the Yoast SEO plugin v21.8 - https:\/\/yoast.com\/wordpress\/plugins\/seo\/ -->\n<title>FACEBOOK: MI J\u00c1R A FEJEDBEN? - Bozsogi Attila<\/title>\n<meta name=\"robots\" content=\"index, follow, max-snippet:-1, max-image-preview:large, max-video-preview:-1\" \/>\n<link rel=\"canonical\" href=\"https:\/\/bozsogiattila.hu\/?p=834\" \/>\n<meta property=\"og:locale\" content=\"hu_HU\" \/>\n<meta property=\"og:type\" content=\"article\" \/>\n<meta property=\"og:title\" content=\"FACEBOOK: MI J\u00c1R A FEJEDBEN? - Bozsogi Attila\" \/>\n<meta property=\"og:description\" content=\"FACEBOOK: MI J\u00c1R A FEJEDBEN? A nyomdai munk\u00e1latok elh\u00faz\u00f3d\u00e1s\u00e1nak k\u00f6sz\u00f6nhet\u0151en, ut\u00f3lag siker\u00fclt a f\u00fcrd\u0151sorozatom utols\u00f3 h\u00e1rom \u00edr\u00e1s\u00e1t beiktatni k\u00f6nyvembe, melynek k\u00f6vetkezt\u00e9ben megismerkedhetnek az olvas\u00f3k az id\u0151szer\u0171 vezet\u0151v\u00e1lt\u00e1s bek\u00f6vetkezt\u00e9vel! Az ut\u00f3bbi id\u0151ben egyre gyakrabban gondolkozom azon a h\u00e9t\u00e9vtizeden, amit sajnos m\u00e1r magam m\u00f6g\u00f6tt hagytam. Meg lehet\u0151sen sz\u00e9les l\u00e1t\u00f3k\u00f6r\u0171 ember l\u00e9v\u00e9n koromat meghazudtol\u00f3an nagy \u00e9rdekl\u0151d\u00e9ssel vonz\u00f3dom a ... Olvass tov\u00e1bb\" \/>\n<meta property=\"og:url\" content=\"https:\/\/bozsogiattila.hu\/?p=834\" \/>\n<meta property=\"og:site_name\" content=\"Bozsogi Attila\" \/>\n<meta property=\"article:published_time\" content=\"2012-10-07T14:23:00+00:00\" \/>\n<meta property=\"article:modified_time\" content=\"2024-01-07T14:24:26+00:00\" \/>\n<meta name=\"author\" content=\"Bozsogi Attila\" \/>\n<meta name=\"twitter:card\" content=\"summary_large_image\" \/>\n<meta name=\"twitter:label1\" content=\"Szerz\u0151:\" \/>\n\t<meta name=\"twitter:data1\" content=\"Bozsogi Attila\" \/>\n\t<meta name=\"twitter:label2\" content=\"Becs\u00fclt olvas\u00e1si id\u0151\" \/>\n\t<meta name=\"twitter:data2\" content=\"6 perc\" \/>\n<script type=\"application\/ld+json\" class=\"yoast-schema-graph\">{\"@context\":\"https:\/\/schema.org\",\"@graph\":[{\"@type\":\"WebPage\",\"@id\":\"https:\/\/bozsogiattila.hu\/?p=834\",\"url\":\"https:\/\/bozsogiattila.hu\/?p=834\",\"name\":\"FACEBOOK: MI J\u00c1R A FEJEDBEN? - Bozsogi Attila\",\"isPartOf\":{\"@id\":\"https:\/\/bozsogiattila.hu\/#website\"},\"datePublished\":\"2012-10-07T14:23:00+00:00\",\"dateModified\":\"2024-01-07T14:24:26+00:00\",\"author\":{\"@id\":\"https:\/\/bozsogiattila.hu\/#\/schema\/person\/488c99f554a8c4039201260dd5eb795e\"},\"breadcrumb\":{\"@id\":\"https:\/\/bozsogiattila.hu\/?p=834#breadcrumb\"},\"inLanguage\":\"hu\",\"potentialAction\":[{\"@type\":\"ReadAction\",\"target\":[\"https:\/\/bozsogiattila.hu\/?p=834\"]}]},{\"@type\":\"BreadcrumbList\",\"@id\":\"https:\/\/bozsogiattila.hu\/?p=834#breadcrumb\",\"itemListElement\":[{\"@type\":\"ListItem\",\"position\":1,\"name\":\"Kezd\u0151lap\",\"item\":\"https:\/\/bozsogiattila.hu\/\"},{\"@type\":\"ListItem\",\"position\":2,\"name\":\"FACEBOOK: MI J\u00c1R A FEJEDBEN?\"}]},{\"@type\":\"WebSite\",\"@id\":\"https:\/\/bozsogiattila.hu\/#website\",\"url\":\"https:\/\/bozsogiattila.hu\/\",\"name\":\"Bozsogi Attila\",\"description\":\"a zen\u00e9sz, \u00edr\u00f3 munk\u00e1ss\u00e1g\u00e1nak \u00e9s a mak\u00f3i muzsikusok eml\u00e9k\u00e9t \u0151rz\u0151 oldal\",\"potentialAction\":[{\"@type\":\"SearchAction\",\"target\":{\"@type\":\"EntryPoint\",\"urlTemplate\":\"https:\/\/bozsogiattila.hu\/?s={search_term_string}\"},\"query-input\":\"required name=search_term_string\"}],\"inLanguage\":\"hu\"},{\"@type\":\"Person\",\"@id\":\"https:\/\/bozsogiattila.hu\/#\/schema\/person\/488c99f554a8c4039201260dd5eb795e\",\"name\":\"Bozsogi Attila\",\"image\":{\"@type\":\"ImageObject\",\"inLanguage\":\"hu\",\"@id\":\"https:\/\/bozsogiattila.hu\/#\/schema\/person\/image\/\",\"url\":\"https:\/\/secure.gravatar.com\/avatar\/7da6b5985e34ed798d1670c54ce7d20e6a53b800bb0c07945c64b09392f3dbfd?s=96&d=mm&r=g\",\"contentUrl\":\"https:\/\/secure.gravatar.com\/avatar\/7da6b5985e34ed798d1670c54ce7d20e6a53b800bb0c07945c64b09392f3dbfd?s=96&d=mm&r=g\",\"caption\":\"Bozsogi Attila\"},\"sameAs\":[\"http:\/\/www.boszogiattila.hu\"],\"url\":\"https:\/\/bozsogiattila.hu\/?author=3\"}]}<\/script>\n<!-- \/ Yoast SEO plugin. -->","yoast_head_json":{"title":"FACEBOOK: MI J\u00c1R A FEJEDBEN? - Bozsogi Attila","robots":{"index":"index","follow":"follow","max-snippet":"max-snippet:-1","max-image-preview":"max-image-preview:large","max-video-preview":"max-video-preview:-1"},"canonical":"https:\/\/bozsogiattila.hu\/?p=834","og_locale":"hu_HU","og_type":"article","og_title":"FACEBOOK: MI J\u00c1R A FEJEDBEN? - Bozsogi Attila","og_description":"FACEBOOK: MI J\u00c1R A FEJEDBEN? A nyomdai munk\u00e1latok elh\u00faz\u00f3d\u00e1s\u00e1nak k\u00f6sz\u00f6nhet\u0151en, ut\u00f3lag siker\u00fclt a f\u00fcrd\u0151sorozatom utols\u00f3 h\u00e1rom \u00edr\u00e1s\u00e1t beiktatni k\u00f6nyvembe, melynek k\u00f6vetkezt\u00e9ben megismerkedhetnek az olvas\u00f3k az id\u0151szer\u0171 vezet\u0151v\u00e1lt\u00e1s bek\u00f6vetkezt\u00e9vel! Az ut\u00f3bbi id\u0151ben egyre gyakrabban gondolkozom azon a h\u00e9t\u00e9vtizeden, amit sajnos m\u00e1r magam m\u00f6g\u00f6tt hagytam. Meg lehet\u0151sen sz\u00e9les l\u00e1t\u00f3k\u00f6r\u0171 ember l\u00e9v\u00e9n koromat meghazudtol\u00f3an nagy \u00e9rdekl\u0151d\u00e9ssel vonz\u00f3dom a ... Olvass tov\u00e1bb","og_url":"https:\/\/bozsogiattila.hu\/?p=834","og_site_name":"Bozsogi Attila","article_published_time":"2012-10-07T14:23:00+00:00","article_modified_time":"2024-01-07T14:24:26+00:00","author":"Bozsogi Attila","twitter_card":"summary_large_image","twitter_misc":{"Szerz\u0151:":"Bozsogi Attila","Becs\u00fclt olvas\u00e1si id\u0151":"6 perc"},"schema":{"@context":"https:\/\/schema.org","@graph":[{"@type":"WebPage","@id":"https:\/\/bozsogiattila.hu\/?p=834","url":"https:\/\/bozsogiattila.hu\/?p=834","name":"FACEBOOK: MI J\u00c1R A FEJEDBEN? - Bozsogi Attila","isPartOf":{"@id":"https:\/\/bozsogiattila.hu\/#website"},"datePublished":"2012-10-07T14:23:00+00:00","dateModified":"2024-01-07T14:24:26+00:00","author":{"@id":"https:\/\/bozsogiattila.hu\/#\/schema\/person\/488c99f554a8c4039201260dd5eb795e"},"breadcrumb":{"@id":"https:\/\/bozsogiattila.hu\/?p=834#breadcrumb"},"inLanguage":"hu","potentialAction":[{"@type":"ReadAction","target":["https:\/\/bozsogiattila.hu\/?p=834"]}]},{"@type":"BreadcrumbList","@id":"https:\/\/bozsogiattila.hu\/?p=834#breadcrumb","itemListElement":[{"@type":"ListItem","position":1,"name":"Kezd\u0151lap","item":"https:\/\/bozsogiattila.hu\/"},{"@type":"ListItem","position":2,"name":"FACEBOOK: MI J\u00c1R A FEJEDBEN?"}]},{"@type":"WebSite","@id":"https:\/\/bozsogiattila.hu\/#website","url":"https:\/\/bozsogiattila.hu\/","name":"Bozsogi Attila","description":"a zen\u00e9sz, \u00edr\u00f3 munk\u00e1ss\u00e1g\u00e1nak \u00e9s a mak\u00f3i muzsikusok eml\u00e9k\u00e9t \u0151rz\u0151 oldal","potentialAction":[{"@type":"SearchAction","target":{"@type":"EntryPoint","urlTemplate":"https:\/\/bozsogiattila.hu\/?s={search_term_string}"},"query-input":"required name=search_term_string"}],"inLanguage":"hu"},{"@type":"Person","@id":"https:\/\/bozsogiattila.hu\/#\/schema\/person\/488c99f554a8c4039201260dd5eb795e","name":"Bozsogi Attila","image":{"@type":"ImageObject","inLanguage":"hu","@id":"https:\/\/bozsogiattila.hu\/#\/schema\/person\/image\/","url":"https:\/\/secure.gravatar.com\/avatar\/7da6b5985e34ed798d1670c54ce7d20e6a53b800bb0c07945c64b09392f3dbfd?s=96&d=mm&r=g","contentUrl":"https:\/\/secure.gravatar.com\/avatar\/7da6b5985e34ed798d1670c54ce7d20e6a53b800bb0c07945c64b09392f3dbfd?s=96&d=mm&r=g","caption":"Bozsogi Attila"},"sameAs":["http:\/\/www.boszogiattila.hu"],"url":"https:\/\/bozsogiattila.hu\/?author=3"}]}},"jetpack_featured_media_url":"","_links":{"self":[{"href":"https:\/\/bozsogiattila.hu\/index.php?rest_route=\/wp\/v2\/posts\/834","targetHints":{"allow":["GET"]}}],"collection":[{"href":"https:\/\/bozsogiattila.hu\/index.php?rest_route=\/wp\/v2\/posts"}],"about":[{"href":"https:\/\/bozsogiattila.hu\/index.php?rest_route=\/wp\/v2\/types\/post"}],"author":[{"embeddable":true,"href":"https:\/\/bozsogiattila.hu\/index.php?rest_route=\/wp\/v2\/users\/3"}],"replies":[{"embeddable":true,"href":"https:\/\/bozsogiattila.hu\/index.php?rest_route=%2Fwp%2Fv2%2Fcomments&post=834"}],"version-history":[{"count":1,"href":"https:\/\/bozsogiattila.hu\/index.php?rest_route=\/wp\/v2\/posts\/834\/revisions"}],"predecessor-version":[{"id":835,"href":"https:\/\/bozsogiattila.hu\/index.php?rest_route=\/wp\/v2\/posts\/834\/revisions\/835"}],"wp:attachment":[{"href":"https:\/\/bozsogiattila.hu\/index.php?rest_route=%2Fwp%2Fv2%2Fmedia&parent=834"}],"wp:term":[{"taxonomy":"category","embeddable":true,"href":"https:\/\/bozsogiattila.hu\/index.php?rest_route=%2Fwp%2Fv2%2Fcategories&post=834"},{"taxonomy":"post_tag","embeddable":true,"href":"https:\/\/bozsogiattila.hu\/index.php?rest_route=%2Fwp%2Fv2%2Ftags&post=834"}],"curies":[{"name":"wp","href":"https:\/\/api.w.org\/{rel}","templated":true}]}}