{"id":837,"date":"2012-10-15T14:24:00","date_gmt":"2012-10-15T14:24:00","guid":{"rendered":"https:\/\/bozsogiattila.hu\/?p=837"},"modified":"2024-01-07T14:26:01","modified_gmt":"2024-01-07T14:26:01","slug":"hagymatikumoptimizmus-vagy-pesszimizmus","status":"publish","type":"post","link":"https:\/\/bozsogiattila.hu\/?p=837","title":{"rendered":"HAGYMATIKUMOPTIMIZMUS VAGY PESSZIMIZMUS"},"content":{"rendered":"\n<p class=\"wp-block-paragraph\">HAGYMATIKUM<br>OPTIMIZMUS VAGY PESSZIMIZMUS<\/p>\n\n\n\n<p class=\"wp-block-paragraph\">A mak\u00f3iak \u00e9let\u00e9ben a Hagymatikum F\u00fcrd\u0151 lett az ut\u00f3bbi id\u0151ben a legt\u00f6bbet vitatott t\u00e9ma.<br>M\u00e1r a kezdet is nagy port kavart fel: N\u00e9meth P\u00e1l 6000 al\u00e1\u00edr\u00e1st gy\u0171jt\u00f6tt \u00f6ssze annak \u00e9rdek\u00e9ben, hogy a v\u00e1ros ne kezdjen \u00faj f\u00fcrd\u0151 \u00e9p\u00edt\u00e9s\u00e9hez, hanem a r\u00e9git \u00faj\u00edts\u00e1k fel. Az al\u00e1\u00edr\u00f3knak az \u00e1ll\u00e1spontja \u00e9rtelm\u00e9ben a 24 ezer f\u0151s kisv\u00e1rosban nem engedhet\u0151 meg egy t\u00f6bb milli\u00e1rdos beruh\u00e1z\u00e1s, mely a v\u00e1ros elad\u00f3sod\u00e1s\u00e1hoz vezet.<br>Lelkes h\u00edve voltam az \u00faj beruh\u00e1z\u00e1snak, \u00e9s ma is naponta csod\u00e1lattal n\u00e9zem k\u00edv\u00fcl &#8211; bel\u00fcl a Hagymatikumot, mik\u00f6zben eszembe jutott a r\u00e9gi t\u00f6rt\u00e9net: \u201eEgy kisfi\u00fa kar\u00e1csonyra egy p\u00f3nilovat k\u00e9rt a J\u00e9zusk\u00e1t\u00f3l. Elj\u00f6tt a kar\u00e1csony, \u00e9s a fa alatt ott \u00e1llt egy hintal\u00f3 aj\u00e1nd\u00e9kk\u00e9nt. A kisfi\u00fa mikor megl\u00e1tta zokogva borult \u00e9desapja v\u00e1ll\u00e1ra, \u00e9s els\u00edrta, &#8211; \u00e9desap\u00e1m \u00e9n nem ilyen lovat akartam\u201d.<br>A ny\u00e1ri szezon ut\u00e1n, mikor minden nap elmegyek a f\u00fcrd\u0151be, \u00e9s itt-ott l\u00e9zeng\u0151 f\u00fcrd\u0151z\u0151ket l\u00e1tok csup\u00e1n, felvet\u0151dik bennem is a gondolat:<br>\u201eMi ilyen lovat akartunk?\u201d<br>2012-10-14-\u00e9n \u00f6sszetal\u00e1lkoztam a f\u00fcrd\u0151ben egy neves m\u0171v\u00e9sszel, szem\u00e9lyes ismer\u0151s\u00f6mmel, aki a R\u00e1di\u00f3, \u00e9s TV \u00e1lland\u00f3 \u00e9nekese, akit munk\u00e1ss\u00e1g\u00e1nak elismer\u00e9sek\u00e9nt \u201eVit\u00e9zi\u201d c\u00edmmel t\u00fcntettek ki. Egy alf\u00f6ldi kir\u00e1ndul\u00e1son vettek r\u00e9szt, Gyul\u00e1r\u00f3l \u00e9rkeztek Mak\u00f3ra, ahogy mondta &#8211; e gy\u00f6ny\u00f6r\u0171 kisv\u00e1rosba.<br>A medenc\u00e9ben tal\u00e1lkoztunk, \u00e9s miut\u00e1n k\u00f6sz\u00f6nt\u00f6tt\u00fck egym\u00e1st \u00e9s r\u00f6vid besz\u00e9lget\u00e9s\u00fcnk v\u00e9g\u00e9hez \u00e9rt\u00fcnk a fej\u00e9n l\u00e9v\u0151 k\u00e9k \u00fasz\u00f3sapk\u00e1j\u00e1ra mutatott, \u00e9s megk\u00e9rdezte, merre van az \u00fasz\u00f3medence? \u00datbaigaz\u00edtottam, \u00e9s elmondtam a szabadt\u00e9ri 33 m\u00e9teres medenc\u00e9ben 110cm &#8211; es medenc\u00e9ben szokt\u00e1k k\u00ednozni magukat az \u00faszni v\u00e1gy\u00f3k. (10. 16-t\u00f3l m\u00e1r ez a medence sem fog \u00fczemelni)<br>M\u00e1sodik k\u00e9rd\u00e9se: (Vas\u00e1rnap d\u00e9lben) hol van a k\u00f6z\u00f6ns\u00e9g? Sajnos ennek a hi\u00e1ny\u00e1t\u00f3l szenved a f\u00fcrd\u0151.<br>Harmadik k\u00e9rd\u00e9se: hogyan tudja fenntartani a v\u00e1ros ezt a hatalmas komplexumot? Erre vagyunk mi is k\u00edv\u00e1ncsiak, feleltem.<br>B\u00facs\u00faz\u00e1sk\u00e9nt m\u00e9g elmondta: \u201eA p\u00e9nzt\u00e1rn\u00e1l kedvesen fogadt\u00e1k a 12 f\u0151s kis csoportjukat, de az \u00f6lt\u00f6z\u0151ben nem volt szem\u00e9lyzet, \u00e9s a lenti labirintusban hosszas keres\u00e9s ut\u00e1n siker\u00fclt felfedezni\u00fck a szekr\u00e9nyeiket. Ezen a t\u00e9ren tanulhatn\u00e1nk Gyul\u00e1t\u00f3l, hogy hogyan kell fogadni a vend\u00e9geket.\u201d<br>Csod\u00e1lattal besz\u00e9ltek a f\u00fcrd\u0151nkr\u0151l, de unalmasnak tal\u00e1lt\u00e1k, \u00e9s ezt m\u00e1r nagyon sok idel\u00e1togat\u00f3t\u00f3l hallottam.<br>Az \u00e9lm\u00e9ny r\u00e9szben a h\u00e1rom medence k\u00f6z\u00fcl a barlangmedence fel\u00faj\u00edt\u00e1s miatt nem \u00fczemelt, a kalandmedenc\u00e9ben hideg volt a v\u00edz (ezt jelezt\u00e9k a f\u00fcrd\u0151 vezet\u0151i is), \u00edgy csup\u00e1n egy medenc\u00e9re sz\u0171k\u00fclt, \u00e9s a gy\u00f3gymedenc\u00e9kre a teljes \u00e1ru jegyet v\u00e1lt\u00f3k r\u00e9sz\u00e9re a szolg\u00e1ltat\u00e1s.<br>Ilyen megold\u00e1ssal csalogatja a f\u00fcrd\u0151 vezet\u00e9se a vend\u00e9geket. \u201e\u00c9rtehetetlen, hogy m\u00e9g sem j\u00f6nnek!\u201d<br>Tekintettel arra, hogy nem volt, aki zavarjon gondolataimba m\u00e9lyedtem, mik\u00f6zben meg\u00e9rkezett N\u00e9meth P\u00e1l, akivel besz\u00e9lget\u00e9sbe kezdt\u00fcnk.<br>Dr. Buz\u00e1s P\u00e9ter Polg\u00e1rmester \u00dar egy besz\u00e9d\u00e9ben elmondta, hogy nem tal\u00e1lkozott az ellenz\u00e9k \u00e1ltal beny\u00fajtott 6000 al\u00e1\u00edr\u00e1ssal. A besz\u00e9lget\u00e9sbe p\u00e1ran bekapcsol\u00f3dtak, \u00e9s k\u00e9rd\u00e9s\u00fcnkre elmondta N\u00e9meth \u00far, hogy Dr. R\u00e1cz \u00c1rp\u00e1d \u00fcgyv\u00e9d (id\u0151k\u00f6zben elhunyt) sz\u00e1molta \u00f6ssze, \u00e9s l\u00e1tta el az \u00edveket hivatalos pecs\u00e9ttel, melyet a jegyz\u0151nek adott \u00e1t, \u00e9s ma is \u0151rzi egy p\u00e9ld\u00e1ny\u00e1t az al\u00e1\u00edr\u00e1soknak.<br>Meglehet\u0151sen nagy \u00e9p\u00fclet az \u00f6nkorm\u00e1nyzat sz\u00e9kh\u00e1za, ennek ellen\u00e9re \u00e9rthetetlen, hogy a legillet\u00e9kesebbhez nem jutott el a beadv\u00e1ny. (Rend a lelke mindennek)<br>Tal\u00e1n jobb is, hogy a jegyz\u0151n\u00e9l elkall\u00f3dtak az \u00edvek, \u00edgy zavartalanul fel\u00e9p\u00fclt a f\u00fcrd\u0151, amely mint olyan a funkci\u00f3j\u00e1t nem l\u00e1tja el teljes m\u00e9rt\u00e9kben, mivel csup\u00e1n Wellness f\u00fcrd\u0151 lett, ennek ellen\u00e9re csod\u00e1j\u00e1ra j\u00e1rnak a k\u00fclf\u00f6ldiek \u00e9s a hazaiak egyar\u00e1nt.<br>Sok \u00f6sszetev\u0151je van annak, ami\u00e9rt nincs vend\u00e9g, de ezek k\u00f6z\u00f6tt is el\u0151kel\u0151 helyet foglal el az a t\u00e9ny, ami mindennapos t\u00e9ma: \u201eEgy ilyen \u00f3ri\u00e1si beruh\u00e1z\u00e1s eset\u00e9n \u00e9rthetetlen m\u00f3don nem a j\u00f3l bev\u00e1lt gyakorlat \u00e9rtelm\u00e9ben nevezt\u00e9k ki a vezet\u0151ket, \u00e9s a p\u00e1ly\u00e1zatokat nem 5, 10 esetleg tizen\u00f6t \u00e9v szakmai \u00e9s vezet\u0151i gyakorlattal rendelkez\u0151knek \u00edrt\u00e1k ki. E helyett szinte az iskolapadb\u00f3l \u00e1ll\u00edtotta ki a st\u00e1bj\u00e1t Kovacsics \u00far, aki f\u00fcrd\u0151 ritka vend\u00e9gek\u00e9nt nem tudott eredm\u00e9nyeket produk\u00e1lni.\u201d<br>Kovacsics \u00farnak igazat kell adnunk. Ha a v\u00e1ros vezet\u0151inek megfelel \u00edgy is, mi\u00e9rt ne haszn\u00e1ln\u00e1 ki a lehet\u0151s\u00e9geket! (\u0150 is a F\u0151niciai tal\u00e1lm\u00e1nyb\u00f3l \u00e9l.)<\/p>\n\n\n\n<p class=\"wp-block-paragraph\">T\u00f6bb lev\u00e9lben is k\u00f6z\u00f6lt\u00fck \u00fagy a Polg\u00e1rmester \u00darral, mind a K\u00e9pvisel\u0151 Test\u00fclet tagjaival, valamint a F\u00fcrd\u0151 Vezet\u0151s\u00e9g\u00e9vel a felmer\u00fcl\u0151 hib\u00e1kat.<br>Beadv\u00e1nyaink k\u00f6r\u00fclbel\u00fcl annyit \u00e9rtek: \u201eMint sz\u0151rtariszny\u00e1n a lakat\u201d<br>Utols\u00f3 beadv\u00e1nyomat G\u00e1l S\u00e1ndor k\u00e9pvisel\u0151 \u00farnak adtam \u00e1t ismertet\u00e9s c\u00e9lj\u00e1b\u00f3l. M\u00e1r a kezdet is neh\u00e9z volt, mivel G\u00e1l \u00far azt mondta, hogy ehhez heteknek kell eltelni, hogy napirendi pontk\u00e9nt t\u00e1rgyalj\u00e1k. Ennek ellen\u00e9re a k\u00f6vetkez\u0151 k\u00e9pvisel\u0151i gy\u0171l\u00e9sen sz\u00f3bahozta G\u00e1l \u00far, mire a Polg\u00e1rmester \u00far mosolyogva mondta, hogy \u201eNekem is megvan\u201d. Ha \u00e9n lettem volna a k\u00e9pvisel\u0151, akkor mivel a Polg\u00e1rmester \u00dar is ismeri a beadv\u00e1ny sz\u00f6veg\u00e9t, v\u00e1laszt k\u00e9rtem volna az azokban l\u00e9v\u0151 pontokra. G\u00e1l \u00far, ezzel befejezettnek tekintette az \u00fcgyet, \u00e9s mint oly sok m\u00e1s \u00fcgy megv\u00e1laszolatlan maradt.<br>Ha a f\u00fcrd\u0151 sebezhet\u0151 pontjair\u00f3l van sz\u00f3, olyan helyzet alakul ki, mint mikor egy sz\u0171zl\u00e1ny elveszti sz\u00fczess\u00e9g\u00e9t, \u00e9s ezt a t\u00e9nyt h\u00e9tpecs\u00e9tes titokk\u00e9nt kezeli a csal\u00e1d.<br>A k\u00e9pvisel\u0151k B\u00f3logat\u00f3 J\u00e1nosokk\u00e9nt hallgatnak, nehogy kisziv\u00e1rogjon hivatalosan is valami a nem k\u00edv\u00e1natos esem\u00e9nyb\u0151l.<br>Hogy mennyire figyelnek az elhangzottakra: Egy k\u00e9pvisel\u0151nek sem t\u0171nt fel a Polg\u00e1rmester \u00dar egy mondata: \u201eHa el\u00f6lr\u0151l kezden\u00e9m a p\u00e1ly\u00e1mat, csakis ellenz\u00e9ki k\u00e9pvisel\u0151 lenn\u00e9k.\u201d Mak\u00f3n a Polg\u00e1rmester \u00dar nem ellenz\u00e9ki k\u00e9pvisel\u0151, de ellenz\u00e9ki polg\u00e1rmester, teh\u00e1t gyorsabban teljes\u00fclt a k\u00edv\u00e1ns\u00e1ga, hogy ellenz\u00e9k legyen, mintha egy \u201eGin\u201d seg\u00edtette volna. Ez a mondat a jelenl\u00e9v\u0151 11 k\u00e9pvisel\u0151 egyik\u00e9nek sem t\u0171nt fel.<br>Tal\u00e1n az ilyen oda nem figyel\u00e9seknek tudhat\u00f3 be, hogy a f\u00fcrd\u0151 zuhan\u00f3rep\u00fcl\u00e9st v\u00e9gez, mind\u00f6ssze egy optimista: Kovacsics \u00dar, aki nullaszald\u00f3s \u00e9vz\u00e1r\u00e1sr\u00f3l \u00e1lmodik, vagy kijelent\u00e9s\u00e9vel igyekszik elaltatni az illet\u00e9keseket.<br>Az alc\u00edmk\u00e9nt adott: Optimista vagy Pesszimista c\u00edm k\u00e9pletet, teh\u00e1t a k\u00f6vetkez\u0151:<br>Kovacsics Imre optimista igazgat\u00f3 = az \u00f6sszes pesszimista k\u00edv\u00fcl\u00e1ll\u00f3val.<\/p>\n\n\n\n<p class=\"wp-block-paragraph\">A f\u00fcrd\u0151 szolg\u00e1ltat\u00e1sainak cs\u00f6kkent\u00e9s\u00e9r\u0151l m\u00e1r r\u00e9szletesen \u00edrtam az illet\u00e9keseknek, de eml\u00e9keztet\u0151\u00fcl annyit:<br>A Tanuszoda reggel 8-12ig, 16-20-ig \u00fczemel. Szombaton \u00e9s vas\u00e1rnap, amikor kiemelt \u00e1rral m\u0171k\u00f6dik a f\u00fcrd\u0151, ez a r\u00e9sz nem \u00fczemel.<br>Az \u00faj r\u00e9sz bele\u00e9rtve a gy\u00f3gykezel\u00e9st is h\u00e9tf\u0151t\u0151l \u2013 p\u00e9ntekig 12 \u2013 20 \u00f3r\u00e1ig van nyitva. Szombaton \u00e9s vas\u00e1rnap a gy\u00f3gykezel\u00e9s nem m\u0171k\u00f6dik, viszont a f\u00fcrd\u0151 e r\u00e9sze eg\u00e9sz nap nyitva van. Szombatonk\u00e9nt 20-24ig haszon n\u00e9lk\u00fcli \u00e9jszakai f\u00fcrd\u00e9s van. A k\u00fclt\u00e9ri medenc\u00e9k nem \u00fczemelnek.<br>A f\u00fcrd\u0151 ter\u00fclet\u00e9n m\u0171k\u00f6d\u0151 szolg\u00e1ltat\u00f3 v\u00e1llalkoz\u00f3k (Fodr\u00e1sz, m\u0171k\u00f6rm\u00f6s stb. eg\u00e9sz h\u00e9ten (h\u00e9tf\u0151t\u0151l &#8211; p\u00e9ntekig) d\u00e9lel\u0151tt nem tudj\u00e1k fogadni a nyitva tart\u00e1s miatt vend\u00e9geiket, de a b\u00e9rleti d\u00edjak v\u00e1ltozatlanok.<\/p>\n\n\n\n<p class=\"wp-block-paragraph\">A f\u00fcrd\u0151 vezet\u0151s\u00e9g\u00e9nek e d\u00f6nt\u00e9sei ellen fel vannak h\u00e1borodva a vend\u00e9gek, \u00e9s t\u00f6bbek k\u00e9r\u00e9s\u00e9re a k\u00f6vetkez\u0151 beadv\u00e1nnyal fordulunk a Polg\u00e1rmester \u00farhoz, illetve F\u00fcrd\u0151 Vezet\u0151s\u00e9g\u00e9hez:<\/p>\n\n\n\n<p class=\"wp-block-paragraph\">R\u00e1cz M\u00f3nika T\u00e1rgy: Jogviszony megv\u00e1ltoztat\u00e1s<br>\u00c1ltal\u00e1nos Igazgat\u00f3<br>Mak\u00f3<br>Hagymatikum F\u00fcrd\u0151<br>Makovecz t\u00e9r<\/p>\n\n\n\n<p class=\"wp-block-paragraph\">Tisztelt C\u00edm!<\/p>\n\n\n\n<p class=\"wp-block-paragraph\">2012-01-20-\u00e1n nyitott Hagymatikum F\u00fcrd\u0151be, a nyit\u00e1skor lehetett b\u00e9rleteket v\u00e1s\u00e1rolni, mely alkalommal \u201eSzerz\u0151d\u00e9ses jogviszony\u201d j\u00f6tt l\u00e9tre a f\u00fcrd\u0151 \u00e9s a b\u00e9rletesek k\u00f6z\u00f6tt. \u20ac<br>A ny\u00e1ri szezon befejez\u00e9se ut\u00e1n a f\u00fcrd\u0151 vezet\u0151s\u00e9ge \u00f6nhatalm\u00falag megv\u00e1ltoztatta a szolg\u00e1ltat\u00e1st, \u00edgy felbomlott a jogi t\u00e9tel, melynek \u00e9rtelm\u00e9ben a szolg\u00e1ltat\u00e1snak ar\u00e1nyosnak kell lenni a szerz\u0151d\u00e9s m\u00e1sik partnere \u00e1ltali anyagi v\u00e1llal\u00e1s\u00e1val.<br>A b\u00e9rletesek nev\u00e9ben felsz\u00f3l\u00edtom a f\u00fcrd\u0151 vezet\u0151s\u00e9g\u00e9t, hogy az ar\u00e1nyp\u00e1rt \u00e1ll\u00edtsa vissza, \u00e9s teljes k\u00f6r\u0171 szolg\u00e1ltat\u00e1st ny\u00fajtson, vagy anyagilag k\u00e1rp\u00f3tolja a s\u00e9rtetteket, (b\u00e9rleteseket) a szolg\u00e1ltat\u00e1s cs\u00f6kken\u00e9s\u00e9nek m\u00e9rt\u00e9k\u00e9nek megfelel\u0151en.<br>A jelen helyzetben sokan eg\u00e9szs\u00e9gi okokb\u00f3l javasolt \u00fasz\u00e1st mell\u0151zni k\u00e9nytelenek, mivel a tanmedenc\u00e9ben jogosan folytatott iskolai oktat\u00e1s nem teszi lehet\u0151v\u00e9.<\/p>\n\n\n\n<p class=\"wp-block-paragraph\">D\u00e9lel\u0151tt a gy\u00f3gymedenc\u00e9ket sem lehet haszn\u00e1lni, holott gy\u00f3gyf\u00fcrd\u0151i jegyeket \u00e1rus\u00edtanak. Lehet, hogy ez\u00e9rt az illet\u00e9kesek el fogj\u00e1k marasztalni a f\u00fcrd\u0151 vezet\u0151s\u00e9g\u00e9t, mivel gy\u00f3gyv\u00edz n\u00e9lk\u00fcl \u00fczemel a gy\u00f3gyf\u00fcrd\u0151.<\/p>\n\n\n\n<p class=\"wp-block-paragraph\">M\u00e1s f\u00fcrd\u0151kben, ha nem m\u0171k\u00f6dik valamely szolg\u00e1ltat\u00e1s, kevesebbet kell fizetni.<br>A Hagymatikumban szezon\u00e1rakat alkalmaznak a mai napig is.<br>A t\u00e9li menetrend szerinti 5 medenc\u00e9b\u0151l csup\u00e1n h\u00e1rom m\u0171k\u00f6dik napok \u00f3ta, teljes \u00e1ru jegyek kiad\u00e1sa mellett, \u00e9s azok v\u00edzh\u0151m\u00e9rs\u00e9klete alatta van a k\u0151bev\u00e9sett el\u0151\u00edr\u00e1snak. Eg\u00e9sz ny\u00e1ron akadozott az \u00e9lm\u00e9nyprogramok m\u0171k\u00f6d\u00e9se is.<br>K\u00e9r\u00e9s\u00fcnkre k\u00e9rem \u00edr\u00e1sbeli v\u00e1laszukat, hogy esetlegesen elutas\u00edt\u00e1s eset\u00e9n a felettes szervekhez tudjunk fordulni panaszunk orvosl\u00e1sa \u00e9rdek\u00e9ben.<\/p>\n\n\n\n<p class=\"wp-block-paragraph\">K\u00e9r\u00e9s\u00fcnk indokak\u00e9nt felhozom a beadv\u00e1nyban foglaltakat, valamint azt, hogy a b\u00e9rletesek nagy r\u00e9sze 40-50 ezer vagy ann\u00e1l kevesebb nyugd\u00edjjal rendelkezik, \u00e9s a 2012-01-20-\u00e1n v\u00e1ltott b\u00e9rletek \u00e1ra az \u00edg\u00e9retek ellen\u00e9re dupl\u00e1j\u00e1ra emelkedtek.<br>A b\u00e9rletesek nem luxusk\u00e9nt haszn\u00e1lj\u00e1k a f\u00fcrd\u0151t, hanem eg\u00e9szs\u00e9gmeg\u00f3v\u00e1s c\u00e9lj\u00e1b\u00f3l.<br>K\u00f6zeled\u00fcnk az \u00e9vz\u00e1r\u00e1s fel\u00e9, \u00e9s amennyiben tov\u00e1bbi emel\u00e9seket eszk\u00f6z\u00f6lnek elk\u00e9pzelhet\u0151, hogy ez a r\u00e9teg megtizedel\u0151dik.<br>P\u00e1r mondat a f\u00fcrd\u0151vend\u00e9gek v\u00e9lem\u00e9ny\u00e9r\u0151l: Kovacsics \u00dar t\u00f6k\u00e9letesen vizsg\u00e1zott Mak\u00f3n, mint j\u00f3 emberismer\u0151 pedag\u00f3gus, melynek k\u00f6vetkezt\u00e9ben olyan t\u00e1ptalajra tal\u00e1lt v\u00e1rosunkban, hogy mindent megengedhet mag\u00e1nak. (A bel\u00e9ptet\u0151 rendszer, ker\u00edt\u00e9s, t\u00falfizetett igazgat\u00f3k, vezet\u0151k, stb. melyekkel \u00f3ri\u00e1si k\u00e1rt okozott a v\u00e1rosnak.)<br>Mint szakember, bebizony\u00edtotta, hogy a hozz\u00e1 f\u0171z\u00f6tt rem\u00e9nyek csak rem\u00e9nyek maradtak. Amennyiben a Tisztelt Polg\u00e1rmester \u00darnak \u00e9s a Tisztelt K\u00e9pvisel\u0151 Test\u00fclet tagjainak megfelel, akkor mi is t\u00e1mogatjuk, mint vezet\u0151t, lehet, hogy elj\u00f6n, azaz id\u0151, amikor megtanulja azt, hogy hogyan lehet megtal\u00e1lni azt a var\u00e1zsszert melynek hat\u00e1s\u00e1ra nem csak sz\u00e9p f\u00fcrd\u0151nk van, hanem vend\u00e9gek is felfedezik \u00e9s nemcsak ny\u00e1ron, hanem t\u00e9len is megtelnek a medenc\u00e9k.<br>Ha minden marad a r\u00e9giben, azon sem csod\u00e1lkozn\u00e1nk, ha egyszer z\u00e1rt ajt\u00f3k fogadn\u00e1nak, \u00e9s csak a Tanuszoda m\u0171k\u00f6dne t\u00e9len.<br>Egy olyan kiv\u00e1l\u00f3 szakember, mint Kovacsics \u00far, t\u00e1mogat\u00f3ival k\u00f6z\u00f6sen megtehetik azt is.<\/p>\n\n\n\n<p class=\"wp-block-paragraph\">Mak\u00f3, 2012-10-15<\/p>\n","protected":false},"excerpt":{"rendered":"<p>HAGYMATIKUMOPTIMIZMUS VAGY PESSZIMIZMUS A mak\u00f3iak \u00e9let\u00e9ben a Hagymatikum F\u00fcrd\u0151 lett az ut\u00f3bbi id\u0151ben a legt\u00f6bbet vitatott t\u00e9ma.M\u00e1r a kezdet is nagy port kavart fel: N\u00e9meth P\u00e1l 6000 al\u00e1\u00edr\u00e1st gy\u0171jt\u00f6tt \u00f6ssze annak \u00e9rdek\u00e9ben, hogy a v\u00e1ros ne kezdjen \u00faj f\u00fcrd\u0151 \u00e9p\u00edt\u00e9s\u00e9hez, hanem a r\u00e9git \u00faj\u00edts\u00e1k fel. Az al\u00e1\u00edr\u00f3knak az \u00e1ll\u00e1spontja \u00e9rtelm\u00e9ben a 24 ezer f\u0151s kisv\u00e1rosban &#8230; <a title=\"HAGYMATIKUMOPTIMIZMUS VAGY PESSZIMIZMUS\" class=\"read-more\" href=\"https:\/\/bozsogiattila.hu\/?p=837\" aria-label=\"Tov\u00e1bbiak HAGYMATIKUMOPTIMIZMUS VAGY PESSZIMIZMUS\">Olvass tov\u00e1bb<\/a><\/p>\n","protected":false},"author":3,"featured_media":0,"comment_status":"closed","ping_status":"open","sticky":false,"template":"","format":"standard","meta":{"footnotes":""},"categories":[300],"tags":[71,155,308,12],"class_list":["post-837","post","type-post","status-publish","format-standard","hentry","category-esszek-ujsagcikkek-tanulmanyok-kritikak","tag-71","tag-furdo","tag-hagymatikum","tag-mako"],"yoast_head":"<!-- This site is optimized with the Yoast SEO plugin v21.8 - https:\/\/yoast.com\/wordpress\/plugins\/seo\/ -->\n<title>HAGYMATIKUMOPTIMIZMUS VAGY PESSZIMIZMUS - Bozsogi Attila<\/title>\n<meta name=\"robots\" content=\"index, follow, max-snippet:-1, max-image-preview:large, max-video-preview:-1\" \/>\n<link rel=\"canonical\" href=\"https:\/\/bozsogiattila.hu\/?p=837\" \/>\n<meta property=\"og:locale\" content=\"hu_HU\" \/>\n<meta property=\"og:type\" content=\"article\" \/>\n<meta property=\"og:title\" content=\"HAGYMATIKUMOPTIMIZMUS VAGY PESSZIMIZMUS - Bozsogi Attila\" \/>\n<meta property=\"og:description\" content=\"HAGYMATIKUMOPTIMIZMUS VAGY PESSZIMIZMUS A mak\u00f3iak \u00e9let\u00e9ben a Hagymatikum F\u00fcrd\u0151 lett az ut\u00f3bbi id\u0151ben a legt\u00f6bbet vitatott t\u00e9ma.M\u00e1r a kezdet is nagy port kavart fel: N\u00e9meth P\u00e1l 6000 al\u00e1\u00edr\u00e1st gy\u0171jt\u00f6tt \u00f6ssze annak \u00e9rdek\u00e9ben, hogy a v\u00e1ros ne kezdjen \u00faj f\u00fcrd\u0151 \u00e9p\u00edt\u00e9s\u00e9hez, hanem a r\u00e9git \u00faj\u00edts\u00e1k fel. Az al\u00e1\u00edr\u00f3knak az \u00e1ll\u00e1spontja \u00e9rtelm\u00e9ben a 24 ezer f\u0151s kisv\u00e1rosban ... Olvass tov\u00e1bb\" \/>\n<meta property=\"og:url\" content=\"https:\/\/bozsogiattila.hu\/?p=837\" \/>\n<meta property=\"og:site_name\" content=\"Bozsogi Attila\" \/>\n<meta property=\"article:published_time\" content=\"2012-10-15T14:24:00+00:00\" \/>\n<meta property=\"article:modified_time\" content=\"2024-01-07T14:26:01+00:00\" \/>\n<meta name=\"author\" content=\"Bozsogi Attila\" \/>\n<meta name=\"twitter:card\" content=\"summary_large_image\" \/>\n<meta name=\"twitter:label1\" content=\"Szerz\u0151:\" \/>\n\t<meta name=\"twitter:data1\" content=\"Bozsogi Attila\" \/>\n\t<meta name=\"twitter:label2\" content=\"Becs\u00fclt olvas\u00e1si id\u0151\" \/>\n\t<meta name=\"twitter:data2\" content=\"11 perc\" \/>\n<script type=\"application\/ld+json\" class=\"yoast-schema-graph\">{\"@context\":\"https:\/\/schema.org\",\"@graph\":[{\"@type\":\"WebPage\",\"@id\":\"https:\/\/bozsogiattila.hu\/?p=837\",\"url\":\"https:\/\/bozsogiattila.hu\/?p=837\",\"name\":\"HAGYMATIKUMOPTIMIZMUS VAGY PESSZIMIZMUS - Bozsogi Attila\",\"isPartOf\":{\"@id\":\"https:\/\/bozsogiattila.hu\/#website\"},\"datePublished\":\"2012-10-15T14:24:00+00:00\",\"dateModified\":\"2024-01-07T14:26:01+00:00\",\"author\":{\"@id\":\"https:\/\/bozsogiattila.hu\/#\/schema\/person\/488c99f554a8c4039201260dd5eb795e\"},\"breadcrumb\":{\"@id\":\"https:\/\/bozsogiattila.hu\/?p=837#breadcrumb\"},\"inLanguage\":\"hu\",\"potentialAction\":[{\"@type\":\"ReadAction\",\"target\":[\"https:\/\/bozsogiattila.hu\/?p=837\"]}]},{\"@type\":\"BreadcrumbList\",\"@id\":\"https:\/\/bozsogiattila.hu\/?p=837#breadcrumb\",\"itemListElement\":[{\"@type\":\"ListItem\",\"position\":1,\"name\":\"Kezd\u0151lap\",\"item\":\"https:\/\/bozsogiattila.hu\/\"},{\"@type\":\"ListItem\",\"position\":2,\"name\":\"HAGYMATIKUMOPTIMIZMUS VAGY PESSZIMIZMUS\"}]},{\"@type\":\"WebSite\",\"@id\":\"https:\/\/bozsogiattila.hu\/#website\",\"url\":\"https:\/\/bozsogiattila.hu\/\",\"name\":\"Bozsogi Attila\",\"description\":\"a zen\u00e9sz, \u00edr\u00f3 munk\u00e1ss\u00e1g\u00e1nak \u00e9s a mak\u00f3i muzsikusok eml\u00e9k\u00e9t \u0151rz\u0151 oldal\",\"potentialAction\":[{\"@type\":\"SearchAction\",\"target\":{\"@type\":\"EntryPoint\",\"urlTemplate\":\"https:\/\/bozsogiattila.hu\/?s={search_term_string}\"},\"query-input\":\"required name=search_term_string\"}],\"inLanguage\":\"hu\"},{\"@type\":\"Person\",\"@id\":\"https:\/\/bozsogiattila.hu\/#\/schema\/person\/488c99f554a8c4039201260dd5eb795e\",\"name\":\"Bozsogi Attila\",\"image\":{\"@type\":\"ImageObject\",\"inLanguage\":\"hu\",\"@id\":\"https:\/\/bozsogiattila.hu\/#\/schema\/person\/image\/\",\"url\":\"https:\/\/secure.gravatar.com\/avatar\/7da6b5985e34ed798d1670c54ce7d20e6a53b800bb0c07945c64b09392f3dbfd?s=96&d=mm&r=g\",\"contentUrl\":\"https:\/\/secure.gravatar.com\/avatar\/7da6b5985e34ed798d1670c54ce7d20e6a53b800bb0c07945c64b09392f3dbfd?s=96&d=mm&r=g\",\"caption\":\"Bozsogi Attila\"},\"sameAs\":[\"http:\/\/www.boszogiattila.hu\"],\"url\":\"https:\/\/bozsogiattila.hu\/?author=3\"}]}<\/script>\n<!-- \/ Yoast SEO plugin. -->","yoast_head_json":{"title":"HAGYMATIKUMOPTIMIZMUS VAGY PESSZIMIZMUS - Bozsogi Attila","robots":{"index":"index","follow":"follow","max-snippet":"max-snippet:-1","max-image-preview":"max-image-preview:large","max-video-preview":"max-video-preview:-1"},"canonical":"https:\/\/bozsogiattila.hu\/?p=837","og_locale":"hu_HU","og_type":"article","og_title":"HAGYMATIKUMOPTIMIZMUS VAGY PESSZIMIZMUS - Bozsogi Attila","og_description":"HAGYMATIKUMOPTIMIZMUS VAGY PESSZIMIZMUS A mak\u00f3iak \u00e9let\u00e9ben a Hagymatikum F\u00fcrd\u0151 lett az ut\u00f3bbi id\u0151ben a legt\u00f6bbet vitatott t\u00e9ma.M\u00e1r a kezdet is nagy port kavart fel: N\u00e9meth P\u00e1l 6000 al\u00e1\u00edr\u00e1st gy\u0171jt\u00f6tt \u00f6ssze annak \u00e9rdek\u00e9ben, hogy a v\u00e1ros ne kezdjen \u00faj f\u00fcrd\u0151 \u00e9p\u00edt\u00e9s\u00e9hez, hanem a r\u00e9git \u00faj\u00edts\u00e1k fel. Az al\u00e1\u00edr\u00f3knak az \u00e1ll\u00e1spontja \u00e9rtelm\u00e9ben a 24 ezer f\u0151s kisv\u00e1rosban ... Olvass tov\u00e1bb","og_url":"https:\/\/bozsogiattila.hu\/?p=837","og_site_name":"Bozsogi Attila","article_published_time":"2012-10-15T14:24:00+00:00","article_modified_time":"2024-01-07T14:26:01+00:00","author":"Bozsogi Attila","twitter_card":"summary_large_image","twitter_misc":{"Szerz\u0151:":"Bozsogi Attila","Becs\u00fclt olvas\u00e1si id\u0151":"11 perc"},"schema":{"@context":"https:\/\/schema.org","@graph":[{"@type":"WebPage","@id":"https:\/\/bozsogiattila.hu\/?p=837","url":"https:\/\/bozsogiattila.hu\/?p=837","name":"HAGYMATIKUMOPTIMIZMUS VAGY PESSZIMIZMUS - Bozsogi Attila","isPartOf":{"@id":"https:\/\/bozsogiattila.hu\/#website"},"datePublished":"2012-10-15T14:24:00+00:00","dateModified":"2024-01-07T14:26:01+00:00","author":{"@id":"https:\/\/bozsogiattila.hu\/#\/schema\/person\/488c99f554a8c4039201260dd5eb795e"},"breadcrumb":{"@id":"https:\/\/bozsogiattila.hu\/?p=837#breadcrumb"},"inLanguage":"hu","potentialAction":[{"@type":"ReadAction","target":["https:\/\/bozsogiattila.hu\/?p=837"]}]},{"@type":"BreadcrumbList","@id":"https:\/\/bozsogiattila.hu\/?p=837#breadcrumb","itemListElement":[{"@type":"ListItem","position":1,"name":"Kezd\u0151lap","item":"https:\/\/bozsogiattila.hu\/"},{"@type":"ListItem","position":2,"name":"HAGYMATIKUMOPTIMIZMUS VAGY PESSZIMIZMUS"}]},{"@type":"WebSite","@id":"https:\/\/bozsogiattila.hu\/#website","url":"https:\/\/bozsogiattila.hu\/","name":"Bozsogi Attila","description":"a zen\u00e9sz, \u00edr\u00f3 munk\u00e1ss\u00e1g\u00e1nak \u00e9s a mak\u00f3i muzsikusok eml\u00e9k\u00e9t \u0151rz\u0151 oldal","potentialAction":[{"@type":"SearchAction","target":{"@type":"EntryPoint","urlTemplate":"https:\/\/bozsogiattila.hu\/?s={search_term_string}"},"query-input":"required name=search_term_string"}],"inLanguage":"hu"},{"@type":"Person","@id":"https:\/\/bozsogiattila.hu\/#\/schema\/person\/488c99f554a8c4039201260dd5eb795e","name":"Bozsogi Attila","image":{"@type":"ImageObject","inLanguage":"hu","@id":"https:\/\/bozsogiattila.hu\/#\/schema\/person\/image\/","url":"https:\/\/secure.gravatar.com\/avatar\/7da6b5985e34ed798d1670c54ce7d20e6a53b800bb0c07945c64b09392f3dbfd?s=96&d=mm&r=g","contentUrl":"https:\/\/secure.gravatar.com\/avatar\/7da6b5985e34ed798d1670c54ce7d20e6a53b800bb0c07945c64b09392f3dbfd?s=96&d=mm&r=g","caption":"Bozsogi Attila"},"sameAs":["http:\/\/www.boszogiattila.hu"],"url":"https:\/\/bozsogiattila.hu\/?author=3"}]}},"jetpack_featured_media_url":"","_links":{"self":[{"href":"https:\/\/bozsogiattila.hu\/index.php?rest_route=\/wp\/v2\/posts\/837","targetHints":{"allow":["GET"]}}],"collection":[{"href":"https:\/\/bozsogiattila.hu\/index.php?rest_route=\/wp\/v2\/posts"}],"about":[{"href":"https:\/\/bozsogiattila.hu\/index.php?rest_route=\/wp\/v2\/types\/post"}],"author":[{"embeddable":true,"href":"https:\/\/bozsogiattila.hu\/index.php?rest_route=\/wp\/v2\/users\/3"}],"replies":[{"embeddable":true,"href":"https:\/\/bozsogiattila.hu\/index.php?rest_route=%2Fwp%2Fv2%2Fcomments&post=837"}],"version-history":[{"count":1,"href":"https:\/\/bozsogiattila.hu\/index.php?rest_route=\/wp\/v2\/posts\/837\/revisions"}],"predecessor-version":[{"id":838,"href":"https:\/\/bozsogiattila.hu\/index.php?rest_route=\/wp\/v2\/posts\/837\/revisions\/838"}],"wp:attachment":[{"href":"https:\/\/bozsogiattila.hu\/index.php?rest_route=%2Fwp%2Fv2%2Fmedia&parent=837"}],"wp:term":[{"taxonomy":"category","embeddable":true,"href":"https:\/\/bozsogiattila.hu\/index.php?rest_route=%2Fwp%2Fv2%2Fcategories&post=837"},{"taxonomy":"post_tag","embeddable":true,"href":"https:\/\/bozsogiattila.hu\/index.php?rest_route=%2Fwp%2Fv2%2Ftags&post=837"}],"curies":[{"name":"wp","href":"https:\/\/api.w.org\/{rel}","templated":true}]}}