{"id":839,"date":"2012-10-20T14:26:00","date_gmt":"2012-10-20T14:26:00","guid":{"rendered":"https:\/\/bozsogiattila.hu\/?p=839"},"modified":"2024-01-07T14:27:14","modified_gmt":"2024-01-07T14:27:14","slug":"valtozasok-a-hagymatikumban","status":"publish","type":"post","link":"https:\/\/bozsogiattila.hu\/?p=839","title":{"rendered":"V\u00c1LTOZ\u00c1SOK A HAGYMATIKUMBAN"},"content":{"rendered":"\n<p class=\"wp-block-paragraph\">V\u00c1LTOZ\u00c1SOK A HAGYMATIKUMBAN<\/p>\n\n\n\n<p class=\"wp-block-paragraph\">T\u00e1vozott, Kovacsics Imre a \u201eNagy m\u00e1gus\u201d a Hagymatikum \u00e9l\u00e9r\u0151l, \u00e9s kipip\u00e1lhatott a palett\u00e1j\u00e1n egy \u00fajabb f\u00fcrd\u0151t, h\u00e1trahagyva a szok\u00e1sos hi\u00e1nyt, \u00e9s a szak\u00e9rtelem hi\u00e1ny\u00e1ban megval\u00f3s\u00edtott \u00f6tleteit, melyek sok kellemetlens\u00e9get okoztak a f\u00fcrd\u0151 vend\u00e9geinek, \u00e9s a v\u00e1ros vezet\u0151s\u00e9g\u00e9nek egyar\u00e1nt. B\u00edzunk benne, hogy a h\u00e1tra maradt vezet\u0151k elfelejtik, \u201eTan\u00e1ruk tan\u00edt\u00e1sait\u201d \u00e9s az \u00faj igazgat\u00f3val kar\u00f6ltve v\u00e9gre helyes v\u00e1g\u00e1nyra terelik a f\u00fcrd\u0151nk mindennapjait, \u00e9s a szolg\u00e1ltat\u00e1s, val\u00f3ban szolg\u00e1ltat\u00e1s lesz.<br>A f\u00fcrd\u0151\u00e1rakkal \u00e9s a nyitva tart\u00e1ssal Kovacsics \u00far \u201esikeresen\u201d elvad\u00edtott rengeteg vend\u00e9get, akiket visszah\u00f3d\u00edtani nagyon neh\u00e9z lesz.<br>El kellene felejteni a Mak\u00f3-k\u00e1rty\u00e1t, \u00e9s egys\u00e9ges \u00e1ron fogadni (A k\u00e1rtya \u00e1ron) a t\u00e9rs\u00e9g, vagy j\u00e1r\u00e1s lakoss\u00e1g\u00e1t, valamint a k\u00fclf\u00f6ldi l\u00e1togat\u00f3inkat. Fel kellene szabad\u00edtani a szaun\u00e1kat, \u00e9s azok haszn\u00e1lat\u00e1t be\u00e9p\u00edteni a bel\u00e9p\u0151k \u00e1r\u00e1ba. M\u00e9rs\u00e9kelni kellene a gyerekjegyek \u00e1r\u00e1t, mivel ebb\u0151l a koroszt\u00e1lyb\u00f3l alakul ki a f\u00fcrd\u0151 k\u00e9s\u0151bbi vend\u00e9gk\u00f6re.<br>Vissza kellene csalogatni azokat a nyugd\u00edjas b\u00e9rleteseket, akik nem tudt\u00e1k megv\u00e1s\u00e1rolni \u00e9ves eg\u00e9szs\u00e9gmeg\u00f3v\u00f3 b\u00e9rleteiket kev\u00e9ske nyugd\u00edjaikb\u00f3l. Ehhez vissza kellene \u00e1ll\u00edtani a j\u00f6v\u0151ben a 35-40ezer forintos b\u00e9rlet\u00e1rakat.<br>Lehet\u0151s\u00e9get kellene adni a b\u00e9rletv\u00e1s\u00e1rl\u00f3knak ahhoz, hogy negyed, f\u00e9l vagy eg\u00e9sz\u00e9ves b\u00e9rletet ne napt\u00e1rf\u00fcgg\u0151v\u00e9 tegy\u00e9k, hanem a v\u00e1s\u00e1rl\u00f3k k\u00edv\u00e1ns\u00e1g\u00e1nak megfelel\u0151en teljes\u00edts\u00e9k az ig\u00e9nyeket.<br>Figyelembe kellene venni pl. A szegedi Napf\u00e9ny-f\u00fcrd\u0151 hihetetlen alacsony szolg\u00e1ltat\u00e1sait. (Szeptembert\u0151l- febru\u00e1rig \u00f6sszesen 5000Ft-os heti \u00f6t alkalomra sz\u00f3l\u00f3 teljes k\u00f6r\u0171 nyugd\u00edjas b\u00e9rlet\u00e1rakat.)<br>A f\u00fcrd\u0151 \u00e1lland\u00f3 l\u00e1togat\u00f3ival konzult\u00e1lva elk\u00e9pzelhet\u0151nek tartjuk, hogy egys\u00e9ges 1000Ft-os szaun\u00e1val kombin\u00e1lt feln\u0151tt, \u00e9s 500Ft-os gyermekjegyek alkalmaz\u00e1s\u00e1val, sokkal hamarabb teljes\u00fclne Dr. Buz\u00e1s P\u00e9ter polg\u00e1rmester \u00far f\u00fcrd\u0151v\u00e1rosi \u00e1lma, ahogy Dr. S\u00e1nta S\u00e1ndor k\u00e9pvisel\u0151 \u00far fogalmazott, mint amit Kovacsics Imre bar\u00e1ts\u00e1ga biztos\u00edtott, eredm\u00e9nytelen\u00fcl.<br>A le\u00edrtak azoknak a f\u00fcrd\u0151vel kapcsolatos laikus vend\u00e9gek v\u00e9lem\u00e9nye, akik a kezdett\u0151l l\u00e1tt\u00e1k a kudarc kialakul\u00e1s\u00e1t, (Ellent\u00e9tben a szakemberekkel) melyet t\u00f6bbsz\u00f6r\u00f6sen k\u00f6z\u00f6ltek az illet\u00e9kesekkel, akik r\u00e1juk sem heder\u00edtettek, \u00e9s ennek k\u00f6vetkezt\u00e9ben alakult ki a v\u00e9gs\u0151 konfliktus.<\/p>\n\n\n\n<p class=\"wp-block-paragraph\">Gyurcs\u00e1ny Ferenc \u0151szint\u00e9n elmondta a n\u00e9pszer\u0171v\u00e9 v\u00e1lt besz\u00e9d\u00e9ben: \u201eTenni kellene valamit, mert eddig csak hazudtunk!\u201d Ny\u00edlts\u00e1g\u00e1\u00e9rt \u201eFej\u00e9t vett\u00e9k\u201d \u00e9s f\u00e9lre\u00e1ll\u00edtott\u00e1k.<\/p>\n\n\n\n<p class=\"wp-block-paragraph\">Mak\u00f3n Dr. S\u00e1nta S\u00e1ndor k\u00e9pvisel\u0151 \u00far tollat fogott, \u00e9s v\u00e9gre megmerte \u00edrni, amit minden vezet\u0151 tudott, de \u00e9rthetetlen\u00fcl eltusolt\u00e1k az \u00fcgyet. Rem\u00e9lem \u0151szintes\u00e9g\u00e9\u00e9rt nem \u00e9ri majd atrocit\u00e1s!<\/p>\n\n\n\n<p class=\"wp-block-paragraph\">Mell\u00e9kelem a Mak\u00f3i Mozaikban k\u00f6z\u00e9tett \u00edr\u00e1st:<\/p>\n\n\n\n<p class=\"wp-block-paragraph\">Tisztelt Mak\u00f3iak!<\/p>\n\n\n\n<p class=\"wp-block-paragraph\">\u201eMost szerd\u00e1n este 18 \u00f3rakor szokatlan id\u0151ben, k\u00f6zvetlen\u00fcl az \u00fcl\u00e9sen kaptuk meg a megszavazand\u00f3 el\u0151terjeszt\u00e9st. A szavaz\u00e1s ut\u00e1n \u00fagy 18\u00f3ra 20 perckor este, s\u00f6t\u00e9tben t\u00e1vozott f\u00fcrd\u0151nk vezet\u0151je k\u00f6z\u00f6s megegyez\u00e9ssel, valamint v\u00edgan \u00e9s dalolva. H\u00e1trahagyta mindazt, amire, mint f\u00fcrd\u0151-szakember r\u00e1vette nem f\u00fcrd\u0151-szakember polg\u00e1rmester\u00fcnket.<br>Szabad lett, mint a mad\u00e1r, ir\u00e1ny a k\u00f6vetkez\u0151 f\u00fcrd\u0151, ahogyan eddig is tette. F\u00fcrd\u0151nk eszi a p\u00e9nzt. Benn\u00fcnket, akik tart\u00f3zkodtunk \u00fajabb, \u00e9s \u00fajabb \u00f6sszegek megszavaz\u00e1s\u00e1t\u00f3l, a mai napig sz\u00e9gyent\u00e1bl\u00e1val fenyegetnek. Az \u00fcl\u00e9s el\u0151tt egy \u00f3r\u00e1t az \u00e9p\u00fcletben t\u00f6lt\u00f6ttem. Polg\u00e1rmester \u00dar beh\u00edvhatott volna, mint \u00e9n kor\u00e1bban a k\u00e9pvisel\u0151kkel mindig megtettem, ehelyett Kovacsiccsal besz\u00e9lgetett. Tehette, hiszen bar\u00e1tok.\u201d<\/p>\n\n\n\n<p class=\"wp-block-paragraph\">Tisztelettel: Dr. S\u00e1nta S.<\/p>\n\n\n\n<p class=\"wp-block-paragraph\">Sajnos az \u00edr\u00e1sb\u00f3l kimaradt: \u201eKi ind\u00edtv\u00e1nyozta a keny\u00e9rt\u00f6r\u00e9st!\u201d<\/p>\n\n\n\n<p class=\"wp-block-paragraph\">Tov\u00e1bb\u00e1 ki fog maradni az elk\u00f6vetkez\u0151kben is az a t\u00e9ny, hogy polg\u00e1rmester\u00fcnk elismerje: \u201eV\u00e9tett, amikor nem hallgatott a j\u00f3indulat\u00fa figyelmeztet\u00e9sekre, \u00e9s a v\u00e9gs\u0151kig halogotta \u00e9rthetetlen m\u00f3don a v\u00e1ltoztat\u00e1st, melynek hi\u00e1nya sok-sok p\u00e9nz\u00e9be ker\u00fclt a v\u00e1rosnak.\u201d<\/p>\n\n\n\n<p class=\"wp-block-paragraph\">Az ilyen beismer\u00e9sek nem tartoznak az egyszer\u0171 f\u00f6ldi haland\u00f3kra, de megtisztelve \u00e9rezn\u00e9 a v\u00e1ros lakoss\u00e1ga mag\u00e1t az \u0151szinte megnyilv\u00e1nul\u00e1s\u00e9rt!<\/p>\n\n\n\n<p class=\"wp-block-paragraph\">Mak\u00f3, 2012-10-20<\/p>\n","protected":false},"excerpt":{"rendered":"<p>V\u00c1LTOZ\u00c1SOK A HAGYMATIKUMBAN T\u00e1vozott, Kovacsics Imre a \u201eNagy m\u00e1gus\u201d a Hagymatikum \u00e9l\u00e9r\u0151l, \u00e9s kipip\u00e1lhatott a palett\u00e1j\u00e1n egy \u00fajabb f\u00fcrd\u0151t, h\u00e1trahagyva a szok\u00e1sos hi\u00e1nyt, \u00e9s a szak\u00e9rtelem hi\u00e1ny\u00e1ban megval\u00f3s\u00edtott \u00f6tleteit, melyek sok kellemetlens\u00e9get okoztak a f\u00fcrd\u0151 vend\u00e9geinek, \u00e9s a v\u00e1ros vezet\u0151s\u00e9g\u00e9nek egyar\u00e1nt. B\u00edzunk benne, hogy a h\u00e1tra maradt vezet\u0151k elfelejtik, \u201eTan\u00e1ruk tan\u00edt\u00e1sait\u201d \u00e9s az \u00faj igazgat\u00f3val &#8230; <a title=\"V\u00c1LTOZ\u00c1SOK A HAGYMATIKUMBAN\" class=\"read-more\" href=\"https:\/\/bozsogiattila.hu\/?p=839\" aria-label=\"Tov\u00e1bbiak V\u00c1LTOZ\u00c1SOK A HAGYMATIKUMBAN\">Olvass tov\u00e1bb<\/a><\/p>\n","protected":false},"author":3,"featured_media":0,"comment_status":"closed","ping_status":"open","sticky":false,"template":"","format":"standard","meta":{"footnotes":""},"categories":[300],"tags":[71,155,308,12],"class_list":["post-839","post","type-post","status-publish","format-standard","hentry","category-esszek-ujsagcikkek-tanulmanyok-kritikak","tag-71","tag-furdo","tag-hagymatikum","tag-mako"],"yoast_head":"<!-- This site is optimized with the Yoast SEO plugin v21.8 - https:\/\/yoast.com\/wordpress\/plugins\/seo\/ -->\n<title>V\u00c1LTOZ\u00c1SOK A HAGYMATIKUMBAN - Bozsogi Attila<\/title>\n<meta name=\"robots\" content=\"index, follow, max-snippet:-1, max-image-preview:large, max-video-preview:-1\" \/>\n<link rel=\"canonical\" href=\"https:\/\/bozsogiattila.hu\/?p=839\" \/>\n<meta property=\"og:locale\" content=\"hu_HU\" \/>\n<meta property=\"og:type\" content=\"article\" \/>\n<meta property=\"og:title\" content=\"V\u00c1LTOZ\u00c1SOK A HAGYMATIKUMBAN - Bozsogi Attila\" \/>\n<meta property=\"og:description\" content=\"V\u00c1LTOZ\u00c1SOK A HAGYMATIKUMBAN T\u00e1vozott, Kovacsics Imre a \u201eNagy m\u00e1gus\u201d a Hagymatikum \u00e9l\u00e9r\u0151l, \u00e9s kipip\u00e1lhatott a palett\u00e1j\u00e1n egy \u00fajabb f\u00fcrd\u0151t, h\u00e1trahagyva a szok\u00e1sos hi\u00e1nyt, \u00e9s a szak\u00e9rtelem hi\u00e1ny\u00e1ban megval\u00f3s\u00edtott \u00f6tleteit, melyek sok kellemetlens\u00e9get okoztak a f\u00fcrd\u0151 vend\u00e9geinek, \u00e9s a v\u00e1ros vezet\u0151s\u00e9g\u00e9nek egyar\u00e1nt. B\u00edzunk benne, hogy a h\u00e1tra maradt vezet\u0151k elfelejtik, \u201eTan\u00e1ruk tan\u00edt\u00e1sait\u201d \u00e9s az \u00faj igazgat\u00f3val ... Olvass tov\u00e1bb\" \/>\n<meta property=\"og:url\" content=\"https:\/\/bozsogiattila.hu\/?p=839\" \/>\n<meta property=\"og:site_name\" content=\"Bozsogi Attila\" \/>\n<meta property=\"article:published_time\" content=\"2012-10-20T14:26:00+00:00\" \/>\n<meta property=\"article:modified_time\" content=\"2024-01-07T14:27:14+00:00\" \/>\n<meta name=\"author\" content=\"Bozsogi Attila\" \/>\n<meta name=\"twitter:card\" content=\"summary_large_image\" \/>\n<meta name=\"twitter:label1\" content=\"Szerz\u0151:\" \/>\n\t<meta name=\"twitter:data1\" content=\"Bozsogi Attila\" \/>\n\t<meta name=\"twitter:label2\" content=\"Becs\u00fclt olvas\u00e1si id\u0151\" \/>\n\t<meta name=\"twitter:data2\" content=\"4 perc\" \/>\n<script type=\"application\/ld+json\" class=\"yoast-schema-graph\">{\"@context\":\"https:\/\/schema.org\",\"@graph\":[{\"@type\":\"WebPage\",\"@id\":\"https:\/\/bozsogiattila.hu\/?p=839\",\"url\":\"https:\/\/bozsogiattila.hu\/?p=839\",\"name\":\"V\u00c1LTOZ\u00c1SOK A HAGYMATIKUMBAN - Bozsogi Attila\",\"isPartOf\":{\"@id\":\"https:\/\/bozsogiattila.hu\/#website\"},\"datePublished\":\"2012-10-20T14:26:00+00:00\",\"dateModified\":\"2024-01-07T14:27:14+00:00\",\"author\":{\"@id\":\"https:\/\/bozsogiattila.hu\/#\/schema\/person\/488c99f554a8c4039201260dd5eb795e\"},\"breadcrumb\":{\"@id\":\"https:\/\/bozsogiattila.hu\/?p=839#breadcrumb\"},\"inLanguage\":\"hu\",\"potentialAction\":[{\"@type\":\"ReadAction\",\"target\":[\"https:\/\/bozsogiattila.hu\/?p=839\"]}]},{\"@type\":\"BreadcrumbList\",\"@id\":\"https:\/\/bozsogiattila.hu\/?p=839#breadcrumb\",\"itemListElement\":[{\"@type\":\"ListItem\",\"position\":1,\"name\":\"Kezd\u0151lap\",\"item\":\"https:\/\/bozsogiattila.hu\/\"},{\"@type\":\"ListItem\",\"position\":2,\"name\":\"V\u00c1LTOZ\u00c1SOK A HAGYMATIKUMBAN\"}]},{\"@type\":\"WebSite\",\"@id\":\"https:\/\/bozsogiattila.hu\/#website\",\"url\":\"https:\/\/bozsogiattila.hu\/\",\"name\":\"Bozsogi Attila\",\"description\":\"a zen\u00e9sz, \u00edr\u00f3 munk\u00e1ss\u00e1g\u00e1nak \u00e9s a mak\u00f3i muzsikusok eml\u00e9k\u00e9t \u0151rz\u0151 oldal\",\"potentialAction\":[{\"@type\":\"SearchAction\",\"target\":{\"@type\":\"EntryPoint\",\"urlTemplate\":\"https:\/\/bozsogiattila.hu\/?s={search_term_string}\"},\"query-input\":\"required name=search_term_string\"}],\"inLanguage\":\"hu\"},{\"@type\":\"Person\",\"@id\":\"https:\/\/bozsogiattila.hu\/#\/schema\/person\/488c99f554a8c4039201260dd5eb795e\",\"name\":\"Bozsogi Attila\",\"image\":{\"@type\":\"ImageObject\",\"inLanguage\":\"hu\",\"@id\":\"https:\/\/bozsogiattila.hu\/#\/schema\/person\/image\/\",\"url\":\"https:\/\/secure.gravatar.com\/avatar\/7da6b5985e34ed798d1670c54ce7d20e6a53b800bb0c07945c64b09392f3dbfd?s=96&d=mm&r=g\",\"contentUrl\":\"https:\/\/secure.gravatar.com\/avatar\/7da6b5985e34ed798d1670c54ce7d20e6a53b800bb0c07945c64b09392f3dbfd?s=96&d=mm&r=g\",\"caption\":\"Bozsogi Attila\"},\"sameAs\":[\"http:\/\/www.boszogiattila.hu\"],\"url\":\"https:\/\/bozsogiattila.hu\/?author=3\"}]}<\/script>\n<!-- \/ Yoast SEO plugin. -->","yoast_head_json":{"title":"V\u00c1LTOZ\u00c1SOK A HAGYMATIKUMBAN - Bozsogi Attila","robots":{"index":"index","follow":"follow","max-snippet":"max-snippet:-1","max-image-preview":"max-image-preview:large","max-video-preview":"max-video-preview:-1"},"canonical":"https:\/\/bozsogiattila.hu\/?p=839","og_locale":"hu_HU","og_type":"article","og_title":"V\u00c1LTOZ\u00c1SOK A HAGYMATIKUMBAN - Bozsogi Attila","og_description":"V\u00c1LTOZ\u00c1SOK A HAGYMATIKUMBAN T\u00e1vozott, Kovacsics Imre a \u201eNagy m\u00e1gus\u201d a Hagymatikum \u00e9l\u00e9r\u0151l, \u00e9s kipip\u00e1lhatott a palett\u00e1j\u00e1n egy \u00fajabb f\u00fcrd\u0151t, h\u00e1trahagyva a szok\u00e1sos hi\u00e1nyt, \u00e9s a szak\u00e9rtelem hi\u00e1ny\u00e1ban megval\u00f3s\u00edtott \u00f6tleteit, melyek sok kellemetlens\u00e9get okoztak a f\u00fcrd\u0151 vend\u00e9geinek, \u00e9s a v\u00e1ros vezet\u0151s\u00e9g\u00e9nek egyar\u00e1nt. B\u00edzunk benne, hogy a h\u00e1tra maradt vezet\u0151k elfelejtik, \u201eTan\u00e1ruk tan\u00edt\u00e1sait\u201d \u00e9s az \u00faj igazgat\u00f3val ... Olvass tov\u00e1bb","og_url":"https:\/\/bozsogiattila.hu\/?p=839","og_site_name":"Bozsogi Attila","article_published_time":"2012-10-20T14:26:00+00:00","article_modified_time":"2024-01-07T14:27:14+00:00","author":"Bozsogi Attila","twitter_card":"summary_large_image","twitter_misc":{"Szerz\u0151:":"Bozsogi Attila","Becs\u00fclt olvas\u00e1si id\u0151":"4 perc"},"schema":{"@context":"https:\/\/schema.org","@graph":[{"@type":"WebPage","@id":"https:\/\/bozsogiattila.hu\/?p=839","url":"https:\/\/bozsogiattila.hu\/?p=839","name":"V\u00c1LTOZ\u00c1SOK A HAGYMATIKUMBAN - Bozsogi Attila","isPartOf":{"@id":"https:\/\/bozsogiattila.hu\/#website"},"datePublished":"2012-10-20T14:26:00+00:00","dateModified":"2024-01-07T14:27:14+00:00","author":{"@id":"https:\/\/bozsogiattila.hu\/#\/schema\/person\/488c99f554a8c4039201260dd5eb795e"},"breadcrumb":{"@id":"https:\/\/bozsogiattila.hu\/?p=839#breadcrumb"},"inLanguage":"hu","potentialAction":[{"@type":"ReadAction","target":["https:\/\/bozsogiattila.hu\/?p=839"]}]},{"@type":"BreadcrumbList","@id":"https:\/\/bozsogiattila.hu\/?p=839#breadcrumb","itemListElement":[{"@type":"ListItem","position":1,"name":"Kezd\u0151lap","item":"https:\/\/bozsogiattila.hu\/"},{"@type":"ListItem","position":2,"name":"V\u00c1LTOZ\u00c1SOK A HAGYMATIKUMBAN"}]},{"@type":"WebSite","@id":"https:\/\/bozsogiattila.hu\/#website","url":"https:\/\/bozsogiattila.hu\/","name":"Bozsogi Attila","description":"a zen\u00e9sz, \u00edr\u00f3 munk\u00e1ss\u00e1g\u00e1nak \u00e9s a mak\u00f3i muzsikusok eml\u00e9k\u00e9t \u0151rz\u0151 oldal","potentialAction":[{"@type":"SearchAction","target":{"@type":"EntryPoint","urlTemplate":"https:\/\/bozsogiattila.hu\/?s={search_term_string}"},"query-input":"required name=search_term_string"}],"inLanguage":"hu"},{"@type":"Person","@id":"https:\/\/bozsogiattila.hu\/#\/schema\/person\/488c99f554a8c4039201260dd5eb795e","name":"Bozsogi Attila","image":{"@type":"ImageObject","inLanguage":"hu","@id":"https:\/\/bozsogiattila.hu\/#\/schema\/person\/image\/","url":"https:\/\/secure.gravatar.com\/avatar\/7da6b5985e34ed798d1670c54ce7d20e6a53b800bb0c07945c64b09392f3dbfd?s=96&d=mm&r=g","contentUrl":"https:\/\/secure.gravatar.com\/avatar\/7da6b5985e34ed798d1670c54ce7d20e6a53b800bb0c07945c64b09392f3dbfd?s=96&d=mm&r=g","caption":"Bozsogi Attila"},"sameAs":["http:\/\/www.boszogiattila.hu"],"url":"https:\/\/bozsogiattila.hu\/?author=3"}]}},"jetpack_featured_media_url":"","_links":{"self":[{"href":"https:\/\/bozsogiattila.hu\/index.php?rest_route=\/wp\/v2\/posts\/839","targetHints":{"allow":["GET"]}}],"collection":[{"href":"https:\/\/bozsogiattila.hu\/index.php?rest_route=\/wp\/v2\/posts"}],"about":[{"href":"https:\/\/bozsogiattila.hu\/index.php?rest_route=\/wp\/v2\/types\/post"}],"author":[{"embeddable":true,"href":"https:\/\/bozsogiattila.hu\/index.php?rest_route=\/wp\/v2\/users\/3"}],"replies":[{"embeddable":true,"href":"https:\/\/bozsogiattila.hu\/index.php?rest_route=%2Fwp%2Fv2%2Fcomments&post=839"}],"version-history":[{"count":1,"href":"https:\/\/bozsogiattila.hu\/index.php?rest_route=\/wp\/v2\/posts\/839\/revisions"}],"predecessor-version":[{"id":840,"href":"https:\/\/bozsogiattila.hu\/index.php?rest_route=\/wp\/v2\/posts\/839\/revisions\/840"}],"wp:attachment":[{"href":"https:\/\/bozsogiattila.hu\/index.php?rest_route=%2Fwp%2Fv2%2Fmedia&parent=839"}],"wp:term":[{"taxonomy":"category","embeddable":true,"href":"https:\/\/bozsogiattila.hu\/index.php?rest_route=%2Fwp%2Fv2%2Fcategories&post=839"},{"taxonomy":"post_tag","embeddable":true,"href":"https:\/\/bozsogiattila.hu\/index.php?rest_route=%2Fwp%2Fv2%2Ftags&post=839"}],"curies":[{"name":"wp","href":"https:\/\/api.w.org\/{rel}","templated":true}]}}