{"id":843,"date":"2007-08-08T18:59:00","date_gmt":"2007-08-08T18:59:00","guid":{"rendered":"https:\/\/bozsogiattila.hu\/?p=843"},"modified":"2024-01-09T20:40:10","modified_gmt":"2024-01-09T20:40:10","slug":"a-ciganysag-es-a-magyar-nota","status":"publish","type":"post","link":"https:\/\/bozsogiattila.hu\/?p=843","title":{"rendered":"A CIG\u00c1NYS\u00c1G \u00c9S A MAGYAR N\u00d3TA"},"content":{"rendered":"\n<p class=\"wp-block-paragraph\">A CIG\u00c1NYS\u00c1G \u00c9S A MAGYAR N\u00d3TA<\/p>\n\n\n\n<p class=\"wp-block-paragraph\">A cig\u00e1nyzen\u00e9szek \u00e9s a magyar n\u00f3ta elv\u00e1laszthatatlanok egym\u00e1st\u00f3l, \u00e9s mint \u00e9des testv\u00e9rek, \u00fagy ismertett\u00e9k meg kapcsolatukat a nagyvil\u00e1ggal.<br>M\u00edg a magyarok Etel-k\u00f6zb\u0151l, addig a cig\u00e1nyok India \u00e9szaki r\u00e9sz\u00e9b\u0151l sz\u00e1rmaznak. Hozz\u00e1nk hasonl\u00f3an \u0151k is hossz\u00fa utat tettek meg, am\u00edg meg\u00e9rkeztek a mai Magyarorsz\u00e1g ter\u00fclet\u00e9re.<br>A cig\u00e1nys\u00e1g eredete \u00e9s n\u00e9pess\u00e9ge a tudom\u00e1ny mai \u00e1ll\u00e1sa szerint viszonylag tiszt\u00e1n \u00e1ll el\u0151tt\u00fcnk. T\u00f6rt\u00e9net\u00fck, a t\u00f6rt\u00e9neti k\u00fatf\u0151k, hivatalos oklevelek, \u00e9s mag\u00e1nfeljegyz\u00e9sek csek\u00e9ly sz\u00e1ma miatt, csak nagy von\u00e1sokban v\u00e1zolhat\u00f3k. V\u00e1lyi Istv\u00e1n kutat\u00e1sai szerint nyelv\u00fck \u00e9s n\u00e9prajzi jelleg\u00fck rokon az indiai kangarok\u00e9val \u00e9s prakritok\u00e9val, hasonl\u00f3an nyelvi rokons\u00e1gban vannak a malab\u00e1ri nyelvj\u00e1r\u00e1ssal is.<br>Id\u0151sz\u00e1m\u00edt\u00e1sunk el\u0151tt az V. sz\u00e1zadban m\u00e1r Perzsi\u00e1ban tal\u00e1ljuk \u0151ket. A perzs\u00e1k nagy k\u00f6lt\u0151je Firdauszi le\u00edrja, hogy Bahram G\u00f3r perzsa uralkod\u00f3 az indiai kir\u00e1lyt\u00f3l 12 000 lurit (muzsikust) kapott aj\u00e1nd\u00e9kba. K\u00e9telyeink nem lehetnek, mivel Ir\u00e1nban ma is luri a cig\u00e1nyok neve. Perzsa ut\u00e1n \u00d6rm\u00e9nyorsz\u00e1gon \u00e9s Egyiptomon kereszt\u00fcl jutottak el Eur\u00f3p\u00e1ba.<br>1419-ben a Berni Kr\u00f3nika m\u00e1r megeml\u00edti a cig\u00e1nyokat. Egy olasz feljegyz\u00e9s \u00e9rtelm\u00e9ben: 1422-ben, Bologn\u00e1ban is letelepedtek az els\u0151 cig\u00e1ny csal\u00e1dok. \u0150si v\u00e1ndorl\u00f3 hajlamuknak k\u00f6sz\u00f6nhet\u0151en az 1500-as \u00e9vekben m\u00e1r eg\u00e9sz Eur\u00f3p\u00e1ban ismeretesek.<\/p>\n\n\n\n<p class=\"wp-block-paragraph\">A cig\u00e1nyok \u00f6nmagukat rom vagy roma (ember), n\u00e9hol k\u00e1l\u00f3 (fekete) n\u00e9vvel jel\u00f6lik. Egy r\u00e9sz\u00fck Eur\u00f3p\u00e1ban is megmaradt v\u00e1ndornak, \u00e9s s\u00e1trakban laktak. Saj\u00e1t nyelv\u00fck\u00f6n ezeket kortor\u00e1rnak: s\u00e1toros cig\u00e1nyoknak nevezt\u00e9k. Kisebb r\u00e9sz\u00fck letelepedet \u00e9s szeg\u00e9nyes visk\u00f3kban, putrikban \u00e9ltek. Ezeket gletecsore n\u00e9vvel illett\u00e9k. &#8211; Az 1970-es \u00e9vekben a Dun\u00e1nt\u00falon m\u00e9g tal\u00e1lkoztam \u00e9n is tekn\u0151kapar\u00f3 s\u00e1toros cig\u00e1nyokkal. \u2013 Az angol nyelvter\u00fcleten \u00e9s \u00c9szak-Amerikai ter\u00fcleten gipsy a nev\u00fck, mivel az angolok egyiptomi eredet\u0171nek v\u00e9lt\u00e9k \u0151ket. Franciaorsz\u00e1gban boh\u00e9mien a nev\u00fck, mert Csehorsz\u00e1gb\u00f3l telepedtek \u00e1t. A spanyolok, \u00e9s a d\u00e9l-amerikaiak hungaro-nak nevezik a cig\u00e1nys\u00e1got, m\u00edg a hollandok ungern-nek; mindk\u00e9t elnevez\u00e9s felt\u00e9telezett magyar sz\u00e1rmaz\u00e1sukra utal. R\u00e9gi latin nyelv\u0171 okleveleink Pharaones (f\u00e1ra\u00f3k ivad\u00e9kai) n\u00e9ven emlegetik \u0151ket, mivel sok\u00e1ig az volt a n\u00e9zet, hogy Egyiptomb\u00f3l sz\u00e1rmaznak. A B\u00e1rczy-f\u00e9le sz\u00f3fejt\u0151 sz\u00f3t\u00e1r adatai szerint a \u201ecig\u00e1ny\u201d sz\u00f3t a bolg\u00e1r-szlov\u00e1kb\u00f3l, illetve a horv\u00e1t-szerb nyelvb\u0151l vette \u00e1t mai nyelv\u00fcnk. Ez t\u00fckr\u00f6z\u0151dik a n\u00e9met Zigeuner \u00e9s az olasz zingaro sz\u00f3ban is.<\/p>\n\n\n\n<p class=\"wp-block-paragraph\">Az 1960-as \u00e9vek felm\u00e9r\u00e9sei szerint: a f\u00f6ldkereks\u00e9gen mintegy 5 milli\u00f3 cig\u00e1ny \u00e9lt, (sz\u00e1muk rohamosan n\u0151) k\u00f6z\u00fcl\u00fck valamivel t\u00f6bb, mint egymilli\u00f3 eur\u00f3pai lakos. Legnagyobb telep\u00fcl\u00e9sek D\u00e9lnyugat-\u00c1zsia \u00e9s D\u00e9lkelet-Eur\u00f3pa. N\u00e1lunk hozz\u00e1vet\u0151legesen az akkori n\u00e9psz\u00e1ml\u00e1l\u00e1sok szerint 60-70 ezer f\u0151nyi cig\u00e1ny \u00e9lt. (ma m\u00e1r sz\u00e1muk a 800 ezer f\u0151t is meghaladja.) M\u00e1s f\u00f6ldr\u00e9szeken, \u00e9s orsz\u00e1gokban viszonylag kisebb t\u00f6megekben fordulnak el\u0151.<br>Magyarorsz\u00e1gra a cig\u00e1nyok az 1420-as \u00e9vekben a mai Rom\u00e1nia ter\u00fclet\u00e9r\u0151l a Duna ment\u00e9n vonulva \u00e9rkeztek, Zsigmond kir\u00e1ly uralkod\u00e1s\u00e1nak idej\u00e9n. Leteleped\u00e9s\u00fck ut\u00e1n v\u00e1ndor- \u00e9s fegyverkov\u00e1csok, v\u00e1lyogvet\u0151k lettek. Okleveleinkben zen\u00e9sz cig\u00e1nyr\u00f3l el\u0151sz\u00f6r 1489-ben t\u00f6rt\u00e9nik eml\u00edt\u00e9s, M\u00e1ty\u00e1s kir\u00e1ly olasz feles\u00e9g\u00e9nek Beatrixnek a csepeli lantos cig\u00e1nyair\u00f3l \u00edrt a kr\u00f3nika. 1543-b\u00f3l val\u00f3 feljegyz\u00e9s Izabella kir\u00e1lyn\u00e9 heged\u0171seir\u0151l tesz eml\u00edt\u00e9st. Tin\u00f3di feljegyz\u00e9sei nyom\u00e1n, K\u00e1rm\u00e1n Demeter, volt az els\u0151 n\u00e9v szerint ismert cig\u00e1nyzen\u00e9sz, akinek az \u0151sei m\u00e9g a \u201eKenderszak\u00e1ll\u00fa\u201d Zsigmond idej\u00e9ben ker\u00fcltek haz\u00e1nkba. Zr\u00ednyi Gy\u00f6rgy 1596-ban P\u00e9cs mellett elfogta a p\u00e9csi t\u00f6r\u00f6k b\u00e9g k\u00e9t cig\u00e1ny\u00e1t, egy heged\u0171st \u00e9s egy cimbalmost, akik muzsik\u00e1l\u00e1s k\u00f6zben \u00e9nekeltek is.<br>Eur\u00f3pa szerte; idegenked\u00e9ssel \u00e9s gyanakv\u00e1ssal fogadt\u00e1k, \u00e9s k\u00e9meknek tartott\u00e1k \u0151ket. Ezzel magyar\u00e1zhat\u00f3k a k\u00fcl\u00f6nb\u00f6z\u0151 rendszab\u00e1lyok, s\u0151t helyenk\u00e9nt a cig\u00e1ny\u00fcld\u00f6z\u00e9s is. N\u00e1lunk ilyenr\u0151l nem tudunk, s\u0151t az erd\u00e9lyi fejedelmekt\u0151l kiv\u00e1lts\u00e1glevelet is kaptak.<br>1595-ben, Franciaorsz\u00e1gban parlamenti hat\u00e1rozat rendelte el kiirt\u00e1sukat. 1662-t\u0151l hal\u00e1lb\u00fcntet\u00e9s terhe mellett tilos volt tart\u00f3zkodniuk; Sv\u00e9dorsz\u00e1gban \u00e9s D\u00e1ni\u00e1ban. \u20ac<br>A m\u00e1sodik vil\u00e1gh\u00e1bor\u00fa idej\u00e9n Hitler koncentr\u00e1ci\u00f3s t\u00e1boraiban mintegy f\u00e9lmilli\u00f3 cig\u00e1nyt v\u00e9geztek ki, vagy k\u00ednoztak hal\u00e1lra. K\u00f6zt\u00fck t\u00f6bb ezer magyar \u00e9s lengyel cig\u00e1ny lelte hal\u00e1l\u00e1t a g\u00e1zkamr\u00e1kban.<br>A cig\u00e1nys\u00e1g zenei szerepe n\u00e1lunk, a kir\u00e1lyi udvarokban kezd\u0151d\u00f6tt, de m\u00e1r a barokk korban (kb. 1600-1750) egyh\u00e1zi \u00e9s f\u0151\u00fari udvarokban is megtal\u00e1ljuk \u0151ket. Cs\u00e1ky Imre b\u00edboros \u00e9rsek muzsikus cig\u00e1nya Barna Mih\u00e1ly tizenegy kiv\u00e1l\u00f3 pr\u00edm\u00e1s el\u0151l nyerte el az els\u0151 d\u00edjat a cig\u00e1nyok zenei verseny\u00e9n. De Th\u00f6k\u00f6ly udvar\u00e1ban is \u00e9ltek cig\u00e1nyzen\u00e9szek.<br>Nagyobb \u00e9s igazi szerep\u00fck a nemesi k\u00fari\u00e1kon kezd\u0151d\u00f6tt 1750 ut\u00e1n. Ekkor kuri\u00e1lis zen\u00e9nek mondj\u00e1k a cig\u00e1nyok muzsik\u00e1l\u00e1s\u00e1t. Szinte minden magyar nemesnek legal\u00e1bb egy cig\u00e1nya volt, aki ha nem is a k\u00fari\u00e1n \u00e9lt m\u00e9gis a h\u00e1zi csel\u00e9ds\u00e9g k\u00f6z\u00e9 sorolt\u00e1k.<br>A legt\u00f6bb f\u00f6ldes \u00far egyenruh\u00e1t szabatott cig\u00e1nyainak, \u00e9s ekkor v\u00e1lt divatt\u00e1 a v\u00f6r\u00f6s nadr\u00e1g, s\u00e1rga csizma \u00e9s husz\u00e1rruha form\u00e1j\u00fa mente, mely egy \u00e9vsz\u00e1zadon \u00e1t a muzsikus cig\u00e1nyok jellegzetes viselete volt.<br>A cig\u00e1nyzene n\u00e9pszer\u0171s\u00e9g\u00e9re jellemz\u0151, hogy M\u00e1ria Ter\u00e9zia f\u00e9rj\u00e9nek Lotaringiai Frigyesnek bek\u00f6vetkezett hal\u00e1lakor a gy\u00e1sz jel\u00e9\u00fcl a cig\u00e1nyzen\u00e9t betiltott\u00e1k, de a kolozsv\u00e1ri v\u00e1rosi tan\u00e1cs k\u00f6zbenj\u00e1rt a tilalom feloldoz\u00e1sa \u00e9rdek\u00e9ben.<br>A XVIII. sz\u00e1zad utols\u00f3 harmad\u00e1t\u00f3l; a verbunkos korszakban jelent\u0151s\u00e9g\u00fck egyre n\u0151tt, \u00e9s lassan \u0151k v\u00e1ltak a magyar zene reprezent\u00e1nsaiv\u00e1. \u00cdr\u00f3k \u00e9s k\u00f6lt\u0151k eml\u00e9keztek meg r\u00f3luk: t\u00f6bbek k\u00f6z\u00f6tt Gvad\u00e1nyi J\u00f3zsef is \u201eP\u00f6st\u00e9nyi f\u00f6r\u00f6d\u00e9s\u201d \u00e9s \u201eRont\u00f3 P\u00e1l c\u00edm\u0171 verseiben. A XIX. sz\u00e1zadban \u00e9rt fel m\u0171v\u00e9szet\u00fck a cs\u00facspontra.<\/p>\n\n\n\n<p class=\"wp-block-paragraph\">1867-ben a kiegyez\u00e9s ut\u00e1ni id\u0151kben a birtokaikat elhagy\u00f3 \u00e9s dzsentriv\u00e9 deklassz\u00e1l\u00f3dott nemess\u00e9g, \u00e9s a v\u00e1rosi hivatalnoki r\u00e9teg, valamint a polg\u00e1rs\u00e1g muzsikusaiv\u00e1 v\u00e1ltak a magyarorsz\u00e1gi cig\u00e1nyaink. Ebben az id\u0151ben \u00e9lez\u0151dik ki az ellent\u00e9t az \u201e\u00fari\u201d (v\u00e1rosi) \u00e9s a falusi cig\u00e1nyok k\u00f6z\u00f6tt. Az \u00fari cig\u00e1nyok m\u0171sora, \u00e9s j\u00e1t\u00e9kst\u00edlusa elt\u00e1volodott a n\u00e9pt\u0151l \u00e9s a verbunkos muzsik\u00e1t\u00f3l, \u00e9s a s\u00fcllyed\u0151 \u00fari vil\u00e1g betegesen \u00e9rzelg\u0151s \u00e9rz\u00e9svil\u00e1g\u00e1t t\u00fckr\u00f6z\u0151 magyar n\u00f3ta \u00e9s cs\u00e1rd\u00e1s-zene, a b\u00e9csi kering\u0151k \u00e9s operett dalok fel\u00e9 orient\u00e1l\u00f3dott. Megkezd\u0151d\u00f6tt \u00e9s kim\u00e9ly\u00fclt a cig\u00e1nyzene v\u00e1ls\u00e1ga, mely\u00e9rt a cig\u00e1nyzen\u00e9szek nem teljes m\u00e9rt\u00e9kben voltak felel\u0151sek, hiszen \u00e9vsz\u00e1zadokon \u00e1t hozz\u00e1szoktak ahhoz, hogy parancssz\u00f3ra kellett muzsik\u00e1lniuk.<\/p>\n\n\n\n<p class=\"wp-block-paragraph\">1945-t\u0151l az egykor kir\u00e1lyok \u00e9s f\u0151urak, majd a nemesi oszt\u00e1lyok kiszolg\u00e1l\u00f3i; a cig\u00e1nyzen\u00e9szeink, a n\u00e9p muzsikusai \u00e9s igazi n\u00e9pzenei hagyom\u00e1nyok let\u00e9tem\u00e9nyesei lettek, \u00e9s \u00edgy v\u00e1ltak n\u00e9pzen\u00e9szekk\u00e9.<br>Nagyfok\u00fa sz\u00e9ttagolts\u00e1guk folyt\u00e1n szinte napjainkig megmaradt legnagyobb k\u00f6z\u00f6ss\u00e9gi keret\u00fck, melynek \u00e9l\u00e9n a vajda, cig\u00e1nyb\u00e1r\u00f3, gr\u00f3f, vagy n\u00e9hol az Egyiptom hercege c\u00edmet visel\u0151 t\u00f6rzsf\u0151n\u00f6k \u00e1ll, aki egyben meghat\u00e1rozza az al\u00e1ja tartoz\u00f3 t\u00f6rzs rangj\u00e1t is. (P\u00fcsp\u00f6klad\u00e1ny k\u00f6rny\u00e9k\u00e9n m\u00e9g ma is tisztelettel tekintenek az olyan cig\u00e1nyra, aki a \u201eNagy T\u00e1r\u00e9 unok\u00e1ja\u201d.)<\/p>\n\n\n\n<p class=\"wp-block-paragraph\">J\u00f6vev\u00e9nyek l\u00e9v\u00e9n minden orsz\u00e1gban kiszolg\u00e1ltatottak voltak. N\u00e1lunk is hossz\u00fa sz\u00e1zadokon kereszt\u00fcl len\u00e9zt\u00e9k, semmibe vett\u00e9k a kobzos, lantos, igric, heged\u0151s, reg\u00f6s, truf\u00e1tor \u00e9s egy\u00e9b nevekkel felruh\u00e1zott \u00e9nekeseket, zen\u00e9szeket, ak\u00e1rcsak a k\u00e9s\u0151bbi kom\u00e9di\u00e1soknak nevezett \u00e9s len\u00e9zett sz\u00edn\u00e9szeket.<\/p>\n\n\n\n<p class=\"wp-block-paragraph\">A XVIII. \u00e9s XIX. sz\u00e1zad fordul\u00f3j\u00e1n n\u00e9h\u00e1ny reform\u00e1tus koll\u00e9giumban, \u2013\u00edgy p\u00e9ld\u00e1ul S\u00e1rospatakon \u2013 a n\u00f6vend\u00e9kek heged\u0171oktat\u00e1s\u00e1t cig\u00e1nyok v\u00e9gezt\u00e9k, term\u00e9szetesen kotta n\u00e9lk\u00fcl, ujj-illeszt\u00e9s, \u00e9s hall\u00e1s ut\u00e1n.<br>Ebben az id\u0151ben nem nemes emberhez m\u00e9lt\u00f3nak tekintett\u00e9k a vil\u00e1gi hangszeres muzsik\u00e1t. Ennek legeklat\u00e1nsabb p\u00e9ld\u00e1ja a p\u00e1pai reform\u00e1tus koll\u00e9gium 1803-b\u00f3l val\u00f3 d\u00f6ntv\u00e9ny\u00e9nek passzusa.<br>\u201eA heged\u00fcl\u00e9s minden okos Tz\u00e9l n\u00e9lk\u00fcl val\u00f3 muzsika\u201d.<br>A magyar nemess\u00e9g szerette ugyan hallgatni a cig\u00e1nyzen\u00e9t, a dzsentrik m\u00e9g \u00f6ssze is tegez\u0151dtek a cig\u00e1nyokkal, de emberi k\u00f6r\u00fclm\u00e9nyeikkel, sorsukkal nem t\u00f6r\u0151dtek.<br>M\u00e9g siralmasabb volt a nem muzsik\u00e1l\u00f3 s\u00e1trakban lak\u00f3 v\u00e1ndorcig\u00e1nyok sorsa. M\u00e1ria Ter\u00e9zia \u00e9s II. J\u00f3zsef megpr\u00f3b\u00e1lkoztak letelep\u00edt\u00e9s\u00fckkel, de nem sok eredm\u00e9nnyel, f\u0151leg, az\u00e9rt mert a letelep\u00edt\u00e9s ut\u00e1n is jogfosztotts\u00e1g \u00e9s kiszolg\u00e1ltatotts\u00e1g \u00e1llapot\u00e1ban akart\u00e1k tartani \u0151ket.<br>Sorsuk csak a 2-ik vil\u00e1gh\u00e1bor\u00fa ut\u00e1n rendez\u0151d\u00f6tt, amikor a t\u00e1rsadalom teljesen egyenjog\u00fa \u00e1llampolg\u00e1rokk\u00e1 tette a cig\u00e1nyokat m\u00e1s kisebbs\u00e9gekkel \u00e9s a magyarokkal egy\u00fctt.<\/p>\n\n\n\n<p class=\"wp-block-paragraph\">A cig\u00e1nys\u00e1g k\u00fcl\u00f6nleges zen\u00e9l\u00e9sm\u00f3dj\u00e1t hindu saj\u00e1toss\u00e1gok t\u00fckr\u00f6zik. Ilyenek: a b\u0151v\u00edtett m\u00e1sodhoz val\u00f3 felt\u0171n\u0151 vonz\u00f3d\u00e1s, a nagyon szabad el\u0151ad\u00e1sm\u00f3d, a glissand\u00f3s (cs\u00faszk\u00e1l\u00f3) el\u0151ad\u00e1s k\u00f6zben a f\u00e9lhang-t\u00e1vols\u00e1gn\u00e1l is kisebb hangk\u00f6z\u00f6k \u00e9rint\u00e9se, r\u00f6gt\u00f6nz\u0151 \u00e9s vari\u00e1l\u00f3 k\u00e9szs\u00e9g, er\u0151s vibr\u00e1to (\u201ekecske-trilla\u201d.)<br>Els\u0151sorban nem alkot\u00f3, hanem el\u0151ad\u00f3m\u0171v\u00e9szi k\u00e9szs\u00e9ggel t\u0171nnek ki tehets\u00e9g\u00fckkel. Voltak \u00e9s vannak zeneszerz\u00e9ssel is foglalkoz\u00f3 cig\u00e1nyzen\u00e9szek, de nem eredeti zen\u00e9j\u00fckh\u00f6z, hanem a magyar n\u00f3ta-vil\u00e1g\u00e1hoz kapcsol\u00f3dtak, (Bihari, Boka, Dank\u00f3 Pista, Purcsi Pepi, vagy a b\u00e9csi kering\u0151 \u00e9s a nemzetk\u00f6zi t\u00e1nczene vil\u00e1g\u00e1hoz tartoz\u00f3 Radics.) \u00e9s ez a zeneszerz\u0151i elhivatotts\u00e1guk megmaradt a mai napig is.<br>\u00d6n\u00e1ll\u00f3 zenem\u0171v\u00e9szet\u00fck nincs, mint ahogy nemzeti fest\u0151m\u0171v\u00e9szet\u00fck, szobr\u00e1szatuk vagy \u00e9p\u00edt\u00e9szet\u00fck sincs. Jellemz\u0151, hogy nyelv\u00fckben a m\u0171v\u00e9szet jel\u00f6l\u00e9s\u00e9re nincs egyetlen f\u0151nev\u00fck sem.<br>Sok\u00e1ig vitatott volt, hogy zen\u00e9l\u00e9s\u00fck n\u00e9pzene, vagy a m\u0171zene keretei k\u00f6z\u00e9 tartozik-e? Voltak\u00e9pp \u00e1tmeneti jelens\u00e9ggel \u00e1llunk szemben: j\u00e1t\u00e9kukban tal\u00e1lunk n\u00e9pzenei \u00e9s m\u0171zenei elemeket egyar\u00e1nt. A n\u00e9pzen\u00e9re utal a \u201efilhall\u00e1s \u00fatj\u00e1n val\u00f3 tanul\u00e1s\u201d, valamint a vari\u00e1nsok k\u00e9pz\u0151d\u00e9se. M\u0171zenei viszont a harm\u00f3nia-kezel\u00e9s, tov\u00e1bb\u00e1 a barokkori hangszerel\u00e9s, ami ma m\u00e1r korszer\u0171tlenn\u00e9 v\u00e1lt.<\/p>\n\n\n\n<p class=\"wp-block-paragraph\">Az ismeretek birtok\u00e1ban jogosan k\u00e9rdezhetj\u00fck, hogy van-e \u00f6n\u00e1ll\u00f3 n\u00e9pzen\u00e9j\u00fck? Sok\u00e1ig ezt is elvitatt\u00e1k t\u0151l\u00fck. A cig\u00e1nyprobl\u00e9m\u00e1t ink\u00e1bb rend\u00e9szet, mintsem nemzetis\u00e9gi politika ter\u00fclet\u00e9re tartoz\u00f3nak tekintett\u00e9k. M\u00e1sr\u00e9szt az etnogr\u00e1fia \u00e9s folkl\u00f3r alig n\u00e9h\u00e1ny \u00e9vtizede v\u00e1lt csak komoly tudom\u00e1ny\u00e1gg\u00e1, ahol v\u00e1ratott mag\u00e1ra a r\u00e9szletes kutat\u00e1s ezen a t\u00e9ren. \u00cdgy azt\u00e1n vagy azt hitt\u00e9k, hogy a cig\u00e1nyoknak nincs \u00f6n\u00e1ll\u00f3 n\u00e9pzen\u00e9j\u00fck, vagy pedig a m\u00e1sik v\u00e9gletekbe estek: minden, amit magyar n\u00f3t\u00e1nak hisz\u00fcnk, voltak\u00e9ppen a cig\u00e1nyok zen\u00e9je. 1859-ben Liszt Ferenc is ezt a t\u00e9ves elm\u00e9letet vallotta \u201eA cig\u00e1nyok \u00e9s a cig\u00e1nyzen\u00e9r\u0151l Magyarorsz\u00e1gon\u201d c\u00edm\u0171 francia nyelv\u0171 k\u00f6nyv\u00e9ben, mely 1861-ben magyarul is megjelent.<\/p>\n\n\n\n<p class=\"wp-block-paragraph\">1888-ban a Magyar Tudom\u00e1nyos Akad\u00e9mia adta ki az els\u0151 cig\u00e1ny nyelvtank\u00f6nyvet, melyet az utols\u00f3 n\u00e1dor fia: J\u00f3zsef f\u0151herceg \u00edrt \u201eRomane Csibakero Sziklaribe\u201d c\u00edmmel. Ezut\u00e1n tudtak csak a cig\u00e1nynyelv ismeret\u00e9ben kutatni n\u00e9pzen\u00e9j\u00fckkel kapcsolatosan. Az eredeti cig\u00e1nynyelv\u0171 n\u00e9pzen\u00e9t Csenki S\u00e1ndor \u00e9s Imre gy\u0171jt\u00e9sei nyom\u00e1n kezdt\u00fck megismerni.<br>Gy\u0171jt\u00e9s\u00fck lelkes k\u00f6vet\u0151kre tal\u00e1lt, s \u00edgy ma m\u00e1r sz\u00e9p eredm\u00e9nyeket tudunk felmutatni a cig\u00e1ny-etnogr\u00e1fia \u00e9s folkl\u00f3r ter\u00e9n, \u00fagy elm\u00e9leti mind gyakorlati s\u00edkon. (Cig\u00e1ny n\u00e9pi \u00e9nek \u00e9s t\u00e1ncegy\u00fcttesek)<br>\u00c9nekl\u00e9sm\u00f3djuk, k\u00fcl\u00f6n\u00f6sen lass\u00fa dallamokban er\u0151sen cifr\u00e1zott, \u00e9s gyakran egy m\u00e1sodik sz\u00f3lamot is r\u00f6gt\u00f6n\u00f6znek a f\u0151 mot\u00edvum mell\u00e9. Karcag k\u00f6rny\u00e9k\u00e9n m\u00e9g basszust is \u00e9nekelnek hozz\u00e1.<br>\u00c9nekelt t\u00e1ncdallamaik kev\u00e9sb\u00e9 cifr\u00e1zott, ezeknek viszont az a jellegzetess\u00e9ge, hogy egy r\u00f6videbb sz\u00f6veges szakaszt, hosszabb sz\u00f6vegn\u00e9lk\u00fcli r\u00e9sz k\u00f6veti, amit csak d\u00fadolva vagy lall\u00e1zva \u00e9nekelnek, mik\u00f6zben &#8211; k\u00fcl\u00f6n\u00f6sen a n\u0151k \u2013 ujjaikkal k\u00fcl\u00f6nf\u00e9le ritmusokat csettintgetnek, hasonl\u00f3an a spanyol cig\u00e1nyok kasztanyet cs\u00f6rget\u00e9s\u00e9hez. Az ilyen effektust perget\u00e9snek nevezz\u00fck. Szok\u00e1sos m\u00e9g az is, hogy ez alatt a f\u00e9rfi \u00e9nekesek a hangs\u00falytalan r\u00e9szeken az \u201eu\u201d hangz\u00f3t ism\u00e9telgetik. Ezt b\u0151g\u0151z\u00e9snek nevezik. T\u00e1ncmozdulataik ritmikusak \u00e9s szenved\u00e9lyesek; felt\u0171n\u0151 a n\u0151i t\u00e1ncosokn\u00e1l a v\u00e1llak ritmusos r\u00e1ngat\u00e1sa, m\u00edg a f\u00e9rfiak a hangs\u00falyos \u00fctemr\u00e9szeken bal kez\u00fckkel \u00fclep\u00fcket, a hangs\u00falytalan r\u00e9szeken jobb tenyer\u00fckkel nyitott sz\u00e1jukat \u00fct\u00f6getik.<\/p>\n\n\n\n<p class=\"wp-block-paragraph\">A cig\u00e1nys\u00e1gnak nincs \u00f6n\u00e1ll\u00f3 orsz\u00e1ga, haz\u00e1juknak mindig azt az orsz\u00e1got tartj\u00e1k, ahol \u00e9lnek. Nincs \u00f6n\u00e1ll\u00f3 nyelv\u00fck, csup\u00e1n egy-k\u00e9t ezer sz\u00f3 a sz\u00f3kincs\u00fck, a t\u00f6bbi haszn\u00e1latos sz\u00f3t k\u00f6lcs\u00f6nzik annak az orsz\u00e1gnak a sz\u00f3kincs\u00e9b\u0151l, ahol \u00e9lnek \u00e9s ezt keverik a saj\u00e1t sz\u00f3k\u00e9szlet\u00fckkel. Szok\u00e1s m\u00e9g ma is n\u00e1luk, hogy kol\u00f3ni\u00e1kban \u00e9lnek \u00e9s a zen\u00e9sz cig\u00e1nyok gener\u00e1ci\u00f3r\u00f3l-gener\u00e1ci\u00f3ra a zen\u00e9szfoglalkoz\u00e1st folytatj\u00e1k. \u00cdgy fordulhat el\u0151 olyan eset, mint Mak\u00f3n, ahol a F\u00e1tyol csal\u00e1d csal\u00e1df\u00e1j\u00e1t egy etnogr\u00e1fus vissza tudta vezetni 1703-ig, \u00e9s ez id\u0151 alatt minden csal\u00e1dtag zen\u00e9sz volt. Sz\u0171kebb haz\u00e1mban Csongr\u00e1d-megy\u00e9ben Szegednek Dank\u00f3 Pista, H\u00f3dmez\u0151v\u00e1s\u00e1rhelynek B\u00e9la cig\u00e1ny, Mak\u00f3nak F\u00e1tyol Misi volt legend\u00e1s h\u00edr\u0171 pr\u00edm\u00e1s egy\u00e9nis\u00e9ge.<\/p>\n\n\n\n<p class=\"wp-block-paragraph\">Az \u00f6tvenes \u00e9vekt\u0151l k\u00f6teleztek minden zen\u00e9szt vizsgat\u00e9telre, ak\u00e1r t\u00e1nczen\u00e9sz volt, ak\u00e1r n\u00e9pzen\u00e9sz. A vizsg\u00e1kon az el\u0151irt vizsgaanyagnak kellett eleget tenni. A-B-C \u00e9s kiv\u00e1l\u00f3 A kateg\u00f3ri\u00e1t lehetett szerezni. A fizet\u00e9si besorol\u00e1sn\u00e1l a kateg\u00f3ri\u00e1t tekintett\u00e9k alapul. Ezzel \u00f6szt\u00f6n\u00f6zt\u00e9k a zen\u00e9szeket tanul\u00e1sra, melyre st\u00fadi\u00f3kban kiv\u00e1l\u00f3 tan\u00e1rok ir\u00e1ny\u00edt\u00e1sa mellet volt lehet\u0151s\u00e9g. A zen\u00e9szek nagy r\u00e9sze \u00e9lt a lehet\u0151s\u00e9ggel, \u00e9s \u00e9vek alatt komoly szaktud\u00e1sra tettek szert. Cig\u00e1nyzen\u00e9szeink meg tanultak kott\u00e1t olvasni, \u00e9s ma m\u00e1r eljutottunk od\u00e1ig, hogy Kossuth-d\u00edjas m\u0171v\u00e9szek, \u00e9nekesek, zen\u00e9szek is vannak soraikban. Nem ritka a m\u0171v\u00e9sztan\u00e1ri diplom\u00e1s, f\u0151iskol\u00e1t vagy konzervat\u00f3riumot v\u00e9gzett zen\u00e9sz sem. Ezen k\u00edv\u00fcl sokan b\u00fcszk\u00e9lkedhetnek magas \u00e1llami kit\u00fcntet\u00e9ssel is. Mint p\u00e9ld\u00e1ul a mak\u00f3i sz\u00e1rmaz\u00e1s\u00fa Puka K\u00e1roly pr\u00edm\u00e1s, az 1984. \u00e9vi Von\u00f3p\u00e1rbaj gy\u0151ztese, aki a Magyar K\u00f6zt\u00e1rsas\u00e1gi \u00c9rdem\u00e9rem Aranykereszt kit\u00fcntetettje. De sorolhatn\u00e1m v\u00e9g n\u00e9lk\u00fcl a kit\u00fcntetettek nev\u00e9t, akikre b\u00fcszke az eg\u00e9sz zeneszeret\u0151 t\u00e1bor.<br>Cig\u00e1nyzen\u00e9szeink soha nem l\u00e1tott magass\u00e1gba r\u00f6p\u00edtett\u00e9k fel a magyar n\u00f3t\u00e1t, \u00e9s vil\u00e1gh\u00edrt szereztek e m\u0171fajnak. Gondoljunk csak a Rajk\u00f3zenekarra, a Sz\u00e1ztag\u00fa zenekarra, a Duna m\u0171v\u00e9szegy\u00fcttesre, az egykori \u00c1llami N\u00e9pi Egy\u00fcttesre \u00e9s azokra a mag\u00e1n zenekarokra, akik a tengeren innen, \u00e9s a tengeren t\u00fal sikert-sikerre halmoztak.<br>Hangszereiken felcsend\u00fcltek; a Liszt rapsz\u00f3di\u00e1k, Kod\u00e1ly Zolt\u00e1n: K\u00e1llai kett\u0151se, Bart\u00f3k B\u00e9la sz\u00e1mtalan feldolgoz\u00e1sa, szerzem\u00e9nye, Brahms: Magyar t\u00e1ncai, Hacsaturj\u00e1n: Kardt\u00e1nca, V. Monti: cs\u00e1rd\u00e1sa, Vavrinyec B\u00e9la feldolgoz\u00e1sai, K\u00e1lm\u00e1n Imre, Kacs\u00f3h Pongr\u00e1c, Leh\u00e1r Ferenc, Huszka Jen\u0151, \u00c1brah\u00e1m P\u00e1l \u00f6r\u00f6kz\u00f6ld operett dalai, a Strauss csal\u00e1d kering\u0151i, polk\u00e1i, n\u00e9pszer\u0171 opera r\u00e9szletek, \u00e9s ezek k\u00f6z\u00f6tt a vil\u00e1gklasszis m\u0171vek k\u00f6z\u00f6tt felcsend\u00fcltek a magyar n\u00e9p kincs\u00e9nek sz\u00e1m\u00edt\u00f3 n\u00e9pdalaink, vir\u00e1g\u00e9nekeink, magyar n\u00f3t\u00e1ink, cs\u00e1rd\u00e1saink.<br>Cig\u00e1nyzen\u00e9szeink \u00e9s \u00e9nekeseink megh\u00f3d\u00edtott\u00e1k a vil\u00e1got m\u0171v\u00e9szet\u00fckkel, minden\u00fctt pirosra tapsolt\u00e1k a n\u00e9z\u0151k, hallgat\u00f3k a tenyer\u00fcket, csak n\u00e1lunk, sz\u00fcl\u0151haz\u00e1jukban lettek mostoha gyerekek, nem kellenek a m\u00e9di\u00e1nak, sz\u00e1m\u0171zt\u00e9k \u0151ket, a R\u00e1di\u00f3, \u00e9s a TV. &#8211; m\u0171sorokb\u00f3l.Haldoklik a vil\u00e1g legszebb h\u00edvat\u00e1sa, vagy ha \u00fagy tetszik szakm\u00e1ja, \u00e9s mint egykor elvett\u00e9k a cig\u00e1nyokt\u00f3l a n\u00f3t\u00e1ikat, most megpr\u00f3b\u00e1lj\u00e1k elvenni a magyar n\u00f3t\u00e1t is a n\u00e9pt\u0151l, mely haz\u00e1nk aranyat \u00e9r\u0151 kincse volt egykoron.<br>Megsz\u0171nnek a zen\u00e9s sz\u00f3rakoz\u00f3 helyek, vele egy\u00fctt elfogynak a zen\u00e9szek, m\u00e1s meg\u00e9lhet\u00e9s ut\u00e1n n\u00e9znek, \u00e9s ha valaha ism\u00e9t sz\u00fcks\u00e9g lesz majd a magyar n\u00f3t\u00e1kra, m\u00e1r nem lesz, aki h\u00fazza.<br>Azok a m\u0171v\u00e9szek, akik mindent fel\u00e1ldoztak a siker\u00e9rt, az elismer\u00e9s\u00e9rt, akik megismertett\u00e9k a vil\u00e1ggal a magyar cig\u00e1nymuzsik\u00e1t, a magyar n\u00f3t\u00e1t, elmondhatj\u00e1k, hogy a j\u00f6v\u0151j\u00fck m\u00e1r csup\u00e1n csak a m\u00faltjuk.<br>Mak\u00f3, 2007. 08. 02.<\/p>\n","protected":false},"excerpt":{"rendered":"<p>A CIG\u00c1NYS\u00c1G \u00c9S A MAGYAR N\u00d3TA A cig\u00e1nyzen\u00e9szek \u00e9s a magyar n\u00f3ta elv\u00e1laszthatatlanok egym\u00e1st\u00f3l, \u00e9s mint \u00e9des testv\u00e9rek, \u00fagy ismertett\u00e9k meg kapcsolatukat a nagyvil\u00e1ggal.M\u00edg a magyarok Etel-k\u00f6zb\u0151l, addig a cig\u00e1nyok India \u00e9szaki r\u00e9sz\u00e9b\u0151l sz\u00e1rmaznak. Hozz\u00e1nk hasonl\u00f3an \u0151k is hossz\u00fa utat tettek meg, am\u00edg meg\u00e9rkeztek a mai Magyarorsz\u00e1g ter\u00fclet\u00e9re.A cig\u00e1nys\u00e1g eredete \u00e9s n\u00e9pess\u00e9ge a tudom\u00e1ny mai &#8230; <a title=\"A CIG\u00c1NYS\u00c1G \u00c9S A MAGYAR N\u00d3TA\" class=\"read-more\" href=\"https:\/\/bozsogiattila.hu\/?p=843\" aria-label=\"Tov\u00e1bbiak A CIG\u00c1NYS\u00c1G \u00c9S A MAGYAR N\u00d3TA\">Olvass tov\u00e1bb<\/a><\/p>\n","protected":false},"author":3,"featured_media":0,"comment_status":"open","ping_status":"open","sticky":false,"template":"","format":"standard","meta":{"footnotes":""},"categories":[312],"tags":[],"class_list":["post-843","post","type-post","status-publish","format-standard","hentry","category-tanulmanyok"],"yoast_head":"<!-- This site is optimized with the Yoast SEO plugin v21.8 - https:\/\/yoast.com\/wordpress\/plugins\/seo\/ -->\n<title>A CIG\u00c1NYS\u00c1G \u00c9S A MAGYAR N\u00d3TA - Bozsogi Attila<\/title>\n<meta name=\"robots\" content=\"index, follow, max-snippet:-1, max-image-preview:large, max-video-preview:-1\" \/>\n<link rel=\"canonical\" href=\"https:\/\/bozsogiattila.hu\/?p=843\" \/>\n<meta property=\"og:locale\" content=\"hu_HU\" \/>\n<meta property=\"og:type\" content=\"article\" \/>\n<meta property=\"og:title\" content=\"A CIG\u00c1NYS\u00c1G \u00c9S A MAGYAR N\u00d3TA - Bozsogi Attila\" \/>\n<meta property=\"og:description\" content=\"A CIG\u00c1NYS\u00c1G \u00c9S A MAGYAR N\u00d3TA A cig\u00e1nyzen\u00e9szek \u00e9s a magyar n\u00f3ta elv\u00e1laszthatatlanok egym\u00e1st\u00f3l, \u00e9s mint \u00e9des testv\u00e9rek, \u00fagy ismertett\u00e9k meg kapcsolatukat a nagyvil\u00e1ggal.M\u00edg a magyarok Etel-k\u00f6zb\u0151l, addig a cig\u00e1nyok India \u00e9szaki r\u00e9sz\u00e9b\u0151l sz\u00e1rmaznak. Hozz\u00e1nk hasonl\u00f3an \u0151k is hossz\u00fa utat tettek meg, am\u00edg meg\u00e9rkeztek a mai Magyarorsz\u00e1g ter\u00fclet\u00e9re.A cig\u00e1nys\u00e1g eredete \u00e9s n\u00e9pess\u00e9ge a tudom\u00e1ny mai ... Olvass tov\u00e1bb\" \/>\n<meta property=\"og:url\" content=\"https:\/\/bozsogiattila.hu\/?p=843\" \/>\n<meta property=\"og:site_name\" content=\"Bozsogi Attila\" \/>\n<meta property=\"article:published_time\" content=\"2007-08-08T18:59:00+00:00\" \/>\n<meta property=\"article:modified_time\" content=\"2024-01-09T20:40:10+00:00\" \/>\n<meta name=\"author\" content=\"Bozsogi Attila\" \/>\n<meta name=\"twitter:card\" content=\"summary_large_image\" \/>\n<meta name=\"twitter:label1\" content=\"Szerz\u0151:\" \/>\n\t<meta name=\"twitter:data1\" content=\"Bozsogi Attila\" \/>\n\t<meta name=\"twitter:label2\" content=\"Becs\u00fclt olvas\u00e1si id\u0151\" \/>\n\t<meta name=\"twitter:data2\" content=\"16 perc\" \/>\n<script type=\"application\/ld+json\" class=\"yoast-schema-graph\">{\"@context\":\"https:\/\/schema.org\",\"@graph\":[{\"@type\":\"WebPage\",\"@id\":\"https:\/\/bozsogiattila.hu\/?p=843\",\"url\":\"https:\/\/bozsogiattila.hu\/?p=843\",\"name\":\"A CIG\u00c1NYS\u00c1G \u00c9S A MAGYAR N\u00d3TA - Bozsogi Attila\",\"isPartOf\":{\"@id\":\"https:\/\/bozsogiattila.hu\/#website\"},\"datePublished\":\"2007-08-08T18:59:00+00:00\",\"dateModified\":\"2024-01-09T20:40:10+00:00\",\"author\":{\"@id\":\"https:\/\/bozsogiattila.hu\/#\/schema\/person\/488c99f554a8c4039201260dd5eb795e\"},\"breadcrumb\":{\"@id\":\"https:\/\/bozsogiattila.hu\/?p=843#breadcrumb\"},\"inLanguage\":\"hu\",\"potentialAction\":[{\"@type\":\"ReadAction\",\"target\":[\"https:\/\/bozsogiattila.hu\/?p=843\"]}]},{\"@type\":\"BreadcrumbList\",\"@id\":\"https:\/\/bozsogiattila.hu\/?p=843#breadcrumb\",\"itemListElement\":[{\"@type\":\"ListItem\",\"position\":1,\"name\":\"Kezd\u0151lap\",\"item\":\"https:\/\/bozsogiattila.hu\/\"},{\"@type\":\"ListItem\",\"position\":2,\"name\":\"A CIG\u00c1NYS\u00c1G \u00c9S A MAGYAR N\u00d3TA\"}]},{\"@type\":\"WebSite\",\"@id\":\"https:\/\/bozsogiattila.hu\/#website\",\"url\":\"https:\/\/bozsogiattila.hu\/\",\"name\":\"Bozsogi Attila\",\"description\":\"a zen\u00e9sz, \u00edr\u00f3 munk\u00e1ss\u00e1g\u00e1nak \u00e9s a mak\u00f3i muzsikusok eml\u00e9k\u00e9t \u0151rz\u0151 oldal\",\"potentialAction\":[{\"@type\":\"SearchAction\",\"target\":{\"@type\":\"EntryPoint\",\"urlTemplate\":\"https:\/\/bozsogiattila.hu\/?s={search_term_string}\"},\"query-input\":\"required name=search_term_string\"}],\"inLanguage\":\"hu\"},{\"@type\":\"Person\",\"@id\":\"https:\/\/bozsogiattila.hu\/#\/schema\/person\/488c99f554a8c4039201260dd5eb795e\",\"name\":\"Bozsogi Attila\",\"image\":{\"@type\":\"ImageObject\",\"inLanguage\":\"hu\",\"@id\":\"https:\/\/bozsogiattila.hu\/#\/schema\/person\/image\/\",\"url\":\"https:\/\/secure.gravatar.com\/avatar\/7da6b5985e34ed798d1670c54ce7d20e6a53b800bb0c07945c64b09392f3dbfd?s=96&d=mm&r=g\",\"contentUrl\":\"https:\/\/secure.gravatar.com\/avatar\/7da6b5985e34ed798d1670c54ce7d20e6a53b800bb0c07945c64b09392f3dbfd?s=96&d=mm&r=g\",\"caption\":\"Bozsogi Attila\"},\"sameAs\":[\"http:\/\/www.boszogiattila.hu\"],\"url\":\"https:\/\/bozsogiattila.hu\/?author=3\"}]}<\/script>\n<!-- \/ Yoast SEO plugin. -->","yoast_head_json":{"title":"A CIG\u00c1NYS\u00c1G \u00c9S A MAGYAR N\u00d3TA - Bozsogi Attila","robots":{"index":"index","follow":"follow","max-snippet":"max-snippet:-1","max-image-preview":"max-image-preview:large","max-video-preview":"max-video-preview:-1"},"canonical":"https:\/\/bozsogiattila.hu\/?p=843","og_locale":"hu_HU","og_type":"article","og_title":"A CIG\u00c1NYS\u00c1G \u00c9S A MAGYAR N\u00d3TA - Bozsogi Attila","og_description":"A CIG\u00c1NYS\u00c1G \u00c9S A MAGYAR N\u00d3TA A cig\u00e1nyzen\u00e9szek \u00e9s a magyar n\u00f3ta elv\u00e1laszthatatlanok egym\u00e1st\u00f3l, \u00e9s mint \u00e9des testv\u00e9rek, \u00fagy ismertett\u00e9k meg kapcsolatukat a nagyvil\u00e1ggal.M\u00edg a magyarok Etel-k\u00f6zb\u0151l, addig a cig\u00e1nyok India \u00e9szaki r\u00e9sz\u00e9b\u0151l sz\u00e1rmaznak. Hozz\u00e1nk hasonl\u00f3an \u0151k is hossz\u00fa utat tettek meg, am\u00edg meg\u00e9rkeztek a mai Magyarorsz\u00e1g ter\u00fclet\u00e9re.A cig\u00e1nys\u00e1g eredete \u00e9s n\u00e9pess\u00e9ge a tudom\u00e1ny mai ... Olvass tov\u00e1bb","og_url":"https:\/\/bozsogiattila.hu\/?p=843","og_site_name":"Bozsogi Attila","article_published_time":"2007-08-08T18:59:00+00:00","article_modified_time":"2024-01-09T20:40:10+00:00","author":"Bozsogi Attila","twitter_card":"summary_large_image","twitter_misc":{"Szerz\u0151:":"Bozsogi Attila","Becs\u00fclt olvas\u00e1si id\u0151":"16 perc"},"schema":{"@context":"https:\/\/schema.org","@graph":[{"@type":"WebPage","@id":"https:\/\/bozsogiattila.hu\/?p=843","url":"https:\/\/bozsogiattila.hu\/?p=843","name":"A CIG\u00c1NYS\u00c1G \u00c9S A MAGYAR N\u00d3TA - Bozsogi Attila","isPartOf":{"@id":"https:\/\/bozsogiattila.hu\/#website"},"datePublished":"2007-08-08T18:59:00+00:00","dateModified":"2024-01-09T20:40:10+00:00","author":{"@id":"https:\/\/bozsogiattila.hu\/#\/schema\/person\/488c99f554a8c4039201260dd5eb795e"},"breadcrumb":{"@id":"https:\/\/bozsogiattila.hu\/?p=843#breadcrumb"},"inLanguage":"hu","potentialAction":[{"@type":"ReadAction","target":["https:\/\/bozsogiattila.hu\/?p=843"]}]},{"@type":"BreadcrumbList","@id":"https:\/\/bozsogiattila.hu\/?p=843#breadcrumb","itemListElement":[{"@type":"ListItem","position":1,"name":"Kezd\u0151lap","item":"https:\/\/bozsogiattila.hu\/"},{"@type":"ListItem","position":2,"name":"A CIG\u00c1NYS\u00c1G \u00c9S A MAGYAR N\u00d3TA"}]},{"@type":"WebSite","@id":"https:\/\/bozsogiattila.hu\/#website","url":"https:\/\/bozsogiattila.hu\/","name":"Bozsogi Attila","description":"a zen\u00e9sz, \u00edr\u00f3 munk\u00e1ss\u00e1g\u00e1nak \u00e9s a mak\u00f3i muzsikusok eml\u00e9k\u00e9t \u0151rz\u0151 oldal","potentialAction":[{"@type":"SearchAction","target":{"@type":"EntryPoint","urlTemplate":"https:\/\/bozsogiattila.hu\/?s={search_term_string}"},"query-input":"required name=search_term_string"}],"inLanguage":"hu"},{"@type":"Person","@id":"https:\/\/bozsogiattila.hu\/#\/schema\/person\/488c99f554a8c4039201260dd5eb795e","name":"Bozsogi Attila","image":{"@type":"ImageObject","inLanguage":"hu","@id":"https:\/\/bozsogiattila.hu\/#\/schema\/person\/image\/","url":"https:\/\/secure.gravatar.com\/avatar\/7da6b5985e34ed798d1670c54ce7d20e6a53b800bb0c07945c64b09392f3dbfd?s=96&d=mm&r=g","contentUrl":"https:\/\/secure.gravatar.com\/avatar\/7da6b5985e34ed798d1670c54ce7d20e6a53b800bb0c07945c64b09392f3dbfd?s=96&d=mm&r=g","caption":"Bozsogi Attila"},"sameAs":["http:\/\/www.boszogiattila.hu"],"url":"https:\/\/bozsogiattila.hu\/?author=3"}]}},"jetpack_featured_media_url":"","_links":{"self":[{"href":"https:\/\/bozsogiattila.hu\/index.php?rest_route=\/wp\/v2\/posts\/843","targetHints":{"allow":["GET"]}}],"collection":[{"href":"https:\/\/bozsogiattila.hu\/index.php?rest_route=\/wp\/v2\/posts"}],"about":[{"href":"https:\/\/bozsogiattila.hu\/index.php?rest_route=\/wp\/v2\/types\/post"}],"author":[{"embeddable":true,"href":"https:\/\/bozsogiattila.hu\/index.php?rest_route=\/wp\/v2\/users\/3"}],"replies":[{"embeddable":true,"href":"https:\/\/bozsogiattila.hu\/index.php?rest_route=%2Fwp%2Fv2%2Fcomments&post=843"}],"version-history":[{"count":1,"href":"https:\/\/bozsogiattila.hu\/index.php?rest_route=\/wp\/v2\/posts\/843\/revisions"}],"predecessor-version":[{"id":844,"href":"https:\/\/bozsogiattila.hu\/index.php?rest_route=\/wp\/v2\/posts\/843\/revisions\/844"}],"wp:attachment":[{"href":"https:\/\/bozsogiattila.hu\/index.php?rest_route=%2Fwp%2Fv2%2Fmedia&parent=843"}],"wp:term":[{"taxonomy":"category","embeddable":true,"href":"https:\/\/bozsogiattila.hu\/index.php?rest_route=%2Fwp%2Fv2%2Fcategories&post=843"},{"taxonomy":"post_tag","embeddable":true,"href":"https:\/\/bozsogiattila.hu\/index.php?rest_route=%2Fwp%2Fv2%2Ftags&post=843"}],"curies":[{"name":"wp","href":"https:\/\/api.w.org\/{rel}","templated":true}]}}