{"id":849,"date":"2024-01-07T19:08:06","date_gmt":"2024-01-07T19:08:06","guid":{"rendered":"https:\/\/bozsogiattila.hu\/?p=849"},"modified":"2024-01-07T19:08:06","modified_gmt":"2024-01-07T19:08:06","slug":"epilogus","status":"publish","type":"post","link":"https:\/\/bozsogiattila.hu\/?p=849","title":{"rendered":"EPIL\u00d3GUS"},"content":{"rendered":"\n<p class=\"wp-block-paragraph\">EPIL\u00d3GUS<\/p>\n\n\n\n<p class=\"wp-block-paragraph\">1998 \u2013 2012. &#8211; E sz\u00e1mok alkot\u00e1si id\u0151szakom hat\u00e1rol\u00f3i. &#8211;<br>Ebben a peri\u00f3dusban \u00edrtam: zen\u00e9t, verset, pr\u00f3z\u00e1t. Az ut\u00f3bbiban: \u00fajs\u00e1gcikkeket, leveleket, essz\u00e9ket, tanulm\u00e1nyokat, kritik\u00e1kat, \u00e9s 2012 &#8211; ben elk\u00e9sz\u00fclt els\u0151 k\u00f6nyvem, &#8211; \u201eEml\u00e9keim\u201d c\u00edmmel.<\/p>\n\n\n\n<p class=\"wp-block-paragraph\">A levelek, ny\u00edltlev\u00e9l form\u00e1ban olvashat\u00f3k voltak a vil\u00e1gh\u00e1l\u00f3n, illetve k\u00fcl\u00f6nb\u00f6z\u0151 \u00fajs\u00e1gok has\u00e1bjain.<br>Kritik\u00e1im terjedelm\u00fck miatt foly\u00f3iratokban nem voltak publik\u00e1lhat\u00f3k, de sokak k\u00e9r\u00e9s\u00e9re az internetnek k\u00f6sz\u00f6nhet\u0151en ismertt\u00e9 v\u00e1ltak, \u00e9s elismer\u00e9ssel reag\u00e1ltak az olvas\u00f3k irom\u00e1nyaimra, \u00fagy a hazai, mind a k\u00fclf\u00f6ld\u00f6n \u00e9l\u0151 magyarok r\u00e9sz\u00e9r\u0151l, akik szem\u00e9lyes \u00e9lm\u00e9nyeik birtok\u00e1ban jeleztek vissza az olvasottakra.<br>A Hagymatikum F\u00fcrd\u0151r\u0151l \u00edrt v\u00e9lem\u00e9nyeimet mindenki val\u00f3s\u00e1g\u00e9rt\u00e9k\u0171nek fogadott el, de az illet\u00e9kesek figyelmen k\u00edv\u00fcl hagyt\u00e1k a val\u00f3st\u00e9nyeket, melynek hat\u00e1s\u00e1ra sok-sok milli\u00f3t herd\u00e1ltak el a v\u00e1ros p\u00e9nz\u00e9b\u0151l.<br>Ezeket az \u00edr\u00e1saimat k\u00f6nyvemb\u0151l is megismerhetik az olvas\u00f3k.<\/p>\n\n\n\n<p class=\"wp-block-paragraph\">A \u201eSzellemi v\u00e9gterm\u00e9kek\u201d c. jelen k\u00f6nyvem h\u00e1rom r\u00e9szre tagol\u00f3dik:<br>Versek<br>N\u00f3ta, cs\u00e1rd\u00e1s \u00e9s dal \u2013 sz\u00f6vegek<br>Pr\u00f3zai munk\u00e1k<\/p>\n\n\n\n<p class=\"wp-block-paragraph\">\u00cdr\u00e1saimmal nem volt sz\u00e1nd\u00e9kom a sikerorient\u00e1lts\u00e1g k\u00fcsz\u00f6b\u00e9t \u00e1tl\u00e9pni, csup\u00e1n szertettem volna k\u00f6zkinccs\u00e9 tenni azokat az \u00e9rzelmeket, \u00e9rz\u00e9seket, \u00e9lm\u00e9nyeket, igaz\u00e9rt\u00e9k\u0171 t\u00e9nyeket, melyek felhalmoz\u00f3dtak bennem az \u00e9vtizedek, vagy \u00fagy is fogalmazhatn\u00e9k egy ember\u00f6lt\u0151 idej\u00e9n.<\/p>\n\n\n\n<p class=\"wp-block-paragraph\">Ha az olvas\u00f3k el tudnak m\u00e9ly\u00fclni \u00edr\u00e1saimban, akkor nem hi\u00e1ba \u00edr\u00f3dtak azok!<\/p>\n","protected":false},"excerpt":{"rendered":"<p>EPIL\u00d3GUS 1998 \u2013 2012. &#8211; E sz\u00e1mok alkot\u00e1si id\u0151szakom hat\u00e1rol\u00f3i. &#8211;Ebben a peri\u00f3dusban \u00edrtam: zen\u00e9t, verset, pr\u00f3z\u00e1t. Az ut\u00f3bbiban: \u00fajs\u00e1gcikkeket, leveleket, essz\u00e9ket, tanulm\u00e1nyokat, kritik\u00e1kat, \u00e9s 2012 &#8211; ben elk\u00e9sz\u00fclt els\u0151 k\u00f6nyvem, &#8211; \u201eEml\u00e9keim\u201d c\u00edmmel. A levelek, ny\u00edltlev\u00e9l form\u00e1ban olvashat\u00f3k voltak a vil\u00e1gh\u00e1l\u00f3n, illetve k\u00fcl\u00f6nb\u00f6z\u0151 \u00fajs\u00e1gok has\u00e1bjain.Kritik\u00e1im terjedelm\u00fck miatt foly\u00f3iratokban nem voltak publik\u00e1lhat\u00f3k, de sokak k\u00e9r\u00e9s\u00e9re &#8230; <a title=\"EPIL\u00d3GUS\" class=\"read-more\" href=\"https:\/\/bozsogiattila.hu\/?p=849\" aria-label=\"Tov\u00e1bbiak EPIL\u00d3GUS\">Olvass tov\u00e1bb<\/a><\/p>\n","protected":false},"author":3,"featured_media":0,"comment_status":"open","ping_status":"open","sticky":false,"template":"","format":"standard","meta":{"footnotes":""},"categories":[300,6,15,312,4,180],"tags":[],"class_list":["post-849","post","type-post","status-publish","format-standard","hentry","category-esszek-ujsagcikkek-tanulmanyok-kritikak","category-notak","category-primasok-notaenekesek","category-tanulmanyok","category-versek","category-versek2"],"yoast_head":"<!-- This site is optimized with the Yoast SEO plugin v21.8 - https:\/\/yoast.com\/wordpress\/plugins\/seo\/ -->\n<title>EPIL\u00d3GUS - Bozsogi Attila<\/title>\n<meta name=\"robots\" content=\"index, follow, max-snippet:-1, max-image-preview:large, max-video-preview:-1\" \/>\n<link rel=\"canonical\" href=\"https:\/\/bozsogiattila.hu\/?p=849\" \/>\n<meta property=\"og:locale\" content=\"hu_HU\" \/>\n<meta property=\"og:type\" content=\"article\" \/>\n<meta property=\"og:title\" content=\"EPIL\u00d3GUS - Bozsogi Attila\" \/>\n<meta property=\"og:description\" content=\"EPIL\u00d3GUS 1998 \u2013 2012. &#8211; E sz\u00e1mok alkot\u00e1si id\u0151szakom hat\u00e1rol\u00f3i. &#8211;Ebben a peri\u00f3dusban \u00edrtam: zen\u00e9t, verset, pr\u00f3z\u00e1t. Az ut\u00f3bbiban: \u00fajs\u00e1gcikkeket, leveleket, essz\u00e9ket, tanulm\u00e1nyokat, kritik\u00e1kat, \u00e9s 2012 &#8211; ben elk\u00e9sz\u00fclt els\u0151 k\u00f6nyvem, &#8211; \u201eEml\u00e9keim\u201d c\u00edmmel. A levelek, ny\u00edltlev\u00e9l form\u00e1ban olvashat\u00f3k voltak a vil\u00e1gh\u00e1l\u00f3n, illetve k\u00fcl\u00f6nb\u00f6z\u0151 \u00fajs\u00e1gok has\u00e1bjain.Kritik\u00e1im terjedelm\u00fck miatt foly\u00f3iratokban nem voltak publik\u00e1lhat\u00f3k, de sokak k\u00e9r\u00e9s\u00e9re ... Olvass tov\u00e1bb\" \/>\n<meta property=\"og:url\" content=\"https:\/\/bozsogiattila.hu\/?p=849\" \/>\n<meta property=\"og:site_name\" content=\"Bozsogi Attila\" \/>\n<meta property=\"article:published_time\" content=\"2024-01-07T19:08:06+00:00\" \/>\n<meta name=\"author\" content=\"Bozsogi Attila\" \/>\n<meta name=\"twitter:card\" content=\"summary_large_image\" \/>\n<meta name=\"twitter:label1\" content=\"Szerz\u0151:\" \/>\n\t<meta name=\"twitter:data1\" content=\"Bozsogi Attila\" \/>\n\t<meta name=\"twitter:label2\" content=\"Becs\u00fclt olvas\u00e1si id\u0151\" \/>\n\t<meta name=\"twitter:data2\" content=\"1 perc\" \/>\n<script type=\"application\/ld+json\" class=\"yoast-schema-graph\">{\"@context\":\"https:\/\/schema.org\",\"@graph\":[{\"@type\":\"WebPage\",\"@id\":\"https:\/\/bozsogiattila.hu\/?p=849\",\"url\":\"https:\/\/bozsogiattila.hu\/?p=849\",\"name\":\"EPIL\u00d3GUS - Bozsogi Attila\",\"isPartOf\":{\"@id\":\"https:\/\/bozsogiattila.hu\/#website\"},\"datePublished\":\"2024-01-07T19:08:06+00:00\",\"dateModified\":\"2024-01-07T19:08:06+00:00\",\"author\":{\"@id\":\"https:\/\/bozsogiattila.hu\/#\/schema\/person\/488c99f554a8c4039201260dd5eb795e\"},\"breadcrumb\":{\"@id\":\"https:\/\/bozsogiattila.hu\/?p=849#breadcrumb\"},\"inLanguage\":\"hu\",\"potentialAction\":[{\"@type\":\"ReadAction\",\"target\":[\"https:\/\/bozsogiattila.hu\/?p=849\"]}]},{\"@type\":\"BreadcrumbList\",\"@id\":\"https:\/\/bozsogiattila.hu\/?p=849#breadcrumb\",\"itemListElement\":[{\"@type\":\"ListItem\",\"position\":1,\"name\":\"Kezd\u0151lap\",\"item\":\"https:\/\/bozsogiattila.hu\/\"},{\"@type\":\"ListItem\",\"position\":2,\"name\":\"EPIL\u00d3GUS\"}]},{\"@type\":\"WebSite\",\"@id\":\"https:\/\/bozsogiattila.hu\/#website\",\"url\":\"https:\/\/bozsogiattila.hu\/\",\"name\":\"Bozsogi Attila\",\"description\":\"a zen\u00e9sz, \u00edr\u00f3 munk\u00e1ss\u00e1g\u00e1nak \u00e9s a mak\u00f3i muzsikusok eml\u00e9k\u00e9t \u0151rz\u0151 oldal\",\"potentialAction\":[{\"@type\":\"SearchAction\",\"target\":{\"@type\":\"EntryPoint\",\"urlTemplate\":\"https:\/\/bozsogiattila.hu\/?s={search_term_string}\"},\"query-input\":\"required name=search_term_string\"}],\"inLanguage\":\"hu\"},{\"@type\":\"Person\",\"@id\":\"https:\/\/bozsogiattila.hu\/#\/schema\/person\/488c99f554a8c4039201260dd5eb795e\",\"name\":\"Bozsogi Attila\",\"image\":{\"@type\":\"ImageObject\",\"inLanguage\":\"hu\",\"@id\":\"https:\/\/bozsogiattila.hu\/#\/schema\/person\/image\/\",\"url\":\"https:\/\/secure.gravatar.com\/avatar\/7da6b5985e34ed798d1670c54ce7d20e6a53b800bb0c07945c64b09392f3dbfd?s=96&d=mm&r=g\",\"contentUrl\":\"https:\/\/secure.gravatar.com\/avatar\/7da6b5985e34ed798d1670c54ce7d20e6a53b800bb0c07945c64b09392f3dbfd?s=96&d=mm&r=g\",\"caption\":\"Bozsogi Attila\"},\"sameAs\":[\"http:\/\/www.boszogiattila.hu\"],\"url\":\"https:\/\/bozsogiattila.hu\/?author=3\"}]}<\/script>\n<!-- \/ Yoast SEO plugin. -->","yoast_head_json":{"title":"EPIL\u00d3GUS - Bozsogi Attila","robots":{"index":"index","follow":"follow","max-snippet":"max-snippet:-1","max-image-preview":"max-image-preview:large","max-video-preview":"max-video-preview:-1"},"canonical":"https:\/\/bozsogiattila.hu\/?p=849","og_locale":"hu_HU","og_type":"article","og_title":"EPIL\u00d3GUS - Bozsogi Attila","og_description":"EPIL\u00d3GUS 1998 \u2013 2012. &#8211; E sz\u00e1mok alkot\u00e1si id\u0151szakom hat\u00e1rol\u00f3i. &#8211;Ebben a peri\u00f3dusban \u00edrtam: zen\u00e9t, verset, pr\u00f3z\u00e1t. Az ut\u00f3bbiban: \u00fajs\u00e1gcikkeket, leveleket, essz\u00e9ket, tanulm\u00e1nyokat, kritik\u00e1kat, \u00e9s 2012 &#8211; ben elk\u00e9sz\u00fclt els\u0151 k\u00f6nyvem, &#8211; \u201eEml\u00e9keim\u201d c\u00edmmel. A levelek, ny\u00edltlev\u00e9l form\u00e1ban olvashat\u00f3k voltak a vil\u00e1gh\u00e1l\u00f3n, illetve k\u00fcl\u00f6nb\u00f6z\u0151 \u00fajs\u00e1gok has\u00e1bjain.Kritik\u00e1im terjedelm\u00fck miatt foly\u00f3iratokban nem voltak publik\u00e1lhat\u00f3k, de sokak k\u00e9r\u00e9s\u00e9re ... Olvass tov\u00e1bb","og_url":"https:\/\/bozsogiattila.hu\/?p=849","og_site_name":"Bozsogi Attila","article_published_time":"2024-01-07T19:08:06+00:00","author":"Bozsogi Attila","twitter_card":"summary_large_image","twitter_misc":{"Szerz\u0151:":"Bozsogi Attila","Becs\u00fclt olvas\u00e1si id\u0151":"1 perc"},"schema":{"@context":"https:\/\/schema.org","@graph":[{"@type":"WebPage","@id":"https:\/\/bozsogiattila.hu\/?p=849","url":"https:\/\/bozsogiattila.hu\/?p=849","name":"EPIL\u00d3GUS - Bozsogi Attila","isPartOf":{"@id":"https:\/\/bozsogiattila.hu\/#website"},"datePublished":"2024-01-07T19:08:06+00:00","dateModified":"2024-01-07T19:08:06+00:00","author":{"@id":"https:\/\/bozsogiattila.hu\/#\/schema\/person\/488c99f554a8c4039201260dd5eb795e"},"breadcrumb":{"@id":"https:\/\/bozsogiattila.hu\/?p=849#breadcrumb"},"inLanguage":"hu","potentialAction":[{"@type":"ReadAction","target":["https:\/\/bozsogiattila.hu\/?p=849"]}]},{"@type":"BreadcrumbList","@id":"https:\/\/bozsogiattila.hu\/?p=849#breadcrumb","itemListElement":[{"@type":"ListItem","position":1,"name":"Kezd\u0151lap","item":"https:\/\/bozsogiattila.hu\/"},{"@type":"ListItem","position":2,"name":"EPIL\u00d3GUS"}]},{"@type":"WebSite","@id":"https:\/\/bozsogiattila.hu\/#website","url":"https:\/\/bozsogiattila.hu\/","name":"Bozsogi Attila","description":"a zen\u00e9sz, \u00edr\u00f3 munk\u00e1ss\u00e1g\u00e1nak \u00e9s a mak\u00f3i muzsikusok eml\u00e9k\u00e9t \u0151rz\u0151 oldal","potentialAction":[{"@type":"SearchAction","target":{"@type":"EntryPoint","urlTemplate":"https:\/\/bozsogiattila.hu\/?s={search_term_string}"},"query-input":"required name=search_term_string"}],"inLanguage":"hu"},{"@type":"Person","@id":"https:\/\/bozsogiattila.hu\/#\/schema\/person\/488c99f554a8c4039201260dd5eb795e","name":"Bozsogi Attila","image":{"@type":"ImageObject","inLanguage":"hu","@id":"https:\/\/bozsogiattila.hu\/#\/schema\/person\/image\/","url":"https:\/\/secure.gravatar.com\/avatar\/7da6b5985e34ed798d1670c54ce7d20e6a53b800bb0c07945c64b09392f3dbfd?s=96&d=mm&r=g","contentUrl":"https:\/\/secure.gravatar.com\/avatar\/7da6b5985e34ed798d1670c54ce7d20e6a53b800bb0c07945c64b09392f3dbfd?s=96&d=mm&r=g","caption":"Bozsogi Attila"},"sameAs":["http:\/\/www.boszogiattila.hu"],"url":"https:\/\/bozsogiattila.hu\/?author=3"}]}},"jetpack_featured_media_url":"","_links":{"self":[{"href":"https:\/\/bozsogiattila.hu\/index.php?rest_route=\/wp\/v2\/posts\/849","targetHints":{"allow":["GET"]}}],"collection":[{"href":"https:\/\/bozsogiattila.hu\/index.php?rest_route=\/wp\/v2\/posts"}],"about":[{"href":"https:\/\/bozsogiattila.hu\/index.php?rest_route=\/wp\/v2\/types\/post"}],"author":[{"embeddable":true,"href":"https:\/\/bozsogiattila.hu\/index.php?rest_route=\/wp\/v2\/users\/3"}],"replies":[{"embeddable":true,"href":"https:\/\/bozsogiattila.hu\/index.php?rest_route=%2Fwp%2Fv2%2Fcomments&post=849"}],"version-history":[{"count":1,"href":"https:\/\/bozsogiattila.hu\/index.php?rest_route=\/wp\/v2\/posts\/849\/revisions"}],"predecessor-version":[{"id":850,"href":"https:\/\/bozsogiattila.hu\/index.php?rest_route=\/wp\/v2\/posts\/849\/revisions\/850"}],"wp:attachment":[{"href":"https:\/\/bozsogiattila.hu\/index.php?rest_route=%2Fwp%2Fv2%2Fmedia&parent=849"}],"wp:term":[{"taxonomy":"category","embeddable":true,"href":"https:\/\/bozsogiattila.hu\/index.php?rest_route=%2Fwp%2Fv2%2Fcategories&post=849"},{"taxonomy":"post_tag","embeddable":true,"href":"https:\/\/bozsogiattila.hu\/index.php?rest_route=%2Fwp%2Fv2%2Ftags&post=849"}],"curies":[{"name":"wp","href":"https:\/\/api.w.org\/{rel}","templated":true}]}}