{"id":851,"date":"2017-05-08T08:14:00","date_gmt":"2017-05-08T08:14:00","guid":{"rendered":"https:\/\/bozsogiattila.hu\/?p=851"},"modified":"2024-01-08T08:15:52","modified_gmt":"2024-01-08T08:15:52","slug":"voroske-kalandjai-mesekoltemeny","status":"publish","type":"post","link":"https:\/\/bozsogiattila.hu\/?p=851","title":{"rendered":"V\u00d6R\u00d6SKE KALANDJAI\/MESEK\u00d6LTEM\u00c9NY\/"},"content":{"rendered":"\n<p class=\"wp-block-paragraph\">V\u00d6R\u00d6SKE KALANDJAI<br>\/MESEK\u00d6LTEM\u00c9NY\/<\/p>\n\n\n\n<ul class=\"wp-block-list\">\n<li>EL\u0150SZ\u00d3 &#8211;<\/li>\n<\/ul>\n\n\n\n<p class=\"wp-block-paragraph\">A tikkaszt\u00f3 nagy h\u0151s\u00e9gben,<br>A leveg\u0151 m\u00f6g s\u00e9 r\u00f6zzent.<br>A t\u00fccsk\u00f6k s\u00e9 heged\u00fcltek.<br>Rejtek\u00fck\u00f6n heny\u00e9lgettek.<\/p>\n\n\n\n<p class=\"wp-block-paragraph\">Madarak a csordak\u00fatn\u00e1l,<br>Csiviteltek iszogatv\u00e1n.<br>Majd hirtelen tovasz\u00e1lltak,<br>K\u00f6zel\u00f6d\u00f6tt a nagycsorda.<\/p>\n\n\n\n<p class=\"wp-block-paragraph\">V\u00e1ly\u00fahoz, hogy oda\u00e9rtek,<br>Nekiestek a friss v\u00edznek.<br>Moh\u00f3n ittak, vagy vedeltek,<br>Szomj\u00fas\u00e1gt\u00f3l r\u00e9g szenvedtek.<\/p>\n\n\n\n<p class=\"wp-block-paragraph\">Majd kiitt\u00e1k mind a vizet,<br>K\u00f6z\u00e9rzet\u00fck \u00fagy m\u00e1r jobb lett.<br>Lomha l\u00e9ptekkel indultak,<br>A nap el\u0151l v\u00e1ndoroltak.<\/p>\n\n\n\n<p class=\"wp-block-paragraph\">\u00d6reg guly\u00e1s is szenved\u00f6tt,<br>A perzsel\u0151 nap \u00e9get\u00f6tt.<br>Kiford\u00edtotta sub\u00e1j\u00e1t,<br>Sz\u00f6m\u00e9re h\u00fazta kalapj\u00e1t.<\/p>\n\n\n\n<p class=\"wp-block-paragraph\">Karik\u00e1s ostor is pihent,<br>Nem durrantott az most egyet.<br>Hagyta h\u00e1t a sok tehenet.<br>Tudt\u00e1k azok hov\u00e1 m\u00f6nnek.<\/p>\n\n\n\n<p class=\"wp-block-paragraph\">Bodri kutya s\u00e9 vakkantott,<br>Gazd\u00e1j\u00e1val csak cammogott.<br>Kar\u00e1m v\u00e1rta m\u00e1r a csord\u00e1t,<br>Tehenek is azt k\u00edv\u00e1nt\u00e1k.<\/p>\n\n\n\n<p class=\"wp-block-paragraph\">B\u00e9ballagtak sz\u00e9pen sorban,<br>M\u00f6ntek \u00fck nagy nyugalomban.<br>Mikor a hely\u00fck\u00f6n voltak,<br>Kar\u00e1majt\u00f3k b\u00e9csuk\u00f3dtak.<br>\u00c9vsz\u00e1zados f\u00e1k \u00e1rny\u00e1ban,<br>Delelt a gulya most ottan.<br>Lehevertek, k\u00e9r\u0151zgettek,<br>S\u00f6mmivel s\u00e9 nem t\u00f6r\u0151dtek.<\/p>\n\n\n\n<p class=\"wp-block-paragraph\">Az \u00f6reg sub\u00e1j\u00e1n fek\u00fcdt,<br>Kar\u00e1m mellett, elszender\u00fclt.<br>\u00c1lmodozott a r\u00e9gm\u00faltr\u00f3l,<br>Elvesz\u00f6tt fiatals\u00e1gr\u00f3l.<\/p>\n\n\n\n<p class=\"wp-block-paragraph\">H\u00e1bor\u00far\u00f3l, nagy harcokr\u00f3l,<br>Vil\u00e1gh\u00e1bor\u00fa sors\u00e1r\u00f3l.<br>Hadifogs\u00e1g korszak\u00e1r\u00f3l,<br>\u00c9hez\u00e9sr\u0151l, al\u00e1z\u00e1sr\u00f3l.<\/p>\n\n\n\n<p class=\"wp-block-paragraph\">Majd nagy hirtelen f\u00f6lijedt,<br>Heveny\u00e9sz\u0151n sz\u00e9jjeln\u00e9zett.<br>R\u00e1tekint\u00f6tt csord\u00e1j\u00e1ra,<br>Lust\u00e1lkod\u00f3 pulij\u00e1ra.<\/p>\n\n\n\n<p class=\"wp-block-paragraph\">Szempill\u00e1i pisl\u00e1koltak,<br>Feje a sub\u00e1ra huppant.<br>Folytatta, hol abbahagyta.<br>Horkantott a forr\u00f3ny\u00e1rba\u2019.<\/p>\n\n\n\n<p class=\"wp-block-paragraph\">Kuty\u00e1ja ugatni kezd\u00f6tt,<br>Sz\u00f6m\u00e9b\u0151l az \u00e1lom kim\u00f6nt.<br>Mi van Bodri n\u00e9zett r\u00e1ja,<br>T\u00e1n valami baj akadna.<\/p>\n\n\n\n<p class=\"wp-block-paragraph\">A h\u0171 kutya csaholt tov\u00e1bb,<br>N\u00e9zte a messzi v\u00e1ndor\u00e1t.<br>Biciklis j\u00f6tt l\u00f3hal\u00e1lba\u2019,<br>K\u00f6zel\u00f6d\u00f6tt hadon\u00e1szva.<\/p>\n\n\n\n<p class=\"wp-block-paragraph\">Ferenc b\u00e1ty\u00e1m nagyapa l\u00f6tt,<br>\u00c9jjel unoka sz\u00fclet\u00f6tt.<br>Sz\u00e9p kicsi l\u00e1ny, v\u00f6r\u00f6s hajjal,<br>Eg\u00e9szs\u00e9ggel, vid\u00e1ms\u00e1ggal.<\/p>\n\n\n\n<p class=\"wp-block-paragraph\">A kiszolg\u00e1lt \u00f6reg baka,<br>K\u00f6nnye csordult patakokba.<br>R\u00e9g\u00f6n v\u00e1rta ezt a napot,<br>Amir\u0151l csak \u00e1lmodozott.<\/p>\n\n\n\n<p class=\"wp-block-paragraph\">Figyelj Bodri, maradj nyugton,<br>A guly\u00e1t most re\u00e1d b\u00edzom.<br>Rohanok b\u00e9 a faluba,<br>Unok\u00e1mhoz v\u00e1gyakozva.<\/p>\n\n\n\n<p class=\"wp-block-paragraph\">Biciklij\u00e9\u00e9rt siet\u00f6tt,<br>R\u00e1pattant, ahogyan r\u00e9g t\u00f6tt.<br>Porzott az \u00fat porfelh\u0151vel,<br>Ahogy tekert siet\u0151sen.<\/p>\n\n\n\n<p class=\"wp-block-paragraph\">S\u00fcrg\u00e9s-forg\u00e1s volt m\u00e1r otthon,<br>\u00dcnnep\u00f6ltek ott boldogon.<br>Az \u00f6reg\u00f6t \u00e1t\u00f6lelt\u00e9k,<br>Szeretettel bec\u00e9zgett\u00e9k.<\/p>\n\n\n\n<p class=\"wp-block-paragraph\">Cs\u00f6ndben a szob\u00e1hoz m\u00f6ntek,<br>Az ajt\u00f3hoz k\u00f6zel\u00f6dtek.<br>R\u00e9snyire azt kinyitott\u00e1k,<br>M\u00f6glest\u00e9k a kis unok\u00e1t.<\/p>\n\n\n\n<p class=\"wp-block-paragraph\">Bronzv\u00f6r\u00f6s haja rik\u00edtott,<br>Anyja int\u00f6tt \u00e9s mosolygott.<br>Bem\u00f6nni m\u00e9g nem m\u00f6hettek,<br>Zavarni ott nem l\u00f6hetett.<\/p>\n\n\n\n<p class=\"wp-block-paragraph\">Hagyt\u00e1k ott a f\u00e9lhom\u00e1lyban,<br>A j\u00f6vev\u00e9nyt nyugalomban.<br>Hej, be m\u00e1s l\u00f6sz most a vil\u00e1g,<br>Sz\u00f3lt az \u00f6reg, bakahusz\u00e1r.<\/p>\n\n\n\n<p class=\"wp-block-paragraph\">\u00c9rtelmet adott az Isten,<br>A munk\u00e1mnak \u00f6nfeledten.<br>L\u00f6sz m\u00e1r c\u00e9lom, \u00e9s sok tervem.<br>Mind\u00f6nt m\u00f6g ter\u00f6mt k\u00e9t kezem.<\/p>\n\n\n\n<p class=\"wp-block-paragraph\">Poh\u00e1r\u00e9rt ny\u00falt most az \u00f6reg,<br>Asszony bort hozz t\u00fcst\u00e9nt ide.<br>\u00c1ldom\u00e1st k\u00f6ll innunk nyomban,<br>Koccintsunk h\u00e1t, vid\u00e1ms\u00e1gban.<\/p>\n\n\n\n<p class=\"wp-block-paragraph\">\u00d6sszecs\u00f6ngtek a poharak,<br>Csiling\u00f6lve harangoztak.<br>Bajsz\u00e1t t\u00f6r\u00fclte a gazda,<br>M\u00f6g a sz\u00f6mit pisl\u00e1kolva.<\/p>\n\n\n\n<p class=\"wp-block-paragraph\">No-! De most m\u00e1r el k\u00f6ll m\u00f6nn\u00f6m,<br>A guly\u00e1hoz igyek\u00f6zn\u00f6m<br>.Kalapj\u00e1t fejibe csapta,<br>Visszaindult a puszt\u00e1ba.<\/p>\n\n\n\n<p class=\"wp-block-paragraph\">Bodri sz\u00f6me is nevet\u00f6tt,<br>Tal\u00e1n \u0171 is mind\u00f6nt \u00e9rt\u00f6tt.<br>Farkcs\u00f3v\u00e1lva v\u00e1rakozott.<br>Simogat\u00e1st gyorsan kapott.<\/p>\n\n\n\n<p class=\"wp-block-paragraph\">J\u00f3 kutya vagy, okos j\u00f3sz\u00e1g,<br>Nem hagytad el t\u00e9 a csord\u00e1t.<br>M\u00f6g\u0151rizted, vigy\u00e1zt\u00e1l r\u00e1,<br>Ez\u00e9rt jutalom falat j\u00e1r.<\/p>\n\n\n\n<p class=\"wp-block-paragraph\">Tariszny\u00e1ba ny\u00falt az \u00f6reg,<br>Kolb\u00e1szt v\u00f6tt ki most bel\u00fcle.<br>L\u00e9v\u00e1gott abb\u00fal \u00e9gy kicsit,<br>\u00d6gy\u00e9l ez neked most fincsi.<\/p>\n\n\n\n<p class=\"wp-block-paragraph\">\u00cdgy kezd\u0151d\u00f6tt t\u00f6rt\u00e9net\u00fcnk,<br>Amire visszatekint\u00fcnk.<br>F\u00f6ln\u00f6tt l\u00e1ny l\u00f6tt V\u00f6r\u00f6sk\u00e9b\u00fcl.<br>Legenda a sz\u00e9ps\u00e9g\u00e9b\u00fcl.<\/p>\n\n\n\n<p class=\"wp-block-paragraph\">A falunak \u00f6regjei,<br>Az eml\u00e9k\u00e9t mind m\u00f6g\u0151rzi.<br>Elmes\u00e9l\u00f6m, hogyan tov\u00e1bb,<br>V\u00f6r\u00f6sk\u00e9nek mind\u00f6n \u00fatj\u00e1t.<\/p>\n\n\n\n<p class=\"wp-block-paragraph\">ELS\u0150 STR\u00d3FA<\/p>\n\n\n\n<p class=\"wp-block-paragraph\">V\u00f6r\u00f6ske ment s\u00e9t\u00e1lgatva,<br>Az utc\u00e1kon \u00fagy haladva.<br>Nem t\u00f6r\u0151d\u00f6tt, ott semmivel,<br>B\u00e1mul\u00f3i n\u00e9z\u00e9s\u00e9vel.<\/p>\n\n\n\n<p class=\"wp-block-paragraph\">Mint a napraforg\u00f3 fejek,<br>\u00dagy fordultak a leg\u00e9nyek.<br>N\u00e9zt\u00e9k a falu csod\u00e1j\u00e1t,<br>Bronz haj\u00e1t, \u00e9s az alakj\u00e1t.<\/p>\n\n\n\n<p class=\"wp-block-paragraph\">Nem tudt\u00e1k az \u00e1muldoz\u00f3k<br>A sz\u00e9p testben mi lakik ott.<br>K\u00e9t \u00e9nje volt szeg\u00e9nyk\u00e9nek,<br>Tal\u00e1n err\u0151l nem is tehet.<\/p>\n\n\n\n<p class=\"wp-block-paragraph\">\u00cdgy sz\u00fcletett, vagy alakult,<br>Err\u0151l biztost nem tudhatunk.<br>J\u00f3s\u00e1gos \u00e9s gonosz egyben,<br>A zaklatott kis sz\u00edv\u00e9ben.<\/p>\n\n\n\n<p class=\"wp-block-paragraph\">Harcot v\u00edvott bent a k\u00e9t \u00e9n,<br>Csat\u00e1rozott keseredv\u00e9n.<br>Mikor melyik nyert ott csat\u00e1t,<br>Az vez\u00e9relte uralm\u00e1t.<\/p>\n\n\n\n<p class=\"wp-block-paragraph\">A j\u00f3s\u00e1gos l\u00e9lek hangja,<br>A szeretetet ontotta.<br>De, ha a rossz ker\u00fclt fel\u00fcl,<br>Sz\u00f6rnyeteg lett mindenest\u00fcl.<\/p>\n\n\n\n<p class=\"wp-block-paragraph\">Ord\u00edtott \u00e9s toporz\u00e9kolt,<br>F\u00e9lelmetess\u00e9 v\u00e1ltozott.<br>Szeretteit megal\u00e1zta,<br>M\u00e1snap tett\u00e9t m\u00e1r megb\u00e1nta.<\/p>\n\n\n\n<p class=\"wp-block-paragraph\">Olyan is volt, nem is ritk\u00e1n,<br>B\u00fcszk\u00e9lkedett a haragj\u00e1n.<br>Nem sz\u00f3lott a csal\u00e1dj\u00e1hoz,<br>Valamelyik csal\u00e1dtaghoz.<\/p>\n\n\n\n<p class=\"wp-block-paragraph\">Faluv\u00e9gi r\u00fat boszorka,<br>Hozz\u00e1 k\u00e9pest volt angyalka.<br>Mikor elsz\u00e1nt indulata,<br>Szeretetre m\u00e9lt\u00f3 vala.<\/p>\n\n\n\n<p class=\"wp-block-paragraph\">Gonosz lelk\u00e9t elfeledt\u00e9k,<br>A faluban azt \u00fagy tett\u00e9k.<br>Sajn\u00e1lt\u00e1k, mert l\u00e1tszott rajta,<br>K\u00e9t \u00e9nj\u00e9nek \u00e1ldozata.<\/p>\n\n\n\n<p class=\"wp-block-paragraph\">Gonosz lelke hat\u00e1s\u00e1ra,<br>Egyre csak azt hangoztatta.<br>Nem adja fel szabads\u00e1g\u00e1t,<br>Ink\u00e1bb elt\u00f6ri a l\u00e1b\u00e1t.<\/p>\n\n\n\n<p class=\"wp-block-paragraph\">Kev\u00e9s b\u00e9r\u00e9rt, nem dolgozik,<br>Marad otthon, unatkozik.<br>T\u00f6rte h\u00e1t az okos fej\u00e9t,<br>Honnan szerezzen \u0151 sok p\u00e9nzt.<\/p>\n\n\n\n<p class=\"wp-block-paragraph\">\u00cdgy nevelte gyermekeit,<br>P\u00e9ld\u00e1t nem mutat semmit.<br>Im\u00e1dta \u0151 a csal\u00e1dj\u00e1t,<br>V\u00e1rt mindig egy boldog \u00f3r\u00e1t.<\/p>\n\n\n\n<p class=\"wp-block-paragraph\">Mindent megtett teh\u00e1t ez\u00e9rt,<br>Volt is neki hetvenh\u00e9t f\u00e9rj.<br>Egyiket se nem becs\u00fclte,<br>P\u00e9nz\u00fckig volt tisztelete.<\/p>\n\n\n\n<p class=\"wp-block-paragraph\">Egy nap azt\u00e1n \u00e9szbe kapott,<br>Ott fog hagyni, csapot-papot.<br>Ki\u00f6t\u00f6lte l\u00e1ngesz\u00e9vel,<br>K\u00f6lcs\u00f6n\u00f6kb\u0151l \u00e9l szerivel.<\/p>\n\n\n\n<p class=\"wp-block-paragraph\">Mindig nagyobb k\u00f6lcs\u00f6nt vesz fel,<br>J\u00f3 \u00f6tlet ez, igazi terv.<br>Visszaadja ad\u00f3ss\u00e1g\u00e1t,<br>P\u00e9nze is marad \u00edgy teh\u00e1t.<\/p>\n\n\n\n<p class=\"wp-block-paragraph\">Munka n\u00e9lk\u00fcl gazdagodni,<br>C\u00e9lkit\u0171z\u00e9s ez lett neki.<br>Gyermekei kirep\u00fcltek,<br>\u00cdgy ezut\u00e1n mag\u00e1nyos lett.<\/p>\n\n\n\n<p class=\"wp-block-paragraph\">M\u00e1snap csinos ruh\u00e1t \u00f6lt\u00f6tt,<br>Bankba rohant, s felvett k\u00f6lcs\u00f6nt.<br>Egy ideig nem volt gondja,<br>De ezt a p\u00e9nzt mind elsz\u00f3rta.<\/p>\n\n\n\n<p class=\"wp-block-paragraph\">V\u00e1s\u00e1rolt \u00e9s k\u00f6ltekezett,<br>Sz\u00e9ps\u00e9g\u00e9re mindent feltett.<br>Sz\u00ednh\u00e1zba ment sz\u00f3rakozott,<br>Teremtett \u00faj kapcsolatot.<\/p>\n\n\n\n<p class=\"wp-block-paragraph\">A t\u0151k\u00e9je, hogy megcsappant,<br>M\u00e1sik bankhoz ism\u00e9t rohant.<br>Kedves mosolyt latba vetve,<br>Megint lett \u00faj eredm\u00e9nye.<\/p>\n\n\n\n<p class=\"wp-block-paragraph\">Siker\u00e9t\u0151l felbuzdulva,<br>Nagyl\u00e1bon \u00e9lt, mag\u00e1ny\u00e1ba\u2019.<br>A h\u00e1l\u00f3j\u00e1t kivetette,<br>Gazdag partnert \u00fagy keresve.<\/p>\n\n\n\n<p class=\"wp-block-paragraph\">P\u00e9nz\u00fck b\u00e1nta t\u00e1rsainak,<br>Szeg\u00e9nys\u00e9g nyakukba szakadt.<br>\u00datilaput kaptak teh\u00e1t,<br>Majd megkapod-, adta szav\u00e1t.<\/p>\n\n\n\n<p class=\"wp-block-paragraph\">A sz\u00f3 elsz\u00e1ll, mint a fecske,<br>\u00cdr\u00e1s n\u00e9lk\u00fcl nincs \u00e9rt\u00e9ke.<br>A h\u00far szakad, ha fesz\u00edtik,<br>\u00cdgy j\u00e1rt \u0151 is a keservit.<\/p>\n\n\n\n<p class=\"wp-block-paragraph\">Kilincseltek hitelez\u0151k,<br>A r\u00e9g felejtett szeret\u0151k.<br>Szerencs\u00e9je cserbenhagyta,<br>Ett\u0151l azt\u00e1n f\u00e1jt a foga.<\/p>\n\n\n\n<p class=\"wp-block-paragraph\">Volt egy bank\u00e1r, naiv ember,<br>Seg\u00edtett neki m\u00e9g egyszer.<br>Szerelmes volt V\u00f6r\u00f6sk\u00e9be,<br>Igyekezett, hogy megnyerje.<\/p>\n\n\n\n<p class=\"wp-block-paragraph\">Meg akarta teh\u00e1t kapni,<br>P\u00e9nz\u00e9t sem tudta elhagyni.<br>El\u00e1rulta V\u00f6r\u00f6sk\u00e9nek,<br>A nagy titk\u00e1t kincseinek.<\/p>\n\n\n\n<p class=\"wp-block-paragraph\">Gondolta, hogy megh\u00e1l\u00e1lja,<br>Ha sok p\u00e9nze lesz valaha.<br>Elmondta, h\u00e1t bizalmasan,<br>Aranyap\u00f3 hol, s merre van.<\/p>\n\n\n\n<p class=\"wp-block-paragraph\">P\u00e9nze tem\u00e9rdek van neki,<br>Azt sem tudja, hogy az, mennyi.<br>Mag\u00e1nyosan \u00e9l az \u00f6reg,<br>Vil\u00e1g v\u00e9g\u00e9n egy hegy mellett.<\/p>\n\n\n\n<p class=\"wp-block-paragraph\">Ott a hegy a vil\u00e1g cs\u00facs\u00e1n,<br>A gyomr\u00e1ban nagy vagyon v\u00e1r.<br>A sok arany sz\u00e1molatlan,<br>\u00d3ri\u00e1si nagy halmokban.<\/p>\n\n\n\n<p class=\"wp-block-paragraph\">T\u00edz \u00e9vig sz\u00e1molt\u00e1k r\u00e9gen,<br>Sokan gazdagodtak ezen.<br>Fizets\u00e9gk\u00e9nt minden este,<br>Ki mennyit b\u00edrt elvihette.<\/p>\n\n\n\n<p class=\"wp-block-paragraph\">A sok ember vagyonos lett,<br>Feledve a szeg\u00e9nys\u00e9get.<br>Elp\u00e1rtoltak akkor onnan,<br>Bank\u00e1roknak a vil\u00e1gban.<\/p>\n\n\n\n<p class=\"wp-block-paragraph\">Egyed\u00fcl maradt az \u00f6reg,<br>\u00d6szv\u00e9r h\u00e1t\u00e1n ott ker\u00fclget.<br>Egy \u00e9v kell neki \u00fatj\u00e1hoz,<br>Aranya bej\u00e1r\u00e1s\u00e1hoz.<\/p>\n\n\n\n<p class=\"wp-block-paragraph\">2-IK STR\u00d3FA<\/p>\n\n\n\n<p class=\"wp-block-paragraph\">V\u00f6r\u00f6ske h\u00e1nyatott sorsa,<br>Elkezd\u0151d\u00f6tt v\u00e1ndorolva.<br>A bank\u00e1rnak k\u00f6lcs\u00f6n\u00e9b\u0151l,<br>Haj\u00f3t vett a potya p\u00e9nzb\u0151l.<\/p>\n\n\n\n<p class=\"wp-block-paragraph\">Kapit\u00e1ny \u00e9s matr\u00f3z \u0151 lett,<br>S b\u00edzott a nagy szerencs\u00e9ben.<br>Aranyap\u00f3hoz elindult,<br>Aranyak\u00e9rt neki l\u00f3dult.<\/p>\n\n\n\n<p class=\"wp-block-paragraph\">G\u00f6nc\u00f6lszekeret k\u00f6vette,<br>Az volt neki \u00fati terve.<br>Felh\u00fazta a vitorl\u00e1kat,<br>Ker\u00fclte a hull\u00e1mokat.<\/p>\n\n\n\n<p class=\"wp-block-paragraph\">L\u00e9lekveszt\u0151 sz\u00e1rnyra kapott,<br>A vitorla szelet fogott.<br>Heteken \u00e1t, h\u00e1nykol\u00f3dott,<br>P\u00e1szt\u00e1zta a t\u00e1vols\u00e1got.<\/p>\n\n\n\n<p class=\"wp-block-paragraph\">Rem\u00e9nykedett bizakodva,<br>D\u00f6c\u00f6g\u00f6tt a hull\u00e1mokba.<br>Minden reggel azt figyelte,<br>Nincs-e ott az \u00f6reg hegye.<\/p>\n\n\n\n<p class=\"wp-block-paragraph\">\u00c1m egyszer nagyon megijedt,<br>A haj\u00f3b\u00f3l majd kiesett.<br>Azt hitte z\u00e1tonyra futott,<br>Vagy a hegy l\u00e1b\u00e1ba botlott.<\/p>\n\n\n\n<p class=\"wp-block-paragraph\">K\u00f6rbej\u00e1rta a haj\u00f3j\u00e1t,<br>Sz\u00e1razf\u00f6ldet, azt nem tal\u00e1lt.<br>Vitorl\u00e1i megduzzadtak,<br>Egy tapodtat sem haladtak.<\/p>\n\n\n\n<p class=\"wp-block-paragraph\">A haj\u00f3 csak egy helyben \u00e1llt,<br>Nem tudott haladni tov\u00e1bb.<br>A korl\u00e1thoz t\u00e1maszkodott,<br>De onnan semmit sem l\u00e1tott.<\/p>\n\n\n\n<p class=\"wp-block-paragraph\">Lelem\u00e9nyesen V\u00f6r\u00f6ske,<br>Mag\u00e1t korl\u00e1thoz k\u00f6t\u00f6tte.<br>\u00cdgy a v\u00edzbe nem eshetett,<br>A bajt \u00edgyen figyelte meg.<\/p>\n\n\n\n<p class=\"wp-block-paragraph\">Fogs\u00e1g ok\u00e1t \u00edgy kereste,<br>Cs\u00fcngve haj\u00f3j\u00e1n \u00e1llt lesbe\u2019.<br>Ahogyan a v\u00edzbe n\u00e9zett,<br>V\u00edzsug\u00e1r ter\u00edtette be.<\/p>\n\n\n\n<p class=\"wp-block-paragraph\">Onnan sz\u00f6rny\u00fclk\u00f6dve l\u00e1tta.<br>A baj ok\u00e1t megtal\u00e1lta.<br>Hatalmas b\u00e1lna volt ottan,<br>Pihengetett nyugalomban.<\/p>\n\n\n\n<p class=\"wp-block-paragraph\">H\u00e1t\u00e1t a haj\u00f3hoz nyomta,<br>K\u00f6zben k\u00e9jjel napoztatta.<br>T\u00f6rte fej\u00e9t most V\u00f6r\u00f6ske,<br>Hogy szabaduljon meg t\u0151le.<\/p>\n\n\n\n<p class=\"wp-block-paragraph\">Ki\u00f6t\u00f6lte hamarosan,<br>H\u00fast dob\u00e1l a v\u00edzbe gyorsan.<br>\u00cdgy a b\u00e1ln\u00e1t csalogatta,<br>A haj\u00f3t\u00f3l t\u00e1vol\u00edtva.<\/p>\n\n\n\n<p class=\"wp-block-paragraph\">Terve bev\u00e1lt, v\u00e9gre elment,<br>Kis h\u00edj\u00e1n trag\u00e9dia lett.<br>A haj\u00f3 majdnem felfordult,<br>Sok b\u00e1lna volt csapatostul.<\/p>\n\n\n\n<p class=\"wp-block-paragraph\">A vizet, hogy felkavart\u00e1k,<br>Hull\u00e1mokat korb\u00e1csolt\u00e1k.<br>Feldob\u00e1lt\u00e1k a kis haj\u00f3t,<br>Majd els\u00fcllyedt, nem sokon m\u00falt.<\/p>\n\n\n\n<p class=\"wp-block-paragraph\">H\u00fasdarab\u00e9rt viaskodtak,<br>Farkukkal hatalmast csaptak.<br>Megr\u00e9m\u00fclt a szeg\u00e9ny asszony,<br>Majd elsodorta egy uszony.<\/p>\n\n\n\n<p class=\"wp-block-paragraph\">Tapasztalatlans\u00e1g\u00e1ba,<br>A bajt egyre \u00fagy fokozta.<br>A v\u00e9res h\u00fasnak szag\u00e1ra,<br>C\u00e1p\u00e1k j\u00f6ttek, \u00fasztak oda.<\/p>\n\n\n\n<p class=\"wp-block-paragraph\">A v\u00e9rszomjas \u00e9hes c\u00e1p\u00e1k,<br>Sokan k\u00f6vett\u00e9k az \u00fatj\u00e1t.<br>Megt\u00e1madt\u00e1k a haj\u00f3j\u00e1t,<br>Leszak\u00edtva a korl\u00e1tj\u00e1t.<\/p>\n\n\n\n<p class=\"wp-block-paragraph\">A haj\u00f3ra felugr\u00e1lva,<br>Sz\u00e1m\u00edtottak t\u00e1pl\u00e1l\u00e9kra.<br>T\u00e1mad\u00e1suk sokasodott,<br>Nem pediglen al\u00e1bbhagyott.<\/p>\n\n\n\n<p class=\"wp-block-paragraph\">V\u00f6r\u00f6ske \u00edgy elmenek\u00fclt,<br>Kabinj\u00e1ba z\u00e1rk\u00f3zva \u00fclt.<br>Fel\u00e1llni ott nem lehetett,<br>A hull\u00e1mz\u00e1s bajt k\u00f6vethet.<\/p>\n\n\n\n<p class=\"wp-block-paragraph\">A Mindenhat\u00f3hoz fordult,<br>Im\u00e1dkozva arcra borult.<br>Tal\u00e1n meghallgatta Isten,<br>Seg\u00edtett a nagy vesz\u00e9lyben.<\/p>\n\n\n\n<p class=\"wp-block-paragraph\">Seg\u00edts\u00e9ge \u00fajabb baj lett,<br>S\u00f6t\u00e9t felh\u0151k k\u00f6zeledtek.<br>Hatalmas sz\u00e9l kerekedett,<br>Felkorb\u00e1csolta a vizet.<\/p>\n\n\n\n<p class=\"wp-block-paragraph\">Kis j\u00e1rm\u0171v\u00e9t felemelt\u00e9k,<br>A magasb\u00f3l leejtett\u00e9k.<br>J\u00e1tszadoztak a kedv\u00fckre,<br>\u00c9gih\u00e1bor\u00faba esve.<\/p>\n\n\n\n<p class=\"wp-block-paragraph\">A c\u00e1p\u00e1k is menek\u00fcltek.<br>A haj\u00f3val nem t\u00f6r\u0151dtek.<br>V\u00f6r\u00f6ske kimer\u00fclt nagyon,<br>El\u00e1jult lent a pamlagon.<\/p>\n\n\n\n<p class=\"wp-block-paragraph\">Haj\u00f3 gyomr\u00e1ban pihenve,<br>Eszm\u00e9letlen\u00fcl heverve.<br>Szerencs\u00e9je ez volt neki,<br>Ezt a napot nem feledi.<\/p>\n\n\n\n<p class=\"wp-block-paragraph\">Mikor \u00e9bredt nyugalom volt,<br>Vesz\u00e9ly n\u00e9lk\u00fcl ringat\u00f3zott.<br>S\u00fct\u00f6tt a nap, vak\u00edt\u00f3an,<br>Nagy h\u0151vel \u00e9s forr\u00f3s\u00e1ggal.<\/p>\n\n\n\n<p class=\"wp-block-paragraph\">Sugarai t\u00e1ncot j\u00e1rtak,<br>A v\u00edz t\u00fckr\u00e9n megcsillantak.<br>Szikr\u00e1z\u00f3 f\u00e9ny vibr\u00e1lgatott,<br>A jelens\u00e9g j\u00e1tszadozott.<\/p>\n\n\n\n<p class=\"wp-block-paragraph\">Napok teltek, m\u00faltak sorban,<br>Egyhang\u00faan, unalomban.<br>Sz\u00e1razf\u00f6ldnek nyoma sem volt,<br>\u00cdgy h\u00e1t tov\u00e1bb is haj\u00f3zott.<\/p>\n\n\n\n<p class=\"wp-block-paragraph\">A szikr\u00e1z\u00f3 naps\u00fct\u00e9sben,<br>Ladikokat v\u00e9lt a csendben.<br>Hal\u00e1szokra gondolt ekkor,<br>Ujjongott a l\u00e1tv\u00e1nyukt\u00f3l.<\/p>\n\n\n\n<p class=\"wp-block-paragraph\">Gyorsan a nyomukba eredt,<br>Seg\u00edts\u00e9get \u00edgy keresett.<br>Szomor\u00faan vette \u00e9szre,<br>T\u00e1volodnak messzes\u00e9gbe.<\/p>\n\n\n\n<p class=\"wp-block-paragraph\">Kibontott m\u00e9g egy vitorl\u00e1t,<br>Sebess\u00e9g\u00e9t \u00fagy fokozv\u00e1n.<br>Sz\u00e1guldott a kicsi haj\u00f3,<br>Mint valami versenyaut\u00f3.<\/p>\n\n\n\n<p class=\"wp-block-paragraph\">Ahogyan \u00edgy k\u00f6zeledett,<br>R\u00e1j\u00f6tt, mily nagyot t\u00e9vedett,<br>Nem ladikokat k\u00f6vetett,<br>Hanem egy tekn\u0151s sereget.<\/p>\n\n\n\n<p class=\"wp-block-paragraph\">\u00d3ri\u00e1stekn\u0151s\u00f6k hada,<br>Igyekezett ki a partra.<br>Toj\u00e1st rakni mentek oda,<br>Betemetni a homokba.<\/p>\n\n\n\n<p class=\"wp-block-paragraph\">Olvasta ezt r\u00f3luk egyszer,<br>Eml\u00e9kezete seg\u00edtett.<br>K\u00f6vette ott, teh\u00e1t \u0151ket,<br>R\u00f6videsen partot \u00e9rtek.<\/p>\n\n\n\n<p class=\"wp-block-paragraph\">V\u00f6r\u00f6ske is \u00fatnak eredt,<br>Ment\u0151cs\u00f3nakj\u00e1n evezett.<br>Megleste a tekn\u0151s\u00f6ket,<br>Kirabolta a f\u00e9szk\u00fcket.<\/p>\n\n\n\n<p class=\"wp-block-paragraph\">A cs\u00f3nakj\u00e1t megpakolta,<br>Toj\u00e1sokkal elhalmozta.<br>\u00c9tk\u00e9szlete m\u00e1r megfogyott,<br>\u00cdgy h\u00e1t ism\u00e9t gyarapodott.<\/p>\n\n\n\n<p class=\"wp-block-paragraph\">Nem f\u00e9lt a tekn\u0151s\u00f6k k\u00f6z\u00f6tt,<br>Az \u00faton m\u00e1r megedz\u0151d\u00f6tt.<br>Tudta r\u00f3luk nincs is foguk,<br>M\u00e9gis er\u0151s harap\u00e1suk.<\/p>\n\n\n\n<p class=\"wp-block-paragraph\">Emberre \u0151k nem t\u00e1madnak,<br>\u00c1m, de nem is bar\u00e1tkoznak.<br>A ladikot, mint megrakta,<br>Rakom\u00e1nyt vitt a haj\u00f3ra.<\/p>\n\n\n\n<p class=\"wp-block-paragraph\">Ism\u00e9t a partra evezett,<br>K\u00f6r\u00fcln\u00e9zzen, l\u00e1sson mindent.<br>A szigeten kiss\u00e9 beljebb,<br>Szikl\u00e1s r\u00e9szek meredeztek.<\/p>\n\n\n\n<p class=\"wp-block-paragraph\">Fel\u00e9j\u00fck vette h\u00e1t \u00fatj\u00e1t,<br>Felkutatv\u00e1n azok titk\u00e1t.<br>Ahogy oda k\u00f6zel\u00edtett,<br>Riadalom-, nagy ricsaj lett.<\/p>\n\n\n\n<p class=\"wp-block-paragraph\">Sok ezer mad\u00e1r f\u00e9szkelt ott,<br>Amit messzir\u0151l nem l\u00e1tott.<br>Olyanok, mint a galambok,<br>Csak azokn\u00e1l sokkal nagyobb.<\/p>\n\n\n\n<p class=\"wp-block-paragraph\">Fi\u00f3k\u00e1ik hatalmasak,<br>\u00c9tkez\u00e9sre alkalmasak.<br>Rengeteget szedett \u00f6ssze,<br>A haj\u00f3ra mind felvitte.<\/p>\n\n\n\n<p class=\"wp-block-paragraph\">Feldolgozta konyhak\u00e9szre,<br>Lett \u00edgy rengeteg \u00e9lelme.<br>Munk\u00e1j\u00e1val, ahogy v\u00e9gzett,<br>Ism\u00e9t a partra evezett.<\/p>\n\n\n\n<p class=\"wp-block-paragraph\">Iv\u00f3v\u00edz is kellett neki,<br>Azut\u00e1n kezdett kutatni.<br>J\u00e1rt-kelt ott a szikl\u00e1k k\u00f6z\u00f6tt,<br>T\u00fcrelmesen ott id\u0151z\u00f6tt.<\/p>\n\n\n\n<p class=\"wp-block-paragraph\">M\u00e1r majdnem feladta terv\u00e9t,<br>Elvetette szerencs\u00e9j\u00e9t.<br>Ekkor csobog\u00e1sra figyelt,<br>V\u00edzes\u00e9shez k\u00f6zeledett.<\/p>\n\n\n\n<p class=\"wp-block-paragraph\">Krist\u00e1lytiszta vizet tal\u00e1lt,<br>A magasb\u00f3l hullt az al\u00e1.<br>Csergedezett \u00f6r\u00f6m\u00e9re,<br>Kis patakkal elvezetve.<\/p>\n\n\n\n<p class=\"wp-block-paragraph\">K\u00f6vette a patak \u00fatj\u00e1t,<br>S el\u00e9rte a tenger partj\u00e1t.<br>Haj\u00f3j\u00e1val ott k\u00f6t\u00f6tt ki,<br>Vizes ed\u00e9nyt megt\u00f6lteni.<\/p>\n\n\n\n<p class=\"wp-block-paragraph\">Mire k\u00e9sz lett esteledett,<br>Sok munka volt, mit elv\u00e9gzett.<br>Pihen\u00e9shez k\u00e9sz\u00fcl\u0151d\u00f6tt,<br>\u00daszott egyet, \u00e9s j\u00f3t f\u00fcrd\u00f6tt.<\/p>\n\n\n\n<p class=\"wp-block-paragraph\">3-IK STR\u00d3FA<\/p>\n\n\n\n<p class=\"wp-block-paragraph\">V\u00f6r\u00f6ske m\u00e9g nem sejtette,<br>Mennyi \u00fat van m\u00e9g el\u0151tte.<br>A szigeten \u00e9bredt csak r\u00e1,<br>Hogy csup\u00e1n a f\u00e9l\u00faton j\u00e1r.<\/p>\n\n\n\n<p class=\"wp-block-paragraph\">Lakatlan sziget hat\u00e1sa,<br>R\u00e1borult a mag\u00e1ny\u00e1ra.<br>Megpr\u00f3b\u00e1ltat\u00e1st\u00f3l f\u00e9lve,<br>\u00d3vatosan ment el\u0151re.<\/p>\n\n\n\n<p class=\"wp-block-paragraph\">Haj\u00f3ja, ahogyan ringott,<br>\u0150r\u00e1 f\u00e1radts\u00e1got hozott.<br>Korm\u00e1nyr\u00fadj\u00e1t kik\u00f6t\u00f6tte,<br>Megnyugodott v\u00e9gre t\u0151le.<\/p>\n\n\n\n<p class=\"wp-block-paragraph\">S\u00f6t\u00e9ts\u00e9gbe bele\u00e9rve,<br>Aludni t\u00e9rt ott V\u00f6r\u00f6ske.<br>Sz\u00f6rny\u0171 \u00e1lma meggy\u00f6t\u00f6rte,<br>Val\u00f3s lett az \u00e9bred\u00e9se.<\/p>\n\n\n\n<p class=\"wp-block-paragraph\">\u00c1gy\u00e1r\u00f3l egyszer leesett,<br>Haj\u00f3padl\u00f3n ott fetrengett.<br>Gurult jobbra-balra szeg\u00e9ny,<br>S\u00f6t\u00e9ts\u00e9g volt \u00e9s nem volt f\u00e9ny.<\/p>\n\n\n\n<p class=\"wp-block-paragraph\">Mikor talpra tudott \u00e1llni,<br>A korl\u00e1tban kapaszkodni.<br>V\u00edz z\u00fadult be f\u00fclk\u00e9j\u00e9be,<br>T\u00e9rd\u00e9ig \u00e9rt, mindent lepve.<\/p>\n\n\n\n<p class=\"wp-block-paragraph\">Kegyetlen viharba ker\u00fclt,<br>H\u00e1ny\u00f3dott h\u00e1t v\u00e9dtelen\u00fcl.<br>A sok vizet lap\u00e1tolta,<br>Hogy a kabinj\u00e1t meg\u00f3vja.<\/p>\n\n\n\n<p class=\"wp-block-paragraph\">Minden ajt\u00f3t gondosan z\u00e1rt,<br>Kirekesztve a hull\u00e1mz\u00e1st.<br>Mert, ha ezt nem tette volna,<br>Els\u00fcllyed biztos haj\u00f3ja.<\/p>\n\n\n\n<p class=\"wp-block-paragraph\">Egy h\u00e9tig \u00edgy hadakozott,<br>A viharral birk\u00f3zgatott.<br>Amily gyorsan j\u00f6tt \u00fagy m\u00falt el,<br>V\u00f6r\u00f6sk\u00e9nek kegyelmezve.<\/p>\n\n\n\n<p class=\"wp-block-paragraph\">E vihar volt t\u00e1n hasonl\u00f3,<br>Hangulatv\u00e1lt\u00e1shoz m\u00e9lt\u00f3.<br>A t\u00e9kozl\u00f3 asszony, maga,<br>Ilyen volt a val\u00f3s\u00e1gba.<\/p>\n\n\n\n<p class=\"wp-block-paragraph\">Mikor tombolt lelki baja,<br>A nagy vihart, azt, fokozta.<br>Sz\u00f6rny\u0171s\u00e9ges \u00e1llapota,<br>Borzalmakat el\u0151hozta.<\/p>\n\n\n\n<p class=\"wp-block-paragraph\">Amint kisimult a tenger,<br>F\u00fcrd\u00f6tt a Hold k\u00e9nyeskedve,<br>V\u00edzt\u00fckr\u00e9ben n\u00e9zte mag\u00e1t,<br>Elfeledve a tombol\u00e1st.<\/p>\n\n\n\n<p class=\"wp-block-paragraph\">Reggel az els\u0151 napsug\u00e1r,<br>F\u00e9nyl\u0151n n\u00e9zte mennyi a k\u00e1r.<br>M\u00edg a felh\u0151k eltakart\u00e1k,<br>Nem l\u00e1tta a val\u00f3 ok\u00e1t.<\/p>\n\n\n\n<p class=\"wp-block-paragraph\">V\u00f6r\u00f6ske is t\u00e1vcs\u00f6v\u00e9vel,<br>K\u00e9mlelgetett, szerte-sz\u00e9jjel.<br>Megpr\u00f3b\u00e1lta elemezni,<br>Helyzet\u00e9t felt\u00e9rk\u00e9pezni.<\/p>\n\n\n\n<p class=\"wp-block-paragraph\">Szomor\u00faan vette \u00e9szre,<br>Rossz ir\u00e1nyba keveredve.<br>\u00dagy haj\u00f3zott eg\u00e9sz h\u00e9ten,<br>A felkorb\u00e1csolt tengeren.<\/p>\n\n\n\n<p class=\"wp-block-paragraph\">Fogalma sem volt, hol lehet?<br>Hideg sz\u00e9lt\u0151l megremegett.<br>F\u00e9nyess\u00e9g t\u0171nt fel el\u0151tte,<br>Az ir\u00e1ny\u00e1t arra vette.<\/p>\n\n\n\n<p class=\"wp-block-paragraph\">\u00d3r\u00e1kig nem t\u00f6rt\u00e9nt semmi,<br>Vak\u00edt\u00f3f\u00e9nyt rossz volt n\u00e9zni.<br>Vitust\u00e1ncban a f\u00e9nysug\u00e1r,<br>Mag\u00e1t eltakarva csak v\u00e1rt.<\/p>\n\n\n\n<p class=\"wp-block-paragraph\">V\u00f6r\u00f6ske lehorgonyozott,<br>Ment\u0151cs\u00f3nakj\u00e1ba m\u00e1szott.<br>Evezni kezdett el\u0151re,<br>A nagy f\u00e9nyhez k\u00f6zeledve.<\/p>\n\n\n\n<p class=\"wp-block-paragraph\">A cs\u00f3nakja nagyot koppant,<br>J\u00e9gp\u00e1nc\u00e9lnak nekirohant.<br>\u00dctk\u00f6z\u00e9snek hat\u00e1s\u00e1ra,<br>Kihuppant a j\u00e9gt\u00e1bl\u00e1ra.<\/p>\n\n\n\n<p class=\"wp-block-paragraph\">Felt\u00e1p\u00e1szkodott h\u00e1t gyorsan,<br>Sajg\u00f3 fenek\u00e9t fogdosta.<br>K\u00e9t l\u00e1ba engedetlen lett,<br>Egy darabig csak remegett.<\/p>\n\n\n\n<p class=\"wp-block-paragraph\">Mikor v\u00e9gre mag\u00e1hoz t\u00e9rt,<br>F\u00e1jlalta m\u00e9g a k\u00e9t t\u00e9rd\u00e9t.<br>Egyhelyben \u00e1llt, \u00e9s vacogott,<br>A fogsora t\u00e1ncolgatott.<\/p>\n\n\n\n<p class=\"wp-block-paragraph\">\u00d6sszever\u0151dtek hangosan,<br>\u00dctemesen, dallamosan.<br>V\u00f6r\u00f6ske \u00e1llt b\u00e1natosan,<br>Messzes\u00e9gbe b\u00e1mult ottan.<\/p>\n\n\n\n<p class=\"wp-block-paragraph\">T\u00e1vcs\u00f6v\u00e9t, amint forgatta,<br>T\u00e1vols\u00e1got p\u00e1szt\u00e1zgatta.<br>\u00d6r\u00f6mmel vette ott \u00e9szre,<br>Emberek mozg\u00e1s\u00e1t n\u00e9zve.<\/p>\n\n\n\n<p class=\"wp-block-paragraph\">Sz\u00e1zak, ezrek sz\u00e9p frakkokba\u2019,<br>J\u00e1rk\u00e1ltak ott imbolyogva.<br>A j\u00e9gh\u00e1t\u00e1n siet\u0151sen,<br>Indult fel\u00e9j\u00fck sebesen.<\/p>\n\n\n\n<p class=\"wp-block-paragraph\">Ahogyan \u00edgy k\u00f6zeledet,<br>L\u00e1tta, hogy megint t\u00e9vedett.<br>Nem emberek voltak frakkban,<br>Hanem pingvinek csapatban.<\/p>\n\n\n\n<p class=\"wp-block-paragraph\">Nem l\u00e1ttak azok m\u00e9g embert,<br>Csak a zajl\u00f3 jeges-tengert.<br>Nem ijedtek, menek\u00fcltek,<br>Nyugton v\u00e1rtak, megpihentek.<\/p>\n\n\n\n<p class=\"wp-block-paragraph\">Nemzets\u00e9g\u00fck egys\u00e9g\u00e9ben,<br>\u00c9ltek ott a zord hidegben.<br>J\u00e9gt\u00e1bl\u00e1k k\u00f6zt kutatgattak,<br>Kishalakkal t\u00e1pl\u00e1lkoztak.<\/p>\n\n\n\n<p class=\"wp-block-paragraph\">J\u00e9ghideg v\u00edzben \u00faszk\u00e1ltak,<br>Pajkosan \u00fagy j\u00e1tszadoztak.<br>Kim\u00e1szni nekik nem kellett,<br>Kiugrottak, t\u00e1n rep\u00fcltek.<\/p>\n\n\n\n<p class=\"wp-block-paragraph\">Mintha \u00e1gy\u00fa l\u0151tte volna,<br>\u00dagy v\u00e1g\u00f3dtak ki a partra.<br>Ott hirtelen megr\u00e1zk\u00f3dtak.<br>Ett\u0151l m\u00e1r meg is sz\u00e1radtak.<\/p>\n\n\n\n<p class=\"wp-block-paragraph\">Aranyos kicsi madarak,<br>K\u00edv\u00e1ncsian csak b\u00e1multak,<br>N\u00e9zegett\u00e9k \u0151k V\u00f6r\u00f6sk\u00e9t,<br>K\u00f6rbej\u00e1rva tekingett\u00e9k.<\/p>\n\n\n\n<p class=\"wp-block-paragraph\">Oly kedvesek, sz\u00e9pek voltak,<br>Hatalmas kol\u00f3ni\u00e1ban.<br>Elsz\u00e1llt ett\u0151l V\u00f6r\u00f6sk\u00e9nek,<br>Bossz\u00fas\u00e1ga, t\u00e9ved\u00e9snek.<\/p>\n\n\n\n<p class=\"wp-block-paragraph\">Sajn\u00e1lattal tov\u00e1bb ment h\u00e1t,<br>A part mellett ott haj\u00f3zv\u00e1n.<br>Eg\u00e9sz \u00e9jjel ringat\u00f3zott,<br>Pingvinkalandr\u00f3l \u00e1lmodott.<\/p>\n\n\n\n<p class=\"wp-block-paragraph\">4-IK STR\u00d3FA<\/p>\n\n\n\n<p class=\"wp-block-paragraph\">M\u00e1snap \u00faj kalandra tal\u00e1lt,<br>Lehorgonyzott, s nem ment tov\u00e1bb.<br>Rozm\u00e1roknak sokas\u00e1ga,<br>Azok hatalmas csoportja.<\/p>\n\n\n\n<p class=\"wp-block-paragraph\">Egym\u00e1s hegy\u00e9n-h\u00e1t\u00e1n voltak,<br>Kinn a parton ott napoztak.<br>T\u00f6bb m\u00e1zs\u00e1s s\u00falyuk t\u00f6mege,<br>V\u00f6r\u00f6sk\u00e9t, elrettentette.<\/p>\n\n\n\n<p class=\"wp-block-paragraph\">B\u00e1tors\u00e1g\u00e1t \u00f6sszeszedte,<br>Evezgetett k\u00f6zel\u00fckbe.<br>Hatalmas agyaruk l\u00e1tt\u00e1n,<br>\u00d3vatos lett, a v\u00edz partj\u00e1n.<\/p>\n\n\n\n<p class=\"wp-block-paragraph\">A rozm\u00e1rok nem b\u00e1ntott\u00e1k,<br>Nem ismert\u00e9k a fajt\u00e1j\u00e1t.<br>K\u00f6zt\u00fck j\u00e1rt-kelt, tekintgetett,<br>Azok meg \u00e1mulva n\u00e9ztek.<\/p>\n\n\n\n<p class=\"wp-block-paragraph\">Mikor hasznosat nem tal\u00e1lt,<br>Elhagyta a kol\u00f3ni\u00e1t.<br>Cs\u00fasz\u00f3m\u00e1sz\u00f3k csak b\u00e1mult\u00e1k,<br>Irigyelt\u00e9k a j\u00e1r\u00e1s\u00e1t.<\/p>\n\n\n\n<p class=\"wp-block-paragraph\">Ott az \u00e9szaki \u00e9denben,<br>J\u00e9gp\u00e1nc\u00e9lnak sz\u00e9ps\u00e9g\u00e9ben,<br>Kiss\u00e9 arr\u00e1bb f\u00f3k\u00e1k voltak,<br>Brav\u00farosan \u00faszk\u00e1lgattak.<\/p>\n\n\n\n<p class=\"wp-block-paragraph\">Szemet gy\u00f6ny\u00f6rk\u00f6dtet\u0151en,<br>Irigyl\u00e9sre m\u00e9lt\u00f3k\u00e9ppen,<br>Nem t\u00f6r\u0151d\u00f6tt az id\u0151vel,<br>Mag\u00e1ny\u00e1val, f\u00e9lelemmel.<\/p>\n\n\n\n<p class=\"wp-block-paragraph\">Kik\u00f6t\u00f6tte a cs\u00f3nakj\u00e1t,<br>\u00c9s a s\u00edkos j\u00e9gre kisz\u00e1llt.<br>Els\u0151 l\u00e9p\u00e9se kudarc volt,<br>Fenek\u00e9re lehuppant ott.<\/p>\n\n\n\n<p class=\"wp-block-paragraph\">A f\u00f3k\u00e1k is t\u00e1n kacagtak,<br>Hozz\u00e1 k\u00f6zelebb cammogtak.<br>Azt hitt\u00e9k, j\u00e1tszani akar,<br>Indulattal, boh\u00f3s\u00e1ggal.<\/p>\n\n\n\n<p class=\"wp-block-paragraph\">Nagy hirtelen talpra ugrott,<br>Cs\u00faszk\u00e1lva eliramodott.<br>Elmenek\u00fclt a f\u00f3k\u00e1kt\u00f3l,<br>Lemondott a j\u00e1t\u00e9kukr\u00f3l.<\/p>\n\n\n\n<p class=\"wp-block-paragraph\">A hemzseg\u0151 \u00e1llatok k\u00f6zt,<br>S\u00e9t\u00e1lgatott, n\u00e9zel\u0151d\u00f6tt.<br>Madaraknak sokas\u00e1g\u00e1t,<br>Elb\u0171v\u00f6lve n\u00e9zte tov\u00e1bb.<\/p>\n\n\n\n<p class=\"wp-block-paragraph\">\u00d3r\u00e1k \u00f3ta, ahogy j\u00e1rk\u00e1lt,<br>Kezdte f\u00e1jlalni a l\u00e1b\u00e1t.<br>T\u00e1vcs\u00f6v\u00e9t vette h\u00e1t el\u0151,<br>Kereste, hol van pihen\u0151.<\/p>\n\n\n\n<p class=\"wp-block-paragraph\">T\u00e1volban visk\u00f3kat l\u00e1tott,<br>Embereket v\u00e9lt-, tal\u00e1lt ott.<br>Elindult gyorsan fel\u00e9j\u00fck,<br>Hogy majd \u00e9rdekl\u0151dik t\u0151l\u00fck.<\/p>\n\n\n\n<p class=\"wp-block-paragraph\">Az ina is megremegett,<br>F\u00e9lelemt\u0151l m\u00e1r reszketett.<br>Nyilakkal, botokkal j\u00f6ttek,<br>Kiab\u00e1lva integettek.<\/p>\n\n\n\n<p class=\"wp-block-paragraph\">Nem \u00e9rtette, mit mondanak,<br>De hatalmas ricsajt csaptak.<br>Elsz\u00e1llt minden b\u00e1tors\u00e1ga,<br>Azt hitte elj\u00f6tt hal\u00e1la.<\/p>\n\n\n\n<p class=\"wp-block-paragraph\">Menek\u00fclni akart onnan,<br>Megfordult, hogy majd elrohan,<br>A nagy bajt csak ekkor l\u00e1tta,<br>Jegesmedv\u00e9ket ott \u00e1llva.<\/p>\n\n\n\n<p class=\"wp-block-paragraph\">K\u00e9t hatalmas feh\u00e9r medve,<br>\u00c9s a bocsuk megrekedve.<br>Az eszkim\u00f3k oda\u00e9rtek,<br>\u00datj\u00e1t \u00e1llt\u00e1k a medv\u00e9knek.<\/p>\n\n\n\n<p class=\"wp-block-paragraph\">Azok visszavonultak h\u00e1t,<br>Elhagyva a k\u00f6nny\u0171 pr\u00e9d\u00e1t.<br>V\u00f6r\u00f6ske csak h\u00e1l\u00e1lkodott,<br>Mint a z\u00e1por k\u00f6nnye hullott.<\/p>\n\n\n\n<p class=\"wp-block-paragraph\">Az igluknak h\u0151s lak\u00f3i,<br>Lettek neki megment\u0151i.<br>Nem engedt\u00e9k a haj\u00f3ra.<br>Megh\u00edvt\u00e1k a s\u00e1traikba.<\/p>\n\n\n\n<p class=\"wp-block-paragraph\">Ismert\u00e9k a medveszok\u00e1st,<br>Alattomos val\u00f3s\u00e1g\u00e1t.<br>A t\u00e1volban v\u00e1rakoznak,<br>Zs\u00e1km\u00e1nyr\u00f3l le nem mondanak.<\/p>\n\n\n\n<p class=\"wp-block-paragraph\">\u00c9jszak\u00e1ra ott maradt h\u00e1t,<br>Hogy kipihenje majd mag\u00e1t.<br>F\u00e9lelme m\u00e1r elsz\u00e1llt r\u00e9gen,<br>Bar\u00e1tok k\u00f6zt a nagy j\u00e9gen.<\/p>\n\n\n\n<p class=\"wp-block-paragraph\">Reggel nagy riadalom lett,<br>\u00dcdvrivalg\u00e1sra fel\u00e9bredt.<br>H\u00e1rom kutyasz\u00e1n \u00e9rkezett,<br>Vad\u00e1szatb\u00f3l visszat\u00e9rtek.<\/p>\n\n\n\n<p class=\"wp-block-paragraph\">\u00c9jszakai vad\u00e1szatb\u00f3l,<br>\u00c9lelemszerz\u0151 \u00fatjukr\u00f3l,<br>Megj\u00f6ttek mind a t\u00e1rsaik,<br>\u00c9lelmet hoztak most nekik.<\/p>\n\n\n\n<p class=\"wp-block-paragraph\">Hat f\u00f3ka volt \u00e9lettelen,<br>A sz\u00e1nk\u00f3kon ott hevert fenn,<br>Leemelt\u00e9k, t\u00e1ncot j\u00e1rtak,<br>\u00dcnnepeltek vigalomban.<\/p>\n\n\n\n<p class=\"wp-block-paragraph\">Igazs\u00e1gosan osztoztak,<br>Mindenkinek sok h\u00fast adtak.<br>Feldolgozt\u00e1k a f\u00f3k\u00e1kat,<br>K\u00f6zben v\u00edgan kurjantottak.<\/p>\n\n\n\n<p class=\"wp-block-paragraph\">Eg\u00e9sz nap tartott a munka,<br>Dolgozgattak nyugalomba\u2019.<br>Szinte mindent felhaszn\u00e1ltak,<br>F\u00f3kab\u0151rb\u0151l ruh\u00e1t varrtak.<\/p>\n\n\n\n<p class=\"wp-block-paragraph\">A faggy\u00fat felszeletelt\u00e9k,<br>Csak \u00fagy nyersen moh\u00f3n ett\u00e9k.<br>V\u00f6r\u00f6sk\u00e9t is k\u00edn\u00e1lgatt\u00e1k,<br>Ki fintorgott, szinte m\u00e1r h\u00e1nyt.<\/p>\n\n\n\n<p class=\"wp-block-paragraph\">\u00d6kl\u00f6nd\u00f6z\u00e9s\u00e9t, hogy l\u00e1tt\u00e1k,<br>\u00d6lelkezve kikacagt\u00e1k.<br>Eg\u00e9sz nap kinn a szabadban,<br>Nem f\u00e1ztak \u0151k a nyarukban.<\/p>\n\n\n\n<p class=\"wp-block-paragraph\">Ism\u00e9t r\u00e1juk esteledett,<br>De s\u00f6t\u00e9t az, n\u00e1luk nem lett.<br>V\u00f6r\u00f6ske m\u00e1r majd megfagyott,<br>A reszket\u00e9st\u0151l vacogott.<\/p>\n\n\n\n<p class=\"wp-block-paragraph\">Az asszonyok \u00e1tkarolt\u00e1k,<br>Sz\u0151rm\u00e9kkel bebor\u00edtott\u00e1k.<br>Begy\u00fajtottak az igluban,<br>Els\u00f6t\u00edtettek \u0151k ottan.<\/p>\n\n\n\n<p class=\"wp-block-paragraph\">V\u00e9gre kipihente mag\u00e1t,<br>Ijedelm\u00e9t, f\u00e1radts\u00e1g\u00e1t.<br>M\u00e1snap reggel elk\u00eds\u00e9rt\u00e9k,<br>\u00c9lelemmel felszerelt\u00e9k,<\/p>\n\n\n\n<p class=\"wp-block-paragraph\">Haj\u00f3j\u00e1hoz elvezett\u00e9k.<br>Megl\u00e1tt\u00e1k a h\u00e1rom medv\u00e9t.<br>Hosszasan elb\u00facs\u00fazkodtak,<br>Igazi bar\u00e1tok voltak.<\/p>\n\n\n\n<p class=\"wp-block-paragraph\">5-IK STR\u00d3FA<\/p>\n\n\n\n<p class=\"wp-block-paragraph\">V\u00f6r\u00f6ske vitorl\u00e1t bontott,<br>Percek m\u00falva m\u00e1r sz\u00e1guldott.<br>Bar\u00e1tai megmutatt\u00e1k,<br>Merre vegye az \u00fatir\u00e1nyt.<\/p>\n\n\n\n<p class=\"wp-block-paragraph\">A kis eszkim\u00f3k csak \u00e1lltak,<br>Integetve b\u00facs\u00fazkodtak.<br>V\u00f6r\u00f6ske is visszaintett,<br>Szem\u00e9ben a k\u00f6nny megjelent.<\/p>\n\n\n\n<p class=\"wp-block-paragraph\">Korm\u00e1nyozta a haj\u00f3j\u00e1t,<br>K\u00f6zben esze a m\u00faltban j\u00e1rt.<br>\u00c9let\u00e9ben el\u0151sz\u00f6r t\u00e1n,<br>Gondolkodott a p\u00e9nz volt\u00e1n.<\/p>\n\n\n\n<p class=\"wp-block-paragraph\">Nem tudta \u0151 meg\u00e9rteni,<br>P\u00e9nz n\u00e9lk\u00fcl, hogy lehet \u00e9lni.<br>A kis eszkim\u00f3k boldogok,<br>P\u00e9nz n\u00e9lk\u00fcl ez, mily nagydolog.<\/p>\n\n\n\n<p class=\"wp-block-paragraph\">A munk\u00e1t \u0151 nem ismerte,<br>Mindig messze elker\u00fclte.<br>Biztos van valami benne,<br>Van annak is t\u00e1n \u00e9rtelme.<\/p>\n\n\n\n<p class=\"wp-block-paragraph\">M\u00e9gsem v\u00e1gyott munka ut\u00e1n,<br>Megmarad \u0151 sut\u00e1n-but\u00e1n.<br>Hetekig morfond\u00edrozott,<br>\u00c9jjel-nappal h\u00e1nykol\u00f3dott.<\/p>\n\n\n\n<p class=\"wp-block-paragraph\">Ahogyan medit\u00e1lgatott,<br>Dologra r\u00e1fanyarodott.<br>K\u00e9nyszeredetten csin\u00e1lta,<br>Haj\u00f3korl\u00e1tj\u00e1t \u00e1csolta.<\/p>\n\n\n\n<p class=\"wp-block-paragraph\">Fr\u00e1nya c\u00e1p\u00e1k t\u00f6nkretett\u00e9k,<br>Biztons\u00e1g\u00e1t mind let\u00f6rt\u00e9k.<br>R\u00e1j\u00f6tt, hogyha \u00e9lni akar,<br>Dolgozni kell, gyorsan, hamar.<\/p>\n\n\n\n<p class=\"wp-block-paragraph\">Nekifogott \u00fcgyeskedve,<br>\u00c9szrev\u00e9tlen megj\u00f6tt kedve.<br>Maga el\u0151tt is sz\u00e9gyellte,<br>Ami\u00e9rt \u00f6r\u00f6m\u00e9t lelte.<\/p>\n\n\n\n<p class=\"wp-block-paragraph\">Becs\u00fclettel elv\u00e9gezte,<br>A munk\u00e1j\u00e1t befejezte.<br>Jobb lett az t\u00e1n, mint milyen volt.<br>Irigyelhetn\u00e9k az \u00e1csok.<\/p>\n\n\n\n<p class=\"wp-block-paragraph\">K\u00f6rbej\u00e1rta a haj\u00f3j\u00e1t,<br>Ellen\u0151rizte korl\u00e1tj\u00e1t.<br>B\u00fcszk\u00e9n kih\u00fazta h\u00e1t mag\u00e1t,<br>Veregette saj\u00e1t v\u00e1ll\u00e1t.<\/p>\n\n\n\n<p class=\"wp-block-paragraph\">Elismerte, hogy a munka,<br>Nemes cselekedet volna.<br>M\u00e9gsem k\u00edv\u00e1nt abb\u00f3l semmit,<br>Sok p\u00e9nz kell, mert az boldog\u00edt.<\/p>\n\n\n\n<p class=\"wp-block-paragraph\">V\u00e9g\u00fcl \u0151 is csak dolgozik,<br>Mindig p\u00e9nzen t\u00f6ri fejit.<br>M\u00e1snak hagyja a nehez\u00e9t,<br>Furfang t\u00f6lti ki idej\u00e9t.<\/p>\n\n\n\n<p class=\"wp-block-paragraph\">Gondolat\u00e1t \u00edgy rendezte,<br>B\u00fcszkes\u00e9ge elt\u00f6lt\u00f6tte.<br>Elny\u00falt a haj\u00f3 nyug\u00e1gy\u00e1n,<br>Unalmasan \u00e1s\u00edtozv\u00e1n.<\/p>\n\n\n\n<p class=\"wp-block-paragraph\">Addig-addig ny\u00fajt\u00f3zkodott,<br>Terpeszkedett, forgol\u00f3dott,<br>\u00c1s\u00edtozott, a ring\u00e1sban,<br>Hull\u00e1mok k\u00f6zt, halad\u00e1sban.<\/p>\n\n\n\n<p class=\"wp-block-paragraph\">Egyszer m\u00e9ly\u00e1lomba mer\u00fclt,<br>\u00c9szrev\u00e9tlen elszender\u00fclt.<br>Horkantott is n\u00e9ha egyet,<br>Mit\u0151l azt\u00e1n fel is ijedt.<\/p>\n\n\n\n<p class=\"wp-block-paragraph\">Ahogyan ott hever\u00e9szett,<br>Csobog\u00e1sra lett figyelmes.<br>Felpattant h\u00e1t nyug\u00e1gy\u00e1r\u00f3l,<br>Lust\u00e1lkod\u00f3 mag\u00e1ny\u00e1b\u00f3l.<\/p>\n\n\n\n<p class=\"wp-block-paragraph\">Haj\u00f3korl\u00e1thoz sietett,<br>A nagy v\u00edzre letekintett.<br>T\u00e1tva is maradt a sz\u00e1ja,<br>L\u00e1tv\u00e1ny\u00e1nak, a l\u00e1tt\u00e1ra.<\/p>\n\n\n\n<p class=\"wp-block-paragraph\">Delfineknek sokas\u00e1ga,<br>\u00c9s azoknak par\u00e1d\u00e9ja.<br>A tengert elvar\u00e1zsolta,<br>S k\u00e9pzelet\u00e9t fel\u00fclm\u00falta.<\/p>\n\n\n\n<p class=\"wp-block-paragraph\">K\u00f6nnyed\u00e9n, ahogy szalt\u00f3ztak,<br>J\u00e1t\u00e9kosan ugr\u00e1ndoztak,<br>L\u00e1tott m\u00e1r ilyet \u0151 r\u00e9gen,<br>Akv\u00e1riumnak viz\u00e9ben.<\/p>\n\n\n\n<p class=\"wp-block-paragraph\">De az csak egy-egy delfin volt,<br>Nem pediglen egy nagy csoport.<br>Delfin\u00e1rium lett m\u00e1ra,<br>\u0150neki a boldogs\u00e1ga.<\/p>\n\n\n\n<p class=\"wp-block-paragraph\">V\u00e9gre vid\u00e1ms\u00e1g k\u00f6lt\u00f6z\u00f6tt,<br>Unalmas napjai k\u00f6z\u00f6tt.<br>\u00d6r\u00f6mittasan figyelte,<br>M\u0171sorukat, ahogy leste.<\/p>\n\n\n\n<p class=\"wp-block-paragraph\">K\u00f6zben gondolat\u00e1t f\u0171zte,<br>Mi\u00e9rt nem jutott esz\u00e9be.<br>Delfin Sawnak az \u00f6tlete,<br>Mellyel sok p\u00e9nzt kereshetne.<\/p>\n\n\n\n<p class=\"wp-block-paragraph\">A v\u00edznek a t\u00fcnd\u00e9rei,<br>Lettek neki kedvencei.<br>Nem t\u00f6r\u0151d\u00f6tt \u00fatir\u00e1nnyal,<br>Haj\u00f3zott a kis m\u0171sorral.<\/p>\n\n\n\n<p class=\"wp-block-paragraph\">Vesz\u00e9lytelen m\u00f3k\u00e1s csapat,<br>Par\u00e1d\u00e9san, t\u00e1n mulattak.<br>Hirtelen, mint a sz\u00ednh\u00e1zban,<br>F\u00fcgg\u00f6nyt h\u00faztak, m\u0171sort z\u00e1rtak.<\/p>\n\n\n\n<p class=\"wp-block-paragraph\">Sz\u00e9trebbentek elmer\u00fcltek,<br>M\u0171sornak v\u00e9get vetettek.<br>Oly hirtelen, mint, hogy j\u00f6ttek,<br>Tov\u00e1bb \u00e1lltak, \u00e9s elt\u0171ntek.<\/p>\n\n\n\n<p class=\"wp-block-paragraph\">V\u00f6r\u00f6ske, csak sajn\u00e1lkozott,<br>K\u00f6zben tov\u00e1bb gondolkodott.<br>Sok minden esz\u00e9be \u00f6tl\u00f6tt,<br>Mosolyogva szeml\u00e9l\u0151d\u00f6tt.<\/p>\n\n\n\n<p class=\"wp-block-paragraph\">V\u00e1rta h\u00e1tha visszaj\u00f6nnek,<br>Azok a tr\u00e9f\u00e1s delfinek.<br>Tov\u00e1bb figyelhetn\u00e9 \u0151ket,<br>Megleshetn\u00e9 \u00e9rzelm\u00fcket.<\/p>\n\n\n\n<p class=\"wp-block-paragraph\">Hallott r\u00e9g sok t\u00f6rt\u00e9netet,<br>\u00c9letment\u0151 delfineket.<br>A fuldokl\u00f3t partra vitt\u00e9k,<br>Az \u00e9let\u00e9t megmentett\u00e9k.<\/p>\n\n\n\n<p class=\"wp-block-paragraph\">N\u00e9ha vesz\u00e9lyt jelentettek,<br>Akik a fogs\u00e1gban \u00e9ltek.<br>Idom\u00e1rjukat meg\u00f6lt\u00e9k,<br>V\u00edz al\u00e1 k\u00e9nyszer\u00edtett\u00e9k.<\/p>\n\n\n\n<p class=\"wp-block-paragraph\">Visszafek\u00fcdt nyug\u00e1gy\u00e1ra,<br>\u00c9lm\u00e9ny\u00e9vel felruh\u00e1zva.<br>K\u00f6zben szuny\u00f3k\u00e1lni kezdett,<br>M\u00edg az es\u0151 meg nem eredt.<\/p>\n\n\n\n<p class=\"wp-block-paragraph\">Menek\u00fclt le kabinj\u00e1ba,<br>Mint, aki f\u00e9l bez\u00e1rk\u00f3zva.<br>Ekkor elnevette mag\u00e1t,<br>Nem kell ide, minek a z\u00e1r.<\/p>\n\n\n\n<p class=\"wp-block-paragraph\">6-IK STR\u00d3FA<\/p>\n\n\n\n<p class=\"wp-block-paragraph\">V\u00f6r\u00f6ske bizakod\u00e1ssal,<br>Tengeri m\u00e9rf\u00f6ldet r\u00f3tta.<br>Sok minden pr\u00f3b\u00e1ra tette,<br>M\u00e9gsem ment el az \u0151 kedve.<\/p>\n\n\n\n<p class=\"wp-block-paragraph\">Egy c\u00e9l volt a szeme el\u0151tt,<br>Mi b\u00edztatta-, felfedez\u0151t.<br>Aranyap\u00f3nak a kincse,<br>Volt neki, minden rem\u00e9nye.<\/p>\n\n\n\n<p class=\"wp-block-paragraph\">Hetek \u00f3ta h\u00e1nykol\u00f3dott,<br>\u00d3ce\u00e1non, \u00fagy haj\u00f3zott.<br>Egyszer v\u00e9gre felki\u00e1ltott,<br>T\u00e1volban z\u00f6ld f\u00e1kat l\u00e1tott.<\/p>\n\n\n\n<p class=\"wp-block-paragraph\">K\u00f6zeledet h\u00e1t fel\u00e9j\u00fck,<br>Mire dzsungel v\u00e1lt bel\u0151l\u00fck.<br>A Nap \u00e9ppen akkor kelt fel,<br>Csill\u00e1ml\u00e1ssal, f\u00e9nyess\u00e9ggel.<\/p>\n\n\n\n<p class=\"wp-block-paragraph\">A dzsungel is vele \u00e9bredt,<br>B\u00e1beli z\u0171rzavart keltett.<br>Rik\u00e1csol\u00e1s, sivalkod\u00e1s,<br>Vagy t\u00e1n m\u00e9rges acsarkod\u00e1s.<\/p>\n\n\n\n<p class=\"wp-block-paragraph\">Ijeszt\u0151 volt, rettenetes,<br>Ami nagy f\u00e9lelmet keltett.<br>V\u00f6r\u00f6ske m\u00e9g nem sejtette,<br>Hov\u00e1 vitte, Isten, merre?<\/p>\n\n\n\n<p class=\"wp-block-paragraph\">Megemberelte h\u00e1t mag\u00e1t,<br>\u00d6sszeszedte b\u00e1tors\u00e1g\u00e1t.<br>Kil\u00e9pett a cs\u00f3nakj\u00e1b\u00f3l,<br>F\u00e9lve a felborul\u00e1st\u00f3l.<\/p>\n\n\n\n<p class=\"wp-block-paragraph\">Gondolni sem merte volna,<br>A nagy vesz\u00e9ly felv\u00e1llalta.<br>Nem tudta, \u00e9s nem sejtette,<br>Hogy itt lehet a v\u00e9gzete.<\/p>\n\n\n\n<p class=\"wp-block-paragraph\">Afrik\u00e1r\u00f3l nem \u00e1lmodott,<br>Messzire elh\u00e1nykol\u00f3dott.<br>Nem volt az \u00fatvonal\u00e1ban,<br>Elt\u00e9vedt a haj\u00f3z\u00e1sban.<\/p>\n\n\n\n<p class=\"wp-block-paragraph\">Hemzsegtek a vad\u00e1llatok,<br>\u00c9hesek, \u00e9s v\u00e9rszomjasok.<br>Vad\u00e1sztak azok mindenre,<br>\u00c1llatokra, emberekre.<\/p>\n\n\n\n<p class=\"wp-block-paragraph\">A v\u00edzparti f\u00e1k tetej\u00e9n,<br>Majmok ugr\u00e1ltak, \u00e9bredv\u00e9n.<br>Artist\u00e1k is megb\u00e1muln\u00e1k,<br>B\u00e1tors\u00e1gukat, ha l\u00e1tn\u00e1k.<\/p>\n\n\n\n<p class=\"wp-block-paragraph\">Harminc m\u00e9ter magass\u00e1gban,<br>Ugr\u00e1ndoztak, biztons\u00e1gban.<br>Egy rossz fog\u00e1s hal\u00e1l volna,<br>Arra nem gondoltak soha.<\/p>\n\n\n\n<p class=\"wp-block-paragraph\">Volt melyiknek csimot\u00e1ja,<br>Kapaszkodott az anyj\u00e1ba.<br>Nem f\u00e9lt,- csod\u00e1lkozva n\u00e9zte,<br>L\u00e1tszott rajta, hogy \u00e9lvezte.<\/p>\n\n\n\n<p class=\"wp-block-paragraph\">Ingyen cirkusznak l\u00e1tv\u00e1nya,<br>V\u00f6r\u00f6sk\u00e9t elk\u00e1pr\u00e1ztatta.<br>K\u00f6zben a zsong\u00e1st hallgatta,<br>Mi madaraknak volt hangja.<\/p>\n\n\n\n<p class=\"wp-block-paragraph\">A r\u00f6gt\u00f6nz\u00f6tt nagy koncertben,<br>Tov\u00e1bb ment, hogy sz\u00e9jjeln\u00e9zzen.<br>Sajn\u00e1lta az artist\u00e1kat,<br>M\u00e9gis elhagyta azokat.<\/p>\n\n\n\n<p class=\"wp-block-paragraph\">A Nap magasabbra sz\u00f6k\u00f6tt,<br>Perzselt, \u00e9getve, \u00fagy p\u00f6rk\u00f6lt.<br>A f\u00e1k \u00e1rnya is meleg lett.<br>D\u00e9li h\u0151s\u00e9g k\u00f6zeledett.<\/p>\n\n\n\n<p class=\"wp-block-paragraph\">V\u00f6r\u00f6ske a f\u00e1k \u00e1rny\u00e1ban,<br>Az \u00fattalan dzsungelt j\u00e1rta.<br>Foly\u00f3-partj\u00e1n j\u00e1rk\u00e1lgatva,<br>Egy \u00fajsz\u00fcl\u00f6tt gida v\u00e1rta.<\/p>\n\n\n\n<p class=\"wp-block-paragraph\">A l\u00e1bai nem b\u00edrt\u00e1k m\u00e9g,<br>Pr\u00f3b\u00e1lgatta a felkel\u00e9st.<br>Nem adta fel \u0151 a harcot,<br>Anyja mellett l\u00e1bra \u00e1llt ott.<\/p>\n\n\n\n<p class=\"wp-block-paragraph\">Fatetej\u00e9n \u00f6reg majom,<br>Figyelt, lesett, hallgatagon.<br>A kisgida, hogy elindult,<br>A majom is nekil\u00f3dult.<\/p>\n\n\n\n<p class=\"wp-block-paragraph\">Leereszkedett a f\u00e1r\u00f3l,<br>Gyilkos sz\u00e1nd\u00e9kkal leugrott.<br>Felkapta a kicsi gid\u00e1t,<br>Gyors l\u00e9ptekkel tov\u00e1bb is \u00e1llt.<\/p>\n\n\n\n<p class=\"wp-block-paragraph\">Felvitte a magas f\u00e1ra,<br>Annak er\u0151s \u00e1gaira.<br>Pillanat alatt meg\u00f6lte,<br>\u00c9s falatozni elkezdte.<\/p>\n\n\n\n<p class=\"wp-block-paragraph\">Ekkor j\u00f6tt a riv\u00e1lisa,<br>Harcba sz\u00e1llt az a friss h\u00fasra.<br>Az alfah\u00edm elzavarta,<br>S falatozott tov\u00e1bb \u00fajra.<\/p>\n\n\n\n<p class=\"wp-block-paragraph\">Ekkor ott lent a fa alatt,<br>J\u00f6tt egy p\u00e1rd\u00fac szagl\u00e1szgatva.<br>\u00d6t h\u00f3napos kicsij\u00e9vel,<br>S\u00e9t\u00e1lgatott k\u00e9mlelgetve.<\/p>\n\n\n\n<p class=\"wp-block-paragraph\">\u00c9szre vette fent a majmot,<br>Amint moh\u00f3n falatozott.<br>A p\u00e1rd\u00fac nem t\u00e9tov\u00e1zott,<br>Gyorsan a majomhoz m\u00e1szott.<\/p>\n\n\n\n<p class=\"wp-block-paragraph\">A majom a zs\u00e1km\u00e1ny\u00e1val,<br>Menek\u00fclt ott nagy el\u00e1nnal.<br>De a p\u00e1rd\u00fac nyom\u00e1ban volt,<br>\u00dcld\u00f6zte a gyilkos majmot.<\/p>\n\n\n\n<p class=\"wp-block-paragraph\">Egy ugr\u00e1sn\u00e1l nagyot v\u00e9tett,<br>A kis gida \u00edgy leesett.<br>K\u00f6zben lent, a p\u00e1rd\u00fac k\u00f6ly\u00f6k,<br>A f\u00e1k k\u00f6z\u00f6tt elrejt\u0151z\u00f6tt.<\/p>\n\n\n\n<p class=\"wp-block-paragraph\">Ideje volt, hogy ezt tette.<br>Vesz\u00e9lybe ker\u00fclt \u00e9lete.<br>A majmok a f\u00f6ldre j\u00f6ttek,<br>K\u00f6ly\u00f6k ut\u00e1n keresg\u00e9ltek.<\/p>\n\n\n\n<p class=\"wp-block-paragraph\">Fenn a f\u00e1n a p\u00e1rd\u00fac anya,<br>Az \u00fcld\u00f6z\u00e9st abbahagyta.<br>Lem\u00e1szott a f\u00e1r\u00f3l gyorsan,<br>S megt\u00e1madta a majmokat.<\/p>\n\n\n\n<p class=\"wp-block-paragraph\">De a majmok nem h\u00e1tr\u00e1ltak,<br>T\u00e1mad\u00f3lag ugr\u00e1ndoztak.<br>A harcot v\u00e9g\u00fcl feladt\u00e1k,<br>Elvesz\u00edtve \u00edgy a csat\u00e1t.<\/p>\n\n\n\n<p class=\"wp-block-paragraph\">A p\u00e1rd\u00fac \u00e9s csemet\u00e9je,<br>Lakm\u00e1rozni kezdett v\u00e9gre.<br>A majmok mell\u00fcket vert\u00e9k,<br>Majomszok\u00e1s szerint tett\u00e9k.<\/p>\n\n\n\n<p class=\"wp-block-paragraph\">V\u00f6r\u00f6ske ezt v\u00e9gig n\u00e9zte,<br>Borzalmak k\u00f6zt, tekintette.<br>Kezdett r\u00e1\u00e9bredni hol van,<br>Megremegett, val\u00f3j\u00e1ban.<\/p>\n\n\n\n<p class=\"wp-block-paragraph\">Nem tudta m\u00e9g, hogy mit tegyen,<br>Maradjon, vagy visszat\u00e9rjen.<br>K\u00edv\u00e1ncsis\u00e1ga legy\u0151zte,<br>Tov\u00e1bb ment az idegenbe.<\/p>\n\n\n\n<p class=\"wp-block-paragraph\">7-IK STR\u00d3FA<\/p>\n\n\n\n<p class=\"wp-block-paragraph\">A vesz\u00e9ly, hogy al\u00e1bb hagyott,<br>V\u00f6r\u00f6ske tov\u00e1bb ballagott.<br>A f\u00e1k \u00e1rny\u00e1t, hogy elhagyta,<br>Azt egy tiszt\u00e1s felv\u00e1ltotta.<\/p>\n\n\n\n<p class=\"wp-block-paragraph\">Foly\u00f3 folyt annak a sz\u00e9l\u00e9n,<br>Krist\u00e1lytiszta vize l\u00e9v\u00e9n.<br>Szinte k\u00edn\u00e1lta az mag\u00e1t,<br>Csergedez\u0151 hull\u00e1z\u00e1s\u00e1t.<\/p>\n\n\n\n<p class=\"wp-block-paragraph\">Az asszony, hogy sz\u00e9jjeln\u00e9zett,<br>Nem l\u00e1tott senkit k\u00f6zelben.<br>Mez\u00edtelenre vetk\u0151z\u00f6tt,<br>Elindult \u0151 a \u201ef\u00fcrd\u0151h\u00f6z\u201d.<\/p>\n\n\n\n<p class=\"wp-block-paragraph\">Szembe vele a t\u00falparton,<br>Antilop j\u00f6tt itat\u00f3hon.<br>Sz\u00e1j\u00e1t a v\u00edzbe m\u00e1rtotta,<br>Az lett annak a hal\u00e1la.<\/p>\n\n\n\n<p class=\"wp-block-paragraph\">Hatalmas krokodil ottan,<br>El is kapta azon nyomban.<br>A tork\u00e1t szorosan fogta,<br>Hal\u00e1lforg\u00e1st alkalmazva.<\/p>\n\n\n\n<p class=\"wp-block-paragraph\">Zs\u00e1km\u00e1ny\u00e1nak hat\u00e1s\u00e1ra,<br>Krokodilsereg ment oda.<br>Morajlott a csendes foly\u00f3,<br>A hemzseg\u0151 krokodilt\u00f3l.<\/p>\n\n\n\n<p class=\"wp-block-paragraph\">Sokan voltak megb\u00fajva ott,<br>Mind pr\u00e9d\u00e1ra v\u00e1rakozott.<br>Az antilopnak hal\u00e1la,<br>V\u00f6r\u00f6sk\u00e9t a bajt\u00f3l \u00f3vta.<\/p>\n\n\n\n<p class=\"wp-block-paragraph\">Megmenek\u00fclt, sokat tanult,<br>Felette az \u00e9g beborult,<br>V\u00e9szmadarak sz\u00e1lldog\u00e1ltak,<br>D\u00f6gh\u00fas ut\u00e1n kutatgatta.<\/p>\n\n\n\n<p class=\"wp-block-paragraph\">Meg\u00faszta h\u00e1t \u00edgy V\u00f6r\u00f6ske,<br>Nem lett krokodil eb\u00e9dje.<br>J\u00f3 lecke volt, tan\u00fas\u00e1gos,<br>Afrik\u00e1ban nagyon hasznos.<\/p>\n\n\n\n<p class=\"wp-block-paragraph\">Ekkor esz\u00e9be jutott ott,<br>\u00c9s a partt\u00f3l is m\u00e1r tartott.<br>Krokodilok toj\u00e1st raknak,<br>F\u00e9szkeikre ott vigy\u00e1znak.<\/p>\n\n\n\n<p class=\"wp-block-paragraph\">Nyolcvan toj\u00e1s lehet abban,<br>A f\u00e9szkekbe felhalmozva.<br>F\u00e9ltve \u0151rzik mind azokat,<br>V\u00e1ndoroknak hal\u00e1lt osztnak.<\/p>\n\n\n\n<p class=\"wp-block-paragraph\">F\u00e9szkek melegebb r\u00e9sz\u00e9ben,<br>H\u00edmek fejl\u0151dnek ki csendben.<br>Egy-k\u00e9t fokkal h\u0171v\u00f6sebben,<br>A n\u0151st\u00e9nyek \u00e9ledeznek.<\/p>\n\n\n\n<p class=\"wp-block-paragraph\">A krokodil fenevadak,<br>Vigy\u00e1zz\u00e1k mindig azokat.<br>F\u00e9ltve \u0151rzik a f\u00e9szk\u00fcket,<br>S voltak furcsa t\u00f6rt\u00e9netek.<\/p>\n\n\n\n<p class=\"wp-block-paragraph\">Helikopterre r\u00e1 t\u00e1madt,<br>Lent a f\u00f6ld\u00f6n nagyon b\u00e1tran.<br>Lesben \u00e1llnak, nem mozdulnak,<br>Vakmer\u0151en \u00fagy vigy\u00e1znak.<\/p>\n\n\n\n<p class=\"wp-block-paragraph\">A kis krokik, ha kikelnek,<br>A foly\u00f3hoz igyekeznek.<br>Megtizedeli ott \u0151ket,<br>\u00c9l\u0151sk\u00f6d\u0151knek serege.<\/p>\n\n\n\n<p class=\"wp-block-paragraph\">A v\u00edzben anyjuk sz\u00e1j\u00e1ban,<br>Mened\u00e9ket ott tal\u00e1lnak.<br>M\u00e9gis sokan elpusztulnak,<br>Hal\u00e1lt lelnek a foly\u00f3ban.<\/p>\n\n\n\n<p class=\"wp-block-paragraph\">Krokodilok mellett \u00e9lnek,<br>Kajm\u00e1n unokatestv\u00e9rek.<br>Kisebbek mozg\u00e9konyabbak,<br>Vesz\u00e9lyesek, hal\u00e1losak.<\/p>\n\n\n\n<p class=\"wp-block-paragraph\">Foly\u00f3medernek a sz\u00e9l\u00e9n,<br>Ott b\u00fajnak meg pihengetv\u00e9n.<br>Hatalmas \u00fcreget v\u00e1jnak,<br>Ezek lesznek nekik h\u00e1zak.<\/p>\n\n\n\n<p class=\"wp-block-paragraph\">Sz\u00e1juk, l\u00e1buk ser\u00e9nykedik,<br>Munk\u00e1ban tev\u00e9nykedik.<br>Fagy\u00f6kerek ellen\u00e1llnak,<br>Fogaik kit\u00f6rnek abban.<\/p>\n\n\n\n<p class=\"wp-block-paragraph\">M\u00e1sik fog n\u0151 a hely\u00e9be,<br>Fogsoruk \u00edgy nincs vesz\u00e9lybe.<br>Eg\u00e9sz \u00e9let\u00fcknek sor\u00e1n,<br>H\u00e1romezer fogv\u00e1lt\u00e1s\u00e1n.<\/p>\n\n\n\n<p class=\"wp-block-paragraph\">Krokodil \u00e9s kajm\u00e1n ottan,<br>\u00c9lnek nyugton biztons\u00e1gban.<br>N\u00e9ha m\u00e9gis csat\u00e1k vannak,<br>Gyorsan v\u00e9ge van a harcnak.<\/p>\n\n\n\n<p class=\"wp-block-paragraph\">Nyolc-t\u00edz m\u00e1zs\u00e1s krokodilok,<br>Er\u0151nyer\u0151k mind azok ott.<br>Hat m\u00e9ter hossz\u00fak lehetnek,<br>Kajm\u00e1nok nem ellenfelek.<\/p>\n\n\n\n<p class=\"wp-block-paragraph\">Tisztelik \u0151k a krokikat,<br>Hogyha lehet, f\u00e9lre\u00e1llnak.<br>\u00cdgy a harcuk rendk\u00edv\u00fcli,<br>De sosem lesz v\u00e9g n\u00e9lk\u00fcli.<\/p>\n\n\n\n<p class=\"wp-block-paragraph\">V\u00f6r\u00f6ske ezt \u00e1tgondolta,<br>Tov\u00e1bb indult botork\u00e1lva.<br>Magas f\u0171ben \u00f3vatosan,<br>Lassan haladt, f\u00e9lve ottan.<\/p>\n\n\n\n<p class=\"wp-block-paragraph\">Nem volt hi\u00e1ba f\u00e9lelme,<br>Ism\u00e9t majd hal\u00e1l\u00e1t lelte.<br>K\u00e9s\u0151n vette m\u00e1r csak \u00e9szre,<br>Egy kroki volt p\u00e1r l\u00e9p\u00e9sre.<\/p>\n\n\n\n<p class=\"wp-block-paragraph\">Szerencs\u00e9re egy szeme volt,<br>F\u00e9lvakk\u00e9nt ott napozgatott.<br>Az \u00f3ri\u00e1s nem l\u00e1thatta,<br>Korl\u00e1tozott volt l\u00e1t\u00e1sa.<\/p>\n\n\n\n<p class=\"wp-block-paragraph\">Krokik k\u00f6z\u00f6tt sokan vannak,<br>F\u00e9lszem\u0171ek, megrokkantak.<br>Veszeked\u00e9seik k\u00f6zben,<br>\u00d6sszefejelnek er\u0151sen.<\/p>\n\n\n\n<p class=\"wp-block-paragraph\">A szem\u00fck ilyenkor vesz el,<br>S tov\u00e1bb \u00e9lnek \u0151k f\u00e9lszemmel.<br>Lust\u00e1bbakk\u00e1 v\u00e1lnak ekkor,<br>H\u00e1tr\u00e1nyban a vad\u00e1szatkor.<\/p>\n\n\n\n<p class=\"wp-block-paragraph\">Van nekik nagy szerencs\u00e9j\u00fck.<br>Ha j\u00f3l laknak van rem\u00e9ny\u00fck.<br>Egy \u00e9vig is pihenhetnek,<br>\u00c9lelem n\u00e9lk\u00fcl is \u00e9lnek.<\/p>\n\n\n\n<p class=\"wp-block-paragraph\">Mozdulni sem mert V\u00f6r\u00f6ske,<br>Hogy a krokit \u00e9szrevette.<br>Majd, lassan h\u00e1tr\u00e1lni kezdett,<br>Menek\u00fclni igyekezett.<\/p>\n\n\n\n<p class=\"wp-block-paragraph\">K\u00f6rbe-k\u00f6rbe mindent figyelt,<br>Hib\u00e1t \u00edgy m\u00e1r nem k\u00f6vetett.<br>L\u00e9legezni ekkor kezdett,<br>A l\u00e1bai megremegtek.<\/p>\n\n\n\n<p class=\"wp-block-paragraph\">Megmenek\u00fclt kalandj\u00e1t\u00f3l,<br>A gyilkol\u00f3 \u201eg\u00e9p\u00e1llatt\u00f3l\u201d.<br>Mikor mindezt feldolgozta,<br>Tov\u00e1bb vitte b\u00e1tors\u00e1ga.<\/p>\n\n\n\n<p class=\"wp-block-paragraph\">8-IK STR\u00d3FA<\/p>\n\n\n\n<p class=\"wp-block-paragraph\">T\u00e1volban egy hatalmas domb,<br>Bizalommal h\u00edvogatott.<br>V\u00f6r\u00f6ske, ahogy felm\u00e1szott,<br>Kiss\u00e9 tal\u00e1n megnyugodott.<\/p>\n\n\n\n<p class=\"wp-block-paragraph\">De nyugalma, r\u00f6vid volt csak,<br>Ott legeltek v\u00edzilovak.<br>Domb t\u00f6v\u00e9ben, sokas\u00e1gban,<br>F\u00e9lelmetes nagy csord\u00e1ban.<\/p>\n\n\n\n<p class=\"wp-block-paragraph\">Szuszog\u00e1suk ijeszt\u0151 volt,<br>R\u00e9m\u00edt\u0151 \u00e9s hat\u00e1rozott.<br>Szaguk b\u00fcd\u00f6s, \u00e1porodott,<br>\u00dcr\u00fcl\u00e9kkel jel\u00f6ltek ott.<\/p>\n\n\n\n<p class=\"wp-block-paragraph\">Amikor piszkolni szoktak,<br>R\u00f6vid farkuk, mint motolla,<br>\u00dagy forgott azt sz\u00e9jjelcsapva,<br>Minden fel\u00e9 nyomot hagyva.<\/p>\n\n\n\n<p class=\"wp-block-paragraph\">Territ\u00f3riumuk jele,<br>Ter\u00fclet\u00fcknek v\u00e9delme.<br>Ki bemer\u00e9szkedik oda,<br>Harc lesz azzal, azon nyomban.<\/p>\n\n\n\n<p class=\"wp-block-paragraph\">Krokikkal \u0151k egy\u00fctt \u00e9lnek,<br>\u00c9s n\u00e9ha \u00f6ssze is vesznek.<br>A v\u00edzil\u00f3nak nagy sz\u00e1ja,<br>A krokit kett\u00e9harapja.<\/p>\n\n\n\n<p class=\"wp-block-paragraph\">Az\u00e9rt tisztelik is egym\u00e1st,<br>Ritka \u00edgy a marakod\u00e1s.<br>P\u00e1rz\u00e1snak id\u0151szak\u00e1ban,<br>K\u00e9t \u201eh\u00fastorony\u201d \u00f6sszekoccan.<\/p>\n\n\n\n<p class=\"wp-block-paragraph\">Sebet ejtenek egym\u00e1son,<br>Hal\u00e1lt is osztanak akkor.<br>Gyorsan futnak kinn a parton,<br>Vesz\u00e9lyesek \u00e9s nincs pardon.<\/p>\n\n\n\n<p class=\"wp-block-paragraph\">Agyaruk az, f\u00e9lelmetes,<br>\u00d6ld\u00f6kl\u0151fegyver\u00fck is ez.<br>Gyorsan esznek, rengeteget,<br>F\u0171ny\u00edr\u00f3k\u00e9nt legelgetnek.<\/p>\n\n\n\n<p class=\"wp-block-paragraph\">A v\u00edz alatt gyalog j\u00e1rnak,<br>Nem tudnak \u00faszni sehova.<br>B\u0151r\u00fck vastag, igen kem\u00e9ny,<br>Megs\u00e9rteni nagyon neh\u00e9z.<\/p>\n\n\n\n<p class=\"wp-block-paragraph\">Nagy melegt\u0151l kisz\u00e1rad az,<br>Ilyenkor elpusztulhatnak.<br>Az\u00e9rt esznek mindig gyorsan,<br>Jobb nekik benn a foly\u00f3ban.<\/p>\n\n\n\n<p class=\"wp-block-paragraph\">Oroszl\u00e1noknak csapata,<br>Az orrszarv\u00fat megt\u00e1madja.<br>Egyet k\u00fcl\u00f6n v\u00e1lasztanak,<br>A falk\u00e1t\u00f3l elhajtanak.<\/p>\n\n\n\n<p class=\"wp-block-paragraph\">K\u00f6rbeveszik, r\u00e1ugranak,<br>Vele hal\u00e1ltus\u00e1t v\u00edvnak.<br>Legy\u0151zik azt t\u00faler\u0151vel,<br>K\u00f6z\u00f6s munka fegyver\u00e9vel.<\/p>\n\n\n\n<p class=\"wp-block-paragraph\">Harminc m\u00e1zsa h\u00fast \u00edgy nyernek,<br>Lakm\u00e1roznak, vagy vedelnek.<br>Hi\u00e9n\u00e1k, sak\u00e1lok ottan,<br>V\u00e1rakoznak izgatottan.<\/p>\n\n\n\n<p class=\"wp-block-paragraph\">Kesely\u0171k is meg\u00e9rkeznek,<br>Marad\u00e9kb\u00f3l csipegetnek.<br>Gyorsan elt\u00fcntetnek mindent.<br>\u0150serdei, t\u00f6rv\u00e9nyekben.<\/p>\n\n\n\n<p class=\"wp-block-paragraph\">Nyugalom volt a domb alatt,<br>Ragadoz\u00f3k, most nem voltak.<br>J\u00f3l laktak a v\u00edzilovak,<br>\u00cdgy vesz\u00e9lyt \u0151k m\u00e1r nem hoztak.<\/p>\n\n\n\n<p class=\"wp-block-paragraph\">V\u00f6r\u00f6ske a t\u00e1vcs\u00f6v\u00e9vel,<br>Kutatta a t\u00e1jat k\u00f6rben.<br>V\u00e9gel\u00e1thatatlan tiszt\u00e1s,<br>Vette k\u00f6r\u00fcl a nagy dombj\u00e1t.<\/p>\n\n\n\n<p class=\"wp-block-paragraph\">N\u00f6v\u00e9nyev\u0151 \u00e1llatoknak,<br>\u00c9l\u00e9st\u00e1ra volt azoknak.<br>Cs\u00edkos zebr\u00e1k, antilopok,<br>Nagy csord\u00e1kban legeltek ott.<\/p>\n\n\n\n<p class=\"wp-block-paragraph\">V\u00f6r\u00f6ske most m\u00e1r biztos volt,<br>V\u00e9gre megbizonyosodott,<br>Afrik\u00e1ba haj\u00f3zott el,<br>Pedig neki m\u00e1sfel\u00e9 kell.<\/p>\n\n\n\n<p class=\"wp-block-paragraph\">K\u00f6rvad\u00e1szat kezd\u0151d\u00f6tt ott,<br>Megj\u00f6ttek az oroszl\u00e1nok.<br>V\u00edzilovak v\u00e9dve voltak,<br>A domb \u0151ket eltakarta.<\/p>\n\n\n\n<p class=\"wp-block-paragraph\">A szervezett fenevadak,<br>T\u00f6bbfel\u00e9 sz\u00e9jjeloszlottak.<br>A zebr\u00e1kat becserk\u00e9szt\u00e9k,<br>Bel\u0151l\u00fck lehetne eb\u00e9d.<\/p>\n\n\n\n<p class=\"wp-block-paragraph\">\u00c1m, de n\u00e9ha mell\u00e9fognak,<br>\u00c9s ilyenkor p\u00f3rul j\u00e1rnak.<br>\u00cdgy t\u00f6rt\u00e9nt ekkor v\u00e9letlen,<br>Akkor ott a zebra lesen.<\/p>\n\n\n\n<p class=\"wp-block-paragraph\">Kit\u00f6rt az egyik oroszl\u00e1n,<br>Zebr\u00e1t hirtelen elkapv\u00e1n.<br>Gyorsan maga al\u00e1 gy\u0171rte,<br>Elkezd\u0151d\u00f6tt a k\u00fczdelme.<\/p>\n\n\n\n<p class=\"wp-block-paragraph\">De a zebra nem adta fel,<br>\u00c9let\u00e9t menteni kezdte.<br>Szerencs\u00e9je volt \u0151neki,<br>Elkezdett nagyon verg\u0151dni.<\/p>\n\n\n\n<p class=\"wp-block-paragraph\">Az oroszl\u00e1n, fog\u00e1st v\u00e1ltott,<br>Ez d\u00f6nt\u00f6tte el a harcot.<br>A zebra gyorsan felugrott,<br>Menek\u00fclve gyorsan futott.<\/p>\n\n\n\n<p class=\"wp-block-paragraph\">A felb\u0151sz\u00fclt vad oroszl\u00e1n,<br>\u00dcld\u00f6zte \u0151t szakadat\u00e1n.<br>Elkapta a h\u00e1ts\u00f3 l\u00e1b\u00e1t,<br>S meg\u00e1ll\u00edtotta a zebr\u00e1t.<\/p>\n\n\n\n<p class=\"wp-block-paragraph\">A zebra m\u00e1sik l\u00e1b\u00e1val,<br>Az oroszl\u00e1nt fejbe r\u00fagta.<br>Sz\u00e9delegve, sz\u00e9gyenkezve,<br>Az oroszl\u00e1n elengedte.<\/p>\n\n\n\n<p class=\"wp-block-paragraph\">Megmenek\u00fclt \u00edgy a zebra,<br>Tovafutott a vadonba\u2019.<br>\u00c9hen maradt a fenevad,<br>\u00daj eb\u00e9d ut\u00e1n kutathat.<\/p>\n\n\n\n<p class=\"wp-block-paragraph\">Ki\u00fcr\u00fclt a szavanna is,<br>Elmenek\u00fclt a csorda mind.<br>\u00c9hkoppon maradt a falka,<br>Az oroszl\u00e1noknak hada.<\/p>\n\n\n\n<p class=\"wp-block-paragraph\">V\u00f6r\u00f6ske ezt v\u00e9gig n\u00e9zte,<br>S k\u00f6zben elm\u00falt a f\u00e9lelme.<br>Nem \u0151 volt a c\u00e9lkeresztbe\u2019,<br>Visszat\u00e9rt a szerencs\u00e9je.<\/p>\n\n\n\n<p class=\"wp-block-paragraph\">Az asszony tov\u00e1bb baktatott,<br>Egyre beljebb, beljebb jutott.<br>Foly\u00f3 k\u00f6zels\u00e9gbe\u2019 maradt.<br>T\u00e1volodni, nem mert onnan.<\/p>\n\n\n\n<p class=\"wp-block-paragraph\">A vadon elk\u00e1pr\u00e1ztatta,<br>Egyre azon j\u00e1rt az agya.<br>Ha elt\u00e9ved, biztos tudta,<br>\u0150serd\u0151nek lesz a foglya.<\/p>\n\n\n\n<p class=\"wp-block-paragraph\">9-IK STR\u00d3FA<\/p>\n\n\n\n<p class=\"wp-block-paragraph\">V\u00f6r\u00f6ske \u00e9szre sem vette,<br>Hogy k\u00e9t zsir\u00e1f \u00e1ll el\u0151tte.<br>Beolvadt a kavalk\u00e1dba,<br>P\u00f6tty\u00f6s test\u00fck mint\u00e1zata.<\/p>\n\n\n\n<p class=\"wp-block-paragraph\">Fej\u00fck mozgott a f\u00e1k felett,<br>Nyakalt\u00e1k \u0151k a levelet.<br>Hat m\u00e9ter magas \u00e1llatok,<br>B\u00e9k\u00e9s term\u00e9szet\u0171k azok.<\/p>\n\n\n\n<p class=\"wp-block-paragraph\">Tekint\u00e9lyes termet\u00fckkel,<br>Mondhatn\u00e1nk azt, hogy szel\u00eddek.<br>V\u00f6r\u00f6sk\u00e9re, r\u00e1 sem n\u00e9ztek,<br>Meg sem \u00e1lltak, hanem ettek.<\/p>\n\n\n\n<p class=\"wp-block-paragraph\">A fr\u00e1nya oroszl\u00e1n csapat,<br>N\u00e9ha r\u00e1juk fanyarodnak.<br>Sokan legy\u0151zik azokat,<br>Ez\u00e9rt menek\u00fclve futnak.<\/p>\n\n\n\n<p class=\"wp-block-paragraph\">H\u00e1ts\u00f3 l\u00e1buknak r\u00fag\u00e1sa,<br>Hal\u00e1los az oroszl\u00e1nra.<br>Ritk\u00e1n fordul ilyen el\u0151,<br>Gy\u0151z az \u00e9sz a bajkever\u0151.<\/p>\n\n\n\n<p class=\"wp-block-paragraph\">V\u00f6r\u00f6ske elindult onnan,<br>A nagy f\u0171ben, szavann\u00e1ban.<br>\u00d3vatosan sz\u00e9jjeln\u00e9zett.<br>T\u00e1vcs\u00f6v\u00e9vel keresgetett.<\/p>\n\n\n\n<p class=\"wp-block-paragraph\">A legel\u0151 nem volt \u00fcres,<br>Kafferbivalyok \u00e9tkeztek.<br>Hozz\u00e1juk a k\u00f6zels\u00e9gben,<br>Hat oroszl\u00e1n hever\u00e9szett.<\/p>\n\n\n\n<p class=\"wp-block-paragraph\">Lust\u00e1lkodtak egy fa alatt,<br>\u00c9lelemr\u0151l \u00e1lmodoztak.<br>Mintha fegyversz\u00fcnet volna,<br>Meg sem mozdult senki ottan.<\/p>\n\n\n\n<p class=\"wp-block-paragraph\">Halk neszre figyelt az asszony,<br>Sz\u00e9tn\u00e9zett, semmit se l\u00e1tott.<br>\u00d3ri\u00e1sk\u00edgy\u00f3 k\u00f6zelgett,<br>S k\u00f6zben n\u00e9ha felsziszegett.<\/p>\n\n\n\n<p class=\"wp-block-paragraph\">Hatm\u00e9teres cs\u00fasz\u00f3-m\u00e1sz\u00f3,<br>Siklott a ritk\u00e1s p\u00e1zsiton.<br>V\u00f6r\u00f6ske moccanni se mert,<br>Csendben \u00e1llt, v\u00e1rta, hogy mi lesz.<\/p>\n\n\n\n<p class=\"wp-block-paragraph\">Tudta j\u00f3l, hogy ha nem mozog,<br>Meg\u00faszhatja a kalandot.<br>(A) k\u00edgy\u00f3 is kegyetlen gyilkos,<br>Hogyha v\u00e9l mozg\u00f3 alakot.<\/p>\n\n\n\n<p class=\"wp-block-paragraph\">M\u00e9regfoga rettenetes,<br>Er\u0151s m\u00e9rget permetezget.<br>V\u00f6r\u00f6ske, mint egy faoszlop,<br>Egy helyben \u00e1llt, \u00e9s nem mozgott.<\/p>\n\n\n\n<p class=\"wp-block-paragraph\">Az \u00f3ri\u00e1s sz\u00f6rny\u0171 \u00e1llat,<br>\u00d6sszet\u00f6ri a csontokat.<br>R\u00e1tekerg\u0151zik er\u0151sen,<br>Menek\u00fcl\u00e9s abb\u00f3l nincsen.<\/p>\n\n\n\n<p class=\"wp-block-paragraph\">A k\u00edgy\u00f3, ahogy oda\u00e9rt,<br>Szagl\u00e1szott, de nem \u00e9rzett v\u00e9rt.<br>V\u00f6r\u00f6sk\u00e9nek l\u00e1ba k\u00f6z\u00f6tt,<br>Tov\u00e1bbcs\u00faszott, hemperg\u0151z\u00f6tt.<\/p>\n\n\n\n<p class=\"wp-block-paragraph\">K\u00edgy\u00f3mar\u00e1s, sz\u00f6rny\u0171 hal\u00e1l,<br>Ha nincs orvoss\u00e1g, az be\u00e1ll.<br>V\u00f6r\u00f6ske, h\u00e1t meg sem moccant,<br>\u00dagy \u00e1llt ott \u0151, szobor p\u00f3zban.<\/p>\n\n\n\n<p class=\"wp-block-paragraph\">V\u00e9gre fell\u00e9legezhetett,<br>Elhagyhatta a nagy teret.<br>Kalandokt\u00f3l kif\u00e1radva,<br>Visszaindult a haj\u00f3ra.<\/p>\n\n\n\n<p class=\"wp-block-paragraph\">Rohamosan esteledet,<br>F\u00e9lelmetes s\u00f6t\u00e9ts\u00e9g lett.<br>Legjobb id\u0151ben t\u00e1vozott,<br>\u00c9letvesz\u00e9lyt \u00edgy elhagyott.<\/p>\n\n\n\n<p class=\"wp-block-paragraph\">Cs\u00f3nakj\u00e1ban evezgetett,<br>Haj\u00f3j\u00e1hoz k\u00f6zeledett.<br>A hi\u00e9n\u00e1k g\u00fanykacaja,<br>Ottl\u00e9t\u00fcket el\u00e1rulta.<\/p>\n\n\n\n<p class=\"wp-block-paragraph\">V\u00e9gre haj\u00f3j\u00e1ra m\u00e1szott,<br>R\u00e1ragyogtak a csillagok.<br>Ez volt neki biztons\u00e1ga,<br>Nem teljes,- de m\u00e9gis \u00f3vta.<\/p>\n\n\n\n<p class=\"wp-block-paragraph\">Eg\u00e9sz napos izgalomt\u00f3l,<br>\u00c9s a sz\u00f6rny\u0171 f\u00e1radts\u00e1gt\u00f3l,<br>M\u00e9ly \u00e1lomba esett r\u00f6gt\u00f6n,<br>Hull\u00e1mz\u00e1sban, a v\u00edz f\u00f6l\u00f6tt.<\/p>\n\n\n\n<p class=\"wp-block-paragraph\">A hajnali virradatkor,<br>V\u00f6r\u00f6ske ism\u00e9t talpon volt.<br>Cs\u00f3nakj\u00e1ba sz\u00e1llott hamar,<br>Evezett nagy nyugalommal.<\/p>\n\n\n\n<p class=\"wp-block-paragraph\">\u00dajabb kaland rem\u00e9ny\u00e9ben,<br>Kov\u00e1csolt tervet sebt\u00e9ben.<br>T\u00falpartot vette most c\u00e9lba,<br>Gyorsan meg is h\u00f3d\u00edtotta.<\/p>\n\n\n\n<p class=\"wp-block-paragraph\">Nem kellett sok\u00e1 v\u00e1rnia,<br>Kezd\u0151d\u00f6tt \u00faj trag\u00e9dia.<br>F\u0151szerepl\u0151 egy gep\u00e1rd volt,<br>Amint egy impal\u00e1t hajtott.<\/p>\n\n\n\n<p class=\"wp-block-paragraph\">Sz\u00f6rny\u0171 hajsza, v\u00e1gtat\u00e1ssal,<br>\u00c9s \u00f6ld\u00f6kl\u0151 akar\u00e1ssal.<br>Kilencvenes sebess\u00e9ggel,<br>Hal\u00e1lt oszt\u00f3 eredm\u00e9nnyel.<\/p>\n\n\n\n<p class=\"wp-block-paragraph\">Zs\u00e1km\u00e1ny\u00e1t, azt elvonszolta,<br>\u00c9s egy f\u00e1ra felhurcolta.<br>Ily, \u00f3vatoss\u00e1g az, fontos,<br>F\u00e9lve m\u00e1s ragadoz\u00f3kt\u00f3l.<\/p>\n\n\n\n<p class=\"wp-block-paragraph\">\u00c9hs\u00e9g\u00e9t, hogy elvetette,<br>Szomj\u00fas\u00e1g\u00e1t, azt k\u00f6vette.<br>A k\u00f6zelben egy kis t\u00f3 volt.<br>Inni oda elballagott.<\/p>\n\n\n\n<p class=\"wp-block-paragraph\">Gyorsan ivott, \u00e9s tov\u00e1bb\u00e1llt,<br>Megl\u00e1tva elef\u00e1nt csord\u00e1t.<br>\u0150k is oda igyekeztek,<br>Sokat ittak, \u00e9s f\u00fcr\u00f6dtek.<\/p>\n\n\n\n<p class=\"wp-block-paragraph\">V\u00f6r\u00f6ske f\u00e9lre h\u00faz\u00f3dott,<br>Egy fa t\u00f6rzse m\u00f6g\u00e9 b\u00fajt ott.<br>Tudta, s hallotta m\u00e1r r\u00e9gen,<br>N\u00e9ha vesz\u00e9lyt jelenthetnek.<\/p>\n\n\n\n<p class=\"wp-block-paragraph\">Elef\u00e1ntokn\u00e1l az j\u00e1rja,<br>Vez\u00e9r ott a m\u00e1tri\u00e1rka.<br>Leg\u00f6regebb anya k\u00f6zt\u00fck,<br>Az lesz nekik a vez\u00e9r\u00fck.<\/p>\n\n\n\n<p class=\"wp-block-paragraph\">Ismer minden \u00fatvonalat,<br>Legel\u0151ket, \u00e9s tavakat.<br>Sz\u00e1razs\u00e1gkor megmutatja,<br>F\u00fcvet, vizet, felkutatja.<\/p>\n\n\n\n<p class=\"wp-block-paragraph\">Van, hogy emberre is t\u00e1mad,<br>Egy felb\u0151sz\u00fclt \u00f6reg bika.<br>Hasznos teh\u00e1t elker\u00fclni,<br>\u00c9s k\u00f6zel\u00fckbe nem menni.<\/p>\n\n\n\n<p class=\"wp-block-paragraph\">Sz\u00e9p csal\u00e1di k\u00f6tel\u00e9kben,<br>\u00c9lnek egy\u00fctt, szeretetben.<br>Nevelik kicsinyeiket,<br>\u00c9rt\u00fck mindent meg is tesznek.<\/p>\n\n\n\n<p class=\"wp-block-paragraph\">10-IK STR\u00d3FA<\/p>\n\n\n\n<p class=\"wp-block-paragraph\">Hatvan, hetven \u00e9vig \u00e9lnek,<br>Termetesre n\u00f6vekszenek.<br>Hatvan, hetven m\u00e1zs\u00e1t nyomnak,<br>\u00d3ri\u00e1sokk\u00e1 \u00edgy v\u00e1lnak.<\/p>\n\n\n\n<p class=\"wp-block-paragraph\">Orm\u00e1nyuk, mint egy \u00fcgyes k\u00e9z,<br>Hasznos nekik, \u00e9s az \u00e9rt\u00e9k.<br>Kincset \u00e9rnek agyaraik,<br>Ez\u00e9rt \u0151ket tizedelik.<\/p>\n\n\n\n<p class=\"wp-block-paragraph\">Orvvad\u00e1szok, lepusk\u00e1zz\u00e1k,<br>P\u00e9nzz\u00e9 teszik az agyar\u00e1t.<br>T\u00f6bb m\u00e1zsa f\u00fcvet megesznek,<br>Minden nap ily mennyis\u00e9get.<\/p>\n\n\n\n<p class=\"wp-block-paragraph\">\u00dagy \u00fasznak \u0151k, mint a halak,<br>Otthon \u00e9rzik ott magukat.<br>Kit\u0171n\u0151 mem\u00f3ri\u00e1juk,<br>Nem felednek, az, bossz\u00fajuk.<\/p>\n\n\n\n<p class=\"wp-block-paragraph\">Halottaikat gy\u00e1szolj\u00e1k,<br>Csendess\u00e9gben k\u00f6r\u00fcl\u00e1llj\u00e1k.<br>Meg\u00e9rintik utolj\u00e1ra,<br>Ez nekik a gy\u00e1sz r\u00edtusa.<\/p>\n\n\n\n<p class=\"wp-block-paragraph\">Mikor v\u00e9gre abbahagyt\u00e1k,<br>A f\u00fcrd\u00e9st \u00e9s a sok iv\u00e1st.<br>Sorba menve, elt\u00e1voztak,<br>Egym\u00e1st \u00f3va, tov\u00e1bb\u00e1lltak.<\/p>\n\n\n\n<p class=\"wp-block-paragraph\">Mikor lomh\u00e1n messze j\u00e1rtak,<br>B\u00e9kess\u00e9get h\u00e1trahagytak.<br>V\u00f6r\u00f6ske a rejtek\u00e9b\u0151l,<br>El\u0151b\u00fajt, figyel\u0151helyr\u0151l.<\/p>\n\n\n\n<p class=\"wp-block-paragraph\">Esz\u00e9be sem jutott eddig,<br>Haszontalanul v\u00e9tkezik.<br>\u00c9let\u00e9t kock\u00e1ra teszi,<br>Egyszer bok\u00e1j\u00e1t meg\u00fcti.<\/p>\n\n\n\n<p class=\"wp-block-paragraph\">\u00d3vatosan lopakodott,<br>Egyre jobban beljebb jutott.<br>Biztons\u00e1g\u00e1t kock\u00e1ztatta,<br>Felk\u00e9sz\u00fclt egy \u00faj kalandra.<\/p>\n\n\n\n<p class=\"wp-block-paragraph\">N\u00e9zett a nagy messzes\u00e9gbe,<br>T\u00e1vcs\u00f6v\u00e9vel minden fele.<br>Nagy hirtelen h\u00e1trah\u0151k\u00f6lt,<br>K\u00f6zeledett egy fat\u00f6rzsh\u00f6z.<\/p>\n\n\n\n<p class=\"wp-block-paragraph\">A hatalmas lombkorona,<br>Volt a f\u00e1nak h\u0171v\u00f6s \u00e1rnya.<br>Oroszl\u00e1noknak tany\u00e1ja,<br>Borzalmas vesz\u00e9lyt mutatva.<\/p>\n\n\n\n<p class=\"wp-block-paragraph\">F\u00e9lszemmel \u0151ket figyelte,<br>Mozdulataikat leste,<br>A rettent\u0151 nagy h\u0151s\u00e9gben,<br>Elny\u00faltak \u0151k, pihen\u00e9sben.<\/p>\n\n\n\n<p class=\"wp-block-paragraph\">Nem t\u00f6r\u0151dtek semmivel sem,<br>Ny\u00f6gtek, morogtak, a f\u0171ben.<br>Lusta \u00e1llatok \u0151k nagyon,<br>Ez lett V\u00f6r\u00f6sk\u00e9nek haszon.<\/p>\n\n\n\n<p class=\"wp-block-paragraph\">R\u00e1 sem n\u00e9ztek, nem figyelt\u00e9k,<br>Lustas\u00e1got \u00e9rt\u00e9kelt\u00e9k.<br>V\u00f6r\u00f6ske \u00edgy haladt tov\u00e1bb,<br>Erd\u0151 fel\u00e9 vette \u00fatj\u00e1t.<\/p>\n\n\n\n<p class=\"wp-block-paragraph\">Gondolta a h\u00e1tuk m\u00f6g\u00f6tt,<br>Csendben oson a f\u00e1k k\u00f6z\u00f6tt.<br>Elt\u0171nik \u00edgy a falk\u00e1t\u00f3l,<br>Nem tart \u00edgy a t\u00e1mad\u00e1st\u00f3l.<\/p>\n\n\n\n<p class=\"wp-block-paragraph\">M\u00e9g p\u00e1r l\u00e9p\u00e9s \u00e9s mentve van,<br>Benn a f\u00e1k k\u00f6zt nincs m\u00e1r bajban.<br>Terve ekkor m\u00e1s ir\u00e1nyt vett,<br>Felfedezve \u00faj f\u00e9lelmet.<\/p>\n\n\n\n<p class=\"wp-block-paragraph\">Az erd\u0151 bokrai k\u00f6z\u00fcl,<br>Egy gyerek j\u00f6tt meztelen\u00fcl.<br>H\u00e1rom-n\u00e9gy\u00e9ves lehetett,<br>F\u00e9lelem n\u00e9lk\u00fcl \u00e9rkezett.<\/p>\n\n\n\n<p class=\"wp-block-paragraph\">A kis n\u00e9ger bennsz\u00fcl\u00f6ttnek,<br>Nem volt senki k\u00eds\u00e9r\u0151je.<br>Valahonnan elsz\u00f6khetett,<br>Nem s\u00edrt, b\u00e1tran, l\u00e9pegetett.<\/p>\n\n\n\n<p class=\"wp-block-paragraph\">Oroszl\u00e1nok fel\u00e9 indult,<br>K\u00f6zel\u00edtett, m\u00e1r hozz\u00e1juk.<br>V\u00f6r\u00f6ske megr\u00f6k\u00f6ny\u00f6d\u00f6tt,<br>\u00c9rezte (az) anyai \u00f6szt\u00f6nt.<\/p>\n\n\n\n<p class=\"wp-block-paragraph\">Futva rohant h\u00e1t ut\u00e1na,<br>Felkapta a k\u00e9t karj\u00e1ba.<br>Nagy szerencs\u00e9je volt neki,<br>Igyekezett visszavinni.<\/p>\n\n\n\n<p class=\"wp-block-paragraph\">Be az erd\u0151be sietett.<br>Biztons\u00e1got ott keresett.<br>Oroszl\u00e1nok h\u00e1ttal voltak,<br>\u00cdgy azok semmit sem l\u00e1ttak.<\/p>\n\n\n\n<p class=\"wp-block-paragraph\">Mikor az erd\u0151sz\u00e9lhez \u00e9rt,<br>Kutatott ott \u00e9s keresg\u00e9lt.<br>Hah\u00f3, hah\u00f3, j\u00f3 emberek,<br>Ki\u00e1ltott \u00e9s figyelgetett.<\/p>\n\n\n\n<p class=\"wp-block-paragraph\">Hangj\u00e1ra nem jelentkeztek,<br>Ezzel \u00faj bajt ott tet\u00e9zett.<br>Felkelt egy lusta oroszl\u00e1n,<br>Elindult \u0151 a hang ut\u00e1n.<\/p>\n\n\n\n<p class=\"wp-block-paragraph\">Ijedten l\u00e1tta V\u00f6r\u00f6ske,<br>Most azt\u00e1n f\u0151tt neki feje.<br>Hov\u00e1 menek\u00fclj\u00f6n gyorsan,<br>Ebben a sz\u00f6rny\u0171 nagy bajban.<\/p>\n\n\n\n<p class=\"wp-block-paragraph\">Egy nagy f\u00e1ra gebeszkedett,<br>Magas \u00e1gra felsietett.<br>Magas lesen helyet foglalt,<br>F\u00e9lve bizonytalans\u00e1gban.<\/p>\n\n\n\n<p class=\"wp-block-paragraph\">A kis n\u00e9gert szeretgette,<br>Simogatva bec\u00e9zgette.<br>Tetszett a kis mihaszn\u00e1nak,<br>Csendben maradt, s tr\u00f3nolt ottan.<\/p>\n\n\n\n<p class=\"wp-block-paragraph\">Az oroszl\u00e1n, mint oda\u00e9rt,<br>R\u00e1 sem n\u00e9zett, m\u00e1sfel\u00e9 t\u00e9rt.<br>Magas f\u0171ben k\u00faszni kezdett,<br>Szavann\u00e1ba, egyre beljebb.<\/p>\n\n\n\n<p class=\"wp-block-paragraph\">V\u00f6r\u00f6ske a falk\u00e1t n\u00e9zte,<br>\u00c9s ijedten vette \u00e9szre.<br>Egy sem volt m\u00e1r a hely\u00fck\u00f6n,<br>Elt\u0171ntek mind, tervek k\u00f6z\u00f6tt.<\/p>\n\n\n\n<p class=\"wp-block-paragraph\">Hossz\u00fanak t\u0171n\u0151 percekben,<br>Egyre ok\u00e1t keresgette.<br>V\u00e9gre egyszer \u00e9szre vette,<br>Bivalycsord\u00e1t a k\u00f6zelbe\u2019.<\/p>\n\n\n\n<p class=\"wp-block-paragraph\">A fa alatti oroszl\u00e1n,<br>Kit\u00f6rt onnan, zs\u00e1km\u00e1ny ut\u00e1n.<br>Futva menek\u00fclt a csorda,<br>Fenevadak meg ut\u00e1na.<\/p>\n\n\n\n<p class=\"wp-block-paragraph\">\u00datjukat, amint el\u00e1llt\u00e1k,<br>Elkezd\u0151d\u00f6tt a harcol\u00e1s.<br>A bik\u00e1k nagy szarvaikkal,<br>T\u00e1madtak most nagy el\u00e1nnal.<\/p>\n\n\n\n<p class=\"wp-block-paragraph\">K\u00f6zben n\u00e9h\u00e1ny oroszl\u00e1nnak,<br>M\u00e1s \u00f6tlete lett azoknak.<br>Egy tehenet k\u00f6rbe vettek,<br>F\u00f6ldre vitt\u00e9k, letepertek.<\/p>\n\n\n\n<p class=\"wp-block-paragraph\">11-IK STR\u00d3FA<\/p>\n\n\n\n<p class=\"wp-block-paragraph\">A bik\u00e1k visszasiettek,<br>A teh\u00e9nnek seg\u00edtettek.<br>Szarvaikkal \u00f6klelkeztek,<br>A csapatnak nekimentek.<\/p>\n\n\n\n<p class=\"wp-block-paragraph\">H\u00e1tr\u00e1ltak az oroszl\u00e1nok,<br>Csat\u00e1t vesztve a bajnokok.<br>A teh\u00e9n menek\u00fclt volna,<br>Csakhogy nem b\u00edrta a l\u00e1ba.<\/p>\n\n\n\n<p class=\"wp-block-paragraph\">Oroszl\u00e1nok a bik\u00e1kkal,<br>\u00d6sszecsaptak, rohamokkal.<br>A bik\u00e1k megfutamodtak,<br>A t\u00e1rsuknak b\u00facs\u00fat mondtak.<\/p>\n\n\n\n<p class=\"wp-block-paragraph\">Otthagyt\u00e1k h\u00e1t a t\u00e1rsukat,<br>L\u00e1tv\u00e1n nincs m\u00e1r rem\u00e9ny ottan.<br>A szerencs\u00e9tlen teh\u00e9nk\u00e9t,<br>Percek alatt sz\u00e9jjelszedt\u00e9k.<\/p>\n\n\n\n<p class=\"wp-block-paragraph\">Moh\u00f3n eszegetni kezdt\u00e9k,<br>Cib\u00e1lt\u00e1k neki a b\u0151r\u00e9t.<br>A csat\u00e1nak \u00edgy lett v\u00e9ge,<br>S k\u00f6nnyezett V\u00f6r\u00f6ske szeme.<\/p>\n\n\n\n<p class=\"wp-block-paragraph\">Zajra, szagra a hi\u00e9n\u00e1k.<br>Megjelentek, s n\u00e9zt\u00e9k pr\u00e9d\u00e1t.<br>\u00c9hs\u00e9g\u00fck b\u00edztatta \u0151ket,<br>S egyre mer\u00e9szebbek lettek.<\/p>\n\n\n\n<p class=\"wp-block-paragraph\">Egyik uralm\u00e1t elvesztve,<br>R\u00e1t\u00e1madt (a) gy\u0151ztesekre.<br>H\u00edm oroszl\u00e1n neki ugrott,<br>Gerinc\u00e9re r\u00e1harapott,<\/p>\n\n\n\n<p class=\"wp-block-paragraph\">V\u00e9ge lett \u00edgy az \u00e9lete,<br>Hi\u00e9n\u00e1nak mer\u00e9szs\u00e9ge.<br>A t\u00f6bbiek nyugton v\u00e1rtak,<br>Marad\u00e9kra sz\u00e1m\u00edtottak.<\/p>\n\n\n\n<p class=\"wp-block-paragraph\">Az oroszl\u00e1nok csak faltak,<br>J\u00f3 lak\u00e1sig lakm\u00e1roztak.<br>Teleett\u00e9k, h\u00e1t magukat,<br>V\u00edzpartj\u00e1hoz elindultak.<\/p>\n\n\n\n<p class=\"wp-block-paragraph\">A hi\u00e9n\u00e1k nagy ricsajjal,<br>V\u00e9geztek a marad\u00e9kkal.<br>Mikor minden m\u00e1r elfogyott,<br>Tov\u00e1bb\u00e1lltak a tolvajok.<\/p>\n\n\n\n<p class=\"wp-block-paragraph\">Fa\u00e1gak k\u00f6z\u00f6tt V\u00f6r\u00f6ske,<br>T\u00f6rv\u00e9ny\u00fcket, ott megleste.<br>S k\u00f6zben a kis n\u00e9gert fogta,<br>Szeretettel puszilgatta.<\/p>\n\n\n\n<p class=\"wp-block-paragraph\">Sikeresen megmentette,<br>Gy\u0151z\u00f6tt anyai \u00f6szt\u00f6ne.<br>Mikor csend lett, sz\u00e9jjeln\u00e9zett,<br>K\u00e9sz\u00fclt, hogy leereszkedjen.<\/p>\n\n\n\n<p class=\"wp-block-paragraph\">Ekkor sz\u00f6rny\u0171 k\u00e9pet l\u00e1tott,<br>Megijedt, \u00e9s megh\u00e1tr\u00e1lt ott.<br>H\u00e1rom marcona feket\u00e9t,<br>Kegyetlen vadember f\u00e9l\u00e9t.<\/p>\n\n\n\n<p class=\"wp-block-paragraph\">Arcuk, test\u00fck ki volt festve,<br>Tetov\u00e1lva telis-tele.<br>L\u00e1ndzsa, ny\u00edl volt a kez\u00fckben,<br>Nagy karik\u00e1k a f\u00fcl\u00fckben.<\/p>\n\n\n\n<p class=\"wp-block-paragraph\">Izmos test\u00fck robosztus volt,<br>\u00c1gy\u00e9kk\u00f6t\u0151 derekukon,<br>\u00dagy \u00e9rtek oda a f\u00e1hon.<br>Szeml\u00e9l\u0151dve \u00e9s kutat\u00f3n.<\/p>\n\n\n\n<p class=\"wp-block-paragraph\">Mozdulatlan volt V\u00f6r\u00f6ske,<br>F\u00e1hoz lapult megremegve.<br>Tekintgetett le a f\u00f6ldre,<br>Tal\u00e1n kicsit rem\u00e9nykedve.<\/p>\n\n\n\n<p class=\"wp-block-paragraph\">Jobban f\u00e9lt most ott fent a f\u00e1n,<br>Mint mikor j\u00f6tt az oroszl\u00e1n.<br>Vademberek, integettek,<br>H\u00edvogat\u00f3 jeleikkel.<\/p>\n\n\n\n<p class=\"wp-block-paragraph\">Lecsalogatt\u00e1k \u0151t onnan,<br>Ahol addig meg volt b\u00fajva.<br>Elindult lassan lefel\u00e9,<br>Remegve a f\u00f6ldre le\u00e9rt.<\/p>\n\n\n\n<p class=\"wp-block-paragraph\">Elvett\u00e9k a kisgyereket,<br>\u00d6lelgett\u00e9k, szeretettel.<br>V\u00f6r\u00f6sk\u00e9t is k\u00f6rbefogt\u00e1k,<br>Simogatt\u00e1k v\u00f6r\u00f6s haj\u00e1t.<\/p>\n\n\n\n<p class=\"wp-block-paragraph\">A v\u00e1llait veregett\u00e9k,<br>Feldob\u00e1lva \u00fcnnepelt\u00e9k.<br>L\u00e1tt\u00e1k \u0151k az asszony tett\u00e9t,<br>A fi\u00fanak megment\u00e9s\u00e9t.<\/p>\n\n\n\n<p class=\"wp-block-paragraph\">Csak m\u00e9g nagyon messze voltak,<br>Seg\u00edteni \u00edgy nem tudtak.<br>V\u00f6r\u00f6ske, ha nem l\u00e9p k\u00f6zbe.<br>A fi\u00fa m\u00e1r halva lenne.<\/p>\n\n\n\n<p class=\"wp-block-paragraph\">Ekkor egyik riad\u00f3t f\u00fajt,<br>B\u00e9k\u00e9set most nem h\u00e1bor\u00fast.<br>Az erd\u0151b\u0151l r\u00f6videsen,<br>Sokan j\u00f6ttek, siet\u0151sen.<\/p>\n\n\n\n<p class=\"wp-block-paragraph\">Elmes\u00e9lt\u00e9k az asszonynak,<br>Hogy az erd\u0151ben bent laknak.<br>A kiscsib\u00e9sz onnan j\u00f6tt el,<br>Elsz\u00f6k\u00f6tt \u0151 \u00e9szrev\u00e9tlen.<\/p>\n\n\n\n<p class=\"wp-block-paragraph\">T\u00f6rzsf\u0151n\u00f6k\u00fcknek a fia,<br>Legkisebb m\u00e9g nem dalia.<br>Sz\u00e9tsz\u00f3r\u00f3dtak az erd\u0151ben,<br>Csat\u00e1rl\u00e1ncban, keres\u00e9sben.<\/p>\n\n\n\n<p class=\"wp-block-paragraph\">A gyerek a nagy vadakat,<br>Tekintette j\u00e1t\u00e9koknak.<br>Ez\u00e9rt indult el fel\u00e9j\u00fck,<br>Most, hogy \u00e9l ez boldog perc\u00fck.<\/p>\n\n\n\n<p class=\"wp-block-paragraph\">Elindultak a faluba,<br>V\u00f6r\u00f6sk\u00e9t magukkal hozva.<br>Szabadkoz\u00e1s\u00e1t nem t\u0171rt\u00e9k,<br>Er\u0151szakkal vezetgett\u00e9k.<\/p>\n\n\n\n<p class=\"wp-block-paragraph\">K\u00e9t oldalr\u00f3l felkarolt\u00e1k,<br>Magukkal h\u00e1t elvonszolt\u00e1k.<br>L\u00e1ba sem \u00e9rte a f\u00f6ldet,<br>A faluba \u00fagy \u00e9rkeztek.<\/p>\n\n\n\n<p class=\"wp-block-paragraph\">A t\u00f6rzsf\u0151n\u00f6k v\u00e1rta \u0151ket,<br>T\u00fcrelme m\u00e1r r\u00e9g elveszett.<br>Ahogyan fi\u00e1t megl\u00e1tta,<br>Elm\u00falt a szomor\u00fas\u00e1ga.<\/p>\n\n\n\n<p class=\"wp-block-paragraph\">A f\u0151n\u00f6knek a kunyh\u00f3ja,<br>Skalpokkal volt telerakva.<br>V\u00f6r\u00f6ske r\u00e1\u00e9bredt arra,<br>Kannib\u00e1lok k\u00f6z\u00e9 juta.<\/p>\n\n\n\n<p class=\"wp-block-paragraph\">V\u00f6r\u00f6sk\u00e9nek a sz\u00e9ps\u00e9ge,<br>T\u00f6rzsf\u0151n\u00f6knek szembe t\u0171ne.<br>Fi\u00e1t, amint szeretgette,<br>K\u00f6z\u00f6mb\u00f6sen megk\u00e9rdezte.<\/p>\n\n\n\n<p class=\"wp-block-paragraph\">Hol fogt\u00e1k a feh\u00e9r asszonyt,<br>A gy\u00f6ny\u00f6r\u0171 v\u00f6r\u00f6s foglyot.<br>Harcosai ismertett\u00e9k,<br>V\u00f6r\u00f6sk\u00e9nek a h\u0151s tett\u00e9t.<\/p>\n\n\n\n<p class=\"wp-block-paragraph\">A f\u0151n\u00f6k kijelentette,<br>Az asszony \u00e1ll v\u00e9delm\u00e9be.<br>Ha valaki b\u00e1ntalmazza,<br>Vele gy\u0171lik meg a baja.<\/p>\n\n\n\n<p class=\"wp-block-paragraph\">12-IK STR\u00d3FA<\/p>\n\n\n\n<p class=\"wp-block-paragraph\">Majd intett dobosainak,<br>Mindenkit toborozzanak.<br>\u00dcnnepl\u00e9s lesz a faluban,<br>Tisztelg\u00e9s a kisfi\u00fanak.<\/p>\n\n\n\n<p class=\"wp-block-paragraph\">K\u00e9sz\u00fcljenek lakom\u00e1hoz,<br>Mindenki legyen teh\u00e1t ott.<br>Vezess\u00e9k ki a foglyokat,<br>Rakjanak t\u00fczet bogr\u00e1csnak.<\/p>\n\n\n\n<p class=\"wp-block-paragraph\">L\u00e1ncra verve k\u00e9t ifjoncot,<br>Kik\u00f6t\u00f6ttek a kar\u00f3khoz.<br>K\u00f6ny\u00f6r\u00f6gtek, \u00e9let\u00fck\u00e9rt,<br>T\u00e9rdre estek, esdekelv\u00e9n.<\/p>\n\n\n\n<p class=\"wp-block-paragraph\">Bogr\u00e1csokban a v\u00edz felforrt,<br>A harcosok t\u00e1ncoltak ott.<br>\u00dcnnepi nagy hangulatban,<br>Mulatoztak, kurjantottak.<\/p>\n\n\n\n<p class=\"wp-block-paragraph\">A foglyok csak rim\u00e1nkodtak,<br>F\u00e9lelm\u00fckben sir\u00e1nkoztak.<br>V\u00f6r\u00f6sk\u00e9re tekintettek,<br>T\u0151le v\u00e1rva seg\u00edts\u00e9get.<\/p>\n\n\n\n<p class=\"wp-block-paragraph\">Emberev\u0151k k\u00f6zt V\u00f6r\u00f6ske,<br>Nem tudta, hogy mit tehetne.<br>Ekkor sz\u00f3lt a t\u00f6rzs f\u0151n\u00f6ke,<br>R\u00e1mutatott V\u00f6r\u00f6sk\u00e9re.<\/p>\n\n\n\n<p class=\"wp-block-paragraph\">H\u0151stetted\u00e9rt jutalom j\u00e1r,<br>Mondjad gyorsan, mit k\u00edv\u00e1nn\u00e1l.<br>Fiadat nem jutalom\u00e9rt,<br>Mentettem meg, nem \u00e9n az\u00e9rt.<\/p>\n\n\n\n<p class=\"wp-block-paragraph\">\u00c9n is sz\u00fcl\u0151anya vagyok,<br>\u00dagy, mint neked az asszonyod.<br>Kicsi fiad sokat jelent,<br>Visszaadtam teh\u00e1t nektek.<\/p>\n\n\n\n<p class=\"wp-block-paragraph\">Szeress\u00e9tek, im\u00e1dj\u00e1tok,<br>K\u00edv\u00e1nok sok boldogs\u00e1got.<br>(A) k\u00e9t f\u00e9rfinek is van anyja,<br>\u00c9s agg\u00f3d\u00f3 \u00e9desapja.<\/p>\n\n\n\n<p class=\"wp-block-paragraph\">Nekik k\u00e9rek \u00e9n \u00e9letet,<br>A foglyoknak, itt kegyelmet.<br>Engedj\u00e9tek el \u00fatjukra,<br>Csal\u00e1djukhoz visszajutva.<\/p>\n\n\n\n<p class=\"wp-block-paragraph\">\u00cdg\u00e9rj\u00e9tek meg most nekem,<br>Embereket sosem esztek.<br>Aj\u00e1nd\u00e9kk\u00e9nt ennyit k\u00e9rek,<br>Nektek meg sok b\u00f6lcsess\u00e9get.<\/p>\n\n\n\n<p class=\"wp-block-paragraph\">A t\u00f6rzsf\u0151n\u00f6k meghallgatta,<br>Vez\u00e9reit \u00f6sszeh\u00edvta.<br>Fiam eml\u00e9k\u00e9re tegy\u00fck,<br>Ez legyen \u00fcnnep minek\u00fcnk.<\/p>\n\n\n\n<p class=\"wp-block-paragraph\">Hallgassunk a sz\u00e9passzonyra,<br>Legyen a t\u00f6rzs fogadalma.<br>Ki megszegi hal\u00e1l r\u00e1ja.<br>Induljatok vad\u00e1szatra.<\/p>\n\n\n\n<p class=\"wp-block-paragraph\">Van \u00e1llat sok az erd\u0151ben,<br>Pusztas\u00e1gban \u00e9s vizekben.<br>E perct\u0151l \u00e9l a t\u00f6rv\u00e9nyem,<br>\u00d6r\u00f6kk\u00e9 ezt\u00e1n \u00edgy legyen.<\/p>\n\n\n\n<p class=\"wp-block-paragraph\">V\u00e9ge lett (a) tan\u00e1cskoz\u00e1snak,<br>Tudatt\u00e1k a harcosoknak.<br>\u00c9ljenz\u00e9ssel fogadt\u00e1k azt,<br>\u0150serd\u0151ben tov\u00e1bb adtak.<\/p>\n\n\n\n<p class=\"wp-block-paragraph\">A k\u00e9t ifj\u00fat elengedt\u00e9k,<br>Bilincseiket levert\u00e9k.<br>Szabadok lettek, mint voltak,<br>\u00d6r\u00f6m\u00fckben ujjonghattak.<\/p>\n\n\n\n<p class=\"wp-block-paragraph\">Ism\u00e9t sz\u00f3lott a t\u00f6rzsf\u0151n\u00f6k,<br>Ifjak tartoznak m\u00e1s t\u00f6rzsh\u00f6z.<br>Szabadon mi nem engedj\u00fck,<br>Csak, ha v\u00e9get \u00e9r \u00fcnnep\u00fcnk.<\/p>\n\n\n\n<p class=\"wp-block-paragraph\">Vel\u00fcnk egy\u00fctt vigadjanak,<br>Vigy\u00e9k a h\u00edrt csal\u00e1djuknak.<br>Legyen vel\u00fck is majd b\u00e9ke,<br>T\u00f6rv\u00e9ny\u00fcnk \u0151ket is \u00e9rje.<\/p>\n\n\n\n<p class=\"wp-block-paragraph\">Visszat\u00e9rtek a vad\u00e1szok,<br>Rudasukon vad\u00e1llatok.<br>Akiket \u0151k lenyilaztak,<br>\u00c1ldozatok zs\u00e1km\u00e1nyiknak.<\/p>\n\n\n\n<p class=\"wp-block-paragraph\">M\u00e1snap a Nap r\u00e9g felkelt m\u00e1r,<br>M\u00e9g, mulattak t\u00e1ncot j\u00e1rv\u00e1n.<br>Mikor v\u00e9gre elf\u00e1radtak,<br>Pihen\u0151re elvonultak.<\/p>\n\n\n\n<p class=\"wp-block-paragraph\">A k\u00e9t ifj\u00fat elengedt\u00e9k,<br>\u00c9s a lelk\u00fckre k\u00f6t\u00f6tt\u00e9k.<br>Adj\u00e1k tudtul a t\u00f6rzs\u00fckben,<br>Az \u00faj t\u00f6rv\u00e9nyt, mindenk\u00e9ppen.<\/p>\n\n\n\n<p class=\"wp-block-paragraph\">Az ifjak h\u00e1t elindultak,<br>De messzire nem jutottak.<br>A mez\u0151 sz\u00ednes vir\u00e1g\u00e1t,<br>Nagy csokorba, \u00f6sszefogt\u00e1k.<\/p>\n\n\n\n<p class=\"wp-block-paragraph\">Visszamentek V\u00f6r\u00f6sk\u00e9hez,<br>\u00c1tadt\u00e1k szeretet\u00fcket.<br>T\u00e9rdre borultak el\u0151tte,<br>K\u00f6sz\u00f6netet kifejezve.<\/p>\n\n\n\n<p class=\"wp-block-paragraph\">K\u00f6nnyes lett V\u00f6r\u00f6ske szeme,<br>R\u00e1j\u00f6tt neki is van lelke.<br>Boldog volt, hogy a j\u00f3 \u00e9nje,<br>Az ifjakat megmentette.<\/p>\n\n\n\n<p class=\"wp-block-paragraph\">M\u00e1snap mikor menni akart,<br>El\u0151\u00e1llt a sz\u00e1nd\u00e9k\u00e1val.<br>A t\u00f6rzsf\u0151n\u00f6k megtiltotta,<br>Hogy falujukat elhagyja.<\/p>\n\n\n\n<p class=\"wp-block-paragraph\">Nagy vad\u00e1szatra indulunk,<br>Azon \u00f6ssze kell most fognunk.<br>Nincs emberem k\u00eds\u00e9r\u0151nek,<br>Egyed\u00fcl meg nem engedlek.<\/p>\n\n\n\n<p class=\"wp-block-paragraph\">Ha majd onnan visszat\u00e9r\u00fcnk,<br>A haj\u00f3dhoz visszavisz\u00fcnk.<br>Addig a vend\u00e9g\u00fcnk maradsz,<br>Asszonyaink p\u00e1rtfogolnak.<\/p>\n\n\n\n<p class=\"wp-block-paragraph\">Nem mehetn\u00e9k el veletek,<br>K\u00edv\u00e1ncsiv\u00e1 tett a terved?<br>Addig-addig k\u00e9rlelgette,<br>M\u00edg a f\u0151n\u00f6k\u00f6t megt\u00f6rte.<\/p>\n\n\n\n<p class=\"wp-block-paragraph\">T\u00f6bbsz\u00e1zezer gn\u00fa \u00e9rkezik,<br>\u00c9leted vesz\u00e9lyeztetik.<br>P\u00e1r emberem t\u00e1vol tart majd,<br>De onnan is mindent l\u00e1thatsz.<\/p>\n\n\n\n<p class=\"wp-block-paragraph\">Ebben azt\u00e1n megegyeztek,<br>Eg\u00e9sz nap csak k\u00e9sz\u00fcl\u0151dtek.<br>L\u00e1ndzs\u00e1t, nyilat, k\u00e9seiket,<br>Gondosan mind ki\u00e9leztek.<\/p>\n\n\n\n<p class=\"wp-block-paragraph\">Reggel kor\u00e1n sorakoztak,<br>Indul\u00e1sra v\u00e1rakoztak.<br>Szigor\u00fa t\u00f6rzsf\u0151n\u00f6k szava,<br>Elhangzott utas\u00edt\u00e1sa.<\/p>\n\n\n\n<p class=\"wp-block-paragraph\">Embereket kijel\u00f6lte,<br>Asszonyaik v\u00e9delm\u00e9re.<br>Majd azut\u00e1n elindultak,<br>Hetekig \u0151k t\u00e1vol voltak.<\/p>\n\n\n\n<p class=\"wp-block-paragraph\">13-IK STR\u00d3FA<\/p>\n\n\n\n<p class=\"wp-block-paragraph\">Napokig csak meneteltek,<br>Embert pr\u00f3b\u00e1l\u00f3 terepen.<br>Estelente megpihentek,<br>T\u00e1bor vertek, \u00e9s t\u00fczeltek.<\/p>\n\n\n\n<p class=\"wp-block-paragraph\">Vad\u00e1llatok ellen tett\u00e9k,<br>T\u00fczet folyton \u00e9lesztett\u00e9k.<br>Az \u0151r\u00f6k feladata volt,<br>A biztons\u00e1g, \u00e9s nyugalom.<\/p>\n\n\n\n<p class=\"wp-block-paragraph\">Egy naps\u00fct\u00e9ses sz\u00e9p napon,<br>Ott voltak a foly\u00f3-parton.<br>Az a gn\u00fak \u00e1tkel\u0151helye,<br>Krokodilokkal hemzsegve.<\/p>\n\n\n\n<p class=\"wp-block-paragraph\">D\u00e9lt\u00e1jban nagy porfelh\u0151 volt,<br>Hatalmas a l\u00e1that\u00e1ron.<br>Egyre gyorsan k\u00f6zeledett,<br>Gn\u00faknak hada meg\u00e9rkezett.<\/p>\n\n\n\n<p class=\"wp-block-paragraph\">Sz\u00e1muk sem volt, olyan sokan,<br>V\u00e1gtattak a pusztas\u00e1gban.<br>\u00daj legel\u0151k rem\u00e9ny\u00e9ben,<br>Meneteltek minden \u00e9vben.<\/p>\n\n\n\n<p class=\"wp-block-paragraph\">Ragadoz\u00f3knak serege,<br>V\u00e1rta \u0151ket, epekedve,<br>V\u00e1mot szedtek, nagyon sokat,<br>Megt\u00f6ltve \u00e9hes gyomrukat.<\/p>\n\n\n\n<p class=\"wp-block-paragraph\">Territ\u00f3riumok k\u00f6z\u00f6tt,<br>Vel\u00fck egyik sem t\u00f6r\u0151d\u00f6tt.<br>B\u0151s\u00e9ges legel\u0151 k\u00e9pe,<br>Szem\u00fck el\u0151tt az, lebegett.<\/p>\n\n\n\n<p class=\"wp-block-paragraph\">Foly\u00f3-parton megtorpantak,<br>Majd a v\u00edzbe beugrottak.<br>\u00daszni kezdtek, t\u00falpart fel\u00e9,<br>Az lett nekik mostan a c\u00e9l.<\/p>\n\n\n\n<p class=\"wp-block-paragraph\">Lesben \u00e1lltak krokodilok,<br>\u00c9s \u00e9hes alig\u00e1torok.<br>K\u00f6zel menni \u0151k sem mertek,<br>A nagy t\u00f6meg vesz\u00e9lyt jelent.<\/p>\n\n\n\n<p class=\"wp-block-paragraph\">Ha egy gn\u00fa elt\u00e1volodott,<br>Lecsaptak r\u00e1, hal\u00e1loszt\u00f3k.<br>B\u0151s\u00e9gesen lakm\u00e1roztak,<br>Zab\u00e1lt\u00e1k \u00e1ldozatukat.<\/p>\n\n\n\n<p class=\"wp-block-paragraph\">A parton a vademberek,<br>Ny\u00edlvessz\u0151i c\u00e9lba \u00e9rtek.<br>Sok gn\u00fanak r\u00f6vid \u00e9lete,<br>Ott \u00e9rt v\u00e9get mind\u00f6r\u00f6kre.<\/p>\n\n\n\n<p class=\"wp-block-paragraph\">Lankadatlan b\u00e1tors\u00e1ggal,<br>Hihetetlen nagy zs\u00e1km\u00e1nnyal,<br>Tettek szert sok \u00e9lelemre,<br>Mi el\u00e9g egy esztend\u0151re.<\/p>\n\n\n\n<p class=\"wp-block-paragraph\">V\u00f6r\u00f6ske csak \u00e1muldozott,<br>Ilyet \u0151 m\u00e9g sosem l\u00e1tott,<br>Az \u0151rz\u0151i vigy\u00e1zt\u00e1k \u0151t,<br>A csod\u00e1s, b\u00e1tor v\u00f6r\u00f6s n\u0151t.<\/p>\n\n\n\n<p class=\"wp-block-paragraph\">Az alkony, hogy k\u00f6zeledett,<br>A csorda v\u00e9gre mind \u00e1tkelt.<br>Harcosok a gn\u00fak tetem\u00e9t,<br>Megny\u00fazt\u00e1k, kizsigerelt\u00e9k.<\/p>\n\n\n\n<p class=\"wp-block-paragraph\">A hullad\u00e9kot otthagyt\u00e1k,<br>Hagy egyenek a hi\u00e9n\u00e1k.<br>Voltak is azok most sokan,<br>M\u00e1s d\u00f6gev\u0151 t\u00e1rsas\u00e1gban.<\/p>\n\n\n\n<p class=\"wp-block-paragraph\">Reggelre mindent felettek,<br>Teli hassal tov\u00e1bb mentek.<br>Minden el volt takar\u00edtva,<br>P\u00e9ld\u00e1s rend kialak\u00edtva.<\/p>\n\n\n\n<p class=\"wp-block-paragraph\">Csak a letiport f\u0171 nyoma,<br>Eml\u00e9keztetett e napra.<br>Ha egy v\u00e1ndor arra t\u00e9vedt,<br>Csak h\u00edrb\u0151l hallhatta mindezt.<\/p>\n\n\n\n<p class=\"wp-block-paragraph\">A harcosok dolgozgattak,<br>Rengeteg h\u00fast felapr\u00f3ztak,<br>Napokig kisz\u00e1r\u00edtott\u00e1k,<br>\u00c9jszak\u00e1nk\u00e9nt meg meg\u00f3vt\u00e1k.<\/p>\n\n\n\n<p class=\"wp-block-paragraph\">V\u00f6r\u00f6ske a t\u00e1bort\u0171zn\u00e9l,<br>Bennsz\u00fcl\u00f6ttek arc\u00e1t n\u00e9zv\u00e9n,<br>El\u00e9gedetts\u00e9get l\u00e1tta,<br>A boldogs\u00e1g ki\u00fclt arra.<\/p>\n\n\n\n<p class=\"wp-block-paragraph\">S\u00f6t\u00e9ts\u00e9gnek f\u00e1tyla alatt,<br>T\u00e1bort\u00fczek ott ropogtak.<br>Lepihent a f\u00e1radt sereg,<br>A meggy\u00f6t\u00f6rt h\u0151s emberek.<\/p>\n\n\n\n<p class=\"wp-block-paragraph\">T\u00e1volban az oroszl\u00e1nok,<br>\u00dcv\u00f6lt\u00e9se az, hallatszott,<br>\u00c9s a hi\u00e9n\u00e1k kacaja,<br>Tudatta, hogy ez Afrika.<\/p>\n\n\n\n<p class=\"wp-block-paragraph\">Reggel kor\u00e1n talpon voltak,<br>Pakol\u00e1ssal f\u00e1radoztak.<br>A konzerv\u00e1lt h\u00fast\u00f6meget,<br>Rudasokra rakt\u00e1k mind fel.<\/p>\n\n\n\n<p class=\"wp-block-paragraph\">Elindultak haza, v\u00e9gre,<br>A t\u00f6rzsnek a lakhely\u00e9re.<br>Neh\u00e9z \u00fat volt, nagyon neh\u00e9z,<br>Cipelni a h\u00fasnak terh\u00e9t.<\/p>\n\n\n\n<p class=\"wp-block-paragraph\">Id\u0151nk\u00e9nt meg kellett \u00e1llni,<br>F\u00e1radts\u00e1got kipihenni.<br>Napok teltek, \u00e9s \u00e9jszak\u00e1k,<br>Mikor a t\u00e1bort megl\u00e1tt\u00e1k.<\/p>\n\n\n\n<p class=\"wp-block-paragraph\">Falujukban nagy \u00fcnnep volt,<br>Boldogok voltak asszonyok.<br>\u00d6lelkeztek szakadatlan,<br>Gazdags\u00e1guk tudat\u00e1ban.<\/p>\n\n\n\n<p class=\"wp-block-paragraph\">V\u00f6r\u00f6ske csak gondolkodott,<br>Tudata elkalandozott.<br>Sohasem \u00e9rtette azt meg,<br>Emberev\u0151k lelke milyen.<\/p>\n\n\n\n<p class=\"wp-block-paragraph\">Megett\u00e9k a foglyaikat,<br>L\u00e9lekben gazdagok voltak.<br>\u00c9rezte t\u00e1n, Isten k\u00fcldte,<br>Vadak k\u00f6z\u00e9 vez\u00e9relte.<\/p>\n\n\n\n<p class=\"wp-block-paragraph\">Kannib\u00e1ls\u00e1guknak v\u00e9ge,<br>Emberev\u00e9s elfeledve.<br>Ezt sz\u00e1molta fel V\u00f6r\u00f6ske,<br>Ez volt neki k\u00fcldet\u00e9se.<\/p>\n\n\n\n<p class=\"wp-block-paragraph\">Sz\u00f3lt a tam-tam, ism\u00e9t sz\u00f3lott,<br>Mindenki csak mulatozott.<br>K\u00e9t nap \u00f6ssze\u00e9rett ottan,<br>Iszogattak m\u00e1morosan.<\/p>\n\n\n\n<p class=\"wp-block-paragraph\">Egyszerre csak megpihentek,<br>D\u00fcl\u00f6ng\u00e9lve, t\u00e9velyegtek.<br>Bementek a kunyh\u00f3ikba.<br>D\u00e1rid\u00f3r\u00f3l \u00e1lmodozva.<\/p>\n\n\n\n<p class=\"wp-block-paragraph\">M\u00e1snap a t\u00f6rzsf\u0151n\u00f6k sz\u00f3lott,<br>Minden harcost odah\u00edvott.<br>Elk\u00f6sz\u00f6ntek V\u00f6r\u00f6sk\u00e9t\u0151l,<br>A gy\u00f6ny\u00f6r\u0171 v\u00f6r\u00f6s n\u0151t\u0151l.<\/p>\n\n\n\n<p class=\"wp-block-paragraph\">A var\u00e1zsl\u00f3 im\u00e1t mormolt,<br>V\u00f6r\u00f6sk\u00e9nek med\u00e1lt adott.<br>Var\u00e1zslat\u00e1t vele adta,<br>Amely \u00fatj\u00e1n majd meg\u00f3vja.<\/p>\n\n\n\n<p class=\"wp-block-paragraph\">14-IK STR\u00d3FA<\/p>\n\n\n\n<p class=\"wp-block-paragraph\">V\u00f6r\u00f6ske \u00e1llt meghatottan,<br>Szem\u00e9ben egy k\u00f6nny megcsillant.<br>Kisv\u00e9denc\u00e9t felemelte,<br>Karjaival \u00e1t\u00f6lelte.<\/p>\n\n\n\n<p class=\"wp-block-paragraph\">Nyakl\u00e1nc\u00e1t, nyak\u00e1ba tette,<br>Megpuszilva szeretgette.<br>Majd anyj\u00e1nak odaadta,<br>Ut\u00f3szor megsim\u00edtotta.<\/p>\n\n\n\n<p class=\"wp-block-paragraph\">A fekete asszony ekkor,<br>Feh\u00e9rtestv\u00e9r\u00e9hez sz\u00f3lott.<br>\u00c9s \u00f6r\u00f6kre megfogadta,<br>Nem felejti el \u0151t soha.<\/p>\n\n\n\n<p class=\"wp-block-paragraph\">A h\u0151s asszonyt \u00e1t\u00f6lelte,<br>Fi\u00e1t neki k\u00f6sz\u00f6nhette.<br>A gyerek m\u00e9g nem \u00e9rt semmit,<br>De, ha feln\u0151, majd meg\u00e9rti.<\/p>\n\n\n\n<p class=\"wp-block-paragraph\">Megtan\u00edtja, elmes\u00e9li,<br>Mi, hogy t\u00f6rt\u00e9nt mindet neki.<br>Minden \u00e9vben e napon majd,<br>\u00dcnnep lesz a t\u00e1borukban.<\/p>\n\n\n\n<p class=\"wp-block-paragraph\">A feket\u00e9k e szavakra,<br>Ujjongva felki\u00e1ltottak.<br>\u00cdgy lesz, \u00edgy lesz, elharsogt\u00e1k,<br>A sz\u00edv\u00fck j\u00f3 indulat\u00e1t.<\/p>\n\n\n\n<p class=\"wp-block-paragraph\">A t\u00f6rzsf\u0151n\u00f6k ism\u00e9t sz\u00f3lott,<br>Kijel\u00f6lt n\u00e9gy b\u00e1tor harcost.<br>\u0150k k\u00eds\u00e9rt\u00e9k el az asszonyt,<br>A t\u00e1voli haj\u00f3j\u00e1hoz.<\/p>\n\n\n\n<p class=\"wp-block-paragraph\">Elindultak, lassan mentek,<br>Harcosok is meneteltek.<br>Erd\u0151sz\u00e9len meg\u00e1llottak,<br>Utolj\u00e1ra b\u00facs\u00fat mondtak.<\/p>\n\n\n\n<p class=\"wp-block-paragraph\">Tov\u00e1bb mentek V\u00f6r\u00f6sk\u00e9\u00e9k,<br>Az \u00fatjukon sok baj volt m\u00e9g.<br>Egyed\u00fcl neh\u00e9z lett volna,<br>K\u00f3borolni a dzsungelba\u2019.<\/p>\n\n\n\n<p class=\"wp-block-paragraph\">A harcosok meg\u00f3vt\u00e1k \u0151t,<br>Leselked\u0151 sok vesz\u00e9lyt\u0151l.<br>Oroszl\u00e1n t\u00e1madt re\u00e1juk,<br>Kellet ellene rutinjuk.<\/p>\n\n\n\n<p class=\"wp-block-paragraph\">Egyik harcos egy nagy \u00e1ggal,<br>Szemben sz\u00e1llt az oroszl\u00e1nnal.<br>A roham\u00e1t abbahagyta,<br>S visszafordult a nagy \u201emacska\u201d.<\/p>\n\n\n\n<p class=\"wp-block-paragraph\">\u00d3vatosak, vagy f\u00e9lnek t\u00e1n,<br>Nem t\u00e1madnak az \u00e1g l\u00e1tt\u00e1n.<br>V\u00f6r\u00f6ske ezt nem tudhatta,<br>Egyed\u00fcl ott meghalt volna.<\/p>\n\n\n\n<p class=\"wp-block-paragraph\">Bennsz\u00fcl\u00f6ttek csak nevettek,<br>Sz\u00f3rakozva seg\u00edtettek.<br>Megmondani \u0151k sem tudt\u00e1k,<br>M\u00e9rt ijedt meg az oroszl\u00e1n.<\/p>\n\n\n\n<p class=\"wp-block-paragraph\">R\u00e9g bev\u00e1lt szok\u00e1s ez n\u00e1luk,<br>Rettent\u0151 nagy b\u00e1tors\u00e1guk.<br>Minden neszre felfigyelnek,<br>H\u0151siesen v\u00e9dekeznek.<\/p>\n\n\n\n<p class=\"wp-block-paragraph\">Csod\u00e1lt\u00e1k a b\u00e1tor asszonyt,<br>Hogy t\u00fal\u00e9lte a kalandot.<br>Ki\u00e9hezett fenevadak,<br>K\u00f6zt\u00fck j\u00e1rt ott, \u00e9s meg\u00faszta.<\/p>\n\n\n\n<p class=\"wp-block-paragraph\">V\u00e9gre a haj\u00f3t megl\u00e1tt\u00e1k,<br>\u00c9s V\u00f6r\u00f6sk\u00e9nek cs\u00f3nakj\u00e1t.<br>Mellette ott krokik voltak,<br>Pr\u00e9d\u00e1t v\u00e1rva napozgattak.<\/p>\n\n\n\n<p class=\"wp-block-paragraph\">A krokikat elzavart\u00e1k,<br>A cs\u00f3nakot megpakolt\u00e1k,<br>Aj\u00e1nd\u00e9k h\u00fast mind felrakt\u00e1k.<br>\u00c9s V\u00f6r\u00f6sk\u00e9t most is \u00f3vt\u00e1k.<\/p>\n\n\n\n<p class=\"wp-block-paragraph\">Cs\u00f3nakj\u00e1ban k\u00f6rbe vett\u00e9k,<br>\u00dagy eveztek, bottal v\u00e9dt\u00e9k.<br>A krokik elt\u00e1volodtak,<br>Mikor a tengern\u00e9l voltak.<\/p>\n\n\n\n<p class=\"wp-block-paragraph\">A harcosok itt kisz\u00e1lltak,<br>A v\u00edz-partj\u00e1n ott maradtak<br>V\u00f6r\u00f6ske evezni kezdet,<br>N\u00e9ha meg\u00e1llt, integetett.<\/p>\n\n\n\n<p class=\"wp-block-paragraph\">V\u00e9gre el\u00e9rte a haj\u00f3t,<br>Megnyugodva felsz\u00e1llhatott.<br>Vitorl\u00e1it kibontotta,<br>S tov\u00e1bb indult, messze, tova.<\/p>\n\n\n\n<p class=\"wp-block-paragraph\">A haj\u00f3 sz\u00e1guldni kezdett,<br>Has\u00edtotta a nagy vizet.<br>V\u00f6r\u00f6ske \u00e1llt meghatottan,<br>Integetve, b\u00facs\u00fazkodva.<\/p>\n\n\n\n<p class=\"wp-block-paragraph\">A feket\u00e9k tov\u00e1bb n\u00e9zt\u00e9k,<br>D\u00e1rd\u00e1ikkal integetv\u00e9n.<br>A t\u00e1voli messzes\u00e9gben,<br>Afrika elt\u0171nt, el\u0151le.<\/p>\n\n\n\n<p class=\"wp-block-paragraph\">Bennsz\u00fcl\u00f6ttek \u00e9s Afrika,<br>Megmaradt a gondolatba.<br>Nem feledte soha \u0151ket,<br>Emberev\u0151 feket\u00e9ket.<\/p>\n\n\n\n<p class=\"wp-block-paragraph\">K\u00f6rbe amerre ell\u00e1tott,<br>Minden\u00fctt csak vizet l\u00e1tott.<br>Csapongott a gondolata,<br>A vil\u00e1g t\u00e1n rossz nem volna.<\/p>\n\n\n\n<p class=\"wp-block-paragraph\">Emberekben van a hiba,<br>Az \u00f6nc\u00e9l\u00fa vagyonokba.<br>Hogyha nem har\u00e1csoln\u00e1nak,<br>B\u0171n\u00f6z\u0151kk\u00e9 nem v\u00e1ln\u00e1nak.<\/p>\n\n\n\n<p class=\"wp-block-paragraph\">\u00c9lhetn\u00e9nek boldogs\u00e1gban,<br>Nem harcokban, \u00e9s csat\u00e1kban.<br>Egyenl\u0151s\u00e9g k\u00e9ne tal\u00e1n,<br>Az volna az igaz tal\u00e1ny.<\/p>\n\n\n\n<p class=\"wp-block-paragraph\">Ekkor hirtelen r\u00e1gondolt,<br>Haj\u00f3j\u00e1val m\u00e9rt v\u00e1ndorol.<br>T\u00f6bb mint egy \u00e9ve m\u00e1r elm\u00falt,<br>Mikor otthonr\u00f3l elindult.<\/p>\n\n\n\n<p class=\"wp-block-paragraph\">Bej\u00e1rta a tengereket,<br>\u00d3ce\u00e1nt \u00e9s a nagy vizet.<br>\u0150 is har\u00e1csol\u00f3 lenne,<br>Mag\u00e1t\u00f3l most azt k\u00e9rdezte?<\/p>\n\n\n\n<p class=\"wp-block-paragraph\">T\u00e9pel\u0151d\u00f6tt, mint k\u00e9t \u00e9nje,<br>Harcot v\u00edvva a lelk\u00e9be\u2019.<br>Egyre borzaszt\u00f3bb a mag\u00e1ny,<br>Filoz\u00f3fus lenn\u00e9k tal\u00e1n.<\/p>\n\n\n\n<p class=\"wp-block-paragraph\">Gondolatok kavarogtak,<br>Az agya is fel forrt ottan.<br>Elm\u00e9lked\u00e9st, megzavarta,<br>\u00d3ri\u00e1si nagy sikolya.<\/p>\n\n\n\n<p class=\"wp-block-paragraph\">Egy kiseg\u00e9r n\u00e9zett fel r\u00e1,<br>T\u00e1n \u00e9hesen, bizakodv\u00e1n.<br>V\u00f6r\u00f6ske ott megremegett,<br>Az eg\u00e9rke meg csak n\u00e9zett.<\/p>\n\n\n\n<p class=\"wp-block-paragraph\">Elfutott onnan, rohanva,<br>Le a kabin oltalm\u00e1ba\u2019.<br>Sepr\u0151vel felszerelkezett,<br>F\u00e9lelm\u00e9ben t\u00e1n reszketett.<\/p>\n\n\n\n<p class=\"wp-block-paragraph\">15-IK STR\u00d3FA<\/p>\n\n\n\n<p class=\"wp-block-paragraph\">\u00dajabb hetek m\u00faltak k\u00f6zben,<br>Sz\u00e1razf\u00f6ld meg sehol nincsen.<br>Egyre t\u00e1vcs\u00f6v\u00e9vel n\u00e9zett,<br>Messzes\u00e9get k\u00e9mlelgetett.<\/p>\n\n\n\n<p class=\"wp-block-paragraph\">A Nap \u00e9ppen nyugodni t\u00e9rt,<br>V\u00f6r\u00f6s sugar\u00e1t f\u00fcrdetv\u00e9n.<br>V\u00f6r\u00f6ske is k\u00e9sz\u00fcl\u0151dve,<br>Kabinj\u00e1ba lement este.<\/p>\n\n\n\n<p class=\"wp-block-paragraph\">El\u0151tte m\u00e9g \u00e1tp\u00e1szt\u00e1zta,<br>A nagy tengert \u00e1tvizsg\u00e1lta.<br>T\u00e1volban egy haj\u00f3t l\u00e1tott,<br>Hatalmasat, \u00f3ri\u00e1st ott.<\/p>\n\n\n\n<p class=\"wp-block-paragraph\">K\u00f6zeledett, igyekezve,<br>K\u0171rt jel\u00e9vel azt jelezte.<br>V\u00f6r\u00f6ske lehorgonyozott,<br>Meg\u00e1llt, v\u00e1rt, \u00e9s v\u00e1rakozott.<\/p>\n\n\n\n<p class=\"wp-block-paragraph\">A haj\u00f3 k\u00f6zelben meg\u00e1llt.<br>Leengedte a cs\u00f3nakj\u00e1t.<br>N\u00e9gy matr\u00f3z \u00fclt, \u00e9s evezett,<br>L\u00e9lekveszt\u0151re feln\u00e9zett.<\/p>\n\n\n\n<p class=\"wp-block-paragraph\">Felm\u00e1sztak a haj\u00f3 l\u00e9tr\u00e1n,<br>Fed\u00e9lzeten ott meg\u00e1llv\u00e1n.<br>V\u00f6r\u00f6ske m\u00e1r v\u00e1rta \u0151ket,<br>Utaz\u00e1s\u00e1t elmes\u00e9lte.<\/p>\n\n\n\n<p class=\"wp-block-paragraph\">Elmondta nincs ir\u00e1nyt\u0171je,<br>Csillagk\u00e9peket figyelte.<br>G\u00f6nc\u00f6lszek\u00e9r \u00e1rny\u00e9k\u00e1ban,<br>Haj\u00f3zik az \u00e9jszak\u00e1ban.<\/p>\n\n\n\n<p class=\"wp-block-paragraph\">Nappal egyenesen tov\u00e1bb,<br>V\u00e1rja az \u00fajabb \u00e9jszak\u00e1t.<br>\u00cdgy halad m\u00e1r nagyon r\u00e9gen,<br>C\u00e9lj\u00e1t m\u00e9gsem \u00e9rte m\u00e9g el.<\/p>\n\n\n\n<p class=\"wp-block-paragraph\">A matr\u00f3zok, felnevettek,<br>Hahot\u00e1ztak, \u00fagy r\u00f6h\u00f6gtek.<br>Mikor azt\u00e1n lehiggadtak,<br>Elmondt\u00e1k, hogy min mulattak.<\/p>\n\n\n\n<p class=\"wp-block-paragraph\">\u00c9jjel j\u00f3 ir\u00e1nyba halad,<br>Nappal, mindig let\u00e9r onnan.<br>\u00c1ramlatok hat\u00e1s\u00e1ra,<br>K\u00f3v\u00e1lyog csak \u00f6ssze vissza.<\/p>\n\n\n\n<p class=\"wp-block-paragraph\">Elvinn\u00e9k, de m\u00e1s ir\u00e1nyba,<br>Ellenkez\u0151leg haladnak.<br>\u00c9jjel navig\u00e1ljon, mint r\u00e9g,<br>Nappal \u00e1lljon, v\u00e1rja az \u00e9jt.<\/p>\n\n\n\n<p class=\"wp-block-paragraph\">Ha ezt \u00fatj\u00e1n majd betartja,<br>K\u00e9t h\u00f3nap m\u00falva \u00e9r partra.<br>Ismert\u00e9k \u0151k a nagy hegyet,<br>Mit V\u00f6r\u00f6ske emlegetett..<\/p>\n\n\n\n<p class=\"wp-block-paragraph\">Vil\u00e1g tetej\u00e9t tartja az,<br>Az\u00e9rt olyan nagy, hatalmas.<br>Lakik ott egy \u00f6regember,<br>Nagy szak\u00e1llal-, ezer\u00e9ves.<\/p>\n\n\n\n<p class=\"wp-block-paragraph\">\u0150 az, ki\u00e1ltott V\u00f6r\u00f6ske,<br>K\u00e9t tenyer\u00e9t \u00f6ssze\u00fctve.<br>Seg\u00edteni ennyit tudunk,<br>Tov\u00e1bbi j\u00f3t, azt k\u00edv\u00e1nunk.<\/p>\n\n\n\n<p class=\"wp-block-paragraph\">Elmegy\u00fcnk \u00e9s hozunk vizet,<br>\u00c9s elegend\u0151 \u00e9lelmet.<br>Bar\u00e1ts\u00e1gban v\u00e1ltak \u00edgy el,<br>Tov\u00e1bbmentek sz\u00e9p szerivel.<\/p>\n\n\n\n<p class=\"wp-block-paragraph\">V\u00f6r\u00f6ske arca ragyogott,<br>Rem\u00e9nye, hatalmosodott.<br>V\u00e9gre eljut most m\u00e1r oda,<br>Ami neki minden v\u00e1gya.<\/p>\n\n\n\n<p class=\"wp-block-paragraph\">V\u00f6r\u00f6ske, nappal mindig \u00e1llt,<br>Lehorgonyozva haj\u00f3j\u00e1t.<br>Hallgatott a matr\u00f3zokra,<br>Azok hasznos tan\u00e1cs\u00e1ra.<\/p>\n\n\n\n<p class=\"wp-block-paragraph\">Napozgatott, horg\u00e1szgatott,<br>Friss halakb\u00f3l lakm\u00e1rozott.<br>Nem unatkozott m\u00e1r nappal,<br>S\u00fct\u00f6tt, f\u0151z\u00f6tt bizakodva.<\/p>\n\n\n\n<p class=\"wp-block-paragraph\">K\u00e9t h\u00f3nap mikor eltelt,<br>Hegyl\u00e1b\u00e1hoz el\u00e9rkezett.<br>Nem l\u00e1tta annak tetej\u00e9t,<br>Olyan nagy volt, az \u00e9gig \u00e9rt.<\/p>\n\n\n\n<p class=\"wp-block-paragraph\">A szerencse is mell\u00e9 \u00e1llt,<br>Vihar nem zavarta \u00fatj\u00e1n.<br>Ennek k\u00f6sz\u00f6nhette teh\u00e1t,<br>A sikeres haj\u00f3z\u00e1s\u00e1t.<\/p>\n\n\n\n<p class=\"wp-block-paragraph\">Nem akart hinni szem\u00e9nek,<br>Megjelentek \u00f6r\u00f6mk\u00f6nnyek.<br>S\u00edrt \u00e9s tapsolt vid\u00e1ms\u00e1gban.<br>M\u00e9rhetetlen boldogs\u00e1gban.<\/p>\n\n\n\n<p class=\"wp-block-paragraph\">A hegyet, hogy n\u00e9zegette,<br>T\u00e1vcs\u00f6v\u00e9vel elemezte.<br>Megl\u00e1tta az \u00f6r\u00f6k havat,<br>A sz\u00e9d\u00edt\u0151 magass\u00e1gba\u2019.<\/p>\n\n\n\n<p class=\"wp-block-paragraph\">Hegycs\u00facs\u00e1t a felh\u0151k k\u00f6z\u00f6tt,<br>Elrejtve a szemek el\u0151l.<br>\u00c1llt, csak b\u00e1mult, \u00e1muldozott,<br>Majd cs\u00f3nakj\u00e1ba \u00e1tugrott.<\/p>\n\n\n\n<p class=\"wp-block-paragraph\">Kievezet (a) hegyl\u00e1b\u00e1hoz,<br>K\u00f6rben\u00e9zett kutat\u00f3n ott.<br>Azonos\u00edtani kezdte,<br>Mint a bank\u00e1r elmes\u00e9lte.<\/p>\n\n\n\n<p class=\"wp-block-paragraph\">Els\u00e9t\u00e1lt \u00fcregek el\u0151tt,<br>Miben laktak r\u00e9g azel\u0151tt.<br>Kik a sok kincset sz\u00e1molt\u00e1k,<br>F\u00e9nyes\u00edtve rakosgatt\u00e1k.<\/p>\n\n\n\n<p class=\"wp-block-paragraph\">De mikor meggazdagodtak,<br>Tov\u00e1bb\u00e1lltak, elutaztak.<br>A kincs sz\u00e1molatlan maradt,<br>Az \u00f6reg vigy\u00e1zza most azt.<\/p>\n\n\n\n<p class=\"wp-block-paragraph\">V\u00f6r\u00f6ske egyet nem tal\u00e1lt,<br>Kincseskamra bej\u00e1rat\u00e1t.<br>L\u00e1bait m\u00e1r majd lej\u00e1rta,<br>Visszaindult haj\u00f3j\u00e1ra.<\/p>\n\n\n\n<p class=\"wp-block-paragraph\">Agya p\u00f6rg\u00f6tt, mint motolla,<br>Gondolkodott, hogyan, tova.<br>Aludni t\u00e9rt, \u00e1lmodozott,<br>\u00c1lm\u00e1ban sok kincset l\u00e1tott.<\/p>\n\n\n\n<p class=\"wp-block-paragraph\">Reggel \u00e1gy\u00e1b\u00f3l kiugrott,<br>F\u00e9s\u00fclk\u00f6d\u00f6tt, mosakodott.<br>Legszebb ruh\u00e1j\u00e1t vette fel,<br>Melyb\u0151l k\u00e9t keble kin\u00e9zett.<\/p>\n\n\n\n<p class=\"wp-block-paragraph\">Cicom\u00e1zta egyre mag\u00e1t,<br>Pr\u00f3b\u00e1lgatta cs\u00e1bos arc\u00e1t.<br>Megh\u00f3d\u00edtja az \u00f6reget,<br>\u00dagy besz\u00e9lt ott a t\u00fck\u00f6rnek.<\/p>\n\n\n\n<p class=\"wp-block-paragraph\">A partra, hogy kievezett,<br>Ism\u00e9t kutatgatni kezdett.<br>A bank\u00e1r mindent elmondott,<br>M\u00e9gsem tal\u00e1l bej\u00e1ratot.<\/p>\n\n\n\n<p class=\"wp-block-paragraph\">Ahogy j\u00e1rk\u00e1lt, t\u00e9r\u00fclt fordult,<br>Agya m\u00e1r lassan elborult.<br>Napok teltek kutat\u00e1sban,<br>De az ajt\u00f3t nem tal\u00e1lta.<\/p>\n\n\n\n<p class=\"wp-block-paragraph\">16-IK STR\u00d3FA<\/p>\n\n\n\n<p class=\"wp-block-paragraph\">Sokadik napnak reggel\u00e9n,<br>Kor\u00e1bban ment igyekezv\u00e9n.<br>A Nap f\u00e9nyl\u0151 napsugara,<br>Borosty\u00e1nfalt p\u00e1szt\u00e1zgatta.<\/p>\n\n\n\n<p class=\"wp-block-paragraph\">M\u00f3kusok j\u00e1tszottak azon,<br>Ugr\u00e1ndoztak, b\u00e1tran, moh\u00f3n.<br>V\u00f6r\u00f6ske figyelte \u0151ket,<br>J\u00e1t\u00e9kukat n\u00e9zegette.<\/p>\n\n\n\n<p class=\"wp-block-paragraph\">M\u00e1r \u00e9pp menni k\u00e9sz\u00fcl\u0151d\u00f6tt,<br>Mikor egy \u00e1g ott let\u00f6r\u00f6tt.<br>A kis m\u00f3kus majd leesett,<br>De meg\u00faszva \u00fcgyeskedett.<\/p>\n\n\n\n<p class=\"wp-block-paragraph\">Az asszony ekkor megl\u00e1tta,<br>A borosty\u00e1n fogs\u00e1g\u00e1ba.<br>T\u00f6lgyfaajt\u00f3 \u00e9keskedett,<br>Bez\u00e1rva ottan elrejtve.<\/p>\n\n\n\n<p class=\"wp-block-paragraph\">T\u00fcrelmesen v\u00e1rnom kell h\u00e1t,<br>\u00dagy mondta el azt a bank\u00e1r.<br>Egy \u00e9vig j\u00e1rja az \u00f6reg,<br>\u00d6szv\u00e9r\u00e9vel a kincseket.<\/p>\n\n\n\n<p class=\"wp-block-paragraph\">Naponta h\u00e1t itt kell lennem,<br>A visszat\u00e9rt\u00e9t figyelnem.<br>Hetek teltek, t\u00e1n h\u00f3napok,<br>M\u00edg V\u00f6r\u00f6ske v\u00e1rakozott.<\/p>\n\n\n\n<p class=\"wp-block-paragraph\">Kitartott ott rem\u00e9nykedve,<br>Meg lett egyszer eredm\u00e9nye.<br>Minden reggel v\u00e1rakozott,<br>Estig onnan nem t\u00e1vozott.<\/p>\n\n\n\n<p class=\"wp-block-paragraph\">Egyik d\u00e9lben ott \u00fccs\u00f6rg\u00f6tt,<br>Mint mindig az ajt\u00f3 el\u0151tt.<br>Tal\u00e1n kiss\u00e9 elb\u00f3biskolt,<br>Mikor nyikorgott az ajt\u00f3.<\/p>\n\n\n\n<p class=\"wp-block-paragraph\">Majd el\u00e1jult \u00f6r\u00f6m\u00e9ben,<br>Sz\u00edve is vert nagy hevesen.<br>Kiny\u00edlott a t\u00f6lgyfa ajt\u00f3,<br>S megjelent az \u00f6reg ap\u00f3.<\/p>\n\n\n\n<p class=\"wp-block-paragraph\">Szak\u00e1ll\u00e1ra majd r\u00e1l\u00e9pett,<br>F\u00f6ldig \u00e9rt az, \u00e9s ott lengett.<br>V\u00f6r\u00f6sk\u00e9t ahogy megl\u00e1tta,<br>Sz\u00f3lott hozz\u00e1 mosolyogva.<\/p>\n\n\n\n<p class=\"wp-block-paragraph\">Mire v\u00e1rsz itt kisgyermekem,<br>Ebben a kietlens\u00e9gben.<br>Egy \u00e9ve m\u00e1r oda j\u00e1rok,<br>Most \u00e9rkeztem, f\u00e1radt vagyok.<\/p>\n\n\n\n<p class=\"wp-block-paragraph\">Ha \u00e9nr\u00e1m v\u00e1rsz, gyere holnap,<br>Addig kialszom magamat.<br>V\u00e1laszt sem v\u00e1rt, beballagott,<br>A kis h\u00e1zba, ahol lakott.<\/p>\n\n\n\n<p class=\"wp-block-paragraph\">R\u00f6pd\u00f6s\u00f6tt is \u00f6r\u00f6m\u00e9ben,<br>V\u00f6r\u00f6ske az esti f\u00e9nyben.<br>A haj\u00f3j\u00e1n t\u00e1ncot ropott,<br>F\u00e9ktelen\u00fcl forgol\u00f3dott.<\/p>\n\n\n\n<p class=\"wp-block-paragraph\">Reggel kor\u00e1n k\u00e9sz\u00fcl\u0151d\u00f6tt,<br>Csinosan fel\u00f6lt\u00f6zk\u00f6d\u00f6tt.<br>Oly sz\u00e9p volt t\u00e1n, mint m\u00e9g soha,<br>Indult h\u00f3d\u00edt\u00f3 \u00fatj\u00e1ra.<\/p>\n\n\n\n<p class=\"wp-block-paragraph\">Az ap\u00f3hoz meg\u00e9rkezett,<br>V\u00e1rta m\u00e1r-, betess\u00e9kelte.<br>\u00dclj le n\u00e1lam kisgyermekem,<br>Mutatkozz be itt ill\u0151en.<\/p>\n\n\n\n<p class=\"wp-block-paragraph\">Mondd el, honnan j\u00f6tt\u00e9l ide,<br>A vil\u00e1gnak legv\u00e9g\u00e9re?<br>Figyelmesen meghallgatom,<br>Majd azut\u00e1n \u00e1tgondolom.<\/p>\n\n\n\n<p class=\"wp-block-paragraph\">V\u00f6r\u00f6ske ill\u0151n elmondta,<br>Mi a neve, \u00e9s sz\u00e1nd\u00e9ka.<br>Elmes\u00e9lte utaz\u00e1s\u00e1t,<br>\u00c9s annak kalandoz\u00e1s\u00e1t.<\/p>\n\n\n\n<p class=\"wp-block-paragraph\">Hozz\u00e1f\u0171zte, nagy bajban van,<br>Kil\u00e1balni nem tud onnan.<br>Ad\u00f3ss\u00e1ga m\u00e1r tem\u00e9rdek,<br>Becs\u00fcletben \u00edgy nem \u00e9lhet.<\/p>\n\n\n\n<p class=\"wp-block-paragraph\">Seg\u00edts\u00e9get k\u00e9rni j\u00f6ttem,<br>Ez az utols\u00f3 rem\u00e9nyem.<br>Becs\u00fcletes a sz\u00e1nd\u00e9kom,<br>Ha p\u00e9nzem lesz, megv\u00e1ltozom.<\/p>\n\n\n\n<p class=\"wp-block-paragraph\">Mondta volna m\u00e9g panasz\u00e1t,<br>De az \u00f6reg le\u00e1ll\u00edt\u00e1.<br>J\u00f6jj el holnap kor\u00e1n reggel,<br>\u00c1tgondolok addig mindent.<\/p>\n\n\n\n<p class=\"wp-block-paragraph\">V\u00f6r\u00f6ske, hogy elt\u00e1vozott,<br>\u00d6sszet\u00f6rve, \u00fagy ballagott.<br>Azt hitte, hogy egyszer\u0171bb lesz,<br>Hozz\u00e1jutni a sok kincshez.<\/p>\n\n\n\n<p class=\"wp-block-paragraph\">\u00c1lmatlanul forgol\u00f3dott,<br>Eg\u00e9sz \u00e9jjel gondolkodott.<br>Mi lesz vele, ha az \u00f6reg,<br>Nem seg\u00edt, \u00e9s nem \u00e9rti meg.<\/p>\n\n\n\n<p class=\"wp-block-paragraph\">Ily gondoknak s\u00falya alatt,<br>Ment ism\u00e9t, bizakod\u00f3an.<br>Aranyap\u00f3 v\u00e1rt re\u00e1 m\u00e1r,<br>A d\u00f6nt\u00e9s\u00e9t el\u0151adv\u00e1n.<\/p>\n\n\n\n<p class=\"wp-block-paragraph\">Megk\u00e9rdezte a baj ok\u00e1t,<br>Amire nincsen megold\u00e1s.<br>V\u00f6r\u00f6ske most lemond\u00f3an,<br>Mindent elmondott nagy b\u00fasan.<\/p>\n\n\n\n<p class=\"wp-block-paragraph\">Dolgozni sosem szerettem,<br>Sok\u00e1ig k\u00f6lcs\u00f6nb\u0151l \u00e9ltem.<br>Mindig nagyobb \u00f6sszeg kellet,<br>V\u00e9g\u00fcl hitv\u00e1ny ad\u00f3s \u00fagy lett.<\/p>\n\n\n\n<p class=\"wp-block-paragraph\">Az ap\u00f3 erre \u00edgyen sz\u00f3lott,<br>\u00c9s b\u00f6lcs dolgokat \u0151 mondott.<br>Egy utols\u00f3 es\u00e9ly kij\u00e1r,<br>Hogyha igaz a megb\u00e1n\u00e1s.<\/p>\n\n\n\n<p class=\"wp-block-paragraph\">Er\u0151t \u00f6ntve V\u00f6r\u00f6sk\u00e9be,<br>\u0150szint\u00e9n szem\u00e9be n\u00e9zve.<br>Elmes\u00e9lem az \u00e9letem,<br>Ifj\u00fakori t\u00f6rt\u00e9netem.<\/p>\n\n\n\n<p class=\"wp-block-paragraph\">Van mindenre j\u00f3 megold\u00e1s,<br>Becs\u00fclet kell, \u00e9s kitart\u00e1s.<br>Saj\u00e1t \u00e9letem a p\u00e9lda,<br>Seg\u00edts\u00e9gem aj\u00e1nd\u00e9ka.<\/p>\n\n\n\n<p class=\"wp-block-paragraph\">Ezer embert seg\u00edtettem,<br>\u00c9s \u0151ket gazdagg\u00e1 tettem.<br>Megdolgoztak vagyonuk\u00e9rt,<br>Gazdags\u00e1guk, semmit sem \u00e9r.<\/p>\n\n\n\n<p class=\"wp-block-paragraph\">Boldogtalanokk\u00e1 v\u00e1ltak,<br>A sok p\u00e9nznek rabs\u00e1g\u00e1ban.<br>J\u00f3zan esz\u00fcket vesztett\u00e9k,<br>P\u00e9nz lett n\u00e1luk csak az \u00e9rt\u00e9k.<\/p>\n\n\n\n<p class=\"wp-block-paragraph\">\u00c9n is hasztalanul \u00e9ltem,<br>Csatangolta, heny\u00e9lgettem.<br>Nem t\u00f6r\u0151dtem semmivel sem,<br>Korhely, l\u00e9h\u0171t\u0151v\u00e9 lettem.<\/p>\n\n\n\n<p class=\"wp-block-paragraph\">Naphosszat horg\u00e1szgattam csak,<br>A munk\u00e1t\u00f3l t\u00e1vol \u00e1lltam.<br>Sz\u00fcleim nagy b\u00e1nat\u00e1ra,<br>Nem hallgattam j\u00f3 tan\u00e1csra.<\/p>\n\n\n\n<p class=\"wp-block-paragraph\">17-IK STR\u00d3FA<\/p>\n\n\n\n<p class=\"wp-block-paragraph\">Kifogtam egy aranyhalat,<br>Ki hozz\u00e1m sz\u00f3lt b\u00e1natosan.<br>El\u0151sz\u00f6r tr\u00e9f\u00e1nak hittem,<br>Csod\u00e1nak a nagy tengerben.<\/p>\n\n\n\n<p class=\"wp-block-paragraph\">K\u00e9rlelt engedjem \u0151t vissza,<br>H\u00e1l\u00e1b\u00f3l majd seg\u00edt rajtam.<br>Sz\u00e9jjeln\u00e9ztem, ki m\u00f3k\u00e1zik,<br>Melyik bar\u00e1t incselkedik.<\/p>\n\n\n\n<p class=\"wp-block-paragraph\">Senki sem volt a k\u00f6rny\u00e9ken,<br>Visszaengedtem h\u00e1t sz\u00e9pen.<br>Nem \u00faszott el, hanem maradt,<br>Sz\u00f3lt, hogy h\u00e1romat k\u00edv\u00e1njak.<\/p>\n\n\n\n<p class=\"wp-block-paragraph\">R\u00f6viden elgondolkoztam,<br>Els\u0151 k\u00edv\u00e1ns\u00e1gom mondtam.<br>Legyek \u00f6r\u00f6k halhatatlan,<br>Var\u00e1zsl\u00f3 a nagyvil\u00e1gban.<\/p>\n\n\n\n<p class=\"wp-block-paragraph\">M\u00e1sodj\u00e1ra azt k\u00edv\u00e1ntam,<br>Legyen eny\u00e9m minden arany.<br>Ne lehessen megsz\u00e1molni,<br>Sokas\u00e1g\u00e1t hat\u00e1rozni.<\/p>\n\n\n\n<p class=\"wp-block-paragraph\">Harmadik nagy k\u00edv\u00e1ns\u00e1gom,<br>Hasonl\u00f3 nincs a vil\u00e1gon.<br>Minden embert j\u00f3l ismerjek,<br>Feln\u0151tteket, gyerekeket.<\/p>\n\n\n\n<p class=\"wp-block-paragraph\">A hal erre azt felelte,<br>Teljes\u00fclt minden k\u00e9r\u00e9sed.<br>Hallhatatlan var\u00e1zsl\u00f3 vagy,<br>Van m\u00e1r tem\u00e9rdek aranyad.<\/p>\n\n\n\n<p class=\"wp-block-paragraph\">Ismersz most m\u00e1r minden embert,<br>Gondjukat kell, hogy viseljed.<br>K\u00edv\u00e1ns\u00e1gaidnak \u00e1ra.<br>Ezer \u00e9vnek szolg\u00e1lata.<\/p>\n\n\n\n<p class=\"wp-block-paragraph\">Elmondta a teend\u0151met,<br>\u00c9s adott egy sz\u00e9p t\u00e1vcs\u00f6vet.<br>A galaxis vizsg\u00e1lathoz,<br>Azok kapcsolataihoz.<\/p>\n\n\n\n<p class=\"wp-block-paragraph\">A vil\u00e1g embereinek,<br>Csillaga van fenn az \u00e9gen.<br>L\u00e1mp\u00e1sok vil\u00e1g\u00edtj\u00e1k meg,<br>\u00c9jszak\u00e1nk\u00e9nt azt n\u00e9zheted.<\/p>\n\n\n\n<p class=\"wp-block-paragraph\">A csillagnak szellemei,<br>A l\u00e1mp\u00e1knak kezel\u0151i.<br>Est\u00e9nk\u00e9nt l\u00e1mp\u00e1t gy\u00fajtanak,<br>Eg\u00e9sz \u00e9jjel vil\u00e1g\u00edtnak.<\/p>\n\n\n\n<p class=\"wp-block-paragraph\">Ha valaki itt lenn meghal,<br>Kialszik fenn a l\u00e1mp\u00e1ja.<br>A csillag tengerbe esik,<br>A szellem meg elk\u00f6lt\u00f6zik.<\/p>\n\n\n\n<p class=\"wp-block-paragraph\">M\u00e1s csillagon szolg\u00e1l tov\u00e1bb,<br>Ahov\u00e1 egy csecsem\u0151t v\u00e1r.<br>Eg\u00e9sz \u00e9let\u00e9t figyeli,<br>Ameddig \u00e9l, szolg\u00e1l neki.<\/p>\n\n\n\n<p class=\"wp-block-paragraph\">Akik tisztess\u00e9gben \u00e9lnek,<br>Kedvezm\u00e9nyben r\u00e9szes\u00fclnek.<br>Est\u00e9nk\u00e9nt a l\u00e1mp\u00e1jukat,<br>K\u00e9s\u0151bb gy\u00fajtja meg azokat.<\/p>\n\n\n\n<p class=\"wp-block-paragraph\">Reggel kor\u00e1bban oltja el,<br>\u00cdgy gazd\u00e1ja sok id\u0151t nyer.<br>Szellemeket seg\u00edtned kell,<br>Vel\u00fck kapcsolatban leszel.<\/p>\n\n\n\n<p class=\"wp-block-paragraph\">J\u00f3l gondold meg v\u00e1laszodat,<br>Ismerve feladatodat.<br>Ha v\u00e1llalod \u00edgy is, mondjad,<br>Teljes\u00fcl a k\u00edv\u00e1nalmad.<\/p>\n\n\n\n<p class=\"wp-block-paragraph\">Igen mondtam hamar gyorsan,<br>Mindent v\u00e1llalok, egymagam.<br>K\u00f6vetkez\u0151 pillanatban,<br>A kincseskamr\u00e1mban voltam.<\/p>\n\n\n\n<p class=\"wp-block-paragraph\">Ezer \u00e9ve itt vagyok m\u00e1r,<br>Aranyak k\u00f6zt barangolv\u00e1n.<br>Szolg\u00e1latom teljes\u00edtem,<br>Erre ment r\u00e1 az \u00e9letem.<\/p>\n\n\n\n<p class=\"wp-block-paragraph\">Mit elmondt\u00e1l, r\u00e9g ismertem,<br>Ball\u00e9p\u00e9seid k\u00f6vettem,<br>Rajtad seg\u00edteni fogok,<br>Var\u00e1zslat alatt \u00e1llsz, tudom.<\/p>\n\n\n\n<p class=\"wp-block-paragraph\">\u00c9lted, az\u00e9rt oly zaklatott,<br>A k\u00e9t \u00e9ned a te bajod.<br>Gonosz szellem hat\u00e1s\u00e1ra,<br>Jutott\u00e1l te ilyen sorsra.<\/p>\n\n\n\n<p class=\"wp-block-paragraph\">Legjobbkor \u00e9rkezt\u00e9l ide,<br>Seg\u00edts\u00e9get k\u00e9rni, v\u00e9gre.<br>Ezer \u00e9vemnek ideje.<br>Pont \u00e9jf\u00e9lkor j\u00e1r az ma le.<\/p>\n\n\n\n<p class=\"wp-block-paragraph\">Akkor a hegy \u00f6sszeomlik,<br>Tem\u00e9rdek arany elt\u0171nik.<br>A p\u00e9nzekb\u0151l r\u00f6g\u00f6k lesznek,<br>B\u00e1ny\u00e1kba mind eltemetve.<\/p>\n\n\n\n<p class=\"wp-block-paragraph\">Az eg\u00e9sz vil\u00e1gon teh\u00e1t,<br>B\u00e1ny\u00e1szhatj\u00e1k (a) f\u00f6ld arany\u00e1t.<br>Kib\u00e1ny\u00e1szott aranyak\u00e9rt,<br>Harcot v\u00edvnak mind azok\u00e9rt.<\/p>\n\n\n\n<p class=\"wp-block-paragraph\">Kinek sok lesz, gazdagodik,<br>A szeg\u00e9ny meg csak dolgozik.<br>Nagyon neh\u00e9z becs\u00fcletben,<br>\u00c9lni mindig tisztess\u00e9gben.<\/p>\n\n\n\n<p class=\"wp-block-paragraph\">J\u00f3l jegyezd meg, amit mondtam,<br>\u00c9lj ezut\u00e1n j\u00f3s\u00e1gosan.<br>A szellem nekem azt monda,<br>Riv\u00e1lisodnak az \u00e1tka.<\/p>\n\n\n\n<p class=\"wp-block-paragraph\">Az, aminek hat\u00e1s\u00e1ra,<br>Lett\u00e9l gonosz te is n\u00e9ha.<br>Gy\u00f6ny\u00f6r\u0171 asszony k\u00e9p\u00e9ben,<br>\u00c9lt var\u00e1zsl\u00f3d k\u00f6zeledben.<\/p>\n\n\n\n<p class=\"wp-block-paragraph\">Amikor feln\u0151tt\u00e9 v\u00e1lt\u00e1l,<br>A var\u00e1zsl\u00f3, irigy lett r\u00e1d.<br>Szebb lett\u00e9l, mint a var\u00e1zsl\u00f3,<br>Az\u00e9rt t\u00e9ged, elvar\u00e1zsolt.<\/p>\n\n\n\n<p class=\"wp-block-paragraph\">Ez\u00e9rt lett hitv\u00e1ny az \u00e9lted,<br>Szerezt\u00e9l sok ellens\u00e9get.<br>Sokan j\u00f6ttek ide hozz\u00e1m,<br>Hozz\u00e1d hasonl\u00f3k, mind tal\u00e1n.<\/p>\n\n\n\n<p class=\"wp-block-paragraph\">Nem akartak megv\u00e1ltozni,<br>Az\u00e9rt j\u00f6ttek ide lopni.<br>Ha valaki egy aranyat,<br>Ellopott \u00e9s menni akart.<\/p>\n\n\n\n<p class=\"wp-block-paragraph\">Kinn a barlangnak parkj\u00e1ban,<br>K\u0151v\u00e9 v\u00e1ltak azon nyomban.<br>Ott hevernek sz\u00e9tsz\u00f3r\u00f3dva.<br>Megb\u00fcntetve, el\u00e1tkozva.<\/p>\n\n\n\n<p class=\"wp-block-paragraph\">Velem becs\u00fcletes volt\u00e1l,<br>Megseg\u00edtlek, figyelj most h\u00e1t.<br>Adok egy ersz\u00e9nyt most neked,<br>T\u00edz aranyduk\u00e1t lesz benne.<\/p>\n\n\n\n<p class=\"wp-block-paragraph\">Ha kiveszel abb\u00f3l egyet,<br>Akkor is t\u00edz marad benne.<br>K\u00eds\u00e9rt\u00e9snek ellen\u00e1llj\u00e1l,<br>Aranyadb\u00f3l ne pr\u00e9d\u00e1lj\u00e1l.<\/p>\n\n\n\n<p class=\"wp-block-paragraph\">18-IK STR\u00d3FA<\/p>\n\n\n\n<p class=\"wp-block-paragraph\">Bementek h\u00e1t a barlangba,<br>A hatalmas kincses v\u00e1rba.<br>Arany-aranyon magasan,<br>\u00d3ri\u00e1si nagy halomban.<\/p>\n\n\n\n<p class=\"wp-block-paragraph\">F\u00e9nylettek, mint a csillagok,<br>F\u00e9lhom\u00e1lyban ragyogtak ott.<br>Az ap\u00f3 fogta az ersz\u00e9nyt,<br>Kinyitotta, mint egy ed\u00e9nyt.<\/p>\n\n\n\n<p class=\"wp-block-paragraph\">T\u00edzet k\u00e9rek ide bele,<br>De ann\u00e1l t\u00f6bb nehogy legyen.<br>A halomb\u00f3l kirep\u00fcltek,<br>Csilingelve beleestek.<\/p>\n\n\n\n<p class=\"wp-block-paragraph\">\u00d6sszecsukta annak sz\u00e1j\u00e1t,<br>Bez\u00e1rva a t\u00edz duk\u00e1tj\u00e1t.<br>\u00c1tadta azt V\u00f6r\u00f6sk\u00e9nek,<br>\u0150rizd, nehogy elvesszenek.<\/p>\n\n\n\n<p class=\"wp-block-paragraph\">Elmondom a teend\u0151det,<br>M\u00e9g egyszer azt, figyeld j\u00f3l meg.<br>Ad\u00f3ss\u00e1godat t\u00f6rlesszed,<br>Mindenkinek dupl\u00e1n add meg.<\/p>\n\n\n\n<p class=\"wp-block-paragraph\">V\u00e9gy egy h\u00e1zat, rendezd is be,<br>Csal\u00e1dod elf\u00e9rjen benne.<br>Unok\u00e1k, \u00e9s d\u00e9dunok\u00e1k,<br>\u00d6r\u00f6m\u00fcket ott tal\u00e1lj\u00e1k.<\/p>\n\n\n\n<p class=\"wp-block-paragraph\">Figyelj ide, figyelj nagyon,<br>Ez az utols\u00f3 alkalom.<br>Ha m\u00e1sra k\u00f6lteni akarsz,<br>Elvesz minden, s koldus maradsz.<\/p>\n\n\n\n<p class=\"wp-block-paragraph\">Mikor mindent elrendezt\u00e9l,<br>Egy duk\u00e1tod marad ott m\u00e9g.<br>Azt te j\u00f3t\u00e9konys\u00e1gra tartsd,<br>S elsz\u00e1ll r\u00f3lad a var\u00e1zslat.<\/p>\n\n\n\n<p class=\"wp-block-paragraph\">M\u00e9lt\u00f3 leszel \u00f6nmagadhoz,<br>Mindenki majd szeretni fog.<br>K\u00edv\u00e1nok hozz\u00e1 szerencs\u00e9t,<br>A lelkednek \u00f6r\u00f6k b\u00e9k\u00e9t.<\/p>\n\n\n\n<p class=\"wp-block-paragraph\">Aranyap\u00f3 feln\u00e9zett most,<br>Ragyogtak m\u00e1r a csillagok.<br>Tisztem lej\u00e1r nemsok\u00e1ra,<br>Ezer \u00e9v eltelt pont m\u00e1ra.<\/p>\n\n\n\n<p class=\"wp-block-paragraph\">Gyere, falatozzunk egyet,<br>S ujj\u00e1val nagyot csettintett.<br>Ter\u00fclj, ter\u00fclj kis asztalk\u00e1m,<br>Adta ki ott a parancs\u00e1t.<\/p>\n\n\n\n<p class=\"wp-block-paragraph\">Finom \u00e9tkek, \u00e9s italok,<br>Megter\u00edtve v\u00e1rtak azok.<br>Hozz\u00e1fogtak, falatoztak,<br>B\u0151s\u00e9gesen j\u00f3l is laktak.<\/p>\n\n\n\n<p class=\"wp-block-paragraph\">Gyere, menj\u00fcnk, \u00e1lljunk od\u00e1bb,<br>Egy perc van, \u00e9s nincsen tov\u00e1bb.<br>V\u00e9gre elt\u0171nik az arany,<br>Sosem voltam boldog azzal.<\/p>\n\n\n\n<p class=\"wp-block-paragraph\">Elk\u00f6sz\u00f6ntek, kezet r\u00e1ztak,<br>V\u00f6r\u00f6ske meg is puszilta.<br>Akkor mintha var\u00e1zssz\u00f3ra,<br>A hegy mag\u00e1t j\u00f3l megr\u00e1zta.<\/p>\n\n\n\n<p class=\"wp-block-paragraph\">Hihetetlen nagy robajjal,<br>\u00d6sszeomlott, megr\u00e1zk\u00f3dva.<br>Egetver\u0151 durran\u00e1ssal,<br>Porr\u00e1v\u00e1lt, hatalmas porral.<\/p>\n\n\n\n<p class=\"wp-block-paragraph\">A por elsz\u00e1llt minden fele,<br>\u00c9s s\u00edks\u00e1g lett a hegy helye.<br>Ott \u00e1llt mag\u00e1ban V\u00f6r\u00f6ske,<br>Az ap\u00f3 elt\u0171nt \u00f6r\u00f6kre.<\/p>\n\n\n\n<p class=\"wp-block-paragraph\">V\u00f6r\u00f6ske m\u00e1snap \u00e9bredt fel,<br>Az \u00e1gy\u00e1ban, \u00e9bredezett.<br>\u00dagy ruh\u00e1st\u00f3l, eleg\u00e1nsan,<br>Ahogy ott volt az ap\u00f3val.<\/p>\n\n\n\n<p class=\"wp-block-paragraph\">Felkelt \u00e9s ott sz\u00e9jjeln\u00e9zett,<br>De \u00e1mulva meg is ijedt.<br>A h\u00e1z \u00fcresen \u00e1llt sok\u00e1,<br>Senki azt nem is gondoz\u00e1.<\/p>\n\n\n\n<p class=\"wp-block-paragraph\">Takar\u00edtni kezdett gyorsan,<br>Prec\u00edzen, apr\u00f3l\u00e9kosan.<br>K\u00e9t napig \u0151 m\u00e1st sem csin\u00e1lt,<br>Tiszt\u00edtotta a lak\u00e1s\u00e1t.<\/p>\n\n\n\n<p class=\"wp-block-paragraph\">Amint k\u00e9sz volt fell\u00e9legzett,<br>Ijedten a kertbe kiment,<br>Onnan semerre sem l\u00e1tott,<br>Mindent a nagy gaz bor\u00edtott.<\/p>\n\n\n\n<p class=\"wp-block-paragraph\">H\u00e1rom napig hadakozott,<br>A nagy gazzal, viaskodott.<br>Belef\u00e1radt a nagy harcba,<br>V\u00e9gre tiszta lett udvara.<\/p>\n\n\n\n<p class=\"wp-block-paragraph\">Fel\u00e1sta, majd gerebly\u00e9zte,<br>Vir\u00e1got \u00fcltetett bele.<br>Mikor k\u00e9sz lett megcsod\u00e1lta,<br>Ki arra j\u00e1rt, megb\u00e1multa.<\/p>\n\n\n\n<p class=\"wp-block-paragraph\">Ekkor homlok\u00e1hoz kapott,<br>Aranya ut\u00e1n kutatott.<br>A duk\u00e1tok ott lapultak,<br>Az ersz\u00e9nyben mind ott voltak.<\/p>\n\n\n\n<p class=\"wp-block-paragraph\">Kivett egyet most bel\u0151le,<br>N\u00e9zegette, f\u00e9nyes\u00edtve.<br>Az ersz\u00e9nybe visszatette,<br>\u00c9s azt mag\u00e1hoz \u00f6lelte.<\/p>\n\n\n\n<p class=\"wp-block-paragraph\">Bugyell\u00e1ris\u00e1t megr\u00e1zta,<br>Cseng\u0151 hangj\u00e1t meghallgatta.<br>Ez volt neki boldogs\u00e1ga,<br>Arany\u00e1nak muzsik\u00e1ja.<\/p>\n\n\n\n<p class=\"wp-block-paragraph\">Szob\u00e1j\u00e1ban fesz\u00fclet volt,<br>R\u00e1n\u00e9zett \u00e9s t\u00e9rdet hajtott.<br>Majd let\u00e9rdepelt el\u0151tte,<br>Az im\u00e1j\u00e1t messze k\u00fcldte.<\/p>\n\n\n\n<p class=\"wp-block-paragraph\">Aranyap\u00f3t ki nem hagyta,<br>Im\u00e1j\u00e1ba befoglalta.<br>Am\u00edg \u00e9lt mindig azt tette,<br>Im\u00e1t mondott gyakran \u00e9rte.<\/p>\n\n\n\n<p class=\"wp-block-paragraph\">Lelk\u00e9ben, hogy megnyugodott,<br>Le\u00fclt, s hosszan gondolkodott.<br>Hitelez\u0151it id\u00e9zte,<br>Nev\u00fcket, azt nem feledte.<\/p>\n\n\n\n<p class=\"wp-block-paragraph\">Az lesz els\u0151 feladatom,<br>Ad\u00f3ss\u00e1gom, mind megadom,<br>Dupl\u00e1n, hogy legyen kamatja.<br>Ahogy azt az ap\u00f3 mondta.<\/p>\n\n\n\n<p class=\"wp-block-paragraph\">S azon kezdte t\u00f6rni fej\u00e9t,<br>Gy\u0171l\u00f6lik, vagy szeretik m\u00e9g.<br>Nem tal\u00e1lt erre megold\u00e1st,<br>Sok borsot t\u00f6rt orruk al\u00e1.<\/p>\n\n\n\n<p class=\"wp-block-paragraph\">T\u00e1n a p\u00e9nzt\u0151l megl\u00e1gyulnak,<br>Vagy bocs\u00e1natot is adnak.<br>Engesztel\u00e9st, hogyan k\u00e9rjen,<br>Nem is tudta, mit is tegyen.<\/p>\n\n\n\n<p class=\"wp-block-paragraph\">Lesz, ahogy lesz, most mindegy m\u00e1r,<br>Ellens\u00e9g nem lesz a bar\u00e1t,<br>Ha tartoz\u00e1s\u00e1t megadja,<br>A lelk\u00e9t tiszt\u00e1ra mossa.<\/p>\n\n\n\n<p class=\"wp-block-paragraph\">19-IK STR\u00d3FA<\/p>\n\n\n\n<p class=\"wp-block-paragraph\">V\u00f6r\u00f6ske \u00edgy gondolkozott,<br>Lelke kiss\u00e9 megnyugodott.<br>Felvette legszebb ruh\u00e1j\u00e1t,<br>Felkereste a bank\u00e1rj\u00e1t.<\/p>\n\n\n\n<p class=\"wp-block-paragraph\">Nem akart hinni szem\u00e9nek,<br>Sz\u00e9passzonyra, ahogy n\u00e9zett.<br>A p\u00e9nz\u00e9r\u0151l r\u00e9g lemondott,<br>Az\u00e9rt most elcsod\u00e1lkozott.<\/p>\n\n\n\n<p class=\"wp-block-paragraph\">Mosolygott ott most V\u00f6r\u00f6ske,<br>H\u00f3d\u00edt\u00f3 volt jelenl\u00e9te.<br>Lesz\u00e1molta tartoz\u00e1s\u00e1t,<br>Dupl\u00e1n, ahogyan az, duk\u00e1lt.<\/p>\n\n\n\n<p class=\"wp-block-paragraph\">H\u00edre elsz\u00e1llt gyorsan ennek,<br>El\u00e1multak az emberek.<br>Haragjuk is megenyh\u00fclt m\u00e1r,<br>\u00c9s nagy szeretettel v\u00e1rt\u00e1k.<\/p>\n\n\n\n<p class=\"wp-block-paragraph\">Sorra j\u00e1rta k\u00f6lcs\u00f6nz\u0151it,<br>Senkit se nem felejtett ki.<br>Mikor v\u00e9gzett, \u00f6r\u00f6m \u00e9rte,<br>Nem h\u00e1borgott tov\u00e1bb lelke.<\/p>\n\n\n\n<p class=\"wp-block-paragraph\">A k\u00f6lcs\u00f6nz\u0151k elmes\u00e9lt\u00e9k,<br>Ahol j\u00e1rtak h\u00edresztelt\u00e9k.<br>Dupl\u00e1n fizetett az asszony,<br>Kamatk\u00e9nt \u0151 annyit adott.<\/p>\n\n\n\n<p class=\"wp-block-paragraph\">Utols\u00f3 egy rokona volt,<br>Kinek sok p\u00e9nzzel tartozott.<br>Tisztelettel k\u00f6sz\u00f6nt\u00f6tte,<br>Tartoz\u00e1s\u00e1t lerendezte.<\/p>\n\n\n\n<p class=\"wp-block-paragraph\">A duplap\u00e9nzt nem akarta,<br>De v\u00e9g\u00fcl is elfogadta.<br>Ki is b\u00e9k\u00fcltek \u00f6r\u00f6kre,<br>\u00c1ldom\u00e1st ittak a p\u00e9nzre.<\/p>\n\n\n\n<p class=\"wp-block-paragraph\">Margitka volt az \u0151 neve,<br>Fiatal volt nagyon \u00fcde,<br>Huszon\u00f6t \u00e9v volt k\u00f6z\u00f6tt\u00fck,<br>Helyre j\u00f6tt a viszony k\u00f6zt\u00fck.<\/p>\n\n\n\n<p class=\"wp-block-paragraph\">V\u00f6r\u00f6ske is megv\u00e1ltozott,<br>Mindenkihez sz\u00e9pen sz\u00f3lott.<br>Templomba ment im\u00e1dkozott,<br>Az ap\u00f3nak h\u00e1l\u00e1t mondott.<\/p>\n\n\n\n<p class=\"wp-block-paragraph\">Im\u00e1j\u00e1ba befoglalta,<br>Minden este azt elmondta.<br>Tov\u00e1bb l\u00e9pett, s terv\u00e9t sz\u0151tte,<br>A hegyn\u00e9l, hogy meg\u00edg\u00e9rte.<\/p>\n\n\n\n<p class=\"wp-block-paragraph\">Betartotta adott szav\u00e1t,<br>Az ap\u00f3nak javaslat\u00e1t.<br>\u00d6sszepakolt mindent otthon,<br>H\u00e1zat, kertet el is adott.<\/p>\n\n\n\n<p class=\"wp-block-paragraph\">\u00dajj\u00e1sz\u00fcletett ott akkor,<br>Tiszta lappal indulhatott.<br>Ism\u00e9t szerette mindenki,<br>Nem akart\u00e1k elengedni.<\/p>\n\n\n\n<p class=\"wp-block-paragraph\">\u00d6sszeh\u00edvta mindazokat,<br>Akik neki k\u00f6lcs\u00f6nt adtak.<br>Elmes\u00e9lte mindenkinek,<br>Mihez k\u00f6ti \u00edg\u00e9rete.<\/p>\n\n\n\n<p class=\"wp-block-paragraph\">Sajn\u00e1lkozva elfogadt\u00e1k,<br>Elfeledt\u00e9k rossz oldal\u00e1t.<br>Nagy lakom\u00e1val b\u00facs\u00faztak,<br>Sok j\u00f3 k\u00edv\u00e1ns\u00e1got mondtak.<\/p>\n\n\n\n<p class=\"wp-block-paragraph\">Mikor elment m\u00e1r mindenki,<br>Kezdett tov\u00e1bb csomagolni.<br>B\u0151r\u00f6ndjeit telirakta,<br>Majd j\u00f6v\u0151j\u00e9t fontolgatta.<\/p>\n\n\n\n<p class=\"wp-block-paragraph\">M\u00e1snap reggel kor\u00e1n \u00e9bredt,<br>Hozz\u00e1l\u00e1tott nagy terv\u00e9hez.<br>V\u00f6r\u00f6s haj\u00e1t \u00e1tfestette,<br>F\u00e9nyl\u0151 bog\u00e1r feket\u00e9re.<\/p>\n\n\n\n<p class=\"wp-block-paragraph\">A nev\u00e9t megv\u00e1ltoztatta,<br>A V\u00f6r\u00f6sk\u00e9t, Bog\u00e1rk\u00e1ra.<br>Elhagyta a v\u00e1rosk\u00e1j\u00e1t,<br>Benne ott a r\u00e9gi m\u00faltj\u00e1t.<\/p>\n\n\n\n<p class=\"wp-block-paragraph\">Elutazott nagyon messze,<br>El az orsz\u00e1g m\u00e1s v\u00e9g\u00e9be.<br>Ott senki se nem ismerte,<br>Elkezd\u0151d\u00f6tt \u00faj \u00e9lete.<\/p>\n\n\n\n<p class=\"wp-block-paragraph\">Nagy h\u00e1zat vett, sok szob\u00e1val,<br>Nagy kerttel, \u00e9s egy sz\u00e9p parkkal.<br>F\u00e9ny\u0171z\u0151en berendezte,<br>Ig\u00e9ny\u00e9t kiel\u00e9g\u00edtve.<\/p>\n\n\n\n<p class=\"wp-block-paragraph\">Gyermekei, unok\u00e1i,<br>\u00c9s azoknak gyermekei,<br>N\u00e9ha napj\u00e1n j\u00f6ttek hozz\u00e1,<br>Margitk\u00e1t magukkal hozv\u00e1n.<\/p>\n\n\n\n<p class=\"wp-block-paragraph\">Ersz\u00e9nye ki\u00fcr\u00fclt ekkor,<br>Egy duk\u00e1t volt t\u00edz aranyb\u00f3l.<br>J\u00f3t\u00e9konys\u00e1gra kell, k\u00f6ltse,<br>Hogy rossz \u00e9nj\u00e9t elveszejtse.<\/p>\n\n\n\n<p class=\"wp-block-paragraph\">Sokat gondolkozott azon,<br>Hogy att\u00f3l megszabaduljon.<br>B\u00e1rmerre j\u00e1rt mindig vitte,<br>V\u00e1rta lesz-e szerencs\u00e9je.<\/p>\n\n\n\n<p class=\"wp-block-paragraph\">Egyszer c\u00e9ltalanul s\u00e9t\u00e1lt,<br>Mikor egy koldus el\u00e9 \u00e1llt,<br>Alamizsn\u00e1t k\u00e9regetett,<br>Bog\u00e1rk\u00e1ra n\u00e9zegetett.<\/p>\n\n\n\n<p class=\"wp-block-paragraph\">Bog\u00e1rka is \u0151t figyelte,<br>Meg is esett rajta sz\u00edve.<br>Mank\u00f3j\u00e1ra t\u00e1maszkodott,<br>K\u00f6ny\u00f6r\u00f6gve \u00fagy hajlongott.<\/p>\n\n\n\n<p class=\"wp-block-paragraph\">Bog\u00e1rka h\u00e1t p\u00e9nzt vett el\u0151,<br>Nekiadta, s tov\u00e1bb ment \u0151.<br>Visszaj\u00f6vet ott tal\u00e1lta,<br>Nem ment el m\u00e9g a koldusa.<\/p>\n\n\n\n<p class=\"wp-block-paragraph\">M\u00e1r elhagyta, tov\u00e1bb menve,<br>Majd visszat\u00e9rt, k\u00e9nyszeredve.<br>Lehet, hogy itt az alkalom,<br>Ez az ember k\u00e9sz sz\u00e1nalom.<\/p>\n\n\n\n<p class=\"wp-block-paragraph\">Ersz\u00e9ny\u00e9t vette h\u00e1t el\u0151,<br>A duk\u00e1tj\u00e1t, kincset, rejt\u0151t.<br>Megcsillant a napf\u00e9ny\u00e9ben,<br>Annak \u00e1tad\u00e1sa k\u00f6zben.<\/p>\n\n\n\n<p class=\"wp-block-paragraph\">Meg is r\u00e9m\u00fclt, ijedt\u00e9ben,<br>Abban a nagy f\u00e9nyess\u00e9gben.<br>A koldus most \u00e1tv\u00e1ltozott,<br>Gy\u00f6ny\u00f6r\u0171 asszonny\u00e1 legott.<\/p>\n\n\n\n<p class=\"wp-block-paragraph\">Hahaha-haha nevetett,<br>\u00c9n vagyok most m\u00e1r a legszebb.<br>Mind\u00f6r\u00f6kk\u00e9 \u00fagy \u00e9lhetek,<br>Soha se, meg nem \u00f6regszek.<\/p>\n\n\n\n<p class=\"wp-block-paragraph\">K\u00f6sz\u00f6n\u00f6m, hogy seg\u00edtett\u00e9l,<br>Az \u00e1tkomt\u00f3l megmentett\u00e9l.<br>Gonosz lelked visszaveszem,<br>Nem vagy most m\u00e1r ellenfelem.<\/p>\n\n\n\n<p class=\"wp-block-paragraph\">Bog\u00e1rka, hogy megr\u00e1zk\u00f3dott,<br>Gonosz \u00e9nje is elsz\u00e1llott.<br>Amire \u0151 felocs\u00fadott,<br>A var\u00e1zsl\u00f3 m\u00e1r nem volt ott.<\/p>\n\n\n\n<p class=\"wp-block-paragraph\">20-IK STR\u00d3FA<\/p>\n\n\n\n<p class=\"wp-block-paragraph\">Hogy a p\u00e9nz\u00e9t szapor\u00edtsa,<br>Dolgozni kezdett Bog\u00e1rka.<br>Varr\u00f3n\u0151 lett, egy kis gy\u00e1rba\u2019,<br>K\u00e9s\u0151bb szab\u00e1sz, volt munk\u00e1ja.<\/p>\n\n\n\n<p class=\"wp-block-paragraph\">A munk\u00e1j\u00e1t j\u00f3l v\u00e9gezte,<br>Ez\u00e9rt ki is lett nevezve.<br>El\u0151l\u00e9pett hamarosan.<br>Fel\u00fcgyel\u0151nek a gy\u00e1rban.<\/p>\n\n\n\n<p class=\"wp-block-paragraph\">Ott is maradt nyugd\u00edj\u00e1ig,<br>Ir\u00e1ny\u00edtott, tan\u00edtott is.<br>Lett is neki tekint\u00e9lye,<br>Munk\u00e1sok k\u00f6zt becs\u00fclete.<\/p>\n\n\n\n<p class=\"wp-block-paragraph\">Fizet\u00e9skor, sz\u00e1molgatott,<br>Szorgalmasan sp\u00f3rolgatott.<br>P\u00e9nz\u00e9b\u0151l, mit f\u00e9lre rakott,<br>Minden \u00e9vben utazgatott.<\/p>\n\n\n\n<p class=\"wp-block-paragraph\">Mindig el\u0151tte lebegtek,<br>Eszkim\u00f3k \u00e9s vademberek.<br>Titkon h\u00e1l\u00e1s volt \u0151, nekik,<br>Megtan\u00edtott\u00e1k dolgozni.<\/p>\n\n\n\n<p class=\"wp-block-paragraph\">Boldogs\u00e1got, szeretetet,<br>T\u0151l\u00fck kapott rengeteget.<br>V\u00e1gyott hozz\u00e1juk h\u00e1t vissza,<br>Gr\u00f6nlandba, \u00e9s Afrik\u00e1ba.<\/p>\n\n\n\n<p class=\"wp-block-paragraph\">K\u00f6zben huszon\u00f6t \u00e9v telt el,<br>Bog\u00e1rka meg\u00f6regedett.<br>Nyughatatlan term\u00e9szete,<br>Bar\u00e1taihoz el\u0171zte.<\/p>\n\n\n\n<p class=\"wp-block-paragraph\">El\u0151sz\u00f6r elment Gr\u00f6nlandba,<br>Eszkim\u00f3knak otthon\u00e1ba.<br>Azok ott nem ismert\u00e9k meg,<br>Szem\u00e9ly\u00e9ben k\u00e9telkedtek.<\/p>\n\n\n\n<p class=\"wp-block-paragraph\">R\u00e9gi f\u00e9nyk\u00e9pet vett el\u0151,<br>Amelyen m\u00e9g v\u00f6r\u00f6s volt \u0151.<br>Az eszkim\u00f3k n\u00e9zegett\u00e9k,<br>Az \u00f6regek megismert\u00e9k.<\/p>\n\n\n\n<p class=\"wp-block-paragraph\">Lett nagy \u00f6r\u00f6m vigadalom,<br>Boldogok voltak \u0151k nagyon.<br>Gondolni sem mert\u00e9k soha,<br>Hogy m\u00e9g egyszer lesz tal\u00e1lka.<\/p>\n\n\n\n<p class=\"wp-block-paragraph\">Az igluba bevezett\u00e9k,<br>R\u00e9gi \u00e1gy\u00e1t megvetett\u00e9k.<br>F\u00e9l \u00e9jszak\u00e1t nem aludtak,<br>Besz\u00e9lgettek, s\u00fagdal\u00f3ztak.<\/p>\n\n\n\n<p class=\"wp-block-paragraph\">M\u00e1snap kutyasz\u00e1non mentek,<br>Bej\u00e1rtak nagy ter\u00fcletet.<br>Jegesmedv\u00e9ket is l\u00e1ttak,<br>F\u00f3k\u00e1k ut\u00e1n kutatgattak.<\/p>\n\n\n\n<p class=\"wp-block-paragraph\">Pingvineket megcsod\u00e1lt\u00e1k,<br>\u00c9s a sunyi sarki r\u00f3k\u00e1t.<br>Este-, mint r\u00e9g, lakoma volt.<br>F\u00f3kah\u00fas s\u00fclt kinn a ny\u00e1rson.<\/p>\n\n\n\n<p class=\"wp-block-paragraph\">T\u00e1volban a behem\u00f3tok,<br>A nagyagyar\u00fa rozm\u00e1rok.<br>Ott voltak a r\u00e9gi helyen,<br>Napozgattak, pihengettek.<\/p>\n\n\n\n<p class=\"wp-block-paragraph\">N\u00e9ha egym\u00e1snak ugrottak,<br>\u00dagy m\u00falatt\u00e1k a napjukat.<br>P\u00e1rz\u00e1skor mindig \u00edgy szokt\u00e1k,<br>A hatalmas rozm\u00e1r bik\u00e1k.<\/p>\n\n\n\n<p class=\"wp-block-paragraph\">Bog\u00e1rka \u00e1mulva l\u00e1tta,<br>Minden \u00fagy van, mint volt vala.<br>M\u00e9g egy est\u00e9n mulatoztak,<br>Nagy \u00f6r\u00f6m\u00fcnnepet csaptak.<\/p>\n\n\n\n<p class=\"wp-block-paragraph\">Reggel j\u00f6tt a b\u00facs\u00fazkod\u00e1s,<br>Majd a hossz\u00fa nagy utaz\u00e1s.<br>El\u0151tte egym\u00e1st \u00f6lelt\u00e9k,<br>Tudt\u00e1k, vagy t\u00e1n meg\u00e9rezt\u00e9k.<\/p>\n\n\n\n<p class=\"wp-block-paragraph\">Nem l\u00e1tj\u00e1k m\u00e9g egyszer egym\u00e1st,<br>Emlegett\u00e9k, sokszor mondt\u00e1k.<br>J\u00f3 bar\u00e1tk\u00e9nt v\u00e1ltak \u0151k el,<br>Kedvess\u00e9ggel, szeretetben.<\/p>\n\n\n\n<p class=\"wp-block-paragraph\">P\u00e1r \u00e9v m\u00falva Afrik\u00e1ba,<br>V\u00e1ndorolt el, egy csoporttal.<br>Haj\u00f3jukr\u00f3l, mint lesz\u00e1lltak,<br>K\u00e9t busszal tov\u00e1bb utaztak.<\/p>\n\n\n\n<p class=\"wp-block-paragraph\">\u0150serdei \u00fatvonalon,<br>Rikoltozott a sok majom.<br>\u00dagyan \u00fagy, mint r\u00e9g egykoron,<br>Sz\u00f3rakoztak fenn a f\u00e1kon.<\/p>\n\n\n\n<p class=\"wp-block-paragraph\">Le\u00e9rtek a foly\u00f3-partra,<br>Krokodilok t\u00e1bor\u00e1ba.<br>K\u00e9s\u0151bb v\u00edzilovat l\u00e1ttak,<br>Legelgettek, falatoztak.<\/p>\n\n\n\n<p class=\"wp-block-paragraph\">K\u00edgy\u00f3 sziszegett fent egy f\u00e1n,<br>Kiss\u00e9 arr\u00e1bb k\u00e9t zsir\u00e1f \u00e1llt.<br>Lombkoron\u00e1t legelgett\u00e9k,<br>\u00dagy, ahogyan r\u00e9gen tett\u00e9k.<\/p>\n\n\n\n<p class=\"wp-block-paragraph\">Ki\u00e9rtek \u0151k egy tiszt\u00e1sra,<br>Hatalmas nagy, pusztas\u00e1gra.<br>Bog\u00e1rka a t\u00e1vcs\u00f6v\u00e9vel,<br>Tekintgetett, szerte-sz\u00e9jjel.<\/p>\n\n\n\n<p class=\"wp-block-paragraph\">T\u00e1volban az oroszl\u00e1nok,<br>Sokan voltak, pihentek ott.<br>Majd hirtelen sz\u00e9toszlottak,<br>Bivalyokra vad\u00e1szgattak.<\/p>\n\n\n\n<p class=\"wp-block-paragraph\">Min\u00e9l beljebb utazgattak,<br>Csod\u00e1lattal b\u00e1mulgattak.<br>Hemzsegett a sok vad\u00e1llat,<br>J\u00f3llaktak, vagy pr\u00e9d\u00e1t v\u00e1rtak.<\/p>\n\n\n\n<p class=\"wp-block-paragraph\">Bog\u00e1rka sz\u00edve dobogott,<br>Szeme f\u00e9nyl\u0151n \u00fagy ragyogott.<br>R\u00e1ismert a r\u00e9gi t\u00e1jra,<br>Ahol j\u00e1rt, egykor, valaha.<\/p>\n\n\n\n<p class=\"wp-block-paragraph\">A szavann\u00e1t, hogy elhagyt\u00e1k,<br>Voltak ott hatalmas nagy f\u00e1k.<br>Titkon kezdte m\u00e1r rem\u00e9lni,<br>Eml\u00e9kezet\u00e9t id\u00e9zni.<\/p>\n\n\n\n<p class=\"wp-block-paragraph\">Beteljes\u00fclt r\u00e9gi v\u00e1gya,<br>Felt\u0171nt a t\u00f6rzsnek t\u00e1bora.<br>Ugyan az, ahol \u0151 lakott,<br>Melyr\u0151l mindig \u00e1lmodozott.<\/p>\n\n\n\n<p class=\"wp-block-paragraph\">Ott van fekete testv\u00e9re,<br>\u00c9s neki t\u00f6rzsf\u0151n\u00f6k f\u00e9rje.<br>\u00c1lltak egy\u00fctt s\u00e1truk el\u0151tt,<br>V\u00e1rt\u00e1k a buszt, k\u00f6zeled\u0151t.<\/p>\n\n\n\n<p class=\"wp-block-paragraph\">Bej\u00e1rt\u00e1k a f\u00e9l Afrik\u00e1t,<br>Piramisoknak v\u00e1ros\u00e1t.<br>L\u00e1tt\u00e1k a N\u00edlusnak viz\u00e9t,<br>\u0150serd\u0151knek a r\u00e9ms\u00e9g\u00e9t.<\/p>\n\n\n\n<p class=\"wp-block-paragraph\">M\u00e9gis erre v\u00e1rt Bogl\u00e1rka,<br>Az utols\u00f3 tal\u00e1lk\u00e1ra.<br>Ahol emberev\u0151k \u00e9ltek,<br>Kannib\u00e1lok, vademberek.<\/p>\n\n\n\n<p class=\"wp-block-paragraph\">\u0150ket megszel\u00edd\u00edtette,<br>\u00c9s j\u00f3 \u00fatra t\u00e9r\u00edtette.<br>Kisfi\u00fanak megment\u00e9se,<br>Volt ennek az eredm\u00e9nye.<\/p>\n\n\n\n<p class=\"wp-block-paragraph\">21-IK STR\u00d3FA<\/p>\n\n\n\n<p class=\"wp-block-paragraph\">Megtett\u00e9k a dzsungelj\u00e1r\u00e1st,<br>Elef\u00e1nth\u00e1ton utaz\u00e1st.<br>\u00c9lm\u00e9nyekkel tel\u00edt\u0151dve,<br>Sz\u00f3rakozva, nevetg\u00e9lve.<\/p>\n\n\n\n<p class=\"wp-block-paragraph\">M\u00e9gis csak a t\u00f6rzsh\u00f6z v\u00e1gyott,<br>De mag\u00e1t nem fedte fel ott.<br>Mint a t\u00f6bbi utast\u00e1rsa,<br>Elvegy\u00fclt a t\u00e1rsas\u00e1gba.<\/p>\n\n\n\n<p class=\"wp-block-paragraph\">A t\u00f6rzsf\u0151n\u00f6k feles\u00e9ge,<br>Egyre n\u00e9zte, figyelgette.<br>\u00c1m, elbizonytalanodott,<br>M\u00e9gis egyre kutatgatott.<\/p>\n\n\n\n<p class=\"wp-block-paragraph\">Bog\u00e1rka fekete haja,<br>Volt a bizonytalans\u00e1ga.<br>Szemeibe m\u00e9lyen n\u00e9zett,<br>Hangj\u00e1ra m\u00e9g eml\u00e9kezett.<\/p>\n\n\n\n<p class=\"wp-block-paragraph\">Feladta a k\u00e9tes rem\u00e9nyt,<br>R\u00e1j\u00f6tt nem ismerte \u0151t r\u00e9g.<br>Titkon az\u00e9rt m\u00e9gis figyelt,<br>V\u00e1rt egy ismert titkos jelet.<\/p>\n\n\n\n<p class=\"wp-block-paragraph\">K\u00f6zben k\u00e9sz lett a lakoma,<br>Ny\u00e1rson s\u00fclt gn\u00faknak falatja.<br>A t\u00f6rzs ebben szakos volt m\u00e1r,<br>Szakm\u00e1juk lett a szak\u00e1css\u00e1g.<\/p>\n\n\n\n<p class=\"wp-block-paragraph\">Mi\u00f3ta embert nem ettek,<br>Turist\u00e1kkal \u00fczleteltek.<br>Csoportokat fogadtak \u0151k,<br>A p\u00e9nzforgalmuk is megn\u0151tt.<\/p>\n\n\n\n<p class=\"wp-block-paragraph\">A p\u00e9nzt mikor megismert\u00e9k,<br>Haszn\u00e1lt\u00e1k \u00e9s megszerett\u00e9k.<br>Bej\u00e1rtak a v\u00e1rosokba,<br>V\u00e1s\u00e1rolni a boltokba.<\/p>\n\n\n\n<p class=\"wp-block-paragraph\">Kecskel\u00e1bas asztalokat,<br>Megter\u00edtett\u00e9k azokat.<br>K\u00f6r\u00fcl\u00fclt\u00e9k, eszegettek,<br>Eb\u00e9d ut\u00e1n besz\u00e9lgettek.<\/p>\n\n\n\n<p class=\"wp-block-paragraph\">A t\u00f6rzsf\u0151n\u00f6k elmondotta,<br>Skalpjait megmutatgatta.<br>El\u0151adta a m\u00faltjukat,<br>\u00c9s annak v\u00e1ltoz\u00e1sukat.<\/p>\n\n\n\n<p class=\"wp-block-paragraph\">J\u00f6tt egyszer egy V\u00f6r\u00f6s asszony,<br>Csod\u00e1latos, gy\u00f6ny\u00f6r\u0171 volt.<br>Megmentette a fiunkat<br>H\u00e1rom\u00e9ves, Szud\u00e1nunkat.<\/p>\n\n\n\n<p class=\"wp-block-paragraph\">\u00c9s k\u00e9t szomsz\u00e9d t\u00f6rzsnek fi\u00e1t,<br>Nem ett\u00fck meg (a) k\u00e9t dali\u00e1t.<br>Az\u00f3ta boldogan \u00e9l\u00fcnk,<br>Nincsen harcunk, ellens\u00e9g\u00fcnk.<\/p>\n\n\n\n<p class=\"wp-block-paragraph\">Az\u00f3ta nem l\u00e1ttuk soha,<br>Fiunkon van a nyakl\u00e1nca.<br>Ekkor elhallgatott gyorsan,<br>Asszony\u00e1hoz sz\u00f3lt, hangosan.<\/p>\n\n\n\n<p class=\"wp-block-paragraph\">Valamit most \u00e9szrevettem,<br>V\u00e9gre megvan az a v\u00e1rt jel.<br>Hozd ki a kicsi l\u00e1dik\u00f3t,<br>Benne van r\u00e9gi eml\u00e9k ott.<\/p>\n\n\n\n<p class=\"wp-block-paragraph\">Siet\u0151sen ment az asszony,<br>T\u00e9r\u00fclt-fordult m\u00e1ris ott volt.<br>Kivette a kis dobozb\u00f3l,<br>A kicsike kis csomagot.<\/p>\n\n\n\n<p class=\"wp-block-paragraph\">Kibontotta r\u00e1tekintett,<br>\u00c9s az asszony\u00e1nak intett.<br>Bog\u00e1rk\u00e1ra r\u00e1mutatott,<br>Haj\u00e1ban van, egy v\u00f6r\u00f6s folt.<\/p>\n\n\n\n<p class=\"wp-block-paragraph\">Egy kis tincs, mely ereklye volt.<br>Lev\u00e1gta a n\u00e9ger asszony.<br>Mikor aludt V\u00f6r\u00f6ske ott,<br>Eml\u00e9kt\u00e1rgyk\u00e9nt megmaradott.<\/p>\n\n\n\n<p class=\"wp-block-paragraph\">Ilyen nincs t\u00f6bb a vil\u00e1gon,<br>Ha egyezik az, j\u00f3 nagyon.<br>Hasonl\u00edtsd \u00f6ssze hamar most,<br>Megval\u00f3sul r\u00e9gi \u00e1lmod.<\/p>\n\n\n\n<p class=\"wp-block-paragraph\">\u00cdgy sz\u00f3lott a t\u00f6rzsnek ura,<br>V\u00e1rt nyugodtan \u00e1lldog\u00e1lva.<br>A k\u00e9t sz\u00edn pont megegyezett.<br>Feh\u00e9rtestv\u00e9rt leleplezett.<\/p>\n\n\n\n<p class=\"wp-block-paragraph\">V\u00f6r\u00f6ske, ki Bog\u00e1rka lett,<br>Most m\u00e1r elismert ott mindent.<br>Lett erre nagy ov\u00e1ci\u00f3,<br>\u00d6lelkez\u00e9s, ribilli\u00f3.<\/p>\n\n\n\n<p class=\"wp-block-paragraph\">A z\u0171rzavar, hogy elm\u00falott,<br>Bog\u00e1rka v\u00e9gre sz\u00f3t kapott.<br>Kereste \u0151 a v\u00e9denc\u00e9t,<br>Az egykori sz\u00f6kev\u00e9nyk\u00e9t.<\/p>\n\n\n\n<p class=\"wp-block-paragraph\">V\u00e1laszolt a boldog anya,<br>B\u00fcszkes\u00e9ge, hogy hol van ma.<br>Szomsz\u00e9d t\u00f6rzsh\u00f6z, beteghez ment.<br>Mivel \u0151 h\u00edres orvos lett.<\/p>\n\n\n\n<p class=\"wp-block-paragraph\">Haza is j\u00f6n r\u00f6videsen,<br>V\u00e1rjuk m\u00e1r most minden percben.<br>Elhunyt var\u00e1zsl\u00f3juk helyett,<br>\u0150 gy\u00f3gy\u00edtja betegeket.<\/p>\n\n\n\n<p class=\"wp-block-paragraph\">A h\u00e9tnek a t\u00f6bbi napj\u00e1n,<br>Korh\u00e1zban dolgozik r\u00e9g m\u00e1r.<br>A t\u00e1volban l\u00f3 dobogott,<br>J\u00f6tt egy f\u00e9rfi v\u00e1gtatott ott.<\/p>\n\n\n\n<p class=\"wp-block-paragraph\">Haza\u00e9rve, t\u00e1rt karokkal,<br>Szeretettel, boldogs\u00e1ggal,<br>\u00dcdv\u00f6z\u00f6lte a csal\u00e1dot,<br>\u00c9s a sok-sok t\u00e1borlak\u00f3t.<\/p>\n\n\n\n<p class=\"wp-block-paragraph\">Szud\u00e1n fiam sz\u00f3lt az apa,<br>Figyelj j\u00f3l, most a szavamra.<br>Kisgyermekk\u00e9nt csatangolt\u00e1l,<br>Hal\u00e1los vesz\u00e9lyben volt\u00e1l.<\/p>\n\n\n\n<p class=\"wp-block-paragraph\">Itt van n\u00e1lunk a h\u0151s asszony,<br>Ki megmentett oroszl\u00e1nt\u00f3l.<br>Bog\u00e1rk\u00e1ra r\u00e1mutatott,<br>K\u00f6sz\u00f6ntsd \u0151t, ki visszahozott.<\/p>\n\n\n\n<p class=\"wp-block-paragraph\">Az orvosb\u00f3l kit\u00f6rt a vad,<br>Asztalt ugrott nagy el\u00e1nnal.<br>Leborult az asszony el\u00e9,<br>K\u00f6nnyhull\u00e1s k\u00f6zt, \u00fagy k\u00f6sz\u00f6nt\u00e9.<\/p>\n\n\n\n<p class=\"wp-block-paragraph\">El\u00e9rz\u00e9keny\u00fclt Bog\u00e1rka,<br>Szud\u00e1nt karjaiba z\u00e1rta.<br>Rosszcsontocsk\u00e1m, hogy megn\u0151tt\u00e9l,<br>Sz\u00e9pf\u00e9rfiv\u00e1 cseperedt\u00e9l.<\/p>\n\n\n\n<p class=\"wp-block-paragraph\">Alig v\u00e1rtam, hogy l\u00e1ssalak,<br>\u00d6r\u00f6mk\u00f6nnyek patakzottak.<br>Nem gondoltam, hogy m\u00e9g egyszer,<br>Viszont l\u00e1tlak szeretettel.<\/p>\n\n\n\n<p class=\"wp-block-paragraph\">Adok m\u00e9g egy aj\u00e1nd\u00e9kot,<br>Amely mindent\u0151l majd meg\u00f3v.<br>Var\u00e1zsl\u00f3tok adta nekem,<br>Vigy\u00e1zott r\u00e1m a tengeren.<\/p>\n\n\n\n<p class=\"wp-block-paragraph\">\u00d3vjon t\u00e9ged mind\u00f6r\u00f6kre,<br>S k\u00f6zben re\u00e1m eml\u00e9kezve.<br>Jussak eszedbe ezut\u00e1n,<br>T\u00f6bb\u00e9 nem tal\u00e1lkozunk m\u00e1r.<\/p>\n\n\n\n<p class=\"wp-block-paragraph\">Bog\u00e1rka b\u00facs\u00fazni kezdett,<br>A csoport is igyekezett.<br>A buszokhoz elindultak,<br>A motorok meg felb\u00fagtak.<\/p>\n\n\n\n<p class=\"wp-block-paragraph\">A t\u00f6rzsf\u0151n\u00f6k k\u00f6zbe sz\u00f3lt most,<br>Innen el nem indulhattok.<br>Nagy \u00fcnnep lesz mindenkinek,<br>Am\u00edg tart senki (el) nem mehet.<\/p>\n\n\n\n<p class=\"wp-block-paragraph\">A Tam-tamok megsz\u00f3laltak,<br>\u0150si ritmust el\u0151adtak.<br>Harsogott az \u0151serd\u0151 is,<br>Felcsengtek \u00e9nekeik.<\/p>\n\n\n\n<p class=\"wp-block-paragraph\">Egym\u00e1sba karoltak mind ott,<br>M\u00e9la b\u00fas dal sz\u00e1rnyra kapott.<br>Benne volt eg\u00e9sz \u00e9let\u00fck,<br>\u00d6r\u00f6m\u00fck, \u00e9s szenved\u00e9s\u00fck.<\/p>\n\n\n\n<p class=\"wp-block-paragraph\">Majd hirtelen \u00e1tv\u00e1ltottak,<br>Fergeteges t\u00e1ncot roptak,<br>T\u00e1bort\u0171znek a f\u00e9ny\u00e9n\u00e9l,<br>Nem volt szebb e szenved\u00e9lyn\u00e9l.<\/p>\n\n\n\n<p class=\"wp-block-paragraph\">Elk\u00e9sz\u00fclt a nagy lakoma,<br>Esteb\u00e9d, vagy t\u00e1n vacsora.<br>Ettek-ittak \u00f6nfeledten,<br>\u00d6r\u00f6m\u00f6k k\u00f6zt b\u00e9kess\u00e9gben.<\/p>\n\n\n\n<p class=\"wp-block-paragraph\">Vad\u00e1llatok sem pihentek,<br>Dob hallat\u00e1n megremegtek.<br>Az \u0151serd\u0151 is visszhangzott,<br>Abban ilyen m\u00e9g sosem volt.<\/p>\n\n\n\n<p class=\"wp-block-paragraph\">Hajnalig tart\u00f3 mulats\u00e1g,<br>Kimer\u00fclts\u00e9g \u00e9s f\u00e1radts\u00e1g.<br>V\u00e9get vetett, csendet intett,<br>Vend\u00e9gnek, bennsz\u00fcl\u00f6ttnek.<\/p>\n\n\n\n<p class=\"wp-block-paragraph\">B\u00facs\u00fat intettek egym\u00e1snak,<br>Majd a buszokra felsz\u00e1lltak.<br>Szud\u00e1n is vel\u00fck utazott,<br>A Nap felkelt hajnalodott.<\/p>\n\n\n\n<p class=\"wp-block-paragraph\">Hurr\u00e1ztak az erd\u0151lak\u00f3k,<br>Buszok mellett futottak ott.<br>Majd csendesen lemaradtak,<br>Eml\u00e9keket megtartottak.<\/p>\n\n\n\n<p class=\"wp-block-paragraph\">Sz\u00e1guldott a k\u00e9t busz gyorsan,<br>A haj\u00f3hoz rohamosan.<br>K\u00e9szen \u00e1llt a hossz\u00fa \u00fatra.<br>A nagy v\u00edzen ringat\u00f3zva.<\/p>\n\n\n\n<p class=\"wp-block-paragraph\">Egyes\u00e9vel mind felsz\u00e1lltak,<br>Egyed\u00fcl Bogl\u00e1rka maradt.<br>Szud\u00e1nt karjaiban tartva,<br>F\u00e1j\u00f3sz\u00edvvel \u00e1lldog\u00e1lva.<\/p>\n\n\n\n<p class=\"wp-block-paragraph\">A haj\u00f3k\u00fcrt jelet adott,<br>Ahogy indul\u00e1skor szokott.<br>Szud\u00e1n Bogl\u00e1rk\u00e1t k\u00eds\u00e9rte,<br>Karjaival \u00e1t\u00f6lelte.<\/p>\n\n\n\n<p class=\"wp-block-paragraph\">Fenn a haj\u00f3n utolj\u00e1ra,<br>T\u00e9rdre borult meghat\u00f3dva.<br>Megk\u00f6sz\u00f6nte az \u00e9let\u00e9t,<br>Bogl\u00e1rk\u00e1nak nemes tett\u00e9t.<\/p>\n\n\n\n<p class=\"wp-block-paragraph\">Zseb\u00e9be ny\u00falt aj\u00e1nd\u00e9k\u00e9rt,<br>\u00c9s egy \u00f6r\u00f6k sz\u00e9p eml\u00e9k\u00e9rt.<br>Zseb\u00f3r\u00e1j\u00e1t vette el\u0151,<br>\u00c1tny\u00fajtotta, remegve \u0151.<\/p>\n\n\n\n<p class=\"wp-block-paragraph\">Sz\u00ednarany volt, csod\u00e1s l\u00e1nccal,<br>Csillog\u00f3 sz\u00e9p gy\u00e9m\u00e1nt p\u00e1nttal<br>Ha majd otthon re\u00e1 n\u00e9zel,<br>Eml\u00e9kezz a feket\u00e9kre.<\/p>\n\n\n\n<p class=\"wp-block-paragraph\">\u00dagy adta \u00e1t aj\u00e1nd\u00e9k\u00e1t,<br>Vele sz\u00edv\u00e9t, lelk\u00e9t tal\u00e1n.<br>Lesz\u00e1llt a haj\u00f3r\u00f3l azt\u00e1n,<br>K\u00f6nnyes szemmel les\u00e9t\u00e1lv\u00e1n.<\/p>\n\n\n\n<p class=\"wp-block-paragraph\">A vitorl\u00e1k megfesz\u00fcltek,<br>Gyorsulva szelt\u00e9k a vizet.<br>Szud\u00e1n csak \u00e1llt, n\u00e9m\u00e1n, b\u00fasan,<br>M\u00e9gsem b\u00e1nk\u00f3dott mag\u00e1ban.<\/p>\n\n\n\n<p class=\"wp-block-paragraph\">Megismerte a p\u00f3tanyj\u00e1t,<br>A vil\u00e1g legszebb asszony\u00e1t.<br>A haj\u00f3 egyre kisebb lett,<br>Majd egyszer az el is veszett.<\/p>\n\n\n\n<p class=\"wp-block-paragraph\">Elnyelte a nagy messzes\u00e9g,<br>H\u00e1trahagyva az eml\u00e9k\u00e9t.<br>T\u00f6bb\u00e9 sosem tal\u00e1lkoztak,<br>Az \u00e9vek lassan elsz\u00e1lltak,<\/p>\n\n\n\n<p class=\"wp-block-paragraph\">H\u00edrt sem hallottak egym\u00e1sr\u00f3l,<br>Eml\u00e9k lett a b\u00facs\u00fasz\u00f3b\u00f3l.<br>V\u00f6r\u00f6ske, azaz Bogl\u00e1rka,<br>Visszat\u00e9rt a mag\u00e1ny\u00e1ba.<\/p>\n\n\n\n<p class=\"wp-block-paragraph\">A h\u00e1z ajtaja nyitva \u00e1llt,<br>Fogadva n\u00e9pes csal\u00e1dj\u00e1t.<br>Kilencvenkilenc unoka,<br>\u00c9s a sok kis d\u00e9dunoka.<\/p>\n\n\n\n<p class=\"wp-block-paragraph\">Naponta \u0151t felkereste,<br>Szeretettel d\u00e9delgette.<br>Bar\u00e1tok \u00e9s ismer\u0151s\u00f6k,<br>Boldogg\u00e1 tett\u00e9k mindig \u0151t.<\/p>\n\n\n\n<p class=\"wp-block-paragraph\">Az id\u0151 rohant, \u00e9s elj\u00e1rt,<br>Nem k\u00edm\u00e9lt embert \u00e9s hat\u00e1rt.<br>Egy volt, ami nem v\u00e1ltozott.<br>Bogl\u00e1rka m\u00e9g mindig sz\u00e9p volt.<\/p>\n\n\n\n<p class=\"wp-block-paragraph\">R\u00e1ncok rajta sosem voltak,<br>A l\u00e9ptei lelassultak,<br>A s\u00e9t\u00e1i r\u00f6vid\u00fcltek,<br>Egyszer azt\u00e1n meg is sz\u0171ntek.<\/p>\n\n\n\n<p class=\"wp-block-paragraph\">Csod\u00e1s tengerk\u00e9k szemei,<br>Mindig kutattak valamit.<br>Mint egykoron, haj\u00f3\u00fatj\u00e1n,<br>\u00c1mulattal kalandozv\u00e1n.<\/p>\n\n\n\n<p class=\"wp-block-paragraph\">Sok\u00e1ig nem j\u00f6tt r\u00e1 arra,<br>Mi az, amik hi\u00e1nyoznak.<br>Hossz\u00fa \u00e9let\u00e9nek titka,<br>Annak t\u00e1n fiatals\u00e1ga.<\/p>\n\n\n\n<p class=\"wp-block-paragraph\">Bogl\u00e1rka \u00fclt d\u00edszes tr\u00f3nj\u00e1n,<br>Mag\u00e1nyosan \u00e1lmodozv\u00e1n.<br>Elj\u00f6tt a nap, s meg\u00e9rkezett,<br>Bogl\u00e1rka pont sz\u00e1z\u00e9ves lett.<\/p>\n\n\n\n<p class=\"wp-block-paragraph\">Ben\u00e9pes\u00fclt nagy szob\u00e1ja.<br>Elj\u00f6tt mindenki hozz\u00e1ja.<br>K\u00f6r\u00fclvett\u00e9k rajong\u00e1ssal,<br>Szeret\u0151 odaad\u00e1ssal.<\/p>\n\n\n\n<p class=\"wp-block-paragraph\">Megk\u00e9rt\u00e9k, hogy mes\u00e9lje el,<br>Az \u00e9let\u00e9t hitelesen.<br>Cseng\u0151hangj\u00e1n hozz\u00e1kezdett,<br>\u00c9s semmit ki nem feledett.<\/p>\n\n\n\n<p class=\"wp-block-paragraph\">Aranyap\u00f3 szavaival,<br>Fejezte be tan\u00e1cs\u00e1val.<br>Neh\u00e9z tisztess\u00e9gben \u00e9lni,<br>Nagyon neh\u00e9z, de meg\u00e9ri.<\/p>\n\n\n\n<p class=\"wp-block-paragraph\">A szavai elcsuklottak,<br>Szempill\u00e1i lecsuk\u00f3dtak.<br>Haj\u00f3ra sz\u00e1llt, indult tova,<br>Az \u00f6r\u00f6kk\u00e9val\u00f3s\u00e1gba.<\/p>\n\n\n\n<p class=\"wp-block-paragraph\">Mak\u00f3, 2017-04-25 \u00e9s 05-08.<\/p>\n","protected":false},"excerpt":{"rendered":"<p>V\u00d6R\u00d6SKE KALANDJAI\/MESEK\u00d6LTEM\u00c9NY\/ A tikkaszt\u00f3 nagy h\u0151s\u00e9gben,A leveg\u0151 m\u00f6g s\u00e9 r\u00f6zzent.A t\u00fccsk\u00f6k s\u00e9 heged\u00fcltek.Rejtek\u00fck\u00f6n heny\u00e9lgettek. Madarak a csordak\u00fatn\u00e1l,Csiviteltek iszogatv\u00e1n.Majd hirtelen tovasz\u00e1lltak,K\u00f6zel\u00f6d\u00f6tt a nagycsorda. V\u00e1ly\u00fahoz, hogy oda\u00e9rtek,Nekiestek a friss v\u00edznek.Moh\u00f3n ittak, vagy vedeltek,Szomj\u00fas\u00e1gt\u00f3l r\u00e9g szenvedtek. Majd kiitt\u00e1k mind a vizet,K\u00f6z\u00e9rzet\u00fck \u00fagy m\u00e1r jobb lett.Lomha l\u00e9ptekkel indultak,A nap el\u0151l v\u00e1ndoroltak. \u00d6reg guly\u00e1s is szenved\u00f6tt,A perzsel\u0151 nap \u00e9get\u00f6tt.Kiford\u00edtotta sub\u00e1j\u00e1t,Sz\u00f6m\u00e9re &#8230; <a title=\"V\u00d6R\u00d6SKE KALANDJAI\/MESEK\u00d6LTEM\u00c9NY\/\" class=\"read-more\" href=\"https:\/\/bozsogiattila.hu\/?p=851\" aria-label=\"Tov\u00e1bbiak V\u00d6R\u00d6SKE KALANDJAI\/MESEK\u00d6LTEM\u00c9NY\/\">Olvass tov\u00e1bb<\/a><\/p>\n","protected":false},"author":3,"featured_media":0,"comment_status":"open","ping_status":"open","sticky":false,"template":"","format":"standard","meta":{"footnotes":""},"categories":[8],"tags":[313,12],"class_list":["post-851","post","type-post","status-publish","format-standard","hentry","category-prozak","tag-313","tag-mako"],"yoast_head":"<!-- This site is optimized with the Yoast SEO plugin v21.8 - https:\/\/yoast.com\/wordpress\/plugins\/seo\/ -->\n<title>V\u00d6R\u00d6SKE KALANDJAI\/MESEK\u00d6LTEM\u00c9NY\/ - Bozsogi Attila<\/title>\n<meta name=\"robots\" content=\"index, follow, max-snippet:-1, max-image-preview:large, max-video-preview:-1\" \/>\n<link rel=\"canonical\" href=\"https:\/\/bozsogiattila.hu\/?p=851\" \/>\n<meta property=\"og:locale\" content=\"hu_HU\" \/>\n<meta property=\"og:type\" content=\"article\" \/>\n<meta property=\"og:title\" content=\"V\u00d6R\u00d6SKE KALANDJAI\/MESEK\u00d6LTEM\u00c9NY\/ - Bozsogi Attila\" \/>\n<meta property=\"og:description\" content=\"V\u00d6R\u00d6SKE KALANDJAI\/MESEK\u00d6LTEM\u00c9NY\/ A tikkaszt\u00f3 nagy h\u0151s\u00e9gben,A leveg\u0151 m\u00f6g s\u00e9 r\u00f6zzent.A t\u00fccsk\u00f6k s\u00e9 heged\u00fcltek.Rejtek\u00fck\u00f6n heny\u00e9lgettek. Madarak a csordak\u00fatn\u00e1l,Csiviteltek iszogatv\u00e1n.Majd hirtelen tovasz\u00e1lltak,K\u00f6zel\u00f6d\u00f6tt a nagycsorda. V\u00e1ly\u00fahoz, hogy oda\u00e9rtek,Nekiestek a friss v\u00edznek.Moh\u00f3n ittak, vagy vedeltek,Szomj\u00fas\u00e1gt\u00f3l r\u00e9g szenvedtek. Majd kiitt\u00e1k mind a vizet,K\u00f6z\u00e9rzet\u00fck \u00fagy m\u00e1r jobb lett.Lomha l\u00e9ptekkel indultak,A nap el\u0151l v\u00e1ndoroltak. \u00d6reg guly\u00e1s is szenved\u00f6tt,A perzsel\u0151 nap \u00e9get\u00f6tt.Kiford\u00edtotta sub\u00e1j\u00e1t,Sz\u00f6m\u00e9re ... Olvass tov\u00e1bb\" \/>\n<meta property=\"og:url\" content=\"https:\/\/bozsogiattila.hu\/?p=851\" \/>\n<meta property=\"og:site_name\" content=\"Bozsogi Attila\" \/>\n<meta property=\"article:published_time\" content=\"2017-05-08T08:14:00+00:00\" \/>\n<meta property=\"article:modified_time\" content=\"2024-01-08T08:15:52+00:00\" \/>\n<meta name=\"author\" content=\"Bozsogi Attila\" \/>\n<meta name=\"twitter:card\" content=\"summary_large_image\" \/>\n<meta name=\"twitter:label1\" content=\"Szerz\u0151:\" \/>\n\t<meta name=\"twitter:data1\" content=\"Bozsogi Attila\" \/>\n\t<meta name=\"twitter:label2\" content=\"Becs\u00fclt olvas\u00e1si id\u0151\" \/>\n\t<meta name=\"twitter:data2\" content=\"83 perc\" \/>\n<script type=\"application\/ld+json\" class=\"yoast-schema-graph\">{\"@context\":\"https:\/\/schema.org\",\"@graph\":[{\"@type\":\"WebPage\",\"@id\":\"https:\/\/bozsogiattila.hu\/?p=851\",\"url\":\"https:\/\/bozsogiattila.hu\/?p=851\",\"name\":\"V\u00d6R\u00d6SKE KALANDJAI\/MESEK\u00d6LTEM\u00c9NY\/ - Bozsogi Attila\",\"isPartOf\":{\"@id\":\"https:\/\/bozsogiattila.hu\/#website\"},\"datePublished\":\"2017-05-08T08:14:00+00:00\",\"dateModified\":\"2024-01-08T08:15:52+00:00\",\"author\":{\"@id\":\"https:\/\/bozsogiattila.hu\/#\/schema\/person\/488c99f554a8c4039201260dd5eb795e\"},\"breadcrumb\":{\"@id\":\"https:\/\/bozsogiattila.hu\/?p=851#breadcrumb\"},\"inLanguage\":\"hu\",\"potentialAction\":[{\"@type\":\"ReadAction\",\"target\":[\"https:\/\/bozsogiattila.hu\/?p=851\"]}]},{\"@type\":\"BreadcrumbList\",\"@id\":\"https:\/\/bozsogiattila.hu\/?p=851#breadcrumb\",\"itemListElement\":[{\"@type\":\"ListItem\",\"position\":1,\"name\":\"Kezd\u0151lap\",\"item\":\"https:\/\/bozsogiattila.hu\/\"},{\"@type\":\"ListItem\",\"position\":2,\"name\":\"V\u00d6R\u00d6SKE KALANDJAI\/MESEK\u00d6LTEM\u00c9NY\/\"}]},{\"@type\":\"WebSite\",\"@id\":\"https:\/\/bozsogiattila.hu\/#website\",\"url\":\"https:\/\/bozsogiattila.hu\/\",\"name\":\"Bozsogi Attila\",\"description\":\"a zen\u00e9sz, \u00edr\u00f3 munk\u00e1ss\u00e1g\u00e1nak \u00e9s a mak\u00f3i muzsikusok eml\u00e9k\u00e9t \u0151rz\u0151 oldal\",\"potentialAction\":[{\"@type\":\"SearchAction\",\"target\":{\"@type\":\"EntryPoint\",\"urlTemplate\":\"https:\/\/bozsogiattila.hu\/?s={search_term_string}\"},\"query-input\":\"required name=search_term_string\"}],\"inLanguage\":\"hu\"},{\"@type\":\"Person\",\"@id\":\"https:\/\/bozsogiattila.hu\/#\/schema\/person\/488c99f554a8c4039201260dd5eb795e\",\"name\":\"Bozsogi Attila\",\"image\":{\"@type\":\"ImageObject\",\"inLanguage\":\"hu\",\"@id\":\"https:\/\/bozsogiattila.hu\/#\/schema\/person\/image\/\",\"url\":\"https:\/\/secure.gravatar.com\/avatar\/7da6b5985e34ed798d1670c54ce7d20e6a53b800bb0c07945c64b09392f3dbfd?s=96&d=mm&r=g\",\"contentUrl\":\"https:\/\/secure.gravatar.com\/avatar\/7da6b5985e34ed798d1670c54ce7d20e6a53b800bb0c07945c64b09392f3dbfd?s=96&d=mm&r=g\",\"caption\":\"Bozsogi Attila\"},\"sameAs\":[\"http:\/\/www.boszogiattila.hu\"],\"url\":\"https:\/\/bozsogiattila.hu\/?author=3\"}]}<\/script>\n<!-- \/ Yoast SEO plugin. -->","yoast_head_json":{"title":"V\u00d6R\u00d6SKE KALANDJAI\/MESEK\u00d6LTEM\u00c9NY\/ - Bozsogi Attila","robots":{"index":"index","follow":"follow","max-snippet":"max-snippet:-1","max-image-preview":"max-image-preview:large","max-video-preview":"max-video-preview:-1"},"canonical":"https:\/\/bozsogiattila.hu\/?p=851","og_locale":"hu_HU","og_type":"article","og_title":"V\u00d6R\u00d6SKE KALANDJAI\/MESEK\u00d6LTEM\u00c9NY\/ - Bozsogi Attila","og_description":"V\u00d6R\u00d6SKE KALANDJAI\/MESEK\u00d6LTEM\u00c9NY\/ A tikkaszt\u00f3 nagy h\u0151s\u00e9gben,A leveg\u0151 m\u00f6g s\u00e9 r\u00f6zzent.A t\u00fccsk\u00f6k s\u00e9 heged\u00fcltek.Rejtek\u00fck\u00f6n heny\u00e9lgettek. Madarak a csordak\u00fatn\u00e1l,Csiviteltek iszogatv\u00e1n.Majd hirtelen tovasz\u00e1lltak,K\u00f6zel\u00f6d\u00f6tt a nagycsorda. V\u00e1ly\u00fahoz, hogy oda\u00e9rtek,Nekiestek a friss v\u00edznek.Moh\u00f3n ittak, vagy vedeltek,Szomj\u00fas\u00e1gt\u00f3l r\u00e9g szenvedtek. Majd kiitt\u00e1k mind a vizet,K\u00f6z\u00e9rzet\u00fck \u00fagy m\u00e1r jobb lett.Lomha l\u00e9ptekkel indultak,A nap el\u0151l v\u00e1ndoroltak. \u00d6reg guly\u00e1s is szenved\u00f6tt,A perzsel\u0151 nap \u00e9get\u00f6tt.Kiford\u00edtotta sub\u00e1j\u00e1t,Sz\u00f6m\u00e9re ... Olvass tov\u00e1bb","og_url":"https:\/\/bozsogiattila.hu\/?p=851","og_site_name":"Bozsogi Attila","article_published_time":"2017-05-08T08:14:00+00:00","article_modified_time":"2024-01-08T08:15:52+00:00","author":"Bozsogi Attila","twitter_card":"summary_large_image","twitter_misc":{"Szerz\u0151:":"Bozsogi Attila","Becs\u00fclt olvas\u00e1si id\u0151":"83 perc"},"schema":{"@context":"https:\/\/schema.org","@graph":[{"@type":"WebPage","@id":"https:\/\/bozsogiattila.hu\/?p=851","url":"https:\/\/bozsogiattila.hu\/?p=851","name":"V\u00d6R\u00d6SKE KALANDJAI\/MESEK\u00d6LTEM\u00c9NY\/ - Bozsogi Attila","isPartOf":{"@id":"https:\/\/bozsogiattila.hu\/#website"},"datePublished":"2017-05-08T08:14:00+00:00","dateModified":"2024-01-08T08:15:52+00:00","author":{"@id":"https:\/\/bozsogiattila.hu\/#\/schema\/person\/488c99f554a8c4039201260dd5eb795e"},"breadcrumb":{"@id":"https:\/\/bozsogiattila.hu\/?p=851#breadcrumb"},"inLanguage":"hu","potentialAction":[{"@type":"ReadAction","target":["https:\/\/bozsogiattila.hu\/?p=851"]}]},{"@type":"BreadcrumbList","@id":"https:\/\/bozsogiattila.hu\/?p=851#breadcrumb","itemListElement":[{"@type":"ListItem","position":1,"name":"Kezd\u0151lap","item":"https:\/\/bozsogiattila.hu\/"},{"@type":"ListItem","position":2,"name":"V\u00d6R\u00d6SKE KALANDJAI\/MESEK\u00d6LTEM\u00c9NY\/"}]},{"@type":"WebSite","@id":"https:\/\/bozsogiattila.hu\/#website","url":"https:\/\/bozsogiattila.hu\/","name":"Bozsogi Attila","description":"a zen\u00e9sz, \u00edr\u00f3 munk\u00e1ss\u00e1g\u00e1nak \u00e9s a mak\u00f3i muzsikusok eml\u00e9k\u00e9t \u0151rz\u0151 oldal","potentialAction":[{"@type":"SearchAction","target":{"@type":"EntryPoint","urlTemplate":"https:\/\/bozsogiattila.hu\/?s={search_term_string}"},"query-input":"required name=search_term_string"}],"inLanguage":"hu"},{"@type":"Person","@id":"https:\/\/bozsogiattila.hu\/#\/schema\/person\/488c99f554a8c4039201260dd5eb795e","name":"Bozsogi Attila","image":{"@type":"ImageObject","inLanguage":"hu","@id":"https:\/\/bozsogiattila.hu\/#\/schema\/person\/image\/","url":"https:\/\/secure.gravatar.com\/avatar\/7da6b5985e34ed798d1670c54ce7d20e6a53b800bb0c07945c64b09392f3dbfd?s=96&d=mm&r=g","contentUrl":"https:\/\/secure.gravatar.com\/avatar\/7da6b5985e34ed798d1670c54ce7d20e6a53b800bb0c07945c64b09392f3dbfd?s=96&d=mm&r=g","caption":"Bozsogi Attila"},"sameAs":["http:\/\/www.boszogiattila.hu"],"url":"https:\/\/bozsogiattila.hu\/?author=3"}]}},"jetpack_featured_media_url":"","_links":{"self":[{"href":"https:\/\/bozsogiattila.hu\/index.php?rest_route=\/wp\/v2\/posts\/851","targetHints":{"allow":["GET"]}}],"collection":[{"href":"https:\/\/bozsogiattila.hu\/index.php?rest_route=\/wp\/v2\/posts"}],"about":[{"href":"https:\/\/bozsogiattila.hu\/index.php?rest_route=\/wp\/v2\/types\/post"}],"author":[{"embeddable":true,"href":"https:\/\/bozsogiattila.hu\/index.php?rest_route=\/wp\/v2\/users\/3"}],"replies":[{"embeddable":true,"href":"https:\/\/bozsogiattila.hu\/index.php?rest_route=%2Fwp%2Fv2%2Fcomments&post=851"}],"version-history":[{"count":1,"href":"https:\/\/bozsogiattila.hu\/index.php?rest_route=\/wp\/v2\/posts\/851\/revisions"}],"predecessor-version":[{"id":852,"href":"https:\/\/bozsogiattila.hu\/index.php?rest_route=\/wp\/v2\/posts\/851\/revisions\/852"}],"wp:attachment":[{"href":"https:\/\/bozsogiattila.hu\/index.php?rest_route=%2Fwp%2Fv2%2Fmedia&parent=851"}],"wp:term":[{"taxonomy":"category","embeddable":true,"href":"https:\/\/bozsogiattila.hu\/index.php?rest_route=%2Fwp%2Fv2%2Fcategories&post=851"},{"taxonomy":"post_tag","embeddable":true,"href":"https:\/\/bozsogiattila.hu\/index.php?rest_route=%2Fwp%2Fv2%2Ftags&post=851"}],"curies":[{"name":"wp","href":"https:\/\/api.w.org\/{rel}","templated":true}]}}