{"id":853,"date":"2021-03-11T08:15:00","date_gmt":"2021-03-11T08:15:00","guid":{"rendered":"https:\/\/bozsogiattila.hu\/?p=853"},"modified":"2024-01-08T08:18:18","modified_gmt":"2024-01-08T08:18:18","slug":"juna-es-a-vandorzeneszfantaziam-szulte-mesekoltemenyjuna-kulonleges-elete","status":"publish","type":"post","link":"https:\/\/bozsogiattila.hu\/?p=853","title":{"rendered":"JUNA \u00c9S A V\u00c1NDORZEN\u00c9SZ(Fant\u00e1zi\u00e1m sz\u00fclte mesek\u00f6ltem\u00e9ny)(Juna, k\u00fcl\u00f6nleges \u00e9lete)"},"content":{"rendered":"\n<p class=\"wp-block-paragraph\">JUNA \u00c9S A V\u00c1NDORZEN\u00c9SZ<br>(Fant\u00e1zi\u00e1m sz\u00fclte mesek\u00f6ltem\u00e9ny)<br>(Juna, k\u00fcl\u00f6nleges \u00e9lete)<\/p>\n\n\n\n<p class=\"wp-block-paragraph\"><br>EL\u0150SZ\u00d3<br>Volt egy h\u00e1z m\u00e1r nagyon r\u00e9gen.<br>T\u00f6rt\u00e9net\u00e9t elmes\u00e9lem.<br>H\u00e1romsz\u00e1z \u00e9vn\u00e9l, t\u00f6bb tal\u00e1n,<br>Azt m\u00e1r senki sem tudja m\u00e1r.<\/p>\n\n\n\n<p class=\"wp-block-paragraph\">\u00c9n most nem r\u00e9gen hallottam,<br>V\u00e9letlen\u00fcl azt megtudtam.<br>Az\u00f3ta, hogyha tehetem,<br>Mindenkinek k\u00f6zz\u00e9 teszem:<\/p>\n\n\n\n<ul class=\"wp-block-list\">\n<li>S\u00fct\u00f6tt a Nap, \u00e9s \u00e9getett,<br>Sugarai megperzseltek.<br>Menek\u00fcltem egy h\u0171s helyre,<br>Maros-parti kis ligetbe.<\/li>\n<\/ul>\n\n\n\n<p class=\"wp-block-paragraph\">A v\u00edzparton \u00fccs\u00f6r\u00f6gtem,<br>Egy f\u0171zf\u00e1nak nekid\u0151ltem.<br>T\u00e1maszkodtam, s megpihentem,<br>Cs\u00f6rgedez\u0151 vizet n\u00e9ztem.<\/p>\n\n\n\n<p class=\"wp-block-paragraph\">K\u00f6r\u00fcl\u00f6ttem mad\u00e1rk\u00f3rus,<br>Elb\u0171v\u00f6lt a dalol\u00e1suk.<br>Mesterdalnokok voltak mind,<br>\u00c9nek\u00fck val\u00f3s\u00e1gos kincs.<\/p>\n\n\n\n<p class=\"wp-block-paragraph\">Szemem a foly\u00f3ra t\u00e9vedt,<br>Ott is maradt-, viz\u00e9t n\u00e9ztem.<br>Megcsod\u00e1ltam a halakat,<br>Mint a v\u00edzb\u0151l kiugrottak.<\/p>\n\n\n\n<p class=\"wp-block-paragraph\">Fel\u00e1lltam a v\u00edzhez mentem,<br>Cser\u00e9ppel kacs\u00e1zni kezdtem.<br>Gyermekkoromnak j\u00e1t\u00e9ka,<br>Elvar\u00e1zsolt ism\u00e9t, \u00fajra.<\/p>\n\n\n\n<p class=\"wp-block-paragraph\">Meguntam, s helyemre \u00fcltem,<br>F\u00e1radtan, elszenderedtem.<br>A ligetnek zsong\u00e1s\u00e1ban,<br>Szuny\u00f3k\u00e1ltam, \u00e1lmodoztam.<br>Sok\u00e1ig ott pihengettem,<br>Mikor egy hang, sz\u00f3lt el\u0151ttem.<br>J\u00f3ember-, \u00e9n sz\u00e9pen k\u00e9rlek,<br>Mondta, s csendben re\u00e1m n\u00e9zett.<\/p>\n\n\n\n<p class=\"wp-block-paragraph\">A szemem, hogy kinyitottam,<br>M\u00e9g a sz\u00e1m is t\u00e1tva maradt.<br>Egy ap\u00f3ka \u00e1llt el\u0151ttem,<br>F\u00f6ldig \u00e9rt szak\u00e1ll\u00e1t n\u00e9ztem.<\/p>\n\n\n\n<p class=\"wp-block-paragraph\">Azt hittem, hogy m\u00e9g \u00e1lmodok,<br>Hisz ilyet csak ott l\u00e1thatok.<br>Az \u00f6reg, hogy ott \u00e1csorgott.<br>L\u00e1ttam rajta, bajba jutott.<\/p>\n\n\n\n<p class=\"wp-block-paragraph\">Sz\u00e9pen k\u00e9rlek-, sz\u00f3lt az ap\u00f3,<br>Seg\u00edts rajtam, nagy a bajom.<br>Seg\u00edtek \u00e9n, hogyha tudok,<br>Mes\u00e9ld el, hogy mi a gondod.<\/p>\n\n\n\n<p class=\"wp-block-paragraph\">Letelepedett a f\u0171re,<br>A mond\u00f3k\u00e1j\u00e1t elkezdte.<br>K\u00e9r\u00e9sem csak annyi lenne,<br>\u00cdrdd le, amit elmes\u00e9lek.<\/p>\n\n\n\n<p class=\"wp-block-paragraph\">T\u00f6rt\u00e9netem, ap\u00e1m mondta,<br>\u0150, \u00fckapj\u00e1t\u00f3l hallotta.<br>Soha senki le nem \u00edrta,<br>\u00dagy terjedt h\u00e1t sz\u00e1jr\u00f3l-sz\u00e1jra.<\/p>\n\n\n\n<p class=\"wp-block-paragraph\">Tudod, \u00e9n \u00edrni nem tudok,<br>Vallotta be most az ap\u00f3.<br>Amikor ap\u00e1m mes\u00e9lte,<br>(Egy) gonosz var\u00e1zsl\u00f3 megjelent.<\/p>\n\n\n\n<p class=\"wp-block-paragraph\">K\u00f6vetelte az ap\u00e1mt\u00f3l,<br>Kezdje mond\u00f3k\u00e1j\u00e1t \u00fajb\u00f3l.<br>\u0150 is nagyon k\u00edv\u00e1ncsi r\u00e1,<br>Er\u0151sk\u00f6d\u00f6tt egyre tov\u00e1bb.<\/p>\n\n\n\n<p class=\"wp-block-paragraph\">Te egy gonosz var\u00e1zsl\u00f3 vagy,<br>Mondta ap\u00e1m-, bajt okozhatsz.<br>T\u00fcst\u00e9nt t\u0171nj el szemem el\u0151l.<br>Hitv\u00e1ny, zsiv\u00e1ny, er\u0151sk\u00f6d\u0151.<\/p>\n\n\n\n<p class=\"wp-block-paragraph\">Er\u0151sen karon ragadta,<br>Hatalmasat l\u00f6k\u00f6tt rajta.<br>Hempergett is f\u00e1jdalmasan,<br>A var\u00e1zsl\u00f3, \u00e1tkoz\u00f3dva.<\/p>\n\n\n\n<p class=\"wp-block-paragraph\">Amikor felt\u00e1p\u00e1szkodott,<br>Visszafordult-, s annyit mondott.<br>Ami\u00e9rt \u00edgy viselkedt\u00e9l,<br>Fiad szenved meg mind ez\u00e9rt.<\/p>\n\n\n\n<p class=\"wp-block-paragraph\">Arra k\u00e9nyszer\u00edtem m\u00e1t\u00f3l,<br>Nyugta az ne legyen sehol.<br>Tavasszal, ny\u00e1ron, \u00e9s \u0151sszel,<br>T\u00e9li fagyban, j\u00e9ges\u0151ben.<\/p>\n\n\n\n<p class=\"wp-block-paragraph\">K\u00f3bor\u00f3ljon a vil\u00e1gban,<br>M\u00edg mond\u00f3k\u00e1d le nem \u00edrja.<br>Ha megszegi var\u00e1zslatom,<br>Essen \u00f6ssze \u00e9s meghaljon.<\/p>\n\n\n\n<p class=\"wp-block-paragraph\">Mivel \u00edrni \u00e9n nem tudok,<br>Az\u00f3ta is v\u00e1ndorolok.<br>B\u00e1rkit k\u00e9rek, nem seg\u00edtnek,<br>Nem hiszik el, kinevetnek.<\/p>\n\n\n\n<p class=\"wp-block-paragraph\">T\u00f6bb mint h\u00e1romsz\u00e1z \u00e9ve m\u00e1r,<br>V\u00e1ndorolok egyre tov\u00e1bb.<br>Hetvenh\u00e9tszer megker\u00fcltem,<br>A F\u00f6ldet a menetemben.<\/p>\n\n\n\n<p class=\"wp-block-paragraph\">Te vagy az els\u0151, ki seg\u00edt.<br>A var\u00e1zslat \u00edgy megsz\u0171nik.<br>V\u00e9gre most m\u00e1r megpihenek,<br>\u00cdrjad fiam-, \u00edrdd le nekem!<\/p>\n\n\n\n<p class=\"wp-block-paragraph\">El\u0151vettem a penn\u00e1mat,<br>S sz\u00f3ltam \u00f6reg, nos, h\u00e1t mondjad.<br>Megeredt az ap\u00f3 nyelve,<br>Mivel \u00edrok, azt k\u00e9rdezte?<\/p>\n\n\n\n<p class=\"wp-block-paragraph\">A homlok\u00e1t r\u00e1ncolgatta,<br>A szak\u00e1ll\u00e1t sim\u00edtotta.<br>Rendezte gondolatait,<br>Nehogy kihagyjon valamit.<\/p>\n\n\n\n<p class=\"wp-block-paragraph\">Tudod, mondta, nagyon r\u00e9g volt,<br>Akkor volt a gyermekkorom.<br>Mese miatt v\u00e9ge is lett,<br>Mindig v\u00e1ndorolnom kellett.<\/p>\n\n\n\n<p class=\"wp-block-paragraph\">Ap\u00e1m semmit nem tehetett,<br>Var\u00e1zslat ellen \u00e9nnekem.<br>Hozta h\u00e1t a tariszny\u00e1mat,<br>Hamuba s\u00fclt pog\u00e1cs\u00e1kat.<\/p>\n\n\n\n<p class=\"wp-block-paragraph\">V\u00e1ndorbotj\u00e1t nekem adta,<br>S elind\u00edtott az utamra.<br>Kicsordultak a k\u00f6nnyeim,<br>S elhagytam a szeretteim.<\/p>\n\n\n\n<p class=\"wp-block-paragraph\">Id\u0151nk\u00e9nt m\u00e9g h\u00e1tran\u00e9ztem,<br>J\u00f3 ap\u00e1mnak integettem.<br>Egyszer m\u00e1r oly messze \u00e9rtem,<br>Ap\u00e1m nem l\u00e1tta m\u00e1r szemem.<\/p>\n\n\n\n<p class=\"wp-block-paragraph\">Mentem c\u00e9ltalanul tov\u00e1bb,<br>Koptattam a sarum talp\u00e1t.<br>Neked mind ezt az\u00e9rt mondom,<br>Ismerd meg a v\u00e1ndorl\u00e1som.<\/p>\n\n\n\n<p class=\"wp-block-paragraph\">Penn\u00e1m ekkor k\u00e9zbe vettem,<br>Az ap\u00f3 figyelve n\u00e9zte.<br>Nagy h\u00edrtelen re\u00e1 kezdet,<br>\u00cdrni kezdtem, figyelmesen.<\/p>\n\n\n\n<p class=\"wp-block-paragraph\">ELS\u0150 STR\u00d3FA<\/p>\n\n\n\n<p class=\"wp-block-paragraph\">Volt valahol a F\u00f6ldtek\u00e9n,<br>Egy kis h\u00e1z a falu sz\u00e9l\u00e9n.<br>Abban \u00e9lt egy szerelmes p\u00e1r,<br>A nev\u00fcket nem tudom m\u00e1r.<\/p>\n\n\n\n<p class=\"wp-block-paragraph\">A falunak is volt neve,<br>Nincs m\u00e1r benne a fejembe.<br>Az ifj\u00fa f\u00e9rj akkor j\u00f6tt haza,<br>Oda volt \u0151 h\u00e1bor\u00faba.<\/p>\n\n\n\n<p class=\"wp-block-paragraph\">A m\u00e1tk\u00e1ja, hazav\u00e1rta,<br>V\u00e1gy\u00e1lm\u00e1ban csak \u0151t l\u00e1tta.<br>H\u00e1zass\u00e1gra akkor l\u00e9ptek,<br>Ez volt nekik \u00f6r\u00f6m\u00fcnnep.<\/p>\n\n\n\n<p class=\"wp-block-paragraph\">M\u00e9gis volt egy nagy b\u00e1natuk,<br>Gyermek\u00e1ld\u00e1s volt az \u00e1lmuk.<br>T\u00e1n az Isten nem akarta,<br>Gyermek\u00fcket megtagadta.<\/p>\n\n\n\n<p class=\"wp-block-paragraph\">Vecserny\u00e9re el-elj\u00e1rtak,<br>Az Istenhez im\u00e1dkoztak.<br>Amikor ez sem seg\u00edtett,<br>A f\u00e9rj nagyon b\u00e1natos lett.<\/p>\n\n\n\n<p class=\"wp-block-paragraph\">Templom helyett kocsm\u00e1ba ment,<br>Vigasztal\u00e1st ott keresett.<br>N\u00e9ha napj\u00e1n kapatos lett,<br>Ilyenkor s\u00edrt-, kesergett.<\/p>\n\n\n\n<p class=\"wp-block-paragraph\">Volt olyan, hogy j\u00f3kedv\u00e9ben,<br>N\u00f3t\u00e1zgatott \u00f6nfeledten.<br>\u201eNekem nem parancsol senki\u201d,<br>\u00c9nekelt-, s pr\u00f3b\u00e1lt feledni.<\/p>\n\n\n\n<p class=\"wp-block-paragraph\">Feles\u00e9ge vigasztalta,<br>S elj\u00e1rt tov\u00e1bb a templomba.<br>\u00c1h\u00edtatos im\u00e1t mondott,<br>Istent k\u00e9rve foh\u00e1szkodott.<\/p>\n\n\n\n<p class=\"wp-block-paragraph\">A J\u00f3isten meghallgatta,<br>K\u00e9r\u00e9s\u00fcket orvosolta.<br>Egy, janu\u00e1ri \u00e9jszak\u00e1n,<br>Aj\u00e1nd\u00e9kozott egy kisl\u00e1nyt.<\/p>\n\n\n\n<p class=\"wp-block-paragraph\">A t\u00fcnd\u00e9rek fejedelme,<br>Megjelent a j\u00f6vev\u00e9nnyel.<br>\u00d3hajotok val\u00f3ra v\u00e1lt,<br>Nevelj\u00e9tek a kicsi l\u00e1nyt.<\/p>\n\n\n\n<p class=\"wp-block-paragraph\">Juna legyen becses neve,<br>A csal\u00e1dnak szemef\u00e9nye.<br>Ezzel elt\u0171nt, messzire ment,<br>A t\u00fcnd\u00e9rek fejedelme.<\/p>\n\n\n\n<p class=\"wp-block-paragraph\">\u00d6ssze\u00f6lelkeztek ekkor,<br>A sz\u00fcl\u0151k a boldogs\u00e1gt\u00f3l.<br>\u00d6lelgett\u00e9k, szeretgett\u00e9k,<br>A cs\u00f6pps\u00e9get, majd megett\u00e9k.<\/p>\n\n\n\n<p class=\"wp-block-paragraph\">T\u00fcnd\u00e9rek k\u00f6zt Juna neve,<br>J\u00f3s\u00e1gos kicsi t\u00fcnd\u00e9rke.<br>Sz\u00fclei Jun\u00e1nak h\u00edvt\u00e1k,<br>Nem bec\u00e9zt\u00e9k, csak \u00fagy mondt\u00e1k.<\/p>\n\n\n\n<p class=\"wp-block-paragraph\">A sz\u00fcl\u0151k, sokat dolgoztak,<br>Szebb j\u00f6v\u0151r\u0151l \u00e1lmodoztak.<br>K\u00e9s\u0151bb Juna megh\u00e1l\u00e1lta,<br>Seg\u00edts\u00e9ggel k\u00e1rp\u00f3tolta.<\/p>\n\n\n\n<p class=\"wp-block-paragraph\">A Nevenincs kis faluban,<br>Az id\u0151 gyorsan elhaladt.<br>Gy\u00f6ny\u00f6r\u0171 l\u00e1ny lett Jun\u00e1b\u00f3l,<br>K\u00e9t k\u00e9k szeme \u00fagy sug\u00e1rzott.<\/p>\n\n\n\n<p class=\"wp-block-paragraph\">A leg\u00e9nyek ker\u00fclgett\u00e9k,<br>Meg akart\u00e1k nyerni kegy\u00e9t.<br>Udvaroltak, sz\u00e9p sz\u00f3t mondtak,<br>H\u00e1zass\u00e1gr\u00f3l \u00e1lmodoztak.<\/p>\n\n\n\n<p class=\"wp-block-paragraph\">M\u00c1SODIK STR\u00d3FA<\/p>\n\n\n\n<p class=\"wp-block-paragraph\">A falunak m\u00e1sik v\u00e9g\u00e9n,<br>\u00c9lt egy bajszos hetyke leg\u00e9ny.<br>Bajszi volt a beceneve,<br>Jun\u00e1nak lett nagy szerelme.<\/p>\n\n\n\n<p class=\"wp-block-paragraph\">Hozz\u00e1juk ment egyik este,<br>Sz\u00fcl\u0151kt\u0151l l\u00e1nyukat k\u00e9rte.<br>Egy \u00e9letem, egy hal\u00e1lom,<br>Jun\u00e1t k\u00e9rem-, legyen p\u00e1rom.<\/p>\n\n\n\n<p class=\"wp-block-paragraph\">A sz\u00fcl\u0151k Jun\u00e1ra n\u00e9ztek,<br>B\u00edztat\u00e1st t\u0151le rem\u00e9ltek.<br>L\u00e1nyuk arca t\u0171zpiros volt,<br>Boldogs\u00e1gt\u00f3l szinte l\u00e1ngolt.<\/p>\n\n\n\n<p class=\"wp-block-paragraph\">Legyen, h\u00e1t mondta az apa,<br>K\u00f6nnyezni kezdett az anya.<br>\u00d6r\u00f6mk\u00f6nnyeket hullatott.<br>\u00c9s Bajszihoz \u00edgyen sz\u00f3lott.<\/p>\n\n\n\n<p class=\"wp-block-paragraph\">Neked adjuk a kincs\u00fcnket,<br>Am\u00edg \u00e9ltek, mindig szeresd.<br>\u00c1ld\u00e1sunkat adjuk mi most,<br>Legyetek nagyon boldogok.<\/p>\n\n\n\n<p class=\"wp-block-paragraph\">Kit\u0171zt\u00e9k \u0151k a nagy napot,<br>Lakodalmas id\u0151pontot.<br>Eg\u00e9sz falu meg volt h\u00edva,<br>Eb\u00e9dre \u00e9s vacsor\u00e1ra.<\/p>\n\n\n\n<p class=\"wp-block-paragraph\">A szak\u00e1csok remekeltek,<br>Eb\u00e9dre finomat f\u0151ztek.<br>Ettek, ittak a vend\u00e9gek,<br>Mulattattak a zen\u00e9szek.<\/p>\n\n\n\n<p class=\"wp-block-paragraph\">A v\u0151f\u00e9ly volt a karmester,<br>Rigmusoknak felel\u0151se.<br>Tr\u00e9f\u00e1s verseit elmondta,<br>Po\u00e9njait el\u0151adta.<\/p>\n\n\n\n<p class=\"wp-block-paragraph\">Eb\u00e9d ut\u00e1n elindultak,<br>Esk\u00fcv\u0151re a templomba.<br>Zene sz\u00f3lt a menet k\u00f6zben,<br>Kom\u00f3tosan l\u00e9pegettek.<\/p>\n\n\n\n<p class=\"wp-block-paragraph\">A templom, zs\u00fafol\u00e1sig telt,<br>Mikor kimondt\u00e1k az igent.<br>\u00d6r\u00f6k h\u0171s\u00e9get esk\u00fcdtek,<br>Orgona sz\u00f3lt, \u00e9nekeltek.<\/p>\n\n\n\n<p class=\"wp-block-paragraph\">Egy cs\u00f3kkal megpecs\u00e9telt\u00e9k,<br>A frigy\u00fcket \u00edgyen kezdt\u00e9k.<br>K\u00f6r\u00fclrajongt\u00e1k ott \u0151ket,<br>Gratul\u00e1ltak, s \u00f6lelkeztek.<\/p>\n\n\n\n<p class=\"wp-block-paragraph\">A sok utc\u00e1t k\u00f6rbej\u00e1rt\u00e1k,<br>Faluhelyen ez \u00edgy szok\u00e1s.<br>A hatalmas nagy s\u00e1torba\u2019,<br>Visszat\u00e9rtek kurjongatva.<\/p>\n\n\n\n<p class=\"wp-block-paragraph\">T\u00e1ncra perd\u00fclt ott mindenki,<br>Ekkor kezdtek mulatozni.<br>A v\u0151f\u00e9ly a sz\u00ednre l\u00e9pett,<br>A t\u00e1ncnak \u0151 v\u00e9get vetett.<\/p>\n\n\n\n<p class=\"wp-block-paragraph\">A vacsor\u00e1t k\u00f6sz\u00f6nt\u00f6tte,<br>A levest (az) asztalra tette.<br>P\u00f6rk\u00f6lt ut\u00e1n tort\u00e1t hozott,<br>N\u00e9ha egy nagyot kurjantott.<\/p>\n\n\n\n<p class=\"wp-block-paragraph\">A b\u00f6nd\u0151j\u00e9t j\u00f3l kit\u00f6mte,<br>A sok vend\u00e9g, tele ette.<br>A nadr\u00e1gsz\u00edj szorosabb lett,<br>El is szakadt egyeseknek.<\/p>\n\n\n\n<p class=\"wp-block-paragraph\">\u00c9jf\u00e9lkor menyasszonyt\u00e1nc volt,<br>P\u00e9nz\u00e9rt t\u00e1ncolt az \u00fajasszony.<br>Aki t\u00e1ncban megforgatta,<br>P\u00e9nzt tett bele, a szit\u00e1ba.<\/p>\n\n\n\n<p class=\"wp-block-paragraph\">HARMADIK STR\u00d3FA<\/p>\n\n\n\n<p class=\"wp-block-paragraph\">Mikor mindenki t\u00e1ncolt m\u00e1r,<br>V\u00e9get \u00e9rt a menyasszonyt\u00e1nc.<br>Bajszi felkapta a nej\u00e9t,<br>Kiszaladt vele-, kit\u00e9rt.<\/p>\n\n\n\n<p class=\"wp-block-paragraph\">Visszaj\u00f6ttek nemsok\u00e1ra,<br>\u00c1t\u00f6lt\u00f6zve m\u00e1s ruh\u00e1ba.<br>Piros pettyes ruh\u00e1csk\u00e1ba,<br>Juna l\u00e1b\u00e1n papucs\u00e1val.<\/p>\n\n\n\n<p class=\"wp-block-paragraph\">Borral, s\u00fctivel, k\u00edn\u00e1lt\u00e1k,<br>A vend\u00e9geknek a had\u00e1t.<br>K\u00e9s\u0151bb \u00fajb\u00f3l ter\u00edtettek,<br>Ekkor m\u00e1r harmadszor ettek.<\/p>\n\n\n\n<p class=\"wp-block-paragraph\">G\u0151z\u00f6lg\u0151 k\u00e1v\u00e9t is hoztak,<br>J\u00f3t tett a kapat\u00f3soknak.<br>S\u00e1tor k\u00f6r\u00fcl kuty\u00e1k, macsk\u00e1k,<br>V\u00e1rt\u00e1k az elem\u00f3zsi\u00e1t.<\/p>\n\n\n\n<p class=\"wp-block-paragraph\">Nem feledt\u00e9k el \u0151ket sem,<br>J\u00f3l lakatt\u00e1k mindegyiket,<br>Palacsint\u00e1val sz\u00e1jukat,<br>Megt\u00f6r\u00f6lt\u00e9k a bajszukat.<\/p>\n\n\n\n<p class=\"wp-block-paragraph\">(A) zen\u00e9szek r\u00e1zend\u00edtettek,<br>Cint\u00e1ny\u00e9rra r\u00e1\u00fct\u00f6ttek.<br>Ki m\u00e1r b\u00f3biskolni kezdett,<br>Nagy h\u00edrtelen fel is ijedt.<\/p>\n\n\n\n<p class=\"wp-block-paragraph\">D\u00e9lut\u00e1nig m\u00e9g mulattak,<br>A cip\u0151k mind sz\u00e9tszakadtak.<br>Lakodalomnak v\u00e9ge lett.<br>Hazat\u00e9rtek a vend\u00e9gek.<\/p>\n\n\n\n<p class=\"wp-block-paragraph\">Zen\u00e9szek a p\u00e9nzt osztott\u00e1k,<br>De oly sok volt, hogy nem tudt\u00e1k.<br>Seg\u00edts\u00e9g\u00fcl el is h\u00edvtak<br>Egy tan\u00e1rt-, hogy mind elossza.<\/p>\n\n\n\n<p class=\"wp-block-paragraph\">R\u00e9sen volt a matektan\u00e1r,<br>A p\u00e9nzt t\u00f6bb fel\u00e9 eloszt\u00e1.<br>Egy r\u00e9sz neki is megmaradt,<br>Huncuts\u00e1g\u00e1nak a kamat.<\/p>\n\n\n\n<p class=\"wp-block-paragraph\">\u00c9szre vett\u00e9k a zen\u00e9szek,<br>De nem sz\u00f3ltak, ugyan minek?<br>Olyan sok volt-, mit kerestek<br>Haragot \u00edgy nem keltettek.<\/p>\n\n\n\n<p class=\"wp-block-paragraph\">Egy biztos, \u00e9s egy az igaz,<br>Seg\u00edts\u00e9get sosem h\u00edvtak.<br>Megtanult\u00e1k a tan\u00e1rt\u00f3l,<br>Csalfas\u00e1got, huncuts\u00e1got.<\/p>\n\n\n\n<p class=\"wp-block-paragraph\">M\u00e1snap kezd\u0151d\u00f6tt a munka,<br>S\u00e1torbont\u00e1s feladata.<br>M\u00edg dolgoztak, iszogattak,<br>Egy hord\u00f3 bort, mind megittak.<\/p>\n\n\n\n<p class=\"wp-block-paragraph\">Az ap\u00f3 itten megpihent,<br>Kulacs\u00e1b\u00f3l inni kezdett.<br>Kiss\u00e9 elf\u00e1radtam mondta,<br>Pihenj\u00fcnk h\u00e1t azon nyomban.<\/p>\n\n\n\n<p class=\"wp-block-paragraph\">Lefek\u00fcdt a friss z\u00f6ld f\u0171be,<br>Mindj\u00e1rt horkantott is egyet.<br>Feh\u00e9r szak\u00e1lla takarta,<br>Mintha egy kis paplan volna.<\/p>\n\n\n\n<p class=\"wp-block-paragraph\">Kiss\u00e9 k\u00e9s\u0151bb, amint felkelt,<br>Ny\u00fajt\u00f3zkodott akkor egyet.<br>A szak\u00e1ll\u00e1t elrendezte,<br>Kalapj\u00e1t fej\u00e9re tette.<\/p>\n\n\n\n<p class=\"wp-block-paragraph\">Folytassuk h\u00e1t \u00e9des fiam,<br>Mert m\u00e9g sok, ami h\u00e1tra van.<br>Hol is tartottunk k\u00e9rdezte,<br>S mond\u00f3k\u00e1j\u00e1t \u00fajra kezdte?<\/p>\n\n\n\n<p class=\"wp-block-paragraph\">NEGYEDIK STR\u00d3FA<\/p>\n\n\n\n<p class=\"wp-block-paragraph\">Bajszi Jun\u00e1hoz k\u00f6lt\u00f6z\u00f6tt,<br>\u00daj \u00e9let\u00fck ott kezd\u0151d\u00f6tt.<br>Szomsz\u00e9dban egy vak asszony \u00e9lt,<br>Aki figyelt mindenf\u00e9l\u00e9t.<\/p>\n\n\n\n<p class=\"wp-block-paragraph\">Bajszi, bajsz\u00e1t, hogy megl\u00e1tta,<br>Elakadt a hangja, szava.<br>Szem\u00e9t rajta felejtette,<br>Gy\u00f6ny\u00f6rk\u00f6dve j\u00f3l megn\u00e9zte.<\/p>\n\n\n\n<p class=\"wp-block-paragraph\">Sz\u00f3lt a siket n\u0151v\u00e9r\u00e9nek,<br>Elmondta a t\u00f6rt\u00e9netet.<br>A kacki\u00e1sbajsz\u00fa szomsz\u00e9d,<br>Elb\u0171v\u00f6lte tekintet\u00e9t.<\/p>\n\n\n\n<p class=\"wp-block-paragraph\">Siket n\u0151v\u00e9r oly siket volt,<br>Nem hallotta a harangsz\u00f3t.<br>S\u00e1nta fi\u00e1t riasztotta.<br>N\u00e9ma b\u00e1tyj\u00e1hoz futtatta.<\/p>\n\n\n\n<p class=\"wp-block-paragraph\">Futott is a szeg\u00e9ny leg\u00e9ny,<br>Porzott az \u00fat, nagy felh\u0151k\u00e9nt.<br>Tudatta a szenz\u00e1ci\u00f3t,<br>A faluban az \u00faj dolgot.<\/p>\n\n\n\n<p class=\"wp-block-paragraph\">N\u00e9ma testv\u00e9r azon nyomban,<br>Mindenkinek ezt elmondta.<br>Arr\u00f3l besz\u00e9lt minden ember,<br>Legszebb bajusz (a) v\u00e1rmegy\u00e9ben.<\/p>\n\n\n\n<p class=\"wp-block-paragraph\">Juna mikor meghallotta,<br>N\u00e9pszer\u0171 lett, f\u00e9rje-ura.<br>B\u00fcszkes\u00e9g\u00e9t nem titkolta,<br>Az \u00f6r\u00f6m\u00e9t nem tagadta.<\/p>\n\n\n\n<p class=\"wp-block-paragraph\">\u00cdgy fogadta el a falu,<br>A J\u00f3isten erre tan\u00fa.<br>Szeg\u00e9nys\u00e9g\u00fcknek jutalma,<br>Bajszi, hatalmas nagy bajsza.<\/p>\n\n\n\n<p class=\"wp-block-paragraph\">Mivel \u0151k szeg\u00e9nyek voltak,<br>Minden munk\u00e1t elv\u00e1llaltak.<br>Sz\u00f6v\u0151n\u0151 volt ekkor Juna,<br>Bajszi meg pinc\u00e9r-, kocsm\u00e1ba.<\/p>\n\n\n\n<p class=\"wp-block-paragraph\">Hamar teljes\u00fclt a v\u00e1gyuk,<br>Megsz\u00fcletett, Mali l\u00e1nyuk.<br>A nagysz\u00fcl\u0151k \u00f6rvendeztek,<br>M\u00e9g t\u00e1n t\u00e1ncra is perd\u00fcltek.<\/p>\n\n\n\n<p class=\"wp-block-paragraph\">Az udvarban a nagy sup\u00e1t,<br>Birkany\u00e1jnak felhaszn\u00e1lt\u00e1k.<br>Gyapj\u00fat, b\u00e1r\u00e1nyt mind eladt\u00e1k,<br>Egy \u00faj h\u00e1zra ford\u00edtott\u00e1k.<\/p>\n\n\n\n<p class=\"wp-block-paragraph\">Jun\u00e1\u00e9knak nekiadt\u00e1k,<br>Ott \u00e9lt tov\u00e1bb a kis csal\u00e1d.<br>Malira is \u0151k vigy\u00e1ztak,<br>M\u00edg sz\u00fclei dolgozgattak.<\/p>\n\n\n\n<p class=\"wp-block-paragraph\">Mali gyorsan n\u00f6vekedett,<br>Megcsod\u00e1lt\u00e1k az emberek.<br>(Egy) Cig\u00e1nyasszony is megn\u00e9zte,<br>J\u00f3solt kicsi kez\u00e9t n\u00e9zve.<\/p>\n\n\n\n<p class=\"wp-block-paragraph\">Elkomorodott az arca,<br>Nagyon \u0151szint\u00e9n megmondta.<br>Mali csak akkor lesz boldog,<br>Ha f\u00e9rj\u00e9vel egyforma pont.<\/p>\n\n\n\n<p class=\"wp-block-paragraph\">Juna ezen j\u00f3t nevetett,<br>P\u00e9nzt fizetett a j\u00f3sn\u0151nek.<br>K\u00e9s\u0151bb erre visszat\u00e9rek,<br>Sz\u00f3lt az ap\u00f3, \u00e9s nevetett.<\/p>\n\n\n\n<p class=\"wp-block-paragraph\">Mali ekkor h\u00e9t\u00e9ves volt,<br>Kistestv\u00e9rr\u0151l \u00e1lmodozott.<br>\u00cdrt is egyszer a g\u00f3ly\u00e1nak,<br>Testv\u00e9rk\u00e9t k\u00e9rt, j\u00e1tsz\u00f3t\u00e1rsnak.<\/p>\n\n\n\n<p class=\"wp-block-paragraph\">\u00d6T\u00d6DIK STR\u00d3FA<\/p>\n\n\n\n<p class=\"wp-block-paragraph\">Jun\u00e1\u00e9k, ha \u00f6sszeb\u00fajtak,<br>Tervezgettek, \u00e1br\u00e1ndoztak.<br>Holnapokt\u00f3l sokat v\u00e1rtak.<br>Ezek voltak a h\u0151n v\u00e1gyak.<\/p>\n\n\n\n<p class=\"wp-block-paragraph\">Bajszi szemei ragyogtak,<br>Mikor hazat\u00e9rt egyik nap.<br>J\u00f3 h\u00edrt hozott, s gyorsan mondta,<br>P\u00e1rj\u00e1nak el\u00fajs\u00e1golta.<\/p>\n\n\n\n<p class=\"wp-block-paragraph\">A szomsz\u00e9d kicsi faluba\u2019,<br>Kiad\u00f3 egy kast\u00e9ly-, kocsma.<br>G\u00f3lyaf\u00e9szek annak neve,<br>G\u00f3ly\u00e1k vannak a k\u00e9m\u00e9nyen.<\/p>\n\n\n\n<p class=\"wp-block-paragraph\">A g\u00f3ly\u00e1k r\u00e9gen itt \u00e9lnek,<br>A f\u00e9szk\u00fckben ott keltenek.<br>Fi\u00f3k\u00e1kat \u00edgy nevelnek,<br>S \u0151sszel mindig elrep\u00fclnek.<\/p>\n\n\n\n<p class=\"wp-block-paragraph\">Szeg\u00e9nyek m\u00e1r oly \u00f6regek,<br>L\u00e9tr\u00e1n mennek a f\u00e9szekre.<br>V\u00e1ndor\u00fatra m\u00e1r nem tudnak,<br>Elrep\u00fclni-, hossz\u00fa \u00fatra.<\/p>\n\n\n\n<p class=\"wp-block-paragraph\">Fi\u00f3k\u00e1ik seg\u00edtenek,<br>H\u00e1tukra kapj\u00e1k ekkor \u0151ket.<br>Magukkal viszik Afrik\u00e1ba,<br>Visszat\u00e9rnek, tavaszt hozva.<\/p>\n\n\n\n<p class=\"wp-block-paragraph\">Ez az \u00e9tterem a v\u00e1gyam,<br>Mondta Bajszi nagy komolyan.<br>Magunk urai lenn\u00e9nk ott,<br>Senki nek\u00fcnk nem parancsol.<\/p>\n\n\n\n<p class=\"wp-block-paragraph\">Megbesz\u00e9lt\u00e9k, \u00e1tgondolt\u00e1k,<br>A bev\u00e9telt, \u00e9s kiad\u00e1st,<br>Hosszasan elbesz\u00e9lgettek,<br>Kib\u00e9relt\u00e9k, azt \u00e9vekre.<\/p>\n\n\n\n<p class=\"wp-block-paragraph\">Zene kellene sz\u00f3lt Juna,<br>Az-, k\u00f6z\u00f6ns\u00e9get vonzana.<br>Bajszi gyorsan int\u00e9zkedet,<br>\u00c9s k\u00e9t zen\u00e9szt szerz\u0151dtetett.<\/p>\n\n\n\n<p class=\"wp-block-paragraph\">V\u00e1ndorzen\u00e9sz \u00e9s a t\u00e1rsa,<br>Megjelent ott a G\u00f3ly\u00e1ba.<br>Bemutatkoztak mind ketten,<br>Ill\u0151en, illedelmesen.<\/p>\n\n\n\n<p class=\"wp-block-paragraph\">V\u00e1ndorzen\u00e9sz Jun\u00e1t l\u00e1tva,<br>Kezet ny\u00fajtott, \u00e1br\u00e1ndozva.<br>A szemeik tal\u00e1lkoztak,<br>Egym\u00e1st n\u00e9zve, ott ragadtak.<\/p>\n\n\n\n<p class=\"wp-block-paragraph\">Els\u0151 l\u00e1t\u00e1sra, hogy mondj\u00e1k,<br>Egym\u00e1sba szerettek, ott m\u00e1r.<br>Est\u00e9nk\u00e9nt (a) zongora \u00fczent.<br>Juna kedvenc dala zengett.<\/p>\n\n\n\n<p class=\"wp-block-paragraph\">\u201eJ\u00f3 volna elrabolni\u201d-, sz\u00f3lt,<br>Juna arca ekkor l\u00e1ngolt.<br>Megdobogtatta a sz\u00edv\u00e9t,<br>Mag\u00e1val ragadta lelk\u00e9t.<\/p>\n\n\n\n<p class=\"wp-block-paragraph\">Minden este telt h\u00e1z is volt,<br>A zene forgalmat hozott.<br>A sz\u00e9passzony is cs\u00e1b\u00edtott,<br>Sok sz\u00edvet meg dobogtatott.<\/p>\n\n\n\n<p class=\"wp-block-paragraph\">K\u00f6r\u00fclrajongt\u00e1k est\u00e9nk\u00e9nt,<br>Sz\u00e9p szavakkal dics\u00e9rgetv\u00e9n.<br>Mindenkihez kedves is volt.<br>De egyikhez sem vonz\u00f3dott.<\/p>\n\n\n\n<p class=\"wp-block-paragraph\">Jun\u00e1nak \u0151szintes\u00e9ge,<br>V\u00e9get vetett szerelm\u00e9nek.<br>Egy este, hogy hazat\u00e9rtek,<br>Elmondott mindent f\u00e9rj\u00e9nek.<\/p>\n\n\n\n<p class=\"wp-block-paragraph\">HATODIK STR\u00d3FA<\/p>\n\n\n\n<p class=\"wp-block-paragraph\">Bajszi, bajsza most szikr\u00e1zott,<br>F\u00e9lt\u00e9kenys\u00e9g, t\u00fczet fogott.<br>Haragot, b\u00fat egy\u00fctt ontott,<br>\u00d6sszed\u0151lt, mir\u0151l \u00e1lmodott.<\/p>\n\n\n\n<p class=\"wp-block-paragraph\">Cirmos cica, hogy megl\u00e1tta,<br>Gyorsan menek\u00fclt el onnan.<br>A k\u00fcsz\u00f6b\u00f6n meg is botlott,<br>Kiesett az udvarra ott.<\/p>\n\n\n\n<p class=\"wp-block-paragraph\">Ijedten nem vette \u00e9szre,<br>Kisegeret, eszegetve.<br>Az \u0151 \u00e9tk\u00e9t d\u00e9zsm\u00e1lgatta.<br>De a macska meg sem l\u00e1tta.<\/p>\n\n\n\n<p class=\"wp-block-paragraph\">A kis eg\u00e9r menek\u00fclt most,<br>H\u00e9t nap egyfolyt\u00e1ban futott.<br>Akkor azt\u00e1n \u00f6sszeesett,<br>F\u00e1radts\u00e1gt\u00f3l kiszenvedett.<\/p>\n\n\n\n<p class=\"wp-block-paragraph\">Bajszi haragja, hogy fogyott,<br>Jun\u00e1nak meg is bocs\u00e1tott.<br>De m\u00e1s zen\u00e9szeket n\u00e9zett,<br>Juna sz\u00edv\u00e9n sebet ejtett.<\/p>\n\n\n\n<p class=\"wp-block-paragraph\">A vend\u00e9gek elp\u00e1rtoltak,<br>Nem tetszett az \u00faj zenekar.<br>Bajszi\u00e9k, m\u00e1st nem tehettek,<br>Felmondtak \u00e9s hazamentek.<\/p>\n\n\n\n<p class=\"wp-block-paragraph\">A R\u00f3zsa-kert vend\u00e9gl\u0151be,<br>\u00daj vezet\u0151t, \u00e9pp kerestek.<br>Nem sok\u00e1ig t\u00e9tov\u00e1zott,<br>Leszerz\u0151d\u00f6tt r\u00f6gvest otthon.<\/p>\n\n\n\n<p class=\"wp-block-paragraph\">Vend\u00e9gek ide nem j\u00e1rtak,<br>\u00dcres volt mindig a kocsma.<br>Felh\u00edvta a V\u00e1ndorzen\u00e9szt,<br>Leszerz\u0151dtette h\u00e1t ism\u00e9t.<\/p>\n\n\n\n<p class=\"wp-block-paragraph\">Felcsend\u00fclt m\u00e1snap a zene,<br>Zongora sz\u00f3lt, l\u00e1gyan zengve.<br>A dobos el\u00e9nekelte,<br>A r\u00e9gi dalt felid\u00e9zte.<\/p>\n\n\n\n<p class=\"wp-block-paragraph\">Mikor Juna meghallotta,<br>Visszat\u00e9rt a r\u00e9gi v\u00e1gya.<br>A sz\u00edve oly nagyot dobbant,<br>Bl\u00faz\u00e1r\u00f3l a gomb leszakadt.<\/p>\n\n\n\n<p class=\"wp-block-paragraph\">Gurult messze, messzes\u00e9gbe,<br>El is veszett mind\u00f6r\u00f6kre.<br>De a szerelem megmaradt.<br>Felcsig\u00e1zva az \u00e1lmokat.<\/p>\n\n\n\n<p class=\"wp-block-paragraph\">P\u00e1r nap m\u00falva a R\u00f3zsa-kert<br>Minden este telth\u00e1zas lett.<br>Bajszi pedig szorgalmasan,<br>Juna mellett \u00e1llt mag\u00e1ban.<\/p>\n\n\n\n<p class=\"wp-block-paragraph\">\u0150rk\u00f6d\u00f6tt ott, mint egy rend\u0151r,<br>Vagy a r\u00e9gi h\u00edres csend\u0151r.<br>\u00c1m, sohase nem \u00e9rtette,<br>Mi\u00e9rt lett m\u00e1s a szerelme.<\/p>\n\n\n\n<p class=\"wp-block-paragraph\">Titkon az\u00e9rt biztos tudta,<br>Juna \u00e9rz\u00e9se m\u00e1s\u00e9 ma.<br>Nem mondja, \u00e9s nem mutatja.<br>Merre j\u00e1r a gondolata.<\/p>\n\n\n\n<p class=\"wp-block-paragraph\">J\u00f6tt a tavasz a kikelet,<br>Nem fakultak az \u00e9rzelmek.<br>Elk\u00f6sz\u00f6nt a V\u00e1ndorzen\u00e9sz,<br>Messzire ment-, eml\u00e9ke \u00e9lt.<\/p>\n\n\n\n<p class=\"wp-block-paragraph\">Juna sz\u00edve \u00e1rva maradt,<br>Az \u00e9vek meg teltek m\u00faltak.<br>Ezut\u00e1n m\u00e1r sosem l\u00e1tta,<br>Zongor\u00e1j\u00e1t sem hallotta.<\/p>\n\n\n\n<p class=\"wp-block-paragraph\">HETEDIK STR\u00d3FA<\/p>\n\n\n\n<p class=\"wp-block-paragraph\">(A) V\u00e1ndorzen\u00e9sz utazgatott,<br>S bej\u00e1rta a f\u00e9l vil\u00e1got.<br>Nyugtalan sz\u00edve nem hagyta,<br>Nem volt neki nyugodt \u00e1lma.<\/p>\n\n\n\n<p class=\"wp-block-paragraph\">Verseket \u00e9s zen\u00e9t is \u00edrt,<br>Id\u00e9zve Juna eml\u00e9kit.<br>Nem akarta elfeledni,<br>\u00c9rz\u00e9seit eltemetni.<\/p>\n\n\n\n<p class=\"wp-block-paragraph\">\u00c9rezte, \u00e9s b\u00edzott benne,<br>A sors helyrehoz, majd mindent.<br>Az \u00e9vek teltek \u00e9s m\u00faltak,<br>S v\u00e1rta egyszer elj\u00f6n a nap. &#8211;<\/p>\n\n\n\n<ul class=\"wp-block-list\">\n<li>Malit nagy boldogs\u00e1g \u00e9rte,<br>Megsz\u00fcletett kistestv\u00e9re.<br>\u00d6r\u00f6mmel azt \u00fajs\u00e1golta,<br>Nim\u00f3ka lett j\u00e1tsz\u00f3t\u00e1rsa.<\/li>\n<\/ul>\n\n\n\n<p class=\"wp-block-paragraph\">Ahogy n\u0151ttek, n\u00f6vekedtek,<br>Boldogs\u00e1guk is nagyobb lett.<br>Nagysz\u00fclei is \u00f6r\u00fcltek,<br>Unoka lett-, m\u00e1r nem is egy.<\/p>\n\n\n\n<p class=\"wp-block-paragraph\">\u0150k vigy\u00e1zt\u00e1k \u00e1lmaikat,<br>Am\u00edg sz\u00fcleik dolgoztak.<br>Iskol\u00e1ba j\u00e1rtak onnan,<br>Ahol sok sz\u00e9pet tanultak.<\/p>\n\n\n\n<p class=\"wp-block-paragraph\">Bajszi k\u00f6zben gondolkodott,<br>S egyre t\u00f6bb tervet kov\u00e1csolt.<br>Nagyf\u00e1ba v\u00e1gta a fejsz\u00e9t,<br>\u00c9p\u00edttette vend\u00e9gl\u0151j\u00e9t.<\/p>\n\n\n\n<p class=\"wp-block-paragraph\">Egyszer csak azt vett\u00e9k \u00e9szre,<br>L\u00e1nyaik feln\u0151ttek lettek.<br>Elad\u00f3sorba ker\u00fcltek,<br>Mali tal\u00e1lt is egy f\u00e9rjet.<\/p>\n\n\n\n<p class=\"wp-block-paragraph\">Mali \u00e9s Tyupi, szerelm\u00e9t,<br>K\u00f6vette a sz\u00e9p esket\u00e9s.<br>Lakodalmat csaptak nagyot,<br>\u00d6r\u00f6m\u00fcnnepet-, boldogot.<\/p>\n\n\n\n<p class=\"wp-block-paragraph\">Sz\u00fcleit\u0151l aj\u00e1nd\u00e9kba,<br>\u00c9p\u00fclt nekik, egy palota.<br>Elfoglalt\u00e1k, s bek\u00f6lt\u00f6ztek.<br>Igaz boldogs\u00e1gban \u00e9ltek.<\/p>\n\n\n\n<p class=\"wp-block-paragraph\">Egyszer ennek v\u00e9ge szakadt,<br>A napjaik megromlottak.<br>Kerest\u00e9k az ok\u00e1t ennek,<br>Sz\u00fcl\u0151k \u00e9s \u0151k mind a n\u00e9gyen.<\/p>\n\n\n\n<p class=\"wp-block-paragraph\">Fiatalok voltak nagyon,<br>Mikor volt a lakodalom.<br>Pont egyforma nagyok voltak,<br>Erre \u0151k m\u00e9g nem gondoltak.<\/p>\n\n\n\n<p class=\"wp-block-paragraph\">Az \u00e9vek, ahogyan m\u00faltak,<br>Mali n\u0151tt, \u00e9s lett magasabb.<br>Ebb\u0151l lett a katasztr\u00f3fa,<br>H\u00e1zass\u00e1gi trag\u00e9dia.<\/p>\n\n\n\n<p class=\"wp-block-paragraph\">Juna sokat gondolkodott,<br>A nagy bajban-, s nem nyugodott.<br>Egyszer megjelent el\u0151tte,<br>Cig\u00e1nyasszonynak a k\u00e9pe.<\/p>\n\n\n\n<p class=\"wp-block-paragraph\">J\u00f3slat\u00e1n r\u00e9gen nevetett,<br>(Most) j\u00f3slata beteljesedett.<br>Nem egyforma nagyok \u0151k m\u00e1r,<br>Ez okoz most trag\u00e9di\u00e1t.<\/p>\n\n\n\n<p class=\"wp-block-paragraph\">Mali \u00edgy m\u00e1st nem tehetett,<br>Jegy\u0171r\u0171je m\u00e1r nem kellett.<br>Visszaadta h\u00e1t Tyupinak,<br>S egy sz\u00e9p napon el is v\u00e1ltak.<\/p>\n\n\n\n<p class=\"wp-block-paragraph\">NYOLCADIK STR\u00d3FA<\/p>\n\n\n\n<p class=\"wp-block-paragraph\">Volt egy l\u00e1nyuk \u00e9s egy fiuk,<br>H\u00e1nyatott lett, nekik sorsuk.<br>Malival \u00e9ltek sok\u00e1ig,<br>Majd elmentek, boldogulni.<\/p>\n\n\n\n<p class=\"wp-block-paragraph\">Mali gy\u00f6ny\u00f6r\u0171 asszony volt,<br>Palot\u00e1t, s mindent eladott.<br>B\u00edzott nagyon sz\u00e9ps\u00e9g\u00e9ben,<br>\u00daj \u00e9letnek rem\u00e9ny\u00e9ben.<\/p>\n\n\n\n<p class=\"wp-block-paragraph\">Nevenincs falut, elhagyta,<br>S elk\u00f6lt\u00f6z\u00f6tt Dun\u00e1nt\u00falra.<br>Sz\u00e9ps\u00e9ge nem hagyta cserben,<br>Nem volt hi\u00e1ny a k\u00e9r\u0151kben.<\/p>\n\n\n\n<p class=\"wp-block-paragraph\">Egyszer m\u00e9g megh\u00e1zasodott,<br>Feledve a var\u00e1zslatot.<br>A j\u00f3slat az itt is bev\u00e1lt,<br>G\u00e1tolta a boldogs\u00e1g\u00e1t.<\/p>\n\n\n\n<p class=\"wp-block-paragraph\">Elv\u00e1lt teh\u00e1t, b\u00e1nat\u00e1ban,<br>A j\u00f3slatnak hatalm\u00e1ban.<br>Mindennel megpr\u00f3b\u00e1lkozott,<br>Terveivel cs\u0151d\u00f6t mondott.<\/p>\n\n\n\n<p class=\"wp-block-paragraph\">A k\u00e9r\u0151k csak egyre j\u00f6ttek,<br>F\u0171t-f\u00e1t, s minden j\u00f3t \u00edg\u00e9rtek.<br>Pont akkora egyik sem volt,<br>Nem lehetett volna boldog.<\/p>\n\n\n\n<p class=\"wp-block-paragraph\">Soha t\u00f6bb\u00e9 nem ment f\u00e9rjhez,<br>\u00c9lett\u00e1rsa volt nem is egy.<br>Id\u0151vel mind elzavarta,<br>S nem t\u00e9rt vissza a nyugalma.<\/p>\n\n\n\n<p class=\"wp-block-paragraph\">Hely\u00e9t soha nem tal\u00e1lta,<br>A h\u00e1zait v\u00e1ltogatta,<br>Mindet \u00c1mor-laknak h\u00edvta,<br>Ki is \u00edrta a falakra.<\/p>\n\n\n\n<p class=\"wp-block-paragraph\">K\u00e9t ny\u00edl jelezte szer\u00e9nyen,<br>V\u00e1rat ott egy nagy szerelem.<br>De \u00c1mor se nem seg\u00edtett,<br>Mag\u00e1nyos lett-, \u00f6regs\u00e9gre. &#8211;<\/p>\n\n\n\n<ul class=\"wp-block-list\">\n<li>Juna, s Bajszi nem egyezett,<br>H\u00e1zass\u00e1guknak v\u00e9ge lett.<br>Elv\u00e1ltak \u00e9s k\u00fcl\u00f6n mentek,<br>Az \u00e9rzelmek, megrekedtek.<\/li>\n<\/ul>\n\n\n\n<p class=\"wp-block-paragraph\">Juna sok\u00e1 egyed\u00fcl \u00e9lt,<br>M\u00e9gsem adta fel a rem\u00e9nyt.<br>T\u00e1rsra v\u00e1gyott, szerelemre,<br>Boldogs\u00e1gra, \u00f6r\u00f6m\u00f6kre.<\/p>\n\n\n\n<p class=\"wp-block-paragraph\">Sz\u00e9passzony volt-, nagyon is sz\u00e9p,<br>Tudta, hogy ez seg\u00edt majd m\u00e9g.<br>El is j\u00f6tt a boldog \u00f3ra,<br>P\u00e1l \u00farnak az aj\u00e1nlata.<\/p>\n\n\n\n<p class=\"wp-block-paragraph\">Elfogadta jeggy\u0171r\u0171j\u00e9t,<br>Neki adta szabad kez\u00e9t.<br>\u00daj \u00e9let\u00fck elkezd\u0151d\u00f6tt,<br>A f\u00e9nyes Nap r\u00e1juk s\u00fct\u00f6tt.<\/p>\n\n\n\n<p class=\"wp-block-paragraph\">Juna pressz\u00f3j\u00e1t vezette,<br>P\u00e1l \u00far lett a seg\u00edt\u0151je.<br>R\u00e1kapott a j\u00e1t\u00e9kg\u00e9pre,<br>Ami sok p\u00e9nz\u00e9t elnyerte.<\/p>\n\n\n\n<p class=\"wp-block-paragraph\">Veszt\u00e9sk\u00f6zben iszogatott,<br>Azt gondolta szerencs\u00e9t hoz.<br>Szerencs\u00e9je elker\u00fclte,<br>Egyre t\u00f6bb lett vesztes\u00e9ge.<\/p>\n\n\n\n<p class=\"wp-block-paragraph\">Juna tudta, \u00e9s \u00e9rezte,<br>Ha ez \u00fagy megy, cs\u0151d a v\u00e9ge.<br>T\u00edz \u00e9v ut\u00e1n nem t\u0171rt tov\u00e1bb,<br>Kiadta P\u00e1l \u00farnak \u00fatj\u00e1t.<\/p>\n\n\n\n<p class=\"wp-block-paragraph\">KILENCEDIKSTR\u00d3FA<\/p>\n\n\n\n<p class=\"wp-block-paragraph\">Mag\u00e1nyos lett ism\u00e9t szeg\u00e9ny,<br>\u00c9rezte meghalt a rem\u00e9ny.<br>Gondterhelt napjai lettek,<br>Az \u00e9vek rohanva siettek.<\/p>\n\n\n\n<p class=\"wp-block-paragraph\">\u00c1lm\u00e1ban az egyik \u00e9jjel,<br>(A) V\u00e1ndorzen\u00e9sz felkereste.<br>Lid\u00e9rces \u00e1lomnak hitte,<br>S visszat\u00e9rt k\u00ednz\u00f3 szerelme.<\/p>\n\n\n\n<ul class=\"wp-block-list\">\n<li>A sors-, legnagyobb rendez\u0151,<br>M\u00e1st gondolt a nagy tervez\u0151.<br>Nim\u00f3ka amint feln\u0151tt lett,<br>Ifj\u00fa sz\u00edve izzott, \u00e9gett.<\/li>\n<\/ul>\n\n\n\n<p class=\"wp-block-paragraph\">Anyja seg\u00edts\u00e9g\u00e9t k\u00e9rte.<br>H\u00e1zass\u00e1got emlegetve.<br>Mivel gy\u00f6ny\u00f6r\u0171 l\u00e1nyka volt,<br>K\u00f6r\u00fclrajongt\u00e1k-, h\u00f3dol\u00f3k.<\/p>\n\n\n\n<p class=\"wp-block-paragraph\">Volt egy-, ki legszebben besz\u00e9lt,<br>Elnyerte Nim\u00f3ka kez\u00e9t.<br>K\u00f6zt\u00fck nagy lett a szerelem,<br>Boldog\u00edt\u00f3 rem\u00e9nyekben.<\/p>\n\n\n\n<p class=\"wp-block-paragraph\">Zsongott is az eg\u00e9sz falu,<br>Mikor j\u00f6tt a lakodalmuk.<br>\u00c1tmulatt\u00e1k az \u00e9jszak\u00e1t,<br>M\u00e9g a pap is t\u00e1ncolt,- cs\u00e1rd\u00e1st.<\/p>\n\n\n\n<p class=\"wp-block-paragraph\">Menyasszony-t\u00e1nc forgataga,<br>Eg\u00e9sz falut t\u00e1ncba h\u00edvta.<br>A nagy szita megtelt p\u00e9nzzel,<br>\u00dajat hoztak-, der\u0171s h\u00e9vvel.<\/p>\n\n\n\n<p class=\"wp-block-paragraph\">H\u00e1romnapos lakodalom,<br>V\u00e9get \u00e9rt-, harmadik napon.<br>H\u00f3napokig emlegett\u00e9k,<br>Mindenfel\u00e9 azt besz\u00e9lt\u00e9k.<\/p>\n\n\n\n<p class=\"wp-block-paragraph\">Nim\u00f3k\u00e1n\u00e1l, sosem volt szebb,<br>Csak egy menyasszony nagyon r\u00e9gen.<br>Sem Nim\u00f3ka, se nem Mali,<br>Jun\u00e1t nem tudta hajazni.<\/p>\n\n\n\n<p class=\"wp-block-paragraph\">De, minden elm\u00falik egyszer,<br>V\u00e9ge is szakad mindennek.<br>Nagy szerelm\u00fck cs\u0151dbe jutott,<br>S \u00e9let\u00fck z\u00e1tonyra futott.<\/p>\n\n\n\n<p class=\"wp-block-paragraph\">Gyermek\u00fck egy\u00e9ves sem volt.<br>H\u0171tlen f\u00e9rje elt\u00e1vozott.<br>Kacsal\u00e1bon forg\u00f3 h\u00e1zuk.<br>Nem lett nekik boldogs\u00e1guk.<\/p>\n\n\n\n<ul class=\"wp-block-list\">\n<li>Mostohaapa j\u00f6tt a h\u00e1zba,<br>Nim\u00f3k\u00e1nak, \u00fajabb t\u00e1rsa.<br>Esk\u00fcd\u00f6z\u00f6tt \u00e9gre-f\u00f6ldre.<br>A templomi esket\u00e9sen.<\/li>\n<\/ul>\n\n\n\n<p class=\"wp-block-paragraph\">Nim\u00f3ka is b\u00edzott benne,<br>R\u00e1tal\u00e1lt egy j\u00f3 emberre.<br>H\u00e1rom gyermek\u00fck sz\u00fcletett,<br>Ezek voltak boldog \u00e9vek.<\/p>\n\n\n\n<p class=\"wp-block-paragraph\">Azt\u00e1n minden megv\u00e1ltozott,<br>Dorcsa, ivott, s mulatozott.<br>Nem t\u00f6r\u0151d\u00f6tt semmivel sem,<br>Haszontalan, hitv\u00e1nny\u00e1 lett.<\/p>\n\n\n\n<p class=\"wp-block-paragraph\">Nim\u00f3ka mindent megpr\u00f3b\u00e1lt,<br>Ny\u00e1rson s\u00fct\u00f6ttek szalonn\u00e1t,<br>Vend\u00e9geket h\u00edvott ehhez,<br>De Dorcs\u00e1nak ez sem tetszett.<\/p>\n\n\n\n<p class=\"wp-block-paragraph\">R\u00e9szegs\u00e9ge lett mindene,<br>Az volt az \u00fajabb szerelme.<br>Nim\u00f3ka \u00e9s n\u00e9gy gyermeke.<br>Sorsa meg lett pecs\u00e9telve.<\/p>\n\n\n\n<p class=\"wp-block-paragraph\">TIZEDIK STR\u00d3FA<\/p>\n\n\n\n<p class=\"wp-block-paragraph\">T\u00f6rte a kis buksi fej\u00e9t,<br>Hogyan tartsa meg a f\u00e9rj\u00e9t.<br>Tal\u00e1n egy megold\u00e1s volna,<br>\u00daj k\u00f6rnyezet (hol) nincs cimbora.<\/p>\n\n\n\n<p class=\"wp-block-paragraph\">Gondolat\u00e1t tett k\u00f6vette,<br>J\u00f6v\u0151j\u00fcket tervezgette.<br>Mind egy lapra azt feltette,<br>Dorcs\u00e1val is ismertette.<\/p>\n\n\n\n<p class=\"wp-block-paragraph\">Sz\u00fcleiknek aj\u00e1nd\u00e9ka,<br>Gyorsan el lett \u00edgy, herd\u00e1lva.<br>Dorcsa el\u0151bb vonakodott,<br>V\u00e9g\u00fcl mindent elfogadott.<\/p>\n\n\n\n<p class=\"wp-block-paragraph\">Malihoz h\u00e1t hasonl\u00f3an,<br>Dun\u00e1nt\u00falra v\u00e1ndoroltak.<br>T\u00f6kfalv\u00e1n letelepedtek,<br>Egy fah\u00e1zban raktak f\u00e9szket.<\/p>\n\n\n\n<p class=\"wp-block-paragraph\">Fenn a dombon,- (a) templom felett,<br>Hol alig j\u00e1rtak emberek.<br>Nem volt kocsma, sem cimbora,<br>Dorcsa hely\u00e9t nem tal\u00e1lta.<\/p>\n\n\n\n<p class=\"wp-block-paragraph\">Dorcsa \u00edgy h\u00e1t csak dolgozott,<br>Rengeteg p\u00e9nzt hazahordott.<br>Nim\u00f3ka a n\u00e9gy gyermek\u00e9t,<br>Gondozta, s nevelte kincs\u00e9t.<\/p>\n\n\n\n<p class=\"wp-block-paragraph\">Vas\u00e1rnaponk\u00e9nt pihentek,<br>Sz\u00e9p csendesen besz\u00e9lgettek.<br>N\u00e9ha focizni elmentek,<br>Labd\u00e1ztak \u00e9s cselezgettek.<\/p>\n\n\n\n<p class=\"wp-block-paragraph\">Ritk\u00e1n a boltb\u00f3l Nim\u00f3ka,<br>Bort vitt haza-, s koccintottak.<br>Akkor szeg\u00e9ny nem gondolta,<br>Dorcsa ezt majd kihaszn\u00e1lja.<\/p>\n\n\n\n<p class=\"wp-block-paragraph\">Egy darabig \u00edgy megvoltak,<br>Gondjaik h\u00e1t nem is voltak.<br>De titokban m\u00e1r Dorcs\u00e1ban,<br>\u00c9rlel\u0151d\u00f6tt a gondolat.<\/p>\n\n\n\n<p class=\"wp-block-paragraph\">Munka ut\u00e1n a faluba\u2019,<br>Felkutatta, hol van kocsma.<br>Kezdte, ahol abbahagyta,<br>Lett is hamar sok cimbora.<\/p>\n\n\n\n<p class=\"wp-block-paragraph\">M\u00e1moros fejjel j\u00e1rt h\u00e1t haza,<br>Nim\u00f3k\u00e1t, nyugton nem hagyta.<\/p>\n\n\n\n<ul class=\"wp-block-list\">\n<li>K\u00f6zbesz\u00f3ltam s megk\u00e9rdeztem,<br>T\u00f6kfalva az, milyen n\u00e9v ez.<\/li>\n<\/ul>\n\n\n\n<p class=\"wp-block-paragraph\">Az ap\u00f3 bajsz\u00e1t p\u00f6d\u00f6rte,<br>Majd el is mondta, nevetve.<br>Valamikor r\u00e9ges-r\u00e9gen,<br>Mindig csak t\u00f6k\u00f6t termeltek.<\/p>\n\n\n\n<p class=\"wp-block-paragraph\">A t\u00f6k\u00f6k ott a j\u00f3 f\u00f6ldben,<br>Hatalmasra n\u00f6vekedtek.<br>Az \u0151slak\u00f3k \u00e9lelmesen,<br>Ajt\u00f3t v\u00e1jtak mindegyiken.<\/p>\n\n\n\n<p class=\"wp-block-paragraph\">Ablakok is d\u00edsz\u00edtett\u00e9k,<br>T\u00f6kh\u00e1zakat sz\u00e9p\u00edtett\u00e9k.<br>(A) kisebb t\u00f6k\u00f6ket s\u00fct\u00f6tt\u00e9k,<br>Magjukat is mind megett\u00e9k.<\/p>\n\n\n\n<p class=\"wp-block-paragraph\">Kik a t\u00f6kb\u0151l egyszer ettek,<br>Sohasem lettek betegek.<br>Orvos sem kellett h\u00e1t oda,<br>Sem gy\u00f3gyszer\u00e9sz, sem patika.<\/p>\n\n\n\n<p class=\"wp-block-paragraph\">Gy\u00f6ny\u00f6r\u0171 volt r\u00e9g T\u00f6kfalva,<br>Minden h\u00e1za t\u00f6kegyforma.<br>Ebb\u0151l lett azt\u00e1n galiba,<br>V\u00e1ltoztatni kellett rajta.<\/p>\n\n\n\n<p class=\"wp-block-paragraph\">TIZENEGYEDIK STR\u00d3FA<\/p>\n\n\n\n<p class=\"wp-block-paragraph\">A kocsm\u00e1ba, ha ber\u00fagtak,<br>Nem tal\u00e1ltak onnan haza.<br>Egym\u00e1s h\u00e1z\u00e1ba kopogtak,<br>Vagy sokszor be is nyitottak.<\/p>\n\n\n\n<p class=\"wp-block-paragraph\">F\u00e9lt\u00e9kenys\u00e9g ebb\u0151l fakadt,<br>Az\u00e9rt azon v\u00e1ltoztattak.<br>Nagy templomot \u00e9p\u00edtettek,<br>A tornya (az) ir\u00e1ny jelezte.<\/p>\n\n\n\n<p class=\"wp-block-paragraph\">Ez sem volt j\u00f3, m\u00e1s \u00f6tlet kell,<br>\u00c1lltak el\u0151 \u00faj tervekkel.<br>Ha k\u00f6d borult a falura,<br>Nem tal\u00e1ltak ism\u00e9t haza.<\/p>\n\n\n\n<p class=\"wp-block-paragraph\">\u00cdgy a t\u00f6kh\u00e1zaknak sorsa,<br>A falut megv\u00e1ltoztatta.<br>T\u00e9gla h\u00e1zak, sz\u00e9les utc\u00e1k,<br>J\u00f6ttek a t\u00f6kh\u00e1zak ut\u00e1n<\/p>\n\n\n\n<p class=\"wp-block-paragraph\">A t\u00f6kh\u00e1zakat kihordt\u00e1k,<br>S elfogyasztott\u00e1k a cs\u00f3k\u00e1k.<br>Ett\u0151l hatalmasra n\u0151ttek,<br>S szaporodtak rengetegre.<\/p>\n\n\n\n<p class=\"wp-block-paragraph\">S\u00e9t\u00e1lgattak csak lihegve,<br>A rep\u00fcl\u00e9st elfeledve.<br>Nem f\u00e9rtek m\u00e1r a faluban,<br>\u00datban voltak minduntalan.<\/p>\n\n\n\n<p class=\"wp-block-paragraph\">Sok cs\u00f3ka olyan k\u00f6v\u00e9r volt,<br>Mint egy borj\u00fa, vagy egy diszn\u00f3.<br>Az\u00e9rt azt\u00e1n mindenfel\u00e9,<br>Az orsz\u00e1gban sz\u00e9jjelvitt\u00e9k.<\/p>\n\n\n\n<p class=\"wp-block-paragraph\">T\u00f6kfalv\u00e1b\u00f3l, Cs\u00f3kak\u0151 lett,<br>M\u00falt id\u0151kre eml\u00e9kezve.<br>Orvos is van, \u00e9s patika,<br>S elt\u00e9ved\u00e9s nincsen soha.<\/p>\n\n\n\n<p class=\"wp-block-paragraph\">De most azt\u00e1n \u00e9des fiam,<br>Pihennem kell, az, j\u00f3 volna.<br>El\u0151veszem tajt\u00e9kpip\u00e1m,<br>Abba t\u00f6lt\u00f6k szagos doh\u00e1nyt.<\/p>\n\n\n\n<p class=\"wp-block-paragraph\">Te is pihenj, t\u00e9gy valamit,<br>Vegy\u00e9l el\u0151 \u00fajabb pap\u00edrt.<br>Sok mindent le kell m\u00e9g \u00edrnod,<br>Mire elfogy a mondand\u00f3m.<\/p>\n\n\n\n<p class=\"wp-block-paragraph\">F\u00fcstkarik\u00e1t eregetve,<br>F\u00fajta f\u00fcstj\u00e9t elmerengve.<br>Pip\u00e1j\u00e1nak csutor\u00e1j\u00e1t,<br>Fogai k\u00f6zt hetyk\u00e9n tartv\u00e1n<\/p>\n\n\n\n<p class=\"wp-block-paragraph\">(Az) ap\u00f3 k\u00f6zben hozz\u00e1f\u0171zte,<br>Magyar\u00e1zat\u00e1t el\u0151re.<br>Nehogy rosszul f\u00e9lre\u00e9rtsem,<br>Amit \u00edrtam az, m\u00e1s legyen.<\/p>\n\n\n\n<p class=\"wp-block-paragraph\">E t\u00f6rt\u00e9netnek idej\u00e9n,<br>Minden m\u00e1s volt, r\u00e9gesr\u00e9g.<br>Nappalok \u00e9s az \u00e9jszak\u00e1k,<br>V\u00e1ltott\u00e1k csak mindig egym\u00e1st.<\/p>\n\n\n\n<p class=\"wp-block-paragraph\">Tengerek, tavak \u00e9s foly\u00f3k,<br>V\u00f6lgyek, homoksivatagok,<br>Nem l\u00e9teztek, \u00e9s nem is volt,<br>Csup\u00e1n hegyek, mez\u0151k, bokrok.<\/p>\n\n\n\n<p class=\"wp-block-paragraph\">Erd\u0151kben f\u00e1k hatalmasok,<br>T\u00fczel\u00e9sre alkalmasok.<br>\u00cdgy \u00e9ltek ott Nim\u00f3k\u00e1\u00e9k,<br>Mind ez ma m\u00e1r csup\u00e1n eml\u00e9k.<\/p>\n\n\n\n<p class=\"wp-block-paragraph\">H\u00e1rom kisl\u00e1ny \u00e9s a fiuk,<br>Dorcsa \u00e9s a sok szomsz\u00e9djuk.<br>\u00c1sott k\u00fat volt az udvaron,<br>Feneketlen, \u00e9s m\u00e9ly nagyon.<\/p>\n\n\n\n<p class=\"wp-block-paragraph\">TIZENKETTEDIK STR\u00d3FA<\/p>\n\n\n\n<p class=\"wp-block-paragraph\">Nim\u00f3ka eg\u00e9sz nap mosott,<br>Vizet a k\u00fatjukb\u00f3l kapott.<br>A feh\u00e9r ruh\u00e1k ragyogtak,<br>K\u00e9k\u00edt\u0151t\u0151l szebbek voltak.<\/p>\n\n\n\n<p class=\"wp-block-paragraph\">Mikor a v\u00edz m\u00e1r nem kellett,<br>Ki\u00f6nt\u00f6tte, az eg\u00e9szet.<br>A dombr\u00f3l folyt az lefel\u00e9,<br>Nagyon gyorsan cs\u00f6rgedezv\u00e9n.<\/p>\n\n\n\n<p class=\"wp-block-paragraph\">Ebb\u0151l lettek a patakok,<br>Patakokb\u00f3l a kis foly\u00f3k,<br>Foly\u00f3kb\u00f3l meg a folyamok,<br>Tengerek \u00e9s \u00f3ce\u00e1nok.<\/p>\n\n\n\n<p class=\"wp-block-paragraph\">K\u00e9k\u00edt\u0151t\u0151l a tengerek,<br>Mind egyforma k\u00e9kek lettek.<br>Nim\u00f3ka a vizes ruh\u00e1t,<br>Teregette az udvar\u00e1n.<\/p>\n\n\n\n<p class=\"wp-block-paragraph\">Volt azok k\u00f6zt minden f\u00e9le,<br>Pelenka, leped\u0151, ingek.<br>Sz\u00ednes nem volt-, mind feh\u00e9rek,<br>Rik\u00edtva ott lengedeztek.<\/p>\n\n\n\n<p class=\"wp-block-paragraph\">N\u00e9ha mikor vihar t\u00e1madt,<br>A sz\u00e9l felkapott egy p\u00e1rat.<br>Vitte fel a magas \u00e9gre,<br>Minden fel\u00e9 szerte-sz\u00e9jjel.<\/p>\n\n\n\n<p class=\"wp-block-paragraph\">Ezekb\u0151l lettek a felh\u0151k,<br>Pelenk\u00e1kb\u00f3l b\u00e1r\u00e1nyfelh\u0151k.<br>\u00cdgy v\u00e1ltozott meg a vil\u00e1g,<br>Megalkott\u00e1k a nagy csod\u00e1t.<\/p>\n\n\n\n<p class=\"wp-block-paragraph\">Mikor Dorcsa nem kocsm\u00e1zott,<br>Udvaron \u00fclt, \u00e9s pip\u00e1zott.<br>Ha sz\u00e9lcsend volt \u00e9s nyugalom,<br>F\u00fcst bor\u00edtott mindent otthon.<\/p>\n\n\n\n<p class=\"wp-block-paragraph\">De, ha nagy sz\u00e9l kerekedett,<br>A nagy f\u00fcstnek is v\u00e9ge lett.<br>Abb\u00f3l lett k\u00f6dnek hom\u00e1lya,<br>K\u00f6db\u0151l meg lett d\u00e9r, z\u00fazmara.<\/p>\n\n\n\n<p class=\"wp-block-paragraph\">Ha a sz\u00ednek keveredtek,<br>A sz\u00ednes ruh\u00e1k, festettek.<br>Ebb\u0151l lett a sz\u00e9p sziv\u00e1rv\u00e1ny,<br>Der\u00fclt \u00e9gen cs\u00edkot h\u00fazv\u00e1n.<\/p>\n\n\n\n<p class=\"wp-block-paragraph\">A Nap, \u00e9s Hold \u00f6r\u00f6kk\u00f6n volt,<br>\u00c9s ragyogtak a csillagok.<br>De azok, mind-mind l\u00e1mp\u00e1sok,<br>Az emberekhez tartoz\u00f3k.<\/p>\n\n\n\n<p class=\"wp-block-paragraph\">Mindenkinek van csillaga,<br>Az olaj\u00e9g\u0151s l\u00e1mp\u00e1kba\u2019.<br>Ha kifogy az olaj abb\u00f3l,<br>Meghal a hozz\u00e1tartoz\u00f3.<\/p>\n\n\n\n<p class=\"wp-block-paragraph\">A l\u00e1mp\u00e1kat minden este,<br>Angyalok gy\u00fajtogatj\u00e1k meg.<br>Hogyha j\u00f6n a f\u00e9nyl\u0151 reggel,<br>El is oltj\u00e1k mindegyiket.<\/p>\n\n\n\n<p class=\"wp-block-paragraph\">Aki j\u00f3 \u00e9s becs\u00fcletes,<br>L\u00e1mp\u00e1j\u00e1t ritk\u00e1n gy\u00fajtj\u00e1k meg.<br>\u00cdgy h\u00e1t azok tov\u00e1bb \u00e9lnek,<br>Mint a rossz, b\u0171n\u00f6s emberek.<\/p>\n\n\n\n<p class=\"wp-block-paragraph\">Kiknek l\u00e1mp\u00e1ja kialszik<br>Lehull az anyaf\u00f6ldre mind.<br>Ez volna a csillaghull\u00e1s,<br>A hossz\u00fa ny\u00e1ri \u00e9jszak\u00e1n.<\/p>\n\n\n\n<p class=\"wp-block-paragraph\">Ha kisgyermekek sz\u00fcletnek,<br>\u0150k is l\u00e1mp\u00e1t kapnak egyet.<br>Hogy az meddig vil\u00e1g\u00edt majd,<br>(Az) olajt\u00f3l f\u00fcgg, hogyan fogy az.<\/p>\n\n\n\n<p class=\"wp-block-paragraph\">TIZENHARMADIK STR\u00d3FA<\/p>\n\n\n\n<p class=\"wp-block-paragraph\">Ezt sokan m\u00e1r nem is tudj\u00e1k.<br>Ahogy van, elfogadj\u00e1k.<br>Ap\u00e1m r\u00e9gen \u00edgy mes\u00e9lte,<br>Ez mind igaz, \u00e9s nem mese.<\/p>\n\n\n\n<p class=\"wp-block-paragraph\">Mondta ap\u00f3 b\u00fcszk\u00e9lkedve,<br>Mosolyogva, \u00e9s nevetve.<br>Sok mindent meg\u00e9rtem \u00e9n r\u00e9g,<br>Tan\u00fas\u00e1gos h\u00e1romsz\u00e1z \u00e9v.<\/p>\n\n\n\n<ul class=\"wp-block-list\">\n<li>Egyet csaknem kifeledtem,<br>Malit, Nim\u00f3k\u00e1t kettesben.<br>Szeretik \u0151k most is egym\u00e1st,<br>K\u00f6z\u00f6tt\u00fck nagy a t\u00e1vols\u00e1g.<\/li>\n<\/ul>\n\n\n\n<p class=\"wp-block-paragraph\">Pr\u00f3b\u00e1lgatj\u00e1k \u00e1thidalni,<br>Egym\u00e1st meg-megl\u00e1togatni.<br>Elindulnak n\u00e9ha napj\u00e1n,<br>Tal\u00e1lkozni egyikn\u00e9l t\u00e1n.<\/p>\n\n\n\n<p class=\"wp-block-paragraph\">F\u00e9l\u00fatn\u00e1l tov\u00e1bb nem jutnak,<br>Addig nagyon elf\u00e1radnak.<br>Visszafordulnak ilyenkor,<br>F\u00e9lnek a nagy t\u00e1vols\u00e1gt\u00f3l.<\/p>\n\n\n\n<p class=\"wp-block-paragraph\">Ritk\u00e1n az\u00e9rt tal\u00e1lkoznak,<br>Nagy boldogs\u00e1g olyankor az.<br>Besz\u00e9lgetnek, nevetg\u00e9lnek,<br>A r\u00e9gm\u00faltra eml\u00e9keznek.<\/p>\n\n\n\n<p class=\"wp-block-paragraph\">A csal\u00e1d \u00edgy sz\u00e9jjelhullott,<br>A t\u00e1vols\u00e1g uralkodott.<br>A k\u00e9t l\u00e1nynak hat gyermeke,<br>Egym\u00e1st m\u00e1r alig ismerte.<\/p>\n\n\n\n<p class=\"wp-block-paragraph\">Gyermekkori sz\u00e9p eml\u00e9kek,<br>Benn\u00fck laknak, benn\u00fck \u00e9lnek,<br>A sors tal\u00e1n \u00edgy akarta,<br>Vagy net\u00e1n egy gonosz tr\u00e9fa.<\/p>\n\n\n\n<p class=\"wp-block-paragraph\">Egyszer minden j\u00f3ra fordult,<br>Visszat\u00e9rt a boldogs\u00e1guk.<br>Vettek egy hatalmas kast\u00e9lyt,<br>\u00d6v\u00e9k lett az igazi f\u00e9ny.<\/p>\n\n\n\n<p class=\"wp-block-paragraph\">Dorcsa elhagyta Nim\u00f3k\u00e1t<br>V\u00e1rta otthon a sok bar\u00e1t,<br>Iv\u00f3cimbor\u00e1nak sora,<br>Lett neki a boldogs\u00e1ga.<\/p>\n\n\n\n<p class=\"wp-block-paragraph\">Malinak \u00e9s Nim\u00f3k\u00e1nak,<br>Hat gyermeke feln\u0151tt korba\u2019<br>Kirep\u00fclt mind, \u00e9s elmentek.<br>N\u00e9ha-n\u00e9ha visszat\u00e9rtek.<\/p>\n\n\n\n<p class=\"wp-block-paragraph\">Boldogs\u00e1g volt \u00faj \u00e9let\u00fck,<br>\u00d6regkori sz\u00e9p rem\u00e9ny\u00fck.<br>Egy\u00fctt j\u00e1rtak a templomba,<br>\u00dagy, mit r\u00e9g a falujukba\u2019.<\/p>\n\n\n\n<p class=\"wp-block-paragraph\">Kert\u00e9szkedtek, kiskertj\u00fckben,<br>\u00d6r\u00fcltek a sikereknek.<br>Alma, k\u00f6rte, sz\u0151l\u0151, szilva,<br>Termett sok a birtokukba\u2019.<\/p>\n\n\n\n<p class=\"wp-block-paragraph\">Amikor mindet leszedt\u00e9k,<br>Gyermekeiknek elvitt\u00e9k.<br>Egy ideig ott maradtak,<br>Vigy\u00e1ztak az unok\u00e1kra.<\/p>\n\n\n\n<p class=\"wp-block-paragraph\">Hazat\u00e9rtek permeteztek,<br>Mindenf\u00e9l\u00e9t egy\u00fctt tettek,<br>Megpr\u00f3b\u00e1lt\u00e1k bep\u00f3tolni,<br>A r\u00e9g id\u0151t visszahozni. &#8211;<\/p>\n\n\n\n<ul class=\"wp-block-list\">\n<li>Itt egy kicsit visszat\u00e9rek,<br>T\u00f6rt\u00e9netem elej\u00e9re.<br>Jun\u00e1ra -, V\u00e1ndorzen\u00e9szre,<br>\u00c9s a r\u00e9gi szerelm\u00fckre.<\/li>\n<\/ul>\n\n\n\n<p class=\"wp-block-paragraph\">TIZENNEGYEDIK STR\u00d3FA<\/p>\n\n\n\n<p class=\"wp-block-paragraph\">Az ap\u00f3, \u00edgy elm\u00e9lkedett,<br>Gondolatait rendezte.<br>R\u00e9g volt, sok-sok hossz\u00fa \u00e9ve.<br>M\u00e9g sincs az m\u00e9g, elfeledve. &#8211;<\/p>\n\n\n\n<p class=\"wp-block-paragraph\">(A) V\u00e1ndorzen\u00e9sz mikor elment,<br>Elvitte az eml\u00e9keket.<br>Vele marad minden perce,<br>Visszav\u00e1gyott mindezekre.<\/p>\n\n\n\n<p class=\"wp-block-paragraph\">Bej\u00e1rta a f\u00e9l vil\u00e1got,<br>Sok sz\u00e9p h\u00f6lgynek zongor\u00e1zott.<br>Mindegyikben Jun\u00e1t l\u00e1tta,<br>\u0150 volt \u00e9let\u00e9nek \u00e1lma.<\/p>\n\n\n\n<p class=\"wp-block-paragraph\">Tizenh\u00e1rom Jun\u00e1ja volt,<br>A sors vele j\u00e1tszadozott.<br>Elhagyott tizenk\u00e9t Jun\u00e1t,<br>\u00d6r\u00f6k\u00f6n az els\u0151re v\u00e1rt.<\/p>\n\n\n\n<p class=\"wp-block-paragraph\">\u00datnak indult, nem volt nyugta,<br>M\u00edg szerelm\u00e9t nem tal\u00e1lja.<br>\u00d3ri\u00e1sok f\u00f6ldj\u00e9n is volt,<br>Mindenfel\u00e9 elbarangolt.<\/p>\n\n\n\n<p class=\"wp-block-paragraph\">Vigy\u00e1zni kellett ott nagyon,<br>Nehogy egyeik re\u00e1 h\u00e1gjon.<br>Tenyer\u00fckbe is felvett\u00e9k,<br>Csod\u00e1lkozva bec\u00e9zgett\u00e9k.<\/p>\n\n\n\n<p class=\"wp-block-paragraph\">G\u00f3li\u00e1tokat ott l\u00e1tott,<br>K\u0151t\u00f6r\u0151ket, sok mel\u00e1kot.<br>(A) vil\u00e1g legnagyobb t\u00f6rp\u00e9je,<br>Ott \u00e9lt \u00f3ri\u00e1s k\u00e9p\u00e9be\u2019.<\/p>\n\n\n\n<p class=\"wp-block-paragraph\">Akkora volt, mint egy ember,<br>Kinek szak\u00e1lla nem kender.<br>De ott t\u00f6rp\u00e9nek sz\u00e1m\u00edtott,<br>\u00d3ri\u00e1sok k\u00f6zt ez val\u00f3.<\/p>\n\n\n\n<p class=\"wp-block-paragraph\">Nagy el\u00e1nnal megk\u00e9rdezte,<br>Jun\u00e1j\u00e1r\u00f3l \u00e9rdekl\u0151dve.<br>Onnan fentr\u0151l nem l\u00e1tj\u00e1k-e,<br>A szerelm\u00e9t errefele.<\/p>\n\n\n\n<p class=\"wp-block-paragraph\">Ak\u00e1rhogyan pipiskedek,<br>Senkit sem nem l\u00e1tok erre.<br>Menj a vasorr\u00fa bany\u00e1hoz,<br>H\u00e1tha neked szerencs\u00e9t hoz.<\/p>\n\n\n\n<p class=\"wp-block-paragraph\">El is ment \u0151 a bany\u00e1hoz,<br>Sepr\u0151n lovagl\u00f3 cs\u00fafs\u00e1ghoz.<br>A Nap ott nyugaton kel fel,<br>Hogy csak h\u00e1t\u00e1t l\u00e1ssa reggel.<\/p>\n\n\n\n<p class=\"wp-block-paragraph\">A sz\u00f6rnynek oly r\u00fat hangja volt,<br>Hogy mad\u00e1r arra nem dalolt.<br>Feltette neki k\u00e9rd\u00e9s\u00e9t,<br>Nem l\u00e1tta-e a kedves\u00e9t.<\/p>\n\n\n\n<p class=\"wp-block-paragraph\">A banya csak gondolkodott,<br>\u00d6tlet\u00e9vel el\u0151rukkolt.<br>Sepr\u0151je h\u00e1t\u00e1n v\u00e1gtatott,<br>Majd visszat\u00e9rt, \u00e9s b\u00f3lintott.<\/p>\n\n\n\n<p class=\"wp-block-paragraph\">L\u00e1ttam, akit te keresel,<br>Kire azt mondtad kedvesed.<br>Cs\u00f3kold meg a homlokomat,<br>Megmondom azt, hogy hol l\u00e1ttam.<\/p>\n\n\n\n<p class=\"wp-block-paragraph\">(A) V\u00e1ndorzen\u00e9sz nem tehet m\u00e1st,<br>Megcs\u00f3kolta a r\u00fat bany\u00e1t.<br>Ett\u0151l \u00e9lete v\u00e9g\u00e9ig,<br>Felriad, majd, ha \u00e1lmodik.<\/p>\n\n\n\n<p class=\"wp-block-paragraph\">A banya igazat mondott,<br>El\u00e1rulta Jun\u00e1t most ott.<br>Juna is r\u00e9g \u0151t keresi,<br>T\u00edz \u00e9ve m\u00e1r csak azt teszi.<\/p>\n\n\n\n<p class=\"wp-block-paragraph\">TIZEN\u00d6T\u00d6DIK STR\u00d3FA<\/p>\n\n\n\n<p class=\"wp-block-paragraph\">T\u00f6rt\u00e9nt akkor nagyon r\u00e9gen,<br>V\u00e1l\u00e1suknak, idej\u00e9ben.<br>Elosztott\u00e1k vagyonukat,<br>Bajszi gal\u00e1dul becsapta.<\/p>\n\n\n\n<p class=\"wp-block-paragraph\">Juna nem sz\u00f3lt, megnyugodott,<br>V\u00e9gre szabad-, gondolkodott.<br>K\u00e9s\u0151bb P\u00e1l \u00far lett a p\u00e1rja,<br>T\u00edz \u00e9v ut\u00e1n elzavarta.<\/p>\n\n\n\n<p class=\"wp-block-paragraph\">Juna ekkor \u00f6sszepakolt<br>Egy b\u0151r\u00f6ndbe sok-sok dolgot.<br>\u00datra kelek, megkeresem,<br>(A) V\u00e1ndorzen\u00e9szt, majd meglelem.<\/p>\n\n\n\n<p class=\"wp-block-paragraph\">Amint az utc\u00e1ra l\u00e9pett,<br>Fuvaros j\u00f6tt ott l\u00e9p\u00e9sben,<br>Juna sz\u00e9pen sz\u00f3lott hozz\u00e1,<br>A k\u00e9r\u00e9s\u00e9t el\u0151adv\u00e1n.<\/p>\n\n\n\n<p class=\"wp-block-paragraph\">Megegyeztek s elindultak,<br>Hossz\u00fa \u00fatnak nekiv\u00e1gtak.<br>Sz\u00e9passzony kocsisa \u00edgy lett,<br>T\u00edz \u00e9ven \u00e1t, am\u00edg mentek.<\/p>\n\n\n\n<p class=\"wp-block-paragraph\">Felkapaszkodott a bakra,<br>A kocsis mell\u00e9 \u00fclt Juna.<br>Akkor vette m\u00e9g csak \u00e9szre,<br>Valami nincs ottan rendbe\u2019.<\/p>\n\n\n\n<p class=\"wp-block-paragraph\">Tr\u00e9f\u00e1s ember volt a kocsis,<br>H\u00e1tra k\u00f6t\u00f6tte lovait.<br>Megunta m\u00e1r r\u00e9ges-r\u00e9gen,<br>Lovak fenek\u00e9t, hogy n\u00e9zze.<\/p>\n\n\n\n<p class=\"wp-block-paragraph\">A lovak \u00edgy a kocsit tolt\u00e1k,<br>Nem \u00fagy, mint r\u00e9g, mikor h\u00fazt\u00e1k.<br>Mind ketten okosak voltak,<br>Figyelt\u00e9k a gazd\u00e1jukat.<\/p>\n\n\n\n<p class=\"wp-block-paragraph\">Jobbra, balra, kellett menni,<br>Nem volt neh\u00e9z megjegyezni.<br>Bej\u00e1rt\u00e1k \u00edgy a vil\u00e1got,<br>Aki l\u00e1tta csod\u00e1lkozott.<\/p>\n\n\n\n<p class=\"wp-block-paragraph\">(A) V\u00e1ndorzen\u00e9szt nem tal\u00e1lt\u00e1k,<br>T\u00e1n elnyelte \u0151t a vil\u00e1g.<br>Mondta Juna, nincs m\u00e1r rem\u00e9ny,<br>Menj\u00fcnk haza-, ennyi el\u00e9g.<\/p>\n\n\n\n<p class=\"wp-block-paragraph\">T\u00edz \u00e9v m\u00falva haza\u00e9rtek,<br>Nevenincs faluba ketten.<br>Megk\u00f6sz\u00f6nte Juna sz\u00e9pen,<br>A kocsisnak illend\u0151en.<\/p>\n\n\n\n<p class=\"wp-block-paragraph\">\u00c9desanyja m\u00e1r r\u00e9g v\u00e1rta,<br>A le\u00e1ny\u00e1t v\u00e1gyakozva.<br>\u0150 akkor m\u00e1r r\u00e9g d\u00e9di volt,<br>\u00cdgy m\u00e1r dupl\u00e1n lett most boldog.<\/p>\n\n\n\n<p class=\"wp-block-paragraph\">A lovak mikor megl\u00e1tt\u00e1k,<br>Jun\u00e1nak a t\u00e1voz\u00e1s\u00e1t.<br>Megr\u00e1zt\u00e1k ekkor magukat.<br>Szersz\u00e1maik mind lehulltak.<\/p>\n\n\n\n<p class=\"wp-block-paragraph\">Felsz\u00e1lltak \u0151k a magasba,<br>S elr\u00f6p\u00fcltek messze, tova.<br>A gazd\u00e1juk csak b\u00e1multa,<br>N\u00e9zte-n\u00e9zte el\u00e1mulva.<\/p>\n\n\n\n<p class=\"wp-block-paragraph\">T\u00e1ltos parip\u00e1i voltak,<br>S addig nem tudta azt soha.<br>(A) kocsija gurulni kezdett,<br>Mint a sz\u00e9lv\u00e9sz, oly sebesen.<\/p>\n\n\n\n<p class=\"wp-block-paragraph\">Egy nagy f\u00e1nak neki rohant,<br>\u00d6ssze is t\u00f6rt darabokra.<br>A kocsis meg, mint egy s\u00f3haj,<br>Berep\u00fclt az egyik h\u00e1zba.<\/p>\n\n\n\n<p class=\"wp-block-paragraph\">TIZENHATODIK STR\u00d3FA<\/p>\n\n\n\n<p class=\"wp-block-paragraph\">Szerencs\u00e9re pont \u00f6v\u00e9 volt,<br>Falusz\u00e9len az utols\u00f3.<br>Ott \u00e9l most is bizony\u00e1ra,<br>Ha nem halt meg \u0151 valaha.<\/p>\n\n\n\n<ul class=\"wp-block-list\">\n<li>(A) V\u00e1ndorzen\u00e9sz nem adta fel,<br>B\u00edzott benne, vagy \u00e9rezte.<br>Egyszer \u00fagyis megtal\u00e1lja,<br>Jun\u00e1t majd a nagyvil\u00e1gba\u2019.<\/li>\n<\/ul>\n\n\n\n<p class=\"wp-block-paragraph\">Tal\u00e1lkozott egy t\u00fcnd\u00e9rrel,<br>Mondta neki, hogy kit keres.<br>Keresd meg az \u00fcveghegyet,<br>S menj fel annak tetej\u00e9re.<\/p>\n\n\n\n<p class=\"wp-block-paragraph\">Ott fenn a hegy szellem\u00e9nek<br>Van egy hatalmas t\u00e1vcs\u00f6ve.<br>Azzal onnan bel\u00e1thatod,<br>K\u00f6rbe-k\u00f6rbe a vil\u00e1got.<\/p>\n\n\n\n<p class=\"wp-block-paragraph\">A t\u00fcnd\u00e9r m\u00e9g megmutatta,<br>Merre menjen-, ha akarja.<br>Felkutatni a szerelm\u00e9t,<br>Azt csak onnan tudja, ha \u00e9l.<\/p>\n\n\n\n<p class=\"wp-block-paragraph\">H\u00e9t \u00e9vig ment, \u00e9jjel, nappal,<br>Gyalogosan, vagy kocsival.<br>V\u00e9gre egyszer oda is \u00e9rt,<br>S megtal\u00e1lta (a) szellem hegy\u00e9t.<\/p>\n\n\n\n<p class=\"wp-block-paragraph\">Br\u00fan\u00f3 kuty\u00e1ja vele volt,<br>K\u00eds\u00e9rte, mint j\u00f3 bar\u00e1tot.<br>(A) hegy l\u00e1b\u00e1n\u00e1l egy kapu volt,<br>Egy szerecsen ott \u00e1csorgott.<\/p>\n\n\n\n<p class=\"wp-block-paragraph\">\u00d3ri\u00e1s volt, \u00e9s fekete,<br>\u00datj\u00e1t \u00e1llta fenyegetve.<br>Mit akarsz itt hitv\u00e1ny v\u00e1ndor,<br>E k\u00e9ppen sz\u00f3lt, \u00e9s dobbantott.<\/p>\n\n\n\n<p class=\"wp-block-paragraph\">Dobbant\u00e1sa oly er\u0151s volt,<br>M\u00e9g a f\u00f6ld is megr\u00e1zk\u00f3dott.<br>De a zen\u00e9sz nem ijedt meg,<br>\u00c1llt nyugodtan, s b\u00fcszk\u00e9n n\u00e9zett.<\/p>\n\n\n\n<p class=\"wp-block-paragraph\">Hallgasd meg m\u00e9g a k\u00e9r\u00e9sem,<br>Azt\u00e1n elmegyek, \u00edg\u00e9rem.<br>Elmes\u00e9lte mi\u00e9rt van ott,<br>Bej\u00e1rta m\u00e1r a vil\u00e1got.<\/p>\n\n\n\n<p class=\"wp-block-paragraph\">De szerelm\u00e9t nem tal\u00e1lja,<br>B\u00e1r merre is j\u00e1r mag\u00e1ba.<br>Ezer \u00e9ve \u0151rk\u00f6d\u00f6m itt,<br>De m\u00e9g nem ment be itt senki.<\/p>\n\n\n\n<p class=\"wp-block-paragraph\">Oly szomor\u00fa t\u00f6rt\u00e9neted,<br>Ez\u00e9rt t\u00e9ged beengedlek.<br>\u00c1m a kuty\u00e1d velem marad,<br>\u0150rzi majd az \u00e9n kapumat.<\/p>\n\n\n\n<p class=\"wp-block-paragraph\">Ezer \u00e9ve nem aludtam,<br>V\u00e9gre alhatok nyugodtan.<br>A zen\u00e9sz elkomorodott,<br>Br\u00fan\u00f3 kuty\u00e1j\u00e1ra gondolt.<\/p>\n\n\n\n<p class=\"wp-block-paragraph\">Br\u00fan\u00f3 feln\u00e9zett most re\u00e1,<br>Mintha neki azt mondan\u00e1,<br>Menj nyugodtan dr\u00e1ga gazd\u00e1m,<br>A t\u00f6bbit meg b\u00edzd csak re\u00e1m.<\/p>\n\n\n\n<p class=\"wp-block-paragraph\">J\u00f3l van, itt hagyom kuty\u00e1mat,<br>De mondd meg az \u00fatvonalat.<br>Fogd a felvon\u00f3 p\u00e1ly\u00e1nak,<br>Dr\u00f3tk\u00f6tel\u00e9t, \u00e9s \u00fagy haladj.<\/p>\n\n\n\n<p class=\"wp-block-paragraph\">Van m\u00e9g k\u00e9t kapu el\u0151tted,<br>Mind kett\u0151-, lehet v\u00e9gzeted.<br>Az els\u0151n\u00e9l van egy bika,<br>Hatm\u00e9teres annak szarva.<\/p>\n\n\n\n<p class=\"wp-block-paragraph\">TIZENHETEDIK STR\u00d3FA<\/p>\n\n\n\n<p class=\"wp-block-paragraph\">Ki arra megy, fel\u00f6kleli.<br>V\u00e9ge is lesz r\u00f6gt\u00f6n neki.<br>H\u00e1rom oroszl\u00e1n van feljebb,<br>Nagyon vadak, \u00e9s \u00e9hesek.<\/p>\n\n\n\n<p class=\"wp-block-paragraph\">Most m\u00e1r l\u00f3dulj, indulj tov\u00e1bb,<br>K\u00f6sd a kapuhoz a kuty\u00e1d.<br>Lefek\u00fcdt ekkor a f\u00f6ldre,<br>Horkantott is r\u00f6gt\u00f6n egyet.<\/p>\n\n\n\n<p class=\"wp-block-paragraph\">\u00d3vatos volt, \u00e9s figyelmes,<br>Egyik szem\u00e9t nem csukta be.<br>Tal\u00e1n nem b\u00edzott Br\u00fan\u00f3ban,<br>Tekintgetett jobbra-balra.<\/p>\n\n\n\n<p class=\"wp-block-paragraph\">Br\u00fan\u00f3 figyelte a szem\u00e9t,<br>V\u00e1rta, hogy az becsuk\u00f3dj\u00e9k.<br>Akkor azt\u00e1n neki esett,<br>Sz\u00e9tr\u00e1gta a k\u00f6tel\u00e9ket.<\/p>\n\n\n\n<p class=\"wp-block-paragraph\">A zen\u00e9sz m\u00e1r h\u00e1rom napja,<br>(Az) \u00fcveghegyen, ment \u0151 gyorsan.<br>V\u00e9gre fel\u00e9rt a bik\u00e1hoz,<br>Aki l\u00e1tt\u00e1n toporz\u00e9kolt.<\/p>\n\n\n\n<p class=\"wp-block-paragraph\">Nagy hirtelen neki rohant,<br>Szarv\u00e1val \u00f6klelni akart.<br>Br\u00fan\u00f3 \u00e9pp akkor \u00e9rt oda,<br>S a bika orr\u00e1t elkapta.<\/p>\n\n\n\n<p class=\"wp-block-paragraph\">A bika forogni kezdett,<br>De Br\u00fan\u00f3 az nem engedett.<br>H\u00e1rom \u00f3r\u00e1ja m\u00e1r \u00edgy ment,<br>\u00c9s a bika \u00f6sszeesett.<\/p>\n\n\n\n<p class=\"wp-block-paragraph\">Kilehelte ott a lelk\u00e9t,<br>Elm\u00falt v\u00e9gre a nagy vesz\u00e9ly.<br>(A) V\u00e1ndorzen\u00e9sz gyorsan hamar,<br>Budlibicsk\u00e1j\u00e1t nyitotta.<\/p>\n\n\n\n<p class=\"wp-block-paragraph\">Lev\u00e1gta a bika combj\u00e1t,<br>(A) felvon\u00f3ra felakaszt\u00e1.<br>Indult tov\u00e1bb kuty\u00e1j\u00e1val<br>Hat napig ment, meg sem \u00e1lltak.<\/p>\n\n\n\n<p class=\"wp-block-paragraph\">A nagy combot h\u00fazta, vonta,<br>Oroszl\u00e1noknak azt sz\u00e1nta.<br>Mikor azt\u00e1n tal\u00e1lkoztak,<br>A combot megl\u00f3d\u00edtotta.<\/p>\n\n\n\n<p class=\"wp-block-paragraph\">(A) k\u00f6t\u00e9lp\u00e1ly\u00e1n cs\u00faszni kezdett,<br>Egyre gyorsult, cs\u00faszott lejjebb.<br>(Az) oroszl\u00e1nok meg ut\u00e1na,<br>Ki\u00e9hezve a friss h\u00fasra.<\/p>\n\n\n\n<p class=\"wp-block-paragraph\">A zen\u00e9sz ezt kihaszn\u00e1lta,<br>Ment a szellemnek v\u00e1r\u00e1ba.<br>Bek\u00f6sz\u00f6nt ott hars\u00e1ny hangon,<br>Pedig ott m\u00e1r f\u00e9lt is nagyon.<\/p>\n\n\n\n<p class=\"wp-block-paragraph\">Nem a szellemt\u0151l remeget,<br>Hanem a t\u00e1vcs\u0151\u00e9rt tette.<br>A szellem, hogy megl\u00e1tta,<br>R\u00e1ripakodva azt mondta.<\/p>\n\n\n\n<p class=\"wp-block-paragraph\">Hogy ker\u00fclsz a szemem el\u00e9,<br>Az \u0151r\u00f6kkel te mit tett\u00e9l.<br>Ekkor azt\u00e1n t\u00fczetesen,<br>Sz\u00f3lt a zen\u00e9sz t\u00fcrelmesen.<\/p>\n\n\n\n<p class=\"wp-block-paragraph\">T\u00f6rt\u00e9net\u00e9t elmes\u00e9lte,<br>Elej\u00e9t\u0151l, v\u00e9gig sz\u00e9pen.<br>Meghat\u00f3d\u00f3dott a szellem,<br>M\u00e9g a k\u00f6nnye is megeredt.<\/p>\n\n\n\n<p class=\"wp-block-paragraph\">Gyere, mondta, s karon fogta,<br>A zen\u00e9szt a lak\u00e1s\u00e1ba\u2019.<br>A t\u00e1vcs\u0151h\u00f6z elvezette,<br>N\u00e9zz figyelmesen most bele.<\/p>\n\n\n\n<p class=\"wp-block-paragraph\">TIZENNYOLCADIK STR\u00d3FA<\/p>\n\n\n\n<p class=\"wp-block-paragraph\">Benne van az eg\u00e9sz vil\u00e1g,<br>Falu, v\u00e1ros, minden orsz\u00e1g.<br>Keresd meg h\u00e1t a faludat,<br>Ahol szerelmedet hagytad.<\/p>\n\n\n\n<p class=\"wp-block-paragraph\">A zen\u00e9sz el\u00e1mult, s b\u00e1mult,<br>K\u00e9pet l\u00e1tott a vil\u00e1gbul.<br>P\u00e1szt\u00e1zta a nagyvil\u00e1got,<br>Majd meg\u00e1llt \u00e9s mosolygott.<\/p>\n\n\n\n<p class=\"wp-block-paragraph\">Nevenincs falut megl\u00e1tta,<br>Jun\u00e1t, s anyj\u00e1t kis h\u00e1zukban.<br>Er\u0151ben \u00e9s boldogs\u00e1gban,<br>\u00c9ltek szer\u00e9ny otthonukban.<\/p>\n\n\n\n<p class=\"wp-block-paragraph\">Ell\u00e9pett a nagy t\u00e1vcs\u0151t\u0151l,<br>S mondani akart k\u00f6sz\u00f6nt\u0151t,<br>De a szellem visszatolta,<br>Tanulm\u00e1nyozd m\u00e9g-, azt mondta.<\/p>\n\n\n\n<p class=\"wp-block-paragraph\">A zen\u00e9sz most k\u00f6r\u00fcln\u00e9zett,<br>T\u00fczetesen mindent figyelt.<br>(Az) \u00d3perenci\u00e1s-tengern\u00e9l,<br>Id\u0151z\u00f6tt nagyon sok\u00e1 m\u00e9g.<\/p>\n\n\n\n<p class=\"wp-block-paragraph\">K\u00f6zep\u00e9n a Kincses-sziget,<br>Volt egy igaz nagy \u00edg\u00e9ret.<br>Ekkor v\u00e9gleg abbahagyta,<br>Indulni akart el onnan.<\/p>\n\n\n\n<p class=\"wp-block-paragraph\">A szellemnek megk\u00f6sz\u00f6nte,<br>Seg\u00edts\u00e9g\u00e9t mind\u00f6r\u00f6kre.<br>A szellem most \u00e1tkarolta,<br>Ha bajod lesz, gyere vissza.<\/p>\n\n\n\n<p class=\"wp-block-paragraph\">Hozz\u00e1m mindig felengednek<br>Sz\u00f3lok majd lenn az \u0151r\u00f6knek.<br>Elb\u00facs\u00faztak \u00e9rz\u00e9kenyen,<br>K\u00f6nnyet ejtve, mind a ketten.<\/p>\n\n\n\n<p class=\"wp-block-paragraph\">A zen\u00e9sz nem t\u00e9tov\u00e1zott,<br>Hazaindult Jun\u00e1j\u00e1hoz.<br>Oly sok\u00e1ig \u0151t kereste,<br>Hogy tal\u00e1n \u00e9szre sem vette.<\/p>\n\n\n\n<p class=\"wp-block-paragraph\">Meg\u00f6regedett, s megl\u00e1tta,<br>M\u00edg az arc\u00e1t borotv\u00e1lta.<br>A t\u00fckre h\u0171en mutatta,<br>Kihullott a g\u00f6nd\u00f6r haja.<\/p>\n\n\n\n<p class=\"wp-block-paragraph\">Tizenk\u00e9t sorban mind\u00f6ssze,<br>H\u00e1rom sz\u00e1l van, az is \u0151sz lett.<br>Elvetette gondolat\u00e1t,<br>\u00datnak indult, hamar, mindj\u00e1rt.<\/p>\n\n\n\n<p class=\"wp-block-paragraph\">V\u00e1ros\u00e1ba haza\u00e9rve,<br>Bar\u00e1tait mind meglelte.<br>V\u00e1rt\u00e1k nagyon, r\u00e9ges-r\u00e9gen,<br>Szerveztek neki (egy) koncertet.<\/p>\n\n\n\n<p class=\"wp-block-paragraph\">K\u00e9sz\u00fcl\u0151dtek, gyakoroltak,<br>V\u00e1rt\u00e1k, hogy j\u00f6jj\u00f6n a nagy nap.<br>Pr\u00f3ba ut\u00e1n hazaindult,<br>Vas-szamara lassan gurult.<\/p>\n\n\n\n<p class=\"wp-block-paragraph\">Ez volt neki szerencs\u00e9je,<br>Juna ment \u00e1t \u0151el\u0151tte.<br>K\u00f6zep\u00e9n a kocsi\u00fatnak,<br>V\u00e9gre \u00f6sszetal\u00e1lkoztak,<\/p>\n\n\n\n<p class=\"wp-block-paragraph\">Boldogan ott \u00f6lelkeztek,<br>Nem t\u00f6r\u0151dtek senkivel sem.<br>Majd egy kicsit f\u00e9lre\u00e1lltak,<br>Egym\u00e1st \u00e9rt\u00e9k most a szavak.<\/p>\n\n\n\n<p class=\"wp-block-paragraph\">Megh\u00edvlak a koncertemre,<br>Tisztelettel, szeretettel.<br>Bajszival h\u00e1t j\u00f6jjetek el,<br>Nekem ez az utols\u00f3 lesz.<\/p>\n\n\n\n<p class=\"wp-block-paragraph\">TIZENKILENCEDIK STR\u00d3FA<\/p>\n\n\n\n<p class=\"wp-block-paragraph\">A zen\u00e9sz ekkor tudta meg,<br>Hogy elv\u00e1ltak r\u00e9ges-r\u00e9gen.<br>T\u00edz \u00e9vig volt m\u00e9g egy f\u00e9rje,<br>De \u0151 elhuny, mind\u00f6r\u00f6kre.<\/p>\n\n\n\n<p class=\"wp-block-paragraph\">Ennyi az \u00e9n t\u00f6rt\u00e9netem,<br>Mondta Juna-, pityeregve.<br>Elfogadom megh\u00edv\u00e1sod,<br>Elj\u00f6n velem a k\u00e9t l\u00e1nyom.<\/p>\n\n\n\n<p class=\"wp-block-paragraph\">Amikor majd elk\u00f6sz\u00f6ntek,<br>Akkor vett\u00e9k m\u00e1r csak \u00e9szre.<br>Az \u00fattest megr\u00e1ncosodott,<br>Meggy\u0171r\u0151d\u00f6tt, alattuk ott.<\/p>\n\n\n\n<p class=\"wp-block-paragraph\">Juna oly hirtelen \u00e1llt meg,<br>Hogy a flaszter, is t\u00f6nkrement.<br>Nagyon sok\u00e1 ott volt jele,<br>Tal\u00e1lkoz\u00e1suk sz\u00ednhelye.<\/p>\n\n\n\n<p class=\"wp-block-paragraph\">A koncert ut\u00e1n tal\u00e1lkoztak<br>Jun\u00e1n\u00e1l, a lak\u00e1s\u00e1ban.<br>Harminc \u00e9vet, megbesz\u00e9lt\u00e9k,<br>V\u00e1gyakoz\u00e1st, \u00e9s a rem\u00e9nyt.<\/p>\n\n\n\n<p class=\"wp-block-paragraph\">V\u00e1ndorl\u00e1saik gy\u00f6trelm\u00e9t,<br>Minden apr\u00f3 t\u00f6rt\u00e9n\u00e9s\u00e9t.<br>A gyermekeknek \u00e9let\u00e9t,<br>Unok\u00e1knak j\u00f6vetel\u00e9t.<\/p>\n\n\n\n<p class=\"wp-block-paragraph\">Nem kerest\u00e9k a szavakat,<br>Hiszen azok \u00e1radoztak.<br>A zen\u00e9sz is bevallotta,<br>Volt m\u00e9g tizenk\u00e9t Jun\u00e1ja.<\/p>\n\n\n\n<p class=\"wp-block-paragraph\">Mikor mindent megt\u00e1rgyaltak,<br>Egy \u00faj tervet kov\u00e1csoltak.<br>Elmondt\u00e1k a D\u00e9dinek is,<br>Boldog volt, \u00e9s \u00f6r\u00fclt neki.<\/p>\n\n\n\n<p class=\"wp-block-paragraph\">Elindultak, s mentek, mentek,<br>\u00d3ce\u00e1nhoz igyekeztek.<br>A zen\u00e9sz az \u00fcveghegyen,<br>Amit l\u00e1tott, amit n\u00e9zett.<\/p>\n\n\n\n<p class=\"wp-block-paragraph\">Kincses-szigetnek \u00e9lm\u00e9nye,<br>A figyelm\u00e9t felkeltette.<br>Ott szeretett volna \u00e9lni,<br>Jun\u00e1j\u00e1val, boldog lenni.<\/p>\n\n\n\n<p class=\"wp-block-paragraph\">D\u00e9dit is magokkal vitt\u00e9k,<br>S vel\u00fck ment Br\u00fan\u00f3, mint mind\u00e9g.<br>Mikor azt\u00e1n oda\u00e9rtek,<br>A zen\u00e9sz vett egy t\u00e9rk\u00e9pet.<\/p>\n\n\n\n<p class=\"wp-block-paragraph\">A szigetet megkerest\u00e9k,<br>T\u00e1vols\u00e1g\u00e1t is felm\u00e9rt\u00e9k.<br>\u00d3ce\u00e1nnak k\u00f6zep\u00e9ben,<br>Ott pomp\u00e1zott sz\u00e9ps\u00e9g\u00e9ben.<\/p>\n\n\n\n<p class=\"wp-block-paragraph\">A partt\u00f3l olyan t\u00e1vol \u00e1llott,<br>Mint a szigett\u0151l a part volt.<br>B\u00e9reltek egy nagy ladikot,<br>A zen\u00e9sz mindent bepakolt.<\/p>\n\n\n\n<p class=\"wp-block-paragraph\">Hat delfint fogtak el\u00e9be,<br>Melyek \u0151ket r\u00f6p\u00edtette.<br>D\u00e9di a gyepl\u0151ket fogta,<br>H\u00e1tul \u00fclt a zen\u00e9sz, s Juna.<\/p>\n\n\n\n<p class=\"wp-block-paragraph\">Egym\u00e1st szorosan \u00f6lelt\u00e9k,<br>\u00c9s a vizet \u00fagy k\u00e9mlelt\u00e9k.<br>Br\u00fan\u00f3 mellett\u00fck \u00fclt csendben,<br>\u00d3vta \u0151ket, mint rendesen.<\/p>\n\n\n\n<p class=\"wp-block-paragraph\">C\u00e1p\u00e1k j\u00f6ttek \u00fcld\u00f6z\u0151nek,<br>Verseny \u00fasztak, \u00e9s lihegtek.<br>A delfinek \u00e9szrevett\u00e9k,<br>Sebess\u00e9g\u00fcket n\u00f6velt\u00e9k.<\/p>\n\n\n\n<p class=\"wp-block-paragraph\">HUSZADIK STR\u00d3FA<\/p>\n\n\n\n<p class=\"wp-block-paragraph\">A c\u00e1p\u00e1k egy id\u0151 ut\u00e1n,<br>V\u00edzbef\u00faltak egy d\u00e9lut\u00e1n.<br>Napokig \u00edgy sz\u00e1guldoztak,<br>S csaknem z\u00e1tonyra futottak.<\/p>\n\n\n\n<p class=\"wp-block-paragraph\">Kiker\u00fclt\u00e9k, s tov\u00e1bb mentek.<br>Egy sz\u00e9p napon meg\u00e9rkeztek.<br>Lakatlan volt Kincses-sziget,<br>Nem \u00e9ltek ottan emberek.<\/p>\n\n\n\n<p class=\"wp-block-paragraph\">Kifogt\u00e1k a delfineket,<br>Hogy nyugodtan f\u00fcr\u00f6djenek.<br>Vel\u00fck maradtak \u0151k mind\u00e9g,<br>Gondozt\u00e1k \u0151ket, s etett\u00e9k.<\/p>\n\n\n\n<p class=\"wp-block-paragraph\">Nagy sz\u00fcks\u00e9g volt \u0151re\u00e1juk,<br>Hogyha lesz m\u00e9g t\u00f6bb m\u00e1s \u00fatjuk.<br>Partra sz\u00e1lltak a ladikb\u00f3l,<br>K\u00f6zel voltak egy kast\u00e9lyhoz.<\/p>\n\n\n\n<p class=\"wp-block-paragraph\">Odamentek, k\u00e9zen fogva,<br>Br\u00fan\u00f3 el\u0151tt\u00fck ment, futva.<br>Kast\u00e9ly el\u0151tt m\u00e9g meg\u00e1lltak,<br>\u00c9s hatalmas t\u00e1ncot roptak.<\/p>\n\n\n\n<p class=\"wp-block-paragraph\">T\u00e1n m\u00e9g most is t\u00e1ncoln\u00e1nak,<br>Ha Br\u00fan\u00f3ban fel nem buknak.<br>K\u00f6r\u00fcl ugr\u00e1lta \u0151, \u0151ket,<br>Boldogs\u00e1gban \u00fcnnepl\u0151ket.<\/p>\n\n\n\n<p class=\"wp-block-paragraph\">T\u00e1ncukhoz sok ezer mad\u00e1r,<br>A v\u00edg zen\u00e9t szolg\u00e1ltat\u00e1.<br>Mikor v\u00e9g\u00fcl is bel\u00e9ptek,<br>Meglepet\u00e9s \u00e9rte \u0151ket.<\/p>\n\n\n\n<p class=\"wp-block-paragraph\">T\u00fcnd\u00e9reknek fejedelme,<br>\u0150ket sz\u00e9pen k\u00f6sz\u00f6nt\u00f6tte.<br>\u0150 volt, aki r\u00e9ges-r\u00e9gen,<br>Valamikor Jun\u00e1t vitte.<\/p>\n\n\n\n<p class=\"wp-block-paragraph\">Nevenincs faluba egykor,<br>Nagy boldogs\u00e1got okozott.<br>V\u00e1rtalak m\u00e1r benneteket,<br>Noh\u00e1t gyertek, jertek beljebb.<\/p>\n\n\n\n<p class=\"wp-block-paragraph\">Bemutatom a palot\u00e1t,<br>Kast\u00e9lyotoknak a v\u00e1r\u00e1t.<br>H\u00e1romsz\u00e1zharminc szob\u00e1j\u00e1t,<br>\u00c9s gy\u00f6ny\u00f6r\u0171 b\u00fatorzat\u00e1t.<\/p>\n\n\n\n<p class=\"wp-block-paragraph\">Jun\u00e1\u00e9k csak \u00e1muldoztak,<br>Megsz\u00f3lalni se nem tudtak.<br>Tekintgettek jobbra, balra,<br>K\u00f6zben sz\u00e1juk ki volt t\u00e1tva.<\/p>\n\n\n\n<p class=\"wp-block-paragraph\">L\u00e9legzet\u00fck is elakadt,<br>A sz\u00e9p l\u00e1tv\u00e1ny okozta azt.<br>Egyszer azt\u00e1n v\u00e9gig \u00e9rtek,<br>Minden szob\u00e1t j\u00f3l megn\u00e9ztek.<\/p>\n\n\n\n<p class=\"wp-block-paragraph\">Sz\u00f3lt a t\u00fcnd\u00e9r fejedelem,<br>T\u00fcnd\u00e9r le\u00e1ny mind tietek.<br>\u00c9ljetek itt boldogs\u00e1gban,<br>A D\u00e9divel nyugalomban.<\/p>\n\n\n\n<p class=\"wp-block-paragraph\">Gyertek velem, megmutatom,<br>Nem messzire a kast\u00e9lyt\u00f3l.<br>Azt a kisebb sz\u00e9p palot\u00e1t.<br>D\u00e9kdik\u00e9nek, \u00faj otthon\u00e1t.<\/p>\n\n\n\n<p class=\"wp-block-paragraph\">T\u00fcnd\u00e9reim lak\u00e1sa volt,<br>Valamikor m\u00e9g egykoron.<br>A vil\u00e1g, hogy n\u00f6vekedett,<br>R\u00e1juk ottan nagy sz\u00fcks\u00e9g lett.<\/p>\n\n\n\n<p class=\"wp-block-paragraph\">Betegeket, \u00f6regeket,<br>\u00c1polj\u00e1k ott szeg\u00e9nyeket.<br>\u00dcres lett h\u00e1t a palota,<br>Lakjon itt most m\u00e1r a mama.<\/p>\n\n\n\n<p class=\"wp-block-paragraph\">HUSZONEGYEDIK STR\u00d3FA<\/p>\n\n\n\n<p class=\"wp-block-paragraph\">Mikor azt is j\u00f3l megn\u00e9zt\u00e9k,<br>D\u00e9di elfoglalta hely\u00e9t.<br>Lemosta az \u00fatnak por\u00e1t,<br>Lepihent, s aludta \u00e1lm\u00e1t.<\/p>\n\n\n\n<p class=\"wp-block-paragraph\">Jun\u00e1\u00e9k (is) aludni mentek,<br>K\u00e9t napig t\u00e1n fel sem keltek.<br>Oly hossz\u00fa volt az utaz\u00e1s,<br>Kimer\u00fcltek, az nem vit\u00e1s.<\/p>\n\n\n\n<p class=\"wp-block-paragraph\">Mikor v\u00e9gre fel\u00e9bredtek<br>Kiballagtak a kertj\u00fckbe.<br>\u00d3r\u00e1kig ott s\u00e9t\u00e1lgattak,<br>\u00c1mulattal csod\u00e1lkoztak.<\/p>\n\n\n\n<p class=\"wp-block-paragraph\">Br\u00fan\u00f3 is ott settenkedet,<br>M\u00edg egy macska meg nem jelent.<br>\u00dcld\u00f6z\u0151be vette gyorsan,<br>Siet\u0151sen nagy iramban.<\/p>\n\n\n\n<p class=\"wp-block-paragraph\">H\u00e1rom napig csak futottak,<br>M\u00edg a kertnek v\u00e9ge szakadt.<br>Ott megmenek\u00fclt a macska,<br>Ker\u00edt\u00e9sen \u00e1tugorva.<\/p>\n\n\n\n<p class=\"wp-block-paragraph\">Juna bement a konyh\u00e1ba,<br>F\u0151zni kezdett egymag\u00e1ba\u2019.<br>A p\u00e1rja meg kinn a kertben,<br>Gy\u00fcm\u00f6lcs\u00f6ket szedegetett.<\/p>\n\n\n\n<p class=\"wp-block-paragraph\">Eb\u00e9d ut\u00e1n lepihentek,<br>Egy \u00f3r\u00e1nyit hever\u00e9sztek.<br>Azt\u00e1n nagy munk\u00e1ba kezdtek,<br>A szob\u00e1kban rendet tettek.<\/p>\n\n\n\n<p class=\"wp-block-paragraph\">Reggel mikor a Nap felkelt,<br>S\u00f6t\u00e9tszem\u00fcveget vett fel.<br>Palot\u00e1juk \u00fagy ragyogott,<br>Csillog\u00e1sa meg vak\u00edtott.<\/p>\n\n\n\n<p class=\"wp-block-paragraph\">Est\u00e9nk\u00e9nt a k\u00e9t szerelmes,<br>Teraszon \u00fclt, \u00fcld\u00f6g\u00e9ltek,<br>N\u00e9ha t\u00e1n egy sz\u00f3t sem sz\u00f3ltak,<br>Sz\u00edv\u00fck besz\u00e9lt, ilyenkor az.<\/p>\n\n\n\n<p class=\"wp-block-paragraph\">A Hold, amikor megl\u00e1tta,<br>P\u00e9ld\u00e1s rendj\u00e9t (a) palot\u00e1nak.<br>Sok\u00e1ig ott elid\u0151z\u00f6tt,<br>Gy\u00f6ny\u00f6rk\u00f6dve n\u00e9zel\u0151d\u00f6tt.<\/p>\n\n\n\n<p class=\"wp-block-paragraph\">(A) szigeten mindig \u00fcnnep volt,<br>Nem voltak csak boldog napok.<br>\u00cdgy \u00f6regedtek lassan sz\u00e9pen,<br>Boldogs\u00e1gban, rem\u00e9nys\u00e9gben.<\/p>\n\n\n\n<p class=\"wp-block-paragraph\">Mikor az ap\u00f3 mind elmondta,<br>T\u00f6rt\u00e9net\u00e9t le\u00edratta.<br>Megk\u00f6sz\u00f6nte mind azt nekem,<br>K\u00f6nnyek k\u00f6z\u00f6tt fell\u00e9legzett.<\/p>\n\n\n\n<p class=\"wp-block-paragraph\">V\u00e9gre szabad vagyok most m\u00e1r,<br>Nem fog rajtam m\u00e1r a var\u00e1zs.<br>Megszabadultam az \u00e1tokt\u00f3l.<br>S indulhatok csal\u00e1domhoz.<\/p>\n\n\n\n<p class=\"wp-block-paragraph\">Kezet ny\u00fajtott, \u00e9s \u00e1t\u00f6lelt,<br>Majd elindult le a v\u00edzhez.<br>Bes\u00e9t\u00e1lt a zord foly\u00f3ba,<br>Nem lett vizes csak a talpa.<\/p>\n\n\n\n<p class=\"wp-block-paragraph\">K\u00f6zep\u00e9n, \u00e1llt integetve,<br>S visszasz\u00f3lt m\u00e9g, re\u00e1m n\u00e9zve.<br>Ez a foly\u00f3 elvisz messze,<br>\u0150seimhez, mind\u00f6r\u00f6kre.<\/p>\n\n\n\n<p class=\"wp-block-paragraph\">Sz\u00e9p lassan elt\u00e1volodott,<br>Feh\u00e9r szak\u00e1lla lobogott.<br>Majd elnyelte a t\u00e1vols\u00e1g,<br>S itt maradt a mesevil\u00e1g!<\/p>\n\n\n\n<p class=\"wp-block-paragraph\">Mak\u00f3, 2021-03-11<\/p>\n","protected":false},"excerpt":{"rendered":"<p>JUNA \u00c9S A V\u00c1NDORZEN\u00c9SZ(Fant\u00e1zi\u00e1m sz\u00fclte mesek\u00f6ltem\u00e9ny)(Juna, k\u00fcl\u00f6nleges \u00e9lete) EL\u0150SZ\u00d3Volt egy h\u00e1z m\u00e1r nagyon r\u00e9gen.T\u00f6rt\u00e9net\u00e9t elmes\u00e9lem.H\u00e1romsz\u00e1z \u00e9vn\u00e9l, t\u00f6bb tal\u00e1n,Azt m\u00e1r senki sem tudja m\u00e1r. \u00c9n most nem r\u00e9gen hallottam,V\u00e9letlen\u00fcl azt megtudtam.Az\u00f3ta, hogyha tehetem,Mindenkinek k\u00f6zz\u00e9 teszem: A v\u00edzparton \u00fccs\u00f6r\u00f6gtem,Egy f\u0171zf\u00e1nak nekid\u0151ltem.T\u00e1maszkodtam, s megpihentem,Cs\u00f6rgedez\u0151 vizet n\u00e9ztem. K\u00f6r\u00fcl\u00f6ttem mad\u00e1rk\u00f3rus,Elb\u0171v\u00f6lt a dalol\u00e1suk.Mesterdalnokok voltak mind,\u00c9nek\u00fck val\u00f3s\u00e1gos kincs. Szemem a foly\u00f3ra t\u00e9vedt,Ott &#8230; <a title=\"JUNA \u00c9S A V\u00c1NDORZEN\u00c9SZ(Fant\u00e1zi\u00e1m sz\u00fclte mesek\u00f6ltem\u00e9ny)(Juna, k\u00fcl\u00f6nleges \u00e9lete)\" class=\"read-more\" href=\"https:\/\/bozsogiattila.hu\/?p=853\" aria-label=\"Tov\u00e1bbiak JUNA \u00c9S A V\u00c1NDORZEN\u00c9SZ(Fant\u00e1zi\u00e1m sz\u00fclte mesek\u00f6ltem\u00e9ny)(Juna, k\u00fcl\u00f6nleges \u00e9lete)\">Olvass tov\u00e1bb<\/a><\/p>\n","protected":false},"author":3,"featured_media":0,"comment_status":"open","ping_status":"open","sticky":false,"template":"","format":"standard","meta":{"footnotes":""},"categories":[8],"tags":[314,12],"class_list":["post-853","post","type-post","status-publish","format-standard","hentry","category-prozak","tag-314","tag-mako"],"yoast_head":"<!-- This site is optimized with the Yoast SEO plugin v21.8 - https:\/\/yoast.com\/wordpress\/plugins\/seo\/ -->\n<title>JUNA \u00c9S A V\u00c1NDORZEN\u00c9SZ(Fant\u00e1zi\u00e1m sz\u00fclte mesek\u00f6ltem\u00e9ny)(Juna, k\u00fcl\u00f6nleges \u00e9lete) - Bozsogi Attila<\/title>\n<meta name=\"robots\" content=\"index, follow, max-snippet:-1, max-image-preview:large, max-video-preview:-1\" \/>\n<link rel=\"canonical\" href=\"https:\/\/bozsogiattila.hu\/?p=853\" \/>\n<meta property=\"og:locale\" content=\"hu_HU\" \/>\n<meta property=\"og:type\" content=\"article\" \/>\n<meta property=\"og:title\" content=\"JUNA \u00c9S A V\u00c1NDORZEN\u00c9SZ(Fant\u00e1zi\u00e1m sz\u00fclte mesek\u00f6ltem\u00e9ny)(Juna, k\u00fcl\u00f6nleges \u00e9lete) - Bozsogi Attila\" \/>\n<meta property=\"og:description\" content=\"JUNA \u00c9S A V\u00c1NDORZEN\u00c9SZ(Fant\u00e1zi\u00e1m sz\u00fclte mesek\u00f6ltem\u00e9ny)(Juna, k\u00fcl\u00f6nleges \u00e9lete) EL\u0150SZ\u00d3Volt egy h\u00e1z m\u00e1r nagyon r\u00e9gen.T\u00f6rt\u00e9net\u00e9t elmes\u00e9lem.H\u00e1romsz\u00e1z \u00e9vn\u00e9l, t\u00f6bb tal\u00e1n,Azt m\u00e1r senki sem tudja m\u00e1r. \u00c9n most nem r\u00e9gen hallottam,V\u00e9letlen\u00fcl azt megtudtam.Az\u00f3ta, hogyha tehetem,Mindenkinek k\u00f6zz\u00e9 teszem: A v\u00edzparton \u00fccs\u00f6r\u00f6gtem,Egy f\u0171zf\u00e1nak nekid\u0151ltem.T\u00e1maszkodtam, s megpihentem,Cs\u00f6rgedez\u0151 vizet n\u00e9ztem. K\u00f6r\u00fcl\u00f6ttem mad\u00e1rk\u00f3rus,Elb\u0171v\u00f6lt a dalol\u00e1suk.Mesterdalnokok voltak mind,\u00c9nek\u00fck val\u00f3s\u00e1gos kincs. Szemem a foly\u00f3ra t\u00e9vedt,Ott ... Olvass tov\u00e1bb\" \/>\n<meta property=\"og:url\" content=\"https:\/\/bozsogiattila.hu\/?p=853\" \/>\n<meta property=\"og:site_name\" content=\"Bozsogi Attila\" \/>\n<meta property=\"article:published_time\" content=\"2021-03-11T08:15:00+00:00\" \/>\n<meta property=\"article:modified_time\" content=\"2024-01-08T08:18:18+00:00\" \/>\n<meta name=\"author\" content=\"Bozsogi Attila\" \/>\n<meta name=\"twitter:card\" content=\"summary_large_image\" \/>\n<meta name=\"twitter:label1\" content=\"Szerz\u0151:\" \/>\n\t<meta name=\"twitter:data1\" content=\"Bozsogi Attila\" \/>\n\t<meta name=\"twitter:label2\" content=\"Becs\u00fclt olvas\u00e1si id\u0151\" \/>\n\t<meta name=\"twitter:data2\" content=\"42 perc\" \/>\n<script type=\"application\/ld+json\" class=\"yoast-schema-graph\">{\"@context\":\"https:\/\/schema.org\",\"@graph\":[{\"@type\":\"WebPage\",\"@id\":\"https:\/\/bozsogiattila.hu\/?p=853\",\"url\":\"https:\/\/bozsogiattila.hu\/?p=853\",\"name\":\"JUNA \u00c9S A V\u00c1NDORZEN\u00c9SZ(Fant\u00e1zi\u00e1m sz\u00fclte mesek\u00f6ltem\u00e9ny)(Juna, k\u00fcl\u00f6nleges \u00e9lete) - Bozsogi Attila\",\"isPartOf\":{\"@id\":\"https:\/\/bozsogiattila.hu\/#website\"},\"datePublished\":\"2021-03-11T08:15:00+00:00\",\"dateModified\":\"2024-01-08T08:18:18+00:00\",\"author\":{\"@id\":\"https:\/\/bozsogiattila.hu\/#\/schema\/person\/488c99f554a8c4039201260dd5eb795e\"},\"breadcrumb\":{\"@id\":\"https:\/\/bozsogiattila.hu\/?p=853#breadcrumb\"},\"inLanguage\":\"hu\",\"potentialAction\":[{\"@type\":\"ReadAction\",\"target\":[\"https:\/\/bozsogiattila.hu\/?p=853\"]}]},{\"@type\":\"BreadcrumbList\",\"@id\":\"https:\/\/bozsogiattila.hu\/?p=853#breadcrumb\",\"itemListElement\":[{\"@type\":\"ListItem\",\"position\":1,\"name\":\"Kezd\u0151lap\",\"item\":\"https:\/\/bozsogiattila.hu\/\"},{\"@type\":\"ListItem\",\"position\":2,\"name\":\"JUNA \u00c9S A V\u00c1NDORZEN\u00c9SZ(Fant\u00e1zi\u00e1m sz\u00fclte mesek\u00f6ltem\u00e9ny)(Juna, k\u00fcl\u00f6nleges \u00e9lete)\"}]},{\"@type\":\"WebSite\",\"@id\":\"https:\/\/bozsogiattila.hu\/#website\",\"url\":\"https:\/\/bozsogiattila.hu\/\",\"name\":\"Bozsogi Attila\",\"description\":\"a zen\u00e9sz, \u00edr\u00f3 munk\u00e1ss\u00e1g\u00e1nak \u00e9s a mak\u00f3i muzsikusok eml\u00e9k\u00e9t \u0151rz\u0151 oldal\",\"potentialAction\":[{\"@type\":\"SearchAction\",\"target\":{\"@type\":\"EntryPoint\",\"urlTemplate\":\"https:\/\/bozsogiattila.hu\/?s={search_term_string}\"},\"query-input\":\"required name=search_term_string\"}],\"inLanguage\":\"hu\"},{\"@type\":\"Person\",\"@id\":\"https:\/\/bozsogiattila.hu\/#\/schema\/person\/488c99f554a8c4039201260dd5eb795e\",\"name\":\"Bozsogi Attila\",\"image\":{\"@type\":\"ImageObject\",\"inLanguage\":\"hu\",\"@id\":\"https:\/\/bozsogiattila.hu\/#\/schema\/person\/image\/\",\"url\":\"https:\/\/secure.gravatar.com\/avatar\/7da6b5985e34ed798d1670c54ce7d20e6a53b800bb0c07945c64b09392f3dbfd?s=96&d=mm&r=g\",\"contentUrl\":\"https:\/\/secure.gravatar.com\/avatar\/7da6b5985e34ed798d1670c54ce7d20e6a53b800bb0c07945c64b09392f3dbfd?s=96&d=mm&r=g\",\"caption\":\"Bozsogi Attila\"},\"sameAs\":[\"http:\/\/www.boszogiattila.hu\"],\"url\":\"https:\/\/bozsogiattila.hu\/?author=3\"}]}<\/script>\n<!-- \/ Yoast SEO plugin. -->","yoast_head_json":{"title":"JUNA \u00c9S A V\u00c1NDORZEN\u00c9SZ(Fant\u00e1zi\u00e1m sz\u00fclte mesek\u00f6ltem\u00e9ny)(Juna, k\u00fcl\u00f6nleges \u00e9lete) - Bozsogi Attila","robots":{"index":"index","follow":"follow","max-snippet":"max-snippet:-1","max-image-preview":"max-image-preview:large","max-video-preview":"max-video-preview:-1"},"canonical":"https:\/\/bozsogiattila.hu\/?p=853","og_locale":"hu_HU","og_type":"article","og_title":"JUNA \u00c9S A V\u00c1NDORZEN\u00c9SZ(Fant\u00e1zi\u00e1m sz\u00fclte mesek\u00f6ltem\u00e9ny)(Juna, k\u00fcl\u00f6nleges \u00e9lete) - Bozsogi Attila","og_description":"JUNA \u00c9S A V\u00c1NDORZEN\u00c9SZ(Fant\u00e1zi\u00e1m sz\u00fclte mesek\u00f6ltem\u00e9ny)(Juna, k\u00fcl\u00f6nleges \u00e9lete) EL\u0150SZ\u00d3Volt egy h\u00e1z m\u00e1r nagyon r\u00e9gen.T\u00f6rt\u00e9net\u00e9t elmes\u00e9lem.H\u00e1romsz\u00e1z \u00e9vn\u00e9l, t\u00f6bb tal\u00e1n,Azt m\u00e1r senki sem tudja m\u00e1r. \u00c9n most nem r\u00e9gen hallottam,V\u00e9letlen\u00fcl azt megtudtam.Az\u00f3ta, hogyha tehetem,Mindenkinek k\u00f6zz\u00e9 teszem: A v\u00edzparton \u00fccs\u00f6r\u00f6gtem,Egy f\u0171zf\u00e1nak nekid\u0151ltem.T\u00e1maszkodtam, s megpihentem,Cs\u00f6rgedez\u0151 vizet n\u00e9ztem. K\u00f6r\u00fcl\u00f6ttem mad\u00e1rk\u00f3rus,Elb\u0171v\u00f6lt a dalol\u00e1suk.Mesterdalnokok voltak mind,\u00c9nek\u00fck val\u00f3s\u00e1gos kincs. Szemem a foly\u00f3ra t\u00e9vedt,Ott ... Olvass tov\u00e1bb","og_url":"https:\/\/bozsogiattila.hu\/?p=853","og_site_name":"Bozsogi Attila","article_published_time":"2021-03-11T08:15:00+00:00","article_modified_time":"2024-01-08T08:18:18+00:00","author":"Bozsogi Attila","twitter_card":"summary_large_image","twitter_misc":{"Szerz\u0151:":"Bozsogi Attila","Becs\u00fclt olvas\u00e1si id\u0151":"42 perc"},"schema":{"@context":"https:\/\/schema.org","@graph":[{"@type":"WebPage","@id":"https:\/\/bozsogiattila.hu\/?p=853","url":"https:\/\/bozsogiattila.hu\/?p=853","name":"JUNA \u00c9S A V\u00c1NDORZEN\u00c9SZ(Fant\u00e1zi\u00e1m sz\u00fclte mesek\u00f6ltem\u00e9ny)(Juna, k\u00fcl\u00f6nleges \u00e9lete) - Bozsogi Attila","isPartOf":{"@id":"https:\/\/bozsogiattila.hu\/#website"},"datePublished":"2021-03-11T08:15:00+00:00","dateModified":"2024-01-08T08:18:18+00:00","author":{"@id":"https:\/\/bozsogiattila.hu\/#\/schema\/person\/488c99f554a8c4039201260dd5eb795e"},"breadcrumb":{"@id":"https:\/\/bozsogiattila.hu\/?p=853#breadcrumb"},"inLanguage":"hu","potentialAction":[{"@type":"ReadAction","target":["https:\/\/bozsogiattila.hu\/?p=853"]}]},{"@type":"BreadcrumbList","@id":"https:\/\/bozsogiattila.hu\/?p=853#breadcrumb","itemListElement":[{"@type":"ListItem","position":1,"name":"Kezd\u0151lap","item":"https:\/\/bozsogiattila.hu\/"},{"@type":"ListItem","position":2,"name":"JUNA \u00c9S A V\u00c1NDORZEN\u00c9SZ(Fant\u00e1zi\u00e1m sz\u00fclte mesek\u00f6ltem\u00e9ny)(Juna, k\u00fcl\u00f6nleges \u00e9lete)"}]},{"@type":"WebSite","@id":"https:\/\/bozsogiattila.hu\/#website","url":"https:\/\/bozsogiattila.hu\/","name":"Bozsogi Attila","description":"a zen\u00e9sz, \u00edr\u00f3 munk\u00e1ss\u00e1g\u00e1nak \u00e9s a mak\u00f3i muzsikusok eml\u00e9k\u00e9t \u0151rz\u0151 oldal","potentialAction":[{"@type":"SearchAction","target":{"@type":"EntryPoint","urlTemplate":"https:\/\/bozsogiattila.hu\/?s={search_term_string}"},"query-input":"required name=search_term_string"}],"inLanguage":"hu"},{"@type":"Person","@id":"https:\/\/bozsogiattila.hu\/#\/schema\/person\/488c99f554a8c4039201260dd5eb795e","name":"Bozsogi Attila","image":{"@type":"ImageObject","inLanguage":"hu","@id":"https:\/\/bozsogiattila.hu\/#\/schema\/person\/image\/","url":"https:\/\/secure.gravatar.com\/avatar\/7da6b5985e34ed798d1670c54ce7d20e6a53b800bb0c07945c64b09392f3dbfd?s=96&d=mm&r=g","contentUrl":"https:\/\/secure.gravatar.com\/avatar\/7da6b5985e34ed798d1670c54ce7d20e6a53b800bb0c07945c64b09392f3dbfd?s=96&d=mm&r=g","caption":"Bozsogi Attila"},"sameAs":["http:\/\/www.boszogiattila.hu"],"url":"https:\/\/bozsogiattila.hu\/?author=3"}]}},"jetpack_featured_media_url":"","_links":{"self":[{"href":"https:\/\/bozsogiattila.hu\/index.php?rest_route=\/wp\/v2\/posts\/853","targetHints":{"allow":["GET"]}}],"collection":[{"href":"https:\/\/bozsogiattila.hu\/index.php?rest_route=\/wp\/v2\/posts"}],"about":[{"href":"https:\/\/bozsogiattila.hu\/index.php?rest_route=\/wp\/v2\/types\/post"}],"author":[{"embeddable":true,"href":"https:\/\/bozsogiattila.hu\/index.php?rest_route=\/wp\/v2\/users\/3"}],"replies":[{"embeddable":true,"href":"https:\/\/bozsogiattila.hu\/index.php?rest_route=%2Fwp%2Fv2%2Fcomments&post=853"}],"version-history":[{"count":1,"href":"https:\/\/bozsogiattila.hu\/index.php?rest_route=\/wp\/v2\/posts\/853\/revisions"}],"predecessor-version":[{"id":854,"href":"https:\/\/bozsogiattila.hu\/index.php?rest_route=\/wp\/v2\/posts\/853\/revisions\/854"}],"wp:attachment":[{"href":"https:\/\/bozsogiattila.hu\/index.php?rest_route=%2Fwp%2Fv2%2Fmedia&parent=853"}],"wp:term":[{"taxonomy":"category","embeddable":true,"href":"https:\/\/bozsogiattila.hu\/index.php?rest_route=%2Fwp%2Fv2%2Fcategories&post=853"},{"taxonomy":"post_tag","embeddable":true,"href":"https:\/\/bozsogiattila.hu\/index.php?rest_route=%2Fwp%2Fv2%2Ftags&post=853"}],"curies":[{"name":"wp","href":"https:\/\/api.w.org\/{rel}","templated":true}]}}