{"id":863,"date":"2017-12-03T08:27:00","date_gmt":"2017-12-03T08:27:00","guid":{"rendered":"https:\/\/bozsogiattila.hu\/?p=863"},"modified":"2024-01-08T08:29:21","modified_gmt":"2024-01-08T08:29:21","slug":"a-lelkem-ha-vandorol","status":"publish","type":"post","link":"https:\/\/bozsogiattila.hu\/?p=863","title":{"rendered":"A LELKEM, HA V\u00c1NDOROL"},"content":{"rendered":"\n<p class=\"wp-block-paragraph\">A LELKEM, HA V\u00c1NDOROL<\/p>\n\n\n\n<p class=\"wp-block-paragraph\">A lelkem, ha v\u00e1ndorol majd,<br>Nem leszek m\u00e1s-, csak gondolat.<br>Tegnap \u00e9s ma \u00f6ssze\u00e9rnek,<br>Holnapot m\u00e1r nem \u00edg\u00e9rnek.<\/p>\n\n\n\n<p class=\"wp-block-paragraph\">N\u00e9ha r\u00e1m m\u00e9g eml\u00e9keznek,<br>Bar\u00e1tok \u00e9s az emberek.<br>Az id\u0151, ahogyan m\u00falik,<br>A semmis\u00e9gbe torkollik.<\/p>\n\n\n\n<p class=\"wp-block-paragraph\">El\u00e1rvul tal\u00e1n a s\u00edrom,<br>Nem lesz rajta vir\u00e1g halom.<br>Ott nyugszom \u00e9n lenn a m\u00e9ly\u00e9ben,<br>S\u00f6t\u00e9ts\u00e9gben, h\u0171v\u00f6ss\u00e9gben.<\/p>\n\n\n\n<p class=\"wp-block-paragraph\">Idegenek, ha meg\u00e1llnak,<br>A fejf\u00e1mon olvasgatnak.<br>Ismer\u0151s n\u00e9v, ki lehetett,<br>L\u00e1ttam m\u00e1r ezt a f\u00e9nyk\u00e9pet?<\/p>\n\n\n\n<p class=\"wp-block-paragraph\">Szmokingban van, biztos m\u0171v\u00e9sz,<br>\u00cdr\u00f3, k\u00f6lt\u0151, vagy t\u00e1n zen\u00e9sz.<br>F\u00f6ldi haland\u00f3 lett \u0151 is,<br>Egyszer majd el is feledik.<\/p>\n\n\n\n<p class=\"wp-block-paragraph\">Tov\u00e1bb mennek, elm\u00e9l\u00e1znak,<br>N\u00e9ha m\u00e9g p\u00e1r sz\u00f3t v\u00e1ltanak.<br>Azt\u00e1n v\u00e9ge mind\u00f6r\u00f6kre,<br>Elt\u0171n\u00f6k a messzes\u00e9gbe.<\/p>\n\n\n\n<p class=\"wp-block-paragraph\">Nem tal\u00e1lom sokszor helyem,<br>Vagy tal\u00e1n nem is keresem.<br>Az elm\u00fal\u00e1s term\u00e9szetes,<br>Ett\u0151l soha nem is f\u00e9lek.<\/p>\n\n\n\n<p class=\"wp-block-paragraph\">M\u00e9g itt vagyok, v\u00edgan \u00e9lek,<br>\u00cdrogatok, zen\u00e9lgetek.<br>Nem \u00e9rdekel mi lesz k\u00e9s\u0151bb,<br>A kasz\u00e1s az \u00fagyis elj\u0151.<\/p>\n\n\n\n<p class=\"wp-block-paragraph\">Van-e menny, \u00e9s van-e pokol?<br>Elm\u00e9lkedem e dologr\u00f3l.<br>A korom, hogy re\u00e1m szakadt,<br>Sok-sok \u00e9vem m\u00e1r elszaladt.<\/p>\n\n\n\n<p class=\"wp-block-paragraph\">Lassulnak nekem l\u00e9pteim,<br>Ifj\u00fa h\u00f6lgy m\u00e1r egy se nem int.<br>L\u00e9tezem, \u00e9s most csak vagyok,<br>Elhagytak r\u00e9gen az \u00e1lmok.<\/p>\n\n\n\n<p class=\"wp-block-paragraph\">A sz\u00edvem is zakatolgat,<br>Olyan, mint egy f\u00fcst\u00f6s vonat.<br>Er\u0151lk\u00f6dik lassan halad,<br>Meg-meg\u00e1llva-, m\u00e1r nem szalad.<\/p>\n\n\n\n<p class=\"wp-block-paragraph\">Tekintetem hom\u00e1ly\u00e1ban,<br>Nem is l\u00e1tom, hogyha baj van.<br>\u00dcld\u00f6g\u00e9lek a szob\u00e1mban,<br>Egymagamban, nyugalomban.<\/p>\n\n\n\n<p class=\"wp-block-paragraph\">N\u00e9ha rem\u00e9nysug\u00e1r villan,<br>Furcsa k\u00e9p fut az agyamban.<br>El\u00e9m t\u00e1rul, ami sz\u00e9p, s j\u00f3,<br>Vagy tal\u00e1n igaz sosem volt.<\/p>\n\n\n\n<p class=\"wp-block-paragraph\">S\u00f6t\u00e9ts\u00e9g vesz k\u00e9s\u0151bb k\u00f6r\u00fcl,<br>Reggelre az \u00e9g kider\u00fcl.<br>Az \u00e9jszak\u00e1k lassan m\u00falnak,<br>A lelkemben nyomot hagynak.<\/p>\n\n\n\n<p class=\"wp-block-paragraph\">Bar\u00e1tok sokan elmentek,<br>Elfeledtek, nem k\u00f6sz\u00f6ntek.<br>Most v\u00e1rnak r\u00e1m ott, odafenn,<br>\u00c9n meg id\u0151z\u00f6m m\u00e9g itt lenn.<\/p>\n\n\n\n<p class=\"wp-block-paragraph\">Egyszer \u00fagyis tal\u00e1lkozunk,<br>Ha az \u00e9gben \u00f6sszefutunk.<br>Elmondjuk majd mindazokat,<br>\u00c9let\u00fcnkb\u0151l mi kimaradt.<\/p>\n\n\n\n<p class=\"wp-block-paragraph\">Mak\u00f3, 2017-12-03<\/p>\n","protected":false},"excerpt":{"rendered":"<p>A LELKEM, HA V\u00c1NDOROL A lelkem, ha v\u00e1ndorol majd,Nem leszek m\u00e1s-, csak gondolat.Tegnap \u00e9s ma \u00f6ssze\u00e9rnek,Holnapot m\u00e1r nem \u00edg\u00e9rnek. N\u00e9ha r\u00e1m m\u00e9g eml\u00e9keznek,Bar\u00e1tok \u00e9s az emberek.Az id\u0151, ahogyan m\u00falik,A semmis\u00e9gbe torkollik. El\u00e1rvul tal\u00e1n a s\u00edrom,Nem lesz rajta vir\u00e1g halom.Ott nyugszom \u00e9n lenn a m\u00e9ly\u00e9ben,S\u00f6t\u00e9ts\u00e9gben, h\u0171v\u00f6ss\u00e9gben. Idegenek, ha meg\u00e1llnak,A fejf\u00e1mon olvasgatnak.Ismer\u0151s n\u00e9v, ki lehetett,L\u00e1ttam m\u00e1r ezt &#8230; <a title=\"A LELKEM, HA V\u00c1NDOROL\" class=\"read-more\" href=\"https:\/\/bozsogiattila.hu\/?p=863\" aria-label=\"Tov\u00e1bbiak A LELKEM, HA V\u00c1NDOROL\">Olvass tov\u00e1bb<\/a><\/p>\n","protected":false},"author":3,"featured_media":0,"comment_status":"closed","ping_status":"open","sticky":false,"template":"","format":"standard","meta":{"footnotes":""},"categories":[4],"tags":[313,12],"class_list":["post-863","post","type-post","status-publish","format-standard","hentry","category-versek","tag-313","tag-mako"],"yoast_head":"<!-- This site is optimized with the Yoast SEO plugin v21.8 - https:\/\/yoast.com\/wordpress\/plugins\/seo\/ -->\n<title>A LELKEM, HA V\u00c1NDOROL - Bozsogi Attila<\/title>\n<meta name=\"robots\" content=\"index, follow, max-snippet:-1, max-image-preview:large, max-video-preview:-1\" \/>\n<link rel=\"canonical\" href=\"https:\/\/bozsogiattila.hu\/?p=863\" \/>\n<meta property=\"og:locale\" content=\"hu_HU\" \/>\n<meta property=\"og:type\" content=\"article\" \/>\n<meta property=\"og:title\" content=\"A LELKEM, HA V\u00c1NDOROL - Bozsogi Attila\" \/>\n<meta property=\"og:description\" content=\"A LELKEM, HA V\u00c1NDOROL A lelkem, ha v\u00e1ndorol majd,Nem leszek m\u00e1s-, csak gondolat.Tegnap \u00e9s ma \u00f6ssze\u00e9rnek,Holnapot m\u00e1r nem \u00edg\u00e9rnek. N\u00e9ha r\u00e1m m\u00e9g eml\u00e9keznek,Bar\u00e1tok \u00e9s az emberek.Az id\u0151, ahogyan m\u00falik,A semmis\u00e9gbe torkollik. El\u00e1rvul tal\u00e1n a s\u00edrom,Nem lesz rajta vir\u00e1g halom.Ott nyugszom \u00e9n lenn a m\u00e9ly\u00e9ben,S\u00f6t\u00e9ts\u00e9gben, h\u0171v\u00f6ss\u00e9gben. Idegenek, ha meg\u00e1llnak,A fejf\u00e1mon olvasgatnak.Ismer\u0151s n\u00e9v, ki lehetett,L\u00e1ttam m\u00e1r ezt ... Olvass tov\u00e1bb\" \/>\n<meta property=\"og:url\" content=\"https:\/\/bozsogiattila.hu\/?p=863\" \/>\n<meta property=\"og:site_name\" content=\"Bozsogi Attila\" \/>\n<meta property=\"article:published_time\" content=\"2017-12-03T08:27:00+00:00\" \/>\n<meta property=\"article:modified_time\" content=\"2024-01-08T08:29:21+00:00\" \/>\n<meta name=\"author\" content=\"Bozsogi Attila\" \/>\n<meta name=\"twitter:card\" content=\"summary_large_image\" \/>\n<meta name=\"twitter:label1\" content=\"Szerz\u0151:\" \/>\n\t<meta name=\"twitter:data1\" content=\"Bozsogi Attila\" \/>\n\t<meta name=\"twitter:label2\" content=\"Becs\u00fclt olvas\u00e1si id\u0151\" \/>\n\t<meta name=\"twitter:data2\" content=\"2 perc\" \/>\n<script type=\"application\/ld+json\" class=\"yoast-schema-graph\">{\"@context\":\"https:\/\/schema.org\",\"@graph\":[{\"@type\":\"WebPage\",\"@id\":\"https:\/\/bozsogiattila.hu\/?p=863\",\"url\":\"https:\/\/bozsogiattila.hu\/?p=863\",\"name\":\"A LELKEM, HA V\u00c1NDOROL - Bozsogi Attila\",\"isPartOf\":{\"@id\":\"https:\/\/bozsogiattila.hu\/#website\"},\"datePublished\":\"2017-12-03T08:27:00+00:00\",\"dateModified\":\"2024-01-08T08:29:21+00:00\",\"author\":{\"@id\":\"https:\/\/bozsogiattila.hu\/#\/schema\/person\/488c99f554a8c4039201260dd5eb795e\"},\"breadcrumb\":{\"@id\":\"https:\/\/bozsogiattila.hu\/?p=863#breadcrumb\"},\"inLanguage\":\"hu\",\"potentialAction\":[{\"@type\":\"ReadAction\",\"target\":[\"https:\/\/bozsogiattila.hu\/?p=863\"]}]},{\"@type\":\"BreadcrumbList\",\"@id\":\"https:\/\/bozsogiattila.hu\/?p=863#breadcrumb\",\"itemListElement\":[{\"@type\":\"ListItem\",\"position\":1,\"name\":\"Kezd\u0151lap\",\"item\":\"https:\/\/bozsogiattila.hu\/\"},{\"@type\":\"ListItem\",\"position\":2,\"name\":\"A LELKEM, HA V\u00c1NDOROL\"}]},{\"@type\":\"WebSite\",\"@id\":\"https:\/\/bozsogiattila.hu\/#website\",\"url\":\"https:\/\/bozsogiattila.hu\/\",\"name\":\"Bozsogi Attila\",\"description\":\"a zen\u00e9sz, \u00edr\u00f3 munk\u00e1ss\u00e1g\u00e1nak \u00e9s a mak\u00f3i muzsikusok eml\u00e9k\u00e9t \u0151rz\u0151 oldal\",\"potentialAction\":[{\"@type\":\"SearchAction\",\"target\":{\"@type\":\"EntryPoint\",\"urlTemplate\":\"https:\/\/bozsogiattila.hu\/?s={search_term_string}\"},\"query-input\":\"required name=search_term_string\"}],\"inLanguage\":\"hu\"},{\"@type\":\"Person\",\"@id\":\"https:\/\/bozsogiattila.hu\/#\/schema\/person\/488c99f554a8c4039201260dd5eb795e\",\"name\":\"Bozsogi Attila\",\"image\":{\"@type\":\"ImageObject\",\"inLanguage\":\"hu\",\"@id\":\"https:\/\/bozsogiattila.hu\/#\/schema\/person\/image\/\",\"url\":\"https:\/\/secure.gravatar.com\/avatar\/7da6b5985e34ed798d1670c54ce7d20e6a53b800bb0c07945c64b09392f3dbfd?s=96&d=mm&r=g\",\"contentUrl\":\"https:\/\/secure.gravatar.com\/avatar\/7da6b5985e34ed798d1670c54ce7d20e6a53b800bb0c07945c64b09392f3dbfd?s=96&d=mm&r=g\",\"caption\":\"Bozsogi Attila\"},\"sameAs\":[\"http:\/\/www.boszogiattila.hu\"],\"url\":\"https:\/\/bozsogiattila.hu\/?author=3\"}]}<\/script>\n<!-- \/ Yoast SEO plugin. -->","yoast_head_json":{"title":"A LELKEM, HA V\u00c1NDOROL - Bozsogi Attila","robots":{"index":"index","follow":"follow","max-snippet":"max-snippet:-1","max-image-preview":"max-image-preview:large","max-video-preview":"max-video-preview:-1"},"canonical":"https:\/\/bozsogiattila.hu\/?p=863","og_locale":"hu_HU","og_type":"article","og_title":"A LELKEM, HA V\u00c1NDOROL - Bozsogi Attila","og_description":"A LELKEM, HA V\u00c1NDOROL A lelkem, ha v\u00e1ndorol majd,Nem leszek m\u00e1s-, csak gondolat.Tegnap \u00e9s ma \u00f6ssze\u00e9rnek,Holnapot m\u00e1r nem \u00edg\u00e9rnek. N\u00e9ha r\u00e1m m\u00e9g eml\u00e9keznek,Bar\u00e1tok \u00e9s az emberek.Az id\u0151, ahogyan m\u00falik,A semmis\u00e9gbe torkollik. El\u00e1rvul tal\u00e1n a s\u00edrom,Nem lesz rajta vir\u00e1g halom.Ott nyugszom \u00e9n lenn a m\u00e9ly\u00e9ben,S\u00f6t\u00e9ts\u00e9gben, h\u0171v\u00f6ss\u00e9gben. Idegenek, ha meg\u00e1llnak,A fejf\u00e1mon olvasgatnak.Ismer\u0151s n\u00e9v, ki lehetett,L\u00e1ttam m\u00e1r ezt ... Olvass tov\u00e1bb","og_url":"https:\/\/bozsogiattila.hu\/?p=863","og_site_name":"Bozsogi Attila","article_published_time":"2017-12-03T08:27:00+00:00","article_modified_time":"2024-01-08T08:29:21+00:00","author":"Bozsogi Attila","twitter_card":"summary_large_image","twitter_misc":{"Szerz\u0151:":"Bozsogi Attila","Becs\u00fclt olvas\u00e1si id\u0151":"2 perc"},"schema":{"@context":"https:\/\/schema.org","@graph":[{"@type":"WebPage","@id":"https:\/\/bozsogiattila.hu\/?p=863","url":"https:\/\/bozsogiattila.hu\/?p=863","name":"A LELKEM, HA V\u00c1NDOROL - Bozsogi Attila","isPartOf":{"@id":"https:\/\/bozsogiattila.hu\/#website"},"datePublished":"2017-12-03T08:27:00+00:00","dateModified":"2024-01-08T08:29:21+00:00","author":{"@id":"https:\/\/bozsogiattila.hu\/#\/schema\/person\/488c99f554a8c4039201260dd5eb795e"},"breadcrumb":{"@id":"https:\/\/bozsogiattila.hu\/?p=863#breadcrumb"},"inLanguage":"hu","potentialAction":[{"@type":"ReadAction","target":["https:\/\/bozsogiattila.hu\/?p=863"]}]},{"@type":"BreadcrumbList","@id":"https:\/\/bozsogiattila.hu\/?p=863#breadcrumb","itemListElement":[{"@type":"ListItem","position":1,"name":"Kezd\u0151lap","item":"https:\/\/bozsogiattila.hu\/"},{"@type":"ListItem","position":2,"name":"A LELKEM, HA V\u00c1NDOROL"}]},{"@type":"WebSite","@id":"https:\/\/bozsogiattila.hu\/#website","url":"https:\/\/bozsogiattila.hu\/","name":"Bozsogi Attila","description":"a zen\u00e9sz, \u00edr\u00f3 munk\u00e1ss\u00e1g\u00e1nak \u00e9s a mak\u00f3i muzsikusok eml\u00e9k\u00e9t \u0151rz\u0151 oldal","potentialAction":[{"@type":"SearchAction","target":{"@type":"EntryPoint","urlTemplate":"https:\/\/bozsogiattila.hu\/?s={search_term_string}"},"query-input":"required name=search_term_string"}],"inLanguage":"hu"},{"@type":"Person","@id":"https:\/\/bozsogiattila.hu\/#\/schema\/person\/488c99f554a8c4039201260dd5eb795e","name":"Bozsogi Attila","image":{"@type":"ImageObject","inLanguage":"hu","@id":"https:\/\/bozsogiattila.hu\/#\/schema\/person\/image\/","url":"https:\/\/secure.gravatar.com\/avatar\/7da6b5985e34ed798d1670c54ce7d20e6a53b800bb0c07945c64b09392f3dbfd?s=96&d=mm&r=g","contentUrl":"https:\/\/secure.gravatar.com\/avatar\/7da6b5985e34ed798d1670c54ce7d20e6a53b800bb0c07945c64b09392f3dbfd?s=96&d=mm&r=g","caption":"Bozsogi Attila"},"sameAs":["http:\/\/www.boszogiattila.hu"],"url":"https:\/\/bozsogiattila.hu\/?author=3"}]}},"jetpack_featured_media_url":"","_links":{"self":[{"href":"https:\/\/bozsogiattila.hu\/index.php?rest_route=\/wp\/v2\/posts\/863","targetHints":{"allow":["GET"]}}],"collection":[{"href":"https:\/\/bozsogiattila.hu\/index.php?rest_route=\/wp\/v2\/posts"}],"about":[{"href":"https:\/\/bozsogiattila.hu\/index.php?rest_route=\/wp\/v2\/types\/post"}],"author":[{"embeddable":true,"href":"https:\/\/bozsogiattila.hu\/index.php?rest_route=\/wp\/v2\/users\/3"}],"replies":[{"embeddable":true,"href":"https:\/\/bozsogiattila.hu\/index.php?rest_route=%2Fwp%2Fv2%2Fcomments&post=863"}],"version-history":[{"count":1,"href":"https:\/\/bozsogiattila.hu\/index.php?rest_route=\/wp\/v2\/posts\/863\/revisions"}],"predecessor-version":[{"id":864,"href":"https:\/\/bozsogiattila.hu\/index.php?rest_route=\/wp\/v2\/posts\/863\/revisions\/864"}],"wp:attachment":[{"href":"https:\/\/bozsogiattila.hu\/index.php?rest_route=%2Fwp%2Fv2%2Fmedia&parent=863"}],"wp:term":[{"taxonomy":"category","embeddable":true,"href":"https:\/\/bozsogiattila.hu\/index.php?rest_route=%2Fwp%2Fv2%2Fcategories&post=863"},{"taxonomy":"post_tag","embeddable":true,"href":"https:\/\/bozsogiattila.hu\/index.php?rest_route=%2Fwp%2Fv2%2Ftags&post=863"}],"curies":[{"name":"wp","href":"https:\/\/api.w.org\/{rel}","templated":true}]}}