{"id":87,"date":"2008-11-11T19:58:00","date_gmt":"2008-11-11T19:58:00","guid":{"rendered":"https:\/\/bozsogiattila.hu\/?p=87"},"modified":"2024-01-05T20:08:22","modified_gmt":"2024-01-05T20:08:22","slug":"ki-volt-cselenyi-jozsef","status":"publish","type":"post","link":"https:\/\/bozsogiattila.hu\/?p=87","title":{"rendered":"KI VOLT CSEL\u00c9NYI J\u00d3ZSEF?"},"content":{"rendered":"\n<p class=\"wp-block-paragraph\"><strong>KI VOLT CSEL\u00c9NYI J\u00d3ZSEF?<\/strong><\/p>\n\n\n\n<figure class=\"wp-block-image size-large is-resized is-style-default\"><img decoding=\"async\" src=\"https:\/\/upload.wikimedia.org\/wikipedia\/commons\/c\/c8\/Csel%C3%A9nyi_J%C3%B3zsef.jpg\" alt=\"sddfsd\" style=\"width:200px\"\/><\/figure>\n\n\n\n<p class=\"wp-block-paragraph\">1899-1949<\/p>\n\n\n\n<p class=\"wp-block-paragraph\">\u00c9lvonalbeli n\u00f3ta\u00e9nekeseink r\u00e9sz\u00e9re legrangosabb kit\u00fcntet\u00e9st, elismer\u00e9st jelenti a Csel\u00e9nyi d\u00edj, \u00e9s a velej\u00e1r\u00f3 aranygy\u0171r\u0171.<\/p>\n\n\n\n<p class=\"wp-block-paragraph\">Csel\u00e9nyi J\u00f3zsef neve a n\u00f3ta\u00e9nekl\u00e9s klasszikus\u00e1t id\u00e9zi fel az ut\u00f3kor sz\u00e1m\u00e1ra, mely n\u00e9gy \u00e9vtizedes elhallgat\u00e1s ut\u00e1n ism\u00e9t ragyog.<\/p>\n\n\n\n<p class=\"wp-block-paragraph\">Ifj. Csel\u00e9nyi J\u00f3zsef \u00e9s csal\u00e1dja alap\u00edtv\u00e1nyt hozott l\u00e9tre a magyar n\u00f3ta hagyom\u00e1ny\u00e1nak \u00e1pol\u00e1sa, az el\u0151ad\u00f3m\u0171v\u00e9szek tov\u00e1bbk\u00e9pz\u00e9se, \u00e9s a fiatal tehets\u00e9gek felkutat\u00e1sa c\u00e9lj\u00e1b\u00f3l.<\/p>\n\n\n\n<p class=\"wp-block-paragraph\">1330-ban R\u00f3bert K\u00e1roly magyar kir\u00e1ly ellen Z\u00e1ch Felici\u00e1n n\u00f3gr\u00e1di f\u0151nemes mer\u00e9nyletet k\u00eds\u00e9relt meg. A kir\u00e1ly f\u0151poh\u00e1rnoka, a Bog\u00e1th &#8211; Radv\u00e1n nemzets\u00e9g Cselenek J\u00e1nos nev\u0171 fia volt, aki b\u00e1rddal lev\u00e1gta a mer\u00e9nyl\u0151t, ami\u00e9rt a kir\u00e1ly h\u00e1l\u00e1b\u00f3l nemesi rangra emelte megment\u0151j\u00e9t, \u00e9s skorpi\u00f3s c\u00edmert adom\u00e1nyozott sz\u00e1m\u00e1ra.<\/p>\n\n\n\n<p class=\"wp-block-paragraph\">\u00d6tsz\u00e1z \u00e9vvel k\u00e9s\u0151bb 1845-1855 k\u00f6z\u00f6tt a f\u00f3ti kegy\u00far K\u00e1rolyi gr\u00f3f fel\u00e9p\u00edttette F\u00f3t ma is \u00e1ll\u00f3 b\u00fcszkes\u00e9g\u00e9t a k\u00e9ttorny\u00fa, m\u00f3r st\u00edlus\u00fa nagytemplomot. A templom els\u0151 k\u00e1ntora Csel\u00e9nyi J\u00f3zsef nagyapja: Erd\u0151tengeri Csel\u00e9nyi J\u00f3zsef lett.<\/p>\n\n\n\n<p class=\"wp-block-paragraph\">Fiuk Csel\u00e9nyi Zsigmond szigor\u00fa, de melegsz\u00edv\u0171 ember volt, aki gyermekkori torokbetegs\u00e9ge k\u00f6vetkezt\u00e9ben f\u00e1tyolos, gyenge hanggal rendelkezett, de kiv\u00e1l\u00f3an k\u00e9pzett muzsikuss\u00e1 v\u00e1lt. Kit\u0171n\u0151en j\u00e1tszott orgon\u00e1n, zongor\u00e1n, heged\u0171n, fuvol\u00e1n egyar\u00e1nt, \u00e9s a gr\u00f3fi csal\u00e1d h\u00e1zitan\u00edt\u00f3jak\u00e9nt is tev\u00e9kenykedett.<\/p>\n\n\n\n<p class=\"wp-block-paragraph\">Feles\u00e9ge Czuczor Erzs\u00e9bet, Czuczor Gergely pap &#8211; tan\u00e1r k\u00f6lt\u0151 testv\u00e9r\u00e9nek, Czuczor J\u00e1nosnak a le\u00e1nya. Czuczor J\u00e1nos a K\u00e1rolyi gr\u00f3fok derekegyh\u00e1zi birtok\u00e1n m\u00e9nesfel\u00fcgyel\u0151 volt. A szabads\u00e1gharc lever\u00e9se ut\u00e1n K\u00e1rolyi gr\u00f3fot olm\u00fctzi v\u00e1rfogs\u00e1gra \u00edt\u00e9lt\u00e9k, ahov\u00e1 Czuczor J\u00e1nos \u00f6nk\u00e9nt elk\u00eds\u00e9rte ur\u00e1t. Szabadul\u00e1sa ut\u00e1n Istv\u00e1n gr\u00f3f gazdagon megjutalmazta h\u0171s\u00e9g\u00e9\u00e9rt.<\/p>\n\n\n\n<p class=\"wp-block-paragraph\">Csel\u00e9nyi Zsigmond \u00e9s Czuczor Erzs\u00e9bet h\u00e1zass\u00e1g\u00e1b\u00f3l hat gyermek sz\u00fcletett.<\/p>\n\n\n\n<p class=\"wp-block-paragraph\">A legkisebb, J\u00f3zsef 1899. \u00e1prilis 1-\u00e9n l\u00e1tott napvil\u00e1got, aki k\u00e9s\u0151bb a r\u00e1di\u00f3ban elhangzott ezredik magyar n\u00f3ta hangverseny\u00e9n \u00edgy vallott mag\u00e1r\u00f3l:<\/p>\n\n\n\n<p class=\"wp-block-paragraph\"><em>\u201eLehunyom a szemem \u00e9s l\u00e1tom magamat, amint eb\u00e9dl\u0151nk egyik s\u00f6t\u00e9t sark\u00e1ba beh\u00faz\u00f3dva hallgatom n\u0151v\u00e9rem Margit gy\u00f6ny\u00f6r\u0171 \u00e9nek\u00e9t. \u0150 akkor m\u00e1r tan\u00edt\u00f3n\u0151-jel\u00f6lt volt \u00e9s nagyon sz\u00e9pen k\u00eds\u00e9rte mag\u00e1t zongor\u00e1n. Magyar n\u00f3ta csend\u00fclt fel ajk\u00e1n s \u00e9n \u00fagy hallgattam, mint egy im\u00e1ds\u00e1got.\u201d<\/em><\/p>\n\n\n\n<p class=\"wp-block-paragraph\">Ett\u0151l a perct\u0151l kezdve a m\u00e1sodikos elemista Csel\u00e9nyi J\u00f3zsika eljegyezte mag\u00e1t \u00f6r\u00f6kre a magyar dallal, muzsik\u00e1val.<\/p>\n\n\n\n<p class=\"wp-block-paragraph\">Iskolai tanulm\u00e1nyait F\u00f3ton kezdte, ahol a cs\u00ednytev\u00e9sek jobban jellemezt\u00e9k napjait, mint a tanul\u00e1s. Gimn\u00e1ziumi tanulm\u00e1nyait az \u00fajpesti gimn\u00e1ziumban folytatta. Az iskolai sz\u00fcnid\u0151kben a f\u00f3ti k\u00f6zs\u00e9gh\u00e1z\u00e1n \u00edrnokoskodott, \u00e9s k\u00f6zben remek alak\u00fa ifj\u00fav\u00e1 fejl\u0151d\u00f6tt a r\u00e1kospalotai \u00e9s a f\u00f3ti l\u00e1nyok nagy \u00f6r\u00f6m\u00e9re. A f\u00f3ti bar\u00e1taihoz, a dalhoz, a muzsik\u00e1hoz a j\u00f3 ked\u00e9ly\u0171 ifj\u00fa mindig h\u0171 maradt, &#8211; nem annyira a l\u00e1nyokhoz.<\/p>\n\n\n\n<p class=\"wp-block-paragraph\">Csel\u00e9nyi J\u00f3zsef dalolt, ha j\u00f3kedve volt, dalolt, ha b\u00e1nat facsarta sz\u00edv\u00e9t, \u00e9s egy\u00fctt \u00fajongot, b\u00fasult a n\u00f3t\u00e1val, mint ahogy egy h\u0171 szeret\u0151h\u00f6z illik.<\/p>\n\n\n\n<p class=\"wp-block-paragraph\">Apja kit\u0171n\u0151 hall\u00e1sa \u00e9s hangja birtok\u00e1ban fi\u00e1t k\u00e1ntornak szerette volna adni, ami t\u00f6bb gener\u00e1ci\u00f3 \u00f3ta ap\u00e1r\u00f3l fi\u00fara sz\u00e1llt a csal\u00e1dban, F\u00f3ton.<\/p>\n\n\n\n<p class=\"wp-block-paragraph\">J\u00f3sk\u00e1nak m\u00e1s volt a v\u00e9lem\u00e9nye, soha nem lett k\u00e1ntor, mivel minden idegsz\u00e1l\u00e1val a sz\u00edn\u00e9szethez \u00e9s az \u00e9nekl\u00e9shez vonz\u00f3dott.<\/p>\n\n\n\n<p class=\"wp-block-paragraph\">Hamarosan a fiatals\u00e1g vez\u00e9regy\u00e9nis\u00e9ge lett, \u00e9s m\u00e1r di\u00e1k kor\u00e1ban el\u0151ad\u00e1sokat szervezett, rendezett, \u00e9s fel is l\u00e9pett benn\u00fck.<\/p>\n\n\n\n<p class=\"wp-block-paragraph\">15 \u00e9ves kor\u00e1ban F\u00fcredi Maxi v\u00e1ndort\u00e1rsulat\u00e1hoz szeg\u0151d\u00f6tt, term\u00e9szetesen sz\u00fcl\u0151i enged\u00e9ly n\u00e9lk\u00fcl.<\/p>\n\n\n\n<p class=\"wp-block-paragraph\">Sz\u00fclei ut\u00e1na mentek Veresegyh\u00e1z\u00e1ra \u00e9s haza invit\u00e1lt\u00e1k az ifj\u00fa sz\u00edni pal\u00e1nt\u00e1t.<\/p>\n\n\n\n<p class=\"wp-block-paragraph\">Az \u00e9vek gyorsan teltek. Az els\u0151 vil\u00e1gh\u00e1bor\u00fa m\u00e1r jav\u00e1ban d\u00falt \u00e9s szedte \u00e1ldozatait. 1917-ben Csel\u00e9nyi J\u00f3zsefet is beh\u00edvt\u00e1k katon\u00e1nak a v\u00e1rt\u00fcz\u00e9rekhez. Egy alkalommal leeset a lov\u00e1r\u00f3l, \u00e9s olyan s\u00falyosan megs\u00e9r\u00fclt, hogy a katonai szolg\u00e1lata \u00f6r\u00f6kre alkalmatlan lett.<\/p>\n\n\n\n<p class=\"wp-block-paragraph\">Itt \u00e9rkezt\u00fcnk el sz\u00edn\u00e9szi \u00e9s dal\u00e9nekesi p\u00e1ly\u00e1j\u00e1nak kezdet\u00e9hez!<\/p>\n\n\n\n<p class=\"wp-block-paragraph\">Csel\u00e9nyi J\u00f3zsef gyerekkori bar\u00e1tja volt Kov\u00e1cs P\u00e1l, aki bar\u00e1tja tehets\u00e9g\u00e9t l\u00e1tva sorsd\u00f6nt\u0151 l\u00e9p\u00e9sre sz\u00e1nta el mag\u00e1t. Felkereste a Budai Sz\u00ednk\u00f6r igazgat\u00f3j\u00e1t, \u00e9s el\u0151adta neki, hogy van egy sz\u00e9p hang\u00fa, j\u00f3 ki\u00e1ll\u00e1s\u00fa, nagyon tehets\u00e9ges bar\u00e1tja. K\u00e9rte a direktort, hogy hallgassa meg. Sebesty\u00e9n G\u00e9za t\u00f6bbsz\u00f6ri felk\u00e9r\u00e9s ut\u00e1n v\u00e9gre eleget tett Kov\u00e1cs P\u00e1l k\u00e9r\u00e9s\u00e9nek, \u00e9s a meghallgat\u00e1s ut\u00e1n leszerz\u0151dtette Csel\u00e9nyit a Budai Sz\u00ednk\u00f6rbe, aki a \u201eVereshaj\u00fa\u201d c. n\u00e9psz\u00ednm\u0171ben l\u00e9pett fel el\u0151sz\u00f6r 1920-ban. Egy \u00e9vadot t\u00f6lt\u00f6tt el a Budai Sz\u00ednk\u00f6rben.<\/p>\n\n\n\n<p class=\"wp-block-paragraph\">Ez id\u0151 alatt K\u00f6vessi Albert, az \u00f3budai Kisfaludy Sz\u00ednh\u00e1z igazgat\u00f3ja felfigyelt a f\u00e9rfias megjelen\u00e9s\u00e9re, csod\u00e1latos org\u00e1num\u00e1ra, \u00e9nek\u00e9nek melegs\u00e9g\u00e9re, \u00e9s leszerz\u0151dtette a h\u00e9ber t\u00e9m\u00e1j\u00fa Szulamit c. dalj\u00e1t\u00e9k Absolon szerep\u00e9re. A darabot 100 alkalommal adt\u00e1k el\u0151, \u00e9s k\u00f6zben \u00e1tker\u00fcltek a Budapesti Sz\u00ednh\u00e1zba, (k\u00e9s\u0151bb Erzs\u00e9betv\u00e1rosi sz\u00ednh\u00e1z.) ahol az \u00faj bonviv\u00e1n Csel\u00e9nyi J\u00f3zsef lett.<\/p>\n\n\n\n<p class=\"wp-block-paragraph\">Mindez a vil\u00e1gh\u00e1bor\u00fa ut\u00e1ni neh\u00e9z \u00e9vben, 1921-ben t\u00f6rt\u00e9nt. A Szulimith sikere egyszeriben orsz\u00e1gszerte h\u00edress\u00e9 tette Csel\u00e9nyit.<\/p>\n\n\n\n<p class=\"wp-block-paragraph\">P\u00e1rhuzamosan sz\u00edn\u00e9szi karrierj\u00e9nek kialakul\u00e1s\u00e1val indult el \u00e9nekesi p\u00e1lyafut\u00e1sa is. H\u00e1rom m\u00e9g j\u00f3form\u00e1n gyerek ifj\u00fa: Farkas Dezs\u0151 \u00edr\u00f3, Laurisin Lajos a Magyar Kir\u00e1lyi Operah\u00e1z tagja, \u00e9s Csel\u00e9nyi J\u00f3zsef \u00f6sszefogott \u00e9s Tin\u00f3di Lantos Sebesty\u00e9nhez hasonl\u00f3an Reg\u0151s T\u00e1rsulatukkal (Tur\u00e1ni Reg\u0151s csoport) falur\u00f3l-falura j\u00e1rtak a magyar dalt terjeszteni. Els\u0151 l\u00e1t\u00e1sra sz\u00edv\u00e9be z\u00e1rta \u0151ket az eg\u00e9sz orsz\u00e1g.<\/p>\n\n\n\n<p class=\"wp-block-paragraph\">Visszat\u00e9rve a sz\u00edn\u00e9szethez: Csel\u00e9nyi sikere darabr\u00f3l darabra n\u0151tt, \u00e9s Kiszely Gyula-Szil\u00e1gyi L\u00e1szl\u00f3-Hars\u00e1nyi Zsolt nagyoperettje az \u201eAmerika L\u00e1nya fel\u00fclm\u00falta minden eddigi siker\u00e9t, \u00e9s a kritikusok egy\u00f6ntet\u0171en \u00edrnak Csel\u00e9nyi ragyog\u00f3 sz\u00edn\u00e9sz alak\u00edt\u00e1sair\u00f3l, er\u0151t\u0151l duzzad\u00f3, beh\u00edzelg\u0151 hangj\u00e1r\u00f3l.<\/p>\n\n\n\n<p class=\"wp-block-paragraph\">Ennek ellen\u00e9re az \u0151 igazi vil\u00e1ga m\u00e9gsem az operett volt, hanem a reg\u0151s fell\u00e9p\u00e9sei az alf\u00f6ldi \u00e9s a somogyi falvakban.<\/p>\n\n\n\n<p class=\"wp-block-paragraph\">1924-ben Szigligeti Ede Sz\u00f6k\u00f6tt Katona c. n\u00e9psz\u00ednm\u0171v\u00e9nek fel\u00faj\u00edt\u00e1s\u00e1ra k\u00e9sz\u00fclt a Nemzeti Sz\u00ednh\u00e1z. A premier el\u0151tt a f\u0151szerepl\u0151 Kiss Ferenc megv\u00e1lt a sz\u00ednh\u00e1zt\u00f3l. \u00cdgy az Amerika l\u00e1nya c. darab mentette meg a helyzetet. Ezek ut\u00e1n m\u00e1r nem volt neh\u00e9z megtal\u00e1lni Kiss Ferenc m\u00e9lt\u00f3 ut\u00f3dj\u00e1t Csel\u00e9nyi J\u00f3zsef szem\u00e9ly\u00e9ben, aki elfoglalta hely\u00e9t az orsz\u00e1g els\u0151 sz\u00ednpad\u00e1n. Sikerre vitte: A falu rossz\u00e1t, A s\u00e1rga csik\u00f3t, A piros bugyell\u00e1rist, A cig\u00e1nyt, A peleskei n\u00f3t\u00e1riust, A N\u00f3ta v\u00e9g\u00e9t, A s\u00fct a napot, A gyermeket, A csik\u00f3st.<\/p>\n\n\n\n<p class=\"wp-block-paragraph\">Ezekben a n\u00e9psz\u00ednm\u0171vekben tal\u00e1lta meg azt, amit az operettekben hi\u00e1ba keresett: a magyar dal sz\u00e9ps\u00e9g\u00e9t \u00e9s azt a k\u00f6z\u00f6ns\u00e9get, amelyhez tartoz\u00f3nak vallotta mag\u00e1t.<\/p>\n\n\n\n<p class=\"wp-block-paragraph\">Sikereinek cs\u00facs\u00e1n egyre jobban \u00e9rezte hi\u00e1ny\u00e1t a csal\u00e1dnak, ez\u00e9rt megh\u00e1zasodott, csal\u00e1dot alap\u00edtott.<\/p>\n\n\n\n<p class=\"wp-block-paragraph\">Err\u0151l az esem\u00e9nyr\u0151l V\u00edg Gy\u00f6rgy a R\u00e1di\u00f3 \u00dajs\u00e1g humorist\u00e1ja \u00edgy sz\u00e1molt be:<\/p>\n\n\n\n<p class=\"wp-block-paragraph\"><em>\u201eA r\u00e1kosfalvi fiatals\u00e1g m\u0171kedvel\u0151 el\u0151ad\u00e1sra k\u00e9sz\u00fclt. A Bolond Ist\u00f3kot t\u0171zt\u00e9k m\u0171sorra. A darab f\u0151szerep\u00e9t az akkor m\u00e9g f\u0151iskol\u00e1s Maleczky Oszk\u00e1rra osztott\u00e1k, akinek az \u00e9desapja az el\u0151ad\u00e1s napj\u00e1n meghalt. Hogy a lelkes g\u00e1rda munk\u00e1ja ne vesszen k\u00e1rba, Csel\u00e9nyi J\u00f3zsef a darab rendez\u0151je ugrott be a szerepbe. A darab szerinti \u00c1gnest olyan sikeresen sz\u00f6ktette meg a sz\u00ednpadon, hogy az \u00e9letben is feles\u00e9g\u00fcl vette.<\/em><\/p>\n\n\n\n<p class=\"wp-block-paragraph\">Feles\u00e9ge egy\u00e9bk\u00e9nt sok sz\u00e9p magyar dal szerz\u0151je F\u00f3thy Frici m\u0171v\u00e9szn\u00e9ven. Neh\u00e9z lett volna tal\u00e1lni, k\u00e9t jobban \u00f6sszeill\u0151 embert. Mindkett\u0151j\u00fcket a magyar dal ir\u00e1nti szeretet f\u0171t\u00f6tte, \u00e9s egym\u00e1sban tal\u00e1lt\u00e1k meg azt a t\u00e1maszt, amely k\u00f6z\u00f6s siker\u00fcknek is z\u00e1loga lett.<\/p>\n\n\n\n<p class=\"wp-block-paragraph\">Ez id\u0151 t\u00e1jt sz\u00f3lalt meg a Telefonh\u00edrmond\u00f3. Csel\u00e9nyi J\u00f3zsef n\u00f3t\u00e1it az els\u0151k k\u00f6z\u00f6tt konfer\u00e1lta az els\u0151 bemond\u00f3: Scherz Ede. A Magyar R\u00e1di\u00f3 els\u0151 igazgat\u00f3ja Sz\u0151ts Ede volt, aki szem\u00e9lyesen k\u00e9rte fel Csel\u00e9nyit r\u00e1di\u00f3szerepl\u00e9sre. A r\u00e1di\u00f3ban is, a hangversenydobog\u00f3n is \u00e1lland\u00f3 k\u00eds\u00e9r\u0151je a cig\u00e1nyok kir\u00e1lya id\u0151sebb Magyari Imre volt ebben az id\u0151ben.<\/p>\n\n\n\n<p class=\"wp-block-paragraph\">Szoros bar\u00e1ts\u00e1g f\u0171zte Bal\u00e1zs \u00c1rp\u00e1dhoz, V\u00e1rady Alad\u00e1rhoz, Murg\u00e1cs K\u00e1lm\u00e1nhoz, Torday Borb\u00e9ly P\u00e1lhoz, Huszka Jen\u0151h\u00f6z, Dayka L\u00e1szl\u00f3hoz. Sz\u00e1m\u00e1ra soha nem a szerz\u0151 neve, hanem a dal volt az aj\u00e1nl\u00f3lev\u00e9l. Csel\u00e9nyi rangot adott a magyar n\u00e9pies m\u0171dalnak.<\/p>\n\n\n\n<p class=\"wp-block-paragraph\">1927-ben rendezt\u00e9k meg Csel\u00e9nyi J\u00f3zsef els\u0151 magyarn\u00f3ta-estj\u00e9t a Zeneakad\u00e9mi\u00e1n.<\/p>\n\n\n\n<p class=\"wp-block-paragraph\">A Nemzeti Sz\u00ednh\u00e1zban telt h\u00e1zakkal adt\u00e1k Szigeti Ede hal\u00e1l\u00e1nak 50. \u00e9vfordul\u00f3j\u00e1n a Liliomfit. A v\u00edgj\u00e1t\u00e9k f\u0151szerepl\u0151i: Csel\u00e9nyi, Urai, R\u00f3zsahegyi.<\/p>\n\n\n\n<p class=\"wp-block-paragraph\">Ugyan ebben az esztend\u0151ben megsz\u00fcletett a \u201etr\u00f3n\u00f6r\u00f6k\u00f6s\u201d Csel\u00e9nyi J\u00f3zsika, aki boldog h\u00e1zass\u00e1g\u00e1t m\u00e9g teljesebb\u00e9 tette.<\/p>\n\n\n\n<p class=\"wp-block-paragraph\">Szint\u00e9n ebben az \u00e9vben Csel\u00e9nyit felfedezte a film is. A \u201eBesz\u00e9l\u0151 k\u00f6nt\u00f6s\u201d ut\u00e1n \u201eA s\u00e1rgacsik\u00f3\u201d megfilmes\u00edtett v\u00e1ltozata aratott orsz\u00e1gos sikert.<\/p>\n\n\n\n<p class=\"wp-block-paragraph\">Mint dal\u00e9nekes sz\u00e1m\u00e1ra sorsd\u00f6nt\u0151 volt a dal sz\u00f6vege, \u00e9s annak dr\u00e1mai mondanival\u00f3ja. Nem v\u00e9letlen, hogy Arany J\u00e1nos \u00e9s Pet\u0151fi S\u00e1ndor megzen\u00e9s\u00edtett verseit kedvelte legjobban. Ig\u00e9nyess\u00e9ge nagy hat\u00e1ssal volt p\u00e1lyat\u00e1rsaira, de f\u0151k\u00e9nt azokra, akikkel rendszeresen koncertezett. Csel\u00e9nyi mellett Nagy Izabella, Bod\u00e1n Margit, Utry Anna, V\u00f6r\u00f6s S\u00e1ri \u00e9rdeme volt, hogy el\u0151ad\u00e1sukban rangot kapott a magyar n\u00f3ta.<\/p>\n\n\n\n<p class=\"wp-block-paragraph\">A magyar dal terjeszt\u00e9s\u00e9ben szerzett \u00e9rdemei\u00e9rt Blaha Lujza eml\u00e9k\u00e9remmel \u00e9s d\u00edszoklev\u00e9llel t\u00fcntett\u00e9k ki.<\/p>\n\n\n\n<p class=\"wp-block-paragraph\">M\u0171v\u00e9szet\u00e9nek elismer\u00e9sek\u00e9nt az Orsz\u00e1gos G\u00e1rdonyi T\u00e1rsas\u00e1g tiszteletbeli tagj\u00e1ul v\u00e1lasztotta.<\/p>\n\n\n\n<p class=\"wp-block-paragraph\">1931-ben \u00fcnnepelte ezredik n\u00f3taestj\u00e9t a Zeneakad\u00e9mi\u00e1n, majd megkapta a kor legmagasabb kit\u00fcntet\u00e9s\u00e9t, a T\u00e1rsadalmi Egyes\u00fcletek Sz\u00f6vets\u00e9g\u00e9nek nagykeresztj\u00e9t.<\/p>\n\n\n\n<p class=\"wp-block-paragraph\">Ezut\u00e1n \u00fajabb sz\u00ednpadi siker, ez\u00fattal az Operah\u00e1zban, ahol Pall\u00f3 Imre megbeteged\u00e9se miatt a Nemzeti Sz\u00ednh\u00e1zb\u00f3l k\u00e9rt\u00e9k k\u00f6lcs\u00f6n Csel\u00e9nyit, Kacs\u00f3h Pongr\u00e1c J\u00e1nos vit\u00e9z\u00e9nek bemutat\u00f3j\u00e1ra: J\u00e1nos vit\u00e9z szerep\u00e9re. Iluska Gere Lola, a francia kir\u00e1ly Laurisin Lajos volt.<\/p>\n\n\n\n<p class=\"wp-block-paragraph\"><strong>CSEL\u00c9NYI J\u00d3ZSEF MELL\u0150Z\u00c9SE<\/strong><\/p>\n\n\n\n<p class=\"wp-block-paragraph\">A NemzetiSz\u00ednh\u00e1z \u00faj m\u0171sorpolitik\u00e1val k\u00eds\u00e9rletezett, \u00e9s modern eur\u00f3pai sz\u00ednh\u00e1zat akartak teremteni, ahol nem maradt helye magyar dalj\u00e1t\u00e9knak. Ez\u00e9rt a sz\u00ednh\u00e1z felmondott a p\u00e1ly\u00e1ja cs\u00facs\u00e1n \u00e1ll\u00f3 Csel\u00e9nyi J\u00f3zsefnek. Az \u00fajs\u00e1gok felh\u00e1borod\u00e1ssal \u00edrtak az esem\u00e9nyr\u0151l.<\/p>\n\n\n\n<p class=\"wp-block-paragraph\">Az igazs\u00e1gtalan d\u00f6nt\u00e9s ellen az eg\u00e9sz orsz\u00e1g tiltakozott, \u00e9s ennek hat\u00e1s\u00e1ra visszavett\u00e9k a Nemzetibe Csel\u00e9nyit. A vihar el\u00fclt, az \u00e9g kider\u00fclt, a sz\u00ednh\u00e1z n\u00e9z\u0151ter\u00e9n felz\u00fagott a taps, a r\u00e1di\u00f3ban pedig hetenk\u00e9nt k\u00e9tszer ism\u00e9t \u00e9nekelt Csel\u00e9nyi J\u00f3zsef.<\/p>\n\n\n\n<p class=\"wp-block-paragraph\">1932. okt\u00f3ber 9-\u00e9n a R\u00e1di\u00f3 \u00dajs\u00e1g \u00e1ltal szervezett d\u00edszhangversenyen sz\u00fcl\u0151faluja, F\u00f3t k\u00f6sz\u00f6nt\u00f6tte a neves m\u0171v\u00e9szt.<\/p>\n\n\n\n<p class=\"wp-block-paragraph\">1934. \u00e1prilis 8-\u00e1n bemutatt\u00e1k a V\u00e1rosi Sz\u00ednh\u00e1zban J\u00e1rossy Jen\u0151 \u00e9s Dr\u00f3zdy Gy\u0151z\u0151 j\u00e1t\u00e9k\u00e1t, az Ez\u00fcstk\u00f3csagot. Csel\u00e9nyi J\u00f3zsef vend\u00e9gk\u00e9nt j\u00e1tszott a darabban. Ekkor m\u00e9g senki nem sejthette, hogy ez a fell\u00e9p\u00e9se lesz az utols\u00f3 sz\u00ednh\u00e1zi szerepe.<\/p>\n\n\n\n<p class=\"wp-block-paragraph\">Az Ez\u00fcstk\u00f3csag sikereit m\u00e9ltatt\u00e1k az \u00fajs\u00e1gok, de az Est c. lap 1943. \u00e1prilis 18-\u00e1n f\u00e9nyk\u00e9pes \u00edr\u00e1sban tudatta a Nemzeti Sz\u00ednh\u00e1z elbocs\u00e1tott m\u0171v\u00e9szeinek nev\u00e9t. K\u00f6z\u00f6tt\u00fck volt Csel\u00e9nyi J\u00f3zsef \u00e9s az Erd\u00e9lyb\u0151l sz\u00e1rmaz\u00f3 Hossz\u00fa Zolt\u00e1n.<\/p>\n\n\n\n<p class=\"wp-block-paragraph\">Az egykori n\u00e9pszer\u0171 bonviv\u00e1n teh\u00e1t a k\u00e1v\u00e9h\u00e1zi dobog\u00f3ra ker\u00fclt, \u00e9s ahogy Csel\u00e9nyi mondta:\u201d Megpr\u00f3b\u00e1lom magamhoz emelni a k\u00e1v\u00e9h\u00e1zat. Siker\u00fclt! Tov\u00e1bbra is a megbecs\u00fcl\u00e9s vette k\u00f6r\u00fcl.<\/p>\n\n\n\n<p class=\"wp-block-paragraph\">K\u00e1v\u00e9h\u00e1zi m\u0171k\u00f6d\u00e9s\u00e9t a Bod\u00f3 K\u00e1v\u00e9h\u00e1zban kezdte meg. M\u00e9g egy \u00e9v sem telt el a Nemzeti Sz\u00ednh\u00e1zb\u00f3l val\u00f3 elt\u00e1vol\u00edt\u00e1sa ut\u00e1n, amikor az \u00fajs\u00e1gok arr\u00f3l \u00edrtak, hogy Csel\u00e9nyi Amerik\u00e1ba k\u00e9sz\u00fcl. A cs\u00e1b\u00edt\u00e1s val\u00f3ban nagy volt, de Csel\u00e9nyi a m\u00e9ltatlan mell\u0151z\u00e9s miatti elkesered\u00e9se ellen\u00e9re itthon maradt.<\/p>\n\n\n\n<p class=\"wp-block-paragraph\">Az \u00e1lland\u00f3an optimista m\u0171v\u00e9sz elhat\u00e1rozta, hogy saj\u00e1t vend\u00e9gl\u0151t nyit, s ez\u00e9rt beiratkozott szak\u00e1cstanul\u00f3nak. A tanonc\u00e9v letelt\u00e9vel 1939. j\u00fanius 21-\u00e9n sz\u00e1lloda \u00e9s vend\u00e9gl\u0151s seg\u00e9dd\u00e9, k\u00e9t \u00e9v m\u00falva pedig mesterr\u00e9 nyilv\u00e1n\u00edtott\u00e1k.<\/p>\n\n\n\n<p class=\"wp-block-paragraph\">A vend\u00e9gl\u0151s szakma elsaj\u00e1t\u00edt\u00e1sa mellett sem hagyott fel az \u00e9nekl\u00e9ssel, \u00e9s 1940. m\u00e1rcius 31-\u00e9n a Zenem\u0171v\u00e9szeti F\u0151iskola nagyterm\u00e9ben tartotta meg 25 \u00e9ves jubileumi hangverseny\u00e9t. A R\u00e1di\u00f3 \u00fcnnepist\u00fadi\u00f3ja-hangversenyt rendezett tisztelet\u00e9re. A k\u00f6sz\u00f6nt\u0151t Bal\u00e1zs \u00c1rp\u00e1d mondta.<\/p>\n\n\n\n<p class=\"wp-block-paragraph\">K\u00f6zben hangyaszorgalommal szerezte be a vend\u00e9gl\u0151j\u00e9nek megnyit\u00e1s\u00e1hoz sz\u00fcks\u00e9ges kell\u00e9keket, de a nyit\u00e1sra a h\u00e1bor\u00fa miatt v\u00e1rni kellett.<\/p>\n\n\n\n<p class=\"wp-block-paragraph\">A h\u00e1bor\u00faban a bar\u00e1tok ellens\u00e9gekk\u00e9 v\u00e1ltak, a fi\u00fak apjuk ellen fordultak, \u00e9s a korh\u00e1zi \u00e1gyak sebes\u00fcltekkel teltek meg.<\/p>\n\n\n\n<p class=\"wp-block-paragraph\">A harcol\u00f3 katon\u00e1knak a legn\u00e9pszer\u0171bb m\u0171v\u00e9szek k\u00edv\u00e1ns\u00e1g-hangversenyeket rendeztek. Fell\u00e9ptek: Bilicsi Tivadar, Simor Erzsi, Gregus Zolt\u00e1n, Honthy Hanna, B\u00e1sti, Kar\u00e1dy, P\u00e1ger, M\u00e9sz\u00e1ros \u00c1gi, Nagykov\u00e1csi Ilona, Kiss Manyi, R\u00f3zsahegyi K\u00e1lm\u00e1n, Kiss Ferenc, Dajka Margit, a Latab\u00e1rok, Mezei M\u00e1ria,, Tolnai Kl\u00e1ri, Nagy Izabella, Utry Anna \u2013 \u00e9s Csel\u00e9nyi J\u00f3zsef. <a href=\"#_ftn1\" id=\"_ftnref1\">&nbsp;<\/a><\/p>\n\n\n\n<p class=\"wp-block-paragraph\">Csel\u00e9nyi napjai a Baross K\u00e1v\u00e9h\u00e1z \u00e9s a r\u00e1di\u00f3st\u00fadi\u00f3 k\u00f6z\u00f6tt teltek el. 1944. tavasz\u00e1n Sz\u00fcle Mih\u00e1ly a Vid\u00e1m Sz\u00ednpad igazgat\u00f3ja megh\u00edvta egy n\u00e9pies sz\u00ednm\u0171 f\u0151szerep\u00e9re a Varj\u00faf\u00e9szek c. darabban, melyet Bihari N\u00e1ndor \u00edrt, Csel\u00e9nyi r\u00e9sz\u00e9re.<\/p>\n\n\n\n<p class=\"wp-block-paragraph\">Utols\u00f3 sz\u00ednpadi szerep\u00e9t nem fejezhette be, mivel a n\u00e9met megsz\u00e1ll\u00e1st letart\u00f3ztat\u00e1sok, deport\u00e1l\u00e1sok k\u00f6vett\u00e9k.<\/p>\n\n\n\n<p class=\"wp-block-paragraph\">Csel\u00e9nyit, aki soha nem volt egy p\u00e1rtnak sem tagja, mint megb\u00edzhatatlan szem\u00e9lyt \u00e9s zsid\u00f3b\u00e9rencet, megk\u00fcl\u00f6nb\u00f6ztet\u0151 karszalaggal munkaszolg\u00e1latra k\u00e9nyszer\u00edtett\u00e9k.<\/p>\n\n\n\n<p class=\"wp-block-paragraph\">A Nemzeti Sz\u00ednh\u00e1z sz\u00ednpad\u00e1n t\u00fals\u00e1gosan magyar volt, a Baross K\u00e1v\u00e9h\u00e1zban zsid\u00f3b\u00e9renc lett. R\u00e9gi bar\u00e1tai \u00e9s n\u00e9pszer\u0171s\u00e9ge r\u00e9v\u00e9n siker\u00fclt el\u00e9rni, hogy nem vitt\u00e9k el a f\u0151v\u00e1rosb\u00f3l. A Veres P\u00e1ln\u00e9 utcai v\u00e1rosparancsnoks\u00e1gra vez\u00e9nyelt\u00e9k, ahonnan hazasz\u00f6k\u00f6tt csal\u00e1dj\u00e1hoz, ahol \u00e1lland\u00f3an arra gondolt, hogy a n\u00e9phatalom a magyar dal szolg\u00e1lat\u00e1t is megbecs\u00fcli majd. Ilyen gondolatok rem\u00e9ny\u00e9ben \u00e9rt v\u00e9get a 2-ikvil\u00e1gh\u00e1bor\u00fa.<\/p>\n\n\n\n<p class=\"wp-block-paragraph\">A h\u00e1bor\u00fa v\u00e9g\u00e9n mindenki gyan\u00fas lett. Csel\u00e9nyit volt szomsz\u00e9dja Szab\u00f3 Elem\u00e9r asztalosmester feljelentette, mert szerinte a n\u00e9pdal\u00e9nekes n\u00e9metbar\u00e1t Gestap\u00f3 k\u00e9m volt. Ez\u00e9rt akarattyai vill\u00e1j\u00e1t elkobozt\u00e1k, \u00e9s a kommunista p\u00e1rt helyi sz\u00e9kh\u00e1za lett bel\u0151le. Az \u00c1V\u00d3 Csel\u00e9nyi J\u00f3zsefet \u0151rizetbe vette \u00e9s el\u0151sz\u00f6r a Mosonyi \u00fati tolonch\u00e1zba ker\u00fclt, majd az Andr\u00e1ssy \u00fat 60. lak\u00f3ja lett. H\u00e1rom h\u00f3nap eltelt\u00e9vel, \u00fcgy\u00e9nek kivizsg\u00e1l\u00e1sa ut\u00e1n szabadl\u00e1bra helyezt\u00e9k.<\/p>\n\n\n\n<p class=\"wp-block-paragraph\">\u00c1rtatlans\u00e1g\u00e1nak elismer\u00e9sek\u00e9nt iparenged\u00e9lyt kapott \u00e9s 1946. augusztus 15-\u00e9n megnyitotta vend\u00e9gl\u0151j\u00e9t, mely bar\u00e1ts\u00e1g \u00e9s szeretet v\u00e1ra lett.<\/p>\n\n\n\n<p class=\"wp-block-paragraph\">1947-ben saj\u00e1t rendez\u00e9s\u00e9ben hangversenyt adott a Zeneakad\u00e9mi\u00e1n \u00f3ri\u00e1si sikerrel, melyet december 7-\u00e9n megism\u00e9telt. Partnerei: Nagy Izabella, Utry Anna, Baksa Kat\u00f3, V\u00f6r\u00f6s S\u00e1ri, L\u00e1szl\u00f3 Imre, Solti K\u00e1roly, Mindszenti Istv\u00e1n \u00e9s T\u00f6lgyesi J\u00falia.<\/p>\n\n\n\n<p class=\"wp-block-paragraph\">Ez volt Csel\u00e9nyi utols\u00f3 nyilv\u00e1nos szerepl\u00e9se Budapesten.<\/p>\n\n\n\n<p class=\"wp-block-paragraph\">1948. elej\u00e9n \u00fajabb hangversenyre k\u00e9sz\u00fclt. \u00c1prilis 11-re kapott enged\u00e9lyt, de v\u00e9g\u00fcl betiltott\u00e1k, ami nagy anyagi vesztes\u00e9get jelentett sz\u00e1m\u00e1ra.<\/p>\n\n\n\n<p class=\"wp-block-paragraph\">Ekkor jelent meg vend\u00e9gl\u0151j\u00e9ben egy amerikai imressz\u00e1ri\u00f3, aki mindent mag\u00e1ra v\u00e1llalt volna, csak egyet nem tudott biztos\u00edtani, hogy Csel\u00e9nyi visszakapja m\u0171v\u00e9szi rangj\u00e1t, emberi becs\u00fclet\u00e9t. Nem akarta elhagyni haz\u00e1j\u00e1t egy meghurcolt n\u00e9vvel, s \u00e9lt benne a rem\u00e9ny, hogy visszat\u00e9rhet a p\u00f3diumra, \u00e9s ez\u00e9rt soha nem jutott ki Amerik\u00e1ba.<\/p>\n\n\n\n<p class=\"wp-block-paragraph\">1948. szeptember 12-\u00e9n, vas\u00e1rnap k\u00f6z\u00f6lt\u00e9k a lapok a \u201edobog\u00f3r\u00f3l \u00e9s sz\u00ednpadr\u00f3l letiltott el\u0151ad\u00f3k \u00e9s artist\u00e1k n\u00e9vsor\u00e1t\u201d. A n\u00e9vsor Csel\u00e9nyi J\u00f3zsef nev\u00e9vel kezd\u0151d\u00f6tt, akit a politikai rend\u0151rs\u00e9g fasiszta, h\u00e1bor\u00fas usz\u00edt\u00f3nak b\u00e9lyegezte, \u00e9s n\u00e9pellenes propaganda terjeszt\u00e9s\u00e9vel v\u00e1dolta.<\/p>\n\n\n\n<p class=\"wp-block-paragraph\">Italm\u00e9r\u00e9si \u00e9s k\u00e1rtyaj\u00e1tsz\u00e1si enged\u00e9ly\u00e9t megvont\u00e1k. Indok: szem\u00e9lye \u00e1llamv\u00e9delmi szempontb\u00f3l kifog\u00e1s al\u00e1 esik.<\/p>\n\n\n\n<p class=\"wp-block-paragraph\">A cs\u00e1rd\u00e1t 1 perces z\u00e1r\u00f3ramegszeg\u00e9s \u00fcr\u00fcgy\u00e9n t\u00f6bbsz\u00f6r bez\u00e1rj\u00e1k, el\u0151sz\u00f6r csak n\u00e9h\u00e1ny napra, m\u00e1sodszor 10 napra.<\/p>\n\n\n\n<p class=\"wp-block-paragraph\">1948 november\u00e9ben a P\u00e9nz\u00fcgyi hat\u00f3s\u00e1g a vend\u00e9gl\u0151t v\u00e9gleg bez\u00e1ratta.<\/p>\n\n\n\n<p class=\"wp-block-paragraph\">Csel\u00e9nyi J\u00f3zsefet optimizmusa cserbenhagyta \u00e9s b\u00faskomor lett.<\/p>\n\n\n\n<p class=\"wp-block-paragraph\">1949. febru\u00e1r 23-\u00e1n gyomorv\u00e9rz\u00e9ssel korh\u00e1zba ker\u00fclt, ahonnan a gyors orvosi beavatkoz\u00e1snak k\u00f6sz\u00f6nhet\u0151en m\u00e1rcius 28-\u00e1n t\u00e1vozhatott.<\/p>\n\n\n\n<p class=\"wp-block-paragraph\">J\u00faliusban az 50. \u00e9v\u00e9t elhagy\u00f3 m\u0171v\u00e9szt gyomorv\u00e9rz\u00e9ssel ism\u00e9t a Bethesda korh\u00e1zba sz\u00e1ll\u00edtott\u00e1k, ahol 1949. j\u00falius 25-\u00e9n r\u00f6vid szenved\u00e9s ut\u00e1n elhunyt.<\/p>\n\n\n\n<p class=\"wp-block-paragraph\">A budapesti cig\u00e1ny muzsikusok tisztelet\u00fck jel\u00e9\u00fcl utols\u00f3 \u00faj\u00e1ra akart\u00e1k k\u00eds\u00e9rni a magyar n\u00f3ta koron\u00e1zatlan kir\u00e1ly\u00e1t, de az \u00c1llamv\u00e9delmi hat\u00f3s\u00e1g nem enged\u00e9lyezte.<\/p>\n\n\n\n<p class=\"wp-block-paragraph\">Toki Horv\u00e1th Gyula a Baross k\u00e1v\u00e9h\u00e1zi est\u00e9k muzsikust\u00e1rsa nem t\u00f6r\u0151d\u00f6tt a tilalommal, \u00e9s Csel\u00e9nyi J\u00f3zsef s\u00edrj\u00e1n\u00e1l fels\u00edrt heged\u0171j\u00e9n n\u00f3t\u00e1ja: \u201eN\u00f3t\u00e1s kedv\u0171 volt az ap\u00e1m\u201d\u2026<\/p>\n\n\n\n<p class=\"wp-block-paragraph\">A fel\u00e1ll\u00edtott fejf\u00e1t egy koszor\u00fa fonta k\u00f6r\u00fcl, rajta a n\u00f3tasz\u00f6veggel:<\/p>\n\n\n\n<p class=\"wp-block-paragraph\">&nbsp;&nbsp; \u201eNagy sz\u00edvvel sz\u00fclettem kis koldus orsz\u00e1gban,<\/p>\n\n\n\n<p class=\"wp-block-paragraph\">&nbsp;P\u00e1r vid\u00e1m eml\u00e9kem \u00e9s sok b\u00fas n\u00f3t\u00e1m van.<\/p>\n\n\n\n<p class=\"wp-block-paragraph\">&nbsp;De ha eln\u00e9mulok, az csak azt jelenti<\/p>\n\n\n\n<p class=\"wp-block-paragraph\">&nbsp;Kid\u0151lt keresztf\u00e1nak nem k\u00f6sz\u00f6n m\u00e1r senki.<\/p>\n\n\n\n<p class=\"wp-block-paragraph\">\u201e<em>Csel\u00e9nyi J\u00f3zsef \u00e9let\u00e9t a magyar dalnak, a magyar n\u00e9pm\u0171v\u00e9szetnek szentelte, \u00e9s a magyar dal magyars\u00e1g\u00e1\u00e9rt folytatott k\u00fczdelemben esett el!<\/em><\/p>\n\n\n\n<p class=\"wp-block-paragraph\">Mak\u00f3, 2008. 11. 11.<\/p>\n","protected":false},"excerpt":{"rendered":"<p>KI VOLT CSEL\u00c9NYI J\u00d3ZSEF? 1899-1949 \u00c9lvonalbeli n\u00f3ta\u00e9nekeseink r\u00e9sz\u00e9re legrangosabb kit\u00fcntet\u00e9st, elismer\u00e9st jelenti a Csel\u00e9nyi d\u00edj, \u00e9s a velej\u00e1r\u00f3 aranygy\u0171r\u0171. Csel\u00e9nyi J\u00f3zsef neve a n\u00f3ta\u00e9nekl\u00e9s klasszikus\u00e1t id\u00e9zi fel az ut\u00f3kor sz\u00e1m\u00e1ra, mely n\u00e9gy \u00e9vtizedes elhallgat\u00e1s ut\u00e1n ism\u00e9t ragyog. Ifj. Csel\u00e9nyi J\u00f3zsef \u00e9s csal\u00e1dja alap\u00edtv\u00e1nyt hozott l\u00e9tre a magyar n\u00f3ta hagyom\u00e1ny\u00e1nak \u00e1pol\u00e1sa, az el\u0151ad\u00f3m\u0171v\u00e9szek tov\u00e1bbk\u00e9pz\u00e9se, \u00e9s a &#8230; <a title=\"KI VOLT CSEL\u00c9NYI J\u00d3ZSEF?\" class=\"read-more\" href=\"https:\/\/bozsogiattila.hu\/?p=87\" aria-label=\"Tov\u00e1bbiak KI VOLT CSEL\u00c9NYI J\u00d3ZSEF?\">Olvass tov\u00e1bb<\/a><\/p>\n","protected":false},"author":3,"featured_media":0,"comment_status":"open","ping_status":"open","sticky":false,"template":"","format":"standard","meta":{"footnotes":""},"categories":[15],"tags":[],"class_list":["post-87","post","type-post","status-publish","format-standard","hentry","category-primasok-notaenekesek"],"yoast_head":"<!-- This site is optimized with the Yoast SEO plugin v21.8 - https:\/\/yoast.com\/wordpress\/plugins\/seo\/ -->\n<title>KI VOLT CSEL\u00c9NYI J\u00d3ZSEF? - Bozsogi Attila<\/title>\n<meta name=\"robots\" content=\"index, follow, max-snippet:-1, max-image-preview:large, max-video-preview:-1\" \/>\n<link rel=\"canonical\" href=\"https:\/\/bozsogiattila.hu\/?p=87\" \/>\n<meta property=\"og:locale\" content=\"hu_HU\" \/>\n<meta property=\"og:type\" content=\"article\" \/>\n<meta property=\"og:title\" content=\"KI VOLT CSEL\u00c9NYI J\u00d3ZSEF? - Bozsogi Attila\" \/>\n<meta property=\"og:description\" content=\"KI VOLT CSEL\u00c9NYI J\u00d3ZSEF? 1899-1949 \u00c9lvonalbeli n\u00f3ta\u00e9nekeseink r\u00e9sz\u00e9re legrangosabb kit\u00fcntet\u00e9st, elismer\u00e9st jelenti a Csel\u00e9nyi d\u00edj, \u00e9s a velej\u00e1r\u00f3 aranygy\u0171r\u0171. Csel\u00e9nyi J\u00f3zsef neve a n\u00f3ta\u00e9nekl\u00e9s klasszikus\u00e1t id\u00e9zi fel az ut\u00f3kor sz\u00e1m\u00e1ra, mely n\u00e9gy \u00e9vtizedes elhallgat\u00e1s ut\u00e1n ism\u00e9t ragyog. Ifj. Csel\u00e9nyi J\u00f3zsef \u00e9s csal\u00e1dja alap\u00edtv\u00e1nyt hozott l\u00e9tre a magyar n\u00f3ta hagyom\u00e1ny\u00e1nak \u00e1pol\u00e1sa, az el\u0151ad\u00f3m\u0171v\u00e9szek tov\u00e1bbk\u00e9pz\u00e9se, \u00e9s a ... Olvass tov\u00e1bb\" \/>\n<meta property=\"og:url\" content=\"https:\/\/bozsogiattila.hu\/?p=87\" \/>\n<meta property=\"og:site_name\" content=\"Bozsogi Attila\" \/>\n<meta property=\"article:published_time\" content=\"2008-11-11T19:58:00+00:00\" \/>\n<meta property=\"article:modified_time\" content=\"2024-01-05T20:08:22+00:00\" \/>\n<meta property=\"og:image\" content=\"https:\/\/upload.wikimedia.org\/wikipedia\/commons\/c\/c8\/Csel%C3%A9nyi_J%C3%B3zsef.jpg\" \/>\n<meta name=\"author\" content=\"Bozsogi Attila\" \/>\n<meta name=\"twitter:card\" content=\"summary_large_image\" \/>\n<meta name=\"twitter:label1\" content=\"Szerz\u0151:\" \/>\n\t<meta name=\"twitter:data1\" content=\"Bozsogi Attila\" \/>\n\t<meta name=\"twitter:label2\" content=\"Becs\u00fclt olvas\u00e1si id\u0151\" \/>\n\t<meta name=\"twitter:data2\" content=\"18 perc\" \/>\n<script type=\"application\/ld+json\" class=\"yoast-schema-graph\">{\"@context\":\"https:\/\/schema.org\",\"@graph\":[{\"@type\":\"WebPage\",\"@id\":\"https:\/\/bozsogiattila.hu\/?p=87\",\"url\":\"https:\/\/bozsogiattila.hu\/?p=87\",\"name\":\"KI VOLT CSEL\u00c9NYI J\u00d3ZSEF? - Bozsogi Attila\",\"isPartOf\":{\"@id\":\"https:\/\/bozsogiattila.hu\/#website\"},\"datePublished\":\"2008-11-11T19:58:00+00:00\",\"dateModified\":\"2024-01-05T20:08:22+00:00\",\"author\":{\"@id\":\"https:\/\/bozsogiattila.hu\/#\/schema\/person\/488c99f554a8c4039201260dd5eb795e\"},\"breadcrumb\":{\"@id\":\"https:\/\/bozsogiattila.hu\/?p=87#breadcrumb\"},\"inLanguage\":\"hu\",\"potentialAction\":[{\"@type\":\"ReadAction\",\"target\":[\"https:\/\/bozsogiattila.hu\/?p=87\"]}]},{\"@type\":\"BreadcrumbList\",\"@id\":\"https:\/\/bozsogiattila.hu\/?p=87#breadcrumb\",\"itemListElement\":[{\"@type\":\"ListItem\",\"position\":1,\"name\":\"Kezd\u0151lap\",\"item\":\"https:\/\/bozsogiattila.hu\/\"},{\"@type\":\"ListItem\",\"position\":2,\"name\":\"KI VOLT CSEL\u00c9NYI J\u00d3ZSEF?\"}]},{\"@type\":\"WebSite\",\"@id\":\"https:\/\/bozsogiattila.hu\/#website\",\"url\":\"https:\/\/bozsogiattila.hu\/\",\"name\":\"Bozsogi Attila\",\"description\":\"a zen\u00e9sz, \u00edr\u00f3 munk\u00e1ss\u00e1g\u00e1nak \u00e9s a mak\u00f3i muzsikusok eml\u00e9k\u00e9t \u0151rz\u0151 oldal\",\"potentialAction\":[{\"@type\":\"SearchAction\",\"target\":{\"@type\":\"EntryPoint\",\"urlTemplate\":\"https:\/\/bozsogiattila.hu\/?s={search_term_string}\"},\"query-input\":\"required name=search_term_string\"}],\"inLanguage\":\"hu\"},{\"@type\":\"Person\",\"@id\":\"https:\/\/bozsogiattila.hu\/#\/schema\/person\/488c99f554a8c4039201260dd5eb795e\",\"name\":\"Bozsogi Attila\",\"image\":{\"@type\":\"ImageObject\",\"inLanguage\":\"hu\",\"@id\":\"https:\/\/bozsogiattila.hu\/#\/schema\/person\/image\/\",\"url\":\"https:\/\/secure.gravatar.com\/avatar\/7da6b5985e34ed798d1670c54ce7d20e6a53b800bb0c07945c64b09392f3dbfd?s=96&d=mm&r=g\",\"contentUrl\":\"https:\/\/secure.gravatar.com\/avatar\/7da6b5985e34ed798d1670c54ce7d20e6a53b800bb0c07945c64b09392f3dbfd?s=96&d=mm&r=g\",\"caption\":\"Bozsogi Attila\"},\"sameAs\":[\"http:\/\/www.boszogiattila.hu\"],\"url\":\"https:\/\/bozsogiattila.hu\/?author=3\"}]}<\/script>\n<!-- \/ Yoast SEO plugin. -->","yoast_head_json":{"title":"KI VOLT CSEL\u00c9NYI J\u00d3ZSEF? - Bozsogi Attila","robots":{"index":"index","follow":"follow","max-snippet":"max-snippet:-1","max-image-preview":"max-image-preview:large","max-video-preview":"max-video-preview:-1"},"canonical":"https:\/\/bozsogiattila.hu\/?p=87","og_locale":"hu_HU","og_type":"article","og_title":"KI VOLT CSEL\u00c9NYI J\u00d3ZSEF? - Bozsogi Attila","og_description":"KI VOLT CSEL\u00c9NYI J\u00d3ZSEF? 1899-1949 \u00c9lvonalbeli n\u00f3ta\u00e9nekeseink r\u00e9sz\u00e9re legrangosabb kit\u00fcntet\u00e9st, elismer\u00e9st jelenti a Csel\u00e9nyi d\u00edj, \u00e9s a velej\u00e1r\u00f3 aranygy\u0171r\u0171. Csel\u00e9nyi J\u00f3zsef neve a n\u00f3ta\u00e9nekl\u00e9s klasszikus\u00e1t id\u00e9zi fel az ut\u00f3kor sz\u00e1m\u00e1ra, mely n\u00e9gy \u00e9vtizedes elhallgat\u00e1s ut\u00e1n ism\u00e9t ragyog. Ifj. Csel\u00e9nyi J\u00f3zsef \u00e9s csal\u00e1dja alap\u00edtv\u00e1nyt hozott l\u00e9tre a magyar n\u00f3ta hagyom\u00e1ny\u00e1nak \u00e1pol\u00e1sa, az el\u0151ad\u00f3m\u0171v\u00e9szek tov\u00e1bbk\u00e9pz\u00e9se, \u00e9s a ... Olvass tov\u00e1bb","og_url":"https:\/\/bozsogiattila.hu\/?p=87","og_site_name":"Bozsogi Attila","article_published_time":"2008-11-11T19:58:00+00:00","article_modified_time":"2024-01-05T20:08:22+00:00","og_image":[{"url":"https:\/\/upload.wikimedia.org\/wikipedia\/commons\/c\/c8\/Csel%C3%A9nyi_J%C3%B3zsef.jpg"}],"author":"Bozsogi Attila","twitter_card":"summary_large_image","twitter_misc":{"Szerz\u0151:":"Bozsogi Attila","Becs\u00fclt olvas\u00e1si id\u0151":"18 perc"},"schema":{"@context":"https:\/\/schema.org","@graph":[{"@type":"WebPage","@id":"https:\/\/bozsogiattila.hu\/?p=87","url":"https:\/\/bozsogiattila.hu\/?p=87","name":"KI VOLT CSEL\u00c9NYI J\u00d3ZSEF? - Bozsogi Attila","isPartOf":{"@id":"https:\/\/bozsogiattila.hu\/#website"},"datePublished":"2008-11-11T19:58:00+00:00","dateModified":"2024-01-05T20:08:22+00:00","author":{"@id":"https:\/\/bozsogiattila.hu\/#\/schema\/person\/488c99f554a8c4039201260dd5eb795e"},"breadcrumb":{"@id":"https:\/\/bozsogiattila.hu\/?p=87#breadcrumb"},"inLanguage":"hu","potentialAction":[{"@type":"ReadAction","target":["https:\/\/bozsogiattila.hu\/?p=87"]}]},{"@type":"BreadcrumbList","@id":"https:\/\/bozsogiattila.hu\/?p=87#breadcrumb","itemListElement":[{"@type":"ListItem","position":1,"name":"Kezd\u0151lap","item":"https:\/\/bozsogiattila.hu\/"},{"@type":"ListItem","position":2,"name":"KI VOLT CSEL\u00c9NYI J\u00d3ZSEF?"}]},{"@type":"WebSite","@id":"https:\/\/bozsogiattila.hu\/#website","url":"https:\/\/bozsogiattila.hu\/","name":"Bozsogi Attila","description":"a zen\u00e9sz, \u00edr\u00f3 munk\u00e1ss\u00e1g\u00e1nak \u00e9s a mak\u00f3i muzsikusok eml\u00e9k\u00e9t \u0151rz\u0151 oldal","potentialAction":[{"@type":"SearchAction","target":{"@type":"EntryPoint","urlTemplate":"https:\/\/bozsogiattila.hu\/?s={search_term_string}"},"query-input":"required name=search_term_string"}],"inLanguage":"hu"},{"@type":"Person","@id":"https:\/\/bozsogiattila.hu\/#\/schema\/person\/488c99f554a8c4039201260dd5eb795e","name":"Bozsogi Attila","image":{"@type":"ImageObject","inLanguage":"hu","@id":"https:\/\/bozsogiattila.hu\/#\/schema\/person\/image\/","url":"https:\/\/secure.gravatar.com\/avatar\/7da6b5985e34ed798d1670c54ce7d20e6a53b800bb0c07945c64b09392f3dbfd?s=96&d=mm&r=g","contentUrl":"https:\/\/secure.gravatar.com\/avatar\/7da6b5985e34ed798d1670c54ce7d20e6a53b800bb0c07945c64b09392f3dbfd?s=96&d=mm&r=g","caption":"Bozsogi Attila"},"sameAs":["http:\/\/www.boszogiattila.hu"],"url":"https:\/\/bozsogiattila.hu\/?author=3"}]}},"jetpack_featured_media_url":"","_links":{"self":[{"href":"https:\/\/bozsogiattila.hu\/index.php?rest_route=\/wp\/v2\/posts\/87","targetHints":{"allow":["GET"]}}],"collection":[{"href":"https:\/\/bozsogiattila.hu\/index.php?rest_route=\/wp\/v2\/posts"}],"about":[{"href":"https:\/\/bozsogiattila.hu\/index.php?rest_route=\/wp\/v2\/types\/post"}],"author":[{"embeddable":true,"href":"https:\/\/bozsogiattila.hu\/index.php?rest_route=\/wp\/v2\/users\/3"}],"replies":[{"embeddable":true,"href":"https:\/\/bozsogiattila.hu\/index.php?rest_route=%2Fwp%2Fv2%2Fcomments&post=87"}],"version-history":[{"count":1,"href":"https:\/\/bozsogiattila.hu\/index.php?rest_route=\/wp\/v2\/posts\/87\/revisions"}],"predecessor-version":[{"id":90,"href":"https:\/\/bozsogiattila.hu\/index.php?rest_route=\/wp\/v2\/posts\/87\/revisions\/90"}],"wp:attachment":[{"href":"https:\/\/bozsogiattila.hu\/index.php?rest_route=%2Fwp%2Fv2%2Fmedia&parent=87"}],"wp:term":[{"taxonomy":"category","embeddable":true,"href":"https:\/\/bozsogiattila.hu\/index.php?rest_route=%2Fwp%2Fv2%2Fcategories&post=87"},{"taxonomy":"post_tag","embeddable":true,"href":"https:\/\/bozsogiattila.hu\/index.php?rest_route=%2Fwp%2Fv2%2Ftags&post=87"}],"curies":[{"name":"wp","href":"https:\/\/api.w.org\/{rel}","templated":true}]}}