{"id":873,"date":"2017-10-14T08:34:00","date_gmt":"2017-10-14T08:34:00","guid":{"rendered":"https:\/\/bozsogiattila.hu\/?p=873"},"modified":"2024-01-08T08:37:28","modified_gmt":"2024-01-08T08:37:28","slug":"bucsu-rozsikatol-ozv-gyurik-janosnetol","status":"publish","type":"post","link":"https:\/\/bozsogiattila.hu\/?p=873","title":{"rendered":"B\u00daCS\u00da R\u00d3ZSIK\u00c1T\u00d3L\/\u00f6zv. Gyurik J\u00e1nosn\u00e9t\u00f3l\/"},"content":{"rendered":"\n<p class=\"wp-block-paragraph\">B\u00daCS\u00da R\u00d3ZSIK\u00c1T\u00d3L<br>\/\u00f6zv. Gyurik J\u00e1nosn\u00e9t\u00f3l\/<\/p>\n\n\n\n<p class=\"wp-block-paragraph\">Szorgalmas volt az \u00e9leted,<br>Trag\u00e9dia lett a veszted.<br>Eg\u00e9sz v\u00e1ros r\u00f3lad besz\u00e9l,<br>Tal\u00e1lgatj\u00e1k, hogy mi t\u00f6rt\u00e9nt.<\/p>\n\n\n\n<p class=\"wp-block-paragraph\">Sz\u00e1guldt\u00e1l ker\u00e9kp\u00e1roddal.<br>Elektromos j\u00e1rg\u00e1nyoddal.<br>Balesetet \u00fagy szenvedt\u00e9l,<br>Ez lett neked sajnos a v\u00e9g.<\/p>\n\n\n\n<p class=\"wp-block-paragraph\">Seg\u00edteni nem lehetett,<br>Pedig \u00e9rted sokat tettek.<br>Elment\u00e9l-, itt hagyt\u00e1l mindent,<br>V\u00e9get \u00e9rt a nagy k\u00fczdelem.<\/p>\n\n\n\n<p class=\"wp-block-paragraph\">\u00c9rtelmetlen hal\u00e1loddal,<br>T\u00e1vozt\u00e1l a t\u00falvil\u00e1gra.<br>Eml\u00e9ked maradt csak h\u00e1tra,<br>Felid\u00e9zve dics\u0151 m\u00faltad.<\/p>\n\n\n\n<p class=\"wp-block-paragraph\">Harcolt\u00e1l a csal\u00e1dod\u00e9rt,<br>Azok boldogul\u00e1s\u00e1\u00e9rt.<br>Unok\u00e1d volt szemed f\u00e9nye,<br>Rem\u00e9nyeid eszm\u00e9nyk\u00e9pe.<\/p>\n\n\n\n<p class=\"wp-block-paragraph\">Diplom\u00e1j\u00e1t mindig v\u00e1rtad,<br>Hi\u00e1nyzik a nyelvvizsg\u00e1ja.<br>Most m\u00e1r fentr\u0151l figyelheted,<br>Megszerzi-e k\u00e9sve neked.<\/p>\n\n\n\n<p class=\"wp-block-paragraph\">Tany\u00e1n \u00e9lt\u00e9l nagyon sok\u00e1,<br>Mint egy f\u00e9rfi \u00fagy dolgozt\u00e1l.<br>F\u00e1radts\u00e1got nem ismert\u00e9l,<br>\u00c9jt, sokszor nappall\u00e1 tett\u00e9l.<\/p>\n\n\n\n<p class=\"wp-block-paragraph\">\u00c1llataidat gondoztad,<br>T\u00f6r\u0151dt\u00e9l mindig azokkal.<br>K\u00f6zben f\u00f6ldedet m\u0171velted,<br>\u00d6r\u00f6m\u00f6d volt vetem\u00e9nyed.<\/p>\n\n\n\n<p class=\"wp-block-paragraph\">Az \u00e9veid teltek-m\u00faltak,<br>Azok m\u00e9gsem h\u00e1tr\u00e1ltattak.<br>Nyolcvank\u00e9t \u00e9ves korodban,<br>Meg\u00e1lljt sosem parancsoltak.<\/p>\n\n\n\n<p class=\"wp-block-paragraph\">Megsz\u00e1llottk\u00e9nt \u00fagy rohant\u00e1l,<br>Eszm\u00e9id ut\u00e1n futott\u00e1l.<br>Vesz\u00edteni nem akart\u00e1l,<br>A j\u00f6v\u0151dt\u0151l sokat v\u00e1rt\u00e1l.<\/p>\n\n\n\n<p class=\"wp-block-paragraph\">A sors t\u00f6bbsz\u00f6r \u00f3va intett,<br>Jel\u00e9vel figyelmeztetett.<br>Sajna, nem t\u00f6r\u0151dt\u00e9l vele,<br>Lassan rohant\u00e1l vesztedbe.<\/p>\n\n\n\n<p class=\"wp-block-paragraph\">Bar\u00e1tokra nem hallgatt\u00e1l,<br>A temp\u00f3dt\u00f3l el nem \u00e1llt\u00e1l.<br>M\u00e9rc\u00e9det magasra tetted,<br>Korod k\u00f6zben elfeledted.<\/p>\n\n\n\n<p class=\"wp-block-paragraph\">A szellemi frissess\u00e9ged,<br>Aj\u00e1nd\u00e9k volt mindig neked.<br>Humorod kitartott veled,<br>\u00c1rnyk\u00e9peket nem ismerted.<\/p>\n\n\n\n<p class=\"wp-block-paragraph\">Szeretett a k\u00f6rnyezeted,<br>T\u00f6r\u0151dni pr\u00f3b\u00e1ltak veled.<br>Csak nevett\u00e9l, legyintett\u00e9l,<br>Seg\u00edts\u00e9get \u00edgy-, nem k\u00e9rt\u00e9l.<\/p>\n\n\n\n<p class=\"wp-block-paragraph\">Most m\u00e1r k\u00e9s\u0151 nem tudhatod,<br>J\u00f3t akartak mindig azok.<br>Tal\u00e1n l\u00e1tt\u00e1k, vagy sejtett\u00e9k,<br>Mell\u00e9kv\u00e1g\u00e1nyra t\u00e9vedt\u00e9l.<\/p>\n\n\n\n<p class=\"wp-block-paragraph\">B\u00facs\u00fazunk szeretve t\u0151led,<br>Hi\u00e1nyzol majd mindenkinek.<br>Vel\u00fcnk maradsz, sosem halsz meg,<br>Am\u00edg el nem felejtenek.<\/p>\n\n\n\n<p class=\"wp-block-paragraph\">Mak\u00f3, 2017-10-14<\/p>\n","protected":false},"excerpt":{"rendered":"<p>B\u00daCS\u00da R\u00d3ZSIK\u00c1T\u00d3L\/\u00f6zv. Gyurik J\u00e1nosn\u00e9t\u00f3l\/ Szorgalmas volt az \u00e9leted,Trag\u00e9dia lett a veszted.Eg\u00e9sz v\u00e1ros r\u00f3lad besz\u00e9l,Tal\u00e1lgatj\u00e1k, hogy mi t\u00f6rt\u00e9nt. Sz\u00e1guldt\u00e1l ker\u00e9kp\u00e1roddal.Elektromos j\u00e1rg\u00e1nyoddal.Balesetet \u00fagy szenvedt\u00e9l,Ez lett neked sajnos a v\u00e9g. Seg\u00edteni nem lehetett,Pedig \u00e9rted sokat tettek.Elment\u00e9l-, itt hagyt\u00e1l mindent,V\u00e9get \u00e9rt a nagy k\u00fczdelem. \u00c9rtelmetlen hal\u00e1loddal,T\u00e1vozt\u00e1l a t\u00falvil\u00e1gra.Eml\u00e9ked maradt csak h\u00e1tra,Felid\u00e9zve dics\u0151 m\u00faltad. Harcolt\u00e1l a csal\u00e1dod\u00e9rt,Azok boldogul\u00e1s\u00e1\u00e9rt.Unok\u00e1d volt szemed &#8230; <a title=\"B\u00daCS\u00da R\u00d3ZSIK\u00c1T\u00d3L\/\u00f6zv. Gyurik J\u00e1nosn\u00e9t\u00f3l\/\" class=\"read-more\" href=\"https:\/\/bozsogiattila.hu\/?p=873\" aria-label=\"Tov\u00e1bbiak B\u00daCS\u00da R\u00d3ZSIK\u00c1T\u00d3L\/\u00f6zv. Gyurik J\u00e1nosn\u00e9t\u00f3l\/\">Olvass tov\u00e1bb<\/a><\/p>\n","protected":false},"author":3,"featured_media":0,"comment_status":"closed","ping_status":"open","sticky":false,"template":"","format":"standard","meta":{"footnotes":""},"categories":[4],"tags":[313,12],"class_list":["post-873","post","type-post","status-publish","format-standard","hentry","category-versek","tag-313","tag-mako"],"yoast_head":"<!-- This site is optimized with the Yoast SEO plugin v21.8 - https:\/\/yoast.com\/wordpress\/plugins\/seo\/ -->\n<title>B\u00daCS\u00da R\u00d3ZSIK\u00c1T\u00d3L\/\u00f6zv. Gyurik J\u00e1nosn\u00e9t\u00f3l\/ - Bozsogi Attila<\/title>\n<meta name=\"robots\" content=\"index, follow, max-snippet:-1, max-image-preview:large, max-video-preview:-1\" \/>\n<link rel=\"canonical\" href=\"https:\/\/bozsogiattila.hu\/?p=873\" \/>\n<meta property=\"og:locale\" content=\"hu_HU\" \/>\n<meta property=\"og:type\" content=\"article\" \/>\n<meta property=\"og:title\" content=\"B\u00daCS\u00da R\u00d3ZSIK\u00c1T\u00d3L\/\u00f6zv. Gyurik J\u00e1nosn\u00e9t\u00f3l\/ - Bozsogi Attila\" \/>\n<meta property=\"og:description\" content=\"B\u00daCS\u00da R\u00d3ZSIK\u00c1T\u00d3L\/\u00f6zv. Gyurik J\u00e1nosn\u00e9t\u00f3l\/ Szorgalmas volt az \u00e9leted,Trag\u00e9dia lett a veszted.Eg\u00e9sz v\u00e1ros r\u00f3lad besz\u00e9l,Tal\u00e1lgatj\u00e1k, hogy mi t\u00f6rt\u00e9nt. Sz\u00e1guldt\u00e1l ker\u00e9kp\u00e1roddal.Elektromos j\u00e1rg\u00e1nyoddal.Balesetet \u00fagy szenvedt\u00e9l,Ez lett neked sajnos a v\u00e9g. Seg\u00edteni nem lehetett,Pedig \u00e9rted sokat tettek.Elment\u00e9l-, itt hagyt\u00e1l mindent,V\u00e9get \u00e9rt a nagy k\u00fczdelem. \u00c9rtelmetlen hal\u00e1loddal,T\u00e1vozt\u00e1l a t\u00falvil\u00e1gra.Eml\u00e9ked maradt csak h\u00e1tra,Felid\u00e9zve dics\u0151 m\u00faltad. Harcolt\u00e1l a csal\u00e1dod\u00e9rt,Azok boldogul\u00e1s\u00e1\u00e9rt.Unok\u00e1d volt szemed ... Olvass tov\u00e1bb\" \/>\n<meta property=\"og:url\" content=\"https:\/\/bozsogiattila.hu\/?p=873\" \/>\n<meta property=\"og:site_name\" content=\"Bozsogi Attila\" \/>\n<meta property=\"article:published_time\" content=\"2017-10-14T08:34:00+00:00\" \/>\n<meta property=\"article:modified_time\" content=\"2024-01-08T08:37:28+00:00\" \/>\n<meta name=\"author\" content=\"Bozsogi Attila\" \/>\n<meta name=\"twitter:card\" content=\"summary_large_image\" \/>\n<meta name=\"twitter:label1\" content=\"Szerz\u0151:\" \/>\n\t<meta name=\"twitter:data1\" content=\"Bozsogi Attila\" \/>\n\t<meta name=\"twitter:label2\" content=\"Becs\u00fclt olvas\u00e1si id\u0151\" \/>\n\t<meta name=\"twitter:data2\" content=\"2 perc\" \/>\n<script type=\"application\/ld+json\" class=\"yoast-schema-graph\">{\"@context\":\"https:\/\/schema.org\",\"@graph\":[{\"@type\":\"WebPage\",\"@id\":\"https:\/\/bozsogiattila.hu\/?p=873\",\"url\":\"https:\/\/bozsogiattila.hu\/?p=873\",\"name\":\"B\u00daCS\u00da R\u00d3ZSIK\u00c1T\u00d3L\/\u00f6zv. Gyurik J\u00e1nosn\u00e9t\u00f3l\/ - Bozsogi Attila\",\"isPartOf\":{\"@id\":\"https:\/\/bozsogiattila.hu\/#website\"},\"datePublished\":\"2017-10-14T08:34:00+00:00\",\"dateModified\":\"2024-01-08T08:37:28+00:00\",\"author\":{\"@id\":\"https:\/\/bozsogiattila.hu\/#\/schema\/person\/488c99f554a8c4039201260dd5eb795e\"},\"breadcrumb\":{\"@id\":\"https:\/\/bozsogiattila.hu\/?p=873#breadcrumb\"},\"inLanguage\":\"hu\",\"potentialAction\":[{\"@type\":\"ReadAction\",\"target\":[\"https:\/\/bozsogiattila.hu\/?p=873\"]}]},{\"@type\":\"BreadcrumbList\",\"@id\":\"https:\/\/bozsogiattila.hu\/?p=873#breadcrumb\",\"itemListElement\":[{\"@type\":\"ListItem\",\"position\":1,\"name\":\"Kezd\u0151lap\",\"item\":\"https:\/\/bozsogiattila.hu\/\"},{\"@type\":\"ListItem\",\"position\":2,\"name\":\"B\u00daCS\u00da R\u00d3ZSIK\u00c1T\u00d3L\/\u00f6zv. Gyurik J\u00e1nosn\u00e9t\u00f3l\/\"}]},{\"@type\":\"WebSite\",\"@id\":\"https:\/\/bozsogiattila.hu\/#website\",\"url\":\"https:\/\/bozsogiattila.hu\/\",\"name\":\"Bozsogi Attila\",\"description\":\"a zen\u00e9sz, \u00edr\u00f3 munk\u00e1ss\u00e1g\u00e1nak \u00e9s a mak\u00f3i muzsikusok eml\u00e9k\u00e9t \u0151rz\u0151 oldal\",\"potentialAction\":[{\"@type\":\"SearchAction\",\"target\":{\"@type\":\"EntryPoint\",\"urlTemplate\":\"https:\/\/bozsogiattila.hu\/?s={search_term_string}\"},\"query-input\":\"required name=search_term_string\"}],\"inLanguage\":\"hu\"},{\"@type\":\"Person\",\"@id\":\"https:\/\/bozsogiattila.hu\/#\/schema\/person\/488c99f554a8c4039201260dd5eb795e\",\"name\":\"Bozsogi Attila\",\"image\":{\"@type\":\"ImageObject\",\"inLanguage\":\"hu\",\"@id\":\"https:\/\/bozsogiattila.hu\/#\/schema\/person\/image\/\",\"url\":\"https:\/\/secure.gravatar.com\/avatar\/7da6b5985e34ed798d1670c54ce7d20e6a53b800bb0c07945c64b09392f3dbfd?s=96&d=mm&r=g\",\"contentUrl\":\"https:\/\/secure.gravatar.com\/avatar\/7da6b5985e34ed798d1670c54ce7d20e6a53b800bb0c07945c64b09392f3dbfd?s=96&d=mm&r=g\",\"caption\":\"Bozsogi Attila\"},\"sameAs\":[\"http:\/\/www.boszogiattila.hu\"],\"url\":\"https:\/\/bozsogiattila.hu\/?author=3\"}]}<\/script>\n<!-- \/ Yoast SEO plugin. -->","yoast_head_json":{"title":"B\u00daCS\u00da R\u00d3ZSIK\u00c1T\u00d3L\/\u00f6zv. Gyurik J\u00e1nosn\u00e9t\u00f3l\/ - Bozsogi Attila","robots":{"index":"index","follow":"follow","max-snippet":"max-snippet:-1","max-image-preview":"max-image-preview:large","max-video-preview":"max-video-preview:-1"},"canonical":"https:\/\/bozsogiattila.hu\/?p=873","og_locale":"hu_HU","og_type":"article","og_title":"B\u00daCS\u00da R\u00d3ZSIK\u00c1T\u00d3L\/\u00f6zv. Gyurik J\u00e1nosn\u00e9t\u00f3l\/ - Bozsogi Attila","og_description":"B\u00daCS\u00da R\u00d3ZSIK\u00c1T\u00d3L\/\u00f6zv. Gyurik J\u00e1nosn\u00e9t\u00f3l\/ Szorgalmas volt az \u00e9leted,Trag\u00e9dia lett a veszted.Eg\u00e9sz v\u00e1ros r\u00f3lad besz\u00e9l,Tal\u00e1lgatj\u00e1k, hogy mi t\u00f6rt\u00e9nt. Sz\u00e1guldt\u00e1l ker\u00e9kp\u00e1roddal.Elektromos j\u00e1rg\u00e1nyoddal.Balesetet \u00fagy szenvedt\u00e9l,Ez lett neked sajnos a v\u00e9g. Seg\u00edteni nem lehetett,Pedig \u00e9rted sokat tettek.Elment\u00e9l-, itt hagyt\u00e1l mindent,V\u00e9get \u00e9rt a nagy k\u00fczdelem. \u00c9rtelmetlen hal\u00e1loddal,T\u00e1vozt\u00e1l a t\u00falvil\u00e1gra.Eml\u00e9ked maradt csak h\u00e1tra,Felid\u00e9zve dics\u0151 m\u00faltad. Harcolt\u00e1l a csal\u00e1dod\u00e9rt,Azok boldogul\u00e1s\u00e1\u00e9rt.Unok\u00e1d volt szemed ... Olvass tov\u00e1bb","og_url":"https:\/\/bozsogiattila.hu\/?p=873","og_site_name":"Bozsogi Attila","article_published_time":"2017-10-14T08:34:00+00:00","article_modified_time":"2024-01-08T08:37:28+00:00","author":"Bozsogi Attila","twitter_card":"summary_large_image","twitter_misc":{"Szerz\u0151:":"Bozsogi Attila","Becs\u00fclt olvas\u00e1si id\u0151":"2 perc"},"schema":{"@context":"https:\/\/schema.org","@graph":[{"@type":"WebPage","@id":"https:\/\/bozsogiattila.hu\/?p=873","url":"https:\/\/bozsogiattila.hu\/?p=873","name":"B\u00daCS\u00da R\u00d3ZSIK\u00c1T\u00d3L\/\u00f6zv. Gyurik J\u00e1nosn\u00e9t\u00f3l\/ - Bozsogi Attila","isPartOf":{"@id":"https:\/\/bozsogiattila.hu\/#website"},"datePublished":"2017-10-14T08:34:00+00:00","dateModified":"2024-01-08T08:37:28+00:00","author":{"@id":"https:\/\/bozsogiattila.hu\/#\/schema\/person\/488c99f554a8c4039201260dd5eb795e"},"breadcrumb":{"@id":"https:\/\/bozsogiattila.hu\/?p=873#breadcrumb"},"inLanguage":"hu","potentialAction":[{"@type":"ReadAction","target":["https:\/\/bozsogiattila.hu\/?p=873"]}]},{"@type":"BreadcrumbList","@id":"https:\/\/bozsogiattila.hu\/?p=873#breadcrumb","itemListElement":[{"@type":"ListItem","position":1,"name":"Kezd\u0151lap","item":"https:\/\/bozsogiattila.hu\/"},{"@type":"ListItem","position":2,"name":"B\u00daCS\u00da R\u00d3ZSIK\u00c1T\u00d3L\/\u00f6zv. Gyurik J\u00e1nosn\u00e9t\u00f3l\/"}]},{"@type":"WebSite","@id":"https:\/\/bozsogiattila.hu\/#website","url":"https:\/\/bozsogiattila.hu\/","name":"Bozsogi Attila","description":"a zen\u00e9sz, \u00edr\u00f3 munk\u00e1ss\u00e1g\u00e1nak \u00e9s a mak\u00f3i muzsikusok eml\u00e9k\u00e9t \u0151rz\u0151 oldal","potentialAction":[{"@type":"SearchAction","target":{"@type":"EntryPoint","urlTemplate":"https:\/\/bozsogiattila.hu\/?s={search_term_string}"},"query-input":"required name=search_term_string"}],"inLanguage":"hu"},{"@type":"Person","@id":"https:\/\/bozsogiattila.hu\/#\/schema\/person\/488c99f554a8c4039201260dd5eb795e","name":"Bozsogi Attila","image":{"@type":"ImageObject","inLanguage":"hu","@id":"https:\/\/bozsogiattila.hu\/#\/schema\/person\/image\/","url":"https:\/\/secure.gravatar.com\/avatar\/7da6b5985e34ed798d1670c54ce7d20e6a53b800bb0c07945c64b09392f3dbfd?s=96&d=mm&r=g","contentUrl":"https:\/\/secure.gravatar.com\/avatar\/7da6b5985e34ed798d1670c54ce7d20e6a53b800bb0c07945c64b09392f3dbfd?s=96&d=mm&r=g","caption":"Bozsogi Attila"},"sameAs":["http:\/\/www.boszogiattila.hu"],"url":"https:\/\/bozsogiattila.hu\/?author=3"}]}},"jetpack_featured_media_url":"","_links":{"self":[{"href":"https:\/\/bozsogiattila.hu\/index.php?rest_route=\/wp\/v2\/posts\/873","targetHints":{"allow":["GET"]}}],"collection":[{"href":"https:\/\/bozsogiattila.hu\/index.php?rest_route=\/wp\/v2\/posts"}],"about":[{"href":"https:\/\/bozsogiattila.hu\/index.php?rest_route=\/wp\/v2\/types\/post"}],"author":[{"embeddable":true,"href":"https:\/\/bozsogiattila.hu\/index.php?rest_route=\/wp\/v2\/users\/3"}],"replies":[{"embeddable":true,"href":"https:\/\/bozsogiattila.hu\/index.php?rest_route=%2Fwp%2Fv2%2Fcomments&post=873"}],"version-history":[{"count":1,"href":"https:\/\/bozsogiattila.hu\/index.php?rest_route=\/wp\/v2\/posts\/873\/revisions"}],"predecessor-version":[{"id":874,"href":"https:\/\/bozsogiattila.hu\/index.php?rest_route=\/wp\/v2\/posts\/873\/revisions\/874"}],"wp:attachment":[{"href":"https:\/\/bozsogiattila.hu\/index.php?rest_route=%2Fwp%2Fv2%2Fmedia&parent=873"}],"wp:term":[{"taxonomy":"category","embeddable":true,"href":"https:\/\/bozsogiattila.hu\/index.php?rest_route=%2Fwp%2Fv2%2Fcategories&post=873"},{"taxonomy":"post_tag","embeddable":true,"href":"https:\/\/bozsogiattila.hu\/index.php?rest_route=%2Fwp%2Fv2%2Ftags&post=873"}],"curies":[{"name":"wp","href":"https:\/\/api.w.org\/{rel}","templated":true}]}}