{"id":879,"date":"2017-10-20T08:42:00","date_gmt":"2017-10-20T08:42:00","guid":{"rendered":"https:\/\/bozsogiattila.hu\/?p=879"},"modified":"2024-01-08T08:43:30","modified_gmt":"2024-01-08T08:43:30","slug":"emlekeink-visszaternek","status":"publish","type":"post","link":"https:\/\/bozsogiattila.hu\/?p=879","title":{"rendered":"EML\u00c9KEINK VISSZAT\u00c9RNEK"},"content":{"rendered":"\n<p class=\"wp-block-paragraph\">EML\u00c9KEINK VISSZAT\u00c9RNEK<\/p>\n\n\n\n<p class=\"wp-block-paragraph\">Eml\u00e9keink visszat\u00e9rnek,<br>R\u00e9gm\u00falt id\u0151kr\u0151l reg\u00e9lnek.<br>Ami elm\u00falt felid\u00e9zik,<br>A j\u00f6v\u0151nkkel \u00f6sszevetik.<\/p>\n\n\n\n<p class=\"wp-block-paragraph\">Vizu\u00e1lis k\u00e9peikkel,<br>Megmutatj\u00e1k \u00e9let\u00fcnket.<br>Mikor s\u00edrtunk, vagy nevett\u00fcnk,<br>B\u00e1natunk volt, vagy \u00f6r\u00fclt\u00fcnk.<\/p>\n\n\n\n<p class=\"wp-block-paragraph\">Elmes\u00e9lik, hogy sz\u00fclett\u00fcnk,<br>Akkor mily id\u0151ket \u00e9lt\u00fcnk.<br>Csak a sz\u00e9pre eml\u00e9keznek,<br>Ez kij\u00e1r a csecsem\u0151knek.<\/p>\n\n\n\n<p class=\"wp-block-paragraph\">B\u00f6lcs\u0151d\u00e9kbe, hogy ker\u00fclt\u00fcnk,<br>Mi volt vel\u00fcnk igaz terv\u00fck?<br>Sz\u00e9p lassan felcseperedt\u00fcnk,<br>\u00d3vod\u00e1ba, kellett menn\u00fcnk.<\/p>\n\n\n\n<p class=\"wp-block-paragraph\">\u00d3von\u00e9nik \u00e9s a dad\u00e1k,<br>Hogy haszn\u00e1lt\u00e1k a regul\u00e1t?<br>Mes\u00e9t mondtak j\u00f3s\u00e1gosan,<br>S\u00e9t\u00e1lgattunk sz\u00e9pen sorban.<\/p>\n\n\n\n<p class=\"wp-block-paragraph\">Mikor iskol\u00e1sok lett\u00fcnk,<br>El\u0151sz\u00f6r m\u00e9g megszeppent\u00fcnk.<br>De k\u00e9s\u0151bb a k\u00f6z\u00f6ss\u00e9gbe\u2019,<br>\u00d6sszetartoztunk egys\u00e9gbe.<\/p>\n\n\n\n<p class=\"wp-block-paragraph\">Bar\u00e1tn\u0151k, s bar\u00e1tok lett\u00fcnk,<br>Kett\u0151ss\u00e9gb\u0151l lett eml\u00e9k\u00fcnk.<br>L\u00e1nyok, fi\u00fak egy\u00fctt n\u0151tt\u00fcnk,<br>\u00dagy kezd\u0151d\u00f6tt, \u00faj \u00e9let\u00fcnk<\/p>\n\n\n\n<p class=\"wp-block-paragraph\">Elsz\u00e1lltak a di\u00e1k\u00e9vek,<br>Gyermekb\u0151l lett\u00fcnk feln\u0151ttek.<br>Dolgozni el kellett menn\u00fcnk,<br>Ebb\u0151l fakadt neh\u00e9zs\u00e9g\u00fcnk.<\/p>\n\n\n\n<p class=\"wp-block-paragraph\">Aki tanult, az, boldogult,<br>Kiny\u00edltak el\u0151tt\u00fck kapuk.<br>Az \u00e9letnek iskol\u00e1ja,<br>V\u00e9gig k\u00eds\u00e9rt el a m\u00e1ba.<\/p>\n\n\n\n<p class=\"wp-block-paragraph\">Ki nem tanult az, teng\u0151d\u00f6tt,<br>N\u00e9lk\u00fcl\u00f6z\u00f6tt, sokat k\u00fczd\u00f6tt.<br>\u201eK\u00e9s\u0151 b\u00e1nat eb gondolat\u201d,<br>Agyukba ez fel is villant.<\/p>\n\n\n\n<p class=\"wp-block-paragraph\">A fi\u00fak katon\u00e1k lettek,<br>Besorozta a hadsereg.<br>Igaz fegyelmet tanultak,<br>Sokak bar\u00e1tokk\u00e1 v\u00e1ltak.<\/p>\n\n\n\n<p class=\"wp-block-paragraph\">Az \u00e9letnek k\u00f6rforg\u00e1sa,<br>Kezd\u0151d\u00f6tt a h\u00e1zass\u00e1gba\u2019.<br>Boldog id\u0151knek rem\u00e9nye,<br>Mutatott a messzes\u00e9gbe.<\/p>\n\n\n\n<p class=\"wp-block-paragraph\">K\u00e9tf\u00e9le volt a h\u00e1zass\u00e1g,<br>J\u00f3 vagy rossz-, s elhagyt\u00e1k egym\u00e1st.<br>Voltak k\u00f6zt\u00fcnk csapod\u00e1rok,<br>K\u00f6nny\u0171 kalandokat fal\u00f3k.<\/p>\n\n\n\n<p class=\"wp-block-paragraph\">\u00daj gener\u00e1ci\u00f3 n\u0151tt fel,<br>Mes\u00e9be ill\u0151 tervekkel.<br>T\u00f6bbek csal\u00f3dottak lettek,<br>K\u00f6nnyes szemmel, \u00fagy \u00e9bredtek.<\/p>\n\n\n\n<p class=\"wp-block-paragraph\">A ma, holnap-, m\u00e1r tegnap lesz,<br>M\u00falt id\u0151be, meg\u00e9rkezett.<br>Mindig holnapr\u00f3l \u00e1lmodunk,<br>S a tegnapt\u00f3l t\u00e1volodunk.<\/p>\n\n\n\n<p class=\"wp-block-paragraph\">\u00cdgy zajlott le az \u00e9let\u00fcnk,<br>Egyszer azt\u00e1n el is megy\u00fcnk.<br>Ut\u00f3daink eml\u00e9keznek-,<br>Majd \u0151k is k\u00f6vetnek minket.<\/p>\n\n\n\n<p class=\"wp-block-paragraph\">Mak\u00f3, 2017-10-20<\/p>\n","protected":false},"excerpt":{"rendered":"<p>EML\u00c9KEINK VISSZAT\u00c9RNEK Eml\u00e9keink visszat\u00e9rnek,R\u00e9gm\u00falt id\u0151kr\u0151l reg\u00e9lnek.Ami elm\u00falt felid\u00e9zik,A j\u00f6v\u0151nkkel \u00f6sszevetik. Vizu\u00e1lis k\u00e9peikkel,Megmutatj\u00e1k \u00e9let\u00fcnket.Mikor s\u00edrtunk, vagy nevett\u00fcnk,B\u00e1natunk volt, vagy \u00f6r\u00fclt\u00fcnk. Elmes\u00e9lik, hogy sz\u00fclett\u00fcnk,Akkor mily id\u0151ket \u00e9lt\u00fcnk.Csak a sz\u00e9pre eml\u00e9keznek,Ez kij\u00e1r a csecsem\u0151knek. B\u00f6lcs\u0151d\u00e9kbe, hogy ker\u00fclt\u00fcnk,Mi volt vel\u00fcnk igaz terv\u00fck?Sz\u00e9p lassan felcseperedt\u00fcnk,\u00d3vod\u00e1ba, kellett menn\u00fcnk. \u00d3von\u00e9nik \u00e9s a dad\u00e1k,Hogy haszn\u00e1lt\u00e1k a regul\u00e1t?Mes\u00e9t mondtak j\u00f3s\u00e1gosan,S\u00e9t\u00e1lgattunk sz\u00e9pen sorban. Mikor iskol\u00e1sok &#8230; <a title=\"EML\u00c9KEINK VISSZAT\u00c9RNEK\" class=\"read-more\" href=\"https:\/\/bozsogiattila.hu\/?p=879\" aria-label=\"Tov\u00e1bbiak EML\u00c9KEINK VISSZAT\u00c9RNEK\">Olvass tov\u00e1bb<\/a><\/p>\n","protected":false},"author":3,"featured_media":0,"comment_status":"closed","ping_status":"open","sticky":false,"template":"","format":"standard","meta":{"footnotes":""},"categories":[4],"tags":[313,12],"class_list":["post-879","post","type-post","status-publish","format-standard","hentry","category-versek","tag-313","tag-mako"],"yoast_head":"<!-- This site is optimized with the Yoast SEO plugin v21.8 - https:\/\/yoast.com\/wordpress\/plugins\/seo\/ -->\n<title>EML\u00c9KEINK VISSZAT\u00c9RNEK - Bozsogi Attila<\/title>\n<meta name=\"robots\" content=\"index, follow, max-snippet:-1, max-image-preview:large, max-video-preview:-1\" \/>\n<link rel=\"canonical\" href=\"https:\/\/bozsogiattila.hu\/?p=879\" \/>\n<meta property=\"og:locale\" content=\"hu_HU\" \/>\n<meta property=\"og:type\" content=\"article\" \/>\n<meta property=\"og:title\" content=\"EML\u00c9KEINK VISSZAT\u00c9RNEK - Bozsogi Attila\" \/>\n<meta property=\"og:description\" content=\"EML\u00c9KEINK VISSZAT\u00c9RNEK Eml\u00e9keink visszat\u00e9rnek,R\u00e9gm\u00falt id\u0151kr\u0151l reg\u00e9lnek.Ami elm\u00falt felid\u00e9zik,A j\u00f6v\u0151nkkel \u00f6sszevetik. Vizu\u00e1lis k\u00e9peikkel,Megmutatj\u00e1k \u00e9let\u00fcnket.Mikor s\u00edrtunk, vagy nevett\u00fcnk,B\u00e1natunk volt, vagy \u00f6r\u00fclt\u00fcnk. Elmes\u00e9lik, hogy sz\u00fclett\u00fcnk,Akkor mily id\u0151ket \u00e9lt\u00fcnk.Csak a sz\u00e9pre eml\u00e9keznek,Ez kij\u00e1r a csecsem\u0151knek. B\u00f6lcs\u0151d\u00e9kbe, hogy ker\u00fclt\u00fcnk,Mi volt vel\u00fcnk igaz terv\u00fck?Sz\u00e9p lassan felcseperedt\u00fcnk,\u00d3vod\u00e1ba, kellett menn\u00fcnk. \u00d3von\u00e9nik \u00e9s a dad\u00e1k,Hogy haszn\u00e1lt\u00e1k a regul\u00e1t?Mes\u00e9t mondtak j\u00f3s\u00e1gosan,S\u00e9t\u00e1lgattunk sz\u00e9pen sorban. Mikor iskol\u00e1sok ... Olvass tov\u00e1bb\" \/>\n<meta property=\"og:url\" content=\"https:\/\/bozsogiattila.hu\/?p=879\" \/>\n<meta property=\"og:site_name\" content=\"Bozsogi Attila\" \/>\n<meta property=\"article:published_time\" content=\"2017-10-20T08:42:00+00:00\" \/>\n<meta property=\"article:modified_time\" content=\"2024-01-08T08:43:30+00:00\" \/>\n<meta name=\"author\" content=\"Bozsogi Attila\" \/>\n<meta name=\"twitter:card\" content=\"summary_large_image\" \/>\n<meta name=\"twitter:label1\" content=\"Szerz\u0151:\" \/>\n\t<meta name=\"twitter:data1\" content=\"Bozsogi Attila\" \/>\n\t<meta name=\"twitter:label2\" content=\"Becs\u00fclt olvas\u00e1si id\u0151\" \/>\n\t<meta name=\"twitter:data2\" content=\"2 perc\" \/>\n<script type=\"application\/ld+json\" class=\"yoast-schema-graph\">{\"@context\":\"https:\/\/schema.org\",\"@graph\":[{\"@type\":\"WebPage\",\"@id\":\"https:\/\/bozsogiattila.hu\/?p=879\",\"url\":\"https:\/\/bozsogiattila.hu\/?p=879\",\"name\":\"EML\u00c9KEINK VISSZAT\u00c9RNEK - Bozsogi Attila\",\"isPartOf\":{\"@id\":\"https:\/\/bozsogiattila.hu\/#website\"},\"datePublished\":\"2017-10-20T08:42:00+00:00\",\"dateModified\":\"2024-01-08T08:43:30+00:00\",\"author\":{\"@id\":\"https:\/\/bozsogiattila.hu\/#\/schema\/person\/488c99f554a8c4039201260dd5eb795e\"},\"breadcrumb\":{\"@id\":\"https:\/\/bozsogiattila.hu\/?p=879#breadcrumb\"},\"inLanguage\":\"hu\",\"potentialAction\":[{\"@type\":\"ReadAction\",\"target\":[\"https:\/\/bozsogiattila.hu\/?p=879\"]}]},{\"@type\":\"BreadcrumbList\",\"@id\":\"https:\/\/bozsogiattila.hu\/?p=879#breadcrumb\",\"itemListElement\":[{\"@type\":\"ListItem\",\"position\":1,\"name\":\"Kezd\u0151lap\",\"item\":\"https:\/\/bozsogiattila.hu\/\"},{\"@type\":\"ListItem\",\"position\":2,\"name\":\"EML\u00c9KEINK VISSZAT\u00c9RNEK\"}]},{\"@type\":\"WebSite\",\"@id\":\"https:\/\/bozsogiattila.hu\/#website\",\"url\":\"https:\/\/bozsogiattila.hu\/\",\"name\":\"Bozsogi Attila\",\"description\":\"a zen\u00e9sz, \u00edr\u00f3 munk\u00e1ss\u00e1g\u00e1nak \u00e9s a mak\u00f3i muzsikusok eml\u00e9k\u00e9t \u0151rz\u0151 oldal\",\"potentialAction\":[{\"@type\":\"SearchAction\",\"target\":{\"@type\":\"EntryPoint\",\"urlTemplate\":\"https:\/\/bozsogiattila.hu\/?s={search_term_string}\"},\"query-input\":\"required name=search_term_string\"}],\"inLanguage\":\"hu\"},{\"@type\":\"Person\",\"@id\":\"https:\/\/bozsogiattila.hu\/#\/schema\/person\/488c99f554a8c4039201260dd5eb795e\",\"name\":\"Bozsogi Attila\",\"image\":{\"@type\":\"ImageObject\",\"inLanguage\":\"hu\",\"@id\":\"https:\/\/bozsogiattila.hu\/#\/schema\/person\/image\/\",\"url\":\"https:\/\/secure.gravatar.com\/avatar\/7da6b5985e34ed798d1670c54ce7d20e6a53b800bb0c07945c64b09392f3dbfd?s=96&d=mm&r=g\",\"contentUrl\":\"https:\/\/secure.gravatar.com\/avatar\/7da6b5985e34ed798d1670c54ce7d20e6a53b800bb0c07945c64b09392f3dbfd?s=96&d=mm&r=g\",\"caption\":\"Bozsogi Attila\"},\"sameAs\":[\"http:\/\/www.boszogiattila.hu\"],\"url\":\"https:\/\/bozsogiattila.hu\/?author=3\"}]}<\/script>\n<!-- \/ Yoast SEO plugin. -->","yoast_head_json":{"title":"EML\u00c9KEINK VISSZAT\u00c9RNEK - Bozsogi Attila","robots":{"index":"index","follow":"follow","max-snippet":"max-snippet:-1","max-image-preview":"max-image-preview:large","max-video-preview":"max-video-preview:-1"},"canonical":"https:\/\/bozsogiattila.hu\/?p=879","og_locale":"hu_HU","og_type":"article","og_title":"EML\u00c9KEINK VISSZAT\u00c9RNEK - Bozsogi Attila","og_description":"EML\u00c9KEINK VISSZAT\u00c9RNEK Eml\u00e9keink visszat\u00e9rnek,R\u00e9gm\u00falt id\u0151kr\u0151l reg\u00e9lnek.Ami elm\u00falt felid\u00e9zik,A j\u00f6v\u0151nkkel \u00f6sszevetik. Vizu\u00e1lis k\u00e9peikkel,Megmutatj\u00e1k \u00e9let\u00fcnket.Mikor s\u00edrtunk, vagy nevett\u00fcnk,B\u00e1natunk volt, vagy \u00f6r\u00fclt\u00fcnk. Elmes\u00e9lik, hogy sz\u00fclett\u00fcnk,Akkor mily id\u0151ket \u00e9lt\u00fcnk.Csak a sz\u00e9pre eml\u00e9keznek,Ez kij\u00e1r a csecsem\u0151knek. B\u00f6lcs\u0151d\u00e9kbe, hogy ker\u00fclt\u00fcnk,Mi volt vel\u00fcnk igaz terv\u00fck?Sz\u00e9p lassan felcseperedt\u00fcnk,\u00d3vod\u00e1ba, kellett menn\u00fcnk. \u00d3von\u00e9nik \u00e9s a dad\u00e1k,Hogy haszn\u00e1lt\u00e1k a regul\u00e1t?Mes\u00e9t mondtak j\u00f3s\u00e1gosan,S\u00e9t\u00e1lgattunk sz\u00e9pen sorban. Mikor iskol\u00e1sok ... Olvass tov\u00e1bb","og_url":"https:\/\/bozsogiattila.hu\/?p=879","og_site_name":"Bozsogi Attila","article_published_time":"2017-10-20T08:42:00+00:00","article_modified_time":"2024-01-08T08:43:30+00:00","author":"Bozsogi Attila","twitter_card":"summary_large_image","twitter_misc":{"Szerz\u0151:":"Bozsogi Attila","Becs\u00fclt olvas\u00e1si id\u0151":"2 perc"},"schema":{"@context":"https:\/\/schema.org","@graph":[{"@type":"WebPage","@id":"https:\/\/bozsogiattila.hu\/?p=879","url":"https:\/\/bozsogiattila.hu\/?p=879","name":"EML\u00c9KEINK VISSZAT\u00c9RNEK - Bozsogi Attila","isPartOf":{"@id":"https:\/\/bozsogiattila.hu\/#website"},"datePublished":"2017-10-20T08:42:00+00:00","dateModified":"2024-01-08T08:43:30+00:00","author":{"@id":"https:\/\/bozsogiattila.hu\/#\/schema\/person\/488c99f554a8c4039201260dd5eb795e"},"breadcrumb":{"@id":"https:\/\/bozsogiattila.hu\/?p=879#breadcrumb"},"inLanguage":"hu","potentialAction":[{"@type":"ReadAction","target":["https:\/\/bozsogiattila.hu\/?p=879"]}]},{"@type":"BreadcrumbList","@id":"https:\/\/bozsogiattila.hu\/?p=879#breadcrumb","itemListElement":[{"@type":"ListItem","position":1,"name":"Kezd\u0151lap","item":"https:\/\/bozsogiattila.hu\/"},{"@type":"ListItem","position":2,"name":"EML\u00c9KEINK VISSZAT\u00c9RNEK"}]},{"@type":"WebSite","@id":"https:\/\/bozsogiattila.hu\/#website","url":"https:\/\/bozsogiattila.hu\/","name":"Bozsogi Attila","description":"a zen\u00e9sz, \u00edr\u00f3 munk\u00e1ss\u00e1g\u00e1nak \u00e9s a mak\u00f3i muzsikusok eml\u00e9k\u00e9t \u0151rz\u0151 oldal","potentialAction":[{"@type":"SearchAction","target":{"@type":"EntryPoint","urlTemplate":"https:\/\/bozsogiattila.hu\/?s={search_term_string}"},"query-input":"required name=search_term_string"}],"inLanguage":"hu"},{"@type":"Person","@id":"https:\/\/bozsogiattila.hu\/#\/schema\/person\/488c99f554a8c4039201260dd5eb795e","name":"Bozsogi Attila","image":{"@type":"ImageObject","inLanguage":"hu","@id":"https:\/\/bozsogiattila.hu\/#\/schema\/person\/image\/","url":"https:\/\/secure.gravatar.com\/avatar\/7da6b5985e34ed798d1670c54ce7d20e6a53b800bb0c07945c64b09392f3dbfd?s=96&d=mm&r=g","contentUrl":"https:\/\/secure.gravatar.com\/avatar\/7da6b5985e34ed798d1670c54ce7d20e6a53b800bb0c07945c64b09392f3dbfd?s=96&d=mm&r=g","caption":"Bozsogi Attila"},"sameAs":["http:\/\/www.boszogiattila.hu"],"url":"https:\/\/bozsogiattila.hu\/?author=3"}]}},"jetpack_featured_media_url":"","_links":{"self":[{"href":"https:\/\/bozsogiattila.hu\/index.php?rest_route=\/wp\/v2\/posts\/879","targetHints":{"allow":["GET"]}}],"collection":[{"href":"https:\/\/bozsogiattila.hu\/index.php?rest_route=\/wp\/v2\/posts"}],"about":[{"href":"https:\/\/bozsogiattila.hu\/index.php?rest_route=\/wp\/v2\/types\/post"}],"author":[{"embeddable":true,"href":"https:\/\/bozsogiattila.hu\/index.php?rest_route=\/wp\/v2\/users\/3"}],"replies":[{"embeddable":true,"href":"https:\/\/bozsogiattila.hu\/index.php?rest_route=%2Fwp%2Fv2%2Fcomments&post=879"}],"version-history":[{"count":1,"href":"https:\/\/bozsogiattila.hu\/index.php?rest_route=\/wp\/v2\/posts\/879\/revisions"}],"predecessor-version":[{"id":880,"href":"https:\/\/bozsogiattila.hu\/index.php?rest_route=\/wp\/v2\/posts\/879\/revisions\/880"}],"wp:attachment":[{"href":"https:\/\/bozsogiattila.hu\/index.php?rest_route=%2Fwp%2Fv2%2Fmedia&parent=879"}],"wp:term":[{"taxonomy":"category","embeddable":true,"href":"https:\/\/bozsogiattila.hu\/index.php?rest_route=%2Fwp%2Fv2%2Fcategories&post=879"},{"taxonomy":"post_tag","embeddable":true,"href":"https:\/\/bozsogiattila.hu\/index.php?rest_route=%2Fwp%2Fv2%2Ftags&post=879"}],"curies":[{"name":"wp","href":"https:\/\/api.w.org\/{rel}","templated":true}]}}