{"id":887,"date":"2017-10-31T08:48:00","date_gmt":"2017-10-31T08:48:00","guid":{"rendered":"https:\/\/bozsogiattila.hu\/?p=887"},"modified":"2024-01-08T08:48:56","modified_gmt":"2024-01-08T08:48:56","slug":"gyertyak-egnek","status":"publish","type":"post","link":"https:\/\/bozsogiattila.hu\/?p=887","title":{"rendered":"GYERTY\u00c1K \u00c9GNEK"},"content":{"rendered":"\n<p class=\"wp-block-paragraph\">GYERTY\u00c1K \u00c9GNEK<\/p>\n\n\n\n<p class=\"wp-block-paragraph\">Gyerty\u00e1k \u00e9gnek, eml\u00e9kezve,<br>Halottaknak tisztelegve.<br>S\u00edrokn\u00e1l ott \u00e1ll a csal\u00e1d,<br>S mondanak egy k\u00f6z\u00f6s im\u00e1t.<\/p>\n\n\n\n<p class=\"wp-block-paragraph\">Szeretteink lent nyugszanak,<br>Akik egykor vel\u00fcnk voltak.<br>Megdobban a sz\u00edv\u00fcnk \u00e9rt\u00fck,<br>Kiknek elsz\u00e1llt a rem\u00e9ny\u00fck.<\/p>\n\n\n\n<p class=\"wp-block-paragraph\">Sz\u00fclett\u00fcnk, s egyszer meghalunk,<br>Kiker\u00fclhetetlen sorsunk.<br>A j\u00f6v\u0151nk a m\u00faltba csap \u00e1t,<br>S \u00fagy lesz bel\u0151le elm\u00fal\u00e1s.<\/p>\n\n\n\n<p class=\"wp-block-paragraph\">Oda v\u00e1gynak a betegek,<br>Gy\u00f3gy\u00edthatatlan emberek.<br>Mikor m\u00e1r csak k\u00edn az \u00e9let,<br>Megv\u00e1lt\u00e1s vezet a v\u00e9ghez.<\/p>\n\n\n\n<p class=\"wp-block-paragraph\">Csecsem\u0151j\u00e9t elsiratja,<br>Boldogtalan csal\u00e1danya.<br>Az ap\u00e1nak mark\u00e1ns arc\u00e1n,<br>F\u00e1jdalom \u00fcl, gondolat\u00e1n.<\/p>\n\n\n\n<p class=\"wp-block-paragraph\">Titokban az \u00f6kl\u00e9t r\u00e1zza,<br>S k\u00f6zben k\u00e9rd\u00e9s\u00e9t mormolja.<br>M\u00e9rt tetted ezt Isten velem,<br>Hisz, tudod nem \u00e9rdemeltem?<\/p>\n\n\n\n<p class=\"wp-block-paragraph\">Aggasty\u00e1nok, j\u00f3 bar\u00e1tok,<br>Hitetlenek, \u00e1lmodoz\u00f3k,<br>B\u0171n\u00f6z\u0151k, \u00e9s \u00e1rtatlanok,<br>Vagy a gy\u00f3gy\u00edt\u00f3 orvosok.<\/p>\n\n\n\n<p class=\"wp-block-paragraph\">Mindenki sorban ott pihen,<br>A nagy, csendes temet\u0151kben.<br>A s\u00edrjuknak fogs\u00e1g\u00e1ban,<br>Hossz\u00fa, \u00f6r\u00f6k nyugalomban.<\/p>\n\n\n\n<p class=\"wp-block-paragraph\">H\u0151si halottak egy s\u00edrban,<br>Kik a haz\u00e1\u00e9rt meghaltak.<br>Ott vannak a f\u0151helyeken,<br>Vir\u00e1g, gyertya mindegyiken.<\/p>\n\n\n\n<p class=\"wp-block-paragraph\">M\u00e1rv\u00e1nys\u00edrok mellett s\u00edrhant,<br>Szeg\u00e9ny embernek csak hant van.<br>Egym\u00e1s mellett b\u00e9kess\u00e9gben,<br>Nyugodnak lent meg\u00e9rt\u00e9sben.<\/p>\n\n\n\n<p class=\"wp-block-paragraph\">Any\u00e1nak nincs rossz gyermeke,<br>B\u00e1rmit tett is a sors vele.<br>Visszasiratja a m\u00faltat,<br>Mikor m\u00e9g boldogok voltak.<\/p>\n\n\n\n<p class=\"wp-block-paragraph\">Csal\u00f3dott szerelmesekre,<br>B\u00e1natosan eml\u00e9keznek.<br>\u00d6ngyilkoss\u00e1guk m\u00e1r nem b\u0171n,<br>A sors lehet elvetem\u00fclt.<\/p>\n\n\n\n<p class=\"wp-block-paragraph\">A sikeres \u00e9letutak,<br>V\u00e9g\u00fcl mind odajutottak.<br>A terveknek sokas\u00e1ga,<br>R\u00e1maradt az ut\u00f3korra.<\/p>\n\n\n\n<p class=\"wp-block-paragraph\">M\u0171v\u00e9szek \u00e9s az alkot\u00f3k,<br>Karrierj\u00fck addig jutott.<br>Kegyhelyre ker\u00fcltek egyszer,<br>K\u00f6z\u00f6ss\u00e9gben, k\u00f6z\u00f6ns\u00e9ggel.<\/p>\n\n\n\n<p class=\"wp-block-paragraph\">Vir\u00e1gerd\u0151 a temet\u0151,<br>Len\u00e9z r\u00e1juk a teremt\u0151.<br>Megnyugszanak a ked\u00e9lyek,<br>Mikor hazafel\u00e9 mennek.<\/p>\n\n\n\n<p class=\"wp-block-paragraph\">Csillagos \u00e9g r\u00e1juk borul,<br>R\u00e9szv\u00e9t\u00e9vel megnyugv\u00e1st ny\u00fajt.<br>Megvil\u00e1g\u00edtj\u00e1k a gyerty\u00e1k,<br>Ahol van a sorstalans\u00e1g.<\/p>\n\n\n\n<p class=\"wp-block-paragraph\">Mak\u00f3, 2017-10-31<\/p>\n","protected":false},"excerpt":{"rendered":"<p>GYERTY\u00c1K \u00c9GNEK Gyerty\u00e1k \u00e9gnek, eml\u00e9kezve,Halottaknak tisztelegve.S\u00edrokn\u00e1l ott \u00e1ll a csal\u00e1d,S mondanak egy k\u00f6z\u00f6s im\u00e1t. Szeretteink lent nyugszanak,Akik egykor vel\u00fcnk voltak.Megdobban a sz\u00edv\u00fcnk \u00e9rt\u00fck,Kiknek elsz\u00e1llt a rem\u00e9ny\u00fck. Sz\u00fclett\u00fcnk, s egyszer meghalunk,Kiker\u00fclhetetlen sorsunk.A j\u00f6v\u0151nk a m\u00faltba csap \u00e1t,S \u00fagy lesz bel\u0151le elm\u00fal\u00e1s. Oda v\u00e1gynak a betegek,Gy\u00f3gy\u00edthatatlan emberek.Mikor m\u00e1r csak k\u00edn az \u00e9let,Megv\u00e1lt\u00e1s vezet a v\u00e9ghez. Csecsem\u0151j\u00e9t elsiratja,Boldogtalan &#8230; <a title=\"GYERTY\u00c1K \u00c9GNEK\" class=\"read-more\" href=\"https:\/\/bozsogiattila.hu\/?p=887\" aria-label=\"Tov\u00e1bbiak GYERTY\u00c1K \u00c9GNEK\">Olvass tov\u00e1bb<\/a><\/p>\n","protected":false},"author":3,"featured_media":0,"comment_status":"closed","ping_status":"open","sticky":false,"template":"","format":"standard","meta":{"footnotes":""},"categories":[4],"tags":[313,12],"class_list":["post-887","post","type-post","status-publish","format-standard","hentry","category-versek","tag-313","tag-mako"],"yoast_head":"<!-- This site is optimized with the Yoast SEO plugin v21.8 - https:\/\/yoast.com\/wordpress\/plugins\/seo\/ -->\n<title>GYERTY\u00c1K \u00c9GNEK - Bozsogi Attila<\/title>\n<meta name=\"robots\" content=\"index, follow, max-snippet:-1, max-image-preview:large, max-video-preview:-1\" \/>\n<link rel=\"canonical\" href=\"https:\/\/bozsogiattila.hu\/?p=887\" \/>\n<meta property=\"og:locale\" content=\"hu_HU\" \/>\n<meta property=\"og:type\" content=\"article\" \/>\n<meta property=\"og:title\" content=\"GYERTY\u00c1K \u00c9GNEK - Bozsogi Attila\" \/>\n<meta property=\"og:description\" content=\"GYERTY\u00c1K \u00c9GNEK Gyerty\u00e1k \u00e9gnek, eml\u00e9kezve,Halottaknak tisztelegve.S\u00edrokn\u00e1l ott \u00e1ll a csal\u00e1d,S mondanak egy k\u00f6z\u00f6s im\u00e1t. Szeretteink lent nyugszanak,Akik egykor vel\u00fcnk voltak.Megdobban a sz\u00edv\u00fcnk \u00e9rt\u00fck,Kiknek elsz\u00e1llt a rem\u00e9ny\u00fck. Sz\u00fclett\u00fcnk, s egyszer meghalunk,Kiker\u00fclhetetlen sorsunk.A j\u00f6v\u0151nk a m\u00faltba csap \u00e1t,S \u00fagy lesz bel\u0151le elm\u00fal\u00e1s. Oda v\u00e1gynak a betegek,Gy\u00f3gy\u00edthatatlan emberek.Mikor m\u00e1r csak k\u00edn az \u00e9let,Megv\u00e1lt\u00e1s vezet a v\u00e9ghez. Csecsem\u0151j\u00e9t elsiratja,Boldogtalan ... Olvass tov\u00e1bb\" \/>\n<meta property=\"og:url\" content=\"https:\/\/bozsogiattila.hu\/?p=887\" \/>\n<meta property=\"og:site_name\" content=\"Bozsogi Attila\" \/>\n<meta property=\"article:published_time\" content=\"2017-10-31T08:48:00+00:00\" \/>\n<meta property=\"article:modified_time\" content=\"2024-01-08T08:48:56+00:00\" \/>\n<meta name=\"author\" content=\"Bozsogi Attila\" \/>\n<meta name=\"twitter:card\" content=\"summary_large_image\" \/>\n<meta name=\"twitter:label1\" content=\"Szerz\u0151:\" \/>\n\t<meta name=\"twitter:data1\" content=\"Bozsogi Attila\" \/>\n\t<meta name=\"twitter:label2\" content=\"Becs\u00fclt olvas\u00e1si id\u0151\" \/>\n\t<meta name=\"twitter:data2\" content=\"2 perc\" \/>\n<script type=\"application\/ld+json\" class=\"yoast-schema-graph\">{\"@context\":\"https:\/\/schema.org\",\"@graph\":[{\"@type\":\"WebPage\",\"@id\":\"https:\/\/bozsogiattila.hu\/?p=887\",\"url\":\"https:\/\/bozsogiattila.hu\/?p=887\",\"name\":\"GYERTY\u00c1K \u00c9GNEK - Bozsogi Attila\",\"isPartOf\":{\"@id\":\"https:\/\/bozsogiattila.hu\/#website\"},\"datePublished\":\"2017-10-31T08:48:00+00:00\",\"dateModified\":\"2024-01-08T08:48:56+00:00\",\"author\":{\"@id\":\"https:\/\/bozsogiattila.hu\/#\/schema\/person\/488c99f554a8c4039201260dd5eb795e\"},\"breadcrumb\":{\"@id\":\"https:\/\/bozsogiattila.hu\/?p=887#breadcrumb\"},\"inLanguage\":\"hu\",\"potentialAction\":[{\"@type\":\"ReadAction\",\"target\":[\"https:\/\/bozsogiattila.hu\/?p=887\"]}]},{\"@type\":\"BreadcrumbList\",\"@id\":\"https:\/\/bozsogiattila.hu\/?p=887#breadcrumb\",\"itemListElement\":[{\"@type\":\"ListItem\",\"position\":1,\"name\":\"Kezd\u0151lap\",\"item\":\"https:\/\/bozsogiattila.hu\/\"},{\"@type\":\"ListItem\",\"position\":2,\"name\":\"GYERTY\u00c1K \u00c9GNEK\"}]},{\"@type\":\"WebSite\",\"@id\":\"https:\/\/bozsogiattila.hu\/#website\",\"url\":\"https:\/\/bozsogiattila.hu\/\",\"name\":\"Bozsogi Attila\",\"description\":\"a zen\u00e9sz, \u00edr\u00f3 munk\u00e1ss\u00e1g\u00e1nak \u00e9s a mak\u00f3i muzsikusok eml\u00e9k\u00e9t \u0151rz\u0151 oldal\",\"potentialAction\":[{\"@type\":\"SearchAction\",\"target\":{\"@type\":\"EntryPoint\",\"urlTemplate\":\"https:\/\/bozsogiattila.hu\/?s={search_term_string}\"},\"query-input\":\"required name=search_term_string\"}],\"inLanguage\":\"hu\"},{\"@type\":\"Person\",\"@id\":\"https:\/\/bozsogiattila.hu\/#\/schema\/person\/488c99f554a8c4039201260dd5eb795e\",\"name\":\"Bozsogi Attila\",\"image\":{\"@type\":\"ImageObject\",\"inLanguage\":\"hu\",\"@id\":\"https:\/\/bozsogiattila.hu\/#\/schema\/person\/image\/\",\"url\":\"https:\/\/secure.gravatar.com\/avatar\/7da6b5985e34ed798d1670c54ce7d20e6a53b800bb0c07945c64b09392f3dbfd?s=96&d=mm&r=g\",\"contentUrl\":\"https:\/\/secure.gravatar.com\/avatar\/7da6b5985e34ed798d1670c54ce7d20e6a53b800bb0c07945c64b09392f3dbfd?s=96&d=mm&r=g\",\"caption\":\"Bozsogi Attila\"},\"sameAs\":[\"http:\/\/www.boszogiattila.hu\"],\"url\":\"https:\/\/bozsogiattila.hu\/?author=3\"}]}<\/script>\n<!-- \/ Yoast SEO plugin. -->","yoast_head_json":{"title":"GYERTY\u00c1K \u00c9GNEK - Bozsogi Attila","robots":{"index":"index","follow":"follow","max-snippet":"max-snippet:-1","max-image-preview":"max-image-preview:large","max-video-preview":"max-video-preview:-1"},"canonical":"https:\/\/bozsogiattila.hu\/?p=887","og_locale":"hu_HU","og_type":"article","og_title":"GYERTY\u00c1K \u00c9GNEK - Bozsogi Attila","og_description":"GYERTY\u00c1K \u00c9GNEK Gyerty\u00e1k \u00e9gnek, eml\u00e9kezve,Halottaknak tisztelegve.S\u00edrokn\u00e1l ott \u00e1ll a csal\u00e1d,S mondanak egy k\u00f6z\u00f6s im\u00e1t. Szeretteink lent nyugszanak,Akik egykor vel\u00fcnk voltak.Megdobban a sz\u00edv\u00fcnk \u00e9rt\u00fck,Kiknek elsz\u00e1llt a rem\u00e9ny\u00fck. Sz\u00fclett\u00fcnk, s egyszer meghalunk,Kiker\u00fclhetetlen sorsunk.A j\u00f6v\u0151nk a m\u00faltba csap \u00e1t,S \u00fagy lesz bel\u0151le elm\u00fal\u00e1s. Oda v\u00e1gynak a betegek,Gy\u00f3gy\u00edthatatlan emberek.Mikor m\u00e1r csak k\u00edn az \u00e9let,Megv\u00e1lt\u00e1s vezet a v\u00e9ghez. Csecsem\u0151j\u00e9t elsiratja,Boldogtalan ... Olvass tov\u00e1bb","og_url":"https:\/\/bozsogiattila.hu\/?p=887","og_site_name":"Bozsogi Attila","article_published_time":"2017-10-31T08:48:00+00:00","article_modified_time":"2024-01-08T08:48:56+00:00","author":"Bozsogi Attila","twitter_card":"summary_large_image","twitter_misc":{"Szerz\u0151:":"Bozsogi Attila","Becs\u00fclt olvas\u00e1si id\u0151":"2 perc"},"schema":{"@context":"https:\/\/schema.org","@graph":[{"@type":"WebPage","@id":"https:\/\/bozsogiattila.hu\/?p=887","url":"https:\/\/bozsogiattila.hu\/?p=887","name":"GYERTY\u00c1K \u00c9GNEK - Bozsogi Attila","isPartOf":{"@id":"https:\/\/bozsogiattila.hu\/#website"},"datePublished":"2017-10-31T08:48:00+00:00","dateModified":"2024-01-08T08:48:56+00:00","author":{"@id":"https:\/\/bozsogiattila.hu\/#\/schema\/person\/488c99f554a8c4039201260dd5eb795e"},"breadcrumb":{"@id":"https:\/\/bozsogiattila.hu\/?p=887#breadcrumb"},"inLanguage":"hu","potentialAction":[{"@type":"ReadAction","target":["https:\/\/bozsogiattila.hu\/?p=887"]}]},{"@type":"BreadcrumbList","@id":"https:\/\/bozsogiattila.hu\/?p=887#breadcrumb","itemListElement":[{"@type":"ListItem","position":1,"name":"Kezd\u0151lap","item":"https:\/\/bozsogiattila.hu\/"},{"@type":"ListItem","position":2,"name":"GYERTY\u00c1K \u00c9GNEK"}]},{"@type":"WebSite","@id":"https:\/\/bozsogiattila.hu\/#website","url":"https:\/\/bozsogiattila.hu\/","name":"Bozsogi Attila","description":"a zen\u00e9sz, \u00edr\u00f3 munk\u00e1ss\u00e1g\u00e1nak \u00e9s a mak\u00f3i muzsikusok eml\u00e9k\u00e9t \u0151rz\u0151 oldal","potentialAction":[{"@type":"SearchAction","target":{"@type":"EntryPoint","urlTemplate":"https:\/\/bozsogiattila.hu\/?s={search_term_string}"},"query-input":"required name=search_term_string"}],"inLanguage":"hu"},{"@type":"Person","@id":"https:\/\/bozsogiattila.hu\/#\/schema\/person\/488c99f554a8c4039201260dd5eb795e","name":"Bozsogi Attila","image":{"@type":"ImageObject","inLanguage":"hu","@id":"https:\/\/bozsogiattila.hu\/#\/schema\/person\/image\/","url":"https:\/\/secure.gravatar.com\/avatar\/7da6b5985e34ed798d1670c54ce7d20e6a53b800bb0c07945c64b09392f3dbfd?s=96&d=mm&r=g","contentUrl":"https:\/\/secure.gravatar.com\/avatar\/7da6b5985e34ed798d1670c54ce7d20e6a53b800bb0c07945c64b09392f3dbfd?s=96&d=mm&r=g","caption":"Bozsogi Attila"},"sameAs":["http:\/\/www.boszogiattila.hu"],"url":"https:\/\/bozsogiattila.hu\/?author=3"}]}},"jetpack_featured_media_url":"","_links":{"self":[{"href":"https:\/\/bozsogiattila.hu\/index.php?rest_route=\/wp\/v2\/posts\/887","targetHints":{"allow":["GET"]}}],"collection":[{"href":"https:\/\/bozsogiattila.hu\/index.php?rest_route=\/wp\/v2\/posts"}],"about":[{"href":"https:\/\/bozsogiattila.hu\/index.php?rest_route=\/wp\/v2\/types\/post"}],"author":[{"embeddable":true,"href":"https:\/\/bozsogiattila.hu\/index.php?rest_route=\/wp\/v2\/users\/3"}],"replies":[{"embeddable":true,"href":"https:\/\/bozsogiattila.hu\/index.php?rest_route=%2Fwp%2Fv2%2Fcomments&post=887"}],"version-history":[{"count":1,"href":"https:\/\/bozsogiattila.hu\/index.php?rest_route=\/wp\/v2\/posts\/887\/revisions"}],"predecessor-version":[{"id":888,"href":"https:\/\/bozsogiattila.hu\/index.php?rest_route=\/wp\/v2\/posts\/887\/revisions\/888"}],"wp:attachment":[{"href":"https:\/\/bozsogiattila.hu\/index.php?rest_route=%2Fwp%2Fv2%2Fmedia&parent=887"}],"wp:term":[{"taxonomy":"category","embeddable":true,"href":"https:\/\/bozsogiattila.hu\/index.php?rest_route=%2Fwp%2Fv2%2Fcategories&post=887"},{"taxonomy":"post_tag","embeddable":true,"href":"https:\/\/bozsogiattila.hu\/index.php?rest_route=%2Fwp%2Fv2%2Ftags&post=887"}],"curies":[{"name":"wp","href":"https:\/\/api.w.org\/{rel}","templated":true}]}}