{"id":900,"date":"2017-09-16T14:14:00","date_gmt":"2017-09-16T14:14:00","guid":{"rendered":"https:\/\/bozsogiattila.hu\/?p=900"},"modified":"2024-01-09T20:38:53","modified_gmt":"2024-01-09T20:38:53","slug":"hetvennyolc-ev","status":"publish","type":"post","link":"https:\/\/bozsogiattila.hu\/?p=900","title":{"rendered":"HETVENNYOLC \u00c9V"},"content":{"rendered":"\n<p class=\"wp-block-paragraph\">HETVENNYOLC \u00c9V<\/p>\n\n\n\n<p class=\"wp-block-paragraph\">Hetvennyolc \u00e9v, van m\u00f6g\u00f6ttem,<br>Tovasuhant \u00e9szrev\u00e9tlen.<br>Eml\u00e9keket hagyott h\u00e1tra,<br>Az \u00e9veim m\u00fal\u00e1s\u00e1ra.<\/p>\n\n\n\n<p class=\"wp-block-paragraph\">Nem sajn\u00e1lom azt az id\u0151t,<br>Mit meg\u00e9ltem, rem\u00e9nykelt\u0151t.<br>J\u00f6v\u0151m nekem m\u00e1r a m\u00faltam,<br>Arra araszol az utam.<\/p>\n\n\n\n<p class=\"wp-block-paragraph\">M\u00falt id\u0151 leszek majd egyszer,<br>Elfeledett \u00f6regember.<br>Sz\u00e9p is, j\u00f3 is, volt \u00e9nnekem,<br>\u00d6sszekeveredtek csendben.<\/p>\n\n\n\n<p class=\"wp-block-paragraph\">Haragosom nincs, \u00e9s nem volt,<br>Senki v\u00e1dat r\u00e1m sem korholt.<br>\u00c9ltem csendben, sz\u00e9p szer\u00e9nyen,<br>V\u00e1gy\u00e1lom lett eml\u00e9kk\u00e9pem.<\/p>\n\n\n\n<p class=\"wp-block-paragraph\">\u00d6r\u00f6m, m\u00f3ka, vicc \u00e9s tr\u00e9fa,<br>Napjaim, megh\u00f3d\u00edtotta.<br>Helyben j\u00e1rni volna kedvem,<br>De sajnos-, azt nem tehetem.<\/p>\n\n\n\n<p class=\"wp-block-paragraph\">Az id\u0151, kegyetlen zsarnok,<br>Egyre halad, meg\u00e1lljt nem mond.<br>Megettem kenyerem jav\u00e1t,<br>Kev\u00e9s maradt, hogy lesz tov\u00e1bb?<\/p>\n\n\n\n<p class=\"wp-block-paragraph\">J\u00e1r az \u00f3r\u00e1m, k\u00f6rbe-k\u00f6rbe,<br>Az \u00e9veim \u00fagy kergetve.<br>De ha meg\u00e1ll, s nem ketyeg m\u00e1r,<br>Akkor az \u00e9n id\u0151m lej\u00e1r.<\/p>\n\n\n\n<p class=\"wp-block-paragraph\">Kimegyek a temet\u0151be,<br>Bar\u00e1taimat k\u00f6vetve.<br>Ott nyugszanak nagyon sokan,<br>Alig vagyunk \u00e9l\u0151sorban.<\/p>\n\n\n\n<p class=\"wp-block-paragraph\">Mind elhagytak r\u00e9g benn\u00fcnket,<br>Tal\u00e1n v\u00e1rnak, integetnek.<br>Sz\u00edvem t\u00e9tov\u00e1n feldobban,<br>Lelkem is sz\u00f3l haragosan.<\/p>\n\n\n\n<p class=\"wp-block-paragraph\">B\u00edztat, \u00e9rvel, \u00f6tletet ad,<br>Pr\u00f3b\u00e1l mutatni \u00faj utat.<br>Ut\u00f3pia, m\u00e9zesmadzag,<br>Minden szava hazugs\u00e1g az.<\/p>\n\n\n\n<p class=\"wp-block-paragraph\">Porb\u00f3l lett\u00fcnk, s porr\u00e1 lesz\u00fcnk,<br>El\u0151bb-ut\u00f3bb az lesz v\u00e9g\u00fcnk.<br>Mindenkire ez v\u00e1r v\u00e9g\u00fcl,<br>Soha senkit ki nem ker\u00fcl.<\/p>\n\n\n\n<p class=\"wp-block-paragraph\">Hetvennyolc \u00e9v van m\u00f6g\u00f6ttem,<br>\u00c9letvid\u00e1m m\u00e9g \u00e9letem.<br>Hangulatom tet\u0151fok\u00e1n,<br>N\u00e9ha egy percre ott meg\u00e1ll.<\/p>\n\n\n\n<p class=\"wp-block-paragraph\">Hezit\u00e1lok, k\u00e9pzel\u0151d\u00f6m,<br>Honnan v\u00e1rhat\u00f3 m\u00e9g \u00f6r\u00f6m.<br>\u00cdgy tal\u00e1lt r\u00e1m a megold\u00e1s,<br>Sz\u00fclet\u00e9snapi val\u00f3s\u00e1g.<\/p>\n\n\n\n<p class=\"wp-block-paragraph\">Egy \u00e9v elm\u00falt, s j\u00f6n a m\u00e1sik,<br>Az id\u0151m \u00edgy ism\u00e9t m\u00falik.<br>K\u00f6sz\u00f6nt\u0151im sokas\u00e1ga,<br>\u0150szinte j\u00f3 k\u00edv\u00e1ns\u00e1ga.<\/p>\n\n\n\n<p class=\"wp-block-paragraph\">\u00daj er\u0151t ad, \u00e9s megnyugtat,<br>Nem feledtek, velem vannak.<br>K\u00e9pzeletben felkaroltok,<br>\u00d6nzetlen sok j\u00f3t k\u00edv\u00e1ntok.<\/p>\n\n\n\n<p class=\"wp-block-paragraph\">Megk\u00f6sz\u00f6n\u00f6m mindezt nektek,<br>Bar\u00e1toknak, bar\u00e1tn\u0151knek.<br>Boldogs\u00e1got ny\u00fajtottatok,<br>\u00c1ld\u00e1st r\u00e1tok azt k\u00edv\u00e1nok!<\/p>\n\n\n\n<p class=\"wp-block-paragraph\">Mak\u00f3, 2017-09-16<\/p>\n","protected":false},"excerpt":{"rendered":"<p>HETVENNYOLC \u00c9V Hetvennyolc \u00e9v, van m\u00f6g\u00f6ttem,Tovasuhant \u00e9szrev\u00e9tlen.Eml\u00e9keket hagyott h\u00e1tra,Az \u00e9veim m\u00fal\u00e1s\u00e1ra. Nem sajn\u00e1lom azt az id\u0151t,Mit meg\u00e9ltem, rem\u00e9nykelt\u0151t.J\u00f6v\u0151m nekem m\u00e1r a m\u00faltam,Arra araszol az utam. M\u00falt id\u0151 leszek majd egyszer,Elfeledett \u00f6regember.Sz\u00e9p is, j\u00f3 is, volt \u00e9nnekem,\u00d6sszekeveredtek csendben. Haragosom nincs, \u00e9s nem volt,Senki v\u00e1dat r\u00e1m sem korholt.\u00c9ltem csendben, sz\u00e9p szer\u00e9nyen,V\u00e1gy\u00e1lom lett eml\u00e9kk\u00e9pem. \u00d6r\u00f6m, m\u00f3ka, vicc \u00e9s &#8230; <a title=\"HETVENNYOLC \u00c9V\" class=\"read-more\" href=\"https:\/\/bozsogiattila.hu\/?p=900\" aria-label=\"Tov\u00e1bbiak HETVENNYOLC \u00c9V\">Olvass tov\u00e1bb<\/a><\/p>\n","protected":false},"author":3,"featured_media":0,"comment_status":"closed","ping_status":"open","sticky":false,"template":"","format":"standard","meta":{"footnotes":""},"categories":[4],"tags":[313,12],"class_list":["post-900","post","type-post","status-publish","format-standard","hentry","category-versek","tag-313","tag-mako"],"yoast_head":"<!-- This site is optimized with the Yoast SEO plugin v21.8 - https:\/\/yoast.com\/wordpress\/plugins\/seo\/ -->\n<title>HETVENNYOLC \u00c9V - Bozsogi Attila<\/title>\n<meta name=\"robots\" content=\"index, follow, max-snippet:-1, max-image-preview:large, max-video-preview:-1\" \/>\n<link rel=\"canonical\" href=\"https:\/\/bozsogiattila.hu\/?p=900\" \/>\n<meta property=\"og:locale\" content=\"hu_HU\" \/>\n<meta property=\"og:type\" content=\"article\" \/>\n<meta property=\"og:title\" content=\"HETVENNYOLC \u00c9V - Bozsogi Attila\" \/>\n<meta property=\"og:description\" content=\"HETVENNYOLC \u00c9V Hetvennyolc \u00e9v, van m\u00f6g\u00f6ttem,Tovasuhant \u00e9szrev\u00e9tlen.Eml\u00e9keket hagyott h\u00e1tra,Az \u00e9veim m\u00fal\u00e1s\u00e1ra. Nem sajn\u00e1lom azt az id\u0151t,Mit meg\u00e9ltem, rem\u00e9nykelt\u0151t.J\u00f6v\u0151m nekem m\u00e1r a m\u00faltam,Arra araszol az utam. M\u00falt id\u0151 leszek majd egyszer,Elfeledett \u00f6regember.Sz\u00e9p is, j\u00f3 is, volt \u00e9nnekem,\u00d6sszekeveredtek csendben. Haragosom nincs, \u00e9s nem volt,Senki v\u00e1dat r\u00e1m sem korholt.\u00c9ltem csendben, sz\u00e9p szer\u00e9nyen,V\u00e1gy\u00e1lom lett eml\u00e9kk\u00e9pem. \u00d6r\u00f6m, m\u00f3ka, vicc \u00e9s ... Olvass tov\u00e1bb\" \/>\n<meta property=\"og:url\" content=\"https:\/\/bozsogiattila.hu\/?p=900\" \/>\n<meta property=\"og:site_name\" content=\"Bozsogi Attila\" \/>\n<meta property=\"article:published_time\" content=\"2017-09-16T14:14:00+00:00\" \/>\n<meta property=\"article:modified_time\" content=\"2024-01-09T20:38:53+00:00\" \/>\n<meta name=\"author\" content=\"Bozsogi Attila\" \/>\n<meta name=\"twitter:card\" content=\"summary_large_image\" \/>\n<meta name=\"twitter:label1\" content=\"Szerz\u0151:\" \/>\n\t<meta name=\"twitter:data1\" content=\"Bozsogi Attila\" \/>\n\t<meta name=\"twitter:label2\" content=\"Becs\u00fclt olvas\u00e1si id\u0151\" \/>\n\t<meta name=\"twitter:data2\" content=\"2 perc\" \/>\n<script type=\"application\/ld+json\" class=\"yoast-schema-graph\">{\"@context\":\"https:\/\/schema.org\",\"@graph\":[{\"@type\":\"WebPage\",\"@id\":\"https:\/\/bozsogiattila.hu\/?p=900\",\"url\":\"https:\/\/bozsogiattila.hu\/?p=900\",\"name\":\"HETVENNYOLC \u00c9V - Bozsogi Attila\",\"isPartOf\":{\"@id\":\"https:\/\/bozsogiattila.hu\/#website\"},\"datePublished\":\"2017-09-16T14:14:00+00:00\",\"dateModified\":\"2024-01-09T20:38:53+00:00\",\"author\":{\"@id\":\"https:\/\/bozsogiattila.hu\/#\/schema\/person\/488c99f554a8c4039201260dd5eb795e\"},\"breadcrumb\":{\"@id\":\"https:\/\/bozsogiattila.hu\/?p=900#breadcrumb\"},\"inLanguage\":\"hu\",\"potentialAction\":[{\"@type\":\"ReadAction\",\"target\":[\"https:\/\/bozsogiattila.hu\/?p=900\"]}]},{\"@type\":\"BreadcrumbList\",\"@id\":\"https:\/\/bozsogiattila.hu\/?p=900#breadcrumb\",\"itemListElement\":[{\"@type\":\"ListItem\",\"position\":1,\"name\":\"Kezd\u0151lap\",\"item\":\"https:\/\/bozsogiattila.hu\/\"},{\"@type\":\"ListItem\",\"position\":2,\"name\":\"HETVENNYOLC \u00c9V\"}]},{\"@type\":\"WebSite\",\"@id\":\"https:\/\/bozsogiattila.hu\/#website\",\"url\":\"https:\/\/bozsogiattila.hu\/\",\"name\":\"Bozsogi Attila\",\"description\":\"a zen\u00e9sz, \u00edr\u00f3 munk\u00e1ss\u00e1g\u00e1nak \u00e9s a mak\u00f3i muzsikusok eml\u00e9k\u00e9t \u0151rz\u0151 oldal\",\"potentialAction\":[{\"@type\":\"SearchAction\",\"target\":{\"@type\":\"EntryPoint\",\"urlTemplate\":\"https:\/\/bozsogiattila.hu\/?s={search_term_string}\"},\"query-input\":\"required name=search_term_string\"}],\"inLanguage\":\"hu\"},{\"@type\":\"Person\",\"@id\":\"https:\/\/bozsogiattila.hu\/#\/schema\/person\/488c99f554a8c4039201260dd5eb795e\",\"name\":\"Bozsogi Attila\",\"image\":{\"@type\":\"ImageObject\",\"inLanguage\":\"hu\",\"@id\":\"https:\/\/bozsogiattila.hu\/#\/schema\/person\/image\/\",\"url\":\"https:\/\/secure.gravatar.com\/avatar\/7da6b5985e34ed798d1670c54ce7d20e6a53b800bb0c07945c64b09392f3dbfd?s=96&d=mm&r=g\",\"contentUrl\":\"https:\/\/secure.gravatar.com\/avatar\/7da6b5985e34ed798d1670c54ce7d20e6a53b800bb0c07945c64b09392f3dbfd?s=96&d=mm&r=g\",\"caption\":\"Bozsogi Attila\"},\"sameAs\":[\"http:\/\/www.boszogiattila.hu\"],\"url\":\"https:\/\/bozsogiattila.hu\/?author=3\"}]}<\/script>\n<!-- \/ Yoast SEO plugin. -->","yoast_head_json":{"title":"HETVENNYOLC \u00c9V - Bozsogi Attila","robots":{"index":"index","follow":"follow","max-snippet":"max-snippet:-1","max-image-preview":"max-image-preview:large","max-video-preview":"max-video-preview:-1"},"canonical":"https:\/\/bozsogiattila.hu\/?p=900","og_locale":"hu_HU","og_type":"article","og_title":"HETVENNYOLC \u00c9V - Bozsogi Attila","og_description":"HETVENNYOLC \u00c9V Hetvennyolc \u00e9v, van m\u00f6g\u00f6ttem,Tovasuhant \u00e9szrev\u00e9tlen.Eml\u00e9keket hagyott h\u00e1tra,Az \u00e9veim m\u00fal\u00e1s\u00e1ra. Nem sajn\u00e1lom azt az id\u0151t,Mit meg\u00e9ltem, rem\u00e9nykelt\u0151t.J\u00f6v\u0151m nekem m\u00e1r a m\u00faltam,Arra araszol az utam. M\u00falt id\u0151 leszek majd egyszer,Elfeledett \u00f6regember.Sz\u00e9p is, j\u00f3 is, volt \u00e9nnekem,\u00d6sszekeveredtek csendben. Haragosom nincs, \u00e9s nem volt,Senki v\u00e1dat r\u00e1m sem korholt.\u00c9ltem csendben, sz\u00e9p szer\u00e9nyen,V\u00e1gy\u00e1lom lett eml\u00e9kk\u00e9pem. \u00d6r\u00f6m, m\u00f3ka, vicc \u00e9s ... Olvass tov\u00e1bb","og_url":"https:\/\/bozsogiattila.hu\/?p=900","og_site_name":"Bozsogi Attila","article_published_time":"2017-09-16T14:14:00+00:00","article_modified_time":"2024-01-09T20:38:53+00:00","author":"Bozsogi Attila","twitter_card":"summary_large_image","twitter_misc":{"Szerz\u0151:":"Bozsogi Attila","Becs\u00fclt olvas\u00e1si id\u0151":"2 perc"},"schema":{"@context":"https:\/\/schema.org","@graph":[{"@type":"WebPage","@id":"https:\/\/bozsogiattila.hu\/?p=900","url":"https:\/\/bozsogiattila.hu\/?p=900","name":"HETVENNYOLC \u00c9V - Bozsogi Attila","isPartOf":{"@id":"https:\/\/bozsogiattila.hu\/#website"},"datePublished":"2017-09-16T14:14:00+00:00","dateModified":"2024-01-09T20:38:53+00:00","author":{"@id":"https:\/\/bozsogiattila.hu\/#\/schema\/person\/488c99f554a8c4039201260dd5eb795e"},"breadcrumb":{"@id":"https:\/\/bozsogiattila.hu\/?p=900#breadcrumb"},"inLanguage":"hu","potentialAction":[{"@type":"ReadAction","target":["https:\/\/bozsogiattila.hu\/?p=900"]}]},{"@type":"BreadcrumbList","@id":"https:\/\/bozsogiattila.hu\/?p=900#breadcrumb","itemListElement":[{"@type":"ListItem","position":1,"name":"Kezd\u0151lap","item":"https:\/\/bozsogiattila.hu\/"},{"@type":"ListItem","position":2,"name":"HETVENNYOLC \u00c9V"}]},{"@type":"WebSite","@id":"https:\/\/bozsogiattila.hu\/#website","url":"https:\/\/bozsogiattila.hu\/","name":"Bozsogi Attila","description":"a zen\u00e9sz, \u00edr\u00f3 munk\u00e1ss\u00e1g\u00e1nak \u00e9s a mak\u00f3i muzsikusok eml\u00e9k\u00e9t \u0151rz\u0151 oldal","potentialAction":[{"@type":"SearchAction","target":{"@type":"EntryPoint","urlTemplate":"https:\/\/bozsogiattila.hu\/?s={search_term_string}"},"query-input":"required name=search_term_string"}],"inLanguage":"hu"},{"@type":"Person","@id":"https:\/\/bozsogiattila.hu\/#\/schema\/person\/488c99f554a8c4039201260dd5eb795e","name":"Bozsogi Attila","image":{"@type":"ImageObject","inLanguage":"hu","@id":"https:\/\/bozsogiattila.hu\/#\/schema\/person\/image\/","url":"https:\/\/secure.gravatar.com\/avatar\/7da6b5985e34ed798d1670c54ce7d20e6a53b800bb0c07945c64b09392f3dbfd?s=96&d=mm&r=g","contentUrl":"https:\/\/secure.gravatar.com\/avatar\/7da6b5985e34ed798d1670c54ce7d20e6a53b800bb0c07945c64b09392f3dbfd?s=96&d=mm&r=g","caption":"Bozsogi Attila"},"sameAs":["http:\/\/www.boszogiattila.hu"],"url":"https:\/\/bozsogiattila.hu\/?author=3"}]}},"jetpack_featured_media_url":"","_links":{"self":[{"href":"https:\/\/bozsogiattila.hu\/index.php?rest_route=\/wp\/v2\/posts\/900","targetHints":{"allow":["GET"]}}],"collection":[{"href":"https:\/\/bozsogiattila.hu\/index.php?rest_route=\/wp\/v2\/posts"}],"about":[{"href":"https:\/\/bozsogiattila.hu\/index.php?rest_route=\/wp\/v2\/types\/post"}],"author":[{"embeddable":true,"href":"https:\/\/bozsogiattila.hu\/index.php?rest_route=\/wp\/v2\/users\/3"}],"replies":[{"embeddable":true,"href":"https:\/\/bozsogiattila.hu\/index.php?rest_route=%2Fwp%2Fv2%2Fcomments&post=900"}],"version-history":[{"count":1,"href":"https:\/\/bozsogiattila.hu\/index.php?rest_route=\/wp\/v2\/posts\/900\/revisions"}],"predecessor-version":[{"id":901,"href":"https:\/\/bozsogiattila.hu\/index.php?rest_route=\/wp\/v2\/posts\/900\/revisions\/901"}],"wp:attachment":[{"href":"https:\/\/bozsogiattila.hu\/index.php?rest_route=%2Fwp%2Fv2%2Fmedia&parent=900"}],"wp:term":[{"taxonomy":"category","embeddable":true,"href":"https:\/\/bozsogiattila.hu\/index.php?rest_route=%2Fwp%2Fv2%2Fcategories&post=900"},{"taxonomy":"post_tag","embeddable":true,"href":"https:\/\/bozsogiattila.hu\/index.php?rest_route=%2Fwp%2Fv2%2Ftags&post=900"}],"curies":[{"name":"wp","href":"https:\/\/api.w.org\/{rel}","templated":true}]}}