{"id":906,"date":"2017-10-23T14:17:00","date_gmt":"2017-10-23T14:17:00","guid":{"rendered":"https:\/\/bozsogiattila.hu\/?p=906"},"modified":"2024-01-08T14:19:58","modified_gmt":"2024-01-08T14:19:58","slug":"koncertem-lesz-ujbol","status":"publish","type":"post","link":"https:\/\/bozsogiattila.hu\/?p=906","title":{"rendered":"KONCERTEM LESZ \u00daJB\u00d3L"},"content":{"rendered":"\n<p class=\"wp-block-paragraph\">KONCERTEM LESZ \u00daJB\u00d3L<\/p>\n\n\n\n<p class=\"wp-block-paragraph\">Koncertem lesz \u00fajb\u00f3l,<br>Tal\u00e1n utolj\u00e1ra.<br>Nyughatatlan sz\u00edvem,<br>\u00d6szt\u00f6n\u00f6z t\u00e1n arra.<\/p>\n\n\n\n<p class=\"wp-block-paragraph\">Harmonik\u00e1m hangja,<br>Felcsend\u00fcl m\u00e9g egyszer.<br>\u00dajaim siklanak,<br>Egym\u00e1ssal versenyben.<\/p>\n\n\n\n<p class=\"wp-block-paragraph\">Sz\u00e9p mel\u00f3di\u00e1kat,<br>\u00d6sszev\u00e1logattam.<br>Izgalom lesz ism\u00e9t,<br>Minden percem ottan.<\/p>\n\n\n\n<p class=\"wp-block-paragraph\">Megjelennek sorban,<br>A r\u00e9gi eml\u00e9kek.<br>Csod\u00e1latos h\u00f6lgyek,<br>Kik urakkal j\u00f6ttek.<\/p>\n\n\n\n<p class=\"wp-block-paragraph\">Fiatalok, sz\u00e9pek,<br>Voltak egykor r\u00e9gen.<br>Megmaradtak nekem,<br>Mes\u00e9s \u00e1lomk\u00e9pben.<\/p>\n\n\n\n<p class=\"wp-block-paragraph\">\u00c9jszakai \u00e9let,<br>Szerepl\u0151i voltak.<br>Nagy \u00f6r\u00f6m volt l\u00e1tni,<br>Ahogyan mulattak.<\/p>\n\n\n\n<p class=\"wp-block-paragraph\">Kac\u00e9rkodtak velem,<br>Mosolyg\u00f3s arcukkal.<br>Akkor m\u00e9g nem hitt\u00fck,<br>Hogy az id\u0151 rohan.<\/p>\n\n\n\n<p class=\"wp-block-paragraph\">V\u00e1gtattak az \u00e9vek,<br>Nagy sebes el\u00e1nnal.<br>Meg nem \u00e1lltak volna,<br>Semmi p\u00e9nz\u00e9rt soha.<\/p>\n\n\n\n<p class=\"wp-block-paragraph\">Az \u00f6reg hangszerem,<br>Tan\u00fam lesz m\u00e9g egyszer,<br>Cs\u00e1b\u00edt\u00f3 hangj\u00e1val,<br>Fell\u00e9pve ott velem.<\/p>\n\n\n\n<p class=\"wp-block-paragraph\">Nyolcvan k\u00f6zel\u00e9ben,<br>Megremeg a kezem.<br>Megcsillan egy k\u00f6nnycsepp,<br>Sokaknak szem\u00e9ben.<\/p>\n\n\n\n<p class=\"wp-block-paragraph\">Felzokog a l\u00e9lek,<br>Siratja a m\u00faltat.<br>Ami nem j\u00f6n vissza.<br>Egyre tov\u00e1bb halad.<\/p>\n\n\n\n<p class=\"wp-block-paragraph\">Vid\u00e1m dallam harsan,<br>\u00d6regesen sz\u00f3lva.<br>J\u00e1tszom mindenkinek,<br>Lelkesen sz\u00f3l\u00f3zva.<\/p>\n\n\n\n<p class=\"wp-block-paragraph\">Elfelejtem korom,<br>\u00d6reg mivoltomat.<br>Befel\u00e9 s\u00f3hajtok,<br>Suhan kezem tova.<\/p>\n\n\n\n<p class=\"wp-block-paragraph\">Farkasszemet n\u00e9zek,<br>Lelkes k\u00f6z\u00f6ns\u00e9ggel,<br>Figyel\u0151 tekintet,<br>B\u00edztat \u00fagy, mint r\u00e9gen.<\/p>\n\n\n\n<p class=\"wp-block-paragraph\">Megfiatalodom,<br>Koromat feledve.<br>Vid\u00e1ms\u00e1g lesz rajtam,<br>Ezen a sz\u00e9p esten.<\/p>\n\n\n\n<p class=\"wp-block-paragraph\">Az utols\u00f3 koncert,<br>Legyen b\u00fafeled\u0151.<br>Hogy mi lesz azut\u00e1n,<br>Tudja a teremt\u0151?<\/p>\n\n\n\n<p class=\"wp-block-paragraph\">Mak\u00f3, 2017-10-23<\/p>\n","protected":false},"excerpt":{"rendered":"<p>KONCERTEM LESZ \u00daJB\u00d3L Koncertem lesz \u00fajb\u00f3l,Tal\u00e1n utolj\u00e1ra.Nyughatatlan sz\u00edvem,\u00d6szt\u00f6n\u00f6z t\u00e1n arra. Harmonik\u00e1m hangja,Felcsend\u00fcl m\u00e9g egyszer.\u00dajaim siklanak,Egym\u00e1ssal versenyben. Sz\u00e9p mel\u00f3di\u00e1kat,\u00d6sszev\u00e1logattam.Izgalom lesz ism\u00e9t,Minden percem ottan. Megjelennek sorban,A r\u00e9gi eml\u00e9kek.Csod\u00e1latos h\u00f6lgyek,Kik urakkal j\u00f6ttek. Fiatalok, sz\u00e9pek,Voltak egykor r\u00e9gen.Megmaradtak nekem,Mes\u00e9s \u00e1lomk\u00e9pben. \u00c9jszakai \u00e9let,Szerepl\u0151i voltak.Nagy \u00f6r\u00f6m volt l\u00e1tni,Ahogyan mulattak. Kac\u00e9rkodtak velem,Mosolyg\u00f3s arcukkal.Akkor m\u00e9g nem hitt\u00fck,Hogy az id\u0151 rohan. V\u00e1gtattak az \u00e9vek,Nagy sebes &#8230; <a title=\"KONCERTEM LESZ \u00daJB\u00d3L\" class=\"read-more\" href=\"https:\/\/bozsogiattila.hu\/?p=906\" aria-label=\"Tov\u00e1bbiak KONCERTEM LESZ \u00daJB\u00d3L\">Olvass tov\u00e1bb<\/a><\/p>\n","protected":false},"author":3,"featured_media":0,"comment_status":"closed","ping_status":"open","sticky":false,"template":"","format":"standard","meta":{"footnotes":""},"categories":[4],"tags":[313,12],"class_list":["post-906","post","type-post","status-publish","format-standard","hentry","category-versek","tag-313","tag-mako"],"yoast_head":"<!-- This site is optimized with the Yoast SEO plugin v21.8 - https:\/\/yoast.com\/wordpress\/plugins\/seo\/ -->\n<title>KONCERTEM LESZ \u00daJB\u00d3L - Bozsogi Attila<\/title>\n<meta name=\"robots\" content=\"index, follow, max-snippet:-1, max-image-preview:large, max-video-preview:-1\" \/>\n<link rel=\"canonical\" href=\"https:\/\/bozsogiattila.hu\/?p=906\" \/>\n<meta property=\"og:locale\" content=\"hu_HU\" \/>\n<meta property=\"og:type\" content=\"article\" \/>\n<meta property=\"og:title\" content=\"KONCERTEM LESZ \u00daJB\u00d3L - Bozsogi Attila\" \/>\n<meta property=\"og:description\" content=\"KONCERTEM LESZ \u00daJB\u00d3L Koncertem lesz \u00fajb\u00f3l,Tal\u00e1n utolj\u00e1ra.Nyughatatlan sz\u00edvem,\u00d6szt\u00f6n\u00f6z t\u00e1n arra. Harmonik\u00e1m hangja,Felcsend\u00fcl m\u00e9g egyszer.\u00dajaim siklanak,Egym\u00e1ssal versenyben. Sz\u00e9p mel\u00f3di\u00e1kat,\u00d6sszev\u00e1logattam.Izgalom lesz ism\u00e9t,Minden percem ottan. Megjelennek sorban,A r\u00e9gi eml\u00e9kek.Csod\u00e1latos h\u00f6lgyek,Kik urakkal j\u00f6ttek. Fiatalok, sz\u00e9pek,Voltak egykor r\u00e9gen.Megmaradtak nekem,Mes\u00e9s \u00e1lomk\u00e9pben. \u00c9jszakai \u00e9let,Szerepl\u0151i voltak.Nagy \u00f6r\u00f6m volt l\u00e1tni,Ahogyan mulattak. Kac\u00e9rkodtak velem,Mosolyg\u00f3s arcukkal.Akkor m\u00e9g nem hitt\u00fck,Hogy az id\u0151 rohan. V\u00e1gtattak az \u00e9vek,Nagy sebes ... Olvass tov\u00e1bb\" \/>\n<meta property=\"og:url\" content=\"https:\/\/bozsogiattila.hu\/?p=906\" \/>\n<meta property=\"og:site_name\" content=\"Bozsogi Attila\" \/>\n<meta property=\"article:published_time\" content=\"2017-10-23T14:17:00+00:00\" \/>\n<meta property=\"article:modified_time\" content=\"2024-01-08T14:19:58+00:00\" \/>\n<meta name=\"author\" content=\"Bozsogi Attila\" \/>\n<meta name=\"twitter:card\" content=\"summary_large_image\" \/>\n<meta name=\"twitter:label1\" content=\"Szerz\u0151:\" \/>\n\t<meta name=\"twitter:data1\" content=\"Bozsogi Attila\" \/>\n\t<meta name=\"twitter:label2\" content=\"Becs\u00fclt olvas\u00e1si id\u0151\" \/>\n\t<meta name=\"twitter:data2\" content=\"1 perc\" \/>\n<script type=\"application\/ld+json\" class=\"yoast-schema-graph\">{\"@context\":\"https:\/\/schema.org\",\"@graph\":[{\"@type\":\"WebPage\",\"@id\":\"https:\/\/bozsogiattila.hu\/?p=906\",\"url\":\"https:\/\/bozsogiattila.hu\/?p=906\",\"name\":\"KONCERTEM LESZ \u00daJB\u00d3L - Bozsogi Attila\",\"isPartOf\":{\"@id\":\"https:\/\/bozsogiattila.hu\/#website\"},\"datePublished\":\"2017-10-23T14:17:00+00:00\",\"dateModified\":\"2024-01-08T14:19:58+00:00\",\"author\":{\"@id\":\"https:\/\/bozsogiattila.hu\/#\/schema\/person\/488c99f554a8c4039201260dd5eb795e\"},\"breadcrumb\":{\"@id\":\"https:\/\/bozsogiattila.hu\/?p=906#breadcrumb\"},\"inLanguage\":\"hu\",\"potentialAction\":[{\"@type\":\"ReadAction\",\"target\":[\"https:\/\/bozsogiattila.hu\/?p=906\"]}]},{\"@type\":\"BreadcrumbList\",\"@id\":\"https:\/\/bozsogiattila.hu\/?p=906#breadcrumb\",\"itemListElement\":[{\"@type\":\"ListItem\",\"position\":1,\"name\":\"Kezd\u0151lap\",\"item\":\"https:\/\/bozsogiattila.hu\/\"},{\"@type\":\"ListItem\",\"position\":2,\"name\":\"KONCERTEM LESZ \u00daJB\u00d3L\"}]},{\"@type\":\"WebSite\",\"@id\":\"https:\/\/bozsogiattila.hu\/#website\",\"url\":\"https:\/\/bozsogiattila.hu\/\",\"name\":\"Bozsogi Attila\",\"description\":\"a zen\u00e9sz, \u00edr\u00f3 munk\u00e1ss\u00e1g\u00e1nak \u00e9s a mak\u00f3i muzsikusok eml\u00e9k\u00e9t \u0151rz\u0151 oldal\",\"potentialAction\":[{\"@type\":\"SearchAction\",\"target\":{\"@type\":\"EntryPoint\",\"urlTemplate\":\"https:\/\/bozsogiattila.hu\/?s={search_term_string}\"},\"query-input\":\"required name=search_term_string\"}],\"inLanguage\":\"hu\"},{\"@type\":\"Person\",\"@id\":\"https:\/\/bozsogiattila.hu\/#\/schema\/person\/488c99f554a8c4039201260dd5eb795e\",\"name\":\"Bozsogi Attila\",\"image\":{\"@type\":\"ImageObject\",\"inLanguage\":\"hu\",\"@id\":\"https:\/\/bozsogiattila.hu\/#\/schema\/person\/image\/\",\"url\":\"https:\/\/secure.gravatar.com\/avatar\/7da6b5985e34ed798d1670c54ce7d20e6a53b800bb0c07945c64b09392f3dbfd?s=96&d=mm&r=g\",\"contentUrl\":\"https:\/\/secure.gravatar.com\/avatar\/7da6b5985e34ed798d1670c54ce7d20e6a53b800bb0c07945c64b09392f3dbfd?s=96&d=mm&r=g\",\"caption\":\"Bozsogi Attila\"},\"sameAs\":[\"http:\/\/www.boszogiattila.hu\"],\"url\":\"https:\/\/bozsogiattila.hu\/?author=3\"}]}<\/script>\n<!-- \/ Yoast SEO plugin. -->","yoast_head_json":{"title":"KONCERTEM LESZ \u00daJB\u00d3L - Bozsogi Attila","robots":{"index":"index","follow":"follow","max-snippet":"max-snippet:-1","max-image-preview":"max-image-preview:large","max-video-preview":"max-video-preview:-1"},"canonical":"https:\/\/bozsogiattila.hu\/?p=906","og_locale":"hu_HU","og_type":"article","og_title":"KONCERTEM LESZ \u00daJB\u00d3L - Bozsogi Attila","og_description":"KONCERTEM LESZ \u00daJB\u00d3L Koncertem lesz \u00fajb\u00f3l,Tal\u00e1n utolj\u00e1ra.Nyughatatlan sz\u00edvem,\u00d6szt\u00f6n\u00f6z t\u00e1n arra. Harmonik\u00e1m hangja,Felcsend\u00fcl m\u00e9g egyszer.\u00dajaim siklanak,Egym\u00e1ssal versenyben. Sz\u00e9p mel\u00f3di\u00e1kat,\u00d6sszev\u00e1logattam.Izgalom lesz ism\u00e9t,Minden percem ottan. Megjelennek sorban,A r\u00e9gi eml\u00e9kek.Csod\u00e1latos h\u00f6lgyek,Kik urakkal j\u00f6ttek. Fiatalok, sz\u00e9pek,Voltak egykor r\u00e9gen.Megmaradtak nekem,Mes\u00e9s \u00e1lomk\u00e9pben. \u00c9jszakai \u00e9let,Szerepl\u0151i voltak.Nagy \u00f6r\u00f6m volt l\u00e1tni,Ahogyan mulattak. Kac\u00e9rkodtak velem,Mosolyg\u00f3s arcukkal.Akkor m\u00e9g nem hitt\u00fck,Hogy az id\u0151 rohan. V\u00e1gtattak az \u00e9vek,Nagy sebes ... Olvass tov\u00e1bb","og_url":"https:\/\/bozsogiattila.hu\/?p=906","og_site_name":"Bozsogi Attila","article_published_time":"2017-10-23T14:17:00+00:00","article_modified_time":"2024-01-08T14:19:58+00:00","author":"Bozsogi Attila","twitter_card":"summary_large_image","twitter_misc":{"Szerz\u0151:":"Bozsogi Attila","Becs\u00fclt olvas\u00e1si id\u0151":"1 perc"},"schema":{"@context":"https:\/\/schema.org","@graph":[{"@type":"WebPage","@id":"https:\/\/bozsogiattila.hu\/?p=906","url":"https:\/\/bozsogiattila.hu\/?p=906","name":"KONCERTEM LESZ \u00daJB\u00d3L - Bozsogi Attila","isPartOf":{"@id":"https:\/\/bozsogiattila.hu\/#website"},"datePublished":"2017-10-23T14:17:00+00:00","dateModified":"2024-01-08T14:19:58+00:00","author":{"@id":"https:\/\/bozsogiattila.hu\/#\/schema\/person\/488c99f554a8c4039201260dd5eb795e"},"breadcrumb":{"@id":"https:\/\/bozsogiattila.hu\/?p=906#breadcrumb"},"inLanguage":"hu","potentialAction":[{"@type":"ReadAction","target":["https:\/\/bozsogiattila.hu\/?p=906"]}]},{"@type":"BreadcrumbList","@id":"https:\/\/bozsogiattila.hu\/?p=906#breadcrumb","itemListElement":[{"@type":"ListItem","position":1,"name":"Kezd\u0151lap","item":"https:\/\/bozsogiattila.hu\/"},{"@type":"ListItem","position":2,"name":"KONCERTEM LESZ \u00daJB\u00d3L"}]},{"@type":"WebSite","@id":"https:\/\/bozsogiattila.hu\/#website","url":"https:\/\/bozsogiattila.hu\/","name":"Bozsogi Attila","description":"a zen\u00e9sz, \u00edr\u00f3 munk\u00e1ss\u00e1g\u00e1nak \u00e9s a mak\u00f3i muzsikusok eml\u00e9k\u00e9t \u0151rz\u0151 oldal","potentialAction":[{"@type":"SearchAction","target":{"@type":"EntryPoint","urlTemplate":"https:\/\/bozsogiattila.hu\/?s={search_term_string}"},"query-input":"required name=search_term_string"}],"inLanguage":"hu"},{"@type":"Person","@id":"https:\/\/bozsogiattila.hu\/#\/schema\/person\/488c99f554a8c4039201260dd5eb795e","name":"Bozsogi Attila","image":{"@type":"ImageObject","inLanguage":"hu","@id":"https:\/\/bozsogiattila.hu\/#\/schema\/person\/image\/","url":"https:\/\/secure.gravatar.com\/avatar\/7da6b5985e34ed798d1670c54ce7d20e6a53b800bb0c07945c64b09392f3dbfd?s=96&d=mm&r=g","contentUrl":"https:\/\/secure.gravatar.com\/avatar\/7da6b5985e34ed798d1670c54ce7d20e6a53b800bb0c07945c64b09392f3dbfd?s=96&d=mm&r=g","caption":"Bozsogi Attila"},"sameAs":["http:\/\/www.boszogiattila.hu"],"url":"https:\/\/bozsogiattila.hu\/?author=3"}]}},"jetpack_featured_media_url":"","_links":{"self":[{"href":"https:\/\/bozsogiattila.hu\/index.php?rest_route=\/wp\/v2\/posts\/906","targetHints":{"allow":["GET"]}}],"collection":[{"href":"https:\/\/bozsogiattila.hu\/index.php?rest_route=\/wp\/v2\/posts"}],"about":[{"href":"https:\/\/bozsogiattila.hu\/index.php?rest_route=\/wp\/v2\/types\/post"}],"author":[{"embeddable":true,"href":"https:\/\/bozsogiattila.hu\/index.php?rest_route=\/wp\/v2\/users\/3"}],"replies":[{"embeddable":true,"href":"https:\/\/bozsogiattila.hu\/index.php?rest_route=%2Fwp%2Fv2%2Fcomments&post=906"}],"version-history":[{"count":1,"href":"https:\/\/bozsogiattila.hu\/index.php?rest_route=\/wp\/v2\/posts\/906\/revisions"}],"predecessor-version":[{"id":907,"href":"https:\/\/bozsogiattila.hu\/index.php?rest_route=\/wp\/v2\/posts\/906\/revisions\/907"}],"wp:attachment":[{"href":"https:\/\/bozsogiattila.hu\/index.php?rest_route=%2Fwp%2Fv2%2Fmedia&parent=906"}],"wp:term":[{"taxonomy":"category","embeddable":true,"href":"https:\/\/bozsogiattila.hu\/index.php?rest_route=%2Fwp%2Fv2%2Fcategories&post=906"},{"taxonomy":"post_tag","embeddable":true,"href":"https:\/\/bozsogiattila.hu\/index.php?rest_route=%2Fwp%2Fv2%2Ftags&post=906"}],"curies":[{"name":"wp","href":"https:\/\/api.w.org\/{rel}","templated":true}]}}