{"id":920,"date":"2017-12-11T14:26:00","date_gmt":"2017-12-11T14:26:00","guid":{"rendered":"https:\/\/bozsogiattila.hu\/?p=920"},"modified":"2024-01-09T20:38:41","modified_gmt":"2024-01-09T20:38:41","slug":"suvit-a-szel","status":"publish","type":"post","link":"https:\/\/bozsogiattila.hu\/?p=920","title":{"rendered":"S\u00dcV\u00cdT A SZ\u00c9L"},"content":{"rendered":"\n<p class=\"wp-block-paragraph\">S\u00dcV\u00cdT A SZ\u00c9L<\/p>\n\n\n\n<p class=\"wp-block-paragraph\">S\u00fcv\u00edt a sz\u00e9l, vagy t\u00e1n dalol,<br>Hol er\u0151sebb, ott meg tombol.<br>Az \u00e9jszak\u00e1t \u00e1trohanja,<br>Az erej\u00e9t fitogtatva.<\/p>\n\n\n\n<p class=\"wp-block-paragraph\">Hajnalt\u00e1jt ballagok haza,<br>Fal mellett kiss\u00e9 megb\u00fajva.<br>Nem hagy nyugtot ott se nekem,<br>Erej\u00e9t\u0151l megdermedem.<\/p>\n\n\n\n<p class=\"wp-block-paragraph\">A hideg csontomig hatol,<br>Megremegek a f\u00e1z\u00e1st\u00f3l.<br>Kik alszanak, m\u00e9g nem tudj\u00e1k,<br>Hogy reggel r\u00e1juk majd mi v\u00e1r?<\/p>\n\n\n\n<p class=\"wp-block-paragraph\">Egyre f\u00faj, t\u00e1n er\u0151s\u00f6dik,<br>Kegyetlen\u00fcl er\u0151lk\u00f6dik.<br>\u00dagy tesz, mintha p\u00e9nz\u00e9rt tenn\u00e9,<br>Vagy tud\u00e1s\u00e1t dobra vern\u00e9.<\/p>\n\n\n\n<p class=\"wp-block-paragraph\">Osonok n\u00e9ma l\u00e9ptekkel,<br>Versenyre kelek a sz\u00e9llel.<br>Orc\u00e1m piros, szememben k\u00f6nny,<br>Sz\u00f6rny\u0171 vihar, m\u00e1r nem k\u00f6z\u00f6ny.<\/p>\n\n\n\n<p class=\"wp-block-paragraph\">A f\u00e1kr\u00f3l m\u00e9g n\u00e9h\u00e1ny lev\u00e9l,<br>Vesztesen a f\u00f6ldre le\u00e9r.<br>Megpihenni ott sem tudnak,<br>Elsodr\u00f3dva tov\u00e1bb \u00e1llnak.<\/p>\n\n\n\n<p class=\"wp-block-paragraph\">Megmozdul az avar is lent,<br>Kavarogva, \u00fatnak ered.<br>A j\u00e1rd\u00e1kat betakarja,<br>Ez a viharnak az arca.<\/p>\n\n\n\n<p class=\"wp-block-paragraph\">Megyek gondok k\u00f6z\u00f6tt j\u00e1rva,<br>Sz\u00e9p \u00e9jszak\u00e1t h\u00e1tra hagyva.<br>Idekint egy m\u00e1s vil\u00e1g v\u00e1rt,<br>Ill\u00fazi\u00f3m elbor\u00edtv\u00e1n.<\/p>\n\n\n\n<p class=\"wp-block-paragraph\">Fa\u00e1gak hullnak a f\u00f6ldre,<br>Es\u00e9s\u00fckkel nagy zajt keltve.<br>N\u00e9hol meg tet\u0151cserepek,<br>\u00d6sszet\u00f6rve \u00fagy hevernek.<\/p>\n\n\n\n<p class=\"wp-block-paragraph\">Egy \u00f6reg k\u00e9m\u00e9ny feladta,<br>Led\u0151lt szeg\u00e9ny az ebadta.<br>Az \u00fattesten meg keresztben,<br>Egy v\u00e9n ny\u00e1rfa hevert csendben.<\/p>\n\n\n\n<p class=\"wp-block-paragraph\">Seg\u00edts\u00e9get kap a nagy sz\u00e9l,<br>Jeges es\u0151t\u0151l heveny\u00e9n.<br>A borzalmakat fokozza,<br>Red\u0151ny\u00f6k\u00f6n kopogtatva.<\/p>\n\n\n\n<p class=\"wp-block-paragraph\">Gall\u00e9romat felhajtottam,<br>Sapk\u00e1m homlokomra h\u00faztam.<br>L\u00e9pteimet meggyors\u00edtva,<br>Mentem m\u00e1r nem cs\u00e1mborogva.<\/p>\n\n\n\n<p class=\"wp-block-paragraph\">K\u00e9s\u0151n virrad, nagyon k\u00e9s\u0151n,<br>Az utc\u00e1n m\u00e9g senki nem j\u00f6n.<br>Csak megy k\u00f3bor kutya-, szalad,<br>J\u00f3 b\u00fav\u00f3hely ut\u00e1n kutat.<\/p>\n\n\n\n<p class=\"wp-block-paragraph\">\u0150 kiverve, \u00e9n meg \u00f6nk\u00e9nt,<br>Megy\u00fcnk mintegy \u00e1ldozatk\u00e9nt.<br>Daccolunk a term\u00e9szettel,<br>Az isteni \u0151ser\u0151vel.<\/p>\n\n\n\n<p class=\"wp-block-paragraph\">V\u00e9gre el\u00e9rtem otthonom,<br>\u00c1zva-f\u00e1zva megborzongom.<br>Ruh\u00e1im kiter\u00edtettem,<br>Az \u00e1gyamra lehevertem.<\/p>\n\n\n\n<p class=\"wp-block-paragraph\">M\u00e9g egyszer mindent \u00e1t\u00e9ltem,<br>Ami t\u00f6rt\u00e9nt \u00e9jid\u0151ben.<br>Csak \u00e9n gy\u0151ztem-, elk\u00f6nyveltem,<br>Nem b\u00e1ntam meg, hogy elmentem.<\/p>\n\n\n\n<p class=\"wp-block-paragraph\">Mak\u00f3, 2017-12-11<\/p>\n","protected":false},"excerpt":{"rendered":"<p>S\u00dcV\u00cdT A SZ\u00c9L S\u00fcv\u00edt a sz\u00e9l, vagy t\u00e1n dalol,Hol er\u0151sebb, ott meg tombol.Az \u00e9jszak\u00e1t \u00e1trohanja,Az erej\u00e9t fitogtatva. Hajnalt\u00e1jt ballagok haza,Fal mellett kiss\u00e9 megb\u00fajva.Nem hagy nyugtot ott se nekem,Erej\u00e9t\u0151l megdermedem. A hideg csontomig hatol,Megremegek a f\u00e1z\u00e1st\u00f3l.Kik alszanak, m\u00e9g nem tudj\u00e1k,Hogy reggel r\u00e1juk majd mi v\u00e1r? Egyre f\u00faj, t\u00e1n er\u0151s\u00f6dik,Kegyetlen\u00fcl er\u0151lk\u00f6dik.\u00dagy tesz, mintha p\u00e9nz\u00e9rt tenn\u00e9,Vagy tud\u00e1s\u00e1t dobra &#8230; <a title=\"S\u00dcV\u00cdT A SZ\u00c9L\" class=\"read-more\" href=\"https:\/\/bozsogiattila.hu\/?p=920\" aria-label=\"Tov\u00e1bbiak S\u00dcV\u00cdT A SZ\u00c9L\">Olvass tov\u00e1bb<\/a><\/p>\n","protected":false},"author":3,"featured_media":0,"comment_status":"closed","ping_status":"open","sticky":false,"template":"","format":"standard","meta":{"footnotes":""},"categories":[4],"tags":[313,12],"class_list":["post-920","post","type-post","status-publish","format-standard","hentry","category-versek","tag-313","tag-mako"],"yoast_head":"<!-- This site is optimized with the Yoast SEO plugin v21.8 - https:\/\/yoast.com\/wordpress\/plugins\/seo\/ -->\n<title>S\u00dcV\u00cdT A SZ\u00c9L - Bozsogi Attila<\/title>\n<meta name=\"robots\" content=\"index, follow, max-snippet:-1, max-image-preview:large, max-video-preview:-1\" \/>\n<link rel=\"canonical\" href=\"https:\/\/bozsogiattila.hu\/?p=920\" \/>\n<meta property=\"og:locale\" content=\"hu_HU\" \/>\n<meta property=\"og:type\" content=\"article\" \/>\n<meta property=\"og:title\" content=\"S\u00dcV\u00cdT A SZ\u00c9L - Bozsogi Attila\" \/>\n<meta property=\"og:description\" content=\"S\u00dcV\u00cdT A SZ\u00c9L S\u00fcv\u00edt a sz\u00e9l, vagy t\u00e1n dalol,Hol er\u0151sebb, ott meg tombol.Az \u00e9jszak\u00e1t \u00e1trohanja,Az erej\u00e9t fitogtatva. Hajnalt\u00e1jt ballagok haza,Fal mellett kiss\u00e9 megb\u00fajva.Nem hagy nyugtot ott se nekem,Erej\u00e9t\u0151l megdermedem. A hideg csontomig hatol,Megremegek a f\u00e1z\u00e1st\u00f3l.Kik alszanak, m\u00e9g nem tudj\u00e1k,Hogy reggel r\u00e1juk majd mi v\u00e1r? Egyre f\u00faj, t\u00e1n er\u0151s\u00f6dik,Kegyetlen\u00fcl er\u0151lk\u00f6dik.\u00dagy tesz, mintha p\u00e9nz\u00e9rt tenn\u00e9,Vagy tud\u00e1s\u00e1t dobra ... Olvass tov\u00e1bb\" \/>\n<meta property=\"og:url\" content=\"https:\/\/bozsogiattila.hu\/?p=920\" \/>\n<meta property=\"og:site_name\" content=\"Bozsogi Attila\" \/>\n<meta property=\"article:published_time\" content=\"2017-12-11T14:26:00+00:00\" \/>\n<meta property=\"article:modified_time\" content=\"2024-01-09T20:38:41+00:00\" \/>\n<meta name=\"author\" content=\"Bozsogi Attila\" \/>\n<meta name=\"twitter:card\" content=\"summary_large_image\" \/>\n<meta name=\"twitter:label1\" content=\"Szerz\u0151:\" \/>\n\t<meta name=\"twitter:data1\" content=\"Bozsogi Attila\" \/>\n\t<meta name=\"twitter:label2\" content=\"Becs\u00fclt olvas\u00e1si id\u0151\" \/>\n\t<meta name=\"twitter:data2\" content=\"2 perc\" \/>\n<script type=\"application\/ld+json\" class=\"yoast-schema-graph\">{\"@context\":\"https:\/\/schema.org\",\"@graph\":[{\"@type\":\"WebPage\",\"@id\":\"https:\/\/bozsogiattila.hu\/?p=920\",\"url\":\"https:\/\/bozsogiattila.hu\/?p=920\",\"name\":\"S\u00dcV\u00cdT A SZ\u00c9L - Bozsogi Attila\",\"isPartOf\":{\"@id\":\"https:\/\/bozsogiattila.hu\/#website\"},\"datePublished\":\"2017-12-11T14:26:00+00:00\",\"dateModified\":\"2024-01-09T20:38:41+00:00\",\"author\":{\"@id\":\"https:\/\/bozsogiattila.hu\/#\/schema\/person\/488c99f554a8c4039201260dd5eb795e\"},\"breadcrumb\":{\"@id\":\"https:\/\/bozsogiattila.hu\/?p=920#breadcrumb\"},\"inLanguage\":\"hu\",\"potentialAction\":[{\"@type\":\"ReadAction\",\"target\":[\"https:\/\/bozsogiattila.hu\/?p=920\"]}]},{\"@type\":\"BreadcrumbList\",\"@id\":\"https:\/\/bozsogiattila.hu\/?p=920#breadcrumb\",\"itemListElement\":[{\"@type\":\"ListItem\",\"position\":1,\"name\":\"Kezd\u0151lap\",\"item\":\"https:\/\/bozsogiattila.hu\/\"},{\"@type\":\"ListItem\",\"position\":2,\"name\":\"S\u00dcV\u00cdT A SZ\u00c9L\"}]},{\"@type\":\"WebSite\",\"@id\":\"https:\/\/bozsogiattila.hu\/#website\",\"url\":\"https:\/\/bozsogiattila.hu\/\",\"name\":\"Bozsogi Attila\",\"description\":\"a zen\u00e9sz, \u00edr\u00f3 munk\u00e1ss\u00e1g\u00e1nak \u00e9s a mak\u00f3i muzsikusok eml\u00e9k\u00e9t \u0151rz\u0151 oldal\",\"potentialAction\":[{\"@type\":\"SearchAction\",\"target\":{\"@type\":\"EntryPoint\",\"urlTemplate\":\"https:\/\/bozsogiattila.hu\/?s={search_term_string}\"},\"query-input\":\"required name=search_term_string\"}],\"inLanguage\":\"hu\"},{\"@type\":\"Person\",\"@id\":\"https:\/\/bozsogiattila.hu\/#\/schema\/person\/488c99f554a8c4039201260dd5eb795e\",\"name\":\"Bozsogi Attila\",\"image\":{\"@type\":\"ImageObject\",\"inLanguage\":\"hu\",\"@id\":\"https:\/\/bozsogiattila.hu\/#\/schema\/person\/image\/\",\"url\":\"https:\/\/secure.gravatar.com\/avatar\/7da6b5985e34ed798d1670c54ce7d20e6a53b800bb0c07945c64b09392f3dbfd?s=96&d=mm&r=g\",\"contentUrl\":\"https:\/\/secure.gravatar.com\/avatar\/7da6b5985e34ed798d1670c54ce7d20e6a53b800bb0c07945c64b09392f3dbfd?s=96&d=mm&r=g\",\"caption\":\"Bozsogi Attila\"},\"sameAs\":[\"http:\/\/www.boszogiattila.hu\"],\"url\":\"https:\/\/bozsogiattila.hu\/?author=3\"}]}<\/script>\n<!-- \/ Yoast SEO plugin. -->","yoast_head_json":{"title":"S\u00dcV\u00cdT A SZ\u00c9L - Bozsogi Attila","robots":{"index":"index","follow":"follow","max-snippet":"max-snippet:-1","max-image-preview":"max-image-preview:large","max-video-preview":"max-video-preview:-1"},"canonical":"https:\/\/bozsogiattila.hu\/?p=920","og_locale":"hu_HU","og_type":"article","og_title":"S\u00dcV\u00cdT A SZ\u00c9L - Bozsogi Attila","og_description":"S\u00dcV\u00cdT A SZ\u00c9L S\u00fcv\u00edt a sz\u00e9l, vagy t\u00e1n dalol,Hol er\u0151sebb, ott meg tombol.Az \u00e9jszak\u00e1t \u00e1trohanja,Az erej\u00e9t fitogtatva. Hajnalt\u00e1jt ballagok haza,Fal mellett kiss\u00e9 megb\u00fajva.Nem hagy nyugtot ott se nekem,Erej\u00e9t\u0151l megdermedem. A hideg csontomig hatol,Megremegek a f\u00e1z\u00e1st\u00f3l.Kik alszanak, m\u00e9g nem tudj\u00e1k,Hogy reggel r\u00e1juk majd mi v\u00e1r? Egyre f\u00faj, t\u00e1n er\u0151s\u00f6dik,Kegyetlen\u00fcl er\u0151lk\u00f6dik.\u00dagy tesz, mintha p\u00e9nz\u00e9rt tenn\u00e9,Vagy tud\u00e1s\u00e1t dobra ... Olvass tov\u00e1bb","og_url":"https:\/\/bozsogiattila.hu\/?p=920","og_site_name":"Bozsogi Attila","article_published_time":"2017-12-11T14:26:00+00:00","article_modified_time":"2024-01-09T20:38:41+00:00","author":"Bozsogi Attila","twitter_card":"summary_large_image","twitter_misc":{"Szerz\u0151:":"Bozsogi Attila","Becs\u00fclt olvas\u00e1si id\u0151":"2 perc"},"schema":{"@context":"https:\/\/schema.org","@graph":[{"@type":"WebPage","@id":"https:\/\/bozsogiattila.hu\/?p=920","url":"https:\/\/bozsogiattila.hu\/?p=920","name":"S\u00dcV\u00cdT A SZ\u00c9L - Bozsogi Attila","isPartOf":{"@id":"https:\/\/bozsogiattila.hu\/#website"},"datePublished":"2017-12-11T14:26:00+00:00","dateModified":"2024-01-09T20:38:41+00:00","author":{"@id":"https:\/\/bozsogiattila.hu\/#\/schema\/person\/488c99f554a8c4039201260dd5eb795e"},"breadcrumb":{"@id":"https:\/\/bozsogiattila.hu\/?p=920#breadcrumb"},"inLanguage":"hu","potentialAction":[{"@type":"ReadAction","target":["https:\/\/bozsogiattila.hu\/?p=920"]}]},{"@type":"BreadcrumbList","@id":"https:\/\/bozsogiattila.hu\/?p=920#breadcrumb","itemListElement":[{"@type":"ListItem","position":1,"name":"Kezd\u0151lap","item":"https:\/\/bozsogiattila.hu\/"},{"@type":"ListItem","position":2,"name":"S\u00dcV\u00cdT A SZ\u00c9L"}]},{"@type":"WebSite","@id":"https:\/\/bozsogiattila.hu\/#website","url":"https:\/\/bozsogiattila.hu\/","name":"Bozsogi Attila","description":"a zen\u00e9sz, \u00edr\u00f3 munk\u00e1ss\u00e1g\u00e1nak \u00e9s a mak\u00f3i muzsikusok eml\u00e9k\u00e9t \u0151rz\u0151 oldal","potentialAction":[{"@type":"SearchAction","target":{"@type":"EntryPoint","urlTemplate":"https:\/\/bozsogiattila.hu\/?s={search_term_string}"},"query-input":"required name=search_term_string"}],"inLanguage":"hu"},{"@type":"Person","@id":"https:\/\/bozsogiattila.hu\/#\/schema\/person\/488c99f554a8c4039201260dd5eb795e","name":"Bozsogi Attila","image":{"@type":"ImageObject","inLanguage":"hu","@id":"https:\/\/bozsogiattila.hu\/#\/schema\/person\/image\/","url":"https:\/\/secure.gravatar.com\/avatar\/7da6b5985e34ed798d1670c54ce7d20e6a53b800bb0c07945c64b09392f3dbfd?s=96&d=mm&r=g","contentUrl":"https:\/\/secure.gravatar.com\/avatar\/7da6b5985e34ed798d1670c54ce7d20e6a53b800bb0c07945c64b09392f3dbfd?s=96&d=mm&r=g","caption":"Bozsogi Attila"},"sameAs":["http:\/\/www.boszogiattila.hu"],"url":"https:\/\/bozsogiattila.hu\/?author=3"}]}},"jetpack_featured_media_url":"","_links":{"self":[{"href":"https:\/\/bozsogiattila.hu\/index.php?rest_route=\/wp\/v2\/posts\/920","targetHints":{"allow":["GET"]}}],"collection":[{"href":"https:\/\/bozsogiattila.hu\/index.php?rest_route=\/wp\/v2\/posts"}],"about":[{"href":"https:\/\/bozsogiattila.hu\/index.php?rest_route=\/wp\/v2\/types\/post"}],"author":[{"embeddable":true,"href":"https:\/\/bozsogiattila.hu\/index.php?rest_route=\/wp\/v2\/users\/3"}],"replies":[{"embeddable":true,"href":"https:\/\/bozsogiattila.hu\/index.php?rest_route=%2Fwp%2Fv2%2Fcomments&post=920"}],"version-history":[{"count":1,"href":"https:\/\/bozsogiattila.hu\/index.php?rest_route=\/wp\/v2\/posts\/920\/revisions"}],"predecessor-version":[{"id":921,"href":"https:\/\/bozsogiattila.hu\/index.php?rest_route=\/wp\/v2\/posts\/920\/revisions\/921"}],"wp:attachment":[{"href":"https:\/\/bozsogiattila.hu\/index.php?rest_route=%2Fwp%2Fv2%2Fmedia&parent=920"}],"wp:term":[{"taxonomy":"category","embeddable":true,"href":"https:\/\/bozsogiattila.hu\/index.php?rest_route=%2Fwp%2Fv2%2Fcategories&post=920"},{"taxonomy":"post_tag","embeddable":true,"href":"https:\/\/bozsogiattila.hu\/index.php?rest_route=%2Fwp%2Fv2%2Ftags&post=920"}],"curies":[{"name":"wp","href":"https:\/\/api.w.org\/{rel}","templated":true}]}}