{"id":930,"date":"2017-12-06T14:33:00","date_gmt":"2017-12-06T14:33:00","guid":{"rendered":"https:\/\/bozsogiattila.hu\/?p=930"},"modified":"2024-01-08T14:33:57","modified_gmt":"2024-01-08T14:33:57","slug":"vicc-vagy-trefa","status":"publish","type":"post","link":"https:\/\/bozsogiattila.hu\/?p=930","title":{"rendered":"VICC VAGY TR\u00c9FA"},"content":{"rendered":"\n<p class=\"wp-block-paragraph\">VICC VAGY TR\u00c9FA<\/p>\n\n\n\n<p class=\"wp-block-paragraph\">Vicc vagy tr\u00e9fa az \u00e9letem?<br>Nem siker\u00fclt megfejtenem!<br>Komoly vagyok-, viccel\u0151d\u00f6m,<br>Mindenf\u00e9l\u00e9vel t\u00f6r\u0151d\u00f6m.<\/p>\n\n\n\n<p class=\"wp-block-paragraph\">\u00c9lcel\u0151d\u00e9s ter\u00fcletem,<br>Magam el\u0151tt hasra esem.<br>M\u00e1sok po\u00e9nj\u00e1t nevetem,<br>Saj\u00e1tomat er\u0151ltetem.<\/p>\n\n\n\n<p class=\"wp-block-paragraph\">T\u00e1rsas\u00e1g a kedvenc helyem,<br>Ott magam nagyon j\u00f3l \u00e9rzem.<br>Vel\u00fck utazom a m\u00e1ba\u2019,<br>N\u00e9ha felharsan hahota.<\/p>\n\n\n\n<p class=\"wp-block-paragraph\">Elhangzanak t\u00f6rt\u00e9netek,<br>Mindegyikre felfigyelek.<br>Igaz, vagy vicc, net\u00e1n tr\u00e9fa,<br>Bar\u00e1taim aj\u00e1nd\u00e9ka.<\/p>\n\n\n\n<p class=\"wp-block-paragraph\">B\u00f6lcselked\u00fcnk okoskodva,<br>\u00d3vatosan nem kapkodva.<br>N\u00e9ha \u00farr\u00e1 lesz a pletyka,<br>P\u00e1lc\u00e1t t\u00f6rve, v\u00e1daskodva.<\/p>\n\n\n\n<p class=\"wp-block-paragraph\">Politika sokszor t\u00e9ma,<br>Besz\u00e9lget\u00fcnk h\u00e1borogva.<br>Felcsillan egyik\u00fcnk szeme,<br>Ez az \u00e9ltet\u0151 eleme.<\/p>\n\n\n\n<p class=\"wp-block-paragraph\">A Fideszt \u0151 ostorozza,<br>Baloldalon sz\u00e1nakozva.<br>\u00c1tveszi azonnal a sz\u00f3t,<br>A D\u00e9k\u00e1r\u00f3l mond sz\u00e9pet, j\u00f3t.<\/p>\n\n\n\n<p class=\"wp-block-paragraph\">Ebb\u0151l vita kerekedik,<br>Mely, majdnem elveszi eszit.<br>Hadon\u00e1szik hangos sz\u00f3val,<br>Szeme szikr\u00e1t sz\u00f3r el\u00e1nnal.<\/p>\n\n\n\n<p class=\"wp-block-paragraph\">Belef\u00e1rad \u00e9s feladja,<br>Megmarad a bar\u00e1ts\u00e1ga.<br>De, ha elmegy, j\u00f3t nevet\u00fcnk,<br>Bosszantva volt nagy siker\u00fcnk.<\/p>\n\n\n\n<p class=\"wp-block-paragraph\">Visszat\u00e9r\u00fcnk a val\u00f3ba,<br>K\u00e9sz r\u00f6hej a politika.<br>Elk\u00f6nyvelj\u00fck ezt magunknak,<br>A ked\u00e9lyek megnyugszanak.<\/p>\n\n\n\n<p class=\"wp-block-paragraph\">Sz\u00fcletnek \u00faj t\u00f6rt\u00e9netek,<br>Gyarl\u00f3k vagyunk mi emberek.<br>Sz\u00e9ps\u00e9ghib\u00e1t felnagy\u00edtjuk,<br>Ezen azt\u00e1n j\u00f3l mulatunk.<\/p>\n\n\n\n<p class=\"wp-block-paragraph\">\u00c1lmodozunk szebb j\u00f6v\u0151r\u0151l,<br>Igazs\u00e1gr\u00f3l, becs\u00fcletr\u0151l.<br>Kuri\u00f3zum lett ez m\u00e1ra,<br>Ez igazs\u00e1g, \u00e9s nem tr\u00e9fa.<\/p>\n\n\n\n<p class=\"wp-block-paragraph\">Lopnak, csalnak, kik tehetik,<br>Egym\u00e1st ebben t\u00e1n seg\u00edtik.<br>Ez lesz az \u00faj t\u00e9ma k\u00f6zt\u00fcnk,<br>Pesszimist\u00e1n \u00fagy nevet\u00fcnk.<\/p>\n\n\n\n<p class=\"wp-block-paragraph\">Mindez kavarog \u00e9nemben,<br>Szabadulni igyekezem.<br>A sorsom vesz \u00fcld\u00f6z\u0151be,<br>\u00c1lmomban is felkeresve.<\/p>\n\n\n\n<p class=\"wp-block-paragraph\">Hogyha alszom, \u00e1lom kerget,<br>Mikor m\u00e1shol fel\u00e9bredek.<br>Akkor azt\u00e1n elm\u00e9lkedem,<br>Mily j\u00f3 nekem, fejtegetem.<\/p>\n\n\n\n<p class=\"wp-block-paragraph\">Gondolatom sz\u00f6v\u00f6getem,<br>Val\u00f3s\u00e1got elk\u00f6nyvelem.<br>Ez nem vicc ez komoly dolog.<br>Otthon m\u00e1sr\u00f3l \u00e1lmodozok.<\/p>\n\n\n\n<p class=\"wp-block-paragraph\">Mak\u00f3, 2017-12-06<\/p>\n","protected":false},"excerpt":{"rendered":"<p>VICC VAGY TR\u00c9FA Vicc vagy tr\u00e9fa az \u00e9letem?Nem siker\u00fclt megfejtenem!Komoly vagyok-, viccel\u0151d\u00f6m,Mindenf\u00e9l\u00e9vel t\u00f6r\u0151d\u00f6m. \u00c9lcel\u0151d\u00e9s ter\u00fcletem,Magam el\u0151tt hasra esem.M\u00e1sok po\u00e9nj\u00e1t nevetem,Saj\u00e1tomat er\u0151ltetem. T\u00e1rsas\u00e1g a kedvenc helyem,Ott magam nagyon j\u00f3l \u00e9rzem.Vel\u00fck utazom a m\u00e1ba\u2019,N\u00e9ha felharsan hahota. Elhangzanak t\u00f6rt\u00e9netek,Mindegyikre felfigyelek.Igaz, vagy vicc, net\u00e1n tr\u00e9fa,Bar\u00e1taim aj\u00e1nd\u00e9ka. B\u00f6lcselked\u00fcnk okoskodva,\u00d3vatosan nem kapkodva.N\u00e9ha \u00farr\u00e1 lesz a pletyka,P\u00e1lc\u00e1t t\u00f6rve, v\u00e1daskodva. Politika sokszor t\u00e9ma,Besz\u00e9lget\u00fcnk &#8230; <a title=\"VICC VAGY TR\u00c9FA\" class=\"read-more\" href=\"https:\/\/bozsogiattila.hu\/?p=930\" aria-label=\"Tov\u00e1bbiak VICC VAGY TR\u00c9FA\">Olvass tov\u00e1bb<\/a><\/p>\n","protected":false},"author":3,"featured_media":0,"comment_status":"closed","ping_status":"open","sticky":false,"template":"","format":"standard","meta":{"footnotes":""},"categories":[4],"tags":[313,12],"class_list":["post-930","post","type-post","status-publish","format-standard","hentry","category-versek","tag-313","tag-mako"],"yoast_head":"<!-- This site is optimized with the Yoast SEO plugin v21.8 - https:\/\/yoast.com\/wordpress\/plugins\/seo\/ -->\n<title>VICC VAGY TR\u00c9FA - Bozsogi Attila<\/title>\n<meta name=\"robots\" content=\"index, follow, max-snippet:-1, max-image-preview:large, max-video-preview:-1\" \/>\n<link rel=\"canonical\" href=\"https:\/\/bozsogiattila.hu\/?p=930\" \/>\n<meta property=\"og:locale\" content=\"hu_HU\" \/>\n<meta property=\"og:type\" content=\"article\" \/>\n<meta property=\"og:title\" content=\"VICC VAGY TR\u00c9FA - Bozsogi Attila\" \/>\n<meta property=\"og:description\" content=\"VICC VAGY TR\u00c9FA Vicc vagy tr\u00e9fa az \u00e9letem?Nem siker\u00fclt megfejtenem!Komoly vagyok-, viccel\u0151d\u00f6m,Mindenf\u00e9l\u00e9vel t\u00f6r\u0151d\u00f6m. \u00c9lcel\u0151d\u00e9s ter\u00fcletem,Magam el\u0151tt hasra esem.M\u00e1sok po\u00e9nj\u00e1t nevetem,Saj\u00e1tomat er\u0151ltetem. T\u00e1rsas\u00e1g a kedvenc helyem,Ott magam nagyon j\u00f3l \u00e9rzem.Vel\u00fck utazom a m\u00e1ba\u2019,N\u00e9ha felharsan hahota. Elhangzanak t\u00f6rt\u00e9netek,Mindegyikre felfigyelek.Igaz, vagy vicc, net\u00e1n tr\u00e9fa,Bar\u00e1taim aj\u00e1nd\u00e9ka. B\u00f6lcselked\u00fcnk okoskodva,\u00d3vatosan nem kapkodva.N\u00e9ha \u00farr\u00e1 lesz a pletyka,P\u00e1lc\u00e1t t\u00f6rve, v\u00e1daskodva. Politika sokszor t\u00e9ma,Besz\u00e9lget\u00fcnk ... Olvass tov\u00e1bb\" \/>\n<meta property=\"og:url\" content=\"https:\/\/bozsogiattila.hu\/?p=930\" \/>\n<meta property=\"og:site_name\" content=\"Bozsogi Attila\" \/>\n<meta property=\"article:published_time\" content=\"2017-12-06T14:33:00+00:00\" \/>\n<meta property=\"article:modified_time\" content=\"2024-01-08T14:33:57+00:00\" \/>\n<meta name=\"author\" content=\"Bozsogi Attila\" \/>\n<meta name=\"twitter:card\" content=\"summary_large_image\" \/>\n<meta name=\"twitter:label1\" content=\"Szerz\u0151:\" \/>\n\t<meta name=\"twitter:data1\" content=\"Bozsogi Attila\" \/>\n\t<meta name=\"twitter:label2\" content=\"Becs\u00fclt olvas\u00e1si id\u0151\" \/>\n\t<meta name=\"twitter:data2\" content=\"2 perc\" \/>\n<script type=\"application\/ld+json\" class=\"yoast-schema-graph\">{\"@context\":\"https:\/\/schema.org\",\"@graph\":[{\"@type\":\"WebPage\",\"@id\":\"https:\/\/bozsogiattila.hu\/?p=930\",\"url\":\"https:\/\/bozsogiattila.hu\/?p=930\",\"name\":\"VICC VAGY TR\u00c9FA - Bozsogi Attila\",\"isPartOf\":{\"@id\":\"https:\/\/bozsogiattila.hu\/#website\"},\"datePublished\":\"2017-12-06T14:33:00+00:00\",\"dateModified\":\"2024-01-08T14:33:57+00:00\",\"author\":{\"@id\":\"https:\/\/bozsogiattila.hu\/#\/schema\/person\/488c99f554a8c4039201260dd5eb795e\"},\"breadcrumb\":{\"@id\":\"https:\/\/bozsogiattila.hu\/?p=930#breadcrumb\"},\"inLanguage\":\"hu\",\"potentialAction\":[{\"@type\":\"ReadAction\",\"target\":[\"https:\/\/bozsogiattila.hu\/?p=930\"]}]},{\"@type\":\"BreadcrumbList\",\"@id\":\"https:\/\/bozsogiattila.hu\/?p=930#breadcrumb\",\"itemListElement\":[{\"@type\":\"ListItem\",\"position\":1,\"name\":\"Kezd\u0151lap\",\"item\":\"https:\/\/bozsogiattila.hu\/\"},{\"@type\":\"ListItem\",\"position\":2,\"name\":\"VICC VAGY TR\u00c9FA\"}]},{\"@type\":\"WebSite\",\"@id\":\"https:\/\/bozsogiattila.hu\/#website\",\"url\":\"https:\/\/bozsogiattila.hu\/\",\"name\":\"Bozsogi Attila\",\"description\":\"a zen\u00e9sz, \u00edr\u00f3 munk\u00e1ss\u00e1g\u00e1nak \u00e9s a mak\u00f3i muzsikusok eml\u00e9k\u00e9t \u0151rz\u0151 oldal\",\"potentialAction\":[{\"@type\":\"SearchAction\",\"target\":{\"@type\":\"EntryPoint\",\"urlTemplate\":\"https:\/\/bozsogiattila.hu\/?s={search_term_string}\"},\"query-input\":\"required name=search_term_string\"}],\"inLanguage\":\"hu\"},{\"@type\":\"Person\",\"@id\":\"https:\/\/bozsogiattila.hu\/#\/schema\/person\/488c99f554a8c4039201260dd5eb795e\",\"name\":\"Bozsogi Attila\",\"image\":{\"@type\":\"ImageObject\",\"inLanguage\":\"hu\",\"@id\":\"https:\/\/bozsogiattila.hu\/#\/schema\/person\/image\/\",\"url\":\"https:\/\/secure.gravatar.com\/avatar\/7da6b5985e34ed798d1670c54ce7d20e6a53b800bb0c07945c64b09392f3dbfd?s=96&d=mm&r=g\",\"contentUrl\":\"https:\/\/secure.gravatar.com\/avatar\/7da6b5985e34ed798d1670c54ce7d20e6a53b800bb0c07945c64b09392f3dbfd?s=96&d=mm&r=g\",\"caption\":\"Bozsogi Attila\"},\"sameAs\":[\"http:\/\/www.boszogiattila.hu\"],\"url\":\"https:\/\/bozsogiattila.hu\/?author=3\"}]}<\/script>\n<!-- \/ Yoast SEO plugin. -->","yoast_head_json":{"title":"VICC VAGY TR\u00c9FA - Bozsogi Attila","robots":{"index":"index","follow":"follow","max-snippet":"max-snippet:-1","max-image-preview":"max-image-preview:large","max-video-preview":"max-video-preview:-1"},"canonical":"https:\/\/bozsogiattila.hu\/?p=930","og_locale":"hu_HU","og_type":"article","og_title":"VICC VAGY TR\u00c9FA - Bozsogi Attila","og_description":"VICC VAGY TR\u00c9FA Vicc vagy tr\u00e9fa az \u00e9letem?Nem siker\u00fclt megfejtenem!Komoly vagyok-, viccel\u0151d\u00f6m,Mindenf\u00e9l\u00e9vel t\u00f6r\u0151d\u00f6m. \u00c9lcel\u0151d\u00e9s ter\u00fcletem,Magam el\u0151tt hasra esem.M\u00e1sok po\u00e9nj\u00e1t nevetem,Saj\u00e1tomat er\u0151ltetem. T\u00e1rsas\u00e1g a kedvenc helyem,Ott magam nagyon j\u00f3l \u00e9rzem.Vel\u00fck utazom a m\u00e1ba\u2019,N\u00e9ha felharsan hahota. Elhangzanak t\u00f6rt\u00e9netek,Mindegyikre felfigyelek.Igaz, vagy vicc, net\u00e1n tr\u00e9fa,Bar\u00e1taim aj\u00e1nd\u00e9ka. B\u00f6lcselked\u00fcnk okoskodva,\u00d3vatosan nem kapkodva.N\u00e9ha \u00farr\u00e1 lesz a pletyka,P\u00e1lc\u00e1t t\u00f6rve, v\u00e1daskodva. Politika sokszor t\u00e9ma,Besz\u00e9lget\u00fcnk ... Olvass tov\u00e1bb","og_url":"https:\/\/bozsogiattila.hu\/?p=930","og_site_name":"Bozsogi Attila","article_published_time":"2017-12-06T14:33:00+00:00","article_modified_time":"2024-01-08T14:33:57+00:00","author":"Bozsogi Attila","twitter_card":"summary_large_image","twitter_misc":{"Szerz\u0151:":"Bozsogi Attila","Becs\u00fclt olvas\u00e1si id\u0151":"2 perc"},"schema":{"@context":"https:\/\/schema.org","@graph":[{"@type":"WebPage","@id":"https:\/\/bozsogiattila.hu\/?p=930","url":"https:\/\/bozsogiattila.hu\/?p=930","name":"VICC VAGY TR\u00c9FA - Bozsogi Attila","isPartOf":{"@id":"https:\/\/bozsogiattila.hu\/#website"},"datePublished":"2017-12-06T14:33:00+00:00","dateModified":"2024-01-08T14:33:57+00:00","author":{"@id":"https:\/\/bozsogiattila.hu\/#\/schema\/person\/488c99f554a8c4039201260dd5eb795e"},"breadcrumb":{"@id":"https:\/\/bozsogiattila.hu\/?p=930#breadcrumb"},"inLanguage":"hu","potentialAction":[{"@type":"ReadAction","target":["https:\/\/bozsogiattila.hu\/?p=930"]}]},{"@type":"BreadcrumbList","@id":"https:\/\/bozsogiattila.hu\/?p=930#breadcrumb","itemListElement":[{"@type":"ListItem","position":1,"name":"Kezd\u0151lap","item":"https:\/\/bozsogiattila.hu\/"},{"@type":"ListItem","position":2,"name":"VICC VAGY TR\u00c9FA"}]},{"@type":"WebSite","@id":"https:\/\/bozsogiattila.hu\/#website","url":"https:\/\/bozsogiattila.hu\/","name":"Bozsogi Attila","description":"a zen\u00e9sz, \u00edr\u00f3 munk\u00e1ss\u00e1g\u00e1nak \u00e9s a mak\u00f3i muzsikusok eml\u00e9k\u00e9t \u0151rz\u0151 oldal","potentialAction":[{"@type":"SearchAction","target":{"@type":"EntryPoint","urlTemplate":"https:\/\/bozsogiattila.hu\/?s={search_term_string}"},"query-input":"required name=search_term_string"}],"inLanguage":"hu"},{"@type":"Person","@id":"https:\/\/bozsogiattila.hu\/#\/schema\/person\/488c99f554a8c4039201260dd5eb795e","name":"Bozsogi Attila","image":{"@type":"ImageObject","inLanguage":"hu","@id":"https:\/\/bozsogiattila.hu\/#\/schema\/person\/image\/","url":"https:\/\/secure.gravatar.com\/avatar\/7da6b5985e34ed798d1670c54ce7d20e6a53b800bb0c07945c64b09392f3dbfd?s=96&d=mm&r=g","contentUrl":"https:\/\/secure.gravatar.com\/avatar\/7da6b5985e34ed798d1670c54ce7d20e6a53b800bb0c07945c64b09392f3dbfd?s=96&d=mm&r=g","caption":"Bozsogi Attila"},"sameAs":["http:\/\/www.boszogiattila.hu"],"url":"https:\/\/bozsogiattila.hu\/?author=3"}]}},"jetpack_featured_media_url":"","_links":{"self":[{"href":"https:\/\/bozsogiattila.hu\/index.php?rest_route=\/wp\/v2\/posts\/930","targetHints":{"allow":["GET"]}}],"collection":[{"href":"https:\/\/bozsogiattila.hu\/index.php?rest_route=\/wp\/v2\/posts"}],"about":[{"href":"https:\/\/bozsogiattila.hu\/index.php?rest_route=\/wp\/v2\/types\/post"}],"author":[{"embeddable":true,"href":"https:\/\/bozsogiattila.hu\/index.php?rest_route=\/wp\/v2\/users\/3"}],"replies":[{"embeddable":true,"href":"https:\/\/bozsogiattila.hu\/index.php?rest_route=%2Fwp%2Fv2%2Fcomments&post=930"}],"version-history":[{"count":1,"href":"https:\/\/bozsogiattila.hu\/index.php?rest_route=\/wp\/v2\/posts\/930\/revisions"}],"predecessor-version":[{"id":931,"href":"https:\/\/bozsogiattila.hu\/index.php?rest_route=\/wp\/v2\/posts\/930\/revisions\/931"}],"wp:attachment":[{"href":"https:\/\/bozsogiattila.hu\/index.php?rest_route=%2Fwp%2Fv2%2Fmedia&parent=930"}],"wp:term":[{"taxonomy":"category","embeddable":true,"href":"https:\/\/bozsogiattila.hu\/index.php?rest_route=%2Fwp%2Fv2%2Fcategories&post=930"},{"taxonomy":"post_tag","embeddable":true,"href":"https:\/\/bozsogiattila.hu\/index.php?rest_route=%2Fwp%2Fv2%2Ftags&post=930"}],"curies":[{"name":"wp","href":"https:\/\/api.w.org\/{rel}","templated":true}]}}