{"id":938,"date":"2017-07-05T14:40:00","date_gmt":"2017-07-05T14:40:00","guid":{"rendered":"https:\/\/bozsogiattila.hu\/?p=938"},"modified":"2024-01-08T14:41:23","modified_gmt":"2024-01-08T14:41:23","slug":"a-legelso-talalkozas","status":"publish","type":"post","link":"https:\/\/bozsogiattila.hu\/?p=938","title":{"rendered":"A LEGELS\u0150 TAL\u00c1LKOZ\u00c1S"},"content":{"rendered":"\n<p class=\"wp-block-paragraph\">A LEGELS\u0150 TAL\u00c1LKOZ\u00c1S<\/p>\n\n\n\n<p class=\"wp-block-paragraph\">A legels\u0151 tal\u00e1lkoz\u00e1s,<br>Sokszor mindent \u00f6sszekusz\u00e1l.<br>Ismerked\u00e9s, \u00fatkeres\u00e9s,<br>Az \u00faj \u00faton elt\u00e9ved\u00e9s.<\/p>\n\n\n\n<p class=\"wp-block-paragraph\">Gondolatok ott meg\u00e1llnak,<br>Helyben j\u00e1rva hezit\u00e1lnak.<br>R\u00e9git az \u00fajjal keverve,<br>Az \u00fajnak az el\u0151ny\u00e9re.<\/p>\n\n\n\n<p class=\"wp-block-paragraph\">Titkon \u00e9rzik, mi hib\u00e1zik,<br>Hogy a v\u00e1gyuk m\u00e1s fel\u00e9 nyit.<br>Tudj\u00e1k vissza k\u00e9ne l\u00e9pni,<br>Nincs erej\u00fck azt megtenni.<\/p>\n\n\n\n<p class=\"wp-block-paragraph\">\u00cdg\u00e9retes sz\u00e9p szavaknak,<br>Ellen\u00e1llni azt nem tudnak.<br>R\u00e9gi megszok\u00e1snak t\u00e9nye,<br>Halv\u00e1nyabb lesz-, annak f\u00e9nye.<\/p>\n\n\n\n<p class=\"wp-block-paragraph\">P\u00e1r sz\u00e1l vir\u00e1g b\u00edztat\u00e1sa,<br>A h\u00f6lgyeknek h\u00f3d\u00edt\u00f3ja.<br>Megdobban att\u00f3l a sz\u00edv\u00fck,<br>\u00c9szrev\u00e9tlen repdes lelk\u00fck.<\/p>\n\n\n\n<p class=\"wp-block-paragraph\">El\u0151sz\u00f6r ez mind benne van,<br>A legels\u0151 tal\u00e1lk\u00e1ban.<br>Alapja az a j\u00f6v\u0151nek,<br>Felel\u0151tlen l\u00e9p\u00e9seknek.<\/p>\n\n\n\n<p class=\"wp-block-paragraph\">A m\u00e1sodik tal\u00e1lkoz\u00e1s,<br>M\u00e1r randev\u00fa nem pedig m\u00e1s.<br>El\u0151re az megbesz\u00e9lve,<br>Gondosan ki is tervelve.<\/p>\n\n\n\n<p class=\"wp-block-paragraph\">Megcsal\u00e1s az itt kezd\u0151dik,<br>Ami k\u00e9s\u0151bb folytat\u00f3dik.<br>Cserej\u00e1t\u00e9kos ott \u0151 lesz,<br>Ki nem hib\u00e1s, \u00e9s nem v\u00e9tkes.<\/p>\n\n\n\n<p class=\"wp-block-paragraph\">\u00c9rdemli, vagy nem \u00e9rdemli,<br>Nem \u00e9rdemes azt firtatni.<br>Az \u00f6szt\u00f6nnek nincsen g\u00e1tja,<br>A hev\u00fclet \u00fagy dikt\u00e1lja.<\/p>\n\n\n\n<p class=\"wp-block-paragraph\">A harmadik tal\u00e1lkoz\u00e1s,<br>Az m\u00e1r viszony, sokszor csod\u00e1s.<br>\u00dasznak ekkor m\u00e1r az \u00e1rral,<br>A h\u0151n titkolt boldogs\u00e1ggal.<\/p>\n\n\n\n<p class=\"wp-block-paragraph\">A megcsal\u00e1snak gy\u00fcm\u00f6lcse,<br>P\u00e1sztor\u00f3r\u00e1k \u00e9lvezete.<br>Sutba vetve van a r\u00e9gm\u00falt,<br>Ami szint\u00e9n t\u00e1n \u00fagy indult.<\/p>\n\n\n\n<p class=\"wp-block-paragraph\">A h\u00far ilyenkor szakad el,<br>\u00d6sszek\u00f6tni azt nem lehet.<br>Mert ha egyszer azt megteszed,<br>Hangja sz\u00e9p m\u00e1r sohasem lesz.<\/p>\n\n\n\n<p class=\"wp-block-paragraph\">A visz\u00e1ly mindig megmarad,<br>Elrejti, tagadja szavad.<br>Hogy kinek f\u00e1j egy\u00e9rtelm\u0171,<br>Sosem annak, ki k\u00f6nnyelm\u0171.<\/p>\n\n\n\n<p class=\"wp-block-paragraph\">Istennek az aj\u00e1nd\u00e9ka,<br>Egykor a paradicsomba.<br>\u00d6r\u00f6k \u00c9va cs\u00e1b\u00edt\u00e1sa,<br>\u00c1d\u00e1mnak a becsap\u00e1sa.<\/p>\n\n\n\n<p class=\"wp-block-paragraph\">Akkor alma volt a veszt\u00fck,<br>\u00c1talakult m\u00e1ra nek\u00fcnk.<br>Az alm\u00e1b\u00f3l h\u0171tlens\u00e9g lett,<br>K\u00e9jes \u00e9rz\u00e9s, t\u00e9velyg\u00e9sek.<\/p>\n\n\n\n<p class=\"wp-block-paragraph\">A vesztes mag\u00e1val viszi,<br>Soha nem pelleng\u00e9rezi.<br>Lenn a s\u00edrban ott m\u00e1r mindegy,<br>Nem lesznek ott h\u0171tlens\u00e9gek.<\/p>\n\n\n\n<p class=\"wp-block-paragraph\">Mak\u00f3, 2017-07-05<\/p>\n","protected":false},"excerpt":{"rendered":"<p>A LEGELS\u0150 TAL\u00c1LKOZ\u00c1S A legels\u0151 tal\u00e1lkoz\u00e1s,Sokszor mindent \u00f6sszekusz\u00e1l.Ismerked\u00e9s, \u00fatkeres\u00e9s,Az \u00faj \u00faton elt\u00e9ved\u00e9s. Gondolatok ott meg\u00e1llnak,Helyben j\u00e1rva hezit\u00e1lnak.R\u00e9git az \u00fajjal keverve,Az \u00fajnak az el\u0151ny\u00e9re. Titkon \u00e9rzik, mi hib\u00e1zik,Hogy a v\u00e1gyuk m\u00e1s fel\u00e9 nyit.Tudj\u00e1k vissza k\u00e9ne l\u00e9pni,Nincs erej\u00fck azt megtenni. \u00cdg\u00e9retes sz\u00e9p szavaknak,Ellen\u00e1llni azt nem tudnak.R\u00e9gi megszok\u00e1snak t\u00e9nye,Halv\u00e1nyabb lesz-, annak f\u00e9nye. P\u00e1r sz\u00e1l vir\u00e1g b\u00edztat\u00e1sa,A h\u00f6lgyeknek h\u00f3d\u00edt\u00f3ja.Megdobban &#8230; <a title=\"A LEGELS\u0150 TAL\u00c1LKOZ\u00c1S\" class=\"read-more\" href=\"https:\/\/bozsogiattila.hu\/?p=938\" aria-label=\"Tov\u00e1bbiak A LEGELS\u0150 TAL\u00c1LKOZ\u00c1S\">Olvass tov\u00e1bb<\/a><\/p>\n","protected":false},"author":3,"featured_media":0,"comment_status":"closed","ping_status":"open","sticky":false,"template":"","format":"standard","meta":{"footnotes":""},"categories":[4],"tags":[313,12],"class_list":["post-938","post","type-post","status-publish","format-standard","hentry","category-versek","tag-313","tag-mako"],"yoast_head":"<!-- This site is optimized with the Yoast SEO plugin v21.8 - https:\/\/yoast.com\/wordpress\/plugins\/seo\/ -->\n<title>A LEGELS\u0150 TAL\u00c1LKOZ\u00c1S - Bozsogi Attila<\/title>\n<meta name=\"robots\" content=\"index, follow, max-snippet:-1, max-image-preview:large, max-video-preview:-1\" \/>\n<link rel=\"canonical\" href=\"https:\/\/bozsogiattila.hu\/?p=938\" \/>\n<meta property=\"og:locale\" content=\"hu_HU\" \/>\n<meta property=\"og:type\" content=\"article\" \/>\n<meta property=\"og:title\" content=\"A LEGELS\u0150 TAL\u00c1LKOZ\u00c1S - Bozsogi Attila\" \/>\n<meta property=\"og:description\" content=\"A LEGELS\u0150 TAL\u00c1LKOZ\u00c1S A legels\u0151 tal\u00e1lkoz\u00e1s,Sokszor mindent \u00f6sszekusz\u00e1l.Ismerked\u00e9s, \u00fatkeres\u00e9s,Az \u00faj \u00faton elt\u00e9ved\u00e9s. Gondolatok ott meg\u00e1llnak,Helyben j\u00e1rva hezit\u00e1lnak.R\u00e9git az \u00fajjal keverve,Az \u00fajnak az el\u0151ny\u00e9re. Titkon \u00e9rzik, mi hib\u00e1zik,Hogy a v\u00e1gyuk m\u00e1s fel\u00e9 nyit.Tudj\u00e1k vissza k\u00e9ne l\u00e9pni,Nincs erej\u00fck azt megtenni. \u00cdg\u00e9retes sz\u00e9p szavaknak,Ellen\u00e1llni azt nem tudnak.R\u00e9gi megszok\u00e1snak t\u00e9nye,Halv\u00e1nyabb lesz-, annak f\u00e9nye. P\u00e1r sz\u00e1l vir\u00e1g b\u00edztat\u00e1sa,A h\u00f6lgyeknek h\u00f3d\u00edt\u00f3ja.Megdobban ... Olvass tov\u00e1bb\" \/>\n<meta property=\"og:url\" content=\"https:\/\/bozsogiattila.hu\/?p=938\" \/>\n<meta property=\"og:site_name\" content=\"Bozsogi Attila\" \/>\n<meta property=\"article:published_time\" content=\"2017-07-05T14:40:00+00:00\" \/>\n<meta property=\"article:modified_time\" content=\"2024-01-08T14:41:23+00:00\" \/>\n<meta name=\"author\" content=\"Bozsogi Attila\" \/>\n<meta name=\"twitter:card\" content=\"summary_large_image\" \/>\n<meta name=\"twitter:label1\" content=\"Szerz\u0151:\" \/>\n\t<meta name=\"twitter:data1\" content=\"Bozsogi Attila\" \/>\n\t<meta name=\"twitter:label2\" content=\"Becs\u00fclt olvas\u00e1si id\u0151\" \/>\n\t<meta name=\"twitter:data2\" content=\"2 perc\" \/>\n<script type=\"application\/ld+json\" class=\"yoast-schema-graph\">{\"@context\":\"https:\/\/schema.org\",\"@graph\":[{\"@type\":\"WebPage\",\"@id\":\"https:\/\/bozsogiattila.hu\/?p=938\",\"url\":\"https:\/\/bozsogiattila.hu\/?p=938\",\"name\":\"A LEGELS\u0150 TAL\u00c1LKOZ\u00c1S - Bozsogi Attila\",\"isPartOf\":{\"@id\":\"https:\/\/bozsogiattila.hu\/#website\"},\"datePublished\":\"2017-07-05T14:40:00+00:00\",\"dateModified\":\"2024-01-08T14:41:23+00:00\",\"author\":{\"@id\":\"https:\/\/bozsogiattila.hu\/#\/schema\/person\/488c99f554a8c4039201260dd5eb795e\"},\"breadcrumb\":{\"@id\":\"https:\/\/bozsogiattila.hu\/?p=938#breadcrumb\"},\"inLanguage\":\"hu\",\"potentialAction\":[{\"@type\":\"ReadAction\",\"target\":[\"https:\/\/bozsogiattila.hu\/?p=938\"]}]},{\"@type\":\"BreadcrumbList\",\"@id\":\"https:\/\/bozsogiattila.hu\/?p=938#breadcrumb\",\"itemListElement\":[{\"@type\":\"ListItem\",\"position\":1,\"name\":\"Kezd\u0151lap\",\"item\":\"https:\/\/bozsogiattila.hu\/\"},{\"@type\":\"ListItem\",\"position\":2,\"name\":\"A LEGELS\u0150 TAL\u00c1LKOZ\u00c1S\"}]},{\"@type\":\"WebSite\",\"@id\":\"https:\/\/bozsogiattila.hu\/#website\",\"url\":\"https:\/\/bozsogiattila.hu\/\",\"name\":\"Bozsogi Attila\",\"description\":\"a zen\u00e9sz, \u00edr\u00f3 munk\u00e1ss\u00e1g\u00e1nak \u00e9s a mak\u00f3i muzsikusok eml\u00e9k\u00e9t \u0151rz\u0151 oldal\",\"potentialAction\":[{\"@type\":\"SearchAction\",\"target\":{\"@type\":\"EntryPoint\",\"urlTemplate\":\"https:\/\/bozsogiattila.hu\/?s={search_term_string}\"},\"query-input\":\"required name=search_term_string\"}],\"inLanguage\":\"hu\"},{\"@type\":\"Person\",\"@id\":\"https:\/\/bozsogiattila.hu\/#\/schema\/person\/488c99f554a8c4039201260dd5eb795e\",\"name\":\"Bozsogi Attila\",\"image\":{\"@type\":\"ImageObject\",\"inLanguage\":\"hu\",\"@id\":\"https:\/\/bozsogiattila.hu\/#\/schema\/person\/image\/\",\"url\":\"https:\/\/secure.gravatar.com\/avatar\/7da6b5985e34ed798d1670c54ce7d20e6a53b800bb0c07945c64b09392f3dbfd?s=96&d=mm&r=g\",\"contentUrl\":\"https:\/\/secure.gravatar.com\/avatar\/7da6b5985e34ed798d1670c54ce7d20e6a53b800bb0c07945c64b09392f3dbfd?s=96&d=mm&r=g\",\"caption\":\"Bozsogi Attila\"},\"sameAs\":[\"http:\/\/www.boszogiattila.hu\"],\"url\":\"https:\/\/bozsogiattila.hu\/?author=3\"}]}<\/script>\n<!-- \/ Yoast SEO plugin. -->","yoast_head_json":{"title":"A LEGELS\u0150 TAL\u00c1LKOZ\u00c1S - Bozsogi Attila","robots":{"index":"index","follow":"follow","max-snippet":"max-snippet:-1","max-image-preview":"max-image-preview:large","max-video-preview":"max-video-preview:-1"},"canonical":"https:\/\/bozsogiattila.hu\/?p=938","og_locale":"hu_HU","og_type":"article","og_title":"A LEGELS\u0150 TAL\u00c1LKOZ\u00c1S - Bozsogi Attila","og_description":"A LEGELS\u0150 TAL\u00c1LKOZ\u00c1S A legels\u0151 tal\u00e1lkoz\u00e1s,Sokszor mindent \u00f6sszekusz\u00e1l.Ismerked\u00e9s, \u00fatkeres\u00e9s,Az \u00faj \u00faton elt\u00e9ved\u00e9s. Gondolatok ott meg\u00e1llnak,Helyben j\u00e1rva hezit\u00e1lnak.R\u00e9git az \u00fajjal keverve,Az \u00fajnak az el\u0151ny\u00e9re. Titkon \u00e9rzik, mi hib\u00e1zik,Hogy a v\u00e1gyuk m\u00e1s fel\u00e9 nyit.Tudj\u00e1k vissza k\u00e9ne l\u00e9pni,Nincs erej\u00fck azt megtenni. \u00cdg\u00e9retes sz\u00e9p szavaknak,Ellen\u00e1llni azt nem tudnak.R\u00e9gi megszok\u00e1snak t\u00e9nye,Halv\u00e1nyabb lesz-, annak f\u00e9nye. P\u00e1r sz\u00e1l vir\u00e1g b\u00edztat\u00e1sa,A h\u00f6lgyeknek h\u00f3d\u00edt\u00f3ja.Megdobban ... Olvass tov\u00e1bb","og_url":"https:\/\/bozsogiattila.hu\/?p=938","og_site_name":"Bozsogi Attila","article_published_time":"2017-07-05T14:40:00+00:00","article_modified_time":"2024-01-08T14:41:23+00:00","author":"Bozsogi Attila","twitter_card":"summary_large_image","twitter_misc":{"Szerz\u0151:":"Bozsogi Attila","Becs\u00fclt olvas\u00e1si id\u0151":"2 perc"},"schema":{"@context":"https:\/\/schema.org","@graph":[{"@type":"WebPage","@id":"https:\/\/bozsogiattila.hu\/?p=938","url":"https:\/\/bozsogiattila.hu\/?p=938","name":"A LEGELS\u0150 TAL\u00c1LKOZ\u00c1S - Bozsogi Attila","isPartOf":{"@id":"https:\/\/bozsogiattila.hu\/#website"},"datePublished":"2017-07-05T14:40:00+00:00","dateModified":"2024-01-08T14:41:23+00:00","author":{"@id":"https:\/\/bozsogiattila.hu\/#\/schema\/person\/488c99f554a8c4039201260dd5eb795e"},"breadcrumb":{"@id":"https:\/\/bozsogiattila.hu\/?p=938#breadcrumb"},"inLanguage":"hu","potentialAction":[{"@type":"ReadAction","target":["https:\/\/bozsogiattila.hu\/?p=938"]}]},{"@type":"BreadcrumbList","@id":"https:\/\/bozsogiattila.hu\/?p=938#breadcrumb","itemListElement":[{"@type":"ListItem","position":1,"name":"Kezd\u0151lap","item":"https:\/\/bozsogiattila.hu\/"},{"@type":"ListItem","position":2,"name":"A LEGELS\u0150 TAL\u00c1LKOZ\u00c1S"}]},{"@type":"WebSite","@id":"https:\/\/bozsogiattila.hu\/#website","url":"https:\/\/bozsogiattila.hu\/","name":"Bozsogi Attila","description":"a zen\u00e9sz, \u00edr\u00f3 munk\u00e1ss\u00e1g\u00e1nak \u00e9s a mak\u00f3i muzsikusok eml\u00e9k\u00e9t \u0151rz\u0151 oldal","potentialAction":[{"@type":"SearchAction","target":{"@type":"EntryPoint","urlTemplate":"https:\/\/bozsogiattila.hu\/?s={search_term_string}"},"query-input":"required name=search_term_string"}],"inLanguage":"hu"},{"@type":"Person","@id":"https:\/\/bozsogiattila.hu\/#\/schema\/person\/488c99f554a8c4039201260dd5eb795e","name":"Bozsogi Attila","image":{"@type":"ImageObject","inLanguage":"hu","@id":"https:\/\/bozsogiattila.hu\/#\/schema\/person\/image\/","url":"https:\/\/secure.gravatar.com\/avatar\/7da6b5985e34ed798d1670c54ce7d20e6a53b800bb0c07945c64b09392f3dbfd?s=96&d=mm&r=g","contentUrl":"https:\/\/secure.gravatar.com\/avatar\/7da6b5985e34ed798d1670c54ce7d20e6a53b800bb0c07945c64b09392f3dbfd?s=96&d=mm&r=g","caption":"Bozsogi Attila"},"sameAs":["http:\/\/www.boszogiattila.hu"],"url":"https:\/\/bozsogiattila.hu\/?author=3"}]}},"jetpack_featured_media_url":"","_links":{"self":[{"href":"https:\/\/bozsogiattila.hu\/index.php?rest_route=\/wp\/v2\/posts\/938","targetHints":{"allow":["GET"]}}],"collection":[{"href":"https:\/\/bozsogiattila.hu\/index.php?rest_route=\/wp\/v2\/posts"}],"about":[{"href":"https:\/\/bozsogiattila.hu\/index.php?rest_route=\/wp\/v2\/types\/post"}],"author":[{"embeddable":true,"href":"https:\/\/bozsogiattila.hu\/index.php?rest_route=\/wp\/v2\/users\/3"}],"replies":[{"embeddable":true,"href":"https:\/\/bozsogiattila.hu\/index.php?rest_route=%2Fwp%2Fv2%2Fcomments&post=938"}],"version-history":[{"count":1,"href":"https:\/\/bozsogiattila.hu\/index.php?rest_route=\/wp\/v2\/posts\/938\/revisions"}],"predecessor-version":[{"id":939,"href":"https:\/\/bozsogiattila.hu\/index.php?rest_route=\/wp\/v2\/posts\/938\/revisions\/939"}],"wp:attachment":[{"href":"https:\/\/bozsogiattila.hu\/index.php?rest_route=%2Fwp%2Fv2%2Fmedia&parent=938"}],"wp:term":[{"taxonomy":"category","embeddable":true,"href":"https:\/\/bozsogiattila.hu\/index.php?rest_route=%2Fwp%2Fv2%2Fcategories&post=938"},{"taxonomy":"post_tag","embeddable":true,"href":"https:\/\/bozsogiattila.hu\/index.php?rest_route=%2Fwp%2Fv2%2Ftags&post=938"}],"curies":[{"name":"wp","href":"https:\/\/api.w.org\/{rel}","templated":true}]}}