{"id":942,"date":"2017-02-06T14:42:00","date_gmt":"2017-02-06T14:42:00","guid":{"rendered":"https:\/\/bozsogiattila.hu\/?p=942"},"modified":"2024-01-08T14:43:59","modified_gmt":"2024-01-08T14:43:59","slug":"a-maganyos","status":"publish","type":"post","link":"https:\/\/bozsogiattila.hu\/?p=942","title":{"rendered":"A MAG\u00c1NYOS"},"content":{"rendered":"\n<p class=\"wp-block-paragraph\">A MAG\u00c1NYOS<\/p>\n\n\n\n<p class=\"wp-block-paragraph\">Neh\u00e9z a mag\u00e1nyos sorsa,<br>Szerencs\u00e9je r\u00e9g elhagyta.<br>Nincs bar\u00e1tja, sz\u00f3sz\u00f3l\u00f3ja,<br>Ann\u00e1l t\u00f6bb a gondja, baja.<\/p>\n\n\n\n<p class=\"wp-block-paragraph\">\u00d6r\u00f6mtelen az \u00e9lete,<br>Gyakran el van keseredve.<br>Seg\u00edts\u00e9get, azt nem v\u00e1rhat,<br>Ez\u00e9rt k\u00ednozza a b\u00e1nat.<\/p>\n\n\n\n<p class=\"wp-block-paragraph\">Hogyha besz\u00e9lni szeretne,<br>Nincs ki k\u00e9rd\u00e9sre, felelne.<br>Gondolat\u00e1t \u00edgy elmondja,<br>Mag\u00e1val meg is vitatja.<\/p>\n\n\n\n<p class=\"wp-block-paragraph\">Vit\u00e1ja m\u00e1s soha sincsen,<br>A pletyka az, lehetetlen.<br>Zs\u00f6rt\u00f6l\u0151dni az\u00e9rt szokott,<br>Ez velesz\u00fcletett dolog.<\/p>\n\n\n\n<p class=\"wp-block-paragraph\">Mag\u00e1nyosan j\u00e1r-kel otthon,<br>B\u00fatorok k\u00f6zt csendben oson.<br>Port\u00f6rl\u0151j\u00e9vel kez\u00e9ben,<br>Takar\u00edtgat \u00fagy sebt\u00e9ben.<\/p>\n\n\n\n<p class=\"wp-block-paragraph\">Vend\u00e9get m\u00e1r nem v\u00e1r r\u00e9gen,<br>Mag\u00e1ra maradt a t\u00e9lben.<br>Megrakja a kandall\u00f3j\u00e1t,<br>Maga v\u00e1gja hozz\u00e1 a f\u00e1t.<\/p>\n\n\n\n<p class=\"wp-block-paragraph\">Saj\u00e1t f\u0151ztj\u00e9t eszegeti,<br>J\u00f3 \u00e9tv\u00e1gyat nem mond senki.<br>Koccintani maga szokott,<br>K\u00e9t poh\u00e1rral fel is hajt ott.<\/p>\n\n\n\n<p class=\"wp-block-paragraph\">Ezt, mosolyogva fogadja,<br>Hamar meleg\u00edti bora.<br>Az it\u00f3ka gy\u00f3gyszer neki,<br>A hat\u00e1s\u00e1t meg is \u00e9rzi.<\/p>\n\n\n\n<p class=\"wp-block-paragraph\">Ha megcsellen nem sz\u00e9gyelli,<br>Bacchust testv\u00e9rk\u00e9nt szereti.<br>Lehuppan a kanap\u00e9ra,<br>Horkant egyet, \u00fagy ruh\u00e1ba\u2019.<\/p>\n\n\n\n<p class=\"wp-block-paragraph\">Mikor \u00e9bred r\u00f6gt\u00f6n n\u00e9zi,<br>Maradt-e m\u00e9g ned\u0171 neki.<br>Felh\u00f6rpint egy-k\u00e9t poh\u00e1rral,<br>Szeme csillan nagy el\u00e1nnal.<\/p>\n\n\n\n<p class=\"wp-block-paragraph\">\u00c9szrev\u00e9tlen hozz\u00e1szokik,<br>A gy\u00f3gy\u00edrr\u00f3l \u00e1lmodozik.<br>Szebb napokat l\u00e1t ilyenkor,<br>Egyed\u00fcl maradt-, ut\u00f3kor.<\/p>\n\n\n\n<p class=\"wp-block-paragraph\">Egy kupica az j\u00f3l esik,<br>Miel\u0151tt megreggelizik.<br>A nyugd\u00edj\u00e1t sz\u00e1molgatja,<br>Apr\u00f3l\u00e9kosan beosztja.<\/p>\n\n\n\n<p class=\"wp-block-paragraph\">H\u00faz egyet a nadr\u00e1gsz\u00edj\u00e1n,<br>Az \u00c1llam \u0151rzi alakj\u00e1t.<br>K\u00e1romkodni ekkor szokott,<br>\u00c1ld\u00e1st r\u00e1juk sosem mondott.<\/p>\n\n\n\n<p class=\"wp-block-paragraph\">Mikor t\u00f6bb f\u00e9r a poh\u00e1rba,<br>Dalra fakad unalm\u00e1ba\u2019.<br>Hamisan is \u00e9nekelhet,<br>G\u00fanyt\u00e1rgya egyed\u00fcl nem lesz.<\/p>\n\n\n\n<p class=\"wp-block-paragraph\">\u00c9let\u00e9vel el\u00e9gedett,<br>M\u00e1sokat \u0151 nem ker\u00fclget.<br>Belenyugodott sors\u00e1ba,<br>Elmer\u00fcl ez\u00e9rt bor\u00e1ba.<\/p>\n\n\n\n<p class=\"wp-block-paragraph\">V\u00e1laszt\u00e1skor nem szavaz r\u00e9g,<br>Magasra tenn\u00e9 a m\u00e9rc\u00e9t.<br>A kapuj\u00e1t j\u00f3l bez\u00e1rja,<br>Vigy\u00e1z f\u00e9ltett mag\u00e1ny\u00e1ra.<\/p>\n\n\n\n<p class=\"wp-block-paragraph\">Mak\u00f3, 2017-02-06<\/p>\n","protected":false},"excerpt":{"rendered":"<p>A MAG\u00c1NYOS Neh\u00e9z a mag\u00e1nyos sorsa,Szerencs\u00e9je r\u00e9g elhagyta.Nincs bar\u00e1tja, sz\u00f3sz\u00f3l\u00f3ja,Ann\u00e1l t\u00f6bb a gondja, baja. \u00d6r\u00f6mtelen az \u00e9lete,Gyakran el van keseredve.Seg\u00edts\u00e9get, azt nem v\u00e1rhat,Ez\u00e9rt k\u00ednozza a b\u00e1nat. Hogyha besz\u00e9lni szeretne,Nincs ki k\u00e9rd\u00e9sre, felelne.Gondolat\u00e1t \u00edgy elmondja,Mag\u00e1val meg is vitatja. Vit\u00e1ja m\u00e1s soha sincsen,A pletyka az, lehetetlen.Zs\u00f6rt\u00f6l\u0151dni az\u00e9rt szokott,Ez velesz\u00fcletett dolog. Mag\u00e1nyosan j\u00e1r-kel otthon,B\u00fatorok k\u00f6zt csendben oson.Port\u00f6rl\u0151j\u00e9vel kez\u00e9ben,Takar\u00edtgat &#8230; <a title=\"A MAG\u00c1NYOS\" class=\"read-more\" href=\"https:\/\/bozsogiattila.hu\/?p=942\" aria-label=\"Tov\u00e1bbiak A MAG\u00c1NYOS\">Olvass tov\u00e1bb<\/a><\/p>\n","protected":false},"author":3,"featured_media":0,"comment_status":"closed","ping_status":"open","sticky":false,"template":"","format":"standard","meta":{"footnotes":""},"categories":[4],"tags":[313,12],"class_list":["post-942","post","type-post","status-publish","format-standard","hentry","category-versek","tag-313","tag-mako"],"yoast_head":"<!-- This site is optimized with the Yoast SEO plugin v21.8 - https:\/\/yoast.com\/wordpress\/plugins\/seo\/ -->\n<title>A MAG\u00c1NYOS - Bozsogi Attila<\/title>\n<meta name=\"robots\" content=\"index, follow, max-snippet:-1, max-image-preview:large, max-video-preview:-1\" \/>\n<link rel=\"canonical\" href=\"https:\/\/bozsogiattila.hu\/?p=942\" \/>\n<meta property=\"og:locale\" content=\"hu_HU\" \/>\n<meta property=\"og:type\" content=\"article\" \/>\n<meta property=\"og:title\" content=\"A MAG\u00c1NYOS - Bozsogi Attila\" \/>\n<meta property=\"og:description\" content=\"A MAG\u00c1NYOS Neh\u00e9z a mag\u00e1nyos sorsa,Szerencs\u00e9je r\u00e9g elhagyta.Nincs bar\u00e1tja, sz\u00f3sz\u00f3l\u00f3ja,Ann\u00e1l t\u00f6bb a gondja, baja. \u00d6r\u00f6mtelen az \u00e9lete,Gyakran el van keseredve.Seg\u00edts\u00e9get, azt nem v\u00e1rhat,Ez\u00e9rt k\u00ednozza a b\u00e1nat. Hogyha besz\u00e9lni szeretne,Nincs ki k\u00e9rd\u00e9sre, felelne.Gondolat\u00e1t \u00edgy elmondja,Mag\u00e1val meg is vitatja. Vit\u00e1ja m\u00e1s soha sincsen,A pletyka az, lehetetlen.Zs\u00f6rt\u00f6l\u0151dni az\u00e9rt szokott,Ez velesz\u00fcletett dolog. Mag\u00e1nyosan j\u00e1r-kel otthon,B\u00fatorok k\u00f6zt csendben oson.Port\u00f6rl\u0151j\u00e9vel kez\u00e9ben,Takar\u00edtgat ... Olvass tov\u00e1bb\" \/>\n<meta property=\"og:url\" content=\"https:\/\/bozsogiattila.hu\/?p=942\" \/>\n<meta property=\"og:site_name\" content=\"Bozsogi Attila\" \/>\n<meta property=\"article:published_time\" content=\"2017-02-06T14:42:00+00:00\" \/>\n<meta property=\"article:modified_time\" content=\"2024-01-08T14:43:59+00:00\" \/>\n<meta name=\"author\" content=\"Bozsogi Attila\" \/>\n<meta name=\"twitter:card\" content=\"summary_large_image\" \/>\n<meta name=\"twitter:label1\" content=\"Szerz\u0151:\" \/>\n\t<meta name=\"twitter:data1\" content=\"Bozsogi Attila\" \/>\n\t<meta name=\"twitter:label2\" content=\"Becs\u00fclt olvas\u00e1si id\u0151\" \/>\n\t<meta name=\"twitter:data2\" content=\"2 perc\" \/>\n<script type=\"application\/ld+json\" class=\"yoast-schema-graph\">{\"@context\":\"https:\/\/schema.org\",\"@graph\":[{\"@type\":\"WebPage\",\"@id\":\"https:\/\/bozsogiattila.hu\/?p=942\",\"url\":\"https:\/\/bozsogiattila.hu\/?p=942\",\"name\":\"A MAG\u00c1NYOS - Bozsogi Attila\",\"isPartOf\":{\"@id\":\"https:\/\/bozsogiattila.hu\/#website\"},\"datePublished\":\"2017-02-06T14:42:00+00:00\",\"dateModified\":\"2024-01-08T14:43:59+00:00\",\"author\":{\"@id\":\"https:\/\/bozsogiattila.hu\/#\/schema\/person\/488c99f554a8c4039201260dd5eb795e\"},\"breadcrumb\":{\"@id\":\"https:\/\/bozsogiattila.hu\/?p=942#breadcrumb\"},\"inLanguage\":\"hu\",\"potentialAction\":[{\"@type\":\"ReadAction\",\"target\":[\"https:\/\/bozsogiattila.hu\/?p=942\"]}]},{\"@type\":\"BreadcrumbList\",\"@id\":\"https:\/\/bozsogiattila.hu\/?p=942#breadcrumb\",\"itemListElement\":[{\"@type\":\"ListItem\",\"position\":1,\"name\":\"Kezd\u0151lap\",\"item\":\"https:\/\/bozsogiattila.hu\/\"},{\"@type\":\"ListItem\",\"position\":2,\"name\":\"A MAG\u00c1NYOS\"}]},{\"@type\":\"WebSite\",\"@id\":\"https:\/\/bozsogiattila.hu\/#website\",\"url\":\"https:\/\/bozsogiattila.hu\/\",\"name\":\"Bozsogi Attila\",\"description\":\"a zen\u00e9sz, \u00edr\u00f3 munk\u00e1ss\u00e1g\u00e1nak \u00e9s a mak\u00f3i muzsikusok eml\u00e9k\u00e9t \u0151rz\u0151 oldal\",\"potentialAction\":[{\"@type\":\"SearchAction\",\"target\":{\"@type\":\"EntryPoint\",\"urlTemplate\":\"https:\/\/bozsogiattila.hu\/?s={search_term_string}\"},\"query-input\":\"required name=search_term_string\"}],\"inLanguage\":\"hu\"},{\"@type\":\"Person\",\"@id\":\"https:\/\/bozsogiattila.hu\/#\/schema\/person\/488c99f554a8c4039201260dd5eb795e\",\"name\":\"Bozsogi Attila\",\"image\":{\"@type\":\"ImageObject\",\"inLanguage\":\"hu\",\"@id\":\"https:\/\/bozsogiattila.hu\/#\/schema\/person\/image\/\",\"url\":\"https:\/\/secure.gravatar.com\/avatar\/7da6b5985e34ed798d1670c54ce7d20e6a53b800bb0c07945c64b09392f3dbfd?s=96&d=mm&r=g\",\"contentUrl\":\"https:\/\/secure.gravatar.com\/avatar\/7da6b5985e34ed798d1670c54ce7d20e6a53b800bb0c07945c64b09392f3dbfd?s=96&d=mm&r=g\",\"caption\":\"Bozsogi Attila\"},\"sameAs\":[\"http:\/\/www.boszogiattila.hu\"],\"url\":\"https:\/\/bozsogiattila.hu\/?author=3\"}]}<\/script>\n<!-- \/ Yoast SEO plugin. -->","yoast_head_json":{"title":"A MAG\u00c1NYOS - Bozsogi Attila","robots":{"index":"index","follow":"follow","max-snippet":"max-snippet:-1","max-image-preview":"max-image-preview:large","max-video-preview":"max-video-preview:-1"},"canonical":"https:\/\/bozsogiattila.hu\/?p=942","og_locale":"hu_HU","og_type":"article","og_title":"A MAG\u00c1NYOS - Bozsogi Attila","og_description":"A MAG\u00c1NYOS Neh\u00e9z a mag\u00e1nyos sorsa,Szerencs\u00e9je r\u00e9g elhagyta.Nincs bar\u00e1tja, sz\u00f3sz\u00f3l\u00f3ja,Ann\u00e1l t\u00f6bb a gondja, baja. \u00d6r\u00f6mtelen az \u00e9lete,Gyakran el van keseredve.Seg\u00edts\u00e9get, azt nem v\u00e1rhat,Ez\u00e9rt k\u00ednozza a b\u00e1nat. Hogyha besz\u00e9lni szeretne,Nincs ki k\u00e9rd\u00e9sre, felelne.Gondolat\u00e1t \u00edgy elmondja,Mag\u00e1val meg is vitatja. Vit\u00e1ja m\u00e1s soha sincsen,A pletyka az, lehetetlen.Zs\u00f6rt\u00f6l\u0151dni az\u00e9rt szokott,Ez velesz\u00fcletett dolog. Mag\u00e1nyosan j\u00e1r-kel otthon,B\u00fatorok k\u00f6zt csendben oson.Port\u00f6rl\u0151j\u00e9vel kez\u00e9ben,Takar\u00edtgat ... Olvass tov\u00e1bb","og_url":"https:\/\/bozsogiattila.hu\/?p=942","og_site_name":"Bozsogi Attila","article_published_time":"2017-02-06T14:42:00+00:00","article_modified_time":"2024-01-08T14:43:59+00:00","author":"Bozsogi Attila","twitter_card":"summary_large_image","twitter_misc":{"Szerz\u0151:":"Bozsogi Attila","Becs\u00fclt olvas\u00e1si id\u0151":"2 perc"},"schema":{"@context":"https:\/\/schema.org","@graph":[{"@type":"WebPage","@id":"https:\/\/bozsogiattila.hu\/?p=942","url":"https:\/\/bozsogiattila.hu\/?p=942","name":"A MAG\u00c1NYOS - Bozsogi Attila","isPartOf":{"@id":"https:\/\/bozsogiattila.hu\/#website"},"datePublished":"2017-02-06T14:42:00+00:00","dateModified":"2024-01-08T14:43:59+00:00","author":{"@id":"https:\/\/bozsogiattila.hu\/#\/schema\/person\/488c99f554a8c4039201260dd5eb795e"},"breadcrumb":{"@id":"https:\/\/bozsogiattila.hu\/?p=942#breadcrumb"},"inLanguage":"hu","potentialAction":[{"@type":"ReadAction","target":["https:\/\/bozsogiattila.hu\/?p=942"]}]},{"@type":"BreadcrumbList","@id":"https:\/\/bozsogiattila.hu\/?p=942#breadcrumb","itemListElement":[{"@type":"ListItem","position":1,"name":"Kezd\u0151lap","item":"https:\/\/bozsogiattila.hu\/"},{"@type":"ListItem","position":2,"name":"A MAG\u00c1NYOS"}]},{"@type":"WebSite","@id":"https:\/\/bozsogiattila.hu\/#website","url":"https:\/\/bozsogiattila.hu\/","name":"Bozsogi Attila","description":"a zen\u00e9sz, \u00edr\u00f3 munk\u00e1ss\u00e1g\u00e1nak \u00e9s a mak\u00f3i muzsikusok eml\u00e9k\u00e9t \u0151rz\u0151 oldal","potentialAction":[{"@type":"SearchAction","target":{"@type":"EntryPoint","urlTemplate":"https:\/\/bozsogiattila.hu\/?s={search_term_string}"},"query-input":"required name=search_term_string"}],"inLanguage":"hu"},{"@type":"Person","@id":"https:\/\/bozsogiattila.hu\/#\/schema\/person\/488c99f554a8c4039201260dd5eb795e","name":"Bozsogi Attila","image":{"@type":"ImageObject","inLanguage":"hu","@id":"https:\/\/bozsogiattila.hu\/#\/schema\/person\/image\/","url":"https:\/\/secure.gravatar.com\/avatar\/7da6b5985e34ed798d1670c54ce7d20e6a53b800bb0c07945c64b09392f3dbfd?s=96&d=mm&r=g","contentUrl":"https:\/\/secure.gravatar.com\/avatar\/7da6b5985e34ed798d1670c54ce7d20e6a53b800bb0c07945c64b09392f3dbfd?s=96&d=mm&r=g","caption":"Bozsogi Attila"},"sameAs":["http:\/\/www.boszogiattila.hu"],"url":"https:\/\/bozsogiattila.hu\/?author=3"}]}},"jetpack_featured_media_url":"","_links":{"self":[{"href":"https:\/\/bozsogiattila.hu\/index.php?rest_route=\/wp\/v2\/posts\/942","targetHints":{"allow":["GET"]}}],"collection":[{"href":"https:\/\/bozsogiattila.hu\/index.php?rest_route=\/wp\/v2\/posts"}],"about":[{"href":"https:\/\/bozsogiattila.hu\/index.php?rest_route=\/wp\/v2\/types\/post"}],"author":[{"embeddable":true,"href":"https:\/\/bozsogiattila.hu\/index.php?rest_route=\/wp\/v2\/users\/3"}],"replies":[{"embeddable":true,"href":"https:\/\/bozsogiattila.hu\/index.php?rest_route=%2Fwp%2Fv2%2Fcomments&post=942"}],"version-history":[{"count":1,"href":"https:\/\/bozsogiattila.hu\/index.php?rest_route=\/wp\/v2\/posts\/942\/revisions"}],"predecessor-version":[{"id":943,"href":"https:\/\/bozsogiattila.hu\/index.php?rest_route=\/wp\/v2\/posts\/942\/revisions\/943"}],"wp:attachment":[{"href":"https:\/\/bozsogiattila.hu\/index.php?rest_route=%2Fwp%2Fv2%2Fmedia&parent=942"}],"wp:term":[{"taxonomy":"category","embeddable":true,"href":"https:\/\/bozsogiattila.hu\/index.php?rest_route=%2Fwp%2Fv2%2Fcategories&post=942"},{"taxonomy":"post_tag","embeddable":true,"href":"https:\/\/bozsogiattila.hu\/index.php?rest_route=%2Fwp%2Fv2%2Ftags&post=942"}],"curies":[{"name":"wp","href":"https:\/\/api.w.org\/{rel}","templated":true}]}}