{"id":960,"date":"2016-08-13T14:53:00","date_gmt":"2016-08-13T14:53:00","guid":{"rendered":"https:\/\/bozsogiattila.hu\/?p=960"},"modified":"2024-01-08T14:54:17","modified_gmt":"2024-01-08T14:54:17","slug":"akkor-ott","status":"publish","type":"post","link":"https:\/\/bozsogiattila.hu\/?p=960","title":{"rendered":"AKKOR OTT\u2026"},"content":{"rendered":"\n<p class=\"wp-block-paragraph\">AKKOR OTT\u2026<\/p>\n\n\n\n<p class=\"wp-block-paragraph\">Akkor ott, a v\u00e9letlen volt,<br>Tal\u00e1lkoztunk, sz\u00edvig hatolt.<br>Nem m\u00falott el eml\u00e9k n\u00e9lk\u00fcl,<br>Titok maradt, eleven\u00fcl.<\/p>\n\n\n\n<p class=\"wp-block-paragraph\">Zsongva-z\u00fagott k\u00f6r\u00fcl\u00f6tt\u00fcnk,<br>Az utca hol elmerengt\u00fcnk.<br>El\u0151sz\u00f6r nem vett\u00fck \u00e9szre,<br>Szemben ment\u00fcnk l\u00e9pegetve.<\/p>\n\n\n\n<p class=\"wp-block-paragraph\">Egym\u00e1sra t\u00e1n nem figyelt\u00fcnk,<br>Hisz oly r\u00e9g volt egy\u00fcttl\u00e9t\u00fcnk.<br>A t\u00e1vols\u00e1g, ahogy fogyott,<br>Visszat\u00e9rt a r\u00e9gi l\u00e9gyott.<\/p>\n\n\n\n<p class=\"wp-block-paragraph\">Hirtelen szem\u00fcnk megrebbent,<br>Valami megmozdult, &#8211; ott bent.<br>\u00d6r\u00f6mteli percek j\u00f6ttek,<br>Felzaklattak akkor mindent.<\/p>\n\n\n\n<p class=\"wp-block-paragraph\">Kerest\u00fck a kedves sz\u00f3kat,<br>K\u00f6z\u00f6sen a b\u00edztat\u00f3kat.<br>\u00c1lldog\u00e1ltunk, n\u00e9m\u00e1n-csendben,<br>Abban a meghitt percekben.<\/p>\n\n\n\n<p class=\"wp-block-paragraph\">V\u00e9gre megt\u00f6rt\u00fck a csendet,<br>A hangunk hars\u00e1nyan zengett.<br>Keresetlen szavak j\u00f6ttek,<br>H\u00f6mp\u00f6ly\u00f6gve keringettek.<\/p>\n\n\n\n<p class=\"wp-block-paragraph\">Amit mondtunk \u00f6szt\u00f6n\u00f6s volt,<br>\u00c9rezt\u00fck a m\u00e1mor\u00edt\u00f3t.<br>R\u00f6pk\u00f6dtek a gondolatok,<br>\u00d6r\u00f6m\u00f6k, vagy t\u00e1n b\u00e1natok.<\/p>\n\n\n\n<p class=\"wp-block-paragraph\">Kavargott benn\u00fcnk a r\u00e9gm\u00falt,<br>Vagy net\u00e1n j\u00e1rhatatlan \u00fat.<br>Megfejt\u00e9sre nem volt id\u0151,<br>Nem sejthett\u00fck, hogy majd mi j\u0151?<\/p>\n\n\n\n<p class=\"wp-block-paragraph\">Az \u00fatsz\u00e9len \u00e1csorogtunk,<br>M\u00e9g tal\u00e1n kezet sem fogtunk.<br>Mindenki ott a tan\u00fank volt,<br>\u00c9rezt\u00e9k, hogy sz\u00edv\u00fcnk l\u00e1ngolt.<\/p>\n\n\n\n<p class=\"wp-block-paragraph\">Megperzselt \u00e9rz\u00e9s rabs\u00e1ga,<br>Ker\u00edtett a hatalm\u00e1ba.<br>V\u00e1gy, vagy \u00e1lom egy\u00fcttesen,<br>Cik\u00e1zott k\u00f6zt\u00fcnk \u00e9beren.<\/p>\n\n\n\n<p class=\"wp-block-paragraph\">V\u00e1llainkra nehezedett,<br>Mindaz, ami r\u00e9gelveszett.<br>Re\u00e1nk tal\u00e1lt var\u00e1zslattal,<br>Szeretetnek hatalm\u00e1val.<\/p>\n\n\n\n<p class=\"wp-block-paragraph\">Az utcai mili\u0151ben,<br>Muzsika sz\u00f3lt a lelk\u00fcnkben.<br>Egy r\u00e9gi dal fel-fell\u00e1ngolt,<br>Ami mindig csak nek\u00fcnk sz\u00f3lt.<\/p>\n\n\n\n<p class=\"wp-block-paragraph\">Nem hallottuk csak mi ketten,<br>Mint egykoron, r\u00e9ges-r\u00e9gen.<br>A mienk volt, az is maradt,<br>Nem halhattak meg a v\u00e1gyak.<\/p>\n\n\n\n<p class=\"wp-block-paragraph\">R\u00f6pkeperc alatt lezajlott,<br>Mi benn\u00fcnk felhalmoz\u00f3dott.<br>J\u00e1rt utak, j\u00e1ratlans\u00e1ga,<br>Csal\u00f3dotts\u00e1g eml\u00e9kt\u00e1ra.<\/p>\n\n\n\n<p class=\"wp-block-paragraph\">T\u00e1n csod\u00e1kra v\u00e1rtunk, vagy nem,<br>Nem tudjuk m\u00e1r, te sem, \u00e9n sem?<br>Elk\u00f6sz\u00f6nni k\u00e9sz\u00fcl\u0151dt\u00fcnk,<br>Az id\u0151 elj\u00e1rt, &#8211; s nevett\u00fcnk.<\/p>\n\n\n\n<p class=\"wp-block-paragraph\">Ahogy elv\u00e1ltunk, &#8211; j\u00f6tt\u00fcnk r\u00e1,<br>(A) sors j\u00e1t\u00e9k\u00e1t hintette r\u00e1nk.<br>\u00c9des \u00e1lom form\u00e1j\u00e1ban,<br>\u00c1tv\u00e1ltozott val\u00f3s\u00e1gban.<\/p>\n\n\n\n<p class=\"wp-block-paragraph\">Mak\u00f3, 2016-08-13<\/p>\n","protected":false},"excerpt":{"rendered":"<p>AKKOR OTT\u2026 Akkor ott, a v\u00e9letlen volt,Tal\u00e1lkoztunk, sz\u00edvig hatolt.Nem m\u00falott el eml\u00e9k n\u00e9lk\u00fcl,Titok maradt, eleven\u00fcl. Zsongva-z\u00fagott k\u00f6r\u00fcl\u00f6tt\u00fcnk,Az utca hol elmerengt\u00fcnk.El\u0151sz\u00f6r nem vett\u00fck \u00e9szre,Szemben ment\u00fcnk l\u00e9pegetve. Egym\u00e1sra t\u00e1n nem figyelt\u00fcnk,Hisz oly r\u00e9g volt egy\u00fcttl\u00e9t\u00fcnk.A t\u00e1vols\u00e1g, ahogy fogyott,Visszat\u00e9rt a r\u00e9gi l\u00e9gyott. Hirtelen szem\u00fcnk megrebbent,Valami megmozdult, &#8211; ott bent.\u00d6r\u00f6mteli percek j\u00f6ttek,Felzaklattak akkor mindent. Kerest\u00fck a kedves sz\u00f3kat,K\u00f6z\u00f6sen a &#8230; <a title=\"AKKOR OTT\u2026\" class=\"read-more\" href=\"https:\/\/bozsogiattila.hu\/?p=960\" aria-label=\"Tov\u00e1bbiak AKKOR OTT\u2026\">Olvass tov\u00e1bb<\/a><\/p>\n","protected":false},"author":3,"featured_media":0,"comment_status":"closed","ping_status":"open","sticky":false,"template":"","format":"standard","meta":{"footnotes":""},"categories":[4],"tags":[319,12],"class_list":["post-960","post","type-post","status-publish","format-standard","hentry","category-versek","tag-319","tag-mako"],"yoast_head":"<!-- This site is optimized with the Yoast SEO plugin v21.8 - https:\/\/yoast.com\/wordpress\/plugins\/seo\/ -->\n<title>AKKOR OTT\u2026 - Bozsogi Attila<\/title>\n<meta name=\"robots\" content=\"index, follow, max-snippet:-1, max-image-preview:large, max-video-preview:-1\" \/>\n<link rel=\"canonical\" href=\"https:\/\/bozsogiattila.hu\/?p=960\" \/>\n<meta property=\"og:locale\" content=\"hu_HU\" \/>\n<meta property=\"og:type\" content=\"article\" \/>\n<meta property=\"og:title\" content=\"AKKOR OTT\u2026 - Bozsogi Attila\" \/>\n<meta property=\"og:description\" content=\"AKKOR OTT\u2026 Akkor ott, a v\u00e9letlen volt,Tal\u00e1lkoztunk, sz\u00edvig hatolt.Nem m\u00falott el eml\u00e9k n\u00e9lk\u00fcl,Titok maradt, eleven\u00fcl. Zsongva-z\u00fagott k\u00f6r\u00fcl\u00f6tt\u00fcnk,Az utca hol elmerengt\u00fcnk.El\u0151sz\u00f6r nem vett\u00fck \u00e9szre,Szemben ment\u00fcnk l\u00e9pegetve. Egym\u00e1sra t\u00e1n nem figyelt\u00fcnk,Hisz oly r\u00e9g volt egy\u00fcttl\u00e9t\u00fcnk.A t\u00e1vols\u00e1g, ahogy fogyott,Visszat\u00e9rt a r\u00e9gi l\u00e9gyott. Hirtelen szem\u00fcnk megrebbent,Valami megmozdult, &#8211; ott bent.\u00d6r\u00f6mteli percek j\u00f6ttek,Felzaklattak akkor mindent. Kerest\u00fck a kedves sz\u00f3kat,K\u00f6z\u00f6sen a ... Olvass tov\u00e1bb\" \/>\n<meta property=\"og:url\" content=\"https:\/\/bozsogiattila.hu\/?p=960\" \/>\n<meta property=\"og:site_name\" content=\"Bozsogi Attila\" \/>\n<meta property=\"article:published_time\" content=\"2016-08-13T14:53:00+00:00\" \/>\n<meta property=\"article:modified_time\" content=\"2024-01-08T14:54:17+00:00\" \/>\n<meta name=\"author\" content=\"Bozsogi Attila\" \/>\n<meta name=\"twitter:card\" content=\"summary_large_image\" \/>\n<meta name=\"twitter:label1\" content=\"Szerz\u0151:\" \/>\n\t<meta name=\"twitter:data1\" content=\"Bozsogi Attila\" \/>\n\t<meta name=\"twitter:label2\" content=\"Becs\u00fclt olvas\u00e1si id\u0151\" \/>\n\t<meta name=\"twitter:data2\" content=\"2 perc\" \/>\n<script type=\"application\/ld+json\" class=\"yoast-schema-graph\">{\"@context\":\"https:\/\/schema.org\",\"@graph\":[{\"@type\":\"WebPage\",\"@id\":\"https:\/\/bozsogiattila.hu\/?p=960\",\"url\":\"https:\/\/bozsogiattila.hu\/?p=960\",\"name\":\"AKKOR OTT\u2026 - Bozsogi Attila\",\"isPartOf\":{\"@id\":\"https:\/\/bozsogiattila.hu\/#website\"},\"datePublished\":\"2016-08-13T14:53:00+00:00\",\"dateModified\":\"2024-01-08T14:54:17+00:00\",\"author\":{\"@id\":\"https:\/\/bozsogiattila.hu\/#\/schema\/person\/488c99f554a8c4039201260dd5eb795e\"},\"breadcrumb\":{\"@id\":\"https:\/\/bozsogiattila.hu\/?p=960#breadcrumb\"},\"inLanguage\":\"hu\",\"potentialAction\":[{\"@type\":\"ReadAction\",\"target\":[\"https:\/\/bozsogiattila.hu\/?p=960\"]}]},{\"@type\":\"BreadcrumbList\",\"@id\":\"https:\/\/bozsogiattila.hu\/?p=960#breadcrumb\",\"itemListElement\":[{\"@type\":\"ListItem\",\"position\":1,\"name\":\"Kezd\u0151lap\",\"item\":\"https:\/\/bozsogiattila.hu\/\"},{\"@type\":\"ListItem\",\"position\":2,\"name\":\"AKKOR OTT\u2026\"}]},{\"@type\":\"WebSite\",\"@id\":\"https:\/\/bozsogiattila.hu\/#website\",\"url\":\"https:\/\/bozsogiattila.hu\/\",\"name\":\"Bozsogi Attila\",\"description\":\"a zen\u00e9sz, \u00edr\u00f3 munk\u00e1ss\u00e1g\u00e1nak \u00e9s a mak\u00f3i muzsikusok eml\u00e9k\u00e9t \u0151rz\u0151 oldal\",\"potentialAction\":[{\"@type\":\"SearchAction\",\"target\":{\"@type\":\"EntryPoint\",\"urlTemplate\":\"https:\/\/bozsogiattila.hu\/?s={search_term_string}\"},\"query-input\":\"required name=search_term_string\"}],\"inLanguage\":\"hu\"},{\"@type\":\"Person\",\"@id\":\"https:\/\/bozsogiattila.hu\/#\/schema\/person\/488c99f554a8c4039201260dd5eb795e\",\"name\":\"Bozsogi Attila\",\"image\":{\"@type\":\"ImageObject\",\"inLanguage\":\"hu\",\"@id\":\"https:\/\/bozsogiattila.hu\/#\/schema\/person\/image\/\",\"url\":\"https:\/\/secure.gravatar.com\/avatar\/7da6b5985e34ed798d1670c54ce7d20e6a53b800bb0c07945c64b09392f3dbfd?s=96&d=mm&r=g\",\"contentUrl\":\"https:\/\/secure.gravatar.com\/avatar\/7da6b5985e34ed798d1670c54ce7d20e6a53b800bb0c07945c64b09392f3dbfd?s=96&d=mm&r=g\",\"caption\":\"Bozsogi Attila\"},\"sameAs\":[\"http:\/\/www.boszogiattila.hu\"],\"url\":\"https:\/\/bozsogiattila.hu\/?author=3\"}]}<\/script>\n<!-- \/ Yoast SEO plugin. -->","yoast_head_json":{"title":"AKKOR OTT\u2026 - Bozsogi Attila","robots":{"index":"index","follow":"follow","max-snippet":"max-snippet:-1","max-image-preview":"max-image-preview:large","max-video-preview":"max-video-preview:-1"},"canonical":"https:\/\/bozsogiattila.hu\/?p=960","og_locale":"hu_HU","og_type":"article","og_title":"AKKOR OTT\u2026 - Bozsogi Attila","og_description":"AKKOR OTT\u2026 Akkor ott, a v\u00e9letlen volt,Tal\u00e1lkoztunk, sz\u00edvig hatolt.Nem m\u00falott el eml\u00e9k n\u00e9lk\u00fcl,Titok maradt, eleven\u00fcl. Zsongva-z\u00fagott k\u00f6r\u00fcl\u00f6tt\u00fcnk,Az utca hol elmerengt\u00fcnk.El\u0151sz\u00f6r nem vett\u00fck \u00e9szre,Szemben ment\u00fcnk l\u00e9pegetve. Egym\u00e1sra t\u00e1n nem figyelt\u00fcnk,Hisz oly r\u00e9g volt egy\u00fcttl\u00e9t\u00fcnk.A t\u00e1vols\u00e1g, ahogy fogyott,Visszat\u00e9rt a r\u00e9gi l\u00e9gyott. Hirtelen szem\u00fcnk megrebbent,Valami megmozdult, &#8211; ott bent.\u00d6r\u00f6mteli percek j\u00f6ttek,Felzaklattak akkor mindent. Kerest\u00fck a kedves sz\u00f3kat,K\u00f6z\u00f6sen a ... Olvass tov\u00e1bb","og_url":"https:\/\/bozsogiattila.hu\/?p=960","og_site_name":"Bozsogi Attila","article_published_time":"2016-08-13T14:53:00+00:00","article_modified_time":"2024-01-08T14:54:17+00:00","author":"Bozsogi Attila","twitter_card":"summary_large_image","twitter_misc":{"Szerz\u0151:":"Bozsogi Attila","Becs\u00fclt olvas\u00e1si id\u0151":"2 perc"},"schema":{"@context":"https:\/\/schema.org","@graph":[{"@type":"WebPage","@id":"https:\/\/bozsogiattila.hu\/?p=960","url":"https:\/\/bozsogiattila.hu\/?p=960","name":"AKKOR OTT\u2026 - Bozsogi Attila","isPartOf":{"@id":"https:\/\/bozsogiattila.hu\/#website"},"datePublished":"2016-08-13T14:53:00+00:00","dateModified":"2024-01-08T14:54:17+00:00","author":{"@id":"https:\/\/bozsogiattila.hu\/#\/schema\/person\/488c99f554a8c4039201260dd5eb795e"},"breadcrumb":{"@id":"https:\/\/bozsogiattila.hu\/?p=960#breadcrumb"},"inLanguage":"hu","potentialAction":[{"@type":"ReadAction","target":["https:\/\/bozsogiattila.hu\/?p=960"]}]},{"@type":"BreadcrumbList","@id":"https:\/\/bozsogiattila.hu\/?p=960#breadcrumb","itemListElement":[{"@type":"ListItem","position":1,"name":"Kezd\u0151lap","item":"https:\/\/bozsogiattila.hu\/"},{"@type":"ListItem","position":2,"name":"AKKOR OTT\u2026"}]},{"@type":"WebSite","@id":"https:\/\/bozsogiattila.hu\/#website","url":"https:\/\/bozsogiattila.hu\/","name":"Bozsogi Attila","description":"a zen\u00e9sz, \u00edr\u00f3 munk\u00e1ss\u00e1g\u00e1nak \u00e9s a mak\u00f3i muzsikusok eml\u00e9k\u00e9t \u0151rz\u0151 oldal","potentialAction":[{"@type":"SearchAction","target":{"@type":"EntryPoint","urlTemplate":"https:\/\/bozsogiattila.hu\/?s={search_term_string}"},"query-input":"required name=search_term_string"}],"inLanguage":"hu"},{"@type":"Person","@id":"https:\/\/bozsogiattila.hu\/#\/schema\/person\/488c99f554a8c4039201260dd5eb795e","name":"Bozsogi Attila","image":{"@type":"ImageObject","inLanguage":"hu","@id":"https:\/\/bozsogiattila.hu\/#\/schema\/person\/image\/","url":"https:\/\/secure.gravatar.com\/avatar\/7da6b5985e34ed798d1670c54ce7d20e6a53b800bb0c07945c64b09392f3dbfd?s=96&d=mm&r=g","contentUrl":"https:\/\/secure.gravatar.com\/avatar\/7da6b5985e34ed798d1670c54ce7d20e6a53b800bb0c07945c64b09392f3dbfd?s=96&d=mm&r=g","caption":"Bozsogi Attila"},"sameAs":["http:\/\/www.boszogiattila.hu"],"url":"https:\/\/bozsogiattila.hu\/?author=3"}]}},"jetpack_featured_media_url":"","_links":{"self":[{"href":"https:\/\/bozsogiattila.hu\/index.php?rest_route=\/wp\/v2\/posts\/960","targetHints":{"allow":["GET"]}}],"collection":[{"href":"https:\/\/bozsogiattila.hu\/index.php?rest_route=\/wp\/v2\/posts"}],"about":[{"href":"https:\/\/bozsogiattila.hu\/index.php?rest_route=\/wp\/v2\/types\/post"}],"author":[{"embeddable":true,"href":"https:\/\/bozsogiattila.hu\/index.php?rest_route=\/wp\/v2\/users\/3"}],"replies":[{"embeddable":true,"href":"https:\/\/bozsogiattila.hu\/index.php?rest_route=%2Fwp%2Fv2%2Fcomments&post=960"}],"version-history":[{"count":1,"href":"https:\/\/bozsogiattila.hu\/index.php?rest_route=\/wp\/v2\/posts\/960\/revisions"}],"predecessor-version":[{"id":961,"href":"https:\/\/bozsogiattila.hu\/index.php?rest_route=\/wp\/v2\/posts\/960\/revisions\/961"}],"wp:attachment":[{"href":"https:\/\/bozsogiattila.hu\/index.php?rest_route=%2Fwp%2Fv2%2Fmedia&parent=960"}],"wp:term":[{"taxonomy":"category","embeddable":true,"href":"https:\/\/bozsogiattila.hu\/index.php?rest_route=%2Fwp%2Fv2%2Fcategories&post=960"},{"taxonomy":"post_tag","embeddable":true,"href":"https:\/\/bozsogiattila.hu\/index.php?rest_route=%2Fwp%2Fv2%2Ftags&post=960"}],"curies":[{"name":"wp","href":"https:\/\/api.w.org\/{rel}","templated":true}]}}