{"id":968,"date":"2016-06-21T14:57:00","date_gmt":"2016-06-21T14:57:00","guid":{"rendered":"https:\/\/bozsogiattila.hu\/?p=968"},"modified":"2024-01-08T14:59:00","modified_gmt":"2024-01-08T14:59:00","slug":"anyam-meselt","status":"publish","type":"post","link":"https:\/\/bozsogiattila.hu\/?p=968","title":{"rendered":"ANY\u00c1M MES\u00c9LT!"},"content":{"rendered":"\n<p class=\"wp-block-paragraph\">ANY\u00c1M MES\u00c9LT!<\/p>\n\n\n\n<p class=\"wp-block-paragraph\">Gyermekkoromnak eml\u00e9ke,<br>Mesevil\u00e1g ismerete.<br>\u00c9desany\u00e1m kedves arca,<br>Megjelenik mosolyogva.<\/p>\n\n\n\n<p class=\"wp-block-paragraph\">Lestem egykor minden szav\u00e1t,<br>Felid\u00e9zem mond\u00f3k\u00e1j\u00e1t.<br>\u00c1gyam sz\u00e9l\u00e9n \u00fcld\u00f6g\u00e9lve,<br>Mes\u00e9t mondott, estelente.<\/p>\n\n\n\n<p class=\"wp-block-paragraph\">Most is hallom, minden szav\u00e1t,<br>K\u00f6vetem a gondolat\u00e1t.<br>B\u00e1r az \u00e9vek m\u00e1r elsz\u00e1lltak,<br>De az eml\u00e9k \u00f6r\u00f6k maradt.<\/p>\n\n\n\n<p class=\"wp-block-paragraph\">T\u00f6rt\u00e9nete elvar\u00e1zsolt,<br>Csod\u00e1s helyre kalauzolt.<br>\u00d3ri\u00e1sok f\u00f6ldj\u00e9n j\u00e1rtam,<br>Szikl\u00e1ik k\u00f6zt barangoltam.<\/p>\n\n\n\n<p class=\"wp-block-paragraph\">Vizet facsartak k\u00f6vekb\u0151l,<br>K\u00f6nnyed\u00e9n, \u00e9s nem er\u0151b\u0151l.<br>M\u00e1snap \u00e9n is pr\u00f3b\u00e1lgattam,<br>Szomor\u00faan cs\u0151d\u00f6t mondtam.<\/p>\n\n\n\n<p class=\"wp-block-paragraph\">Panaszkodtam j\u00f3 any\u00e1mnak,<br>Kudarcomr\u00f3l kifaggattam.<br>Kacaja a f\u00fclemben cseng,<br>Kicsi vagy m\u00e9g kisgyermekem.<\/p>\n\n\n\n<p class=\"wp-block-paragraph\">K\u00f6zben fejem simogatta.<br>Szeretet\u00e9t nekem adta.<br>Nem v\u00edgasztalt b\u00e1tor\u00edtott,<br>S mutatott egy \u00faj vil\u00e1got.<\/p>\n\n\n\n<p class=\"wp-block-paragraph\">Kinn az erd\u0151ben s\u00e9t\u00e1ltunk,<br>Pirosk\u00e1val tal\u00e1lkoztunk.<br>Nagymam\u00e1hoz igyekezett,<br>Kiskosar\u00e1val sietett.<\/p>\n\n\n\n<p class=\"wp-block-paragraph\">Megjelent az ordas farkas,<br>Sz\u00e9p szavakkal, \u00e1lnoks\u00e1ggal.<br>Kik\u00e9rdezte a kicsi l\u00e1nyt,<br>Majd bekapta a nagymam\u00e1t.<\/p>\n\n\n\n<p class=\"wp-block-paragraph\">Hullt a k\u00f6nnyem b\u00e1natomban,<br>K\u00f6zben any\u00e1mba karoltam.<br>\u00c1t\u00f6leltem megszeppenve,<br>F\u00e9lelmemben megrekedve.<\/p>\n\n\n\n<p class=\"wp-block-paragraph\">Elaludtam, \u00e1lmodoztam,<br>\u00c1lmaimban utazgattam.<br>Nyugtalanul, forgol\u00f3dtam,<br>\u00c9s gy\u0151ztesk\u00e9nt harcolgattam.<\/p>\n\n\n\n<p class=\"wp-block-paragraph\">M\u00e1snap vid\u00e1m mes\u00e9t mondott,<br>F\u00e9nyl\u0151 szeme is kacagott.<br>Kisg\u00f6mb\u00f6c \u00fatj\u00e1t k\u00f6vett\u00fck,<br>\u00c9s az \u00e9tv\u00e1gy\u00e1t nevett\u00fck.<\/p>\n\n\n\n<p class=\"wp-block-paragraph\">Hamm, bekapott az, mindenkit,<br>S k\u00f6zben gurult, a mindenit.<br>Hatalmass\u00e1 kerekedett,<br>\u00c9s egyszer csak sz\u00e9jjelrepedt.<\/p>\n\n\n\n<p class=\"wp-block-paragraph\">Egy\u00fctt nevettem any\u00e1mmal,<br>K\u00e1r\u00f6rvend\u0151 g\u00fanykacajjal.<br>\u00dagy kell a hitv\u00e1ny g\u00f6mb\u00f6cnek,<br>Telhetetlen kis \u00f6rd\u00f6gnek.<\/p>\n\n\n\n<p class=\"wp-block-paragraph\">Az\u00e9rt te csak egy\u00e9l sokat,<br>Essen j\u00f3l neked a falat.<br>Att\u00f3l leszel majd nagy feln\u0151tt,<br>Er\u0151s ember, \u00e9s igaz h\u0151s.<\/p>\n\n\n\n<p class=\"wp-block-paragraph\">A mes\u00e9i bennem \u00e9lnek,<br>Sosem lettek elfeledtek.<br>Hi\u00e1nyzik nagyon az any\u00e1m,<br>Var\u00e1zslata, s boldog \u00f3r\u00e1m!<\/p>\n\n\n\n<p class=\"wp-block-paragraph\">Mak\u00f3, 2016-06-21<\/p>\n","protected":false},"excerpt":{"rendered":"<p>ANY\u00c1M MES\u00c9LT! Gyermekkoromnak eml\u00e9ke,Mesevil\u00e1g ismerete.\u00c9desany\u00e1m kedves arca,Megjelenik mosolyogva. Lestem egykor minden szav\u00e1t,Felid\u00e9zem mond\u00f3k\u00e1j\u00e1t.\u00c1gyam sz\u00e9l\u00e9n \u00fcld\u00f6g\u00e9lve,Mes\u00e9t mondott, estelente. Most is hallom, minden szav\u00e1t,K\u00f6vetem a gondolat\u00e1t.B\u00e1r az \u00e9vek m\u00e1r elsz\u00e1lltak,De az eml\u00e9k \u00f6r\u00f6k maradt. T\u00f6rt\u00e9nete elvar\u00e1zsolt,Csod\u00e1s helyre kalauzolt.\u00d3ri\u00e1sok f\u00f6ldj\u00e9n j\u00e1rtam,Szikl\u00e1ik k\u00f6zt barangoltam. Vizet facsartak k\u00f6vekb\u0151l,K\u00f6nnyed\u00e9n, \u00e9s nem er\u0151b\u0151l.M\u00e1snap \u00e9n is pr\u00f3b\u00e1lgattam,Szomor\u00faan cs\u0151d\u00f6t mondtam. Panaszkodtam j\u00f3 any\u00e1mnak,Kudarcomr\u00f3l kifaggattam.Kacaja &#8230; <a title=\"ANY\u00c1M MES\u00c9LT!\" class=\"read-more\" href=\"https:\/\/bozsogiattila.hu\/?p=968\" aria-label=\"Tov\u00e1bbiak ANY\u00c1M MES\u00c9LT!\">Olvass tov\u00e1bb<\/a><\/p>\n","protected":false},"author":3,"featured_media":0,"comment_status":"closed","ping_status":"open","sticky":false,"template":"","format":"standard","meta":{"footnotes":""},"categories":[4],"tags":[319,12],"class_list":["post-968","post","type-post","status-publish","format-standard","hentry","category-versek","tag-319","tag-mako"],"yoast_head":"<!-- This site is optimized with the Yoast SEO plugin v21.8 - https:\/\/yoast.com\/wordpress\/plugins\/seo\/ -->\n<title>ANY\u00c1M MES\u00c9LT! - Bozsogi Attila<\/title>\n<meta name=\"robots\" content=\"index, follow, max-snippet:-1, max-image-preview:large, max-video-preview:-1\" \/>\n<link rel=\"canonical\" href=\"https:\/\/bozsogiattila.hu\/?p=968\" \/>\n<meta property=\"og:locale\" content=\"hu_HU\" \/>\n<meta property=\"og:type\" content=\"article\" \/>\n<meta property=\"og:title\" content=\"ANY\u00c1M MES\u00c9LT! - Bozsogi Attila\" \/>\n<meta property=\"og:description\" content=\"ANY\u00c1M MES\u00c9LT! Gyermekkoromnak eml\u00e9ke,Mesevil\u00e1g ismerete.\u00c9desany\u00e1m kedves arca,Megjelenik mosolyogva. Lestem egykor minden szav\u00e1t,Felid\u00e9zem mond\u00f3k\u00e1j\u00e1t.\u00c1gyam sz\u00e9l\u00e9n \u00fcld\u00f6g\u00e9lve,Mes\u00e9t mondott, estelente. Most is hallom, minden szav\u00e1t,K\u00f6vetem a gondolat\u00e1t.B\u00e1r az \u00e9vek m\u00e1r elsz\u00e1lltak,De az eml\u00e9k \u00f6r\u00f6k maradt. T\u00f6rt\u00e9nete elvar\u00e1zsolt,Csod\u00e1s helyre kalauzolt.\u00d3ri\u00e1sok f\u00f6ldj\u00e9n j\u00e1rtam,Szikl\u00e1ik k\u00f6zt barangoltam. Vizet facsartak k\u00f6vekb\u0151l,K\u00f6nnyed\u00e9n, \u00e9s nem er\u0151b\u0151l.M\u00e1snap \u00e9n is pr\u00f3b\u00e1lgattam,Szomor\u00faan cs\u0151d\u00f6t mondtam. Panaszkodtam j\u00f3 any\u00e1mnak,Kudarcomr\u00f3l kifaggattam.Kacaja ... Olvass tov\u00e1bb\" \/>\n<meta property=\"og:url\" content=\"https:\/\/bozsogiattila.hu\/?p=968\" \/>\n<meta property=\"og:site_name\" content=\"Bozsogi Attila\" \/>\n<meta property=\"article:published_time\" content=\"2016-06-21T14:57:00+00:00\" \/>\n<meta property=\"article:modified_time\" content=\"2024-01-08T14:59:00+00:00\" \/>\n<meta name=\"author\" content=\"Bozsogi Attila\" \/>\n<meta name=\"twitter:card\" content=\"summary_large_image\" \/>\n<meta name=\"twitter:label1\" content=\"Szerz\u0151:\" \/>\n\t<meta name=\"twitter:data1\" content=\"Bozsogi Attila\" \/>\n\t<meta name=\"twitter:label2\" content=\"Becs\u00fclt olvas\u00e1si id\u0151\" \/>\n\t<meta name=\"twitter:data2\" content=\"2 perc\" \/>\n<script type=\"application\/ld+json\" class=\"yoast-schema-graph\">{\"@context\":\"https:\/\/schema.org\",\"@graph\":[{\"@type\":\"WebPage\",\"@id\":\"https:\/\/bozsogiattila.hu\/?p=968\",\"url\":\"https:\/\/bozsogiattila.hu\/?p=968\",\"name\":\"ANY\u00c1M MES\u00c9LT! - Bozsogi Attila\",\"isPartOf\":{\"@id\":\"https:\/\/bozsogiattila.hu\/#website\"},\"datePublished\":\"2016-06-21T14:57:00+00:00\",\"dateModified\":\"2024-01-08T14:59:00+00:00\",\"author\":{\"@id\":\"https:\/\/bozsogiattila.hu\/#\/schema\/person\/488c99f554a8c4039201260dd5eb795e\"},\"breadcrumb\":{\"@id\":\"https:\/\/bozsogiattila.hu\/?p=968#breadcrumb\"},\"inLanguage\":\"hu\",\"potentialAction\":[{\"@type\":\"ReadAction\",\"target\":[\"https:\/\/bozsogiattila.hu\/?p=968\"]}]},{\"@type\":\"BreadcrumbList\",\"@id\":\"https:\/\/bozsogiattila.hu\/?p=968#breadcrumb\",\"itemListElement\":[{\"@type\":\"ListItem\",\"position\":1,\"name\":\"Kezd\u0151lap\",\"item\":\"https:\/\/bozsogiattila.hu\/\"},{\"@type\":\"ListItem\",\"position\":2,\"name\":\"ANY\u00c1M MES\u00c9LT!\"}]},{\"@type\":\"WebSite\",\"@id\":\"https:\/\/bozsogiattila.hu\/#website\",\"url\":\"https:\/\/bozsogiattila.hu\/\",\"name\":\"Bozsogi Attila\",\"description\":\"a zen\u00e9sz, \u00edr\u00f3 munk\u00e1ss\u00e1g\u00e1nak \u00e9s a mak\u00f3i muzsikusok eml\u00e9k\u00e9t \u0151rz\u0151 oldal\",\"potentialAction\":[{\"@type\":\"SearchAction\",\"target\":{\"@type\":\"EntryPoint\",\"urlTemplate\":\"https:\/\/bozsogiattila.hu\/?s={search_term_string}\"},\"query-input\":\"required name=search_term_string\"}],\"inLanguage\":\"hu\"},{\"@type\":\"Person\",\"@id\":\"https:\/\/bozsogiattila.hu\/#\/schema\/person\/488c99f554a8c4039201260dd5eb795e\",\"name\":\"Bozsogi Attila\",\"image\":{\"@type\":\"ImageObject\",\"inLanguage\":\"hu\",\"@id\":\"https:\/\/bozsogiattila.hu\/#\/schema\/person\/image\/\",\"url\":\"https:\/\/secure.gravatar.com\/avatar\/7da6b5985e34ed798d1670c54ce7d20e6a53b800bb0c07945c64b09392f3dbfd?s=96&d=mm&r=g\",\"contentUrl\":\"https:\/\/secure.gravatar.com\/avatar\/7da6b5985e34ed798d1670c54ce7d20e6a53b800bb0c07945c64b09392f3dbfd?s=96&d=mm&r=g\",\"caption\":\"Bozsogi Attila\"},\"sameAs\":[\"http:\/\/www.boszogiattila.hu\"],\"url\":\"https:\/\/bozsogiattila.hu\/?author=3\"}]}<\/script>\n<!-- \/ Yoast SEO plugin. -->","yoast_head_json":{"title":"ANY\u00c1M MES\u00c9LT! - Bozsogi Attila","robots":{"index":"index","follow":"follow","max-snippet":"max-snippet:-1","max-image-preview":"max-image-preview:large","max-video-preview":"max-video-preview:-1"},"canonical":"https:\/\/bozsogiattila.hu\/?p=968","og_locale":"hu_HU","og_type":"article","og_title":"ANY\u00c1M MES\u00c9LT! - Bozsogi Attila","og_description":"ANY\u00c1M MES\u00c9LT! Gyermekkoromnak eml\u00e9ke,Mesevil\u00e1g ismerete.\u00c9desany\u00e1m kedves arca,Megjelenik mosolyogva. Lestem egykor minden szav\u00e1t,Felid\u00e9zem mond\u00f3k\u00e1j\u00e1t.\u00c1gyam sz\u00e9l\u00e9n \u00fcld\u00f6g\u00e9lve,Mes\u00e9t mondott, estelente. Most is hallom, minden szav\u00e1t,K\u00f6vetem a gondolat\u00e1t.B\u00e1r az \u00e9vek m\u00e1r elsz\u00e1lltak,De az eml\u00e9k \u00f6r\u00f6k maradt. T\u00f6rt\u00e9nete elvar\u00e1zsolt,Csod\u00e1s helyre kalauzolt.\u00d3ri\u00e1sok f\u00f6ldj\u00e9n j\u00e1rtam,Szikl\u00e1ik k\u00f6zt barangoltam. Vizet facsartak k\u00f6vekb\u0151l,K\u00f6nnyed\u00e9n, \u00e9s nem er\u0151b\u0151l.M\u00e1snap \u00e9n is pr\u00f3b\u00e1lgattam,Szomor\u00faan cs\u0151d\u00f6t mondtam. Panaszkodtam j\u00f3 any\u00e1mnak,Kudarcomr\u00f3l kifaggattam.Kacaja ... Olvass tov\u00e1bb","og_url":"https:\/\/bozsogiattila.hu\/?p=968","og_site_name":"Bozsogi Attila","article_published_time":"2016-06-21T14:57:00+00:00","article_modified_time":"2024-01-08T14:59:00+00:00","author":"Bozsogi Attila","twitter_card":"summary_large_image","twitter_misc":{"Szerz\u0151:":"Bozsogi Attila","Becs\u00fclt olvas\u00e1si id\u0151":"2 perc"},"schema":{"@context":"https:\/\/schema.org","@graph":[{"@type":"WebPage","@id":"https:\/\/bozsogiattila.hu\/?p=968","url":"https:\/\/bozsogiattila.hu\/?p=968","name":"ANY\u00c1M MES\u00c9LT! - Bozsogi Attila","isPartOf":{"@id":"https:\/\/bozsogiattila.hu\/#website"},"datePublished":"2016-06-21T14:57:00+00:00","dateModified":"2024-01-08T14:59:00+00:00","author":{"@id":"https:\/\/bozsogiattila.hu\/#\/schema\/person\/488c99f554a8c4039201260dd5eb795e"},"breadcrumb":{"@id":"https:\/\/bozsogiattila.hu\/?p=968#breadcrumb"},"inLanguage":"hu","potentialAction":[{"@type":"ReadAction","target":["https:\/\/bozsogiattila.hu\/?p=968"]}]},{"@type":"BreadcrumbList","@id":"https:\/\/bozsogiattila.hu\/?p=968#breadcrumb","itemListElement":[{"@type":"ListItem","position":1,"name":"Kezd\u0151lap","item":"https:\/\/bozsogiattila.hu\/"},{"@type":"ListItem","position":2,"name":"ANY\u00c1M MES\u00c9LT!"}]},{"@type":"WebSite","@id":"https:\/\/bozsogiattila.hu\/#website","url":"https:\/\/bozsogiattila.hu\/","name":"Bozsogi Attila","description":"a zen\u00e9sz, \u00edr\u00f3 munk\u00e1ss\u00e1g\u00e1nak \u00e9s a mak\u00f3i muzsikusok eml\u00e9k\u00e9t \u0151rz\u0151 oldal","potentialAction":[{"@type":"SearchAction","target":{"@type":"EntryPoint","urlTemplate":"https:\/\/bozsogiattila.hu\/?s={search_term_string}"},"query-input":"required name=search_term_string"}],"inLanguage":"hu"},{"@type":"Person","@id":"https:\/\/bozsogiattila.hu\/#\/schema\/person\/488c99f554a8c4039201260dd5eb795e","name":"Bozsogi Attila","image":{"@type":"ImageObject","inLanguage":"hu","@id":"https:\/\/bozsogiattila.hu\/#\/schema\/person\/image\/","url":"https:\/\/secure.gravatar.com\/avatar\/7da6b5985e34ed798d1670c54ce7d20e6a53b800bb0c07945c64b09392f3dbfd?s=96&d=mm&r=g","contentUrl":"https:\/\/secure.gravatar.com\/avatar\/7da6b5985e34ed798d1670c54ce7d20e6a53b800bb0c07945c64b09392f3dbfd?s=96&d=mm&r=g","caption":"Bozsogi Attila"},"sameAs":["http:\/\/www.boszogiattila.hu"],"url":"https:\/\/bozsogiattila.hu\/?author=3"}]}},"jetpack_featured_media_url":"","_links":{"self":[{"href":"https:\/\/bozsogiattila.hu\/index.php?rest_route=\/wp\/v2\/posts\/968","targetHints":{"allow":["GET"]}}],"collection":[{"href":"https:\/\/bozsogiattila.hu\/index.php?rest_route=\/wp\/v2\/posts"}],"about":[{"href":"https:\/\/bozsogiattila.hu\/index.php?rest_route=\/wp\/v2\/types\/post"}],"author":[{"embeddable":true,"href":"https:\/\/bozsogiattila.hu\/index.php?rest_route=\/wp\/v2\/users\/3"}],"replies":[{"embeddable":true,"href":"https:\/\/bozsogiattila.hu\/index.php?rest_route=%2Fwp%2Fv2%2Fcomments&post=968"}],"version-history":[{"count":1,"href":"https:\/\/bozsogiattila.hu\/index.php?rest_route=\/wp\/v2\/posts\/968\/revisions"}],"predecessor-version":[{"id":969,"href":"https:\/\/bozsogiattila.hu\/index.php?rest_route=\/wp\/v2\/posts\/968\/revisions\/969"}],"wp:attachment":[{"href":"https:\/\/bozsogiattila.hu\/index.php?rest_route=%2Fwp%2Fv2%2Fmedia&parent=968"}],"wp:term":[{"taxonomy":"category","embeddable":true,"href":"https:\/\/bozsogiattila.hu\/index.php?rest_route=%2Fwp%2Fv2%2Fcategories&post=968"},{"taxonomy":"post_tag","embeddable":true,"href":"https:\/\/bozsogiattila.hu\/index.php?rest_route=%2Fwp%2Fv2%2Ftags&post=968"}],"curies":[{"name":"wp","href":"https:\/\/api.w.org\/{rel}","templated":true}]}}